{"id":8462,"date":"2021-07-29T10:21:16","date_gmt":"2021-07-29T17:21:16","guid":{"rendered":"https:\/\/fuentesfidedignas.com.mx\/?p=8462"},"modified":"2021-07-29T10:21:17","modified_gmt":"2021-07-29T17:21:17","slug":"seran-liberadas-personas-presas-por-mas-de-10-anos-por-delitos-menores-y-sin-sentencia-amlo","status":"publish","type":"post","link":"https:\/\/fuentesfidedignas.com.mx\/index.php\/2021\/07\/29\/seran-liberadas-personas-presas-por-mas-de-10-anos-por-delitos-menores-y-sin-sentencia-amlo\/","title":{"rendered":"Ser\u00e1n liberadas personas presas por m\u00e1s de 10 a\u00f1os por delitos menores y sin sentencia: AMLO"},"content":{"rendered":"\n<p>La medida alcanzar\u00e1 a los adultos mayores de 65 a\u00f1os que tengan alguna enfermedad y a los de 75 a\u00f1os. Estos \u00faltimos podr\u00e1n terminar su sentencia en prisi\u00f3n domiciliaria.<\/p>\n\n\n\n<p>CIUDAD DE M\u00c9XICO (apro).- La secretaria de Gobernaci\u00f3n, Olga S\u00e1nchez Cordero anunci\u00f3 la elaboraci\u00f3n de un decreto presidencial para excarcelar a personas que fueron v\u00edctimas de tortura y quienes sigan presos en penales federales sin recibir sentencia.<\/p>\n\n\n\n<p>As\u00ed como el beneficio de prisi\u00f3n domiciliaria para internos mayores de 65 a 70 a\u00f1os, que presenten enfermedades cr\u00f3nico degenerativas y se encuentren en situaci\u00f3n de vulnerabilidad, explic\u00f3.<\/p>\n\n\n\n<p>En la conferencia ma\u00f1anera, el presidente Andr\u00e9s Manuel L\u00f3pez Obrador dijo que el decreto deber\u00e1 quedar listo en los pr\u00f3ximos d\u00edas para entrar en vigor el 15 de septiembre de este a\u00f1o.<\/p>\n\n\n\n<p>Al respecto, S\u00e1nchez Cordero detall\u00f3 que el proyecto encargado a la Secretar\u00eda a su cargo tiene que ver con muchas razones, entre ellas el hecho de que \u201cno es posible\u201d que se tenga una dilaci\u00f3n en la administraci\u00f3n de justicia de tal manera que exista una poblaci\u00f3n privada de su libertad sin sentencia definitiva&nbsp;<\/p>\n\n\n\n<p>ambi\u00e9n, atribuy\u00f3 este caso a la actuaci\u00f3n de abogados defensores de inculpados, quienes \u201cen muchas ocasiones\u201d&nbsp;interponen recursos que est\u00e1n a su alcance procesal y dilata la resoluci\u00f3n de los jueces.&nbsp;<\/p>\n\n\n\n<p>El decreto, puntualiz\u00f3, se enfoca en que toda la poblaci\u00f3n penitenciaria que tenga m\u00e1s de 75 a\u00f1os, podr\u00e1 solicitar al juez de ejecuci\u00f3n que les conceda la excarcelaci\u00f3n y gozar del beneficio de la prisi\u00f3n domiciliaria.&nbsp;<\/p>\n\n\n\n<p>Incluso, record\u00f3 que el C\u00f3digo Nacional de Procedimientos Penales establece con precisi\u00f3n que los mayores de 70 a\u00f1os obtengan el beneficio de la prisi\u00f3n domiciliaria.&nbsp;<\/p>\n\n\n\n<p>En el caso de los mayores de 65 a\u00f1os, el decreto tambi\u00e9n les permitir\u00e1 alcanzar el beneficio de prisi\u00f3n domiciliaria, en caso de que padezcan enfermedades cr\u00f3nico degenerativas y por su condici\u00f3n de vulnerabilidad.&nbsp;<\/p>\n\n\n\n<p>Sobre los internos que aleguen tortura, la excarcelaci\u00f3n se va a aprobar en caso de que se compruebe el delito, a trav\u00e9s del protocolo de Estambul.<\/p>\n\n\n\n<p><strong><em>\u201cEn este gobierno no se puede permitir ning\u00fan caso de tortura para obtener una confesi\u00f3n y menos al interior de un penal\u201d, advirti\u00f3 la funcionaria federal.<\/em><\/strong><\/p>\n\n\n\n<p><strong>Poblaci\u00f3n carcelaria<\/strong><\/p>\n\n\n\n<p>La poblaci\u00f3n privada de su libertad en el pa\u00eds suma 220 mil 114 internos en c\u00e1rceles estatales y federales, de los cuales 94 mil 547 no tienen sentencia y 125 mil 567 ya fueron sentenciados, seg\u00fan el informe presentado esta ma\u00f1ana por S\u00e1nchez Cordero.<\/p>\n\n\n\n<p>El reporte oficial indica que, de la poblaci\u00f3n sentenciada, que representa el 57% del total de la poblaci\u00f3n carcelaria, el 83% son hombres y 17% mujeres.<\/p>\n\n\n\n<p>Mientras la poblaci\u00f3n no sentenciada, que representa el 43%, el 93% son hombres y siete por ciento mujeres.<\/p>\n\n\n\n<p>El Resumen de Poblaci\u00f3n Privada de la Libertad se\u00f1ala que de la poblaci\u00f3n no sentenciada (94 mil 547 personas): 82 mil 189 internos est\u00e1n por delitos del fuero com\u00fan, es decir, el 87% y 12 mil 358 internos, el 13%, por delitos del fuero federal.<\/p>\n\n\n\n<p>Adem\u00e1s, el 92%, es decir, 87 mil 269 internos est\u00e1n en c\u00e1rceles estatales y el ocho por ciento, siete mil 278 personas, en penales federales.<\/p>\n\n\n\n<p>Mientras la carga laboral de tr\u00e1mites y servicios atendidos, se desglosa de la siguiente manera: 31 millones de casos se desarrollan en Tribunales Superiores de Justicia estatal y 2.4 millones de expedientes en el Poder Judicial de la Federaci\u00f3n, indica el reporte presentado.<\/p>\n","protected":false},"excerpt":{"rendered":"<p>La medida alcanzar\u00e1 a los adultos mayores de 65 a\u00f1os que tengan alguna enfermedad y a los de 75 a\u00f1os. Estos \u00faltimos podr\u00e1n terminar su sentencia en prisi\u00f3n domiciliaria. CIUDAD DE M\u00c9XICO (apro).- La secretaria de Gobernaci\u00f3n, Olga S\u00e1nchez Cordero anunci\u00f3 la elaboraci\u00f3n de un decreto presidencial para excarcelar a personas que fueron v\u00edctimas de [&hellip;]<\/p>\n","protected":false},"author":50,"featured_media":0,"comment_status":"open","ping_status":"open","sticky":false,"template":"","format":"standard","meta":{"tdm_status":"","tdm_grid_status":"","footnotes":""},"categories":[39],"tags":[1506,1507],"class_list":{"0":"post-8462","1":"post","2":"type-post","3":"status-publish","4":"format-standard","6":"category-noticias-nacionales","7":"tag-liberar","8":"tag-reos"},"yoast_head":"<!-- This site is optimized with the Yoast SEO plugin v27.5 - https:\/\/yoast.com\/product\/yoast-seo-wordpress\/ -->\n<title>Ser\u00e1n liberadas personas presas por m\u00e1s de 10 a\u00f1os por delitos menores y sin sentencia: AMLO - Fuentes Fidedignas<\/title>\n<meta name=\"robots\" content=\"index, follow, max-snippet:-1, max-image-preview:large, max-video-preview:-1\" \/>\n<link rel=\"canonical\" href=\"https:\/\/fuentesfidedignas.com.mx\/index.php\/2021\/07\/29\/seran-liberadas-personas-presas-por-mas-de-10-anos-por-delitos-menores-y-sin-sentencia-amlo\/\" \/>\n<meta property=\"og:locale\" content=\"es_MX\" \/>\n<meta property=\"og:type\" content=\"article\" \/>\n<meta property=\"og:title\" content=\"Ser\u00e1n liberadas personas presas por m\u00e1s de 10 a\u00f1os por delitos menores y sin sentencia: AMLO - Fuentes Fidedignas\" \/>\n<meta property=\"og:description\" content=\"La medida alcanzar\u00e1 a los adultos mayores de 65 a\u00f1os que tengan alguna enfermedad y a los de 75 a\u00f1os. Estos \u00faltimos podr\u00e1n terminar su sentencia en prisi\u00f3n domiciliaria. CIUDAD DE M\u00c9XICO (apro).- La secretaria de Gobernaci\u00f3n, Olga S\u00e1nchez Cordero anunci\u00f3 la elaboraci\u00f3n de un decreto presidencial para excarcelar a personas que fueron v\u00edctimas de [&hellip;]\" \/>\n<meta property=\"og:url\" content=\"https:\/\/fuentesfidedignas.com.mx\/index.php\/2021\/07\/29\/seran-liberadas-personas-presas-por-mas-de-10-anos-por-delitos-menores-y-sin-sentencia-amlo\/\" \/>\n<meta property=\"og:site_name\" content=\"Fuentes Fidedignas\" \/>\n<meta property=\"article:publisher\" content=\"https:\/\/www.facebook.com\/Fuentes-Fidedignas-368234489921644\" \/>\n<meta property=\"article:published_time\" content=\"2021-07-29T17:21:16+00:00\" \/>\n<meta property=\"article:modified_time\" content=\"2021-07-29T17:21:17+00:00\" \/>\n<meta property=\"og:image\" content=\"https:\/\/fuentesfidedignas.com.mx\/wp-content\/uploads\/2021\/07\/carcel.jpeg\" \/>\n\t<meta property=\"og:image:width\" content=\"800\" \/>\n\t<meta property=\"og:image:height\" content=\"450\" \/>\n\t<meta property=\"og:image:type\" content=\"image\/jpeg\" \/>\n<meta name=\"author\" content=\"Proceso\" \/>\n<meta name=\"twitter:card\" content=\"summary_large_image\" \/>\n<meta name=\"twitter:creator\" content=\"@fidedignas\" \/>\n<meta name=\"twitter:site\" content=\"@fidedignas\" \/>\n<meta name=\"twitter:label1\" content=\"Escrito por\" \/>\n\t<meta name=\"twitter:data1\" content=\"Proceso\" \/>\n\t<meta name=\"twitter:label2\" content=\"Tiempo de lectura\" \/>\n\t<meta name=\"twitter:data2\" content=\"3 minutos\" \/>\n<script type=\"application\/ld+json\" class=\"yoast-schema-graph\">{\"@context\":\"https:\\\/\\\/schema.org\",\"@graph\":[{\"@type\":\"Article\",\"@id\":\"https:\\\/\\\/fuentesfidedignas.com.mx\\\/index.php\\\/2021\\\/07\\\/29\\\/seran-liberadas-personas-presas-por-mas-de-10-anos-por-delitos-menores-y-sin-sentencia-amlo\\\/#article\",\"isPartOf\":{\"@id\":\"https:\\\/\\\/fuentesfidedignas.com.mx\\\/index.php\\\/2021\\\/07\\\/29\\\/seran-liberadas-personas-presas-por-mas-de-10-anos-por-delitos-menores-y-sin-sentencia-amlo\\\/\"},\"author\":{\"name\":\"Proceso\",\"@id\":\"https:\\\/\\\/fuentesfidedignas.com.mx\\\/#\\\/schema\\\/person\\\/eb72247ff123b3ce5e4cadc7f50ae372\"},\"headline\":\"Ser\u00e1n liberadas personas presas por m\u00e1s de 10 a\u00f1os por delitos menores y sin sentencia: AMLO\",\"datePublished\":\"2021-07-29T17:21:16+00:00\",\"dateModified\":\"2021-07-29T17:21:17+00:00\",\"mainEntityOfPage\":{\"@id\":\"https:\\\/\\\/fuentesfidedignas.com.mx\\\/index.php\\\/2021\\\/07\\\/29\\\/seran-liberadas-personas-presas-por-mas-de-10-anos-por-delitos-menores-y-sin-sentencia-amlo\\\/\"},\"wordCount\":620,\"commentCount\":0,\"publisher\":{\"@id\":\"https:\\\/\\\/fuentesfidedignas.com.mx\\\/#organization\"},\"keywords\":[\"liberar\",\"reos\"],\"articleSection\":[\"NOTICIAS NACIONALES\"],\"inLanguage\":\"es\",\"potentialAction\":[{\"@type\":\"CommentAction\",\"name\":\"Comment\",\"target\":[\"https:\\\/\\\/fuentesfidedignas.com.mx\\\/index.php\\\/2021\\\/07\\\/29\\\/seran-liberadas-personas-presas-por-mas-de-10-anos-por-delitos-menores-y-sin-sentencia-amlo\\\/#respond\"]}]},{\"@type\":\"WebPage\",\"@id\":\"https:\\\/\\\/fuentesfidedignas.com.mx\\\/index.php\\\/2021\\\/07\\\/29\\\/seran-liberadas-personas-presas-por-mas-de-10-anos-por-delitos-menores-y-sin-sentencia-amlo\\\/\",\"url\":\"https:\\\/\\\/fuentesfidedignas.com.mx\\\/index.php\\\/2021\\\/07\\\/29\\\/seran-liberadas-personas-presas-por-mas-de-10-anos-por-delitos-menores-y-sin-sentencia-amlo\\\/\",\"name\":\"Ser\u00e1n liberadas personas presas por m\u00e1s de 10 a\u00f1os por delitos menores y sin sentencia: AMLO - Fuentes Fidedignas\",\"isPartOf\":{\"@id\":\"https:\\\/\\\/fuentesfidedignas.com.mx\\\/#website\"},\"datePublished\":\"2021-07-29T17:21:16+00:00\",\"dateModified\":\"2021-07-29T17:21:17+00:00\",\"breadcrumb\":{\"@id\":\"https:\\\/\\\/fuentesfidedignas.com.mx\\\/index.php\\\/2021\\\/07\\\/29\\\/seran-liberadas-personas-presas-por-mas-de-10-anos-por-delitos-menores-y-sin-sentencia-amlo\\\/#breadcrumb\"},\"inLanguage\":\"es\",\"potentialAction\":[{\"@type\":\"ReadAction\",\"target\":[\"https:\\\/\\\/fuentesfidedignas.com.mx\\\/index.php\\\/2021\\\/07\\\/29\\\/seran-liberadas-personas-presas-por-mas-de-10-anos-por-delitos-menores-y-sin-sentencia-amlo\\\/\"]}]},{\"@type\":\"BreadcrumbList\",\"@id\":\"https:\\\/\\\/fuentesfidedignas.com.mx\\\/index.php\\\/2021\\\/07\\\/29\\\/seran-liberadas-personas-presas-por-mas-de-10-anos-por-delitos-menores-y-sin-sentencia-amlo\\\/#breadcrumb\",\"itemListElement\":[{\"@type\":\"ListItem\",\"position\":1,\"name\":\"Inicio\",\"item\":\"https:\\\/\\\/fuentesfidedignas.com.mx\\\/\"},{\"@type\":\"ListItem\",\"position\":2,\"name\":\"Ser\u00e1n liberadas personas presas por m\u00e1s de 10 a\u00f1os por delitos menores y sin sentencia: AMLO\"}]},{\"@type\":\"WebSite\",\"@id\":\"https:\\\/\\\/fuentesfidedignas.com.mx\\\/#website\",\"url\":\"https:\\\/\\\/fuentesfidedignas.com.mx\\\/\",\"name\":\"Fuentes Fidedignas\",\"description\":\"Otro sitio realizado con WordPress\",\"publisher\":{\"@id\":\"https:\\\/\\\/fuentesfidedignas.com.mx\\\/#organization\"},\"potentialAction\":[{\"@type\":\"SearchAction\",\"target\":{\"@type\":\"EntryPoint\",\"urlTemplate\":\"https:\\\/\\\/fuentesfidedignas.com.mx\\\/?s={search_term_string}\"},\"query-input\":{\"@type\":\"PropertyValueSpecification\",\"valueRequired\":true,\"valueName\":\"search_term_string\"}}],\"inLanguage\":\"es\"},{\"@type\":\"Organization\",\"@id\":\"https:\\\/\\\/fuentesfidedignas.com.mx\\\/#organization\",\"name\":\"Fuentes Fidedignas\",\"url\":\"https:\\\/\\\/fuentesfidedignas.com.mx\\\/\",\"logo\":{\"@type\":\"ImageObject\",\"inLanguage\":\"es\",\"@id\":\"https:\\\/\\\/fuentesfidedignas.com.mx\\\/#\\\/schema\\\/logo\\\/image\\\/\",\"url\":\"https:\\\/\\\/fuentesfidedignas.com.mx\\\/wp-content\\\/uploads\\\/2021\\\/04\\\/logo-retina.png\",\"contentUrl\":\"https:\\\/\\\/fuentesfidedignas.com.mx\\\/wp-content\\\/uploads\\\/2021\\\/04\\\/logo-retina.png\",\"width\":280,\"height\":51,\"caption\":\"Fuentes Fidedignas\"},\"image\":{\"@id\":\"https:\\\/\\\/fuentesfidedignas.com.mx\\\/#\\\/schema\\\/logo\\\/image\\\/\"},\"sameAs\":[\"https:\\\/\\\/www.facebook.com\\\/Fuentes-Fidedignas-368234489921644\",\"https:\\\/\\\/x.com\\\/fidedignas\"]},{\"@type\":\"Person\",\"@id\":\"https:\\\/\\\/fuentesfidedignas.com.mx\\\/#\\\/schema\\\/person\\\/eb72247ff123b3ce5e4cadc7f50ae372\",\"name\":\"Proceso\",\"image\":{\"@type\":\"ImageObject\",\"inLanguage\":\"es\",\"@id\":\"https:\\\/\\\/secure.gravatar.com\\\/avatar\\\/0bb01ecb091d50a46122cbe5cc32ffea15a000f83628f1e40458e669d38ff2cd?s=96&d=mm&r=g\",\"url\":\"https:\\\/\\\/secure.gravatar.com\\\/avatar\\\/0bb01ecb091d50a46122cbe5cc32ffea15a000f83628f1e40458e669d38ff2cd?s=96&d=mm&r=g\",\"contentUrl\":\"https:\\\/\\\/secure.gravatar.com\\\/avatar\\\/0bb01ecb091d50a46122cbe5cc32ffea15a000f83628f1e40458e669d38ff2cd?s=96&d=mm&r=g\",\"caption\":\"Proceso\"},\"url\":\"https:\\\/\\\/fuentesfidedignas.com.mx\\\/index.php\\\/author\\\/proceso\\\/\"}]}<\/script>\n<!-- \/ Yoast SEO plugin. -->","yoast_head_json":{"title":"Ser\u00e1n liberadas personas presas por m\u00e1s de 10 a\u00f1os por delitos menores y sin sentencia: AMLO - Fuentes Fidedignas","robots":{"index":"index","follow":"follow","max-snippet":"max-snippet:-1","max-image-preview":"max-image-preview:large","max-video-preview":"max-video-preview:-1"},"canonical":"https:\/\/fuentesfidedignas.com.mx\/index.php\/2021\/07\/29\/seran-liberadas-personas-presas-por-mas-de-10-anos-por-delitos-menores-y-sin-sentencia-amlo\/","og_locale":"es_MX","og_type":"article","og_title":"Ser\u00e1n liberadas personas presas por m\u00e1s de 10 a\u00f1os por delitos menores y sin sentencia: AMLO - Fuentes Fidedignas","og_description":"La medida alcanzar\u00e1 a los adultos mayores de 65 a\u00f1os que tengan alguna enfermedad y a los de 75 a\u00f1os. Estos \u00faltimos podr\u00e1n terminar su sentencia en prisi\u00f3n domiciliaria. CIUDAD DE M\u00c9XICO (apro).- La secretaria de Gobernaci\u00f3n, Olga S\u00e1nchez Cordero anunci\u00f3 la elaboraci\u00f3n de un decreto presidencial para excarcelar a personas que fueron v\u00edctimas de [&hellip;]","og_url":"https:\/\/fuentesfidedignas.com.mx\/index.php\/2021\/07\/29\/seran-liberadas-personas-presas-por-mas-de-10-anos-por-delitos-menores-y-sin-sentencia-amlo\/","og_site_name":"Fuentes Fidedignas","article_publisher":"https:\/\/www.facebook.com\/Fuentes-Fidedignas-368234489921644","article_published_time":"2021-07-29T17:21:16+00:00","article_modified_time":"2021-07-29T17:21:17+00:00","og_image":[{"width":800,"height":450,"url":"https:\/\/fuentesfidedignas.com.mx\/wp-content\/uploads\/2021\/07\/carcel.jpeg","type":"image\/jpeg"}],"author":"Proceso","twitter_card":"summary_large_image","twitter_creator":"@fidedignas","twitter_site":"@fidedignas","twitter_misc":{"Escrito por":"Proceso","Tiempo de lectura":"3 minutos"},"schema":{"@context":"https:\/\/schema.org","@graph":[{"@type":"Article","@id":"https:\/\/fuentesfidedignas.com.mx\/index.php\/2021\/07\/29\/seran-liberadas-personas-presas-por-mas-de-10-anos-por-delitos-menores-y-sin-sentencia-amlo\/#article","isPartOf":{"@id":"https:\/\/fuentesfidedignas.com.mx\/index.php\/2021\/07\/29\/seran-liberadas-personas-presas-por-mas-de-10-anos-por-delitos-menores-y-sin-sentencia-amlo\/"},"author":{"name":"Proceso","@id":"https:\/\/fuentesfidedignas.com.mx\/#\/schema\/person\/eb72247ff123b3ce5e4cadc7f50ae372"},"headline":"Ser\u00e1n liberadas personas presas por m\u00e1s de 10 a\u00f1os por delitos menores y sin sentencia: AMLO","datePublished":"2021-07-29T17:21:16+00:00","dateModified":"2021-07-29T17:21:17+00:00","mainEntityOfPage":{"@id":"https:\/\/fuentesfidedignas.com.mx\/index.php\/2021\/07\/29\/seran-liberadas-personas-presas-por-mas-de-10-anos-por-delitos-menores-y-sin-sentencia-amlo\/"},"wordCount":620,"commentCount":0,"publisher":{"@id":"https:\/\/fuentesfidedignas.com.mx\/#organization"},"keywords":["liberar","reos"],"articleSection":["NOTICIAS NACIONALES"],"inLanguage":"es","potentialAction":[{"@type":"CommentAction","name":"Comment","target":["https:\/\/fuentesfidedignas.com.mx\/index.php\/2021\/07\/29\/seran-liberadas-personas-presas-por-mas-de-10-anos-por-delitos-menores-y-sin-sentencia-amlo\/#respond"]}]},{"@type":"WebPage","@id":"https:\/\/fuentesfidedignas.com.mx\/index.php\/2021\/07\/29\/seran-liberadas-personas-presas-por-mas-de-10-anos-por-delitos-menores-y-sin-sentencia-amlo\/","url":"https:\/\/fuentesfidedignas.com.mx\/index.php\/2021\/07\/29\/seran-liberadas-personas-presas-por-mas-de-10-anos-por-delitos-menores-y-sin-sentencia-amlo\/","name":"Ser\u00e1n liberadas personas presas por m\u00e1s de 10 a\u00f1os por delitos menores y sin sentencia: AMLO - Fuentes Fidedignas","isPartOf":{"@id":"https:\/\/fuentesfidedignas.com.mx\/#website"},"datePublished":"2021-07-29T17:21:16+00:00","dateModified":"2021-07-29T17:21:17+00:00","breadcrumb":{"@id":"https:\/\/fuentesfidedignas.com.mx\/index.php\/2021\/07\/29\/seran-liberadas-personas-presas-por-mas-de-10-anos-por-delitos-menores-y-sin-sentencia-amlo\/#breadcrumb"},"inLanguage":"es","potentialAction":[{"@type":"ReadAction","target":["https:\/\/fuentesfidedignas.com.mx\/index.php\/2021\/07\/29\/seran-liberadas-personas-presas-por-mas-de-10-anos-por-delitos-menores-y-sin-sentencia-amlo\/"]}]},{"@type":"BreadcrumbList","@id":"https:\/\/fuentesfidedignas.com.mx\/index.php\/2021\/07\/29\/seran-liberadas-personas-presas-por-mas-de-10-anos-por-delitos-menores-y-sin-sentencia-amlo\/#breadcrumb","itemListElement":[{"@type":"ListItem","position":1,"name":"Inicio","item":"https:\/\/fuentesfidedignas.com.mx\/"},{"@type":"ListItem","position":2,"name":"Ser\u00e1n liberadas personas presas por m\u00e1s de 10 a\u00f1os por delitos menores y sin sentencia: AMLO"}]},{"@type":"WebSite","@id":"https:\/\/fuentesfidedignas.com.mx\/#website","url":"https:\/\/fuentesfidedignas.com.mx\/","name":"Fuentes Fidedignas","description":"Otro sitio realizado con WordPress","publisher":{"@id":"https:\/\/fuentesfidedignas.com.mx\/#organization"},"potentialAction":[{"@type":"SearchAction","target":{"@type":"EntryPoint","urlTemplate":"https:\/\/fuentesfidedignas.com.mx\/?s={search_term_string}"},"query-input":{"@type":"PropertyValueSpecification","valueRequired":true,"valueName":"search_term_string"}}],"inLanguage":"es"},{"@type":"Organization","@id":"https:\/\/fuentesfidedignas.com.mx\/#organization","name":"Fuentes Fidedignas","url":"https:\/\/fuentesfidedignas.com.mx\/","logo":{"@type":"ImageObject","inLanguage":"es","@id":"https:\/\/fuentesfidedignas.com.mx\/#\/schema\/logo\/image\/","url":"https:\/\/fuentesfidedignas.com.mx\/wp-content\/uploads\/2021\/04\/logo-retina.png","contentUrl":"https:\/\/fuentesfidedignas.com.mx\/wp-content\/uploads\/2021\/04\/logo-retina.png","width":280,"height":51,"caption":"Fuentes Fidedignas"},"image":{"@id":"https:\/\/fuentesfidedignas.com.mx\/#\/schema\/logo\/image\/"},"sameAs":["https:\/\/www.facebook.com\/Fuentes-Fidedignas-368234489921644","https:\/\/x.com\/fidedignas"]},{"@type":"Person","@id":"https:\/\/fuentesfidedignas.com.mx\/#\/schema\/person\/eb72247ff123b3ce5e4cadc7f50ae372","name":"Proceso","image":{"@type":"ImageObject","inLanguage":"es","@id":"https:\/\/secure.gravatar.com\/avatar\/0bb01ecb091d50a46122cbe5cc32ffea15a000f83628f1e40458e669d38ff2cd?s=96&d=mm&r=g","url":"https:\/\/secure.gravatar.com\/avatar\/0bb01ecb091d50a46122cbe5cc32ffea15a000f83628f1e40458e669d38ff2cd?s=96&d=mm&r=g","contentUrl":"https:\/\/secure.gravatar.com\/avatar\/0bb01ecb091d50a46122cbe5cc32ffea15a000f83628f1e40458e669d38ff2cd?s=96&d=mm&r=g","caption":"Proceso"},"url":"https:\/\/fuentesfidedignas.com.mx\/index.php\/author\/proceso\/"}]}},"_links":{"self":[{"href":"https:\/\/fuentesfidedignas.com.mx\/index.php\/wp-json\/wp\/v2\/posts\/8462","targetHints":{"allow":["GET"]}}],"collection":[{"href":"https:\/\/fuentesfidedignas.com.mx\/index.php\/wp-json\/wp\/v2\/posts"}],"about":[{"href":"https:\/\/fuentesfidedignas.com.mx\/index.php\/wp-json\/wp\/v2\/types\/post"}],"author":[{"embeddable":true,"href":"https:\/\/fuentesfidedignas.com.mx\/index.php\/wp-json\/wp\/v2\/users\/50"}],"replies":[{"embeddable":true,"href":"https:\/\/fuentesfidedignas.com.mx\/index.php\/wp-json\/wp\/v2\/comments?post=8462"}],"version-history":[{"count":1,"href":"https:\/\/fuentesfidedignas.com.mx\/index.php\/wp-json\/wp\/v2\/posts\/8462\/revisions"}],"predecessor-version":[{"id":8464,"href":"https:\/\/fuentesfidedignas.com.mx\/index.php\/wp-json\/wp\/v2\/posts\/8462\/revisions\/8464"}],"wp:attachment":[{"href":"https:\/\/fuentesfidedignas.com.mx\/index.php\/wp-json\/wp\/v2\/media?parent=8462"}],"wp:term":[{"taxonomy":"category","embeddable":true,"href":"https:\/\/fuentesfidedignas.com.mx\/index.php\/wp-json\/wp\/v2\/categories?post=8462"},{"taxonomy":"post_tag","embeddable":true,"href":"https:\/\/fuentesfidedignas.com.mx\/index.php\/wp-json\/wp\/v2\/tags?post=8462"}],"curies":[{"name":"wp","href":"https:\/\/api.w.org\/{rel}","templated":true}]}}