{"id":84587,"date":"2024-06-20T14:00:23","date_gmt":"2024-06-20T21:00:23","guid":{"rendered":"https:\/\/fuentesfidedignas.com.mx\/?p=84587"},"modified":"2024-06-20T14:00:23","modified_gmt":"2024-06-20T21:00:23","slug":"quien-es-julio-berdegue-el-sinaloense-que-sera-secretario-de-agricultura","status":"publish","type":"post","link":"https:\/\/fuentesfidedignas.com.mx\/index.php\/2024\/06\/20\/quien-es-julio-berdegue-el-sinaloense-que-sera-secretario-de-agricultura\/","title":{"rendered":"\u00bfQui\u00e9n es Julio Berdegu\u00e9? El sinaloense que ser\u00e1 secretario de Agricultura"},"content":{"rendered":"\n<p><br><strong><em>La virtual presidenta electa hizo un reconocimiento a su trayectoria y dijo que se siente honrada de que aceptaran formar parte del segundo piso de la cuarta transformaci\u00f3n<\/em><\/strong><\/p>\n\n\n\n<p>Ciudad de M\u00e9xico.- Este jueves 20 de junio,&nbsp;<strong>Claudia Sheinbaum Pardo<\/strong>, virtual presidenta electa,&nbsp;<strong>present\u00f3 a&nbsp;<\/strong>los primeros seis altos cargos que la acompa\u00f1ar\u00e1n durante el proceso de transici\u00f3n y su sexenio. Entre uno de los seis primeros perfiles, anunci\u00f3 que&nbsp;<strong>Julio Berdegu\u00e9 Sacrist\u00e1n como titular de la Secretar\u00eda de Agricultura<\/strong>.<\/p>\n\n\n\n<p class=\"paragraph\">Durante la presentaci\u00f3n que hizo, Sheinbaum Pardo de los primeros seis miembros de su gabinete destac\u00f3 que todos \u201cson de primera\u201d, incluso dedic\u00f3 unos minutos para presentar un perfil, como prueba de por qu\u00e9 consideraba a cada uno de ellos para los cargos.<\/p>\n\n\n\n<h2 class=\"wp-block-heading header headline-class-h2\">\u00bfQui\u00e9n es Julio Berdegu\u00e9?<\/h2>\n\n\n\n<p class=\"paragraph\"><strong>Julio Berdegu\u00e9<\/strong>, pr\u00f3ximo secretario de Agricultura cuenta con una l<strong>arga formaci\u00f3n en materia de agricultura&nbsp;<\/strong>y adem\u00e1s en el&nbsp;<strong>campo profesional<\/strong>. Particip\u00f3 en el grupo de Di\u00e1logos por la Transformaci\u00f3n, y coordin\u00f3 el eje de desarrollo rural y soberan\u00eda alimentar\u00eda.<\/p>\n\n\n\n<p class=\"paragraph\">Cuenta con una amplia trayectoria en la promoci\u00f3n del desarrollo agr\u00edcola en M\u00e9xico, Am\u00e9rica Latina y el Caribe. Hasta 2022, fungi\u00f3 como&nbsp;<strong>Subdirector General y Representante Regional de la Organizaci\u00f3n<\/strong>de las Naciones Unidas para la Alimentaci\u00f3n y la Agricultura (FAO) para Am\u00e9rica Latina y el Caribe.<\/p>\n\n\n\n<p class=\"paragraph\">Entre 2004 y 2011 fue miembro y presidente de la Junta Directiva del Centro Internacional de Mejoramiento de Ma\u00edz y Trigo.<\/p>\n\n\n\n<p class=\"paragraph\">Asimismo, fue coordinador del Grupo de Trabajo sobre Desarrollo con Cohesi\u00f3n, Territorial, que re\u00fane a la fecha 12 proyectos y programas de investigaci\u00f3n aplicada, asesor\u00eda a gobiernos y desarrollo de capacidades, con operaciones en 11 pa\u00edses de Am\u00e9rica Latina.<\/p>\n\n\n\n<p class=\"paragraph\">Entre otros cargos, fu<strong>e coordinador del Centro Latinoamericano para el Desarrollo Rural, Santiago de Chile, desde 1999<\/strong>. Especialista en Generaci\u00f3n y Transferencia de Tecnolog\u00eda por el instituto Interamericano de Cooperaci\u00f3n para la Agricultura (IICA).<\/p>\n\n\n\n<h2 class=\"wp-block-heading header headline-class-h2\">\u00bfCu\u00e1l es el grado de estudios de Julio Berdegu\u00e9?<\/h2>\n\n\n\n<p class=\"paragraph\">En relaci\u00f3n a su preparaci\u00f3n acad\u00e9mica, Berdegu\u00e9 Sacrist\u00e1n es&nbsp;<strong>licenciado en Ciencias de la Agricultura por la Universidad de Arizona, Estados Unidos<\/strong>.<\/p>\n\n\n\n<p class=\"paragraph\">Cuentan con una maestr\u00eda en Ciencias de la Agronom\u00eda por la Universidad de California y tienen el m\u00e1ximo grado con un&nbsp;<strong>doctorado en Ciencias Sociales por la Universidad de Wageningen, Holanda<\/strong>, as\u00ed como candidato a doctor en Gen\u00e9tica por la Universidad de California, entre la preparaci\u00f3n profesional del pr\u00f3ximo secretario de Agricultura.<\/p>\n\n\n\n<h2 class=\"wp-block-heading header headline-class-h2\">M\u00e9xico tienen que hacer un esfuerzo para estar a la altura del cambio clim\u00e1tico<\/h2>\n\n\n\n<p class=\"paragraph\">A su salida del Museo Interactivo de Econom\u00eda, Julio Berdegu\u00e9 asegur\u00f3 que M\u00e9xico tiene un enorme esfuerzo para lograr as\u00ed poder enfrentar el cambio clim\u00e1tico, uno de los fen\u00f3menos que m\u00e1s ha golpeado al territorio nacional, por las inundaciones y la sequ\u00eda.<\/p>\n\n\n\n<p class=\"paragraph\">\u201cTenemos, como todo los pa\u00edses del mundo, M\u00e9xico<strong>&nbsp;tiene que hacer un enorme esfuerzo para ponernos a la altura de un gigantesco desaf\u00edo que es el cambio clim\u00e1tico<\/strong>, hoy ya nos golpe\u00f3 con la sequ\u00eda ma\u00f1ana van a ser las inundaciones, las olas de calor, tenemos que hacer una transformaci\u00f3n muy profunda de la agricultura, de la ganader\u00eda, de la pesca\u201d, dijo Berdegu\u00e9.<\/p>\n\n\n\n<p class=\"paragraph\">Asimismo, mostr\u00f3 principal inter\u00e9s en desarrollar pol\u00edticas p\u00fablica en materia de agua para ofrecer acceso equitativo, eficiente y justo a nivel nacional, pues a consecuencia del cambio clim\u00e1tico esta ser\u00e1 cada vez menos.<\/p>\n\n\n\n<p class=\"paragraph\">\u201cLograr un acceso al agua que sea equitativo, que sea eficiente, que sea justo y que tambi\u00e9n est\u00e9 adaptado a las circunstancias de un pa\u00eds que es M\u00e9xico que cada d\u00eda vamos a tener&nbsp;<strong>menos agua como consecuencia del cambio clim\u00e1tico<\/strong>. Esto se har\u00e1 como todas las pol\u00edticas p\u00fablicas a trav\u00e9s de un proceso de di\u00e1logo. En materia de agua, tenemos que ajustarnos a una nueva realidad\u201d, concluy\u00f3.<\/p>\n","protected":false},"excerpt":{"rendered":"<p>La virtual presidenta electa hizo un reconocimiento a su trayectoria y dijo que se siente honrada de que aceptaran formar parte del segundo piso de la cuarta transformaci\u00f3n Ciudad de M\u00e9xico.- Este jueves 20 de junio,&nbsp;Claudia Sheinbaum Pardo, virtual presidenta electa,&nbsp;present\u00f3 a&nbsp;los primeros seis altos cargos que la acompa\u00f1ar\u00e1n durante el proceso de transici\u00f3n y [&hellip;]<\/p>\n","protected":false},"author":41,"featured_media":84586,"comment_status":"closed","ping_status":"open","sticky":false,"template":"","format":"standard","meta":{"tdm_status":"","tdm_grid_status":"","footnotes":""},"categories":[37],"tags":[],"class_list":{"0":"post-84587","1":"post","2":"type-post","3":"status-publish","4":"format-standard","5":"has-post-thumbnail","7":"category-nota-principal"},"yoast_head":"<!-- This site is optimized with the Yoast SEO plugin v27.4 - https:\/\/yoast.com\/product\/yoast-seo-wordpress\/ -->\n<title>\u00bfQui\u00e9n es Julio Berdegu\u00e9? El sinaloense que ser\u00e1 secretario de Agricultura - Fuentes Fidedignas<\/title>\n<meta name=\"robots\" content=\"index, follow, max-snippet:-1, max-image-preview:large, max-video-preview:-1\" \/>\n<link rel=\"canonical\" href=\"https:\/\/fuentesfidedignas.com.mx\/index.php\/2024\/06\/20\/quien-es-julio-berdegue-el-sinaloense-que-sera-secretario-de-agricultura\/\" \/>\n<meta property=\"og:locale\" content=\"es_MX\" \/>\n<meta property=\"og:type\" content=\"article\" \/>\n<meta property=\"og:title\" content=\"\u00bfQui\u00e9n es Julio Berdegu\u00e9? El sinaloense que ser\u00e1 secretario de Agricultura - Fuentes Fidedignas\" \/>\n<meta property=\"og:description\" content=\"La virtual presidenta electa hizo un reconocimiento a su trayectoria y dijo que se siente honrada de que aceptaran formar parte del segundo piso de la cuarta transformaci\u00f3n Ciudad de M\u00e9xico.- Este jueves 20 de junio,&nbsp;Claudia Sheinbaum Pardo, virtual presidenta electa,&nbsp;present\u00f3 a&nbsp;los primeros seis altos cargos que la acompa\u00f1ar\u00e1n durante el proceso de transici\u00f3n y [&hellip;]\" \/>\n<meta property=\"og:url\" content=\"https:\/\/fuentesfidedignas.com.mx\/index.php\/2024\/06\/20\/quien-es-julio-berdegue-el-sinaloense-que-sera-secretario-de-agricultura\/\" \/>\n<meta property=\"og:site_name\" content=\"Fuentes Fidedignas\" \/>\n<meta property=\"article:publisher\" content=\"https:\/\/www.facebook.com\/Fuentes-Fidedignas-368234489921644\" \/>\n<meta property=\"article:published_time\" content=\"2024-06-20T21:00:23+00:00\" \/>\n<meta property=\"og:image\" content=\"https:\/\/fuentesfidedignas.com.mx\/wp-content\/uploads\/2024\/06\/img_7619-1.jpg\" \/>\n\t<meta property=\"og:image:width\" content=\"1920\" \/>\n\t<meta property=\"og:image:height\" content=\"1080\" \/>\n\t<meta property=\"og:image:type\" content=\"image\/png\" \/>\n<meta name=\"author\" content=\"Infobae\" \/>\n<meta name=\"twitter:card\" content=\"summary_large_image\" \/>\n<meta name=\"twitter:creator\" content=\"@fidedignas\" \/>\n<meta name=\"twitter:site\" content=\"@fidedignas\" \/>\n<meta name=\"twitter:label1\" content=\"Escrito por\" \/>\n\t<meta name=\"twitter:data1\" content=\"Infobae\" \/>\n\t<meta name=\"twitter:label2\" content=\"Tiempo de lectura\" \/>\n\t<meta name=\"twitter:data2\" content=\"3 minutos\" \/>\n<script type=\"application\/ld+json\" class=\"yoast-schema-graph\">{\"@context\":\"https:\\\/\\\/schema.org\",\"@graph\":[{\"@type\":\"Article\",\"@id\":\"https:\\\/\\\/fuentesfidedignas.com.mx\\\/index.php\\\/2024\\\/06\\\/20\\\/quien-es-julio-berdegue-el-sinaloense-que-sera-secretario-de-agricultura\\\/#article\",\"isPartOf\":{\"@id\":\"https:\\\/\\\/fuentesfidedignas.com.mx\\\/index.php\\\/2024\\\/06\\\/20\\\/quien-es-julio-berdegue-el-sinaloense-que-sera-secretario-de-agricultura\\\/\"},\"author\":{\"name\":\"Infobae\",\"@id\":\"https:\\\/\\\/fuentesfidedignas.com.mx\\\/#\\\/schema\\\/person\\\/8575896a7c1067d352f6c1cd6582c389\"},\"headline\":\"\u00bfQui\u00e9n es Julio Berdegu\u00e9? El sinaloense que ser\u00e1 secretario de Agricultura\",\"datePublished\":\"2024-06-20T21:00:23+00:00\",\"mainEntityOfPage\":{\"@id\":\"https:\\\/\\\/fuentesfidedignas.com.mx\\\/index.php\\\/2024\\\/06\\\/20\\\/quien-es-julio-berdegue-el-sinaloense-que-sera-secretario-de-agricultura\\\/\"},\"wordCount\":699,\"publisher\":{\"@id\":\"https:\\\/\\\/fuentesfidedignas.com.mx\\\/#organization\"},\"image\":{\"@id\":\"https:\\\/\\\/fuentesfidedignas.com.mx\\\/index.php\\\/2024\\\/06\\\/20\\\/quien-es-julio-berdegue-el-sinaloense-que-sera-secretario-de-agricultura\\\/#primaryimage\"},\"thumbnailUrl\":\"https:\\\/\\\/fuentesfidedignas.com.mx\\\/wp-content\\\/uploads\\\/2024\\\/06\\\/img_7619-1.jpg\",\"articleSection\":[\"NOTA PRINCIPAL\"],\"inLanguage\":\"es\"},{\"@type\":\"WebPage\",\"@id\":\"https:\\\/\\\/fuentesfidedignas.com.mx\\\/index.php\\\/2024\\\/06\\\/20\\\/quien-es-julio-berdegue-el-sinaloense-que-sera-secretario-de-agricultura\\\/\",\"url\":\"https:\\\/\\\/fuentesfidedignas.com.mx\\\/index.php\\\/2024\\\/06\\\/20\\\/quien-es-julio-berdegue-el-sinaloense-que-sera-secretario-de-agricultura\\\/\",\"name\":\"\u00bfQui\u00e9n es Julio Berdegu\u00e9? El sinaloense que ser\u00e1 secretario de Agricultura - Fuentes Fidedignas\",\"isPartOf\":{\"@id\":\"https:\\\/\\\/fuentesfidedignas.com.mx\\\/#website\"},\"primaryImageOfPage\":{\"@id\":\"https:\\\/\\\/fuentesfidedignas.com.mx\\\/index.php\\\/2024\\\/06\\\/20\\\/quien-es-julio-berdegue-el-sinaloense-que-sera-secretario-de-agricultura\\\/#primaryimage\"},\"image\":{\"@id\":\"https:\\\/\\\/fuentesfidedignas.com.mx\\\/index.php\\\/2024\\\/06\\\/20\\\/quien-es-julio-berdegue-el-sinaloense-que-sera-secretario-de-agricultura\\\/#primaryimage\"},\"thumbnailUrl\":\"https:\\\/\\\/fuentesfidedignas.com.mx\\\/wp-content\\\/uploads\\\/2024\\\/06\\\/img_7619-1.jpg\",\"datePublished\":\"2024-06-20T21:00:23+00:00\",\"breadcrumb\":{\"@id\":\"https:\\\/\\\/fuentesfidedignas.com.mx\\\/index.php\\\/2024\\\/06\\\/20\\\/quien-es-julio-berdegue-el-sinaloense-que-sera-secretario-de-agricultura\\\/#breadcrumb\"},\"inLanguage\":\"es\",\"potentialAction\":[{\"@type\":\"ReadAction\",\"target\":[\"https:\\\/\\\/fuentesfidedignas.com.mx\\\/index.php\\\/2024\\\/06\\\/20\\\/quien-es-julio-berdegue-el-sinaloense-que-sera-secretario-de-agricultura\\\/\"]}]},{\"@type\":\"ImageObject\",\"inLanguage\":\"es\",\"@id\":\"https:\\\/\\\/fuentesfidedignas.com.mx\\\/index.php\\\/2024\\\/06\\\/20\\\/quien-es-julio-berdegue-el-sinaloense-que-sera-secretario-de-agricultura\\\/#primaryimage\",\"url\":\"https:\\\/\\\/fuentesfidedignas.com.mx\\\/wp-content\\\/uploads\\\/2024\\\/06\\\/img_7619-1.jpg\",\"contentUrl\":\"https:\\\/\\\/fuentesfidedignas.com.mx\\\/wp-content\\\/uploads\\\/2024\\\/06\\\/img_7619-1.jpg\",\"width\":1920,\"height\":1080},{\"@type\":\"BreadcrumbList\",\"@id\":\"https:\\\/\\\/fuentesfidedignas.com.mx\\\/index.php\\\/2024\\\/06\\\/20\\\/quien-es-julio-berdegue-el-sinaloense-que-sera-secretario-de-agricultura\\\/#breadcrumb\",\"itemListElement\":[{\"@type\":\"ListItem\",\"position\":1,\"name\":\"Inicio\",\"item\":\"https:\\\/\\\/fuentesfidedignas.com.mx\\\/\"},{\"@type\":\"ListItem\",\"position\":2,\"name\":\"\u00bfQui\u00e9n es Julio Berdegu\u00e9? El sinaloense que ser\u00e1 secretario de Agricultura\"}]},{\"@type\":\"WebSite\",\"@id\":\"https:\\\/\\\/fuentesfidedignas.com.mx\\\/#website\",\"url\":\"https:\\\/\\\/fuentesfidedignas.com.mx\\\/\",\"name\":\"Fuentes Fidedignas\",\"description\":\"Otro sitio realizado con WordPress\",\"publisher\":{\"@id\":\"https:\\\/\\\/fuentesfidedignas.com.mx\\\/#organization\"},\"potentialAction\":[{\"@type\":\"SearchAction\",\"target\":{\"@type\":\"EntryPoint\",\"urlTemplate\":\"https:\\\/\\\/fuentesfidedignas.com.mx\\\/?s={search_term_string}\"},\"query-input\":{\"@type\":\"PropertyValueSpecification\",\"valueRequired\":true,\"valueName\":\"search_term_string\"}}],\"inLanguage\":\"es\"},{\"@type\":\"Organization\",\"@id\":\"https:\\\/\\\/fuentesfidedignas.com.mx\\\/#organization\",\"name\":\"Fuentes Fidedignas\",\"url\":\"https:\\\/\\\/fuentesfidedignas.com.mx\\\/\",\"logo\":{\"@type\":\"ImageObject\",\"inLanguage\":\"es\",\"@id\":\"https:\\\/\\\/fuentesfidedignas.com.mx\\\/#\\\/schema\\\/logo\\\/image\\\/\",\"url\":\"https:\\\/\\\/fuentesfidedignas.com.mx\\\/wp-content\\\/uploads\\\/2021\\\/04\\\/logo-retina.png\",\"contentUrl\":\"https:\\\/\\\/fuentesfidedignas.com.mx\\\/wp-content\\\/uploads\\\/2021\\\/04\\\/logo-retina.png\",\"width\":280,\"height\":51,\"caption\":\"Fuentes Fidedignas\"},\"image\":{\"@id\":\"https:\\\/\\\/fuentesfidedignas.com.mx\\\/#\\\/schema\\\/logo\\\/image\\\/\"},\"sameAs\":[\"https:\\\/\\\/www.facebook.com\\\/Fuentes-Fidedignas-368234489921644\",\"https:\\\/\\\/x.com\\\/fidedignas\"]},{\"@type\":\"Person\",\"@id\":\"https:\\\/\\\/fuentesfidedignas.com.mx\\\/#\\\/schema\\\/person\\\/8575896a7c1067d352f6c1cd6582c389\",\"name\":\"Infobae\",\"image\":{\"@type\":\"ImageObject\",\"inLanguage\":\"es\",\"@id\":\"https:\\\/\\\/secure.gravatar.com\\\/avatar\\\/e4ec95706f8d1670343f6526fdcec45474bab17475a851434a64ca12b5acba1c?s=96&d=mm&r=g\",\"url\":\"https:\\\/\\\/secure.gravatar.com\\\/avatar\\\/e4ec95706f8d1670343f6526fdcec45474bab17475a851434a64ca12b5acba1c?s=96&d=mm&r=g\",\"contentUrl\":\"https:\\\/\\\/secure.gravatar.com\\\/avatar\\\/e4ec95706f8d1670343f6526fdcec45474bab17475a851434a64ca12b5acba1c?s=96&d=mm&r=g\",\"caption\":\"Infobae\"},\"url\":\"https:\\\/\\\/fuentesfidedignas.com.mx\\\/index.php\\\/author\\\/infobae\\\/\"}]}<\/script>\n<!-- \/ Yoast SEO plugin. -->","yoast_head_json":{"title":"\u00bfQui\u00e9n es Julio Berdegu\u00e9? El sinaloense que ser\u00e1 secretario de Agricultura - Fuentes Fidedignas","robots":{"index":"index","follow":"follow","max-snippet":"max-snippet:-1","max-image-preview":"max-image-preview:large","max-video-preview":"max-video-preview:-1"},"canonical":"https:\/\/fuentesfidedignas.com.mx\/index.php\/2024\/06\/20\/quien-es-julio-berdegue-el-sinaloense-que-sera-secretario-de-agricultura\/","og_locale":"es_MX","og_type":"article","og_title":"\u00bfQui\u00e9n es Julio Berdegu\u00e9? El sinaloense que ser\u00e1 secretario de Agricultura - Fuentes Fidedignas","og_description":"La virtual presidenta electa hizo un reconocimiento a su trayectoria y dijo que se siente honrada de que aceptaran formar parte del segundo piso de la cuarta transformaci\u00f3n Ciudad de M\u00e9xico.- Este jueves 20 de junio,&nbsp;Claudia Sheinbaum Pardo, virtual presidenta electa,&nbsp;present\u00f3 a&nbsp;los primeros seis altos cargos que la acompa\u00f1ar\u00e1n durante el proceso de transici\u00f3n y [&hellip;]","og_url":"https:\/\/fuentesfidedignas.com.mx\/index.php\/2024\/06\/20\/quien-es-julio-berdegue-el-sinaloense-que-sera-secretario-de-agricultura\/","og_site_name":"Fuentes Fidedignas","article_publisher":"https:\/\/www.facebook.com\/Fuentes-Fidedignas-368234489921644","article_published_time":"2024-06-20T21:00:23+00:00","og_image":[{"width":1920,"height":1080,"url":"https:\/\/fuentesfidedignas.com.mx\/wp-content\/uploads\/2024\/06\/img_7619-1.jpg","type":"image\/png"}],"author":"Infobae","twitter_card":"summary_large_image","twitter_creator":"@fidedignas","twitter_site":"@fidedignas","twitter_misc":{"Escrito por":"Infobae","Tiempo de lectura":"3 minutos"},"schema":{"@context":"https:\/\/schema.org","@graph":[{"@type":"Article","@id":"https:\/\/fuentesfidedignas.com.mx\/index.php\/2024\/06\/20\/quien-es-julio-berdegue-el-sinaloense-que-sera-secretario-de-agricultura\/#article","isPartOf":{"@id":"https:\/\/fuentesfidedignas.com.mx\/index.php\/2024\/06\/20\/quien-es-julio-berdegue-el-sinaloense-que-sera-secretario-de-agricultura\/"},"author":{"name":"Infobae","@id":"https:\/\/fuentesfidedignas.com.mx\/#\/schema\/person\/8575896a7c1067d352f6c1cd6582c389"},"headline":"\u00bfQui\u00e9n es Julio Berdegu\u00e9? El sinaloense que ser\u00e1 secretario de Agricultura","datePublished":"2024-06-20T21:00:23+00:00","mainEntityOfPage":{"@id":"https:\/\/fuentesfidedignas.com.mx\/index.php\/2024\/06\/20\/quien-es-julio-berdegue-el-sinaloense-que-sera-secretario-de-agricultura\/"},"wordCount":699,"publisher":{"@id":"https:\/\/fuentesfidedignas.com.mx\/#organization"},"image":{"@id":"https:\/\/fuentesfidedignas.com.mx\/index.php\/2024\/06\/20\/quien-es-julio-berdegue-el-sinaloense-que-sera-secretario-de-agricultura\/#primaryimage"},"thumbnailUrl":"https:\/\/fuentesfidedignas.com.mx\/wp-content\/uploads\/2024\/06\/img_7619-1.jpg","articleSection":["NOTA PRINCIPAL"],"inLanguage":"es"},{"@type":"WebPage","@id":"https:\/\/fuentesfidedignas.com.mx\/index.php\/2024\/06\/20\/quien-es-julio-berdegue-el-sinaloense-que-sera-secretario-de-agricultura\/","url":"https:\/\/fuentesfidedignas.com.mx\/index.php\/2024\/06\/20\/quien-es-julio-berdegue-el-sinaloense-que-sera-secretario-de-agricultura\/","name":"\u00bfQui\u00e9n es Julio Berdegu\u00e9? El sinaloense que ser\u00e1 secretario de Agricultura - Fuentes Fidedignas","isPartOf":{"@id":"https:\/\/fuentesfidedignas.com.mx\/#website"},"primaryImageOfPage":{"@id":"https:\/\/fuentesfidedignas.com.mx\/index.php\/2024\/06\/20\/quien-es-julio-berdegue-el-sinaloense-que-sera-secretario-de-agricultura\/#primaryimage"},"image":{"@id":"https:\/\/fuentesfidedignas.com.mx\/index.php\/2024\/06\/20\/quien-es-julio-berdegue-el-sinaloense-que-sera-secretario-de-agricultura\/#primaryimage"},"thumbnailUrl":"https:\/\/fuentesfidedignas.com.mx\/wp-content\/uploads\/2024\/06\/img_7619-1.jpg","datePublished":"2024-06-20T21:00:23+00:00","breadcrumb":{"@id":"https:\/\/fuentesfidedignas.com.mx\/index.php\/2024\/06\/20\/quien-es-julio-berdegue-el-sinaloense-que-sera-secretario-de-agricultura\/#breadcrumb"},"inLanguage":"es","potentialAction":[{"@type":"ReadAction","target":["https:\/\/fuentesfidedignas.com.mx\/index.php\/2024\/06\/20\/quien-es-julio-berdegue-el-sinaloense-que-sera-secretario-de-agricultura\/"]}]},{"@type":"ImageObject","inLanguage":"es","@id":"https:\/\/fuentesfidedignas.com.mx\/index.php\/2024\/06\/20\/quien-es-julio-berdegue-el-sinaloense-que-sera-secretario-de-agricultura\/#primaryimage","url":"https:\/\/fuentesfidedignas.com.mx\/wp-content\/uploads\/2024\/06\/img_7619-1.jpg","contentUrl":"https:\/\/fuentesfidedignas.com.mx\/wp-content\/uploads\/2024\/06\/img_7619-1.jpg","width":1920,"height":1080},{"@type":"BreadcrumbList","@id":"https:\/\/fuentesfidedignas.com.mx\/index.php\/2024\/06\/20\/quien-es-julio-berdegue-el-sinaloense-que-sera-secretario-de-agricultura\/#breadcrumb","itemListElement":[{"@type":"ListItem","position":1,"name":"Inicio","item":"https:\/\/fuentesfidedignas.com.mx\/"},{"@type":"ListItem","position":2,"name":"\u00bfQui\u00e9n es Julio Berdegu\u00e9? El sinaloense que ser\u00e1 secretario de Agricultura"}]},{"@type":"WebSite","@id":"https:\/\/fuentesfidedignas.com.mx\/#website","url":"https:\/\/fuentesfidedignas.com.mx\/","name":"Fuentes Fidedignas","description":"Otro sitio realizado con WordPress","publisher":{"@id":"https:\/\/fuentesfidedignas.com.mx\/#organization"},"potentialAction":[{"@type":"SearchAction","target":{"@type":"EntryPoint","urlTemplate":"https:\/\/fuentesfidedignas.com.mx\/?s={search_term_string}"},"query-input":{"@type":"PropertyValueSpecification","valueRequired":true,"valueName":"search_term_string"}}],"inLanguage":"es"},{"@type":"Organization","@id":"https:\/\/fuentesfidedignas.com.mx\/#organization","name":"Fuentes Fidedignas","url":"https:\/\/fuentesfidedignas.com.mx\/","logo":{"@type":"ImageObject","inLanguage":"es","@id":"https:\/\/fuentesfidedignas.com.mx\/#\/schema\/logo\/image\/","url":"https:\/\/fuentesfidedignas.com.mx\/wp-content\/uploads\/2021\/04\/logo-retina.png","contentUrl":"https:\/\/fuentesfidedignas.com.mx\/wp-content\/uploads\/2021\/04\/logo-retina.png","width":280,"height":51,"caption":"Fuentes Fidedignas"},"image":{"@id":"https:\/\/fuentesfidedignas.com.mx\/#\/schema\/logo\/image\/"},"sameAs":["https:\/\/www.facebook.com\/Fuentes-Fidedignas-368234489921644","https:\/\/x.com\/fidedignas"]},{"@type":"Person","@id":"https:\/\/fuentesfidedignas.com.mx\/#\/schema\/person\/8575896a7c1067d352f6c1cd6582c389","name":"Infobae","image":{"@type":"ImageObject","inLanguage":"es","@id":"https:\/\/secure.gravatar.com\/avatar\/e4ec95706f8d1670343f6526fdcec45474bab17475a851434a64ca12b5acba1c?s=96&d=mm&r=g","url":"https:\/\/secure.gravatar.com\/avatar\/e4ec95706f8d1670343f6526fdcec45474bab17475a851434a64ca12b5acba1c?s=96&d=mm&r=g","contentUrl":"https:\/\/secure.gravatar.com\/avatar\/e4ec95706f8d1670343f6526fdcec45474bab17475a851434a64ca12b5acba1c?s=96&d=mm&r=g","caption":"Infobae"},"url":"https:\/\/fuentesfidedignas.com.mx\/index.php\/author\/infobae\/"}]}},"_links":{"self":[{"href":"https:\/\/fuentesfidedignas.com.mx\/index.php\/wp-json\/wp\/v2\/posts\/84587","targetHints":{"allow":["GET"]}}],"collection":[{"href":"https:\/\/fuentesfidedignas.com.mx\/index.php\/wp-json\/wp\/v2\/posts"}],"about":[{"href":"https:\/\/fuentesfidedignas.com.mx\/index.php\/wp-json\/wp\/v2\/types\/post"}],"author":[{"embeddable":true,"href":"https:\/\/fuentesfidedignas.com.mx\/index.php\/wp-json\/wp\/v2\/users\/41"}],"replies":[{"embeddable":true,"href":"https:\/\/fuentesfidedignas.com.mx\/index.php\/wp-json\/wp\/v2\/comments?post=84587"}],"version-history":[{"count":1,"href":"https:\/\/fuentesfidedignas.com.mx\/index.php\/wp-json\/wp\/v2\/posts\/84587\/revisions"}],"predecessor-version":[{"id":84588,"href":"https:\/\/fuentesfidedignas.com.mx\/index.php\/wp-json\/wp\/v2\/posts\/84587\/revisions\/84588"}],"wp:featuredmedia":[{"embeddable":true,"href":"https:\/\/fuentesfidedignas.com.mx\/index.php\/wp-json\/wp\/v2\/media\/84586"}],"wp:attachment":[{"href":"https:\/\/fuentesfidedignas.com.mx\/index.php\/wp-json\/wp\/v2\/media?parent=84587"}],"wp:term":[{"taxonomy":"category","embeddable":true,"href":"https:\/\/fuentesfidedignas.com.mx\/index.php\/wp-json\/wp\/v2\/categories?post=84587"},{"taxonomy":"post_tag","embeddable":true,"href":"https:\/\/fuentesfidedignas.com.mx\/index.php\/wp-json\/wp\/v2\/tags?post=84587"}],"curies":[{"name":"wp","href":"https:\/\/api.w.org\/{rel}","templated":true}]}}