{"id":84511,"date":"2024-06-19T17:54:47","date_gmt":"2024-06-20T00:54:47","guid":{"rendered":"https:\/\/fuentesfidedignas.com.mx\/?p=84511"},"modified":"2024-06-19T17:54:47","modified_gmt":"2024-06-20T00:54:47","slug":"invitan-a-ninas-y-ninos-a-que-formen-parte-de-la-clinica-de-verano-de-gimnasia-de-la-uas","status":"publish","type":"post","link":"https:\/\/fuentesfidedignas.com.mx\/index.php\/2024\/06\/19\/invitan-a-ninas-y-ninos-a-que-formen-parte-de-la-clinica-de-verano-de-gimnasia-de-la-uas\/","title":{"rendered":"Invitan a ni\u00f1as y ni\u00f1os a que formen parte de la Cl\u00ednica de Verano de Gimnasia de la UAS"},"content":{"rendered":"\n<p><strong><em>El curso tendr\u00e1 una duraci\u00f3n de dos semanas con clases de lunes a viernes, en el turno matutino de 9:00 a 10:30 de la ma\u00f1ana y en el vespertino de 4:00 a 5:30 de la tarde\u00a0<\/em><\/strong><\/p>\n\n\n\n<p>Culiac\u00e1n, Sin.- La Universidad Aut\u00f3noma de Sinaloa (UAS) a trav\u00e9s de la Direcci\u00f3n General de Deportes invita a ni\u00f1as y ni\u00f1os de 4 a\u00f1os de edad en adelante a inscribirse a la Cl\u00ednica de Verano de Gimnasia, curso que se desarrollar\u00e1 del 1 al 12 de julio en las instalaciones propias de esta disciplina, anunci\u00f3 Giovanni Ornelas S\u00e1nchez.<\/p>\n\n\n\n<p>El jefe de la rama de gimnasia dio a conocer que el curso tendr\u00e1 una duraci\u00f3n de dos semanas con clases de lunes a viernes, en el turno matutino de 9:00 a 10:30 de la ma\u00f1ana y en el vespertino de 4:00 a 5:30 de la tarde y que, el costo total de la cl\u00ednica de verano es de $600 pesos, donde los participantes aprender\u00e1n sobre la gimnasia art\u00edstica y aer\u00f3bica.<\/p>\n\n\n\n<p>\u201cEl principal objetivo de este curso de verano es la captaci\u00f3n de ni\u00f1os, el acercamiento y tener una apertura para toda la poblaci\u00f3n en general (\u2026) est\u00e1 encaminado a que las personas lo conozcan, lo vivan, lo experimenten de una manera divertida ya que hacemos bastante amenas las clases\u201d, comparti\u00f3.<\/p>\n\n\n\n<p>Entre los requisitos, detall\u00f3 que se solicita que los participantes asistan diariamente con ropa c\u00f3moda, en el caso de las ni\u00f1as con leotardo, tenis y pelo recogido; para los ni\u00f1os short, playera de resaque y tenis, adem\u00e1s de llevar mochila con su botella agua y toalla todo debidamente marcado con su nombre.<\/p>\n\n\n\n<p>\u201cTrabajamos un circuito donde todos los ni\u00f1os van trabajando todos los aparatos, ambas gimnasias en un solo d\u00eda\u201d, dijo.<\/p>\n\n\n\n<p>Asimismo, indic\u00f3 que el cupo es limitado y que las inscripciones se llevar\u00e1n a cabo del 24 al 28 de junio en las oficinas del Gimnasio de Gimnasia UAS, ubicado en Paseo Ni\u00f1os H\u00e9roes #672, colonia Centro a un costado del Estadio Universitario, por lo que reiter\u00f3 la invitaci\u00f3n a los padres de familia a estar atentos y realizar la inscripci\u00f3n de sus hijos.<\/p>\n\n\n\n<p>El entrenador agradeci\u00f3 el apoyo de las autoridades universitarias para que desde la dependencia deportiva se brinden de nueva cuenta las ya tradicionales cl\u00ednicas de verano que en mucho contribuyen al sano desarrollo de las ni\u00f1as, ni\u00f1os y adolescentes.<\/p>\n\n\n\n<p>\u201cSiempre hacemos un trabajo donde ense\u00f1amos a los padres de familia qu\u00e9 es lo que trabajamos en las dos semanas en gimnasia y hacemos una clase abierta, en esta ocasi\u00f3n va a ser en la Torre Acad\u00e9mica el s\u00e1bado 13 de junio\u201d, indic\u00f3.<\/p>\n\n\n\n<p>Para mayor informaci\u00f3n sobre el curso de verano de gimnasia pueden comunicarse al n\u00famero telef\u00f3nico 667 712-48-72, en horario de oficina, o bien, consultar la convocatoria en la cuenta de Facebook e Instagram \u00c1guilas UAS.<\/p>\n","protected":false},"excerpt":{"rendered":"<p>El curso tendr\u00e1 una duraci\u00f3n de dos semanas con clases de lunes a viernes, en el turno matutino de 9:00 a 10:30 de la ma\u00f1ana y en el vespertino de 4:00 a 5:30 de la tarde\u00a0 Culiac\u00e1n, Sin.- La Universidad Aut\u00f3noma de Sinaloa (UAS) a trav\u00e9s de la Direcci\u00f3n General de Deportes invita a ni\u00f1as [&hellip;]<\/p>\n","protected":false},"author":4,"featured_media":84512,"comment_status":"open","ping_status":"open","sticky":false,"template":"","format":"standard","meta":{"tdm_status":"","tdm_grid_status":"","footnotes":""},"categories":[38],"tags":[],"class_list":{"0":"post-84511","1":"post","2":"type-post","3":"status-publish","4":"format-standard","5":"has-post-thumbnail","7":"category-noticias-locales"},"yoast_head":"<!-- This site is optimized with the Yoast SEO plugin v27.5 - https:\/\/yoast.com\/product\/yoast-seo-wordpress\/ -->\n<title>Invitan a ni\u00f1as y ni\u00f1os a que formen parte de la Cl\u00ednica de Verano de Gimnasia de la UAS - Fuentes Fidedignas<\/title>\n<meta name=\"robots\" content=\"index, follow, max-snippet:-1, max-image-preview:large, max-video-preview:-1\" \/>\n<link rel=\"canonical\" href=\"https:\/\/fuentesfidedignas.com.mx\/index.php\/2024\/06\/19\/invitan-a-ninas-y-ninos-a-que-formen-parte-de-la-clinica-de-verano-de-gimnasia-de-la-uas\/\" \/>\n<meta property=\"og:locale\" content=\"es_MX\" \/>\n<meta property=\"og:type\" content=\"article\" \/>\n<meta property=\"og:title\" content=\"Invitan a ni\u00f1as y ni\u00f1os a que formen parte de la Cl\u00ednica de Verano de Gimnasia de la UAS - Fuentes Fidedignas\" \/>\n<meta property=\"og:description\" content=\"El curso tendr\u00e1 una duraci\u00f3n de dos semanas con clases de lunes a viernes, en el turno matutino de 9:00 a 10:30 de la ma\u00f1ana y en el vespertino de 4:00 a 5:30 de la tarde\u00a0 Culiac\u00e1n, Sin.- La Universidad Aut\u00f3noma de Sinaloa (UAS) a trav\u00e9s de la Direcci\u00f3n General de Deportes invita a ni\u00f1as [&hellip;]\" \/>\n<meta property=\"og:url\" content=\"https:\/\/fuentesfidedignas.com.mx\/index.php\/2024\/06\/19\/invitan-a-ninas-y-ninos-a-que-formen-parte-de-la-clinica-de-verano-de-gimnasia-de-la-uas\/\" \/>\n<meta property=\"og:site_name\" content=\"Fuentes Fidedignas\" \/>\n<meta property=\"article:publisher\" content=\"https:\/\/www.facebook.com\/Fuentes-Fidedignas-368234489921644\" \/>\n<meta property=\"article:published_time\" content=\"2024-06-20T00:54:47+00:00\" \/>\n<meta property=\"og:image\" content=\"https:\/\/fuentesfidedignas.com.mx\/wp-content\/uploads\/2024\/06\/Gimnasia-1.jpg\" \/>\n\t<meta property=\"og:image:width\" content=\"650\" \/>\n\t<meta property=\"og:image:height\" content=\"433\" \/>\n\t<meta property=\"og:image:type\" content=\"image\/jpeg\" \/>\n<meta name=\"author\" content=\"Redacci\u00f3n\" \/>\n<meta name=\"twitter:card\" content=\"summary_large_image\" \/>\n<meta name=\"twitter:creator\" content=\"@fidedignas\" \/>\n<meta name=\"twitter:site\" content=\"@fidedignas\" \/>\n<meta name=\"twitter:label1\" content=\"Escrito por\" \/>\n\t<meta name=\"twitter:data1\" content=\"Redacci\u00f3n\" \/>\n\t<meta name=\"twitter:label2\" content=\"Tiempo de lectura\" \/>\n\t<meta name=\"twitter:data2\" content=\"3 minutos\" \/>\n<script type=\"application\/ld+json\" class=\"yoast-schema-graph\">{\"@context\":\"https:\\\/\\\/schema.org\",\"@graph\":[{\"@type\":\"Article\",\"@id\":\"https:\\\/\\\/fuentesfidedignas.com.mx\\\/index.php\\\/2024\\\/06\\\/19\\\/invitan-a-ninas-y-ninos-a-que-formen-parte-de-la-clinica-de-verano-de-gimnasia-de-la-uas\\\/#article\",\"isPartOf\":{\"@id\":\"https:\\\/\\\/fuentesfidedignas.com.mx\\\/index.php\\\/2024\\\/06\\\/19\\\/invitan-a-ninas-y-ninos-a-que-formen-parte-de-la-clinica-de-verano-de-gimnasia-de-la-uas\\\/\"},\"author\":{\"name\":\"Redacci\u00f3n\",\"@id\":\"https:\\\/\\\/fuentesfidedignas.com.mx\\\/#\\\/schema\\\/person\\\/331be9283d37198e2acd5750279085b0\"},\"headline\":\"Invitan a ni\u00f1as y ni\u00f1os a que formen parte de la Cl\u00ednica de Verano de Gimnasia de la UAS\",\"datePublished\":\"2024-06-20T00:54:47+00:00\",\"mainEntityOfPage\":{\"@id\":\"https:\\\/\\\/fuentesfidedignas.com.mx\\\/index.php\\\/2024\\\/06\\\/19\\\/invitan-a-ninas-y-ninos-a-que-formen-parte-de-la-clinica-de-verano-de-gimnasia-de-la-uas\\\/\"},\"wordCount\":514,\"commentCount\":0,\"publisher\":{\"@id\":\"https:\\\/\\\/fuentesfidedignas.com.mx\\\/#organization\"},\"image\":{\"@id\":\"https:\\\/\\\/fuentesfidedignas.com.mx\\\/index.php\\\/2024\\\/06\\\/19\\\/invitan-a-ninas-y-ninos-a-que-formen-parte-de-la-clinica-de-verano-de-gimnasia-de-la-uas\\\/#primaryimage\"},\"thumbnailUrl\":\"https:\\\/\\\/fuentesfidedignas.com.mx\\\/wp-content\\\/uploads\\\/2024\\\/06\\\/Gimnasia-1.jpg\",\"articleSection\":[\"NOTICIAS LOCALES\"],\"inLanguage\":\"es\",\"potentialAction\":[{\"@type\":\"CommentAction\",\"name\":\"Comment\",\"target\":[\"https:\\\/\\\/fuentesfidedignas.com.mx\\\/index.php\\\/2024\\\/06\\\/19\\\/invitan-a-ninas-y-ninos-a-que-formen-parte-de-la-clinica-de-verano-de-gimnasia-de-la-uas\\\/#respond\"]}]},{\"@type\":\"WebPage\",\"@id\":\"https:\\\/\\\/fuentesfidedignas.com.mx\\\/index.php\\\/2024\\\/06\\\/19\\\/invitan-a-ninas-y-ninos-a-que-formen-parte-de-la-clinica-de-verano-de-gimnasia-de-la-uas\\\/\",\"url\":\"https:\\\/\\\/fuentesfidedignas.com.mx\\\/index.php\\\/2024\\\/06\\\/19\\\/invitan-a-ninas-y-ninos-a-que-formen-parte-de-la-clinica-de-verano-de-gimnasia-de-la-uas\\\/\",\"name\":\"Invitan a ni\u00f1as y ni\u00f1os a que formen parte de la Cl\u00ednica de Verano de Gimnasia de la UAS - Fuentes Fidedignas\",\"isPartOf\":{\"@id\":\"https:\\\/\\\/fuentesfidedignas.com.mx\\\/#website\"},\"primaryImageOfPage\":{\"@id\":\"https:\\\/\\\/fuentesfidedignas.com.mx\\\/index.php\\\/2024\\\/06\\\/19\\\/invitan-a-ninas-y-ninos-a-que-formen-parte-de-la-clinica-de-verano-de-gimnasia-de-la-uas\\\/#primaryimage\"},\"image\":{\"@id\":\"https:\\\/\\\/fuentesfidedignas.com.mx\\\/index.php\\\/2024\\\/06\\\/19\\\/invitan-a-ninas-y-ninos-a-que-formen-parte-de-la-clinica-de-verano-de-gimnasia-de-la-uas\\\/#primaryimage\"},\"thumbnailUrl\":\"https:\\\/\\\/fuentesfidedignas.com.mx\\\/wp-content\\\/uploads\\\/2024\\\/06\\\/Gimnasia-1.jpg\",\"datePublished\":\"2024-06-20T00:54:47+00:00\",\"breadcrumb\":{\"@id\":\"https:\\\/\\\/fuentesfidedignas.com.mx\\\/index.php\\\/2024\\\/06\\\/19\\\/invitan-a-ninas-y-ninos-a-que-formen-parte-de-la-clinica-de-verano-de-gimnasia-de-la-uas\\\/#breadcrumb\"},\"inLanguage\":\"es\",\"potentialAction\":[{\"@type\":\"ReadAction\",\"target\":[\"https:\\\/\\\/fuentesfidedignas.com.mx\\\/index.php\\\/2024\\\/06\\\/19\\\/invitan-a-ninas-y-ninos-a-que-formen-parte-de-la-clinica-de-verano-de-gimnasia-de-la-uas\\\/\"]}]},{\"@type\":\"ImageObject\",\"inLanguage\":\"es\",\"@id\":\"https:\\\/\\\/fuentesfidedignas.com.mx\\\/index.php\\\/2024\\\/06\\\/19\\\/invitan-a-ninas-y-ninos-a-que-formen-parte-de-la-clinica-de-verano-de-gimnasia-de-la-uas\\\/#primaryimage\",\"url\":\"https:\\\/\\\/fuentesfidedignas.com.mx\\\/wp-content\\\/uploads\\\/2024\\\/06\\\/Gimnasia-1.jpg\",\"contentUrl\":\"https:\\\/\\\/fuentesfidedignas.com.mx\\\/wp-content\\\/uploads\\\/2024\\\/06\\\/Gimnasia-1.jpg\",\"width\":650,\"height\":433},{\"@type\":\"BreadcrumbList\",\"@id\":\"https:\\\/\\\/fuentesfidedignas.com.mx\\\/index.php\\\/2024\\\/06\\\/19\\\/invitan-a-ninas-y-ninos-a-que-formen-parte-de-la-clinica-de-verano-de-gimnasia-de-la-uas\\\/#breadcrumb\",\"itemListElement\":[{\"@type\":\"ListItem\",\"position\":1,\"name\":\"Inicio\",\"item\":\"https:\\\/\\\/fuentesfidedignas.com.mx\\\/\"},{\"@type\":\"ListItem\",\"position\":2,\"name\":\"Invitan a ni\u00f1as y ni\u00f1os a que formen parte de la Cl\u00ednica de Verano de Gimnasia de la UAS\"}]},{\"@type\":\"WebSite\",\"@id\":\"https:\\\/\\\/fuentesfidedignas.com.mx\\\/#website\",\"url\":\"https:\\\/\\\/fuentesfidedignas.com.mx\\\/\",\"name\":\"Fuentes Fidedignas\",\"description\":\"Otro sitio realizado con WordPress\",\"publisher\":{\"@id\":\"https:\\\/\\\/fuentesfidedignas.com.mx\\\/#organization\"},\"potentialAction\":[{\"@type\":\"SearchAction\",\"target\":{\"@type\":\"EntryPoint\",\"urlTemplate\":\"https:\\\/\\\/fuentesfidedignas.com.mx\\\/?s={search_term_string}\"},\"query-input\":{\"@type\":\"PropertyValueSpecification\",\"valueRequired\":true,\"valueName\":\"search_term_string\"}}],\"inLanguage\":\"es\"},{\"@type\":\"Organization\",\"@id\":\"https:\\\/\\\/fuentesfidedignas.com.mx\\\/#organization\",\"name\":\"Fuentes Fidedignas\",\"url\":\"https:\\\/\\\/fuentesfidedignas.com.mx\\\/\",\"logo\":{\"@type\":\"ImageObject\",\"inLanguage\":\"es\",\"@id\":\"https:\\\/\\\/fuentesfidedignas.com.mx\\\/#\\\/schema\\\/logo\\\/image\\\/\",\"url\":\"https:\\\/\\\/fuentesfidedignas.com.mx\\\/wp-content\\\/uploads\\\/2021\\\/04\\\/logo-retina.png\",\"contentUrl\":\"https:\\\/\\\/fuentesfidedignas.com.mx\\\/wp-content\\\/uploads\\\/2021\\\/04\\\/logo-retina.png\",\"width\":280,\"height\":51,\"caption\":\"Fuentes Fidedignas\"},\"image\":{\"@id\":\"https:\\\/\\\/fuentesfidedignas.com.mx\\\/#\\\/schema\\\/logo\\\/image\\\/\"},\"sameAs\":[\"https:\\\/\\\/www.facebook.com\\\/Fuentes-Fidedignas-368234489921644\",\"https:\\\/\\\/x.com\\\/fidedignas\"]},{\"@type\":\"Person\",\"@id\":\"https:\\\/\\\/fuentesfidedignas.com.mx\\\/#\\\/schema\\\/person\\\/331be9283d37198e2acd5750279085b0\",\"name\":\"Redacci\u00f3n\",\"image\":{\"@type\":\"ImageObject\",\"inLanguage\":\"es\",\"@id\":\"https:\\\/\\\/secure.gravatar.com\\\/avatar\\\/f6d8782c11d12b2d4ad3fbb6931aeab5309937a4d6cd2fc9cfaa28a6396a5aec?s=96&d=mm&r=g\",\"url\":\"https:\\\/\\\/secure.gravatar.com\\\/avatar\\\/f6d8782c11d12b2d4ad3fbb6931aeab5309937a4d6cd2fc9cfaa28a6396a5aec?s=96&d=mm&r=g\",\"contentUrl\":\"https:\\\/\\\/secure.gravatar.com\\\/avatar\\\/f6d8782c11d12b2d4ad3fbb6931aeab5309937a4d6cd2fc9cfaa28a6396a5aec?s=96&d=mm&r=g\",\"caption\":\"Redacci\u00f3n\"},\"url\":\"https:\\\/\\\/fuentesfidedignas.com.mx\\\/index.php\\\/author\\\/redaccion\\\/\"}]}<\/script>\n<!-- \/ Yoast SEO plugin. -->","yoast_head_json":{"title":"Invitan a ni\u00f1as y ni\u00f1os a que formen parte de la Cl\u00ednica de Verano de Gimnasia de la UAS - Fuentes Fidedignas","robots":{"index":"index","follow":"follow","max-snippet":"max-snippet:-1","max-image-preview":"max-image-preview:large","max-video-preview":"max-video-preview:-1"},"canonical":"https:\/\/fuentesfidedignas.com.mx\/index.php\/2024\/06\/19\/invitan-a-ninas-y-ninos-a-que-formen-parte-de-la-clinica-de-verano-de-gimnasia-de-la-uas\/","og_locale":"es_MX","og_type":"article","og_title":"Invitan a ni\u00f1as y ni\u00f1os a que formen parte de la Cl\u00ednica de Verano de Gimnasia de la UAS - Fuentes Fidedignas","og_description":"El curso tendr\u00e1 una duraci\u00f3n de dos semanas con clases de lunes a viernes, en el turno matutino de 9:00 a 10:30 de la ma\u00f1ana y en el vespertino de 4:00 a 5:30 de la tarde\u00a0 Culiac\u00e1n, Sin.- La Universidad Aut\u00f3noma de Sinaloa (UAS) a trav\u00e9s de la Direcci\u00f3n General de Deportes invita a ni\u00f1as [&hellip;]","og_url":"https:\/\/fuentesfidedignas.com.mx\/index.php\/2024\/06\/19\/invitan-a-ninas-y-ninos-a-que-formen-parte-de-la-clinica-de-verano-de-gimnasia-de-la-uas\/","og_site_name":"Fuentes Fidedignas","article_publisher":"https:\/\/www.facebook.com\/Fuentes-Fidedignas-368234489921644","article_published_time":"2024-06-20T00:54:47+00:00","og_image":[{"width":650,"height":433,"url":"https:\/\/fuentesfidedignas.com.mx\/wp-content\/uploads\/2024\/06\/Gimnasia-1.jpg","type":"image\/jpeg"}],"author":"Redacci\u00f3n","twitter_card":"summary_large_image","twitter_creator":"@fidedignas","twitter_site":"@fidedignas","twitter_misc":{"Escrito por":"Redacci\u00f3n","Tiempo de lectura":"3 minutos"},"schema":{"@context":"https:\/\/schema.org","@graph":[{"@type":"Article","@id":"https:\/\/fuentesfidedignas.com.mx\/index.php\/2024\/06\/19\/invitan-a-ninas-y-ninos-a-que-formen-parte-de-la-clinica-de-verano-de-gimnasia-de-la-uas\/#article","isPartOf":{"@id":"https:\/\/fuentesfidedignas.com.mx\/index.php\/2024\/06\/19\/invitan-a-ninas-y-ninos-a-que-formen-parte-de-la-clinica-de-verano-de-gimnasia-de-la-uas\/"},"author":{"name":"Redacci\u00f3n","@id":"https:\/\/fuentesfidedignas.com.mx\/#\/schema\/person\/331be9283d37198e2acd5750279085b0"},"headline":"Invitan a ni\u00f1as y ni\u00f1os a que formen parte de la Cl\u00ednica de Verano de Gimnasia de la UAS","datePublished":"2024-06-20T00:54:47+00:00","mainEntityOfPage":{"@id":"https:\/\/fuentesfidedignas.com.mx\/index.php\/2024\/06\/19\/invitan-a-ninas-y-ninos-a-que-formen-parte-de-la-clinica-de-verano-de-gimnasia-de-la-uas\/"},"wordCount":514,"commentCount":0,"publisher":{"@id":"https:\/\/fuentesfidedignas.com.mx\/#organization"},"image":{"@id":"https:\/\/fuentesfidedignas.com.mx\/index.php\/2024\/06\/19\/invitan-a-ninas-y-ninos-a-que-formen-parte-de-la-clinica-de-verano-de-gimnasia-de-la-uas\/#primaryimage"},"thumbnailUrl":"https:\/\/fuentesfidedignas.com.mx\/wp-content\/uploads\/2024\/06\/Gimnasia-1.jpg","articleSection":["NOTICIAS LOCALES"],"inLanguage":"es","potentialAction":[{"@type":"CommentAction","name":"Comment","target":["https:\/\/fuentesfidedignas.com.mx\/index.php\/2024\/06\/19\/invitan-a-ninas-y-ninos-a-que-formen-parte-de-la-clinica-de-verano-de-gimnasia-de-la-uas\/#respond"]}]},{"@type":"WebPage","@id":"https:\/\/fuentesfidedignas.com.mx\/index.php\/2024\/06\/19\/invitan-a-ninas-y-ninos-a-que-formen-parte-de-la-clinica-de-verano-de-gimnasia-de-la-uas\/","url":"https:\/\/fuentesfidedignas.com.mx\/index.php\/2024\/06\/19\/invitan-a-ninas-y-ninos-a-que-formen-parte-de-la-clinica-de-verano-de-gimnasia-de-la-uas\/","name":"Invitan a ni\u00f1as y ni\u00f1os a que formen parte de la Cl\u00ednica de Verano de Gimnasia de la UAS - Fuentes Fidedignas","isPartOf":{"@id":"https:\/\/fuentesfidedignas.com.mx\/#website"},"primaryImageOfPage":{"@id":"https:\/\/fuentesfidedignas.com.mx\/index.php\/2024\/06\/19\/invitan-a-ninas-y-ninos-a-que-formen-parte-de-la-clinica-de-verano-de-gimnasia-de-la-uas\/#primaryimage"},"image":{"@id":"https:\/\/fuentesfidedignas.com.mx\/index.php\/2024\/06\/19\/invitan-a-ninas-y-ninos-a-que-formen-parte-de-la-clinica-de-verano-de-gimnasia-de-la-uas\/#primaryimage"},"thumbnailUrl":"https:\/\/fuentesfidedignas.com.mx\/wp-content\/uploads\/2024\/06\/Gimnasia-1.jpg","datePublished":"2024-06-20T00:54:47+00:00","breadcrumb":{"@id":"https:\/\/fuentesfidedignas.com.mx\/index.php\/2024\/06\/19\/invitan-a-ninas-y-ninos-a-que-formen-parte-de-la-clinica-de-verano-de-gimnasia-de-la-uas\/#breadcrumb"},"inLanguage":"es","potentialAction":[{"@type":"ReadAction","target":["https:\/\/fuentesfidedignas.com.mx\/index.php\/2024\/06\/19\/invitan-a-ninas-y-ninos-a-que-formen-parte-de-la-clinica-de-verano-de-gimnasia-de-la-uas\/"]}]},{"@type":"ImageObject","inLanguage":"es","@id":"https:\/\/fuentesfidedignas.com.mx\/index.php\/2024\/06\/19\/invitan-a-ninas-y-ninos-a-que-formen-parte-de-la-clinica-de-verano-de-gimnasia-de-la-uas\/#primaryimage","url":"https:\/\/fuentesfidedignas.com.mx\/wp-content\/uploads\/2024\/06\/Gimnasia-1.jpg","contentUrl":"https:\/\/fuentesfidedignas.com.mx\/wp-content\/uploads\/2024\/06\/Gimnasia-1.jpg","width":650,"height":433},{"@type":"BreadcrumbList","@id":"https:\/\/fuentesfidedignas.com.mx\/index.php\/2024\/06\/19\/invitan-a-ninas-y-ninos-a-que-formen-parte-de-la-clinica-de-verano-de-gimnasia-de-la-uas\/#breadcrumb","itemListElement":[{"@type":"ListItem","position":1,"name":"Inicio","item":"https:\/\/fuentesfidedignas.com.mx\/"},{"@type":"ListItem","position":2,"name":"Invitan a ni\u00f1as y ni\u00f1os a que formen parte de la Cl\u00ednica de Verano de Gimnasia de la UAS"}]},{"@type":"WebSite","@id":"https:\/\/fuentesfidedignas.com.mx\/#website","url":"https:\/\/fuentesfidedignas.com.mx\/","name":"Fuentes Fidedignas","description":"Otro sitio realizado con WordPress","publisher":{"@id":"https:\/\/fuentesfidedignas.com.mx\/#organization"},"potentialAction":[{"@type":"SearchAction","target":{"@type":"EntryPoint","urlTemplate":"https:\/\/fuentesfidedignas.com.mx\/?s={search_term_string}"},"query-input":{"@type":"PropertyValueSpecification","valueRequired":true,"valueName":"search_term_string"}}],"inLanguage":"es"},{"@type":"Organization","@id":"https:\/\/fuentesfidedignas.com.mx\/#organization","name":"Fuentes Fidedignas","url":"https:\/\/fuentesfidedignas.com.mx\/","logo":{"@type":"ImageObject","inLanguage":"es","@id":"https:\/\/fuentesfidedignas.com.mx\/#\/schema\/logo\/image\/","url":"https:\/\/fuentesfidedignas.com.mx\/wp-content\/uploads\/2021\/04\/logo-retina.png","contentUrl":"https:\/\/fuentesfidedignas.com.mx\/wp-content\/uploads\/2021\/04\/logo-retina.png","width":280,"height":51,"caption":"Fuentes Fidedignas"},"image":{"@id":"https:\/\/fuentesfidedignas.com.mx\/#\/schema\/logo\/image\/"},"sameAs":["https:\/\/www.facebook.com\/Fuentes-Fidedignas-368234489921644","https:\/\/x.com\/fidedignas"]},{"@type":"Person","@id":"https:\/\/fuentesfidedignas.com.mx\/#\/schema\/person\/331be9283d37198e2acd5750279085b0","name":"Redacci\u00f3n","image":{"@type":"ImageObject","inLanguage":"es","@id":"https:\/\/secure.gravatar.com\/avatar\/f6d8782c11d12b2d4ad3fbb6931aeab5309937a4d6cd2fc9cfaa28a6396a5aec?s=96&d=mm&r=g","url":"https:\/\/secure.gravatar.com\/avatar\/f6d8782c11d12b2d4ad3fbb6931aeab5309937a4d6cd2fc9cfaa28a6396a5aec?s=96&d=mm&r=g","contentUrl":"https:\/\/secure.gravatar.com\/avatar\/f6d8782c11d12b2d4ad3fbb6931aeab5309937a4d6cd2fc9cfaa28a6396a5aec?s=96&d=mm&r=g","caption":"Redacci\u00f3n"},"url":"https:\/\/fuentesfidedignas.com.mx\/index.php\/author\/redaccion\/"}]}},"_links":{"self":[{"href":"https:\/\/fuentesfidedignas.com.mx\/index.php\/wp-json\/wp\/v2\/posts\/84511","targetHints":{"allow":["GET"]}}],"collection":[{"href":"https:\/\/fuentesfidedignas.com.mx\/index.php\/wp-json\/wp\/v2\/posts"}],"about":[{"href":"https:\/\/fuentesfidedignas.com.mx\/index.php\/wp-json\/wp\/v2\/types\/post"}],"author":[{"embeddable":true,"href":"https:\/\/fuentesfidedignas.com.mx\/index.php\/wp-json\/wp\/v2\/users\/4"}],"replies":[{"embeddable":true,"href":"https:\/\/fuentesfidedignas.com.mx\/index.php\/wp-json\/wp\/v2\/comments?post=84511"}],"version-history":[{"count":1,"href":"https:\/\/fuentesfidedignas.com.mx\/index.php\/wp-json\/wp\/v2\/posts\/84511\/revisions"}],"predecessor-version":[{"id":84513,"href":"https:\/\/fuentesfidedignas.com.mx\/index.php\/wp-json\/wp\/v2\/posts\/84511\/revisions\/84513"}],"wp:featuredmedia":[{"embeddable":true,"href":"https:\/\/fuentesfidedignas.com.mx\/index.php\/wp-json\/wp\/v2\/media\/84512"}],"wp:attachment":[{"href":"https:\/\/fuentesfidedignas.com.mx\/index.php\/wp-json\/wp\/v2\/media?parent=84511"}],"wp:term":[{"taxonomy":"category","embeddable":true,"href":"https:\/\/fuentesfidedignas.com.mx\/index.php\/wp-json\/wp\/v2\/categories?post=84511"},{"taxonomy":"post_tag","embeddable":true,"href":"https:\/\/fuentesfidedignas.com.mx\/index.php\/wp-json\/wp\/v2\/tags?post=84511"}],"curies":[{"name":"wp","href":"https:\/\/api.w.org\/{rel}","templated":true}]}}