{"id":84484,"date":"2024-06-19T14:00:41","date_gmt":"2024-06-19T21:00:41","guid":{"rendered":"https:\/\/fuentesfidedignas.com.mx\/?p=84484"},"modified":"2024-06-19T15:13:40","modified_gmt":"2024-06-19T22:13:40","slug":"habra-boda-paloma-sanchez-y-uriel-estrada-anuncian-su-compromiso","status":"publish","type":"post","link":"https:\/\/fuentesfidedignas.com.mx\/index.php\/2024\/06\/19\/habra-boda-paloma-sanchez-y-uriel-estrada-anuncian-su-compromiso\/","title":{"rendered":"\u00a1Habr\u00e1 boda! Paloma S\u00e1nchez y Uriel Estrada anuncian su compromiso"},"content":{"rendered":"\n<p><strong><em>El presentador de TV Azteca inici\u00f3 su romance con la pol\u00edtica a mediados de 2023 y ahora la pareja ya tiene planes de llegar al altar<\/em><\/strong><\/p>\n\n\n\n<p>Culiac\u00e1n, Sin.- <strong>Uriel Estrada<\/strong>, conductor del programa de TV Azteca \u201c<strong><em>Al Extremo<\/em><\/strong>\u201d, anunci\u00f3 su&nbsp;<strong>compromiso matrimonial<\/strong>&nbsp;con&nbsp;<strong>Paloma S\u00e1nchez<\/strong>, pr\u00f3xima senadora pri\u00edsta por el estado de Sinaloa.<\/p>\n\n\n\n<p class=\"paragraph\">La noticia fue dada a conocer este fin de semana a trav\u00e9s de redes sociales, donde tanto S\u00e1nchez como Estrada compartieron una imagen con el mensaje \u201c\u00bfTe quieres casar conmigo?\u201d y una posterior imagen donde la novia presume su anillo de compromiso. Hasta el momento, ninguno de los dos ha proporcionado m\u00e1s comentarios sobre el compromiso.<\/p>\n\n\n\n<p class=\"paragraph\">Este anuncio ha generado reacciones entre fans del programa, quienes expresaron su sorpresa y decepci\u00f3n en redes sociales por una presunta relaci\u00f3n entre Estrada y su compa\u00f1era de elenco,&nbsp;<strong>Vanessa Claudio<\/strong>.<\/p>\n\n\n\n<p class=\"paragraph\">Comentarios como \u201cPerdimos nuestra esperanza que fueran novios con Vanessa\u201d fueron comunes en las plataformas sociales.<\/p>\n\n\n\n<figure class=\"wp-block-image\"><img decoding=\"async\" src=\"https:\/\/www.infobae.com\/new-resizer\/fbd8p_WgqyuEeX5MF1U_ewSnQ5g=\/arc-anglerfish-arc2-prod-infobae\/public\/N3DTR5M2WRHZ3J3JSPSRTSALTQ.jpg\" alt=\"La pr\u00f3xima senadora del PRI por Sonora comparti\u00f3 una imagen con su anillo de compromiso (Foto: Instagram)\"\/><\/figure>\n\n\n\n<p>La pr\u00f3xima senadora del PRI por Sinaloa comparti\u00f3 una imagen con su anillo de compromiso (Foto: Instagram)<\/p>\n\n\n\n<p class=\"paragraph\">La relaci\u00f3n entre Estrada y&nbsp;<strong>Paloma S\u00e1nchez<\/strong>&nbsp;comenz\u00f3 durante una entrevista, seg\u00fan report\u00f3 el medio \u201c<em>Cuna de Grillos<\/em>\u201d.<\/p>\n\n\n\n<p class=\"paragraph\">Ambos tienen 38 a\u00f1os y no han tenido matrimonios previos. Tras conocerse en una entrevista, intercambiaron n\u00fameros de tel\u00e9fono y empezaron una relaci\u00f3n amorosa.<\/p>\n\n\n\n<p class=\"paragraph\">\u201cSe conocieron durante una entrevista en la que coincidieron ambos. Al periodista lo estaban entrevistando primero, luego a ella. M\u00e1s adelante intercambiaron tel\u00e9fonos y ahora intercambian amor\u201d, explic\u00f3 el medio de comunicaci\u00f3n en enero de este 2024.<\/p>\n\n\n\n<p class=\"paragraph\">Antes de estar con Paloma S\u00e1nchez, Uriel Estrada fue protagonista de otros romances p\u00fablicos, entre ellos uno con la&nbsp;presentadora de<strong>&nbsp;<em>Televisa&nbsp;<\/em>Alejandra Aguayo<\/strong>, que termin\u00f3 abruptamente.<\/p>\n\n\n\n<p class=\"paragraph\">Adem\u00e1s, la incorporaci\u00f3n de Vanessa Claudio al programa \u201c<em>Al Extremo<\/em>\u201d tras la salida de Carmen Mu\u00f1oz aliment\u00f3 rumores sobre un posible v\u00ednculo amoroso entre ella y Estrada, aunque nunca se confirm\u00f3.<\/p>\n\n\n\n<p class=\"paragraph\">El anuncio del compromiso establece claramente la decisi\u00f3n de Uriel Estrada de avanzar en su vida personal. A pesar de las especulaciones, ha dejado en claro que su presente est\u00e1 con Paloma S\u00e1nchez, una figura pol\u00edtica que ha ganado relevancia en el \u00e1mbito nacional.<\/p>\n\n\n\n<p class=\"paragraph\">La noticia del romance entre el presentador y la pr\u00f3xima senadora del PRI en Sinaloa fue inicialmente revelada por la revista\u00a0<em>TVNotas<\/em>, que cit\u00f3 a una fuente cercana a la pareja. Seg\u00fan dicha fuente, la relaci\u00f3n se formaliz\u00f3 a mediados de 2023.<\/p>\n\n\n\n<p class=\"paragraph\">En enero de 2024, Estrada comparti\u00f3 una publicaci\u00f3n del reportero Gil Huerta en Instagram, donde se detallaba su romance con S\u00e1nchez.<\/p>\n","protected":false},"excerpt":{"rendered":"<p>El presentador de TV Azteca inici\u00f3 su romance con la pol\u00edtica a mediados de 2023 y ahora la pareja ya tiene planes de llegar al altar Culiac\u00e1n, Sin.- Uriel Estrada, conductor del programa de TV Azteca \u201cAl Extremo\u201d, anunci\u00f3 su&nbsp;compromiso matrimonial&nbsp;con&nbsp;Paloma S\u00e1nchez, pr\u00f3xima senadora pri\u00edsta por el estado de Sinaloa. La noticia fue dada a [&hellip;]<\/p>\n","protected":false},"author":41,"featured_media":84483,"comment_status":"closed","ping_status":"open","sticky":false,"template":"","format":"standard","meta":{"tdm_status":"","tdm_grid_status":"","footnotes":""},"categories":[38],"tags":[],"class_list":{"0":"post-84484","1":"post","2":"type-post","3":"status-publish","4":"format-standard","5":"has-post-thumbnail","7":"category-noticias-locales"},"yoast_head":"<!-- This site is optimized with the Yoast SEO plugin v27.4 - https:\/\/yoast.com\/product\/yoast-seo-wordpress\/ -->\n<title>\u00a1Habr\u00e1 boda! Paloma S\u00e1nchez y Uriel Estrada anuncian su compromiso - Fuentes Fidedignas<\/title>\n<meta name=\"robots\" content=\"index, follow, max-snippet:-1, max-image-preview:large, max-video-preview:-1\" \/>\n<link rel=\"canonical\" href=\"https:\/\/fuentesfidedignas.com.mx\/index.php\/2024\/06\/19\/habra-boda-paloma-sanchez-y-uriel-estrada-anuncian-su-compromiso\/\" \/>\n<meta property=\"og:locale\" content=\"es_MX\" \/>\n<meta property=\"og:type\" content=\"article\" \/>\n<meta property=\"og:title\" content=\"\u00a1Habr\u00e1 boda! Paloma S\u00e1nchez y Uriel Estrada anuncian su compromiso - Fuentes Fidedignas\" \/>\n<meta property=\"og:description\" content=\"El presentador de TV Azteca inici\u00f3 su romance con la pol\u00edtica a mediados de 2023 y ahora la pareja ya tiene planes de llegar al altar Culiac\u00e1n, Sin.- Uriel Estrada, conductor del programa de TV Azteca \u201cAl Extremo\u201d, anunci\u00f3 su&nbsp;compromiso matrimonial&nbsp;con&nbsp;Paloma S\u00e1nchez, pr\u00f3xima senadora pri\u00edsta por el estado de Sinaloa. La noticia fue dada a [&hellip;]\" \/>\n<meta property=\"og:url\" content=\"https:\/\/fuentesfidedignas.com.mx\/index.php\/2024\/06\/19\/habra-boda-paloma-sanchez-y-uriel-estrada-anuncian-su-compromiso\/\" \/>\n<meta property=\"og:site_name\" content=\"Fuentes Fidedignas\" \/>\n<meta property=\"article:publisher\" content=\"https:\/\/www.facebook.com\/Fuentes-Fidedignas-368234489921644\" \/>\n<meta property=\"article:published_time\" content=\"2024-06-19T21:00:41+00:00\" \/>\n<meta property=\"article:modified_time\" content=\"2024-06-19T22:13:40+00:00\" \/>\n<meta property=\"og:image\" content=\"https:\/\/fuentesfidedignas.com.mx\/wp-content\/uploads\/2024\/06\/img_7500.jpg\" \/>\n\t<meta property=\"og:image:width\" content=\"1920\" \/>\n\t<meta property=\"og:image:height\" content=\"1080\" \/>\n\t<meta property=\"og:image:type\" content=\"image\/jpeg\" \/>\n<meta name=\"author\" content=\"Infobae\" \/>\n<meta name=\"twitter:card\" content=\"summary_large_image\" \/>\n<meta name=\"twitter:creator\" content=\"@fidedignas\" \/>\n<meta name=\"twitter:site\" content=\"@fidedignas\" \/>\n<meta name=\"twitter:label1\" content=\"Escrito por\" \/>\n\t<meta name=\"twitter:data1\" content=\"Infobae\" \/>\n\t<meta name=\"twitter:label2\" content=\"Tiempo de lectura\" \/>\n\t<meta name=\"twitter:data2\" content=\"3 minutos\" \/>\n<script type=\"application\/ld+json\" class=\"yoast-schema-graph\">{\"@context\":\"https:\\\/\\\/schema.org\",\"@graph\":[{\"@type\":\"Article\",\"@id\":\"https:\\\/\\\/fuentesfidedignas.com.mx\\\/index.php\\\/2024\\\/06\\\/19\\\/habra-boda-paloma-sanchez-y-uriel-estrada-anuncian-su-compromiso\\\/#article\",\"isPartOf\":{\"@id\":\"https:\\\/\\\/fuentesfidedignas.com.mx\\\/index.php\\\/2024\\\/06\\\/19\\\/habra-boda-paloma-sanchez-y-uriel-estrada-anuncian-su-compromiso\\\/\"},\"author\":{\"name\":\"Infobae\",\"@id\":\"https:\\\/\\\/fuentesfidedignas.com.mx\\\/#\\\/schema\\\/person\\\/8575896a7c1067d352f6c1cd6582c389\"},\"headline\":\"\u00a1Habr\u00e1 boda! Paloma S\u00e1nchez y Uriel Estrada anuncian su compromiso\",\"datePublished\":\"2024-06-19T21:00:41+00:00\",\"dateModified\":\"2024-06-19T22:13:40+00:00\",\"mainEntityOfPage\":{\"@id\":\"https:\\\/\\\/fuentesfidedignas.com.mx\\\/index.php\\\/2024\\\/06\\\/19\\\/habra-boda-paloma-sanchez-y-uriel-estrada-anuncian-su-compromiso\\\/\"},\"wordCount\":469,\"publisher\":{\"@id\":\"https:\\\/\\\/fuentesfidedignas.com.mx\\\/#organization\"},\"image\":{\"@id\":\"https:\\\/\\\/fuentesfidedignas.com.mx\\\/index.php\\\/2024\\\/06\\\/19\\\/habra-boda-paloma-sanchez-y-uriel-estrada-anuncian-su-compromiso\\\/#primaryimage\"},\"thumbnailUrl\":\"https:\\\/\\\/fuentesfidedignas.com.mx\\\/wp-content\\\/uploads\\\/2024\\\/06\\\/img_7500.jpg\",\"articleSection\":[\"NOTICIAS LOCALES\"],\"inLanguage\":\"es\"},{\"@type\":\"WebPage\",\"@id\":\"https:\\\/\\\/fuentesfidedignas.com.mx\\\/index.php\\\/2024\\\/06\\\/19\\\/habra-boda-paloma-sanchez-y-uriel-estrada-anuncian-su-compromiso\\\/\",\"url\":\"https:\\\/\\\/fuentesfidedignas.com.mx\\\/index.php\\\/2024\\\/06\\\/19\\\/habra-boda-paloma-sanchez-y-uriel-estrada-anuncian-su-compromiso\\\/\",\"name\":\"\u00a1Habr\u00e1 boda! Paloma S\u00e1nchez y Uriel Estrada anuncian su compromiso - Fuentes Fidedignas\",\"isPartOf\":{\"@id\":\"https:\\\/\\\/fuentesfidedignas.com.mx\\\/#website\"},\"primaryImageOfPage\":{\"@id\":\"https:\\\/\\\/fuentesfidedignas.com.mx\\\/index.php\\\/2024\\\/06\\\/19\\\/habra-boda-paloma-sanchez-y-uriel-estrada-anuncian-su-compromiso\\\/#primaryimage\"},\"image\":{\"@id\":\"https:\\\/\\\/fuentesfidedignas.com.mx\\\/index.php\\\/2024\\\/06\\\/19\\\/habra-boda-paloma-sanchez-y-uriel-estrada-anuncian-su-compromiso\\\/#primaryimage\"},\"thumbnailUrl\":\"https:\\\/\\\/fuentesfidedignas.com.mx\\\/wp-content\\\/uploads\\\/2024\\\/06\\\/img_7500.jpg\",\"datePublished\":\"2024-06-19T21:00:41+00:00\",\"dateModified\":\"2024-06-19T22:13:40+00:00\",\"breadcrumb\":{\"@id\":\"https:\\\/\\\/fuentesfidedignas.com.mx\\\/index.php\\\/2024\\\/06\\\/19\\\/habra-boda-paloma-sanchez-y-uriel-estrada-anuncian-su-compromiso\\\/#breadcrumb\"},\"inLanguage\":\"es\",\"potentialAction\":[{\"@type\":\"ReadAction\",\"target\":[\"https:\\\/\\\/fuentesfidedignas.com.mx\\\/index.php\\\/2024\\\/06\\\/19\\\/habra-boda-paloma-sanchez-y-uriel-estrada-anuncian-su-compromiso\\\/\"]}]},{\"@type\":\"ImageObject\",\"inLanguage\":\"es\",\"@id\":\"https:\\\/\\\/fuentesfidedignas.com.mx\\\/index.php\\\/2024\\\/06\\\/19\\\/habra-boda-paloma-sanchez-y-uriel-estrada-anuncian-su-compromiso\\\/#primaryimage\",\"url\":\"https:\\\/\\\/fuentesfidedignas.com.mx\\\/wp-content\\\/uploads\\\/2024\\\/06\\\/img_7500.jpg\",\"contentUrl\":\"https:\\\/\\\/fuentesfidedignas.com.mx\\\/wp-content\\\/uploads\\\/2024\\\/06\\\/img_7500.jpg\",\"width\":1920,\"height\":1080},{\"@type\":\"BreadcrumbList\",\"@id\":\"https:\\\/\\\/fuentesfidedignas.com.mx\\\/index.php\\\/2024\\\/06\\\/19\\\/habra-boda-paloma-sanchez-y-uriel-estrada-anuncian-su-compromiso\\\/#breadcrumb\",\"itemListElement\":[{\"@type\":\"ListItem\",\"position\":1,\"name\":\"Inicio\",\"item\":\"https:\\\/\\\/fuentesfidedignas.com.mx\\\/\"},{\"@type\":\"ListItem\",\"position\":2,\"name\":\"\u00a1Habr\u00e1 boda! Paloma S\u00e1nchez y Uriel Estrada anuncian su compromiso\"}]},{\"@type\":\"WebSite\",\"@id\":\"https:\\\/\\\/fuentesfidedignas.com.mx\\\/#website\",\"url\":\"https:\\\/\\\/fuentesfidedignas.com.mx\\\/\",\"name\":\"Fuentes Fidedignas\",\"description\":\"Otro sitio realizado con WordPress\",\"publisher\":{\"@id\":\"https:\\\/\\\/fuentesfidedignas.com.mx\\\/#organization\"},\"potentialAction\":[{\"@type\":\"SearchAction\",\"target\":{\"@type\":\"EntryPoint\",\"urlTemplate\":\"https:\\\/\\\/fuentesfidedignas.com.mx\\\/?s={search_term_string}\"},\"query-input\":{\"@type\":\"PropertyValueSpecification\",\"valueRequired\":true,\"valueName\":\"search_term_string\"}}],\"inLanguage\":\"es\"},{\"@type\":\"Organization\",\"@id\":\"https:\\\/\\\/fuentesfidedignas.com.mx\\\/#organization\",\"name\":\"Fuentes Fidedignas\",\"url\":\"https:\\\/\\\/fuentesfidedignas.com.mx\\\/\",\"logo\":{\"@type\":\"ImageObject\",\"inLanguage\":\"es\",\"@id\":\"https:\\\/\\\/fuentesfidedignas.com.mx\\\/#\\\/schema\\\/logo\\\/image\\\/\",\"url\":\"https:\\\/\\\/fuentesfidedignas.com.mx\\\/wp-content\\\/uploads\\\/2021\\\/04\\\/logo-retina.png\",\"contentUrl\":\"https:\\\/\\\/fuentesfidedignas.com.mx\\\/wp-content\\\/uploads\\\/2021\\\/04\\\/logo-retina.png\",\"width\":280,\"height\":51,\"caption\":\"Fuentes Fidedignas\"},\"image\":{\"@id\":\"https:\\\/\\\/fuentesfidedignas.com.mx\\\/#\\\/schema\\\/logo\\\/image\\\/\"},\"sameAs\":[\"https:\\\/\\\/www.facebook.com\\\/Fuentes-Fidedignas-368234489921644\",\"https:\\\/\\\/x.com\\\/fidedignas\"]},{\"@type\":\"Person\",\"@id\":\"https:\\\/\\\/fuentesfidedignas.com.mx\\\/#\\\/schema\\\/person\\\/8575896a7c1067d352f6c1cd6582c389\",\"name\":\"Infobae\",\"image\":{\"@type\":\"ImageObject\",\"inLanguage\":\"es\",\"@id\":\"https:\\\/\\\/secure.gravatar.com\\\/avatar\\\/e4ec95706f8d1670343f6526fdcec45474bab17475a851434a64ca12b5acba1c?s=96&d=mm&r=g\",\"url\":\"https:\\\/\\\/secure.gravatar.com\\\/avatar\\\/e4ec95706f8d1670343f6526fdcec45474bab17475a851434a64ca12b5acba1c?s=96&d=mm&r=g\",\"contentUrl\":\"https:\\\/\\\/secure.gravatar.com\\\/avatar\\\/e4ec95706f8d1670343f6526fdcec45474bab17475a851434a64ca12b5acba1c?s=96&d=mm&r=g\",\"caption\":\"Infobae\"},\"url\":\"https:\\\/\\\/fuentesfidedignas.com.mx\\\/index.php\\\/author\\\/infobae\\\/\"}]}<\/script>\n<!-- \/ Yoast SEO plugin. -->","yoast_head_json":{"title":"\u00a1Habr\u00e1 boda! Paloma S\u00e1nchez y Uriel Estrada anuncian su compromiso - Fuentes Fidedignas","robots":{"index":"index","follow":"follow","max-snippet":"max-snippet:-1","max-image-preview":"max-image-preview:large","max-video-preview":"max-video-preview:-1"},"canonical":"https:\/\/fuentesfidedignas.com.mx\/index.php\/2024\/06\/19\/habra-boda-paloma-sanchez-y-uriel-estrada-anuncian-su-compromiso\/","og_locale":"es_MX","og_type":"article","og_title":"\u00a1Habr\u00e1 boda! Paloma S\u00e1nchez y Uriel Estrada anuncian su compromiso - Fuentes Fidedignas","og_description":"El presentador de TV Azteca inici\u00f3 su romance con la pol\u00edtica a mediados de 2023 y ahora la pareja ya tiene planes de llegar al altar Culiac\u00e1n, Sin.- Uriel Estrada, conductor del programa de TV Azteca \u201cAl Extremo\u201d, anunci\u00f3 su&nbsp;compromiso matrimonial&nbsp;con&nbsp;Paloma S\u00e1nchez, pr\u00f3xima senadora pri\u00edsta por el estado de Sinaloa. La noticia fue dada a [&hellip;]","og_url":"https:\/\/fuentesfidedignas.com.mx\/index.php\/2024\/06\/19\/habra-boda-paloma-sanchez-y-uriel-estrada-anuncian-su-compromiso\/","og_site_name":"Fuentes Fidedignas","article_publisher":"https:\/\/www.facebook.com\/Fuentes-Fidedignas-368234489921644","article_published_time":"2024-06-19T21:00:41+00:00","article_modified_time":"2024-06-19T22:13:40+00:00","og_image":[{"width":1920,"height":1080,"url":"https:\/\/fuentesfidedignas.com.mx\/wp-content\/uploads\/2024\/06\/img_7500.jpg","type":"image\/jpeg"}],"author":"Infobae","twitter_card":"summary_large_image","twitter_creator":"@fidedignas","twitter_site":"@fidedignas","twitter_misc":{"Escrito por":"Infobae","Tiempo de lectura":"3 minutos"},"schema":{"@context":"https:\/\/schema.org","@graph":[{"@type":"Article","@id":"https:\/\/fuentesfidedignas.com.mx\/index.php\/2024\/06\/19\/habra-boda-paloma-sanchez-y-uriel-estrada-anuncian-su-compromiso\/#article","isPartOf":{"@id":"https:\/\/fuentesfidedignas.com.mx\/index.php\/2024\/06\/19\/habra-boda-paloma-sanchez-y-uriel-estrada-anuncian-su-compromiso\/"},"author":{"name":"Infobae","@id":"https:\/\/fuentesfidedignas.com.mx\/#\/schema\/person\/8575896a7c1067d352f6c1cd6582c389"},"headline":"\u00a1Habr\u00e1 boda! Paloma S\u00e1nchez y Uriel Estrada anuncian su compromiso","datePublished":"2024-06-19T21:00:41+00:00","dateModified":"2024-06-19T22:13:40+00:00","mainEntityOfPage":{"@id":"https:\/\/fuentesfidedignas.com.mx\/index.php\/2024\/06\/19\/habra-boda-paloma-sanchez-y-uriel-estrada-anuncian-su-compromiso\/"},"wordCount":469,"publisher":{"@id":"https:\/\/fuentesfidedignas.com.mx\/#organization"},"image":{"@id":"https:\/\/fuentesfidedignas.com.mx\/index.php\/2024\/06\/19\/habra-boda-paloma-sanchez-y-uriel-estrada-anuncian-su-compromiso\/#primaryimage"},"thumbnailUrl":"https:\/\/fuentesfidedignas.com.mx\/wp-content\/uploads\/2024\/06\/img_7500.jpg","articleSection":["NOTICIAS LOCALES"],"inLanguage":"es"},{"@type":"WebPage","@id":"https:\/\/fuentesfidedignas.com.mx\/index.php\/2024\/06\/19\/habra-boda-paloma-sanchez-y-uriel-estrada-anuncian-su-compromiso\/","url":"https:\/\/fuentesfidedignas.com.mx\/index.php\/2024\/06\/19\/habra-boda-paloma-sanchez-y-uriel-estrada-anuncian-su-compromiso\/","name":"\u00a1Habr\u00e1 boda! Paloma S\u00e1nchez y Uriel Estrada anuncian su compromiso - Fuentes Fidedignas","isPartOf":{"@id":"https:\/\/fuentesfidedignas.com.mx\/#website"},"primaryImageOfPage":{"@id":"https:\/\/fuentesfidedignas.com.mx\/index.php\/2024\/06\/19\/habra-boda-paloma-sanchez-y-uriel-estrada-anuncian-su-compromiso\/#primaryimage"},"image":{"@id":"https:\/\/fuentesfidedignas.com.mx\/index.php\/2024\/06\/19\/habra-boda-paloma-sanchez-y-uriel-estrada-anuncian-su-compromiso\/#primaryimage"},"thumbnailUrl":"https:\/\/fuentesfidedignas.com.mx\/wp-content\/uploads\/2024\/06\/img_7500.jpg","datePublished":"2024-06-19T21:00:41+00:00","dateModified":"2024-06-19T22:13:40+00:00","breadcrumb":{"@id":"https:\/\/fuentesfidedignas.com.mx\/index.php\/2024\/06\/19\/habra-boda-paloma-sanchez-y-uriel-estrada-anuncian-su-compromiso\/#breadcrumb"},"inLanguage":"es","potentialAction":[{"@type":"ReadAction","target":["https:\/\/fuentesfidedignas.com.mx\/index.php\/2024\/06\/19\/habra-boda-paloma-sanchez-y-uriel-estrada-anuncian-su-compromiso\/"]}]},{"@type":"ImageObject","inLanguage":"es","@id":"https:\/\/fuentesfidedignas.com.mx\/index.php\/2024\/06\/19\/habra-boda-paloma-sanchez-y-uriel-estrada-anuncian-su-compromiso\/#primaryimage","url":"https:\/\/fuentesfidedignas.com.mx\/wp-content\/uploads\/2024\/06\/img_7500.jpg","contentUrl":"https:\/\/fuentesfidedignas.com.mx\/wp-content\/uploads\/2024\/06\/img_7500.jpg","width":1920,"height":1080},{"@type":"BreadcrumbList","@id":"https:\/\/fuentesfidedignas.com.mx\/index.php\/2024\/06\/19\/habra-boda-paloma-sanchez-y-uriel-estrada-anuncian-su-compromiso\/#breadcrumb","itemListElement":[{"@type":"ListItem","position":1,"name":"Inicio","item":"https:\/\/fuentesfidedignas.com.mx\/"},{"@type":"ListItem","position":2,"name":"\u00a1Habr\u00e1 boda! Paloma S\u00e1nchez y Uriel Estrada anuncian su compromiso"}]},{"@type":"WebSite","@id":"https:\/\/fuentesfidedignas.com.mx\/#website","url":"https:\/\/fuentesfidedignas.com.mx\/","name":"Fuentes Fidedignas","description":"Otro sitio realizado con WordPress","publisher":{"@id":"https:\/\/fuentesfidedignas.com.mx\/#organization"},"potentialAction":[{"@type":"SearchAction","target":{"@type":"EntryPoint","urlTemplate":"https:\/\/fuentesfidedignas.com.mx\/?s={search_term_string}"},"query-input":{"@type":"PropertyValueSpecification","valueRequired":true,"valueName":"search_term_string"}}],"inLanguage":"es"},{"@type":"Organization","@id":"https:\/\/fuentesfidedignas.com.mx\/#organization","name":"Fuentes Fidedignas","url":"https:\/\/fuentesfidedignas.com.mx\/","logo":{"@type":"ImageObject","inLanguage":"es","@id":"https:\/\/fuentesfidedignas.com.mx\/#\/schema\/logo\/image\/","url":"https:\/\/fuentesfidedignas.com.mx\/wp-content\/uploads\/2021\/04\/logo-retina.png","contentUrl":"https:\/\/fuentesfidedignas.com.mx\/wp-content\/uploads\/2021\/04\/logo-retina.png","width":280,"height":51,"caption":"Fuentes Fidedignas"},"image":{"@id":"https:\/\/fuentesfidedignas.com.mx\/#\/schema\/logo\/image\/"},"sameAs":["https:\/\/www.facebook.com\/Fuentes-Fidedignas-368234489921644","https:\/\/x.com\/fidedignas"]},{"@type":"Person","@id":"https:\/\/fuentesfidedignas.com.mx\/#\/schema\/person\/8575896a7c1067d352f6c1cd6582c389","name":"Infobae","image":{"@type":"ImageObject","inLanguage":"es","@id":"https:\/\/secure.gravatar.com\/avatar\/e4ec95706f8d1670343f6526fdcec45474bab17475a851434a64ca12b5acba1c?s=96&d=mm&r=g","url":"https:\/\/secure.gravatar.com\/avatar\/e4ec95706f8d1670343f6526fdcec45474bab17475a851434a64ca12b5acba1c?s=96&d=mm&r=g","contentUrl":"https:\/\/secure.gravatar.com\/avatar\/e4ec95706f8d1670343f6526fdcec45474bab17475a851434a64ca12b5acba1c?s=96&d=mm&r=g","caption":"Infobae"},"url":"https:\/\/fuentesfidedignas.com.mx\/index.php\/author\/infobae\/"}]}},"_links":{"self":[{"href":"https:\/\/fuentesfidedignas.com.mx\/index.php\/wp-json\/wp\/v2\/posts\/84484","targetHints":{"allow":["GET"]}}],"collection":[{"href":"https:\/\/fuentesfidedignas.com.mx\/index.php\/wp-json\/wp\/v2\/posts"}],"about":[{"href":"https:\/\/fuentesfidedignas.com.mx\/index.php\/wp-json\/wp\/v2\/types\/post"}],"author":[{"embeddable":true,"href":"https:\/\/fuentesfidedignas.com.mx\/index.php\/wp-json\/wp\/v2\/users\/41"}],"replies":[{"embeddable":true,"href":"https:\/\/fuentesfidedignas.com.mx\/index.php\/wp-json\/wp\/v2\/comments?post=84484"}],"version-history":[{"count":2,"href":"https:\/\/fuentesfidedignas.com.mx\/index.php\/wp-json\/wp\/v2\/posts\/84484\/revisions"}],"predecessor-version":[{"id":84486,"href":"https:\/\/fuentesfidedignas.com.mx\/index.php\/wp-json\/wp\/v2\/posts\/84484\/revisions\/84486"}],"wp:featuredmedia":[{"embeddable":true,"href":"https:\/\/fuentesfidedignas.com.mx\/index.php\/wp-json\/wp\/v2\/media\/84483"}],"wp:attachment":[{"href":"https:\/\/fuentesfidedignas.com.mx\/index.php\/wp-json\/wp\/v2\/media?parent=84484"}],"wp:term":[{"taxonomy":"category","embeddable":true,"href":"https:\/\/fuentesfidedignas.com.mx\/index.php\/wp-json\/wp\/v2\/categories?post=84484"},{"taxonomy":"post_tag","embeddable":true,"href":"https:\/\/fuentesfidedignas.com.mx\/index.php\/wp-json\/wp\/v2\/tags?post=84484"}],"curies":[{"name":"wp","href":"https:\/\/api.w.org\/{rel}","templated":true}]}}