{"id":8445,"date":"2021-07-29T07:33:34","date_gmt":"2021-07-29T14:33:34","guid":{"rendered":"https:\/\/fuentesfidedignas.com.mx\/?p=8445"},"modified":"2021-07-29T07:34:21","modified_gmt":"2021-07-29T14:34:21","slug":"muertes-por-covid-19-en-2020-fueron-35-3-superiores-a-las-reportadas-por-ssa","status":"publish","type":"post","link":"https:\/\/fuentesfidedignas.com.mx\/index.php\/2021\/07\/29\/muertes-por-covid-19-en-2020-fueron-35-3-superiores-a-las-reportadas-por-ssa\/","title":{"rendered":"Muertes por Covid-19 en 2020 fueron 35.3% superiores a las reportadas por Ssa"},"content":{"rendered":"\n<p>El n\u00famero de defunciones en el pa\u00eds super\u00f3 el mill\u00f3n de muertes en un a\u00f1o por primera vez desde que se lleva a cabo el registro<\/p>\n\n\n\n<p>En 2020 el n\u00famero de muertes registradas en M\u00e9xico causadas por Covid-19 ascendi\u00f3 a 201 mil 163, inform\u00f3 el Inegi, monto 35.3% superior a la cifra revisada de 148 mil 629 casos registrados por la Secretar\u00eda de Salud al cierre del a\u00f1o pasado.<\/p>\n\n\n\n<p>El dato revisado de la Secretar\u00eda de Salud es correcto, pero s\u00f3lo se refiere a las muertes en hospitales, y lo que est\u00e1 publicando el Inegi es todo ese gran volumen de defunciones por la pandemia que se est\u00e1 registrando tanto en hospitales como en las casas, calles y otros lugares, y por eso es la diferencia.<\/p>\n\n\n\n<p>Resultado de lo anterior, el n\u00famero de defunciones en el pa\u00eds super\u00f3 el mill\u00f3n de muertes en un a\u00f1o por primera vez desde que se lleva a cabo el registro.<\/p>\n\n\n\n<p>Durante 2020 en M\u00e9xico se contabilizaron, mediante los registros administrativos generados a partir de los certificados de defunci\u00f3n suministrados por las oficial\u00edas del Registro Civil, los Servicios M\u00e9dicos Forenses y los cuadernos estad\u00edsticos proporcionados por las Agencias del Ministerio P\u00fablico, un total de un mill\u00f3n 86 mil 94 casos, cifra 45.2% superior a la reportada un a\u00f1o antes.<\/p>\n\n\n\n<p>La tasa de defunciones registradas por cada 10 mil habitantes fue de 86, superior en 27 unidades respecto a la informaci\u00f3n definitiva del a\u00f1o anterior.<\/p>\n\n\n\n<p>En el periodo de 2015 a 2019 se esperaban de enero a diciembre 2020 un total de 749 mil 500 defunciones y ocurrieron 1 075 779. Con base en estos resultados se tiene un exceso de mortalidad por todas las causas de 326 279, equivalente al 43.5%.<\/p>\n\n\n\n<p>El 58.8% de las defunciones corresponden a hombres, mientras que 41.1% a mujeres. En 756 casos no se especific\u00f3 el sexo. Por grupos de edad, la mayor proporci\u00f3n de muertes se concentra en las personas de 65 a\u00f1os y m\u00e1s (605 662, equivalentes al 55.8%).<\/p>\n\n\n\n<p>Las mayores tasas de defunciones registradas por cada 10 mil habitantes por entidad de residencia habitual ocurrieron en Ciudad de M\u00e9xico con 116, Chihuahua con 105, Sonora con 94, Morelos y Veracruz de Ignacio de la Llave con 93. En contraparte, las entidades que reportaron las tasas m\u00e1s bajas fueron Quintana Roo con 59, Baja California Sur con 61, Quer\u00e9taro con 63 y Aguascalientes con 67.<\/p>\n\n\n\n<p>Por problemas de salud, las tres principales causas de muerte a nivel nacional son por enfermedades del coraz\u00f3n (218 mil 885, 20.2%), por la Covid-19 (201 mil 163, 18.5%) y por diabetes mellitus (151 mil 214, 13.9%)<\/p>\n\n\n\n<p>Las cifras del Inegi llegan en plena tercera ola de coronavirus, cuando la variante Delta se hace presente y cambia el plano ante la vacunaci\u00f3n, que al menos en el Valle de M\u00e9xico ya alcanza la etapa de los adultos m\u00e1s j\u00f3venes, de 18 a 29 a\u00f1os.<\/p>\n","protected":false},"excerpt":{"rendered":"<p>El n\u00famero de defunciones en el pa\u00eds super\u00f3 el mill\u00f3n de muertes en un a\u00f1o por primera vez desde que se lleva a cabo el registro En 2020 el n\u00famero de muertes registradas en M\u00e9xico causadas por Covid-19 ascendi\u00f3 a 201 mil 163, inform\u00f3 el Inegi, monto 35.3% superior a la cifra revisada de 148 [&hellip;]<\/p>\n","protected":false},"author":39,"featured_media":0,"comment_status":"open","ping_status":"open","sticky":false,"template":"","format":"standard","meta":{"tdm_status":"","tdm_grid_status":"","footnotes":""},"categories":[39,1],"tags":[],"class_list":{"0":"post-8445","1":"post","2":"type-post","3":"status-publish","4":"format-standard","6":"category-noticias-nacionales","7":"category-sin-categoria"},"yoast_head":"<!-- This site is optimized with the Yoast SEO plugin v27.5 - https:\/\/yoast.com\/product\/yoast-seo-wordpress\/ -->\n<title>Muertes por Covid-19 en 2020 fueron 35.3% superiores a las reportadas por Ssa - Fuentes Fidedignas<\/title>\n<meta name=\"robots\" content=\"index, follow, max-snippet:-1, max-image-preview:large, max-video-preview:-1\" \/>\n<link rel=\"canonical\" href=\"https:\/\/fuentesfidedignas.com.mx\/index.php\/2021\/07\/29\/muertes-por-covid-19-en-2020-fueron-35-3-superiores-a-las-reportadas-por-ssa\/\" \/>\n<meta property=\"og:locale\" content=\"es_MX\" \/>\n<meta property=\"og:type\" content=\"article\" \/>\n<meta property=\"og:title\" content=\"Muertes por Covid-19 en 2020 fueron 35.3% superiores a las reportadas por Ssa - Fuentes Fidedignas\" \/>\n<meta property=\"og:description\" content=\"El n\u00famero de defunciones en el pa\u00eds super\u00f3 el mill\u00f3n de muertes en un a\u00f1o por primera vez desde que se lleva a cabo el registro En 2020 el n\u00famero de muertes registradas en M\u00e9xico causadas por Covid-19 ascendi\u00f3 a 201 mil 163, inform\u00f3 el Inegi, monto 35.3% superior a la cifra revisada de 148 [&hellip;]\" \/>\n<meta property=\"og:url\" content=\"https:\/\/fuentesfidedignas.com.mx\/index.php\/2021\/07\/29\/muertes-por-covid-19-en-2020-fueron-35-3-superiores-a-las-reportadas-por-ssa\/\" \/>\n<meta property=\"og:site_name\" content=\"Fuentes Fidedignas\" \/>\n<meta property=\"article:publisher\" content=\"https:\/\/www.facebook.com\/Fuentes-Fidedignas-368234489921644\" \/>\n<meta property=\"article:published_time\" content=\"2021-07-29T14:33:34+00:00\" \/>\n<meta property=\"article:modified_time\" content=\"2021-07-29T14:34:21+00:00\" \/>\n<meta property=\"og:image\" content=\"https:\/\/fuentesfidedignas.com.mx\/wp-content\/uploads\/2021\/07\/covid-muertes.jpg\" \/>\n\t<meta property=\"og:image:width\" content=\"1201\" \/>\n\t<meta property=\"og:image:height\" content=\"740\" \/>\n\t<meta property=\"og:image:type\" content=\"image\/jpeg\" \/>\n<meta name=\"author\" content=\"El Universal\" \/>\n<meta name=\"twitter:card\" content=\"summary_large_image\" \/>\n<meta name=\"twitter:creator\" content=\"@fidedignas\" \/>\n<meta name=\"twitter:site\" content=\"@fidedignas\" \/>\n<meta name=\"twitter:label1\" content=\"Escrito por\" \/>\n\t<meta name=\"twitter:data1\" content=\"El Universal\" \/>\n\t<meta name=\"twitter:label2\" content=\"Tiempo de lectura\" \/>\n\t<meta name=\"twitter:data2\" content=\"3 minutos\" \/>\n<script type=\"application\/ld+json\" class=\"yoast-schema-graph\">{\"@context\":\"https:\\\/\\\/schema.org\",\"@graph\":[{\"@type\":\"Article\",\"@id\":\"https:\\\/\\\/fuentesfidedignas.com.mx\\\/index.php\\\/2021\\\/07\\\/29\\\/muertes-por-covid-19-en-2020-fueron-35-3-superiores-a-las-reportadas-por-ssa\\\/#article\",\"isPartOf\":{\"@id\":\"https:\\\/\\\/fuentesfidedignas.com.mx\\\/index.php\\\/2021\\\/07\\\/29\\\/muertes-por-covid-19-en-2020-fueron-35-3-superiores-a-las-reportadas-por-ssa\\\/\"},\"author\":{\"name\":\"El Universal\",\"@id\":\"https:\\\/\\\/fuentesfidedignas.com.mx\\\/#\\\/schema\\\/person\\\/fee3882e65fd0510d292c43a346d35d7\"},\"headline\":\"Muertes por Covid-19 en 2020 fueron 35.3% superiores a las reportadas por Ssa\",\"datePublished\":\"2021-07-29T14:33:34+00:00\",\"dateModified\":\"2021-07-29T14:34:21+00:00\",\"mainEntityOfPage\":{\"@id\":\"https:\\\/\\\/fuentesfidedignas.com.mx\\\/index.php\\\/2021\\\/07\\\/29\\\/muertes-por-covid-19-en-2020-fueron-35-3-superiores-a-las-reportadas-por-ssa\\\/\"},\"wordCount\":477,\"commentCount\":0,\"publisher\":{\"@id\":\"https:\\\/\\\/fuentesfidedignas.com.mx\\\/#organization\"},\"articleSection\":[\"NOTICIAS NACIONALES\"],\"inLanguage\":\"es\",\"potentialAction\":[{\"@type\":\"CommentAction\",\"name\":\"Comment\",\"target\":[\"https:\\\/\\\/fuentesfidedignas.com.mx\\\/index.php\\\/2021\\\/07\\\/29\\\/muertes-por-covid-19-en-2020-fueron-35-3-superiores-a-las-reportadas-por-ssa\\\/#respond\"]}]},{\"@type\":\"WebPage\",\"@id\":\"https:\\\/\\\/fuentesfidedignas.com.mx\\\/index.php\\\/2021\\\/07\\\/29\\\/muertes-por-covid-19-en-2020-fueron-35-3-superiores-a-las-reportadas-por-ssa\\\/\",\"url\":\"https:\\\/\\\/fuentesfidedignas.com.mx\\\/index.php\\\/2021\\\/07\\\/29\\\/muertes-por-covid-19-en-2020-fueron-35-3-superiores-a-las-reportadas-por-ssa\\\/\",\"name\":\"Muertes por Covid-19 en 2020 fueron 35.3% superiores a las reportadas por Ssa - Fuentes Fidedignas\",\"isPartOf\":{\"@id\":\"https:\\\/\\\/fuentesfidedignas.com.mx\\\/#website\"},\"datePublished\":\"2021-07-29T14:33:34+00:00\",\"dateModified\":\"2021-07-29T14:34:21+00:00\",\"breadcrumb\":{\"@id\":\"https:\\\/\\\/fuentesfidedignas.com.mx\\\/index.php\\\/2021\\\/07\\\/29\\\/muertes-por-covid-19-en-2020-fueron-35-3-superiores-a-las-reportadas-por-ssa\\\/#breadcrumb\"},\"inLanguage\":\"es\",\"potentialAction\":[{\"@type\":\"ReadAction\",\"target\":[\"https:\\\/\\\/fuentesfidedignas.com.mx\\\/index.php\\\/2021\\\/07\\\/29\\\/muertes-por-covid-19-en-2020-fueron-35-3-superiores-a-las-reportadas-por-ssa\\\/\"]}]},{\"@type\":\"BreadcrumbList\",\"@id\":\"https:\\\/\\\/fuentesfidedignas.com.mx\\\/index.php\\\/2021\\\/07\\\/29\\\/muertes-por-covid-19-en-2020-fueron-35-3-superiores-a-las-reportadas-por-ssa\\\/#breadcrumb\",\"itemListElement\":[{\"@type\":\"ListItem\",\"position\":1,\"name\":\"Inicio\",\"item\":\"https:\\\/\\\/fuentesfidedignas.com.mx\\\/\"},{\"@type\":\"ListItem\",\"position\":2,\"name\":\"Muertes por Covid-19 en 2020 fueron 35.3% superiores a las reportadas por Ssa\"}]},{\"@type\":\"WebSite\",\"@id\":\"https:\\\/\\\/fuentesfidedignas.com.mx\\\/#website\",\"url\":\"https:\\\/\\\/fuentesfidedignas.com.mx\\\/\",\"name\":\"Fuentes Fidedignas\",\"description\":\"Otro sitio realizado con WordPress\",\"publisher\":{\"@id\":\"https:\\\/\\\/fuentesfidedignas.com.mx\\\/#organization\"},\"potentialAction\":[{\"@type\":\"SearchAction\",\"target\":{\"@type\":\"EntryPoint\",\"urlTemplate\":\"https:\\\/\\\/fuentesfidedignas.com.mx\\\/?s={search_term_string}\"},\"query-input\":{\"@type\":\"PropertyValueSpecification\",\"valueRequired\":true,\"valueName\":\"search_term_string\"}}],\"inLanguage\":\"es\"},{\"@type\":\"Organization\",\"@id\":\"https:\\\/\\\/fuentesfidedignas.com.mx\\\/#organization\",\"name\":\"Fuentes Fidedignas\",\"url\":\"https:\\\/\\\/fuentesfidedignas.com.mx\\\/\",\"logo\":{\"@type\":\"ImageObject\",\"inLanguage\":\"es\",\"@id\":\"https:\\\/\\\/fuentesfidedignas.com.mx\\\/#\\\/schema\\\/logo\\\/image\\\/\",\"url\":\"https:\\\/\\\/fuentesfidedignas.com.mx\\\/wp-content\\\/uploads\\\/2021\\\/04\\\/logo-retina.png\",\"contentUrl\":\"https:\\\/\\\/fuentesfidedignas.com.mx\\\/wp-content\\\/uploads\\\/2021\\\/04\\\/logo-retina.png\",\"width\":280,\"height\":51,\"caption\":\"Fuentes Fidedignas\"},\"image\":{\"@id\":\"https:\\\/\\\/fuentesfidedignas.com.mx\\\/#\\\/schema\\\/logo\\\/image\\\/\"},\"sameAs\":[\"https:\\\/\\\/www.facebook.com\\\/Fuentes-Fidedignas-368234489921644\",\"https:\\\/\\\/x.com\\\/fidedignas\"]},{\"@type\":\"Person\",\"@id\":\"https:\\\/\\\/fuentesfidedignas.com.mx\\\/#\\\/schema\\\/person\\\/fee3882e65fd0510d292c43a346d35d7\",\"name\":\"El Universal\",\"image\":{\"@type\":\"ImageObject\",\"inLanguage\":\"es\",\"@id\":\"https:\\\/\\\/secure.gravatar.com\\\/avatar\\\/1ebc94d82b6c3c081781f73e5b76a0d0c1ac7bf8e57426f18802246eeaa2747c?s=96&d=mm&r=g\",\"url\":\"https:\\\/\\\/secure.gravatar.com\\\/avatar\\\/1ebc94d82b6c3c081781f73e5b76a0d0c1ac7bf8e57426f18802246eeaa2747c?s=96&d=mm&r=g\",\"contentUrl\":\"https:\\\/\\\/secure.gravatar.com\\\/avatar\\\/1ebc94d82b6c3c081781f73e5b76a0d0c1ac7bf8e57426f18802246eeaa2747c?s=96&d=mm&r=g\",\"caption\":\"El Universal\"},\"url\":\"https:\\\/\\\/fuentesfidedignas.com.mx\\\/index.php\\\/author\\\/el-universal\\\/\"}]}<\/script>\n<!-- \/ Yoast SEO plugin. -->","yoast_head_json":{"title":"Muertes por Covid-19 en 2020 fueron 35.3% superiores a las reportadas por Ssa - Fuentes Fidedignas","robots":{"index":"index","follow":"follow","max-snippet":"max-snippet:-1","max-image-preview":"max-image-preview:large","max-video-preview":"max-video-preview:-1"},"canonical":"https:\/\/fuentesfidedignas.com.mx\/index.php\/2021\/07\/29\/muertes-por-covid-19-en-2020-fueron-35-3-superiores-a-las-reportadas-por-ssa\/","og_locale":"es_MX","og_type":"article","og_title":"Muertes por Covid-19 en 2020 fueron 35.3% superiores a las reportadas por Ssa - Fuentes Fidedignas","og_description":"El n\u00famero de defunciones en el pa\u00eds super\u00f3 el mill\u00f3n de muertes en un a\u00f1o por primera vez desde que se lleva a cabo el registro En 2020 el n\u00famero de muertes registradas en M\u00e9xico causadas por Covid-19 ascendi\u00f3 a 201 mil 163, inform\u00f3 el Inegi, monto 35.3% superior a la cifra revisada de 148 [&hellip;]","og_url":"https:\/\/fuentesfidedignas.com.mx\/index.php\/2021\/07\/29\/muertes-por-covid-19-en-2020-fueron-35-3-superiores-a-las-reportadas-por-ssa\/","og_site_name":"Fuentes Fidedignas","article_publisher":"https:\/\/www.facebook.com\/Fuentes-Fidedignas-368234489921644","article_published_time":"2021-07-29T14:33:34+00:00","article_modified_time":"2021-07-29T14:34:21+00:00","og_image":[{"width":1201,"height":740,"url":"https:\/\/fuentesfidedignas.com.mx\/wp-content\/uploads\/2021\/07\/covid-muertes.jpg","type":"image\/jpeg"}],"author":"El Universal","twitter_card":"summary_large_image","twitter_creator":"@fidedignas","twitter_site":"@fidedignas","twitter_misc":{"Escrito por":"El Universal","Tiempo de lectura":"3 minutos"},"schema":{"@context":"https:\/\/schema.org","@graph":[{"@type":"Article","@id":"https:\/\/fuentesfidedignas.com.mx\/index.php\/2021\/07\/29\/muertes-por-covid-19-en-2020-fueron-35-3-superiores-a-las-reportadas-por-ssa\/#article","isPartOf":{"@id":"https:\/\/fuentesfidedignas.com.mx\/index.php\/2021\/07\/29\/muertes-por-covid-19-en-2020-fueron-35-3-superiores-a-las-reportadas-por-ssa\/"},"author":{"name":"El Universal","@id":"https:\/\/fuentesfidedignas.com.mx\/#\/schema\/person\/fee3882e65fd0510d292c43a346d35d7"},"headline":"Muertes por Covid-19 en 2020 fueron 35.3% superiores a las reportadas por Ssa","datePublished":"2021-07-29T14:33:34+00:00","dateModified":"2021-07-29T14:34:21+00:00","mainEntityOfPage":{"@id":"https:\/\/fuentesfidedignas.com.mx\/index.php\/2021\/07\/29\/muertes-por-covid-19-en-2020-fueron-35-3-superiores-a-las-reportadas-por-ssa\/"},"wordCount":477,"commentCount":0,"publisher":{"@id":"https:\/\/fuentesfidedignas.com.mx\/#organization"},"articleSection":["NOTICIAS NACIONALES"],"inLanguage":"es","potentialAction":[{"@type":"CommentAction","name":"Comment","target":["https:\/\/fuentesfidedignas.com.mx\/index.php\/2021\/07\/29\/muertes-por-covid-19-en-2020-fueron-35-3-superiores-a-las-reportadas-por-ssa\/#respond"]}]},{"@type":"WebPage","@id":"https:\/\/fuentesfidedignas.com.mx\/index.php\/2021\/07\/29\/muertes-por-covid-19-en-2020-fueron-35-3-superiores-a-las-reportadas-por-ssa\/","url":"https:\/\/fuentesfidedignas.com.mx\/index.php\/2021\/07\/29\/muertes-por-covid-19-en-2020-fueron-35-3-superiores-a-las-reportadas-por-ssa\/","name":"Muertes por Covid-19 en 2020 fueron 35.3% superiores a las reportadas por Ssa - Fuentes Fidedignas","isPartOf":{"@id":"https:\/\/fuentesfidedignas.com.mx\/#website"},"datePublished":"2021-07-29T14:33:34+00:00","dateModified":"2021-07-29T14:34:21+00:00","breadcrumb":{"@id":"https:\/\/fuentesfidedignas.com.mx\/index.php\/2021\/07\/29\/muertes-por-covid-19-en-2020-fueron-35-3-superiores-a-las-reportadas-por-ssa\/#breadcrumb"},"inLanguage":"es","potentialAction":[{"@type":"ReadAction","target":["https:\/\/fuentesfidedignas.com.mx\/index.php\/2021\/07\/29\/muertes-por-covid-19-en-2020-fueron-35-3-superiores-a-las-reportadas-por-ssa\/"]}]},{"@type":"BreadcrumbList","@id":"https:\/\/fuentesfidedignas.com.mx\/index.php\/2021\/07\/29\/muertes-por-covid-19-en-2020-fueron-35-3-superiores-a-las-reportadas-por-ssa\/#breadcrumb","itemListElement":[{"@type":"ListItem","position":1,"name":"Inicio","item":"https:\/\/fuentesfidedignas.com.mx\/"},{"@type":"ListItem","position":2,"name":"Muertes por Covid-19 en 2020 fueron 35.3% superiores a las reportadas por Ssa"}]},{"@type":"WebSite","@id":"https:\/\/fuentesfidedignas.com.mx\/#website","url":"https:\/\/fuentesfidedignas.com.mx\/","name":"Fuentes Fidedignas","description":"Otro sitio realizado con WordPress","publisher":{"@id":"https:\/\/fuentesfidedignas.com.mx\/#organization"},"potentialAction":[{"@type":"SearchAction","target":{"@type":"EntryPoint","urlTemplate":"https:\/\/fuentesfidedignas.com.mx\/?s={search_term_string}"},"query-input":{"@type":"PropertyValueSpecification","valueRequired":true,"valueName":"search_term_string"}}],"inLanguage":"es"},{"@type":"Organization","@id":"https:\/\/fuentesfidedignas.com.mx\/#organization","name":"Fuentes Fidedignas","url":"https:\/\/fuentesfidedignas.com.mx\/","logo":{"@type":"ImageObject","inLanguage":"es","@id":"https:\/\/fuentesfidedignas.com.mx\/#\/schema\/logo\/image\/","url":"https:\/\/fuentesfidedignas.com.mx\/wp-content\/uploads\/2021\/04\/logo-retina.png","contentUrl":"https:\/\/fuentesfidedignas.com.mx\/wp-content\/uploads\/2021\/04\/logo-retina.png","width":280,"height":51,"caption":"Fuentes Fidedignas"},"image":{"@id":"https:\/\/fuentesfidedignas.com.mx\/#\/schema\/logo\/image\/"},"sameAs":["https:\/\/www.facebook.com\/Fuentes-Fidedignas-368234489921644","https:\/\/x.com\/fidedignas"]},{"@type":"Person","@id":"https:\/\/fuentesfidedignas.com.mx\/#\/schema\/person\/fee3882e65fd0510d292c43a346d35d7","name":"El Universal","image":{"@type":"ImageObject","inLanguage":"es","@id":"https:\/\/secure.gravatar.com\/avatar\/1ebc94d82b6c3c081781f73e5b76a0d0c1ac7bf8e57426f18802246eeaa2747c?s=96&d=mm&r=g","url":"https:\/\/secure.gravatar.com\/avatar\/1ebc94d82b6c3c081781f73e5b76a0d0c1ac7bf8e57426f18802246eeaa2747c?s=96&d=mm&r=g","contentUrl":"https:\/\/secure.gravatar.com\/avatar\/1ebc94d82b6c3c081781f73e5b76a0d0c1ac7bf8e57426f18802246eeaa2747c?s=96&d=mm&r=g","caption":"El Universal"},"url":"https:\/\/fuentesfidedignas.com.mx\/index.php\/author\/el-universal\/"}]}},"_links":{"self":[{"href":"https:\/\/fuentesfidedignas.com.mx\/index.php\/wp-json\/wp\/v2\/posts\/8445","targetHints":{"allow":["GET"]}}],"collection":[{"href":"https:\/\/fuentesfidedignas.com.mx\/index.php\/wp-json\/wp\/v2\/posts"}],"about":[{"href":"https:\/\/fuentesfidedignas.com.mx\/index.php\/wp-json\/wp\/v2\/types\/post"}],"author":[{"embeddable":true,"href":"https:\/\/fuentesfidedignas.com.mx\/index.php\/wp-json\/wp\/v2\/users\/39"}],"replies":[{"embeddable":true,"href":"https:\/\/fuentesfidedignas.com.mx\/index.php\/wp-json\/wp\/v2\/comments?post=8445"}],"version-history":[{"count":1,"href":"https:\/\/fuentesfidedignas.com.mx\/index.php\/wp-json\/wp\/v2\/posts\/8445\/revisions"}],"predecessor-version":[{"id":8448,"href":"https:\/\/fuentesfidedignas.com.mx\/index.php\/wp-json\/wp\/v2\/posts\/8445\/revisions\/8448"}],"wp:attachment":[{"href":"https:\/\/fuentesfidedignas.com.mx\/index.php\/wp-json\/wp\/v2\/media?parent=8445"}],"wp:term":[{"taxonomy":"category","embeddable":true,"href":"https:\/\/fuentesfidedignas.com.mx\/index.php\/wp-json\/wp\/v2\/categories?post=8445"},{"taxonomy":"post_tag","embeddable":true,"href":"https:\/\/fuentesfidedignas.com.mx\/index.php\/wp-json\/wp\/v2\/tags?post=8445"}],"curies":[{"name":"wp","href":"https:\/\/api.w.org\/{rel}","templated":true}]}}