{"id":84365,"date":"2024-06-18T07:07:47","date_gmt":"2024-06-18T14:07:47","guid":{"rendered":"https:\/\/fuentesfidedignas.com.mx\/?p=84365"},"modified":"2024-06-18T07:07:47","modified_gmt":"2024-06-18T14:07:47","slug":"padre-de-estudiante-de-la-udeg-desaparecido-pide-ayuda-a-carteles-para-encontrar-a-su-hijo","status":"publish","type":"post","link":"https:\/\/fuentesfidedignas.com.mx\/index.php\/2024\/06\/18\/padre-de-estudiante-de-la-udeg-desaparecido-pide-ayuda-a-carteles-para-encontrar-a-su-hijo\/","title":{"rendered":"Padre de estudiante de la UdeG desaparecido pide ayuda a c\u00e1rteles para encontrar a su hijo"},"content":{"rendered":"\n<p><strong><em>En un video difundido a trav\u00e9s de redes sociales, Israel Gonz\u00e1lez muestra su desesperaci\u00f3n y se dirige directamente a los l\u00edderes de estos grupos delictivos.<\/em><\/strong><\/p>\n\n\n\n<p>JALISCO.- Israel Gonz\u00e1lez, padre de Aldo Gonz\u00e1lez Sevilla quien desapareci\u00f3 el 13 de abril en Guadalajara, Jalisco, se ha sumado al llamado a los grupos de narcotr\u00e1fico para que le ayuden a encontrar a su familiar, un caso que recuerda al de Ceci Flores, la l\u00edder del colectivo Madres Buscadoras de Sonora, quien hace a\u00f1os apel\u00f3 directamente a los criminales para obtener informaci\u00f3n sobre el paradero de sus hijos desaparecidos.<\/p>\n\n\n\n<p>A 65 d\u00edas de la desaparici\u00f3n de Aldo Gonz\u00e1lez Sevilla, su padre, Israel Gonz\u00e1lez, hizo un emotivo llamado a los c\u00e1rteles del crimen organizado, solicitando su colaboraci\u00f3n para hallar a su hijo. En un video difundido a trav\u00e9s de redes sociales, Israel Gonz\u00e1lez muestra su desesperaci\u00f3n y se dirige directamente a los l\u00edderes de estos grupos delictivos.<\/p>\n\n\n\n<p>Al se\u00f1alar que hay evidencia s\u00f3lida de que su hijo fue levantado, aludi\u00f3 a que los grupos criminales han manifestado en varias ocasiones que no se meten con gente inocente y aclar\u00f3 que Aldo es un joven que s\u00f3lo se dedica a estudiar y no tiene problemas con nada y con nadie.<\/p>\n\n\n\n<blockquote class=\"twitter-tweet\" data-media-max-width=\"560\"><p lang=\"es\" dir=\"ltr\"><a href=\"https:\/\/twitter.com\/hashtag\/Jalisco?src=hash&amp;ref_src=twsrc%5Etfw\">#Jalisco<\/a><br><br>Pasan los d\u00edas y nada se sabe del estudiante de la <a href=\"https:\/\/twitter.com\/udg_oficial?ref_src=twsrc%5Etfw\">@udg_oficial<\/a>, Aldo Gonz\u00e1lez.<br>*<br>Su padre dijo que hay evidencia de que su hijo fue \u201clevantado\u201d. <br>*<br>Hoy hace un llamado a los \u201cl\u00edderes de los c\u00e1rteles\u201d para encontrar al joven.<br><br>\ud83d\udc47 <a href=\"https:\/\/t.co\/FECuLxjTqq\">pic.twitter.com\/FECuLxjTqq<\/a><\/p>&mdash; elsamarthagtz (@elsamarthagtz) <a href=\"https:\/\/twitter.com\/elsamarthagtz\/status\/1802820558171804061?ref_src=twsrc%5Etfw\">June 17, 2024<\/a><\/blockquote> <script async src=\"https:\/\/platform.twitter.com\/widgets.js\" charset=\"utf-8\"><\/script>\n\n\n\n<p>Israel Gonz\u00e1lez inst\u00f3 a los c\u00e1rteles a usar sus recursos y contactos para ayudar en la localizaci\u00f3n de Aldo. \u201cUstedes tienen la herramienta necesaria, tienen sus contactos para dar con \u00e9l en instantes, ustedes pueden ayudarnos r\u00e1pido para localizarlo\u201d, solicit\u00f3 con \u201chumildad y respeto\u201d, subrayando que su apelaci\u00f3n no busca confrontaciones, sino recuperar a su hijo.<\/p>\n\n\n\n<p>En el video difundido a trav\u00e9s de redes sociales, Israel Gonz\u00e1lez, padre de Aldo, expres\u00f3 su profundo agradecimiento a la Fiscal\u00eda y al gobierno del Estado de Jalisco por los esfuerzos realizados para encontrar a su hijo, pero tambi\u00e9n manifest\u00f3 su desesperaci\u00f3n como padre, por lo que pidi\u00f3 comprensi\u00f3n en su desesperado llamado a los grupos criminales.<\/p>\n\n\n\n<p>\u201cDisculpen lo que voy a decir. Yo necesito encontrar una luz en mi camino en la b\u00fasqueda de mi hijo\u201d, implor\u00f3, pidiendo una comprensi\u00f3n emp\u00e1tica por su situaci\u00f3n y exigiendo mayor efectividad en las acciones para dar con el paradero de Aldo.<\/p>\n\n\n\n<p><strong>\u00bfQu\u00e9 se sabe de su desaparici\u00f3n?<\/strong><\/p>\n\n\n\n<p>Aldo Gonz\u00e1lez Sevilla, un estudiante de la Universidad de Guadalajara (UdeG), desapareci\u00f3 el s\u00e1bado 13 de abril. La ma\u00f1ana que se supo por \u00faltima vez de \u00e9l, Aldo se comunic\u00f3 con su familia para informarles que estaba en la escuela.<\/p>\n\n\n\n<p>El joven de 18 a\u00f1os, estudiante del Centro Universitario de Ciencias de la Salud (CUCS), ten\u00eda planeado viajar ese mismo d\u00eda al municipio de Tepatitl\u00e1n de Morelos, su lugar de origen. Sin embargo, las investigaciones m\u00e1s recientes indican que Aldo nunca lleg\u00f3 a la central de autobuses.<\/p>\n\n\n\n<p>La Fiscal\u00eda revel\u00f3 que no se encontraron registros de un boleto a nombre de Aldo para viajar a Tepatitl\u00e1n de Morelos en esa fecha. No obstante, la ficha de b\u00fasqueda que se ha difundido para solicitar la cooperaci\u00f3n de la ciudadan\u00eda para encontrarlo.<\/p>\n\n\n\n<p>El 22 de abril, las autoridades informaron que no hab\u00eda indicios s\u00f3lidos que apuntaran a que Aldo hubiera sido v\u00edctima de una desaparici\u00f3n forzada cometida por alg\u00fan grupo delictivo. Sin embargo, hasta hoy d\u00eda no se han esclarecido las circunstancias exactas de su desaparici\u00f3n.<\/p>\n\n\n\n<p>La Fiscal\u00eda de Jalisco ha llevado a cabo entrevistas con familiares y amigos, as\u00ed como recorridos de vigilancia y otras actividades en su esfuerzo por localizar a Aldo. Hasta la fecha, estos esfuerzos no han dado resultado.<\/p>\n\n\n\n<p><strong>\u00bfC\u00f3mo es?<\/strong><\/p>\n\n\n\n<p>Seg\u00fan su ficha de b\u00fasqueda, Aldo Gonz\u00e1lez Sevilla, nacido el 25 de abril de 2005 en Ciudad Hidalgo, Michoac\u00e1n, desapareci\u00f3 el 13 de abril de 2024 en Guadalajara, Jalisco. Al momento de su desaparici\u00f3n, Aldo ten\u00eda 18 a\u00f1os. Es de nacionalidad mexicana y su g\u00e9nero es masculino.<\/p>\n\n\n\n<p>Aldo mide 1.68 metros y pesa 54 kilos, con una complexi\u00f3n delgada. Tiene el cabello casta\u00f1o oscuro, lacio y largo. Sus ojos son marrones y de tama\u00f1o mediano. Su tez es blanca, con labios y boca de tama\u00f1o mediano.<\/p>\n\n\n\n<p>La \u00faltima vez que se le vio, llevaba puesto un pantal\u00f3n de mezclilla negro, una camisa de cuello redondo negra y tenis bota color caf\u00e9. Aldo presenta cicatrices de aproximadamente 4 cent\u00edmetros en el antebrazo derecho, varios lunares peque\u00f1os en el rostro y una perforaci\u00f3n en el lado izquierdo del labio inferior.<\/p>\n\n\n\n<p>Los hechos ocurrieron en la Colonia Independencia del municipio de Guadalajara, Jalisco, alrededor de las 13:00 horas.<\/p>\n\n\n\n<p>Se considera que la integridad de Aldo est\u00e1 en riesgo, ya que se teme que pueda ser v\u00edctima de la comisi\u00f3n de alg\u00fan delito.<\/p>\n\n\n\n<figure class=\"wp-block-image size-full\"><img decoding=\"async\" width=\"650\" height=\"355\" src=\"https:\/\/fuentesfidedignas.com.mx\/wp-content\/uploads\/2024\/06\/ALDO_estudiante.jpg\" alt=\"\" class=\"wp-image-84366\" srcset=\"https:\/\/fuentesfidedignas.com.mx\/wp-content\/uploads\/2024\/06\/ALDO_estudiante.jpg 650w, https:\/\/fuentesfidedignas.com.mx\/wp-content\/uploads\/2024\/06\/ALDO_estudiante-300x164.jpg 300w, https:\/\/fuentesfidedignas.com.mx\/wp-content\/uploads\/2024\/06\/ALDO_estudiante-600x328.jpg 600w, https:\/\/fuentesfidedignas.com.mx\/wp-content\/uploads\/2024\/06\/ALDO_estudiante-648x355.jpg 648w\" sizes=\"(max-width: 650px) 100vw, 650px\" \/><\/figure>\n","protected":false},"excerpt":{"rendered":"<p>En un video difundido a trav\u00e9s de redes sociales, Israel Gonz\u00e1lez muestra su desesperaci\u00f3n y se dirige directamente a los l\u00edderes de estos grupos delictivos. JALISCO.- Israel Gonz\u00e1lez, padre de Aldo Gonz\u00e1lez Sevilla quien desapareci\u00f3 el 13 de abril en Guadalajara, Jalisco, se ha sumado al llamado a los grupos de narcotr\u00e1fico para que le [&hellip;]<\/p>\n","protected":false},"author":41,"featured_media":84367,"comment_status":"open","ping_status":"open","sticky":false,"template":"","format":"standard","meta":{"tdm_status":"","tdm_grid_status":"","footnotes":""},"categories":[39],"tags":[],"class_list":{"0":"post-84365","1":"post","2":"type-post","3":"status-publish","4":"format-standard","5":"has-post-thumbnail","7":"category-noticias-nacionales"},"yoast_head":"<!-- This site is optimized with the Yoast SEO plugin v27.4 - https:\/\/yoast.com\/product\/yoast-seo-wordpress\/ -->\n<title>Padre de estudiante de la UdeG desaparecido pide ayuda a c\u00e1rteles para encontrar a su hijo - Fuentes Fidedignas<\/title>\n<meta name=\"robots\" content=\"index, follow, max-snippet:-1, max-image-preview:large, max-video-preview:-1\" \/>\n<link rel=\"canonical\" href=\"https:\/\/fuentesfidedignas.com.mx\/index.php\/2024\/06\/18\/padre-de-estudiante-de-la-udeg-desaparecido-pide-ayuda-a-carteles-para-encontrar-a-su-hijo\/\" \/>\n<meta property=\"og:locale\" content=\"es_MX\" \/>\n<meta property=\"og:type\" content=\"article\" \/>\n<meta property=\"og:title\" content=\"Padre de estudiante de la UdeG desaparecido pide ayuda a c\u00e1rteles para encontrar a su hijo - Fuentes Fidedignas\" \/>\n<meta property=\"og:description\" content=\"En un video difundido a trav\u00e9s de redes sociales, Israel Gonz\u00e1lez muestra su desesperaci\u00f3n y se dirige directamente a los l\u00edderes de estos grupos delictivos. JALISCO.- Israel Gonz\u00e1lez, padre de Aldo Gonz\u00e1lez Sevilla quien desapareci\u00f3 el 13 de abril en Guadalajara, Jalisco, se ha sumado al llamado a los grupos de narcotr\u00e1fico para que le [&hellip;]\" \/>\n<meta property=\"og:url\" content=\"https:\/\/fuentesfidedignas.com.mx\/index.php\/2024\/06\/18\/padre-de-estudiante-de-la-udeg-desaparecido-pide-ayuda-a-carteles-para-encontrar-a-su-hijo\/\" \/>\n<meta property=\"og:site_name\" content=\"Fuentes Fidedignas\" \/>\n<meta property=\"article:publisher\" content=\"https:\/\/www.facebook.com\/Fuentes-Fidedignas-368234489921644\" \/>\n<meta property=\"article:published_time\" content=\"2024-06-18T14:07:47+00:00\" \/>\n<meta property=\"og:image\" content=\"https:\/\/fuentesfidedignas.com.mx\/wp-content\/uploads\/2024\/06\/papa-apoyo-carteles.jpg\" \/>\n\t<meta property=\"og:image:width\" content=\"650\" \/>\n\t<meta property=\"og:image:height\" content=\"354\" \/>\n\t<meta property=\"og:image:type\" content=\"image\/jpeg\" \/>\n<meta name=\"author\" content=\"Infobae\" \/>\n<meta name=\"twitter:card\" content=\"summary_large_image\" \/>\n<meta name=\"twitter:creator\" content=\"@fidedignas\" \/>\n<meta name=\"twitter:site\" content=\"@fidedignas\" \/>\n<meta name=\"twitter:label1\" content=\"Escrito por\" \/>\n\t<meta name=\"twitter:data1\" content=\"Infobae\" \/>\n\t<meta name=\"twitter:label2\" content=\"Tiempo de lectura\" \/>\n\t<meta name=\"twitter:data2\" content=\"4 minutos\" \/>\n<script type=\"application\/ld+json\" class=\"yoast-schema-graph\">{\"@context\":\"https:\\\/\\\/schema.org\",\"@graph\":[{\"@type\":\"Article\",\"@id\":\"https:\\\/\\\/fuentesfidedignas.com.mx\\\/index.php\\\/2024\\\/06\\\/18\\\/padre-de-estudiante-de-la-udeg-desaparecido-pide-ayuda-a-carteles-para-encontrar-a-su-hijo\\\/#article\",\"isPartOf\":{\"@id\":\"https:\\\/\\\/fuentesfidedignas.com.mx\\\/index.php\\\/2024\\\/06\\\/18\\\/padre-de-estudiante-de-la-udeg-desaparecido-pide-ayuda-a-carteles-para-encontrar-a-su-hijo\\\/\"},\"author\":{\"name\":\"Infobae\",\"@id\":\"https:\\\/\\\/fuentesfidedignas.com.mx\\\/#\\\/schema\\\/person\\\/8575896a7c1067d352f6c1cd6582c389\"},\"headline\":\"Padre de estudiante de la UdeG desaparecido pide ayuda a c\u00e1rteles para encontrar a su hijo\",\"datePublished\":\"2024-06-18T14:07:47+00:00\",\"mainEntityOfPage\":{\"@id\":\"https:\\\/\\\/fuentesfidedignas.com.mx\\\/index.php\\\/2024\\\/06\\\/18\\\/padre-de-estudiante-de-la-udeg-desaparecido-pide-ayuda-a-carteles-para-encontrar-a-su-hijo\\\/\"},\"wordCount\":895,\"commentCount\":0,\"publisher\":{\"@id\":\"https:\\\/\\\/fuentesfidedignas.com.mx\\\/#organization\"},\"image\":{\"@id\":\"https:\\\/\\\/fuentesfidedignas.com.mx\\\/index.php\\\/2024\\\/06\\\/18\\\/padre-de-estudiante-de-la-udeg-desaparecido-pide-ayuda-a-carteles-para-encontrar-a-su-hijo\\\/#primaryimage\"},\"thumbnailUrl\":\"https:\\\/\\\/fuentesfidedignas.com.mx\\\/wp-content\\\/uploads\\\/2024\\\/06\\\/papa-apoyo-carteles.jpg\",\"articleSection\":[\"NOTICIAS NACIONALES\"],\"inLanguage\":\"es\",\"potentialAction\":[{\"@type\":\"CommentAction\",\"name\":\"Comment\",\"target\":[\"https:\\\/\\\/fuentesfidedignas.com.mx\\\/index.php\\\/2024\\\/06\\\/18\\\/padre-de-estudiante-de-la-udeg-desaparecido-pide-ayuda-a-carteles-para-encontrar-a-su-hijo\\\/#respond\"]}]},{\"@type\":\"WebPage\",\"@id\":\"https:\\\/\\\/fuentesfidedignas.com.mx\\\/index.php\\\/2024\\\/06\\\/18\\\/padre-de-estudiante-de-la-udeg-desaparecido-pide-ayuda-a-carteles-para-encontrar-a-su-hijo\\\/\",\"url\":\"https:\\\/\\\/fuentesfidedignas.com.mx\\\/index.php\\\/2024\\\/06\\\/18\\\/padre-de-estudiante-de-la-udeg-desaparecido-pide-ayuda-a-carteles-para-encontrar-a-su-hijo\\\/\",\"name\":\"Padre de estudiante de la UdeG desaparecido pide ayuda a c\u00e1rteles para encontrar a su hijo - Fuentes Fidedignas\",\"isPartOf\":{\"@id\":\"https:\\\/\\\/fuentesfidedignas.com.mx\\\/#website\"},\"primaryImageOfPage\":{\"@id\":\"https:\\\/\\\/fuentesfidedignas.com.mx\\\/index.php\\\/2024\\\/06\\\/18\\\/padre-de-estudiante-de-la-udeg-desaparecido-pide-ayuda-a-carteles-para-encontrar-a-su-hijo\\\/#primaryimage\"},\"image\":{\"@id\":\"https:\\\/\\\/fuentesfidedignas.com.mx\\\/index.php\\\/2024\\\/06\\\/18\\\/padre-de-estudiante-de-la-udeg-desaparecido-pide-ayuda-a-carteles-para-encontrar-a-su-hijo\\\/#primaryimage\"},\"thumbnailUrl\":\"https:\\\/\\\/fuentesfidedignas.com.mx\\\/wp-content\\\/uploads\\\/2024\\\/06\\\/papa-apoyo-carteles.jpg\",\"datePublished\":\"2024-06-18T14:07:47+00:00\",\"breadcrumb\":{\"@id\":\"https:\\\/\\\/fuentesfidedignas.com.mx\\\/index.php\\\/2024\\\/06\\\/18\\\/padre-de-estudiante-de-la-udeg-desaparecido-pide-ayuda-a-carteles-para-encontrar-a-su-hijo\\\/#breadcrumb\"},\"inLanguage\":\"es\",\"potentialAction\":[{\"@type\":\"ReadAction\",\"target\":[\"https:\\\/\\\/fuentesfidedignas.com.mx\\\/index.php\\\/2024\\\/06\\\/18\\\/padre-de-estudiante-de-la-udeg-desaparecido-pide-ayuda-a-carteles-para-encontrar-a-su-hijo\\\/\"]}]},{\"@type\":\"ImageObject\",\"inLanguage\":\"es\",\"@id\":\"https:\\\/\\\/fuentesfidedignas.com.mx\\\/index.php\\\/2024\\\/06\\\/18\\\/padre-de-estudiante-de-la-udeg-desaparecido-pide-ayuda-a-carteles-para-encontrar-a-su-hijo\\\/#primaryimage\",\"url\":\"https:\\\/\\\/fuentesfidedignas.com.mx\\\/wp-content\\\/uploads\\\/2024\\\/06\\\/papa-apoyo-carteles.jpg\",\"contentUrl\":\"https:\\\/\\\/fuentesfidedignas.com.mx\\\/wp-content\\\/uploads\\\/2024\\\/06\\\/papa-apoyo-carteles.jpg\",\"width\":650,\"height\":354},{\"@type\":\"BreadcrumbList\",\"@id\":\"https:\\\/\\\/fuentesfidedignas.com.mx\\\/index.php\\\/2024\\\/06\\\/18\\\/padre-de-estudiante-de-la-udeg-desaparecido-pide-ayuda-a-carteles-para-encontrar-a-su-hijo\\\/#breadcrumb\",\"itemListElement\":[{\"@type\":\"ListItem\",\"position\":1,\"name\":\"Inicio\",\"item\":\"https:\\\/\\\/fuentesfidedignas.com.mx\\\/\"},{\"@type\":\"ListItem\",\"position\":2,\"name\":\"Padre de estudiante de la UdeG desaparecido pide ayuda a c\u00e1rteles para encontrar a su hijo\"}]},{\"@type\":\"WebSite\",\"@id\":\"https:\\\/\\\/fuentesfidedignas.com.mx\\\/#website\",\"url\":\"https:\\\/\\\/fuentesfidedignas.com.mx\\\/\",\"name\":\"Fuentes Fidedignas\",\"description\":\"Otro sitio realizado con WordPress\",\"publisher\":{\"@id\":\"https:\\\/\\\/fuentesfidedignas.com.mx\\\/#organization\"},\"potentialAction\":[{\"@type\":\"SearchAction\",\"target\":{\"@type\":\"EntryPoint\",\"urlTemplate\":\"https:\\\/\\\/fuentesfidedignas.com.mx\\\/?s={search_term_string}\"},\"query-input\":{\"@type\":\"PropertyValueSpecification\",\"valueRequired\":true,\"valueName\":\"search_term_string\"}}],\"inLanguage\":\"es\"},{\"@type\":\"Organization\",\"@id\":\"https:\\\/\\\/fuentesfidedignas.com.mx\\\/#organization\",\"name\":\"Fuentes Fidedignas\",\"url\":\"https:\\\/\\\/fuentesfidedignas.com.mx\\\/\",\"logo\":{\"@type\":\"ImageObject\",\"inLanguage\":\"es\",\"@id\":\"https:\\\/\\\/fuentesfidedignas.com.mx\\\/#\\\/schema\\\/logo\\\/image\\\/\",\"url\":\"https:\\\/\\\/fuentesfidedignas.com.mx\\\/wp-content\\\/uploads\\\/2021\\\/04\\\/logo-retina.png\",\"contentUrl\":\"https:\\\/\\\/fuentesfidedignas.com.mx\\\/wp-content\\\/uploads\\\/2021\\\/04\\\/logo-retina.png\",\"width\":280,\"height\":51,\"caption\":\"Fuentes Fidedignas\"},\"image\":{\"@id\":\"https:\\\/\\\/fuentesfidedignas.com.mx\\\/#\\\/schema\\\/logo\\\/image\\\/\"},\"sameAs\":[\"https:\\\/\\\/www.facebook.com\\\/Fuentes-Fidedignas-368234489921644\",\"https:\\\/\\\/x.com\\\/fidedignas\"]},{\"@type\":\"Person\",\"@id\":\"https:\\\/\\\/fuentesfidedignas.com.mx\\\/#\\\/schema\\\/person\\\/8575896a7c1067d352f6c1cd6582c389\",\"name\":\"Infobae\",\"image\":{\"@type\":\"ImageObject\",\"inLanguage\":\"es\",\"@id\":\"https:\\\/\\\/secure.gravatar.com\\\/avatar\\\/e4ec95706f8d1670343f6526fdcec45474bab17475a851434a64ca12b5acba1c?s=96&d=mm&r=g\",\"url\":\"https:\\\/\\\/secure.gravatar.com\\\/avatar\\\/e4ec95706f8d1670343f6526fdcec45474bab17475a851434a64ca12b5acba1c?s=96&d=mm&r=g\",\"contentUrl\":\"https:\\\/\\\/secure.gravatar.com\\\/avatar\\\/e4ec95706f8d1670343f6526fdcec45474bab17475a851434a64ca12b5acba1c?s=96&d=mm&r=g\",\"caption\":\"Infobae\"},\"url\":\"https:\\\/\\\/fuentesfidedignas.com.mx\\\/index.php\\\/author\\\/infobae\\\/\"}]}<\/script>\n<!-- \/ Yoast SEO plugin. -->","yoast_head_json":{"title":"Padre de estudiante de la UdeG desaparecido pide ayuda a c\u00e1rteles para encontrar a su hijo - Fuentes Fidedignas","robots":{"index":"index","follow":"follow","max-snippet":"max-snippet:-1","max-image-preview":"max-image-preview:large","max-video-preview":"max-video-preview:-1"},"canonical":"https:\/\/fuentesfidedignas.com.mx\/index.php\/2024\/06\/18\/padre-de-estudiante-de-la-udeg-desaparecido-pide-ayuda-a-carteles-para-encontrar-a-su-hijo\/","og_locale":"es_MX","og_type":"article","og_title":"Padre de estudiante de la UdeG desaparecido pide ayuda a c\u00e1rteles para encontrar a su hijo - Fuentes Fidedignas","og_description":"En un video difundido a trav\u00e9s de redes sociales, Israel Gonz\u00e1lez muestra su desesperaci\u00f3n y se dirige directamente a los l\u00edderes de estos grupos delictivos. JALISCO.- Israel Gonz\u00e1lez, padre de Aldo Gonz\u00e1lez Sevilla quien desapareci\u00f3 el 13 de abril en Guadalajara, Jalisco, se ha sumado al llamado a los grupos de narcotr\u00e1fico para que le [&hellip;]","og_url":"https:\/\/fuentesfidedignas.com.mx\/index.php\/2024\/06\/18\/padre-de-estudiante-de-la-udeg-desaparecido-pide-ayuda-a-carteles-para-encontrar-a-su-hijo\/","og_site_name":"Fuentes Fidedignas","article_publisher":"https:\/\/www.facebook.com\/Fuentes-Fidedignas-368234489921644","article_published_time":"2024-06-18T14:07:47+00:00","og_image":[{"width":650,"height":354,"url":"https:\/\/fuentesfidedignas.com.mx\/wp-content\/uploads\/2024\/06\/papa-apoyo-carteles.jpg","type":"image\/jpeg"}],"author":"Infobae","twitter_card":"summary_large_image","twitter_creator":"@fidedignas","twitter_site":"@fidedignas","twitter_misc":{"Escrito por":"Infobae","Tiempo de lectura":"4 minutos"},"schema":{"@context":"https:\/\/schema.org","@graph":[{"@type":"Article","@id":"https:\/\/fuentesfidedignas.com.mx\/index.php\/2024\/06\/18\/padre-de-estudiante-de-la-udeg-desaparecido-pide-ayuda-a-carteles-para-encontrar-a-su-hijo\/#article","isPartOf":{"@id":"https:\/\/fuentesfidedignas.com.mx\/index.php\/2024\/06\/18\/padre-de-estudiante-de-la-udeg-desaparecido-pide-ayuda-a-carteles-para-encontrar-a-su-hijo\/"},"author":{"name":"Infobae","@id":"https:\/\/fuentesfidedignas.com.mx\/#\/schema\/person\/8575896a7c1067d352f6c1cd6582c389"},"headline":"Padre de estudiante de la UdeG desaparecido pide ayuda a c\u00e1rteles para encontrar a su hijo","datePublished":"2024-06-18T14:07:47+00:00","mainEntityOfPage":{"@id":"https:\/\/fuentesfidedignas.com.mx\/index.php\/2024\/06\/18\/padre-de-estudiante-de-la-udeg-desaparecido-pide-ayuda-a-carteles-para-encontrar-a-su-hijo\/"},"wordCount":895,"commentCount":0,"publisher":{"@id":"https:\/\/fuentesfidedignas.com.mx\/#organization"},"image":{"@id":"https:\/\/fuentesfidedignas.com.mx\/index.php\/2024\/06\/18\/padre-de-estudiante-de-la-udeg-desaparecido-pide-ayuda-a-carteles-para-encontrar-a-su-hijo\/#primaryimage"},"thumbnailUrl":"https:\/\/fuentesfidedignas.com.mx\/wp-content\/uploads\/2024\/06\/papa-apoyo-carteles.jpg","articleSection":["NOTICIAS NACIONALES"],"inLanguage":"es","potentialAction":[{"@type":"CommentAction","name":"Comment","target":["https:\/\/fuentesfidedignas.com.mx\/index.php\/2024\/06\/18\/padre-de-estudiante-de-la-udeg-desaparecido-pide-ayuda-a-carteles-para-encontrar-a-su-hijo\/#respond"]}]},{"@type":"WebPage","@id":"https:\/\/fuentesfidedignas.com.mx\/index.php\/2024\/06\/18\/padre-de-estudiante-de-la-udeg-desaparecido-pide-ayuda-a-carteles-para-encontrar-a-su-hijo\/","url":"https:\/\/fuentesfidedignas.com.mx\/index.php\/2024\/06\/18\/padre-de-estudiante-de-la-udeg-desaparecido-pide-ayuda-a-carteles-para-encontrar-a-su-hijo\/","name":"Padre de estudiante de la UdeG desaparecido pide ayuda a c\u00e1rteles para encontrar a su hijo - Fuentes Fidedignas","isPartOf":{"@id":"https:\/\/fuentesfidedignas.com.mx\/#website"},"primaryImageOfPage":{"@id":"https:\/\/fuentesfidedignas.com.mx\/index.php\/2024\/06\/18\/padre-de-estudiante-de-la-udeg-desaparecido-pide-ayuda-a-carteles-para-encontrar-a-su-hijo\/#primaryimage"},"image":{"@id":"https:\/\/fuentesfidedignas.com.mx\/index.php\/2024\/06\/18\/padre-de-estudiante-de-la-udeg-desaparecido-pide-ayuda-a-carteles-para-encontrar-a-su-hijo\/#primaryimage"},"thumbnailUrl":"https:\/\/fuentesfidedignas.com.mx\/wp-content\/uploads\/2024\/06\/papa-apoyo-carteles.jpg","datePublished":"2024-06-18T14:07:47+00:00","breadcrumb":{"@id":"https:\/\/fuentesfidedignas.com.mx\/index.php\/2024\/06\/18\/padre-de-estudiante-de-la-udeg-desaparecido-pide-ayuda-a-carteles-para-encontrar-a-su-hijo\/#breadcrumb"},"inLanguage":"es","potentialAction":[{"@type":"ReadAction","target":["https:\/\/fuentesfidedignas.com.mx\/index.php\/2024\/06\/18\/padre-de-estudiante-de-la-udeg-desaparecido-pide-ayuda-a-carteles-para-encontrar-a-su-hijo\/"]}]},{"@type":"ImageObject","inLanguage":"es","@id":"https:\/\/fuentesfidedignas.com.mx\/index.php\/2024\/06\/18\/padre-de-estudiante-de-la-udeg-desaparecido-pide-ayuda-a-carteles-para-encontrar-a-su-hijo\/#primaryimage","url":"https:\/\/fuentesfidedignas.com.mx\/wp-content\/uploads\/2024\/06\/papa-apoyo-carteles.jpg","contentUrl":"https:\/\/fuentesfidedignas.com.mx\/wp-content\/uploads\/2024\/06\/papa-apoyo-carteles.jpg","width":650,"height":354},{"@type":"BreadcrumbList","@id":"https:\/\/fuentesfidedignas.com.mx\/index.php\/2024\/06\/18\/padre-de-estudiante-de-la-udeg-desaparecido-pide-ayuda-a-carteles-para-encontrar-a-su-hijo\/#breadcrumb","itemListElement":[{"@type":"ListItem","position":1,"name":"Inicio","item":"https:\/\/fuentesfidedignas.com.mx\/"},{"@type":"ListItem","position":2,"name":"Padre de estudiante de la UdeG desaparecido pide ayuda a c\u00e1rteles para encontrar a su hijo"}]},{"@type":"WebSite","@id":"https:\/\/fuentesfidedignas.com.mx\/#website","url":"https:\/\/fuentesfidedignas.com.mx\/","name":"Fuentes Fidedignas","description":"Otro sitio realizado con WordPress","publisher":{"@id":"https:\/\/fuentesfidedignas.com.mx\/#organization"},"potentialAction":[{"@type":"SearchAction","target":{"@type":"EntryPoint","urlTemplate":"https:\/\/fuentesfidedignas.com.mx\/?s={search_term_string}"},"query-input":{"@type":"PropertyValueSpecification","valueRequired":true,"valueName":"search_term_string"}}],"inLanguage":"es"},{"@type":"Organization","@id":"https:\/\/fuentesfidedignas.com.mx\/#organization","name":"Fuentes Fidedignas","url":"https:\/\/fuentesfidedignas.com.mx\/","logo":{"@type":"ImageObject","inLanguage":"es","@id":"https:\/\/fuentesfidedignas.com.mx\/#\/schema\/logo\/image\/","url":"https:\/\/fuentesfidedignas.com.mx\/wp-content\/uploads\/2021\/04\/logo-retina.png","contentUrl":"https:\/\/fuentesfidedignas.com.mx\/wp-content\/uploads\/2021\/04\/logo-retina.png","width":280,"height":51,"caption":"Fuentes Fidedignas"},"image":{"@id":"https:\/\/fuentesfidedignas.com.mx\/#\/schema\/logo\/image\/"},"sameAs":["https:\/\/www.facebook.com\/Fuentes-Fidedignas-368234489921644","https:\/\/x.com\/fidedignas"]},{"@type":"Person","@id":"https:\/\/fuentesfidedignas.com.mx\/#\/schema\/person\/8575896a7c1067d352f6c1cd6582c389","name":"Infobae","image":{"@type":"ImageObject","inLanguage":"es","@id":"https:\/\/secure.gravatar.com\/avatar\/e4ec95706f8d1670343f6526fdcec45474bab17475a851434a64ca12b5acba1c?s=96&d=mm&r=g","url":"https:\/\/secure.gravatar.com\/avatar\/e4ec95706f8d1670343f6526fdcec45474bab17475a851434a64ca12b5acba1c?s=96&d=mm&r=g","contentUrl":"https:\/\/secure.gravatar.com\/avatar\/e4ec95706f8d1670343f6526fdcec45474bab17475a851434a64ca12b5acba1c?s=96&d=mm&r=g","caption":"Infobae"},"url":"https:\/\/fuentesfidedignas.com.mx\/index.php\/author\/infobae\/"}]}},"_links":{"self":[{"href":"https:\/\/fuentesfidedignas.com.mx\/index.php\/wp-json\/wp\/v2\/posts\/84365","targetHints":{"allow":["GET"]}}],"collection":[{"href":"https:\/\/fuentesfidedignas.com.mx\/index.php\/wp-json\/wp\/v2\/posts"}],"about":[{"href":"https:\/\/fuentesfidedignas.com.mx\/index.php\/wp-json\/wp\/v2\/types\/post"}],"author":[{"embeddable":true,"href":"https:\/\/fuentesfidedignas.com.mx\/index.php\/wp-json\/wp\/v2\/users\/41"}],"replies":[{"embeddable":true,"href":"https:\/\/fuentesfidedignas.com.mx\/index.php\/wp-json\/wp\/v2\/comments?post=84365"}],"version-history":[{"count":2,"href":"https:\/\/fuentesfidedignas.com.mx\/index.php\/wp-json\/wp\/v2\/posts\/84365\/revisions"}],"predecessor-version":[{"id":84369,"href":"https:\/\/fuentesfidedignas.com.mx\/index.php\/wp-json\/wp\/v2\/posts\/84365\/revisions\/84369"}],"wp:featuredmedia":[{"embeddable":true,"href":"https:\/\/fuentesfidedignas.com.mx\/index.php\/wp-json\/wp\/v2\/media\/84367"}],"wp:attachment":[{"href":"https:\/\/fuentesfidedignas.com.mx\/index.php\/wp-json\/wp\/v2\/media?parent=84365"}],"wp:term":[{"taxonomy":"category","embeddable":true,"href":"https:\/\/fuentesfidedignas.com.mx\/index.php\/wp-json\/wp\/v2\/categories?post=84365"},{"taxonomy":"post_tag","embeddable":true,"href":"https:\/\/fuentesfidedignas.com.mx\/index.php\/wp-json\/wp\/v2\/tags?post=84365"}],"curies":[{"name":"wp","href":"https:\/\/api.w.org\/{rel}","templated":true}]}}