{"id":84347,"date":"2024-06-17T18:56:53","date_gmt":"2024-06-18T01:56:53","guid":{"rendered":"https:\/\/fuentesfidedignas.com.mx\/?p=84347"},"modified":"2024-06-17T18:56:53","modified_gmt":"2024-06-18T01:56:53","slug":"defensa-de-ovidio-guzman-pide-mas-tiempo-para-analizar-informacion-presentada-por-fiscalia-de-eu","status":"publish","type":"post","link":"https:\/\/fuentesfidedignas.com.mx\/index.php\/2024\/06\/17\/defensa-de-ovidio-guzman-pide-mas-tiempo-para-analizar-informacion-presentada-por-fiscalia-de-eu\/","title":{"rendered":"Defensa de Ovidio Guzm\u00e1n pide m\u00e1s tiempo para analizar informaci\u00f3n presentada por fiscal\u00eda de EU"},"content":{"rendered":"\n<p><strong><em>La Fiscal\u00eda estadunidense revel\u00f3 nueva informaci\u00f3n que ha recopilado como parte del caso contra Ovidio Guzm\u00e1n L\u00f3pez. Te decimos qui\u00e9nes ser\u00edan los nuevos testigos.<\/em><\/strong><\/p>\n\n\n\n<p>Ovidio Guzm\u00e1n L\u00f3pez, El Rat\u00f3n, hijo de Joaqu\u00edn&nbsp;El Chapo Guzm\u00e1n y uno de los l\u00edderes de Los Chapitos, c\u00e9lula del c\u00e1rtel de Sinaloa, compareci\u00f3, el lunes 17 de junio, en una corte de Estados Unidos, en la que su defensa solicit\u00f3 una extensi\u00f3n de tiempo para continuar con los procedimientos del caso.<\/p>\n\n\n\n<p>En la Corte de Distrito norte de Illinois, la Fiscal\u00eda estadunidense revel\u00f3 nueva informaci\u00f3n que ha recopilado como parte del caso contra Ovidio Guzm\u00e1n L\u00f3pez, y la entregaron a su defensa.<\/p>\n\n\n\n<p><strong>\u00bfCu\u00e1ndo ser\u00e1 la audiencia de seguimiento contra Ovidio Guzm\u00e1n?<\/strong><br>Tras la petici\u00f3n de los abogados de El Rat\u00f3n, ser\u00e1 hasta el primero de octubre que vuelva a comparecer para una audiencia de seguimiento.<\/p>\n\n\n\n<p>\u201cLos abogados que representan al gobierno reportaron que una producci\u00f3n final con base en la Norma 16 fue presentada a los abogados defensores, por lo que la defensa necesitar\u00e1 m\u00e1s tiempo para revisarla\u201d, se detalla en la minuta de la audiencia, que dur\u00f3 menos de 20 minutos.<\/p>\n\n\n\n<p><strong>\u00bfDe qu\u00e9 acusan a Ovidio Guzm\u00e1n?<\/strong><br>El Rat\u00f3n enfrenta 10 cargos relacionados con tr\u00e1fico de coca\u00edna, metanfetamina, hero\u00edna y mariguana, as\u00ed como lavado de dinero y posesi\u00f3n de armas de fuego.<\/p>\n\n\n\n<p>Adem\u00e1s de otros cargos en otras cortes del pa\u00eds, como Nueva York.<\/p>\n\n\n\n<p>Fue extraditado a Estados Unidos el septiembre de 2023, ocho meses despu\u00e9s de su detenci\u00f3n en Jes\u00fas Mar\u00eda, Culiac\u00e1n, en un operativo sumamente sigiloso.<\/p>\n\n\n\n<p>Fuentes han revelado a MILENIO que parte del caso se sustenta en una serie de conversaciones, v\u00eda Blackberry, proporcionadas por los gemelos Margarito y Pedro Flores, ex operadores de Joaqu\u00edn El Chapo Guzm\u00e1n, en las que El Rat\u00f3n discut\u00eda sus negocios criminales.<\/p>\n\n\n\n<p><strong>\u00bfQui\u00e9n es Ovidio Guzm\u00e1n?\u00a0<\/strong><br>Ovidio Guzm\u00e1n es hijo de Joaqu\u00edn El Chapo Guzm\u00e1n y su segunda esposa, Griselda L\u00f3pez P\u00e9rez; tambi\u00e9n es\u00a0conocido como El Rat\u00f3n, tiene 31 a\u00f1os y se le identifica como miembro de alto rango del c\u00e1rtel de Sinaloa.<\/p>\n\n\n\n<p>Junto con otros tres de sus hermanos, enfrenta cargos en Estados Unidos por conspiraci\u00f3n para traficar coca\u00edna, metanfetaminas y mariguana.<\/p>\n\n\n\n<p>Incluso,&nbsp;el Departamento de Estado ofreci\u00f3&nbsp;recompensas de 5 millones de d\u00f3lares por la detenci\u00f3n de Ovidio Guzm\u00e1n, Iv\u00e1n Archivaldo Guzm\u00e1n Salazar, Jes\u00fas&nbsp;Alfredo Guzm\u00e1n Salazar y Joaqu\u00edn El Chapo Guzm\u00e1n L\u00f3pez.&nbsp;<\/p>\n\n\n\n<p>Aunque las autoridades de Estados Unidos no los identifican como cabezas del imperio criminal que dej\u00f3 su padre, s\u00ed los posicionan como piezas clave para el c\u00e1rtel.<\/p>\n\n\n\n<p>Ovidio Guzm\u00e1n aparece en varios registros judiciales y del Tesoro en Estados Unidos por actividades relacionadas con el narcotr\u00e1fico y el lavado de dinero.<\/p>\n","protected":false},"excerpt":{"rendered":"<p>La Fiscal\u00eda estadunidense revel\u00f3 nueva informaci\u00f3n que ha recopilado como parte del caso contra Ovidio Guzm\u00e1n L\u00f3pez. Te decimos qui\u00e9nes ser\u00edan los nuevos testigos. Ovidio Guzm\u00e1n L\u00f3pez, El Rat\u00f3n, hijo de Joaqu\u00edn&nbsp;El Chapo Guzm\u00e1n y uno de los l\u00edderes de Los Chapitos, c\u00e9lula del c\u00e1rtel de Sinaloa, compareci\u00f3, el lunes 17 de junio, en una [&hellip;]<\/p>\n","protected":false},"author":9,"featured_media":59255,"comment_status":"open","ping_status":"open","sticky":false,"template":"","format":"standard","meta":{"tdm_status":"","tdm_grid_status":"","footnotes":""},"categories":[39],"tags":[],"class_list":{"0":"post-84347","1":"post","2":"type-post","3":"status-publish","4":"format-standard","5":"has-post-thumbnail","7":"category-noticias-nacionales"},"yoast_head":"<!-- This site is optimized with the Yoast SEO plugin v27.5 - https:\/\/yoast.com\/product\/yoast-seo-wordpress\/ -->\n<title>Defensa de Ovidio Guzm\u00e1n pide m\u00e1s tiempo para analizar informaci\u00f3n presentada por fiscal\u00eda de EU - Fuentes Fidedignas<\/title>\n<meta name=\"robots\" content=\"index, follow, max-snippet:-1, max-image-preview:large, max-video-preview:-1\" \/>\n<link rel=\"canonical\" href=\"https:\/\/fuentesfidedignas.com.mx\/index.php\/2024\/06\/17\/defensa-de-ovidio-guzman-pide-mas-tiempo-para-analizar-informacion-presentada-por-fiscalia-de-eu\/\" \/>\n<meta property=\"og:locale\" content=\"es_MX\" \/>\n<meta property=\"og:type\" content=\"article\" \/>\n<meta property=\"og:title\" content=\"Defensa de Ovidio Guzm\u00e1n pide m\u00e1s tiempo para analizar informaci\u00f3n presentada por fiscal\u00eda de EU - Fuentes Fidedignas\" \/>\n<meta property=\"og:description\" content=\"La Fiscal\u00eda estadunidense revel\u00f3 nueva informaci\u00f3n que ha recopilado como parte del caso contra Ovidio Guzm\u00e1n L\u00f3pez. Te decimos qui\u00e9nes ser\u00edan los nuevos testigos. Ovidio Guzm\u00e1n L\u00f3pez, El Rat\u00f3n, hijo de Joaqu\u00edn&nbsp;El Chapo Guzm\u00e1n y uno de los l\u00edderes de Los Chapitos, c\u00e9lula del c\u00e1rtel de Sinaloa, compareci\u00f3, el lunes 17 de junio, en una [&hellip;]\" \/>\n<meta property=\"og:url\" content=\"https:\/\/fuentesfidedignas.com.mx\/index.php\/2024\/06\/17\/defensa-de-ovidio-guzman-pide-mas-tiempo-para-analizar-informacion-presentada-por-fiscalia-de-eu\/\" \/>\n<meta property=\"og:site_name\" content=\"Fuentes Fidedignas\" \/>\n<meta property=\"article:publisher\" content=\"https:\/\/www.facebook.com\/Fuentes-Fidedignas-368234489921644\" \/>\n<meta property=\"article:published_time\" content=\"2024-06-18T01:56:53+00:00\" \/>\n<meta property=\"og:image\" content=\"https:\/\/fuentesfidedignas.com.mx\/wp-content\/uploads\/2023\/09\/ovidio-guzman-extradicion-foto.jpg\" \/>\n\t<meta property=\"og:image:width\" content=\"1100\" \/>\n\t<meta property=\"og:image:height\" content=\"580\" \/>\n\t<meta property=\"og:image:type\" content=\"image\/jpeg\" \/>\n<meta name=\"author\" content=\"Milenio\" \/>\n<meta name=\"twitter:card\" content=\"summary_large_image\" \/>\n<meta name=\"twitter:creator\" content=\"@fidedignas\" \/>\n<meta name=\"twitter:site\" content=\"@fidedignas\" \/>\n<meta name=\"twitter:label1\" content=\"Escrito por\" \/>\n\t<meta name=\"twitter:data1\" content=\"Milenio\" \/>\n\t<meta name=\"twitter:label2\" content=\"Tiempo de lectura\" \/>\n\t<meta name=\"twitter:data2\" content=\"3 minutos\" \/>\n<script type=\"application\/ld+json\" class=\"yoast-schema-graph\">{\"@context\":\"https:\\\/\\\/schema.org\",\"@graph\":[{\"@type\":\"Article\",\"@id\":\"https:\\\/\\\/fuentesfidedignas.com.mx\\\/index.php\\\/2024\\\/06\\\/17\\\/defensa-de-ovidio-guzman-pide-mas-tiempo-para-analizar-informacion-presentada-por-fiscalia-de-eu\\\/#article\",\"isPartOf\":{\"@id\":\"https:\\\/\\\/fuentesfidedignas.com.mx\\\/index.php\\\/2024\\\/06\\\/17\\\/defensa-de-ovidio-guzman-pide-mas-tiempo-para-analizar-informacion-presentada-por-fiscalia-de-eu\\\/\"},\"author\":{\"name\":\"Milenio\",\"@id\":\"https:\\\/\\\/fuentesfidedignas.com.mx\\\/#\\\/schema\\\/person\\\/47ec0135738f4b0c7495f06a77a2c976\"},\"headline\":\"Defensa de Ovidio Guzm\u00e1n pide m\u00e1s tiempo para analizar informaci\u00f3n presentada por fiscal\u00eda de EU\",\"datePublished\":\"2024-06-18T01:56:53+00:00\",\"mainEntityOfPage\":{\"@id\":\"https:\\\/\\\/fuentesfidedignas.com.mx\\\/index.php\\\/2024\\\/06\\\/17\\\/defensa-de-ovidio-guzman-pide-mas-tiempo-para-analizar-informacion-presentada-por-fiscalia-de-eu\\\/\"},\"wordCount\":528,\"commentCount\":0,\"publisher\":{\"@id\":\"https:\\\/\\\/fuentesfidedignas.com.mx\\\/#organization\"},\"image\":{\"@id\":\"https:\\\/\\\/fuentesfidedignas.com.mx\\\/index.php\\\/2024\\\/06\\\/17\\\/defensa-de-ovidio-guzman-pide-mas-tiempo-para-analizar-informacion-presentada-por-fiscalia-de-eu\\\/#primaryimage\"},\"thumbnailUrl\":\"https:\\\/\\\/fuentesfidedignas.com.mx\\\/wp-content\\\/uploads\\\/2023\\\/09\\\/ovidio-guzman-extradicion-foto.jpg\",\"articleSection\":[\"NOTICIAS NACIONALES\"],\"inLanguage\":\"es\",\"potentialAction\":[{\"@type\":\"CommentAction\",\"name\":\"Comment\",\"target\":[\"https:\\\/\\\/fuentesfidedignas.com.mx\\\/index.php\\\/2024\\\/06\\\/17\\\/defensa-de-ovidio-guzman-pide-mas-tiempo-para-analizar-informacion-presentada-por-fiscalia-de-eu\\\/#respond\"]}]},{\"@type\":\"WebPage\",\"@id\":\"https:\\\/\\\/fuentesfidedignas.com.mx\\\/index.php\\\/2024\\\/06\\\/17\\\/defensa-de-ovidio-guzman-pide-mas-tiempo-para-analizar-informacion-presentada-por-fiscalia-de-eu\\\/\",\"url\":\"https:\\\/\\\/fuentesfidedignas.com.mx\\\/index.php\\\/2024\\\/06\\\/17\\\/defensa-de-ovidio-guzman-pide-mas-tiempo-para-analizar-informacion-presentada-por-fiscalia-de-eu\\\/\",\"name\":\"Defensa de Ovidio Guzm\u00e1n pide m\u00e1s tiempo para analizar informaci\u00f3n presentada por fiscal\u00eda de EU - Fuentes Fidedignas\",\"isPartOf\":{\"@id\":\"https:\\\/\\\/fuentesfidedignas.com.mx\\\/#website\"},\"primaryImageOfPage\":{\"@id\":\"https:\\\/\\\/fuentesfidedignas.com.mx\\\/index.php\\\/2024\\\/06\\\/17\\\/defensa-de-ovidio-guzman-pide-mas-tiempo-para-analizar-informacion-presentada-por-fiscalia-de-eu\\\/#primaryimage\"},\"image\":{\"@id\":\"https:\\\/\\\/fuentesfidedignas.com.mx\\\/index.php\\\/2024\\\/06\\\/17\\\/defensa-de-ovidio-guzman-pide-mas-tiempo-para-analizar-informacion-presentada-por-fiscalia-de-eu\\\/#primaryimage\"},\"thumbnailUrl\":\"https:\\\/\\\/fuentesfidedignas.com.mx\\\/wp-content\\\/uploads\\\/2023\\\/09\\\/ovidio-guzman-extradicion-foto.jpg\",\"datePublished\":\"2024-06-18T01:56:53+00:00\",\"breadcrumb\":{\"@id\":\"https:\\\/\\\/fuentesfidedignas.com.mx\\\/index.php\\\/2024\\\/06\\\/17\\\/defensa-de-ovidio-guzman-pide-mas-tiempo-para-analizar-informacion-presentada-por-fiscalia-de-eu\\\/#breadcrumb\"},\"inLanguage\":\"es\",\"potentialAction\":[{\"@type\":\"ReadAction\",\"target\":[\"https:\\\/\\\/fuentesfidedignas.com.mx\\\/index.php\\\/2024\\\/06\\\/17\\\/defensa-de-ovidio-guzman-pide-mas-tiempo-para-analizar-informacion-presentada-por-fiscalia-de-eu\\\/\"]}]},{\"@type\":\"ImageObject\",\"inLanguage\":\"es\",\"@id\":\"https:\\\/\\\/fuentesfidedignas.com.mx\\\/index.php\\\/2024\\\/06\\\/17\\\/defensa-de-ovidio-guzman-pide-mas-tiempo-para-analizar-informacion-presentada-por-fiscalia-de-eu\\\/#primaryimage\",\"url\":\"https:\\\/\\\/fuentesfidedignas.com.mx\\\/wp-content\\\/uploads\\\/2023\\\/09\\\/ovidio-guzman-extradicion-foto.jpg\",\"contentUrl\":\"https:\\\/\\\/fuentesfidedignas.com.mx\\\/wp-content\\\/uploads\\\/2023\\\/09\\\/ovidio-guzman-extradicion-foto.jpg\",\"width\":1100,\"height\":580},{\"@type\":\"BreadcrumbList\",\"@id\":\"https:\\\/\\\/fuentesfidedignas.com.mx\\\/index.php\\\/2024\\\/06\\\/17\\\/defensa-de-ovidio-guzman-pide-mas-tiempo-para-analizar-informacion-presentada-por-fiscalia-de-eu\\\/#breadcrumb\",\"itemListElement\":[{\"@type\":\"ListItem\",\"position\":1,\"name\":\"Inicio\",\"item\":\"https:\\\/\\\/fuentesfidedignas.com.mx\\\/\"},{\"@type\":\"ListItem\",\"position\":2,\"name\":\"Defensa de Ovidio Guzm\u00e1n pide m\u00e1s tiempo para analizar informaci\u00f3n presentada por fiscal\u00eda de EU\"}]},{\"@type\":\"WebSite\",\"@id\":\"https:\\\/\\\/fuentesfidedignas.com.mx\\\/#website\",\"url\":\"https:\\\/\\\/fuentesfidedignas.com.mx\\\/\",\"name\":\"Fuentes Fidedignas\",\"description\":\"Otro sitio realizado con WordPress\",\"publisher\":{\"@id\":\"https:\\\/\\\/fuentesfidedignas.com.mx\\\/#organization\"},\"potentialAction\":[{\"@type\":\"SearchAction\",\"target\":{\"@type\":\"EntryPoint\",\"urlTemplate\":\"https:\\\/\\\/fuentesfidedignas.com.mx\\\/?s={search_term_string}\"},\"query-input\":{\"@type\":\"PropertyValueSpecification\",\"valueRequired\":true,\"valueName\":\"search_term_string\"}}],\"inLanguage\":\"es\"},{\"@type\":\"Organization\",\"@id\":\"https:\\\/\\\/fuentesfidedignas.com.mx\\\/#organization\",\"name\":\"Fuentes Fidedignas\",\"url\":\"https:\\\/\\\/fuentesfidedignas.com.mx\\\/\",\"logo\":{\"@type\":\"ImageObject\",\"inLanguage\":\"es\",\"@id\":\"https:\\\/\\\/fuentesfidedignas.com.mx\\\/#\\\/schema\\\/logo\\\/image\\\/\",\"url\":\"https:\\\/\\\/fuentesfidedignas.com.mx\\\/wp-content\\\/uploads\\\/2021\\\/04\\\/logo-retina.png\",\"contentUrl\":\"https:\\\/\\\/fuentesfidedignas.com.mx\\\/wp-content\\\/uploads\\\/2021\\\/04\\\/logo-retina.png\",\"width\":280,\"height\":51,\"caption\":\"Fuentes Fidedignas\"},\"image\":{\"@id\":\"https:\\\/\\\/fuentesfidedignas.com.mx\\\/#\\\/schema\\\/logo\\\/image\\\/\"},\"sameAs\":[\"https:\\\/\\\/www.facebook.com\\\/Fuentes-Fidedignas-368234489921644\",\"https:\\\/\\\/x.com\\\/fidedignas\"]},{\"@type\":\"Person\",\"@id\":\"https:\\\/\\\/fuentesfidedignas.com.mx\\\/#\\\/schema\\\/person\\\/47ec0135738f4b0c7495f06a77a2c976\",\"name\":\"Milenio\",\"image\":{\"@type\":\"ImageObject\",\"inLanguage\":\"es\",\"@id\":\"https:\\\/\\\/secure.gravatar.com\\\/avatar\\\/acabf7b54753e51c2c76457954577c236b3b764789b19879565769739d1e4a75?s=96&d=mm&r=g\",\"url\":\"https:\\\/\\\/secure.gravatar.com\\\/avatar\\\/acabf7b54753e51c2c76457954577c236b3b764789b19879565769739d1e4a75?s=96&d=mm&r=g\",\"contentUrl\":\"https:\\\/\\\/secure.gravatar.com\\\/avatar\\\/acabf7b54753e51c2c76457954577c236b3b764789b19879565769739d1e4a75?s=96&d=mm&r=g\",\"caption\":\"Milenio\"},\"url\":\"https:\\\/\\\/fuentesfidedignas.com.mx\\\/index.php\\\/author\\\/milenio\\\/\"}]}<\/script>\n<!-- \/ Yoast SEO plugin. -->","yoast_head_json":{"title":"Defensa de Ovidio Guzm\u00e1n pide m\u00e1s tiempo para analizar informaci\u00f3n presentada por fiscal\u00eda de EU - Fuentes Fidedignas","robots":{"index":"index","follow":"follow","max-snippet":"max-snippet:-1","max-image-preview":"max-image-preview:large","max-video-preview":"max-video-preview:-1"},"canonical":"https:\/\/fuentesfidedignas.com.mx\/index.php\/2024\/06\/17\/defensa-de-ovidio-guzman-pide-mas-tiempo-para-analizar-informacion-presentada-por-fiscalia-de-eu\/","og_locale":"es_MX","og_type":"article","og_title":"Defensa de Ovidio Guzm\u00e1n pide m\u00e1s tiempo para analizar informaci\u00f3n presentada por fiscal\u00eda de EU - Fuentes Fidedignas","og_description":"La Fiscal\u00eda estadunidense revel\u00f3 nueva informaci\u00f3n que ha recopilado como parte del caso contra Ovidio Guzm\u00e1n L\u00f3pez. Te decimos qui\u00e9nes ser\u00edan los nuevos testigos. Ovidio Guzm\u00e1n L\u00f3pez, El Rat\u00f3n, hijo de Joaqu\u00edn&nbsp;El Chapo Guzm\u00e1n y uno de los l\u00edderes de Los Chapitos, c\u00e9lula del c\u00e1rtel de Sinaloa, compareci\u00f3, el lunes 17 de junio, en una [&hellip;]","og_url":"https:\/\/fuentesfidedignas.com.mx\/index.php\/2024\/06\/17\/defensa-de-ovidio-guzman-pide-mas-tiempo-para-analizar-informacion-presentada-por-fiscalia-de-eu\/","og_site_name":"Fuentes Fidedignas","article_publisher":"https:\/\/www.facebook.com\/Fuentes-Fidedignas-368234489921644","article_published_time":"2024-06-18T01:56:53+00:00","og_image":[{"width":1100,"height":580,"url":"https:\/\/fuentesfidedignas.com.mx\/wp-content\/uploads\/2023\/09\/ovidio-guzman-extradicion-foto.jpg","type":"image\/jpeg"}],"author":"Milenio","twitter_card":"summary_large_image","twitter_creator":"@fidedignas","twitter_site":"@fidedignas","twitter_misc":{"Escrito por":"Milenio","Tiempo de lectura":"3 minutos"},"schema":{"@context":"https:\/\/schema.org","@graph":[{"@type":"Article","@id":"https:\/\/fuentesfidedignas.com.mx\/index.php\/2024\/06\/17\/defensa-de-ovidio-guzman-pide-mas-tiempo-para-analizar-informacion-presentada-por-fiscalia-de-eu\/#article","isPartOf":{"@id":"https:\/\/fuentesfidedignas.com.mx\/index.php\/2024\/06\/17\/defensa-de-ovidio-guzman-pide-mas-tiempo-para-analizar-informacion-presentada-por-fiscalia-de-eu\/"},"author":{"name":"Milenio","@id":"https:\/\/fuentesfidedignas.com.mx\/#\/schema\/person\/47ec0135738f4b0c7495f06a77a2c976"},"headline":"Defensa de Ovidio Guzm\u00e1n pide m\u00e1s tiempo para analizar informaci\u00f3n presentada por fiscal\u00eda de EU","datePublished":"2024-06-18T01:56:53+00:00","mainEntityOfPage":{"@id":"https:\/\/fuentesfidedignas.com.mx\/index.php\/2024\/06\/17\/defensa-de-ovidio-guzman-pide-mas-tiempo-para-analizar-informacion-presentada-por-fiscalia-de-eu\/"},"wordCount":528,"commentCount":0,"publisher":{"@id":"https:\/\/fuentesfidedignas.com.mx\/#organization"},"image":{"@id":"https:\/\/fuentesfidedignas.com.mx\/index.php\/2024\/06\/17\/defensa-de-ovidio-guzman-pide-mas-tiempo-para-analizar-informacion-presentada-por-fiscalia-de-eu\/#primaryimage"},"thumbnailUrl":"https:\/\/fuentesfidedignas.com.mx\/wp-content\/uploads\/2023\/09\/ovidio-guzman-extradicion-foto.jpg","articleSection":["NOTICIAS NACIONALES"],"inLanguage":"es","potentialAction":[{"@type":"CommentAction","name":"Comment","target":["https:\/\/fuentesfidedignas.com.mx\/index.php\/2024\/06\/17\/defensa-de-ovidio-guzman-pide-mas-tiempo-para-analizar-informacion-presentada-por-fiscalia-de-eu\/#respond"]}]},{"@type":"WebPage","@id":"https:\/\/fuentesfidedignas.com.mx\/index.php\/2024\/06\/17\/defensa-de-ovidio-guzman-pide-mas-tiempo-para-analizar-informacion-presentada-por-fiscalia-de-eu\/","url":"https:\/\/fuentesfidedignas.com.mx\/index.php\/2024\/06\/17\/defensa-de-ovidio-guzman-pide-mas-tiempo-para-analizar-informacion-presentada-por-fiscalia-de-eu\/","name":"Defensa de Ovidio Guzm\u00e1n pide m\u00e1s tiempo para analizar informaci\u00f3n presentada por fiscal\u00eda de EU - Fuentes Fidedignas","isPartOf":{"@id":"https:\/\/fuentesfidedignas.com.mx\/#website"},"primaryImageOfPage":{"@id":"https:\/\/fuentesfidedignas.com.mx\/index.php\/2024\/06\/17\/defensa-de-ovidio-guzman-pide-mas-tiempo-para-analizar-informacion-presentada-por-fiscalia-de-eu\/#primaryimage"},"image":{"@id":"https:\/\/fuentesfidedignas.com.mx\/index.php\/2024\/06\/17\/defensa-de-ovidio-guzman-pide-mas-tiempo-para-analizar-informacion-presentada-por-fiscalia-de-eu\/#primaryimage"},"thumbnailUrl":"https:\/\/fuentesfidedignas.com.mx\/wp-content\/uploads\/2023\/09\/ovidio-guzman-extradicion-foto.jpg","datePublished":"2024-06-18T01:56:53+00:00","breadcrumb":{"@id":"https:\/\/fuentesfidedignas.com.mx\/index.php\/2024\/06\/17\/defensa-de-ovidio-guzman-pide-mas-tiempo-para-analizar-informacion-presentada-por-fiscalia-de-eu\/#breadcrumb"},"inLanguage":"es","potentialAction":[{"@type":"ReadAction","target":["https:\/\/fuentesfidedignas.com.mx\/index.php\/2024\/06\/17\/defensa-de-ovidio-guzman-pide-mas-tiempo-para-analizar-informacion-presentada-por-fiscalia-de-eu\/"]}]},{"@type":"ImageObject","inLanguage":"es","@id":"https:\/\/fuentesfidedignas.com.mx\/index.php\/2024\/06\/17\/defensa-de-ovidio-guzman-pide-mas-tiempo-para-analizar-informacion-presentada-por-fiscalia-de-eu\/#primaryimage","url":"https:\/\/fuentesfidedignas.com.mx\/wp-content\/uploads\/2023\/09\/ovidio-guzman-extradicion-foto.jpg","contentUrl":"https:\/\/fuentesfidedignas.com.mx\/wp-content\/uploads\/2023\/09\/ovidio-guzman-extradicion-foto.jpg","width":1100,"height":580},{"@type":"BreadcrumbList","@id":"https:\/\/fuentesfidedignas.com.mx\/index.php\/2024\/06\/17\/defensa-de-ovidio-guzman-pide-mas-tiempo-para-analizar-informacion-presentada-por-fiscalia-de-eu\/#breadcrumb","itemListElement":[{"@type":"ListItem","position":1,"name":"Inicio","item":"https:\/\/fuentesfidedignas.com.mx\/"},{"@type":"ListItem","position":2,"name":"Defensa de Ovidio Guzm\u00e1n pide m\u00e1s tiempo para analizar informaci\u00f3n presentada por fiscal\u00eda de EU"}]},{"@type":"WebSite","@id":"https:\/\/fuentesfidedignas.com.mx\/#website","url":"https:\/\/fuentesfidedignas.com.mx\/","name":"Fuentes Fidedignas","description":"Otro sitio realizado con WordPress","publisher":{"@id":"https:\/\/fuentesfidedignas.com.mx\/#organization"},"potentialAction":[{"@type":"SearchAction","target":{"@type":"EntryPoint","urlTemplate":"https:\/\/fuentesfidedignas.com.mx\/?s={search_term_string}"},"query-input":{"@type":"PropertyValueSpecification","valueRequired":true,"valueName":"search_term_string"}}],"inLanguage":"es"},{"@type":"Organization","@id":"https:\/\/fuentesfidedignas.com.mx\/#organization","name":"Fuentes Fidedignas","url":"https:\/\/fuentesfidedignas.com.mx\/","logo":{"@type":"ImageObject","inLanguage":"es","@id":"https:\/\/fuentesfidedignas.com.mx\/#\/schema\/logo\/image\/","url":"https:\/\/fuentesfidedignas.com.mx\/wp-content\/uploads\/2021\/04\/logo-retina.png","contentUrl":"https:\/\/fuentesfidedignas.com.mx\/wp-content\/uploads\/2021\/04\/logo-retina.png","width":280,"height":51,"caption":"Fuentes Fidedignas"},"image":{"@id":"https:\/\/fuentesfidedignas.com.mx\/#\/schema\/logo\/image\/"},"sameAs":["https:\/\/www.facebook.com\/Fuentes-Fidedignas-368234489921644","https:\/\/x.com\/fidedignas"]},{"@type":"Person","@id":"https:\/\/fuentesfidedignas.com.mx\/#\/schema\/person\/47ec0135738f4b0c7495f06a77a2c976","name":"Milenio","image":{"@type":"ImageObject","inLanguage":"es","@id":"https:\/\/secure.gravatar.com\/avatar\/acabf7b54753e51c2c76457954577c236b3b764789b19879565769739d1e4a75?s=96&d=mm&r=g","url":"https:\/\/secure.gravatar.com\/avatar\/acabf7b54753e51c2c76457954577c236b3b764789b19879565769739d1e4a75?s=96&d=mm&r=g","contentUrl":"https:\/\/secure.gravatar.com\/avatar\/acabf7b54753e51c2c76457954577c236b3b764789b19879565769739d1e4a75?s=96&d=mm&r=g","caption":"Milenio"},"url":"https:\/\/fuentesfidedignas.com.mx\/index.php\/author\/milenio\/"}]}},"_links":{"self":[{"href":"https:\/\/fuentesfidedignas.com.mx\/index.php\/wp-json\/wp\/v2\/posts\/84347","targetHints":{"allow":["GET"]}}],"collection":[{"href":"https:\/\/fuentesfidedignas.com.mx\/index.php\/wp-json\/wp\/v2\/posts"}],"about":[{"href":"https:\/\/fuentesfidedignas.com.mx\/index.php\/wp-json\/wp\/v2\/types\/post"}],"author":[{"embeddable":true,"href":"https:\/\/fuentesfidedignas.com.mx\/index.php\/wp-json\/wp\/v2\/users\/9"}],"replies":[{"embeddable":true,"href":"https:\/\/fuentesfidedignas.com.mx\/index.php\/wp-json\/wp\/v2\/comments?post=84347"}],"version-history":[{"count":1,"href":"https:\/\/fuentesfidedignas.com.mx\/index.php\/wp-json\/wp\/v2\/posts\/84347\/revisions"}],"predecessor-version":[{"id":84348,"href":"https:\/\/fuentesfidedignas.com.mx\/index.php\/wp-json\/wp\/v2\/posts\/84347\/revisions\/84348"}],"wp:featuredmedia":[{"embeddable":true,"href":"https:\/\/fuentesfidedignas.com.mx\/index.php\/wp-json\/wp\/v2\/media\/59255"}],"wp:attachment":[{"href":"https:\/\/fuentesfidedignas.com.mx\/index.php\/wp-json\/wp\/v2\/media?parent=84347"}],"wp:term":[{"taxonomy":"category","embeddable":true,"href":"https:\/\/fuentesfidedignas.com.mx\/index.php\/wp-json\/wp\/v2\/categories?post=84347"},{"taxonomy":"post_tag","embeddable":true,"href":"https:\/\/fuentesfidedignas.com.mx\/index.php\/wp-json\/wp\/v2\/tags?post=84347"}],"curies":[{"name":"wp","href":"https:\/\/api.w.org\/{rel}","templated":true}]}}