{"id":84265,"date":"2024-06-17T08:06:19","date_gmt":"2024-06-17T15:06:19","guid":{"rendered":"https:\/\/fuentesfidedignas.com.mx\/?p=84265"},"modified":"2024-06-17T08:06:19","modified_gmt":"2024-06-17T15:06:19","slug":"don-omar-revela-que-padece-cancer-anuncia-retiro-temporal-nos-vemos-pronto","status":"publish","type":"post","link":"https:\/\/fuentesfidedignas.com.mx\/index.php\/2024\/06\/17\/don-omar-revela-que-padece-cancer-anuncia-retiro-temporal-nos-vemos-pronto\/","title":{"rendered":"Don Omar revela que padece c\u00e1ncer; anuncia retiro temporal: &#8220;nos vemos pronto&#8221;"},"content":{"rendered":"\n<p><strong><em>El famoso cantante de reguet\u00f3n dio a conocer la ma\u00f1ana de este lunes la noticia de que fue diagnosticado con c\u00e1ncer.<\/em><\/strong><\/p>\n\n\n\n<p>Don Omar, famoso cantante de m\u00fasica urbana conocido como &#8216;El Rey del Reguet\u00f3n&#8217;, dio a conocer la ma\u00f1ana de este lunes que fue diagnosticado con c\u00e1ncer.&nbsp;<\/p>\n\n\n\n<p>El cantante puertorrique\u00f1o no especific\u00f3 el tipo de c\u00e1ncer que le fue detectado; sin embargo, en la publicaci\u00f3n&nbsp;que comparti\u00f3 una imagen en sus redes sociales en las que confirma el diagn\u00f3stico y env\u00eda un emotivo mensaje a todos sus seguidores.<\/p>\n\n\n\n<p>Don Omar realiz\u00f3 un importante anuncio en sus redes sociales, donde dio a conocer a todos sus seguidores y al p\u00fablico en general que parece c\u00e1ncer. El cantante hizo el anuncio a trav\u00e9s de una fotograf\u00eda de sus mu\u00f1ecas en donde muestra una pulsera de su ingreso hospitalario en el centro\u00a0Orlando Health de Estados Unidos.<\/p>\n\n\n\n<p>Fui a trav\u00e9s de una breve, pero emotiva frase que el cantante confirm\u00f3 que tiene c\u00e1ncer; adem\u00e1s, anunci\u00f3 su retiro temporal para poder atender la enfermedad.<\/p>\n\n\n\n<p>&#8220;Hoy s\u00ed, pero ma\u00f1ana no tendr\u00e9 c\u00e1ncer. Las buenas intenciones son bien recibidas. Nos vemos pronto. #fuckcancer&#8221;, escribi\u00f3 el puertorrique\u00f1o en la descripci\u00f3n de la foto.<\/p>\n\n\n\n<blockquote class=\"instagram-media\" data-instgrm-captioned data-instgrm-permalink=\"https:\/\/www.instagram.com\/p\/C8T7fJsubzK\/?utm_source=ig_embed&amp;utm_campaign=loading\" data-instgrm-version=\"14\" style=\" background:#FFF; border:0; border-radius:3px; box-shadow:0 0 1px 0 rgba(0,0,0,0.5),0 1px 10px 0 rgba(0,0,0,0.15); margin: 1px; max-width:540px; min-width:326px; padding:0; width:99.375%; width:-webkit-calc(100% - 2px); width:calc(100% - 2px);\"><div style=\"padding:16px;\"> <a href=\"https:\/\/www.instagram.com\/p\/C8T7fJsubzK\/?utm_source=ig_embed&amp;utm_campaign=loading\" style=\" background:#FFFFFF; line-height:0; padding:0 0; text-align:center; text-decoration:none; width:100%;\" target=\"_blank\" rel=\"noopener\"> <div style=\" display: flex; flex-direction: row; align-items: center;\"> <div style=\"background-color: #F4F4F4; border-radius: 50%; flex-grow: 0; height: 40px; margin-right: 14px; width: 40px;\"><\/div> <div style=\"display: flex; flex-direction: column; flex-grow: 1; justify-content: center;\"> <div style=\" background-color: #F4F4F4; border-radius: 4px; flex-grow: 0; height: 14px; margin-bottom: 6px; width: 100px;\"><\/div> <div style=\" background-color: #F4F4F4; border-radius: 4px; flex-grow: 0; height: 14px; width: 60px;\"><\/div><\/div><\/div><div style=\"padding: 19% 0;\"><\/div> <div style=\"display:block; height:50px; margin:0 auto 12px; width:50px;\"><svg width=\"50px\" height=\"50px\" viewBox=\"0 0 60 60\" version=\"1.1\" xmlns=\"https:\/\/www.w3.org\/2000\/svg\" xmlns:xlink=\"https:\/\/www.w3.org\/1999\/xlink\"><g stroke=\"none\" stroke-width=\"1\" fill=\"none\" fill-rule=\"evenodd\"><g transform=\"translate(-511.000000, -20.000000)\" fill=\"#000000\"><g><path d=\"M556.869,30.41 C554.814,30.41 553.148,32.076 553.148,34.131 C553.148,36.186 554.814,37.852 556.869,37.852 C558.924,37.852 560.59,36.186 560.59,34.131 C560.59,32.076 558.924,30.41 556.869,30.41 M541,60.657 C535.114,60.657 530.342,55.887 530.342,50 C530.342,44.114 535.114,39.342 541,39.342 C546.887,39.342 551.658,44.114 551.658,50 C551.658,55.887 546.887,60.657 541,60.657 M541,33.886 C532.1,33.886 524.886,41.1 524.886,50 C524.886,58.899 532.1,66.113 541,66.113 C549.9,66.113 557.115,58.899 557.115,50 C557.115,41.1 549.9,33.886 541,33.886 M565.378,62.101 C565.244,65.022 564.756,66.606 564.346,67.663 C563.803,69.06 563.154,70.057 562.106,71.106 C561.058,72.155 560.06,72.803 558.662,73.347 C557.607,73.757 556.021,74.244 553.102,74.378 C549.944,74.521 548.997,74.552 541,74.552 C533.003,74.552 532.056,74.521 528.898,74.378 C525.979,74.244 524.393,73.757 523.338,73.347 C521.94,72.803 520.942,72.155 519.894,71.106 C518.846,70.057 518.197,69.06 517.654,67.663 C517.244,66.606 516.755,65.022 516.623,62.101 C516.479,58.943 516.448,57.996 516.448,50 C516.448,42.003 516.479,41.056 516.623,37.899 C516.755,34.978 517.244,33.391 517.654,32.338 C518.197,30.938 518.846,29.942 519.894,28.894 C520.942,27.846 521.94,27.196 523.338,26.654 C524.393,26.244 525.979,25.756 528.898,25.623 C532.057,25.479 533.004,25.448 541,25.448 C548.997,25.448 549.943,25.479 553.102,25.623 C556.021,25.756 557.607,26.244 558.662,26.654 C560.06,27.196 561.058,27.846 562.106,28.894 C563.154,29.942 563.803,30.938 564.346,32.338 C564.756,33.391 565.244,34.978 565.378,37.899 C565.522,41.056 565.552,42.003 565.552,50 C565.552,57.996 565.522,58.943 565.378,62.101 M570.82,37.631 C570.674,34.438 570.167,32.258 569.425,30.349 C568.659,28.377 567.633,26.702 565.965,25.035 C564.297,23.368 562.623,22.342 560.652,21.575 C558.743,20.834 556.562,20.326 553.369,20.18 C550.169,20.033 549.148,20 541,20 C532.853,20 531.831,20.033 528.631,20.18 C525.438,20.326 523.257,20.834 521.349,21.575 C519.376,22.342 517.703,23.368 516.035,25.035 C514.368,26.702 513.342,28.377 512.574,30.349 C511.834,32.258 511.326,34.438 511.181,37.631 C511.035,40.831 511,41.851 511,50 C511,58.147 511.035,59.17 511.181,62.369 C511.326,65.562 511.834,67.743 512.574,69.651 C513.342,71.625 514.368,73.296 516.035,74.965 C517.703,76.634 519.376,77.658 521.349,78.425 C523.257,79.167 525.438,79.673 528.631,79.82 C531.831,79.965 532.853,80.001 541,80.001 C549.148,80.001 550.169,79.965 553.369,79.82 C556.562,79.673 558.743,79.167 560.652,78.425 C562.623,77.658 564.297,76.634 565.965,74.965 C567.633,73.296 568.659,71.625 569.425,69.651 C570.167,67.743 570.674,65.562 570.82,62.369 C570.966,59.17 571,58.147 571,50 C571,41.851 570.966,40.831 570.82,37.631\"><\/path><\/g><\/g><\/g><\/svg><\/div><div style=\"padding-top: 8px;\"> <div style=\" color:#3897f0; font-family:Arial,sans-serif; font-size:14px; font-style:normal; font-weight:550; line-height:18px;\">Ver esta publicaci\u00f3n en Instagram<\/div><\/div><div style=\"padding: 12.5% 0;\"><\/div> <div style=\"display: flex; flex-direction: row; margin-bottom: 14px; align-items: center;\"><div> <div style=\"background-color: #F4F4F4; border-radius: 50%; height: 12.5px; width: 12.5px; transform: translateX(0px) translateY(7px);\"><\/div> <div style=\"background-color: #F4F4F4; height: 12.5px; transform: rotate(-45deg) translateX(3px) translateY(1px); width: 12.5px; flex-grow: 0; margin-right: 14px; margin-left: 2px;\"><\/div> <div style=\"background-color: #F4F4F4; border-radius: 50%; height: 12.5px; width: 12.5px; transform: translateX(9px) translateY(-18px);\"><\/div><\/div><div style=\"margin-left: 8px;\"> <div style=\" background-color: #F4F4F4; border-radius: 50%; flex-grow: 0; height: 20px; width: 20px;\"><\/div> <div style=\" width: 0; height: 0; border-top: 2px solid transparent; border-left: 6px solid #f4f4f4; border-bottom: 2px solid transparent; transform: translateX(16px) translateY(-4px) rotate(30deg)\"><\/div><\/div><div style=\"margin-left: auto;\"> <div style=\" width: 0px; border-top: 8px solid #F4F4F4; border-right: 8px solid transparent; transform: translateY(16px);\"><\/div> <div style=\" background-color: #F4F4F4; flex-grow: 0; height: 12px; width: 16px; transform: translateY(-4px);\"><\/div> <div style=\" width: 0; height: 0; border-top: 8px solid #F4F4F4; border-left: 8px solid transparent; transform: translateY(-4px) translateX(8px);\"><\/div><\/div><\/div> <div style=\"display: flex; flex-direction: column; flex-grow: 1; justify-content: center; margin-bottom: 24px;\"> <div style=\" background-color: #F4F4F4; border-radius: 4px; flex-grow: 0; height: 14px; margin-bottom: 6px; width: 224px;\"><\/div> <div style=\" background-color: #F4F4F4; border-radius: 4px; flex-grow: 0; height: 14px; width: 144px;\"><\/div><\/div><\/a><p style=\" color:#c9c8cd; font-family:Arial,sans-serif; font-size:14px; line-height:17px; margin-bottom:0; margin-top:8px; overflow:hidden; padding:8px 0 7px; text-align:center; text-overflow:ellipsis; white-space:nowrap;\"><a href=\"https:\/\/www.instagram.com\/p\/C8T7fJsubzK\/?utm_source=ig_embed&amp;utm_campaign=loading\" style=\" color:#c9c8cd; font-family:Arial,sans-serif; font-size:14px; font-style:normal; font-weight:normal; line-height:17px; text-decoration:none;\" target=\"_blank\" rel=\"noopener\">Una publicaci\u00f3n compartida por DON OMAR aka KONG (@donomar)<\/a><\/p><\/div><\/blockquote> <script async src=\"\/\/www.instagram.com\/embed.js\"><\/script>\n\n\n\n<p>Las noticias compartidas por el cantante ha generado una ola de comentarios por parte de sus fan\u00e1ticos y colegas.<\/p>\n\n\n\n<p>Juan Mag\u00e1n en shock con un emoji de dos personas abraz\u00e1ndose responde &#8220;\u00bfC\u00f3mo?&#8221;; &#8220;Dios contigo, Will. Eres un guerrero&#8221;, escbribe otro usuario. &#8220;Mant\u00e9n la cabeza alta, hermano. La salud es una bendici\u00f3n&#8221;, dice Sean Paul.&nbsp;<\/p>\n\n\n\n<p>William Omar Landr\u00f3n, nombre verdadero de Don Omar, autodenominado &#8220;El rey&#8221; del reguet\u00f3n, realiz\u00f3 entre los meses de marzo y abril pasados una gira por Estados Unidos y Canad\u00e1.<\/p>\n\n\n\n<p>En diciembre pasado, Don Omar se reconcili\u00f3 con Daddy Yankee tras varios a\u00f1os de enemistad.<\/p>\n\n\n\n<p>&#8220;Hoy cerramos el libro que guardaba los mejores cap\u00edtulos de nuestra controversial rivalidad. Gracias por tus palabras y por escuchar las m\u00edas que ven\u00edan del coraz\u00f3n tambi\u00e9n&#8221;, expres\u00f3 Don Omar.<\/p>\n\n\n\n<p><strong>\u00bfQui\u00e9n es Don Omar, cantante diagnosticado con c\u00e1ncer?<\/strong><br>Don Omar es conocido en el mundo de la m\u00fasica por ser uno de los principales exponentes del reggaeton desde sus inicios.<\/p>\n\n\n\n<p>Junto a Daddy Yankee, el puertorrique\u00f1o, es uno de los pioneros en dicho g\u00e9nero musical y tambi\u00e9n es uno de los cantantes que ha causado controversia por las declaraciones sobre nuevos artistas.<\/p>\n\n\n\n<p>Su nombre verdadero es William Omar Landr\u00f3n Rivera y naci\u00f3 en San Juan, Puerto Rico el 10 de febrero de 1978 y actualmente est\u00e1 casado con Jackie Guerrido, con quien form\u00f3 una familia de tres hijos. Don Omar es el hijo mayor de William Landr\u00f3n y Luz Antonia Rivera.<\/p>\n\n\n\n<p>Sus inicios en la m\u00fasica se remontan a cu\u00e1ndo era parte de la Iglesia Evang\u00e9lica Restauraci\u00f3n en Cristo en Bayam\u00f3n, donde fue pastor durante cuatro a\u00f1os, hasta que decidi\u00f3 dejarlo para cumplir su sue\u00f1o de ser cantante.<\/p>\n\n\n\n<p>Despu\u00e9s de algunos a\u00f1os de participar como productor en algunos discos de reggaeton, tuvo su primera aparici\u00f3n en un club nocturno gracias a que hizo una gran amistad con H\u00e9ctor, \u2018El Father\u2019.<\/p>\n\n\n\n<p>La canci\u00f3n con la que comenz\u00f3 a sonar en la industria musical fue \u2018Dale, Don, dale\u2019.<\/p>\n\n\n\n<p>Don Omar es el cantante del \u00e9xito &#8216;Danza Kuduro&#8217;<\/p>\n\n\n\n<figure class=\"wp-block-embed is-type-video is-provider-youtube wp-block-embed-youtube wp-embed-aspect-16-9 wp-has-aspect-ratio\"><div class=\"wp-block-embed__wrapper\">\n<iframe loading=\"lazy\" title=\"Don Omar - Danza Kuduro ft. Lucenzo\" width=\"696\" height=\"392\" src=\"https:\/\/www.youtube.com\/embed\/7zp1TbLFPp8?feature=oembed\" frameborder=\"0\" allow=\"accelerometer; autoplay; clipboard-write; encrypted-media; gyroscope; picture-in-picture; web-share\" referrerpolicy=\"strict-origin-when-cross-origin\" allowfullscreen><\/iframe>\n<\/div><\/figure>\n","protected":false},"excerpt":{"rendered":"<p>El famoso cantante de reguet\u00f3n dio a conocer la ma\u00f1ana de este lunes la noticia de que fue diagnosticado con c\u00e1ncer. Don Omar, famoso cantante de m\u00fasica urbana conocido como &#8216;El Rey del Reguet\u00f3n&#8217;, dio a conocer la ma\u00f1ana de este lunes que fue diagnosticado con c\u00e1ncer.&nbsp; El cantante puertorrique\u00f1o no especific\u00f3 el tipo de [&hellip;]<\/p>\n","protected":false},"author":9,"featured_media":84266,"comment_status":"open","ping_status":"open","sticky":false,"template":"","format":"standard","meta":{"tdm_status":"","tdm_grid_status":"","footnotes":""},"categories":[39],"tags":[],"class_list":{"0":"post-84265","1":"post","2":"type-post","3":"status-publish","4":"format-standard","5":"has-post-thumbnail","7":"category-noticias-nacionales"},"yoast_head":"<!-- This site is optimized with the Yoast SEO plugin v27.5 - https:\/\/yoast.com\/product\/yoast-seo-wordpress\/ -->\n<title>Don Omar revela que padece c\u00e1ncer; anuncia retiro temporal: &quot;nos vemos pronto&quot; - Fuentes Fidedignas<\/title>\n<meta name=\"robots\" content=\"index, follow, max-snippet:-1, max-image-preview:large, max-video-preview:-1\" \/>\n<link rel=\"canonical\" href=\"https:\/\/fuentesfidedignas.com.mx\/index.php\/2024\/06\/17\/don-omar-revela-que-padece-cancer-anuncia-retiro-temporal-nos-vemos-pronto\/\" \/>\n<meta property=\"og:locale\" content=\"es_MX\" \/>\n<meta property=\"og:type\" content=\"article\" \/>\n<meta property=\"og:title\" content=\"Don Omar revela que padece c\u00e1ncer; anuncia retiro temporal: &quot;nos vemos pronto&quot; - Fuentes Fidedignas\" \/>\n<meta property=\"og:description\" content=\"El famoso cantante de reguet\u00f3n dio a conocer la ma\u00f1ana de este lunes la noticia de que fue diagnosticado con c\u00e1ncer. Don Omar, famoso cantante de m\u00fasica urbana conocido como &#8216;El Rey del Reguet\u00f3n&#8217;, dio a conocer la ma\u00f1ana de este lunes que fue diagnosticado con c\u00e1ncer.&nbsp; El cantante puertorrique\u00f1o no especific\u00f3 el tipo de [&hellip;]\" \/>\n<meta property=\"og:url\" content=\"https:\/\/fuentesfidedignas.com.mx\/index.php\/2024\/06\/17\/don-omar-revela-que-padece-cancer-anuncia-retiro-temporal-nos-vemos-pronto\/\" \/>\n<meta property=\"og:site_name\" content=\"Fuentes Fidedignas\" \/>\n<meta property=\"article:publisher\" content=\"https:\/\/www.facebook.com\/Fuentes-Fidedignas-368234489921644\" \/>\n<meta property=\"article:published_time\" content=\"2024-06-17T15:06:19+00:00\" \/>\n<meta property=\"og:image\" content=\"https:\/\/fuentesfidedignas.com.mx\/wp-content\/uploads\/2024\/06\/don-omar.jpg\" \/>\n\t<meta property=\"og:image:width\" content=\"650\" \/>\n\t<meta property=\"og:image:height\" content=\"370\" \/>\n\t<meta property=\"og:image:type\" content=\"image\/jpeg\" \/>\n<meta name=\"author\" content=\"Milenio\" \/>\n<meta name=\"twitter:card\" content=\"summary_large_image\" \/>\n<meta name=\"twitter:creator\" content=\"@fidedignas\" \/>\n<meta name=\"twitter:site\" content=\"@fidedignas\" \/>\n<meta name=\"twitter:label1\" content=\"Escrito por\" \/>\n\t<meta name=\"twitter:data1\" content=\"Milenio\" \/>\n\t<meta name=\"twitter:label2\" content=\"Tiempo de lectura\" \/>\n\t<meta name=\"twitter:data2\" content=\"3 minutos\" \/>\n<script type=\"application\/ld+json\" class=\"yoast-schema-graph\">{\"@context\":\"https:\\\/\\\/schema.org\",\"@graph\":[{\"@type\":\"Article\",\"@id\":\"https:\\\/\\\/fuentesfidedignas.com.mx\\\/index.php\\\/2024\\\/06\\\/17\\\/don-omar-revela-que-padece-cancer-anuncia-retiro-temporal-nos-vemos-pronto\\\/#article\",\"isPartOf\":{\"@id\":\"https:\\\/\\\/fuentesfidedignas.com.mx\\\/index.php\\\/2024\\\/06\\\/17\\\/don-omar-revela-que-padece-cancer-anuncia-retiro-temporal-nos-vemos-pronto\\\/\"},\"author\":{\"name\":\"Milenio\",\"@id\":\"https:\\\/\\\/fuentesfidedignas.com.mx\\\/#\\\/schema\\\/person\\\/47ec0135738f4b0c7495f06a77a2c976\"},\"headline\":\"Don Omar revela que padece c\u00e1ncer; anuncia retiro temporal: &#8220;nos vemos pronto&#8221;\",\"datePublished\":\"2024-06-17T15:06:19+00:00\",\"mainEntityOfPage\":{\"@id\":\"https:\\\/\\\/fuentesfidedignas.com.mx\\\/index.php\\\/2024\\\/06\\\/17\\\/don-omar-revela-que-padece-cancer-anuncia-retiro-temporal-nos-vemos-pronto\\\/\"},\"wordCount\":622,\"commentCount\":0,\"publisher\":{\"@id\":\"https:\\\/\\\/fuentesfidedignas.com.mx\\\/#organization\"},\"image\":{\"@id\":\"https:\\\/\\\/fuentesfidedignas.com.mx\\\/index.php\\\/2024\\\/06\\\/17\\\/don-omar-revela-que-padece-cancer-anuncia-retiro-temporal-nos-vemos-pronto\\\/#primaryimage\"},\"thumbnailUrl\":\"https:\\\/\\\/fuentesfidedignas.com.mx\\\/wp-content\\\/uploads\\\/2024\\\/06\\\/don-omar.jpg\",\"articleSection\":[\"NOTICIAS NACIONALES\"],\"inLanguage\":\"es\",\"potentialAction\":[{\"@type\":\"CommentAction\",\"name\":\"Comment\",\"target\":[\"https:\\\/\\\/fuentesfidedignas.com.mx\\\/index.php\\\/2024\\\/06\\\/17\\\/don-omar-revela-que-padece-cancer-anuncia-retiro-temporal-nos-vemos-pronto\\\/#respond\"]}]},{\"@type\":\"WebPage\",\"@id\":\"https:\\\/\\\/fuentesfidedignas.com.mx\\\/index.php\\\/2024\\\/06\\\/17\\\/don-omar-revela-que-padece-cancer-anuncia-retiro-temporal-nos-vemos-pronto\\\/\",\"url\":\"https:\\\/\\\/fuentesfidedignas.com.mx\\\/index.php\\\/2024\\\/06\\\/17\\\/don-omar-revela-que-padece-cancer-anuncia-retiro-temporal-nos-vemos-pronto\\\/\",\"name\":\"Don Omar revela que padece c\u00e1ncer; anuncia retiro temporal: \\\"nos vemos pronto\\\" - Fuentes Fidedignas\",\"isPartOf\":{\"@id\":\"https:\\\/\\\/fuentesfidedignas.com.mx\\\/#website\"},\"primaryImageOfPage\":{\"@id\":\"https:\\\/\\\/fuentesfidedignas.com.mx\\\/index.php\\\/2024\\\/06\\\/17\\\/don-omar-revela-que-padece-cancer-anuncia-retiro-temporal-nos-vemos-pronto\\\/#primaryimage\"},\"image\":{\"@id\":\"https:\\\/\\\/fuentesfidedignas.com.mx\\\/index.php\\\/2024\\\/06\\\/17\\\/don-omar-revela-que-padece-cancer-anuncia-retiro-temporal-nos-vemos-pronto\\\/#primaryimage\"},\"thumbnailUrl\":\"https:\\\/\\\/fuentesfidedignas.com.mx\\\/wp-content\\\/uploads\\\/2024\\\/06\\\/don-omar.jpg\",\"datePublished\":\"2024-06-17T15:06:19+00:00\",\"breadcrumb\":{\"@id\":\"https:\\\/\\\/fuentesfidedignas.com.mx\\\/index.php\\\/2024\\\/06\\\/17\\\/don-omar-revela-que-padece-cancer-anuncia-retiro-temporal-nos-vemos-pronto\\\/#breadcrumb\"},\"inLanguage\":\"es\",\"potentialAction\":[{\"@type\":\"ReadAction\",\"target\":[\"https:\\\/\\\/fuentesfidedignas.com.mx\\\/index.php\\\/2024\\\/06\\\/17\\\/don-omar-revela-que-padece-cancer-anuncia-retiro-temporal-nos-vemos-pronto\\\/\"]}]},{\"@type\":\"ImageObject\",\"inLanguage\":\"es\",\"@id\":\"https:\\\/\\\/fuentesfidedignas.com.mx\\\/index.php\\\/2024\\\/06\\\/17\\\/don-omar-revela-que-padece-cancer-anuncia-retiro-temporal-nos-vemos-pronto\\\/#primaryimage\",\"url\":\"https:\\\/\\\/fuentesfidedignas.com.mx\\\/wp-content\\\/uploads\\\/2024\\\/06\\\/don-omar.jpg\",\"contentUrl\":\"https:\\\/\\\/fuentesfidedignas.com.mx\\\/wp-content\\\/uploads\\\/2024\\\/06\\\/don-omar.jpg\",\"width\":650,\"height\":370},{\"@type\":\"BreadcrumbList\",\"@id\":\"https:\\\/\\\/fuentesfidedignas.com.mx\\\/index.php\\\/2024\\\/06\\\/17\\\/don-omar-revela-que-padece-cancer-anuncia-retiro-temporal-nos-vemos-pronto\\\/#breadcrumb\",\"itemListElement\":[{\"@type\":\"ListItem\",\"position\":1,\"name\":\"Inicio\",\"item\":\"https:\\\/\\\/fuentesfidedignas.com.mx\\\/\"},{\"@type\":\"ListItem\",\"position\":2,\"name\":\"Don Omar revela que padece c\u00e1ncer; anuncia retiro temporal: &#8220;nos vemos pronto&#8221;\"}]},{\"@type\":\"WebSite\",\"@id\":\"https:\\\/\\\/fuentesfidedignas.com.mx\\\/#website\",\"url\":\"https:\\\/\\\/fuentesfidedignas.com.mx\\\/\",\"name\":\"Fuentes Fidedignas\",\"description\":\"Otro sitio realizado con WordPress\",\"publisher\":{\"@id\":\"https:\\\/\\\/fuentesfidedignas.com.mx\\\/#organization\"},\"potentialAction\":[{\"@type\":\"SearchAction\",\"target\":{\"@type\":\"EntryPoint\",\"urlTemplate\":\"https:\\\/\\\/fuentesfidedignas.com.mx\\\/?s={search_term_string}\"},\"query-input\":{\"@type\":\"PropertyValueSpecification\",\"valueRequired\":true,\"valueName\":\"search_term_string\"}}],\"inLanguage\":\"es\"},{\"@type\":\"Organization\",\"@id\":\"https:\\\/\\\/fuentesfidedignas.com.mx\\\/#organization\",\"name\":\"Fuentes Fidedignas\",\"url\":\"https:\\\/\\\/fuentesfidedignas.com.mx\\\/\",\"logo\":{\"@type\":\"ImageObject\",\"inLanguage\":\"es\",\"@id\":\"https:\\\/\\\/fuentesfidedignas.com.mx\\\/#\\\/schema\\\/logo\\\/image\\\/\",\"url\":\"https:\\\/\\\/fuentesfidedignas.com.mx\\\/wp-content\\\/uploads\\\/2021\\\/04\\\/logo-retina.png\",\"contentUrl\":\"https:\\\/\\\/fuentesfidedignas.com.mx\\\/wp-content\\\/uploads\\\/2021\\\/04\\\/logo-retina.png\",\"width\":280,\"height\":51,\"caption\":\"Fuentes Fidedignas\"},\"image\":{\"@id\":\"https:\\\/\\\/fuentesfidedignas.com.mx\\\/#\\\/schema\\\/logo\\\/image\\\/\"},\"sameAs\":[\"https:\\\/\\\/www.facebook.com\\\/Fuentes-Fidedignas-368234489921644\",\"https:\\\/\\\/x.com\\\/fidedignas\"]},{\"@type\":\"Person\",\"@id\":\"https:\\\/\\\/fuentesfidedignas.com.mx\\\/#\\\/schema\\\/person\\\/47ec0135738f4b0c7495f06a77a2c976\",\"name\":\"Milenio\",\"image\":{\"@type\":\"ImageObject\",\"inLanguage\":\"es\",\"@id\":\"https:\\\/\\\/secure.gravatar.com\\\/avatar\\\/acabf7b54753e51c2c76457954577c236b3b764789b19879565769739d1e4a75?s=96&d=mm&r=g\",\"url\":\"https:\\\/\\\/secure.gravatar.com\\\/avatar\\\/acabf7b54753e51c2c76457954577c236b3b764789b19879565769739d1e4a75?s=96&d=mm&r=g\",\"contentUrl\":\"https:\\\/\\\/secure.gravatar.com\\\/avatar\\\/acabf7b54753e51c2c76457954577c236b3b764789b19879565769739d1e4a75?s=96&d=mm&r=g\",\"caption\":\"Milenio\"},\"url\":\"https:\\\/\\\/fuentesfidedignas.com.mx\\\/index.php\\\/author\\\/milenio\\\/\"}]}<\/script>\n<!-- \/ Yoast SEO plugin. -->","yoast_head_json":{"title":"Don Omar revela que padece c\u00e1ncer; anuncia retiro temporal: \"nos vemos pronto\" - Fuentes Fidedignas","robots":{"index":"index","follow":"follow","max-snippet":"max-snippet:-1","max-image-preview":"max-image-preview:large","max-video-preview":"max-video-preview:-1"},"canonical":"https:\/\/fuentesfidedignas.com.mx\/index.php\/2024\/06\/17\/don-omar-revela-que-padece-cancer-anuncia-retiro-temporal-nos-vemos-pronto\/","og_locale":"es_MX","og_type":"article","og_title":"Don Omar revela que padece c\u00e1ncer; anuncia retiro temporal: \"nos vemos pronto\" - Fuentes Fidedignas","og_description":"El famoso cantante de reguet\u00f3n dio a conocer la ma\u00f1ana de este lunes la noticia de que fue diagnosticado con c\u00e1ncer. Don Omar, famoso cantante de m\u00fasica urbana conocido como &#8216;El Rey del Reguet\u00f3n&#8217;, dio a conocer la ma\u00f1ana de este lunes que fue diagnosticado con c\u00e1ncer.&nbsp; El cantante puertorrique\u00f1o no especific\u00f3 el tipo de [&hellip;]","og_url":"https:\/\/fuentesfidedignas.com.mx\/index.php\/2024\/06\/17\/don-omar-revela-que-padece-cancer-anuncia-retiro-temporal-nos-vemos-pronto\/","og_site_name":"Fuentes Fidedignas","article_publisher":"https:\/\/www.facebook.com\/Fuentes-Fidedignas-368234489921644","article_published_time":"2024-06-17T15:06:19+00:00","og_image":[{"width":650,"height":370,"url":"https:\/\/fuentesfidedignas.com.mx\/wp-content\/uploads\/2024\/06\/don-omar.jpg","type":"image\/jpeg"}],"author":"Milenio","twitter_card":"summary_large_image","twitter_creator":"@fidedignas","twitter_site":"@fidedignas","twitter_misc":{"Escrito por":"Milenio","Tiempo de lectura":"3 minutos"},"schema":{"@context":"https:\/\/schema.org","@graph":[{"@type":"Article","@id":"https:\/\/fuentesfidedignas.com.mx\/index.php\/2024\/06\/17\/don-omar-revela-que-padece-cancer-anuncia-retiro-temporal-nos-vemos-pronto\/#article","isPartOf":{"@id":"https:\/\/fuentesfidedignas.com.mx\/index.php\/2024\/06\/17\/don-omar-revela-que-padece-cancer-anuncia-retiro-temporal-nos-vemos-pronto\/"},"author":{"name":"Milenio","@id":"https:\/\/fuentesfidedignas.com.mx\/#\/schema\/person\/47ec0135738f4b0c7495f06a77a2c976"},"headline":"Don Omar revela que padece c\u00e1ncer; anuncia retiro temporal: &#8220;nos vemos pronto&#8221;","datePublished":"2024-06-17T15:06:19+00:00","mainEntityOfPage":{"@id":"https:\/\/fuentesfidedignas.com.mx\/index.php\/2024\/06\/17\/don-omar-revela-que-padece-cancer-anuncia-retiro-temporal-nos-vemos-pronto\/"},"wordCount":622,"commentCount":0,"publisher":{"@id":"https:\/\/fuentesfidedignas.com.mx\/#organization"},"image":{"@id":"https:\/\/fuentesfidedignas.com.mx\/index.php\/2024\/06\/17\/don-omar-revela-que-padece-cancer-anuncia-retiro-temporal-nos-vemos-pronto\/#primaryimage"},"thumbnailUrl":"https:\/\/fuentesfidedignas.com.mx\/wp-content\/uploads\/2024\/06\/don-omar.jpg","articleSection":["NOTICIAS NACIONALES"],"inLanguage":"es","potentialAction":[{"@type":"CommentAction","name":"Comment","target":["https:\/\/fuentesfidedignas.com.mx\/index.php\/2024\/06\/17\/don-omar-revela-que-padece-cancer-anuncia-retiro-temporal-nos-vemos-pronto\/#respond"]}]},{"@type":"WebPage","@id":"https:\/\/fuentesfidedignas.com.mx\/index.php\/2024\/06\/17\/don-omar-revela-que-padece-cancer-anuncia-retiro-temporal-nos-vemos-pronto\/","url":"https:\/\/fuentesfidedignas.com.mx\/index.php\/2024\/06\/17\/don-omar-revela-que-padece-cancer-anuncia-retiro-temporal-nos-vemos-pronto\/","name":"Don Omar revela que padece c\u00e1ncer; anuncia retiro temporal: \"nos vemos pronto\" - Fuentes Fidedignas","isPartOf":{"@id":"https:\/\/fuentesfidedignas.com.mx\/#website"},"primaryImageOfPage":{"@id":"https:\/\/fuentesfidedignas.com.mx\/index.php\/2024\/06\/17\/don-omar-revela-que-padece-cancer-anuncia-retiro-temporal-nos-vemos-pronto\/#primaryimage"},"image":{"@id":"https:\/\/fuentesfidedignas.com.mx\/index.php\/2024\/06\/17\/don-omar-revela-que-padece-cancer-anuncia-retiro-temporal-nos-vemos-pronto\/#primaryimage"},"thumbnailUrl":"https:\/\/fuentesfidedignas.com.mx\/wp-content\/uploads\/2024\/06\/don-omar.jpg","datePublished":"2024-06-17T15:06:19+00:00","breadcrumb":{"@id":"https:\/\/fuentesfidedignas.com.mx\/index.php\/2024\/06\/17\/don-omar-revela-que-padece-cancer-anuncia-retiro-temporal-nos-vemos-pronto\/#breadcrumb"},"inLanguage":"es","potentialAction":[{"@type":"ReadAction","target":["https:\/\/fuentesfidedignas.com.mx\/index.php\/2024\/06\/17\/don-omar-revela-que-padece-cancer-anuncia-retiro-temporal-nos-vemos-pronto\/"]}]},{"@type":"ImageObject","inLanguage":"es","@id":"https:\/\/fuentesfidedignas.com.mx\/index.php\/2024\/06\/17\/don-omar-revela-que-padece-cancer-anuncia-retiro-temporal-nos-vemos-pronto\/#primaryimage","url":"https:\/\/fuentesfidedignas.com.mx\/wp-content\/uploads\/2024\/06\/don-omar.jpg","contentUrl":"https:\/\/fuentesfidedignas.com.mx\/wp-content\/uploads\/2024\/06\/don-omar.jpg","width":650,"height":370},{"@type":"BreadcrumbList","@id":"https:\/\/fuentesfidedignas.com.mx\/index.php\/2024\/06\/17\/don-omar-revela-que-padece-cancer-anuncia-retiro-temporal-nos-vemos-pronto\/#breadcrumb","itemListElement":[{"@type":"ListItem","position":1,"name":"Inicio","item":"https:\/\/fuentesfidedignas.com.mx\/"},{"@type":"ListItem","position":2,"name":"Don Omar revela que padece c\u00e1ncer; anuncia retiro temporal: &#8220;nos vemos pronto&#8221;"}]},{"@type":"WebSite","@id":"https:\/\/fuentesfidedignas.com.mx\/#website","url":"https:\/\/fuentesfidedignas.com.mx\/","name":"Fuentes Fidedignas","description":"Otro sitio realizado con WordPress","publisher":{"@id":"https:\/\/fuentesfidedignas.com.mx\/#organization"},"potentialAction":[{"@type":"SearchAction","target":{"@type":"EntryPoint","urlTemplate":"https:\/\/fuentesfidedignas.com.mx\/?s={search_term_string}"},"query-input":{"@type":"PropertyValueSpecification","valueRequired":true,"valueName":"search_term_string"}}],"inLanguage":"es"},{"@type":"Organization","@id":"https:\/\/fuentesfidedignas.com.mx\/#organization","name":"Fuentes Fidedignas","url":"https:\/\/fuentesfidedignas.com.mx\/","logo":{"@type":"ImageObject","inLanguage":"es","@id":"https:\/\/fuentesfidedignas.com.mx\/#\/schema\/logo\/image\/","url":"https:\/\/fuentesfidedignas.com.mx\/wp-content\/uploads\/2021\/04\/logo-retina.png","contentUrl":"https:\/\/fuentesfidedignas.com.mx\/wp-content\/uploads\/2021\/04\/logo-retina.png","width":280,"height":51,"caption":"Fuentes Fidedignas"},"image":{"@id":"https:\/\/fuentesfidedignas.com.mx\/#\/schema\/logo\/image\/"},"sameAs":["https:\/\/www.facebook.com\/Fuentes-Fidedignas-368234489921644","https:\/\/x.com\/fidedignas"]},{"@type":"Person","@id":"https:\/\/fuentesfidedignas.com.mx\/#\/schema\/person\/47ec0135738f4b0c7495f06a77a2c976","name":"Milenio","image":{"@type":"ImageObject","inLanguage":"es","@id":"https:\/\/secure.gravatar.com\/avatar\/acabf7b54753e51c2c76457954577c236b3b764789b19879565769739d1e4a75?s=96&d=mm&r=g","url":"https:\/\/secure.gravatar.com\/avatar\/acabf7b54753e51c2c76457954577c236b3b764789b19879565769739d1e4a75?s=96&d=mm&r=g","contentUrl":"https:\/\/secure.gravatar.com\/avatar\/acabf7b54753e51c2c76457954577c236b3b764789b19879565769739d1e4a75?s=96&d=mm&r=g","caption":"Milenio"},"url":"https:\/\/fuentesfidedignas.com.mx\/index.php\/author\/milenio\/"}]}},"_links":{"self":[{"href":"https:\/\/fuentesfidedignas.com.mx\/index.php\/wp-json\/wp\/v2\/posts\/84265","targetHints":{"allow":["GET"]}}],"collection":[{"href":"https:\/\/fuentesfidedignas.com.mx\/index.php\/wp-json\/wp\/v2\/posts"}],"about":[{"href":"https:\/\/fuentesfidedignas.com.mx\/index.php\/wp-json\/wp\/v2\/types\/post"}],"author":[{"embeddable":true,"href":"https:\/\/fuentesfidedignas.com.mx\/index.php\/wp-json\/wp\/v2\/users\/9"}],"replies":[{"embeddable":true,"href":"https:\/\/fuentesfidedignas.com.mx\/index.php\/wp-json\/wp\/v2\/comments?post=84265"}],"version-history":[{"count":1,"href":"https:\/\/fuentesfidedignas.com.mx\/index.php\/wp-json\/wp\/v2\/posts\/84265\/revisions"}],"predecessor-version":[{"id":84267,"href":"https:\/\/fuentesfidedignas.com.mx\/index.php\/wp-json\/wp\/v2\/posts\/84265\/revisions\/84267"}],"wp:featuredmedia":[{"embeddable":true,"href":"https:\/\/fuentesfidedignas.com.mx\/index.php\/wp-json\/wp\/v2\/media\/84266"}],"wp:attachment":[{"href":"https:\/\/fuentesfidedignas.com.mx\/index.php\/wp-json\/wp\/v2\/media?parent=84265"}],"wp:term":[{"taxonomy":"category","embeddable":true,"href":"https:\/\/fuentesfidedignas.com.mx\/index.php\/wp-json\/wp\/v2\/categories?post=84265"},{"taxonomy":"post_tag","embeddable":true,"href":"https:\/\/fuentesfidedignas.com.mx\/index.php\/wp-json\/wp\/v2\/tags?post=84265"}],"curies":[{"name":"wp","href":"https:\/\/api.w.org\/{rel}","templated":true}]}}