{"id":84208,"date":"2024-06-16T14:16:44","date_gmt":"2024-06-16T21:16:44","guid":{"rendered":"https:\/\/fuentesfidedignas.com.mx\/?p=84208"},"modified":"2024-06-16T14:16:44","modified_gmt":"2024-06-16T21:16:44","slug":"muchas-felicidades-amlo-celebra-dia-del-padre-desde-durango","status":"publish","type":"post","link":"https:\/\/fuentesfidedignas.com.mx\/index.php\/2024\/06\/16\/muchas-felicidades-amlo-celebra-dia-del-padre-desde-durango\/","title":{"rendered":"\u201cMuchas felicidades\u201d, AMLO celebra D\u00eda del Padre desde Durango"},"content":{"rendered":"\n<p><strong><em>L\u00f3pez Obrador destac\u00f3 que la celebraci\u00f3n a los padres tomaba mayor relevancia al estar presente Claudia Sheinbaum, virtual presidenta electa<\/em><\/strong><\/p>\n\n\n\n<p>El presidente Andr\u00e9s Manuel L\u00f3pez Obrador celebr\u00f3 el D\u00eda del Padre en Durango, como parte de una gira de trabajo por el norte del pa\u00eds.<\/p>\n\n\n\n<figure class=\"wp-block-embed is-type-rich is-provider-twitter wp-block-embed-twitter\"><div class=\"wp-block-embed__wrapper\">\n<blockquote class=\"twitter-tweet\" data-width=\"550\" data-dnt=\"true\"><p lang=\"es\" dir=\"ltr\">AMLO env\u00eda una felicitaci\u00f3n por el d\u00eda del padre<br><br>Desde Lerdo, Durango el presidente <a href=\"https:\/\/twitter.com\/lopezobrador_?ref_src=twsrc%5Etfw\">@lopezobrador_<\/a> envi\u00f3 una felicitaci\u00f3n a todos los pap\u00e1s con motivo del d\u00eda del pap\u00e1, y asegur\u00f3 que no hab\u00eda mejor manera de hacerlo que estar junto a la pr\u00f3xima presidenta de M\u00e9xico,\u2026 <a href=\"https:\/\/t.co\/x8ZFOMeUqY\">pic.twitter.com\/x8ZFOMeUqY<\/a><\/p>&mdash; Pol\u00edtico MX (@politicomx) <a href=\"https:\/\/twitter.com\/politicomx\/status\/1802406037808402824?ref_src=twsrc%5Etfw\">June 16, 2024<\/a><\/blockquote><script async src=\"https:\/\/platform.twitter.com\/widgets.js\" charset=\"utf-8\"><\/script>\n<\/div><\/figure>\n\n\n\n<p>Al encabezar la supervisi\u00f3n del programa Agua Saludable para la Laguna, el primer mandatario felicit\u00f3 a los padres en su d\u00eda.<\/p>\n\n\n\n<p>&#8220;Hoy es el D\u00eda del Padre, muchas felicidades a todos los pap\u00e1s\u201d, expres\u00f3.<\/p>\n\n\n\n<p>L\u00f3pez Obrador destac\u00f3 que la celebraci\u00f3n a los padres tomaba mayor relevancia al estar presente Claudia Sheinbaum, virtual presidenta electa.<\/p>\n\n\n\n<p>Enfatiz\u00f3 adem\u00e1s que de Durango era originario Guadalupe Victoria, primer presidente de M\u00e9xico.<\/p>\n\n\n\n<p>&#8220;De Tamazula, Durango, ah\u00ed naci\u00f3 el primer presidente de M\u00e9xico, el que gobern\u00f3 la primer Rep\u00fablica federal, de 1824 a 1828\u2033, refiri\u00f3.<\/p>\n\n\n\n<p>Aunque originario de Estados Unidos, el D\u00eda del Padre se celebra en todo el mundo, pero en distintas fechas.<\/p>\n\n\n\n<p>Fue en 1966 cuando el presidente estadounidense Lyndon Johnson proclam\u00f3 el D\u00eda del Padre el tercer domingo de junio y seis a\u00f1os despu\u00e9s Richard Nixon lo incluy\u00f3 en el calendario como una fecha oficial, sin embargo, existen dos versiones de su origen.<\/p>\n\n\n\n<p>La primera versi\u00f3n se\u00f1ala que Sonora Dodd, habitante de Washington, promovi\u00f3 en 1910 un d\u00eda dedicado a los padres tras cuestionarse por qu\u00e9 no exist\u00eda tal, pues ella y sus hermanos no celebraban el D\u00eda de la Madres al haber sido criados por su padre tras la muerte de su madre.<\/p>\n\n\n\n<p>Tras obtener el apoyo de algunas congregaciones religiosas se celebr\u00f3 en Spokane, Washington, el primer D\u00eda del Padre el 19 de junio de 1910.<\/p>\n\n\n\n<p>Una segunda versi\u00f3n dice que el festejo se remonta a 1908, cuando Grace Golden Clayton, de Fairmont, Virginia, pidi\u00f3 una fecha en la cual los hijos de 360 mineros muertos en una explosi\u00f3n pudieran recordar a sus padres.<\/p>\n\n\n\n<p>Tal d\u00eda se celebr\u00f3 en una iglesia metodista el 5 de julio de 1908.<\/p>\n\n\n\n<p>Al igual que en Estados Unidos, en M\u00e9xico se celebra el D\u00eda del Padre el tercer domingo de junio.<\/p>\n","protected":false},"excerpt":{"rendered":"<p>L\u00f3pez Obrador destac\u00f3 que la celebraci\u00f3n a los padres tomaba mayor relevancia al estar presente Claudia Sheinbaum, virtual presidenta electa El presidente Andr\u00e9s Manuel L\u00f3pez Obrador celebr\u00f3 el D\u00eda del Padre en Durango, como parte de una gira de trabajo por el norte del pa\u00eds. Al encabezar la supervisi\u00f3n del programa Agua Saludable para la [&hellip;]<\/p>\n","protected":false},"author":47,"featured_media":84209,"comment_status":"open","ping_status":"open","sticky":false,"template":"","format":"standard","meta":{"tdm_status":"","tdm_grid_status":"","footnotes":""},"categories":[39],"tags":[],"class_list":{"0":"post-84208","1":"post","2":"type-post","3":"status-publish","4":"format-standard","5":"has-post-thumbnail","7":"category-noticias-nacionales"},"yoast_head":"<!-- This site is optimized with the Yoast SEO plugin v27.5 - https:\/\/yoast.com\/product\/yoast-seo-wordpress\/ -->\n<title>\u201cMuchas felicidades\u201d, AMLO celebra D\u00eda del Padre desde Durango - Fuentes Fidedignas<\/title>\n<meta name=\"robots\" content=\"index, follow, max-snippet:-1, max-image-preview:large, max-video-preview:-1\" \/>\n<link rel=\"canonical\" href=\"https:\/\/fuentesfidedignas.com.mx\/index.php\/2024\/06\/16\/muchas-felicidades-amlo-celebra-dia-del-padre-desde-durango\/\" \/>\n<meta property=\"og:locale\" content=\"es_MX\" \/>\n<meta property=\"og:type\" content=\"article\" \/>\n<meta property=\"og:title\" content=\"\u201cMuchas felicidades\u201d, AMLO celebra D\u00eda del Padre desde Durango - Fuentes Fidedignas\" \/>\n<meta property=\"og:description\" content=\"L\u00f3pez Obrador destac\u00f3 que la celebraci\u00f3n a los padres tomaba mayor relevancia al estar presente Claudia Sheinbaum, virtual presidenta electa El presidente Andr\u00e9s Manuel L\u00f3pez Obrador celebr\u00f3 el D\u00eda del Padre en Durango, como parte de una gira de trabajo por el norte del pa\u00eds. Al encabezar la supervisi\u00f3n del programa Agua Saludable para la [&hellip;]\" \/>\n<meta property=\"og:url\" content=\"https:\/\/fuentesfidedignas.com.mx\/index.php\/2024\/06\/16\/muchas-felicidades-amlo-celebra-dia-del-padre-desde-durango\/\" \/>\n<meta property=\"og:site_name\" content=\"Fuentes Fidedignas\" \/>\n<meta property=\"article:publisher\" content=\"https:\/\/www.facebook.com\/Fuentes-Fidedignas-368234489921644\" \/>\n<meta property=\"article:published_time\" content=\"2024-06-16T21:16:44+00:00\" \/>\n<meta property=\"og:image\" content=\"https:\/\/fuentesfidedignas.com.mx\/wp-content\/uploads\/2024\/06\/lopez-obrador-en-durango.jpg\" \/>\n\t<meta property=\"og:image:width\" content=\"650\" \/>\n\t<meta property=\"og:image:height\" content=\"365\" \/>\n\t<meta property=\"og:image:type\" content=\"image\/jpeg\" \/>\n<meta name=\"author\" content=\"L\u00f3pez D\u00f3riga\" \/>\n<meta name=\"twitter:card\" content=\"summary_large_image\" \/>\n<meta name=\"twitter:creator\" content=\"@fidedignas\" \/>\n<meta name=\"twitter:site\" content=\"@fidedignas\" \/>\n<meta name=\"twitter:label1\" content=\"Escrito por\" \/>\n\t<meta name=\"twitter:data1\" content=\"L\u00f3pez D\u00f3riga\" \/>\n\t<meta name=\"twitter:label2\" content=\"Tiempo de lectura\" \/>\n\t<meta name=\"twitter:data2\" content=\"2 minutos\" \/>\n<script type=\"application\/ld+json\" class=\"yoast-schema-graph\">{\"@context\":\"https:\\\/\\\/schema.org\",\"@graph\":[{\"@type\":\"Article\",\"@id\":\"https:\\\/\\\/fuentesfidedignas.com.mx\\\/index.php\\\/2024\\\/06\\\/16\\\/muchas-felicidades-amlo-celebra-dia-del-padre-desde-durango\\\/#article\",\"isPartOf\":{\"@id\":\"https:\\\/\\\/fuentesfidedignas.com.mx\\\/index.php\\\/2024\\\/06\\\/16\\\/muchas-felicidades-amlo-celebra-dia-del-padre-desde-durango\\\/\"},\"author\":{\"name\":\"L\u00f3pez D\u00f3riga\",\"@id\":\"https:\\\/\\\/fuentesfidedignas.com.mx\\\/#\\\/schema\\\/person\\\/67d852f0557c8509146a4b9ddebd543a\"},\"headline\":\"\u201cMuchas felicidades\u201d, AMLO celebra D\u00eda del Padre desde Durango\",\"datePublished\":\"2024-06-16T21:16:44+00:00\",\"mainEntityOfPage\":{\"@id\":\"https:\\\/\\\/fuentesfidedignas.com.mx\\\/index.php\\\/2024\\\/06\\\/16\\\/muchas-felicidades-amlo-celebra-dia-del-padre-desde-durango\\\/\"},\"wordCount\":377,\"commentCount\":0,\"publisher\":{\"@id\":\"https:\\\/\\\/fuentesfidedignas.com.mx\\\/#organization\"},\"image\":{\"@id\":\"https:\\\/\\\/fuentesfidedignas.com.mx\\\/index.php\\\/2024\\\/06\\\/16\\\/muchas-felicidades-amlo-celebra-dia-del-padre-desde-durango\\\/#primaryimage\"},\"thumbnailUrl\":\"https:\\\/\\\/fuentesfidedignas.com.mx\\\/wp-content\\\/uploads\\\/2024\\\/06\\\/lopez-obrador-en-durango.jpg\",\"articleSection\":[\"NOTICIAS NACIONALES\"],\"inLanguage\":\"es\",\"potentialAction\":[{\"@type\":\"CommentAction\",\"name\":\"Comment\",\"target\":[\"https:\\\/\\\/fuentesfidedignas.com.mx\\\/index.php\\\/2024\\\/06\\\/16\\\/muchas-felicidades-amlo-celebra-dia-del-padre-desde-durango\\\/#respond\"]}]},{\"@type\":\"WebPage\",\"@id\":\"https:\\\/\\\/fuentesfidedignas.com.mx\\\/index.php\\\/2024\\\/06\\\/16\\\/muchas-felicidades-amlo-celebra-dia-del-padre-desde-durango\\\/\",\"url\":\"https:\\\/\\\/fuentesfidedignas.com.mx\\\/index.php\\\/2024\\\/06\\\/16\\\/muchas-felicidades-amlo-celebra-dia-del-padre-desde-durango\\\/\",\"name\":\"\u201cMuchas felicidades\u201d, AMLO celebra D\u00eda del Padre desde Durango - Fuentes Fidedignas\",\"isPartOf\":{\"@id\":\"https:\\\/\\\/fuentesfidedignas.com.mx\\\/#website\"},\"primaryImageOfPage\":{\"@id\":\"https:\\\/\\\/fuentesfidedignas.com.mx\\\/index.php\\\/2024\\\/06\\\/16\\\/muchas-felicidades-amlo-celebra-dia-del-padre-desde-durango\\\/#primaryimage\"},\"image\":{\"@id\":\"https:\\\/\\\/fuentesfidedignas.com.mx\\\/index.php\\\/2024\\\/06\\\/16\\\/muchas-felicidades-amlo-celebra-dia-del-padre-desde-durango\\\/#primaryimage\"},\"thumbnailUrl\":\"https:\\\/\\\/fuentesfidedignas.com.mx\\\/wp-content\\\/uploads\\\/2024\\\/06\\\/lopez-obrador-en-durango.jpg\",\"datePublished\":\"2024-06-16T21:16:44+00:00\",\"breadcrumb\":{\"@id\":\"https:\\\/\\\/fuentesfidedignas.com.mx\\\/index.php\\\/2024\\\/06\\\/16\\\/muchas-felicidades-amlo-celebra-dia-del-padre-desde-durango\\\/#breadcrumb\"},\"inLanguage\":\"es\",\"potentialAction\":[{\"@type\":\"ReadAction\",\"target\":[\"https:\\\/\\\/fuentesfidedignas.com.mx\\\/index.php\\\/2024\\\/06\\\/16\\\/muchas-felicidades-amlo-celebra-dia-del-padre-desde-durango\\\/\"]}]},{\"@type\":\"ImageObject\",\"inLanguage\":\"es\",\"@id\":\"https:\\\/\\\/fuentesfidedignas.com.mx\\\/index.php\\\/2024\\\/06\\\/16\\\/muchas-felicidades-amlo-celebra-dia-del-padre-desde-durango\\\/#primaryimage\",\"url\":\"https:\\\/\\\/fuentesfidedignas.com.mx\\\/wp-content\\\/uploads\\\/2024\\\/06\\\/lopez-obrador-en-durango.jpg\",\"contentUrl\":\"https:\\\/\\\/fuentesfidedignas.com.mx\\\/wp-content\\\/uploads\\\/2024\\\/06\\\/lopez-obrador-en-durango.jpg\",\"width\":650,\"height\":365},{\"@type\":\"BreadcrumbList\",\"@id\":\"https:\\\/\\\/fuentesfidedignas.com.mx\\\/index.php\\\/2024\\\/06\\\/16\\\/muchas-felicidades-amlo-celebra-dia-del-padre-desde-durango\\\/#breadcrumb\",\"itemListElement\":[{\"@type\":\"ListItem\",\"position\":1,\"name\":\"Inicio\",\"item\":\"https:\\\/\\\/fuentesfidedignas.com.mx\\\/\"},{\"@type\":\"ListItem\",\"position\":2,\"name\":\"\u201cMuchas felicidades\u201d, AMLO celebra D\u00eda del Padre desde Durango\"}]},{\"@type\":\"WebSite\",\"@id\":\"https:\\\/\\\/fuentesfidedignas.com.mx\\\/#website\",\"url\":\"https:\\\/\\\/fuentesfidedignas.com.mx\\\/\",\"name\":\"Fuentes Fidedignas\",\"description\":\"Otro sitio realizado con WordPress\",\"publisher\":{\"@id\":\"https:\\\/\\\/fuentesfidedignas.com.mx\\\/#organization\"},\"potentialAction\":[{\"@type\":\"SearchAction\",\"target\":{\"@type\":\"EntryPoint\",\"urlTemplate\":\"https:\\\/\\\/fuentesfidedignas.com.mx\\\/?s={search_term_string}\"},\"query-input\":{\"@type\":\"PropertyValueSpecification\",\"valueRequired\":true,\"valueName\":\"search_term_string\"}}],\"inLanguage\":\"es\"},{\"@type\":\"Organization\",\"@id\":\"https:\\\/\\\/fuentesfidedignas.com.mx\\\/#organization\",\"name\":\"Fuentes Fidedignas\",\"url\":\"https:\\\/\\\/fuentesfidedignas.com.mx\\\/\",\"logo\":{\"@type\":\"ImageObject\",\"inLanguage\":\"es\",\"@id\":\"https:\\\/\\\/fuentesfidedignas.com.mx\\\/#\\\/schema\\\/logo\\\/image\\\/\",\"url\":\"https:\\\/\\\/fuentesfidedignas.com.mx\\\/wp-content\\\/uploads\\\/2021\\\/04\\\/logo-retina.png\",\"contentUrl\":\"https:\\\/\\\/fuentesfidedignas.com.mx\\\/wp-content\\\/uploads\\\/2021\\\/04\\\/logo-retina.png\",\"width\":280,\"height\":51,\"caption\":\"Fuentes Fidedignas\"},\"image\":{\"@id\":\"https:\\\/\\\/fuentesfidedignas.com.mx\\\/#\\\/schema\\\/logo\\\/image\\\/\"},\"sameAs\":[\"https:\\\/\\\/www.facebook.com\\\/Fuentes-Fidedignas-368234489921644\",\"https:\\\/\\\/x.com\\\/fidedignas\"]},{\"@type\":\"Person\",\"@id\":\"https:\\\/\\\/fuentesfidedignas.com.mx\\\/#\\\/schema\\\/person\\\/67d852f0557c8509146a4b9ddebd543a\",\"name\":\"L\u00f3pez D\u00f3riga\",\"image\":{\"@type\":\"ImageObject\",\"inLanguage\":\"es\",\"@id\":\"https:\\\/\\\/secure.gravatar.com\\\/avatar\\\/e525b06574ca18b33cded59dfe5778d6c823b9513154eff47da551b0551bdd1e?s=96&d=mm&r=g\",\"url\":\"https:\\\/\\\/secure.gravatar.com\\\/avatar\\\/e525b06574ca18b33cded59dfe5778d6c823b9513154eff47da551b0551bdd1e?s=96&d=mm&r=g\",\"contentUrl\":\"https:\\\/\\\/secure.gravatar.com\\\/avatar\\\/e525b06574ca18b33cded59dfe5778d6c823b9513154eff47da551b0551bdd1e?s=96&d=mm&r=g\",\"caption\":\"L\u00f3pez D\u00f3riga\"},\"url\":\"https:\\\/\\\/fuentesfidedignas.com.mx\\\/index.php\\\/author\\\/doriga\\\/\"}]}<\/script>\n<!-- \/ Yoast SEO plugin. -->","yoast_head_json":{"title":"\u201cMuchas felicidades\u201d, AMLO celebra D\u00eda del Padre desde Durango - Fuentes Fidedignas","robots":{"index":"index","follow":"follow","max-snippet":"max-snippet:-1","max-image-preview":"max-image-preview:large","max-video-preview":"max-video-preview:-1"},"canonical":"https:\/\/fuentesfidedignas.com.mx\/index.php\/2024\/06\/16\/muchas-felicidades-amlo-celebra-dia-del-padre-desde-durango\/","og_locale":"es_MX","og_type":"article","og_title":"\u201cMuchas felicidades\u201d, AMLO celebra D\u00eda del Padre desde Durango - Fuentes Fidedignas","og_description":"L\u00f3pez Obrador destac\u00f3 que la celebraci\u00f3n a los padres tomaba mayor relevancia al estar presente Claudia Sheinbaum, virtual presidenta electa El presidente Andr\u00e9s Manuel L\u00f3pez Obrador celebr\u00f3 el D\u00eda del Padre en Durango, como parte de una gira de trabajo por el norte del pa\u00eds. Al encabezar la supervisi\u00f3n del programa Agua Saludable para la [&hellip;]","og_url":"https:\/\/fuentesfidedignas.com.mx\/index.php\/2024\/06\/16\/muchas-felicidades-amlo-celebra-dia-del-padre-desde-durango\/","og_site_name":"Fuentes Fidedignas","article_publisher":"https:\/\/www.facebook.com\/Fuentes-Fidedignas-368234489921644","article_published_time":"2024-06-16T21:16:44+00:00","og_image":[{"width":650,"height":365,"url":"https:\/\/fuentesfidedignas.com.mx\/wp-content\/uploads\/2024\/06\/lopez-obrador-en-durango.jpg","type":"image\/jpeg"}],"author":"L\u00f3pez D\u00f3riga","twitter_card":"summary_large_image","twitter_creator":"@fidedignas","twitter_site":"@fidedignas","twitter_misc":{"Escrito por":"L\u00f3pez D\u00f3riga","Tiempo de lectura":"2 minutos"},"schema":{"@context":"https:\/\/schema.org","@graph":[{"@type":"Article","@id":"https:\/\/fuentesfidedignas.com.mx\/index.php\/2024\/06\/16\/muchas-felicidades-amlo-celebra-dia-del-padre-desde-durango\/#article","isPartOf":{"@id":"https:\/\/fuentesfidedignas.com.mx\/index.php\/2024\/06\/16\/muchas-felicidades-amlo-celebra-dia-del-padre-desde-durango\/"},"author":{"name":"L\u00f3pez D\u00f3riga","@id":"https:\/\/fuentesfidedignas.com.mx\/#\/schema\/person\/67d852f0557c8509146a4b9ddebd543a"},"headline":"\u201cMuchas felicidades\u201d, AMLO celebra D\u00eda del Padre desde Durango","datePublished":"2024-06-16T21:16:44+00:00","mainEntityOfPage":{"@id":"https:\/\/fuentesfidedignas.com.mx\/index.php\/2024\/06\/16\/muchas-felicidades-amlo-celebra-dia-del-padre-desde-durango\/"},"wordCount":377,"commentCount":0,"publisher":{"@id":"https:\/\/fuentesfidedignas.com.mx\/#organization"},"image":{"@id":"https:\/\/fuentesfidedignas.com.mx\/index.php\/2024\/06\/16\/muchas-felicidades-amlo-celebra-dia-del-padre-desde-durango\/#primaryimage"},"thumbnailUrl":"https:\/\/fuentesfidedignas.com.mx\/wp-content\/uploads\/2024\/06\/lopez-obrador-en-durango.jpg","articleSection":["NOTICIAS NACIONALES"],"inLanguage":"es","potentialAction":[{"@type":"CommentAction","name":"Comment","target":["https:\/\/fuentesfidedignas.com.mx\/index.php\/2024\/06\/16\/muchas-felicidades-amlo-celebra-dia-del-padre-desde-durango\/#respond"]}]},{"@type":"WebPage","@id":"https:\/\/fuentesfidedignas.com.mx\/index.php\/2024\/06\/16\/muchas-felicidades-amlo-celebra-dia-del-padre-desde-durango\/","url":"https:\/\/fuentesfidedignas.com.mx\/index.php\/2024\/06\/16\/muchas-felicidades-amlo-celebra-dia-del-padre-desde-durango\/","name":"\u201cMuchas felicidades\u201d, AMLO celebra D\u00eda del Padre desde Durango - Fuentes Fidedignas","isPartOf":{"@id":"https:\/\/fuentesfidedignas.com.mx\/#website"},"primaryImageOfPage":{"@id":"https:\/\/fuentesfidedignas.com.mx\/index.php\/2024\/06\/16\/muchas-felicidades-amlo-celebra-dia-del-padre-desde-durango\/#primaryimage"},"image":{"@id":"https:\/\/fuentesfidedignas.com.mx\/index.php\/2024\/06\/16\/muchas-felicidades-amlo-celebra-dia-del-padre-desde-durango\/#primaryimage"},"thumbnailUrl":"https:\/\/fuentesfidedignas.com.mx\/wp-content\/uploads\/2024\/06\/lopez-obrador-en-durango.jpg","datePublished":"2024-06-16T21:16:44+00:00","breadcrumb":{"@id":"https:\/\/fuentesfidedignas.com.mx\/index.php\/2024\/06\/16\/muchas-felicidades-amlo-celebra-dia-del-padre-desde-durango\/#breadcrumb"},"inLanguage":"es","potentialAction":[{"@type":"ReadAction","target":["https:\/\/fuentesfidedignas.com.mx\/index.php\/2024\/06\/16\/muchas-felicidades-amlo-celebra-dia-del-padre-desde-durango\/"]}]},{"@type":"ImageObject","inLanguage":"es","@id":"https:\/\/fuentesfidedignas.com.mx\/index.php\/2024\/06\/16\/muchas-felicidades-amlo-celebra-dia-del-padre-desde-durango\/#primaryimage","url":"https:\/\/fuentesfidedignas.com.mx\/wp-content\/uploads\/2024\/06\/lopez-obrador-en-durango.jpg","contentUrl":"https:\/\/fuentesfidedignas.com.mx\/wp-content\/uploads\/2024\/06\/lopez-obrador-en-durango.jpg","width":650,"height":365},{"@type":"BreadcrumbList","@id":"https:\/\/fuentesfidedignas.com.mx\/index.php\/2024\/06\/16\/muchas-felicidades-amlo-celebra-dia-del-padre-desde-durango\/#breadcrumb","itemListElement":[{"@type":"ListItem","position":1,"name":"Inicio","item":"https:\/\/fuentesfidedignas.com.mx\/"},{"@type":"ListItem","position":2,"name":"\u201cMuchas felicidades\u201d, AMLO celebra D\u00eda del Padre desde Durango"}]},{"@type":"WebSite","@id":"https:\/\/fuentesfidedignas.com.mx\/#website","url":"https:\/\/fuentesfidedignas.com.mx\/","name":"Fuentes Fidedignas","description":"Otro sitio realizado con WordPress","publisher":{"@id":"https:\/\/fuentesfidedignas.com.mx\/#organization"},"potentialAction":[{"@type":"SearchAction","target":{"@type":"EntryPoint","urlTemplate":"https:\/\/fuentesfidedignas.com.mx\/?s={search_term_string}"},"query-input":{"@type":"PropertyValueSpecification","valueRequired":true,"valueName":"search_term_string"}}],"inLanguage":"es"},{"@type":"Organization","@id":"https:\/\/fuentesfidedignas.com.mx\/#organization","name":"Fuentes Fidedignas","url":"https:\/\/fuentesfidedignas.com.mx\/","logo":{"@type":"ImageObject","inLanguage":"es","@id":"https:\/\/fuentesfidedignas.com.mx\/#\/schema\/logo\/image\/","url":"https:\/\/fuentesfidedignas.com.mx\/wp-content\/uploads\/2021\/04\/logo-retina.png","contentUrl":"https:\/\/fuentesfidedignas.com.mx\/wp-content\/uploads\/2021\/04\/logo-retina.png","width":280,"height":51,"caption":"Fuentes Fidedignas"},"image":{"@id":"https:\/\/fuentesfidedignas.com.mx\/#\/schema\/logo\/image\/"},"sameAs":["https:\/\/www.facebook.com\/Fuentes-Fidedignas-368234489921644","https:\/\/x.com\/fidedignas"]},{"@type":"Person","@id":"https:\/\/fuentesfidedignas.com.mx\/#\/schema\/person\/67d852f0557c8509146a4b9ddebd543a","name":"L\u00f3pez D\u00f3riga","image":{"@type":"ImageObject","inLanguage":"es","@id":"https:\/\/secure.gravatar.com\/avatar\/e525b06574ca18b33cded59dfe5778d6c823b9513154eff47da551b0551bdd1e?s=96&d=mm&r=g","url":"https:\/\/secure.gravatar.com\/avatar\/e525b06574ca18b33cded59dfe5778d6c823b9513154eff47da551b0551bdd1e?s=96&d=mm&r=g","contentUrl":"https:\/\/secure.gravatar.com\/avatar\/e525b06574ca18b33cded59dfe5778d6c823b9513154eff47da551b0551bdd1e?s=96&d=mm&r=g","caption":"L\u00f3pez D\u00f3riga"},"url":"https:\/\/fuentesfidedignas.com.mx\/index.php\/author\/doriga\/"}]}},"_links":{"self":[{"href":"https:\/\/fuentesfidedignas.com.mx\/index.php\/wp-json\/wp\/v2\/posts\/84208","targetHints":{"allow":["GET"]}}],"collection":[{"href":"https:\/\/fuentesfidedignas.com.mx\/index.php\/wp-json\/wp\/v2\/posts"}],"about":[{"href":"https:\/\/fuentesfidedignas.com.mx\/index.php\/wp-json\/wp\/v2\/types\/post"}],"author":[{"embeddable":true,"href":"https:\/\/fuentesfidedignas.com.mx\/index.php\/wp-json\/wp\/v2\/users\/47"}],"replies":[{"embeddable":true,"href":"https:\/\/fuentesfidedignas.com.mx\/index.php\/wp-json\/wp\/v2\/comments?post=84208"}],"version-history":[{"count":1,"href":"https:\/\/fuentesfidedignas.com.mx\/index.php\/wp-json\/wp\/v2\/posts\/84208\/revisions"}],"predecessor-version":[{"id":84210,"href":"https:\/\/fuentesfidedignas.com.mx\/index.php\/wp-json\/wp\/v2\/posts\/84208\/revisions\/84210"}],"wp:featuredmedia":[{"embeddable":true,"href":"https:\/\/fuentesfidedignas.com.mx\/index.php\/wp-json\/wp\/v2\/media\/84209"}],"wp:attachment":[{"href":"https:\/\/fuentesfidedignas.com.mx\/index.php\/wp-json\/wp\/v2\/media?parent=84208"}],"wp:term":[{"taxonomy":"category","embeddable":true,"href":"https:\/\/fuentesfidedignas.com.mx\/index.php\/wp-json\/wp\/v2\/categories?post=84208"},{"taxonomy":"post_tag","embeddable":true,"href":"https:\/\/fuentesfidedignas.com.mx\/index.php\/wp-json\/wp\/v2\/tags?post=84208"}],"curies":[{"name":"wp","href":"https:\/\/api.w.org\/{rel}","templated":true}]}}