{"id":84205,"date":"2024-06-16T12:03:09","date_gmt":"2024-06-16T19:03:09","guid":{"rendered":"https:\/\/fuentesfidedignas.com.mx\/?p=84205"},"modified":"2024-06-16T12:03:09","modified_gmt":"2024-06-16T19:03:09","slug":"padres-mexicanos-con-mayor-participacion-en-el-cuidado-y-crianza-de-los-hijos","status":"publish","type":"post","link":"https:\/\/fuentesfidedignas.com.mx\/index.php\/2024\/06\/16\/padres-mexicanos-con-mayor-participacion-en-el-cuidado-y-crianza-de-los-hijos\/","title":{"rendered":"Padres mexicanos, con mayor participaci\u00f3n en el cuidado y crianza de los hijos"},"content":{"rendered":"\n<p><strong><em>Seg\u00fan el Censo de Poblaci\u00f3n y Vivienda 2020, en M\u00e9xico hab\u00eda 21.2 millones de padres con al menos un hijo viviendo con ellos<\/em><\/strong><\/p>\n\n\n\n<p>M\u00e9xico transita hacia una paternidad distinta, con mayor participaci\u00f3n en el cuidado y la crianza de los hijos, sostiene el acad\u00e9mico Erik Garc\u00eda Estrada, de la Escuela Nacional de Trabajo Social de la UNAM.<\/p>\n\n\n\n<p>El D\u00eda del Padre se celebra el tercer domingo de junio, a fin de destacar la importancia de esta figura en el \u00e1mbito familiar. Su origen se remonta a 1910, en Washington, EE.UU.<\/p>\n\n\n\n<p>Seg\u00fan el Censo de Poblaci\u00f3n y Vivienda 2020, en M\u00e9xico hab\u00eda 21.2 millones de padres con al menos un hijo viviendo con ellos.<\/p>\n\n\n\n<p>Garc\u00eda Estrada se\u00f1ala que actualmente la figura paterna se involucra m\u00e1s en el proceso del embarazo, el cuidado, la crianza y la educaci\u00f3n de los hijos, teniendo mayor cercan\u00eda emocional y afectiva con ellos.<\/p>\n\n\n\n<p>&#8220;Los temas de masculinidad nos permiten construir una paternidad diferente\u201d, dice.<\/p>\n\n\n\n<p>Si bien han sido a\u00f1os de desigualdad, el acad\u00e9mico apunta a que es posible alcanzar la igualdad en el v\u00ednculo emocional con los hijos para que los padres sean una imagen con la cual identificarse.<\/p>\n\n\n\n<p>Para ello son necesarias nuevas formas de masculinidad y paternidad basadas en el respeto, la empat\u00eda y la igualdad, para lograr una igualdad en la planificaci\u00f3n familiar.<\/p>\n\n\n\n<p>Es importante romper estigmas y estereotipos construidos sobre la figura paterna como la cabeza visible del grupo familiar que da sustento, protecci\u00f3n y seguridad\u201d, destaca.<\/p>\n\n\n\n<p>Al puntualizar la necesidad de abordar temas de masculinidad en el \u00e1mbito acad\u00e9mico, Erik Garc\u00eda presume la iniciativa de la Coordinaci\u00f3n para la igualdad de Genero de la UNAM, que junto a instituciones como Gendes A.C. y el Instituto WEM realizan el Diplomado de Formaci\u00f3n de Facilitadores para el Programa Integral de Trabajo con Hombres en la UNAM.<\/p>\n\n\n\n<p>Adem\u00e1s, efect\u00faan acciones de trabajo con varones en los espacios universitarios para ofrecer estrategias y modelos vinculados a nuevos ejercicios de paternidad, reeducativos, que obedezcan a nuevas transformaciones, as\u00ed como para abordar asuntos como los sentimientos, la paternidad y las responsabilidades de ser padres.<\/p>\n","protected":false},"excerpt":{"rendered":"<p>Seg\u00fan el Censo de Poblaci\u00f3n y Vivienda 2020, en M\u00e9xico hab\u00eda 21.2 millones de padres con al menos un hijo viviendo con ellos M\u00e9xico transita hacia una paternidad distinta, con mayor participaci\u00f3n en el cuidado y la crianza de los hijos, sostiene el acad\u00e9mico Erik Garc\u00eda Estrada, de la Escuela Nacional de Trabajo Social de [&hellip;]<\/p>\n","protected":false},"author":47,"featured_media":84207,"comment_status":"open","ping_status":"open","sticky":false,"template":"","format":"standard","meta":{"tdm_status":"","tdm_grid_status":"","footnotes":""},"categories":[37],"tags":[],"class_list":{"0":"post-84205","1":"post","2":"type-post","3":"status-publish","4":"format-standard","5":"has-post-thumbnail","7":"category-nota-principal"},"yoast_head":"<!-- This site is optimized with the Yoast SEO plugin v27.5 - https:\/\/yoast.com\/product\/yoast-seo-wordpress\/ -->\n<title>Padres mexicanos, con mayor participaci\u00f3n en el cuidado y crianza de los hijos - Fuentes Fidedignas<\/title>\n<meta name=\"robots\" content=\"index, follow, max-snippet:-1, max-image-preview:large, max-video-preview:-1\" \/>\n<link rel=\"canonical\" href=\"https:\/\/fuentesfidedignas.com.mx\/index.php\/2024\/06\/16\/padres-mexicanos-con-mayor-participacion-en-el-cuidado-y-crianza-de-los-hijos\/\" \/>\n<meta property=\"og:locale\" content=\"es_MX\" \/>\n<meta property=\"og:type\" content=\"article\" \/>\n<meta property=\"og:title\" content=\"Padres mexicanos, con mayor participaci\u00f3n en el cuidado y crianza de los hijos - Fuentes Fidedignas\" \/>\n<meta property=\"og:description\" content=\"Seg\u00fan el Censo de Poblaci\u00f3n y Vivienda 2020, en M\u00e9xico hab\u00eda 21.2 millones de padres con al menos un hijo viviendo con ellos M\u00e9xico transita hacia una paternidad distinta, con mayor participaci\u00f3n en el cuidado y la crianza de los hijos, sostiene el acad\u00e9mico Erik Garc\u00eda Estrada, de la Escuela Nacional de Trabajo Social de [&hellip;]\" \/>\n<meta property=\"og:url\" content=\"https:\/\/fuentesfidedignas.com.mx\/index.php\/2024\/06\/16\/padres-mexicanos-con-mayor-participacion-en-el-cuidado-y-crianza-de-los-hijos\/\" \/>\n<meta property=\"og:site_name\" content=\"Fuentes Fidedignas\" \/>\n<meta property=\"article:publisher\" content=\"https:\/\/www.facebook.com\/Fuentes-Fidedignas-368234489921644\" \/>\n<meta property=\"article:published_time\" content=\"2024-06-16T19:03:09+00:00\" \/>\n<meta property=\"og:image\" content=\"https:\/\/fuentesfidedignas.com.mx\/wp-content\/uploads\/2024\/06\/crianza-de-padres.jpg\" \/>\n\t<meta property=\"og:image:width\" content=\"650\" \/>\n\t<meta property=\"og:image:height\" content=\"416\" \/>\n\t<meta property=\"og:image:type\" content=\"image\/jpeg\" \/>\n<meta name=\"author\" content=\"L\u00f3pez D\u00f3riga\" \/>\n<meta name=\"twitter:card\" content=\"summary_large_image\" \/>\n<meta name=\"twitter:creator\" content=\"@fidedignas\" \/>\n<meta name=\"twitter:site\" content=\"@fidedignas\" \/>\n<meta name=\"twitter:label1\" content=\"Escrito por\" \/>\n\t<meta name=\"twitter:data1\" content=\"L\u00f3pez D\u00f3riga\" \/>\n\t<meta name=\"twitter:label2\" content=\"Tiempo de lectura\" \/>\n\t<meta name=\"twitter:data2\" content=\"2 minutos\" \/>\n<script type=\"application\/ld+json\" class=\"yoast-schema-graph\">{\"@context\":\"https:\\\/\\\/schema.org\",\"@graph\":[{\"@type\":\"Article\",\"@id\":\"https:\\\/\\\/fuentesfidedignas.com.mx\\\/index.php\\\/2024\\\/06\\\/16\\\/padres-mexicanos-con-mayor-participacion-en-el-cuidado-y-crianza-de-los-hijos\\\/#article\",\"isPartOf\":{\"@id\":\"https:\\\/\\\/fuentesfidedignas.com.mx\\\/index.php\\\/2024\\\/06\\\/16\\\/padres-mexicanos-con-mayor-participacion-en-el-cuidado-y-crianza-de-los-hijos\\\/\"},\"author\":{\"name\":\"L\u00f3pez D\u00f3riga\",\"@id\":\"https:\\\/\\\/fuentesfidedignas.com.mx\\\/#\\\/schema\\\/person\\\/67d852f0557c8509146a4b9ddebd543a\"},\"headline\":\"Padres mexicanos, con mayor participaci\u00f3n en el cuidado y crianza de los hijos\",\"datePublished\":\"2024-06-16T19:03:09+00:00\",\"mainEntityOfPage\":{\"@id\":\"https:\\\/\\\/fuentesfidedignas.com.mx\\\/index.php\\\/2024\\\/06\\\/16\\\/padres-mexicanos-con-mayor-participacion-en-el-cuidado-y-crianza-de-los-hijos\\\/\"},\"wordCount\":388,\"commentCount\":0,\"publisher\":{\"@id\":\"https:\\\/\\\/fuentesfidedignas.com.mx\\\/#organization\"},\"image\":{\"@id\":\"https:\\\/\\\/fuentesfidedignas.com.mx\\\/index.php\\\/2024\\\/06\\\/16\\\/padres-mexicanos-con-mayor-participacion-en-el-cuidado-y-crianza-de-los-hijos\\\/#primaryimage\"},\"thumbnailUrl\":\"https:\\\/\\\/fuentesfidedignas.com.mx\\\/wp-content\\\/uploads\\\/2024\\\/06\\\/crianza-de-padres.jpg\",\"articleSection\":[\"NOTA PRINCIPAL\"],\"inLanguage\":\"es\",\"potentialAction\":[{\"@type\":\"CommentAction\",\"name\":\"Comment\",\"target\":[\"https:\\\/\\\/fuentesfidedignas.com.mx\\\/index.php\\\/2024\\\/06\\\/16\\\/padres-mexicanos-con-mayor-participacion-en-el-cuidado-y-crianza-de-los-hijos\\\/#respond\"]}]},{\"@type\":\"WebPage\",\"@id\":\"https:\\\/\\\/fuentesfidedignas.com.mx\\\/index.php\\\/2024\\\/06\\\/16\\\/padres-mexicanos-con-mayor-participacion-en-el-cuidado-y-crianza-de-los-hijos\\\/\",\"url\":\"https:\\\/\\\/fuentesfidedignas.com.mx\\\/index.php\\\/2024\\\/06\\\/16\\\/padres-mexicanos-con-mayor-participacion-en-el-cuidado-y-crianza-de-los-hijos\\\/\",\"name\":\"Padres mexicanos, con mayor participaci\u00f3n en el cuidado y crianza de los hijos - Fuentes Fidedignas\",\"isPartOf\":{\"@id\":\"https:\\\/\\\/fuentesfidedignas.com.mx\\\/#website\"},\"primaryImageOfPage\":{\"@id\":\"https:\\\/\\\/fuentesfidedignas.com.mx\\\/index.php\\\/2024\\\/06\\\/16\\\/padres-mexicanos-con-mayor-participacion-en-el-cuidado-y-crianza-de-los-hijos\\\/#primaryimage\"},\"image\":{\"@id\":\"https:\\\/\\\/fuentesfidedignas.com.mx\\\/index.php\\\/2024\\\/06\\\/16\\\/padres-mexicanos-con-mayor-participacion-en-el-cuidado-y-crianza-de-los-hijos\\\/#primaryimage\"},\"thumbnailUrl\":\"https:\\\/\\\/fuentesfidedignas.com.mx\\\/wp-content\\\/uploads\\\/2024\\\/06\\\/crianza-de-padres.jpg\",\"datePublished\":\"2024-06-16T19:03:09+00:00\",\"breadcrumb\":{\"@id\":\"https:\\\/\\\/fuentesfidedignas.com.mx\\\/index.php\\\/2024\\\/06\\\/16\\\/padres-mexicanos-con-mayor-participacion-en-el-cuidado-y-crianza-de-los-hijos\\\/#breadcrumb\"},\"inLanguage\":\"es\",\"potentialAction\":[{\"@type\":\"ReadAction\",\"target\":[\"https:\\\/\\\/fuentesfidedignas.com.mx\\\/index.php\\\/2024\\\/06\\\/16\\\/padres-mexicanos-con-mayor-participacion-en-el-cuidado-y-crianza-de-los-hijos\\\/\"]}]},{\"@type\":\"ImageObject\",\"inLanguage\":\"es\",\"@id\":\"https:\\\/\\\/fuentesfidedignas.com.mx\\\/index.php\\\/2024\\\/06\\\/16\\\/padres-mexicanos-con-mayor-participacion-en-el-cuidado-y-crianza-de-los-hijos\\\/#primaryimage\",\"url\":\"https:\\\/\\\/fuentesfidedignas.com.mx\\\/wp-content\\\/uploads\\\/2024\\\/06\\\/crianza-de-padres.jpg\",\"contentUrl\":\"https:\\\/\\\/fuentesfidedignas.com.mx\\\/wp-content\\\/uploads\\\/2024\\\/06\\\/crianza-de-padres.jpg\",\"width\":650,\"height\":416},{\"@type\":\"BreadcrumbList\",\"@id\":\"https:\\\/\\\/fuentesfidedignas.com.mx\\\/index.php\\\/2024\\\/06\\\/16\\\/padres-mexicanos-con-mayor-participacion-en-el-cuidado-y-crianza-de-los-hijos\\\/#breadcrumb\",\"itemListElement\":[{\"@type\":\"ListItem\",\"position\":1,\"name\":\"Inicio\",\"item\":\"https:\\\/\\\/fuentesfidedignas.com.mx\\\/\"},{\"@type\":\"ListItem\",\"position\":2,\"name\":\"Padres mexicanos, con mayor participaci\u00f3n en el cuidado y crianza de los hijos\"}]},{\"@type\":\"WebSite\",\"@id\":\"https:\\\/\\\/fuentesfidedignas.com.mx\\\/#website\",\"url\":\"https:\\\/\\\/fuentesfidedignas.com.mx\\\/\",\"name\":\"Fuentes Fidedignas\",\"description\":\"Otro sitio realizado con WordPress\",\"publisher\":{\"@id\":\"https:\\\/\\\/fuentesfidedignas.com.mx\\\/#organization\"},\"potentialAction\":[{\"@type\":\"SearchAction\",\"target\":{\"@type\":\"EntryPoint\",\"urlTemplate\":\"https:\\\/\\\/fuentesfidedignas.com.mx\\\/?s={search_term_string}\"},\"query-input\":{\"@type\":\"PropertyValueSpecification\",\"valueRequired\":true,\"valueName\":\"search_term_string\"}}],\"inLanguage\":\"es\"},{\"@type\":\"Organization\",\"@id\":\"https:\\\/\\\/fuentesfidedignas.com.mx\\\/#organization\",\"name\":\"Fuentes Fidedignas\",\"url\":\"https:\\\/\\\/fuentesfidedignas.com.mx\\\/\",\"logo\":{\"@type\":\"ImageObject\",\"inLanguage\":\"es\",\"@id\":\"https:\\\/\\\/fuentesfidedignas.com.mx\\\/#\\\/schema\\\/logo\\\/image\\\/\",\"url\":\"https:\\\/\\\/fuentesfidedignas.com.mx\\\/wp-content\\\/uploads\\\/2021\\\/04\\\/logo-retina.png\",\"contentUrl\":\"https:\\\/\\\/fuentesfidedignas.com.mx\\\/wp-content\\\/uploads\\\/2021\\\/04\\\/logo-retina.png\",\"width\":280,\"height\":51,\"caption\":\"Fuentes Fidedignas\"},\"image\":{\"@id\":\"https:\\\/\\\/fuentesfidedignas.com.mx\\\/#\\\/schema\\\/logo\\\/image\\\/\"},\"sameAs\":[\"https:\\\/\\\/www.facebook.com\\\/Fuentes-Fidedignas-368234489921644\",\"https:\\\/\\\/x.com\\\/fidedignas\"]},{\"@type\":\"Person\",\"@id\":\"https:\\\/\\\/fuentesfidedignas.com.mx\\\/#\\\/schema\\\/person\\\/67d852f0557c8509146a4b9ddebd543a\",\"name\":\"L\u00f3pez D\u00f3riga\",\"image\":{\"@type\":\"ImageObject\",\"inLanguage\":\"es\",\"@id\":\"https:\\\/\\\/secure.gravatar.com\\\/avatar\\\/e525b06574ca18b33cded59dfe5778d6c823b9513154eff47da551b0551bdd1e?s=96&d=mm&r=g\",\"url\":\"https:\\\/\\\/secure.gravatar.com\\\/avatar\\\/e525b06574ca18b33cded59dfe5778d6c823b9513154eff47da551b0551bdd1e?s=96&d=mm&r=g\",\"contentUrl\":\"https:\\\/\\\/secure.gravatar.com\\\/avatar\\\/e525b06574ca18b33cded59dfe5778d6c823b9513154eff47da551b0551bdd1e?s=96&d=mm&r=g\",\"caption\":\"L\u00f3pez D\u00f3riga\"},\"url\":\"https:\\\/\\\/fuentesfidedignas.com.mx\\\/index.php\\\/author\\\/doriga\\\/\"}]}<\/script>\n<!-- \/ Yoast SEO plugin. -->","yoast_head_json":{"title":"Padres mexicanos, con mayor participaci\u00f3n en el cuidado y crianza de los hijos - Fuentes Fidedignas","robots":{"index":"index","follow":"follow","max-snippet":"max-snippet:-1","max-image-preview":"max-image-preview:large","max-video-preview":"max-video-preview:-1"},"canonical":"https:\/\/fuentesfidedignas.com.mx\/index.php\/2024\/06\/16\/padres-mexicanos-con-mayor-participacion-en-el-cuidado-y-crianza-de-los-hijos\/","og_locale":"es_MX","og_type":"article","og_title":"Padres mexicanos, con mayor participaci\u00f3n en el cuidado y crianza de los hijos - Fuentes Fidedignas","og_description":"Seg\u00fan el Censo de Poblaci\u00f3n y Vivienda 2020, en M\u00e9xico hab\u00eda 21.2 millones de padres con al menos un hijo viviendo con ellos M\u00e9xico transita hacia una paternidad distinta, con mayor participaci\u00f3n en el cuidado y la crianza de los hijos, sostiene el acad\u00e9mico Erik Garc\u00eda Estrada, de la Escuela Nacional de Trabajo Social de [&hellip;]","og_url":"https:\/\/fuentesfidedignas.com.mx\/index.php\/2024\/06\/16\/padres-mexicanos-con-mayor-participacion-en-el-cuidado-y-crianza-de-los-hijos\/","og_site_name":"Fuentes Fidedignas","article_publisher":"https:\/\/www.facebook.com\/Fuentes-Fidedignas-368234489921644","article_published_time":"2024-06-16T19:03:09+00:00","og_image":[{"width":650,"height":416,"url":"https:\/\/fuentesfidedignas.com.mx\/wp-content\/uploads\/2024\/06\/crianza-de-padres.jpg","type":"image\/jpeg"}],"author":"L\u00f3pez D\u00f3riga","twitter_card":"summary_large_image","twitter_creator":"@fidedignas","twitter_site":"@fidedignas","twitter_misc":{"Escrito por":"L\u00f3pez D\u00f3riga","Tiempo de lectura":"2 minutos"},"schema":{"@context":"https:\/\/schema.org","@graph":[{"@type":"Article","@id":"https:\/\/fuentesfidedignas.com.mx\/index.php\/2024\/06\/16\/padres-mexicanos-con-mayor-participacion-en-el-cuidado-y-crianza-de-los-hijos\/#article","isPartOf":{"@id":"https:\/\/fuentesfidedignas.com.mx\/index.php\/2024\/06\/16\/padres-mexicanos-con-mayor-participacion-en-el-cuidado-y-crianza-de-los-hijos\/"},"author":{"name":"L\u00f3pez D\u00f3riga","@id":"https:\/\/fuentesfidedignas.com.mx\/#\/schema\/person\/67d852f0557c8509146a4b9ddebd543a"},"headline":"Padres mexicanos, con mayor participaci\u00f3n en el cuidado y crianza de los hijos","datePublished":"2024-06-16T19:03:09+00:00","mainEntityOfPage":{"@id":"https:\/\/fuentesfidedignas.com.mx\/index.php\/2024\/06\/16\/padres-mexicanos-con-mayor-participacion-en-el-cuidado-y-crianza-de-los-hijos\/"},"wordCount":388,"commentCount":0,"publisher":{"@id":"https:\/\/fuentesfidedignas.com.mx\/#organization"},"image":{"@id":"https:\/\/fuentesfidedignas.com.mx\/index.php\/2024\/06\/16\/padres-mexicanos-con-mayor-participacion-en-el-cuidado-y-crianza-de-los-hijos\/#primaryimage"},"thumbnailUrl":"https:\/\/fuentesfidedignas.com.mx\/wp-content\/uploads\/2024\/06\/crianza-de-padres.jpg","articleSection":["NOTA PRINCIPAL"],"inLanguage":"es","potentialAction":[{"@type":"CommentAction","name":"Comment","target":["https:\/\/fuentesfidedignas.com.mx\/index.php\/2024\/06\/16\/padres-mexicanos-con-mayor-participacion-en-el-cuidado-y-crianza-de-los-hijos\/#respond"]}]},{"@type":"WebPage","@id":"https:\/\/fuentesfidedignas.com.mx\/index.php\/2024\/06\/16\/padres-mexicanos-con-mayor-participacion-en-el-cuidado-y-crianza-de-los-hijos\/","url":"https:\/\/fuentesfidedignas.com.mx\/index.php\/2024\/06\/16\/padres-mexicanos-con-mayor-participacion-en-el-cuidado-y-crianza-de-los-hijos\/","name":"Padres mexicanos, con mayor participaci\u00f3n en el cuidado y crianza de los hijos - Fuentes Fidedignas","isPartOf":{"@id":"https:\/\/fuentesfidedignas.com.mx\/#website"},"primaryImageOfPage":{"@id":"https:\/\/fuentesfidedignas.com.mx\/index.php\/2024\/06\/16\/padres-mexicanos-con-mayor-participacion-en-el-cuidado-y-crianza-de-los-hijos\/#primaryimage"},"image":{"@id":"https:\/\/fuentesfidedignas.com.mx\/index.php\/2024\/06\/16\/padres-mexicanos-con-mayor-participacion-en-el-cuidado-y-crianza-de-los-hijos\/#primaryimage"},"thumbnailUrl":"https:\/\/fuentesfidedignas.com.mx\/wp-content\/uploads\/2024\/06\/crianza-de-padres.jpg","datePublished":"2024-06-16T19:03:09+00:00","breadcrumb":{"@id":"https:\/\/fuentesfidedignas.com.mx\/index.php\/2024\/06\/16\/padres-mexicanos-con-mayor-participacion-en-el-cuidado-y-crianza-de-los-hijos\/#breadcrumb"},"inLanguage":"es","potentialAction":[{"@type":"ReadAction","target":["https:\/\/fuentesfidedignas.com.mx\/index.php\/2024\/06\/16\/padres-mexicanos-con-mayor-participacion-en-el-cuidado-y-crianza-de-los-hijos\/"]}]},{"@type":"ImageObject","inLanguage":"es","@id":"https:\/\/fuentesfidedignas.com.mx\/index.php\/2024\/06\/16\/padres-mexicanos-con-mayor-participacion-en-el-cuidado-y-crianza-de-los-hijos\/#primaryimage","url":"https:\/\/fuentesfidedignas.com.mx\/wp-content\/uploads\/2024\/06\/crianza-de-padres.jpg","contentUrl":"https:\/\/fuentesfidedignas.com.mx\/wp-content\/uploads\/2024\/06\/crianza-de-padres.jpg","width":650,"height":416},{"@type":"BreadcrumbList","@id":"https:\/\/fuentesfidedignas.com.mx\/index.php\/2024\/06\/16\/padres-mexicanos-con-mayor-participacion-en-el-cuidado-y-crianza-de-los-hijos\/#breadcrumb","itemListElement":[{"@type":"ListItem","position":1,"name":"Inicio","item":"https:\/\/fuentesfidedignas.com.mx\/"},{"@type":"ListItem","position":2,"name":"Padres mexicanos, con mayor participaci\u00f3n en el cuidado y crianza de los hijos"}]},{"@type":"WebSite","@id":"https:\/\/fuentesfidedignas.com.mx\/#website","url":"https:\/\/fuentesfidedignas.com.mx\/","name":"Fuentes Fidedignas","description":"Otro sitio realizado con WordPress","publisher":{"@id":"https:\/\/fuentesfidedignas.com.mx\/#organization"},"potentialAction":[{"@type":"SearchAction","target":{"@type":"EntryPoint","urlTemplate":"https:\/\/fuentesfidedignas.com.mx\/?s={search_term_string}"},"query-input":{"@type":"PropertyValueSpecification","valueRequired":true,"valueName":"search_term_string"}}],"inLanguage":"es"},{"@type":"Organization","@id":"https:\/\/fuentesfidedignas.com.mx\/#organization","name":"Fuentes Fidedignas","url":"https:\/\/fuentesfidedignas.com.mx\/","logo":{"@type":"ImageObject","inLanguage":"es","@id":"https:\/\/fuentesfidedignas.com.mx\/#\/schema\/logo\/image\/","url":"https:\/\/fuentesfidedignas.com.mx\/wp-content\/uploads\/2021\/04\/logo-retina.png","contentUrl":"https:\/\/fuentesfidedignas.com.mx\/wp-content\/uploads\/2021\/04\/logo-retina.png","width":280,"height":51,"caption":"Fuentes Fidedignas"},"image":{"@id":"https:\/\/fuentesfidedignas.com.mx\/#\/schema\/logo\/image\/"},"sameAs":["https:\/\/www.facebook.com\/Fuentes-Fidedignas-368234489921644","https:\/\/x.com\/fidedignas"]},{"@type":"Person","@id":"https:\/\/fuentesfidedignas.com.mx\/#\/schema\/person\/67d852f0557c8509146a4b9ddebd543a","name":"L\u00f3pez D\u00f3riga","image":{"@type":"ImageObject","inLanguage":"es","@id":"https:\/\/secure.gravatar.com\/avatar\/e525b06574ca18b33cded59dfe5778d6c823b9513154eff47da551b0551bdd1e?s=96&d=mm&r=g","url":"https:\/\/secure.gravatar.com\/avatar\/e525b06574ca18b33cded59dfe5778d6c823b9513154eff47da551b0551bdd1e?s=96&d=mm&r=g","contentUrl":"https:\/\/secure.gravatar.com\/avatar\/e525b06574ca18b33cded59dfe5778d6c823b9513154eff47da551b0551bdd1e?s=96&d=mm&r=g","caption":"L\u00f3pez D\u00f3riga"},"url":"https:\/\/fuentesfidedignas.com.mx\/index.php\/author\/doriga\/"}]}},"_links":{"self":[{"href":"https:\/\/fuentesfidedignas.com.mx\/index.php\/wp-json\/wp\/v2\/posts\/84205","targetHints":{"allow":["GET"]}}],"collection":[{"href":"https:\/\/fuentesfidedignas.com.mx\/index.php\/wp-json\/wp\/v2\/posts"}],"about":[{"href":"https:\/\/fuentesfidedignas.com.mx\/index.php\/wp-json\/wp\/v2\/types\/post"}],"author":[{"embeddable":true,"href":"https:\/\/fuentesfidedignas.com.mx\/index.php\/wp-json\/wp\/v2\/users\/47"}],"replies":[{"embeddable":true,"href":"https:\/\/fuentesfidedignas.com.mx\/index.php\/wp-json\/wp\/v2\/comments?post=84205"}],"version-history":[{"count":1,"href":"https:\/\/fuentesfidedignas.com.mx\/index.php\/wp-json\/wp\/v2\/posts\/84205\/revisions"}],"predecessor-version":[{"id":84206,"href":"https:\/\/fuentesfidedignas.com.mx\/index.php\/wp-json\/wp\/v2\/posts\/84205\/revisions\/84206"}],"wp:featuredmedia":[{"embeddable":true,"href":"https:\/\/fuentesfidedignas.com.mx\/index.php\/wp-json\/wp\/v2\/media\/84207"}],"wp:attachment":[{"href":"https:\/\/fuentesfidedignas.com.mx\/index.php\/wp-json\/wp\/v2\/media?parent=84205"}],"wp:term":[{"taxonomy":"category","embeddable":true,"href":"https:\/\/fuentesfidedignas.com.mx\/index.php\/wp-json\/wp\/v2\/categories?post=84205"},{"taxonomy":"post_tag","embeddable":true,"href":"https:\/\/fuentesfidedignas.com.mx\/index.php\/wp-json\/wp\/v2\/tags?post=84205"}],"curies":[{"name":"wp","href":"https:\/\/api.w.org\/{rel}","templated":true}]}}