{"id":8413,"date":"2021-07-28T09:32:56","date_gmt":"2021-07-28T16:32:56","guid":{"rendered":"https:\/\/fuentesfidedignas.com.mx\/?p=8413"},"modified":"2021-07-28T09:32:58","modified_gmt":"2021-07-28T16:32:58","slug":"operativo-en-el-rosario-para-vigilar-se-cumplan-los-protocolos-contra-el-covid-19","status":"publish","type":"post","link":"https:\/\/fuentesfidedignas.com.mx\/index.php\/2021\/07\/28\/operativo-en-el-rosario-para-vigilar-se-cumplan-los-protocolos-contra-el-covid-19\/","title":{"rendered":"Operativo en El Rosario para vigilar se cumplan los protocolos contra el Covid-19"},"content":{"rendered":"\n<p><strong><em>Este operativo tuvo como prop\u00f3sito verificar en establecimientos el cumplimiento de los protocolos para la prevenci\u00f3n del Covid-19<\/em><\/strong><\/p>\n\n\n\n<p>Rosario, Sin.- En el operativo conjunto de seguridad sanitaria realizado en El Rosario participaron de manera coordinada elementos de Protecci\u00f3n Civil, Servicios M\u00e9dicos Municipales y la Comisi\u00f3n Estatal para la Protecci\u00f3n Contra Riesgos Sanitarios de Sinaloa (Coepriss).<\/p>\n\n\n\n<p>El comisionado Jorge Alan Urbina Vidales inform\u00f3 que este operativo tuvo como prop\u00f3sito verificar en establecimientos el cumplimiento de los protocolos para la prevenci\u00f3n del COVID-19.<\/p>\n\n\n\n<p>\u201cSupervisamos el cumplimiento de las medidas preventivas contra el COVID-19 en cada uno de los establecimientos visitados, entre los que puedo mencionar S\u00faper Amigo, Tienda Soriana, Coppel y ambas tiendas de Ley Express\u201d, coment\u00f3.<\/p>\n\n\n\n<p>El operativo tuvo el respaldo de las \u00e1reas de tr\u00e1nsito y seguridad p\u00fablica pues la pol\u00edtica por la actual emergencia en salud p\u00fablica es tolerancia cero con quienes incurran en faltas relacionadas con los lineamientos t\u00e9cnicos dise\u00f1ados para detener la propagaci\u00f3n del SARS-CoV-2, virus causante del COVID-19.<\/p>\n\n\n\n<p>Esta clase de operativos de seguridad sanitaria se estar\u00e1n realizando de manera permanente en todo Sinaloa.<\/p>\n","protected":false},"excerpt":{"rendered":"<p>Este operativo tuvo como prop\u00f3sito verificar en establecimientos el cumplimiento de los protocolos para la prevenci\u00f3n del Covid-19 Rosario, Sin.- En el operativo conjunto de seguridad sanitaria realizado en El Rosario participaron de manera coordinada elementos de Protecci\u00f3n Civil, Servicios M\u00e9dicos Municipales y la Comisi\u00f3n Estatal para la Protecci\u00f3n Contra Riesgos Sanitarios de Sinaloa (Coepriss). [&hellip;]<\/p>\n","protected":false},"author":4,"featured_media":8414,"comment_status":"open","ping_status":"open","sticky":false,"template":"","format":"standard","meta":{"tdm_status":"","tdm_grid_status":"","footnotes":""},"categories":[38],"tags":[],"class_list":{"0":"post-8413","1":"post","2":"type-post","3":"status-publish","4":"format-standard","5":"has-post-thumbnail","7":"category-noticias-locales"},"yoast_head":"<!-- This site is optimized with the Yoast SEO plugin v27.5 - https:\/\/yoast.com\/product\/yoast-seo-wordpress\/ -->\n<title>Operativo en El Rosario para vigilar se cumplan los protocolos contra el Covid-19 - Fuentes Fidedignas<\/title>\n<meta name=\"robots\" content=\"index, follow, max-snippet:-1, max-image-preview:large, max-video-preview:-1\" \/>\n<link rel=\"canonical\" href=\"https:\/\/fuentesfidedignas.com.mx\/index.php\/2021\/07\/28\/operativo-en-el-rosario-para-vigilar-se-cumplan-los-protocolos-contra-el-covid-19\/\" \/>\n<meta property=\"og:locale\" content=\"es_MX\" \/>\n<meta property=\"og:type\" content=\"article\" \/>\n<meta property=\"og:title\" content=\"Operativo en El Rosario para vigilar se cumplan los protocolos contra el Covid-19 - Fuentes Fidedignas\" \/>\n<meta property=\"og:description\" content=\"Este operativo tuvo como prop\u00f3sito verificar en establecimientos el cumplimiento de los protocolos para la prevenci\u00f3n del Covid-19 Rosario, Sin.- En el operativo conjunto de seguridad sanitaria realizado en El Rosario participaron de manera coordinada elementos de Protecci\u00f3n Civil, Servicios M\u00e9dicos Municipales y la Comisi\u00f3n Estatal para la Protecci\u00f3n Contra Riesgos Sanitarios de Sinaloa (Coepriss). [&hellip;]\" \/>\n<meta property=\"og:url\" content=\"https:\/\/fuentesfidedignas.com.mx\/index.php\/2021\/07\/28\/operativo-en-el-rosario-para-vigilar-se-cumplan-los-protocolos-contra-el-covid-19\/\" \/>\n<meta property=\"og:site_name\" content=\"Fuentes Fidedignas\" \/>\n<meta property=\"article:publisher\" content=\"https:\/\/www.facebook.com\/Fuentes-Fidedignas-368234489921644\" \/>\n<meta property=\"article:published_time\" content=\"2021-07-28T16:32:56+00:00\" \/>\n<meta property=\"article:modified_time\" content=\"2021-07-28T16:32:58+00:00\" \/>\n<meta property=\"og:image\" content=\"https:\/\/fuentesfidedignas.com.mx\/wp-content\/uploads\/2021\/07\/Operativo-sanitario-en-El-Rosario-2.jpg\" \/>\n\t<meta property=\"og:image:width\" content=\"1040\" \/>\n\t<meta property=\"og:image:height\" content=\"780\" \/>\n\t<meta property=\"og:image:type\" content=\"image\/jpeg\" \/>\n<meta name=\"author\" content=\"Redacci\u00f3n\" \/>\n<meta name=\"twitter:card\" content=\"summary_large_image\" \/>\n<meta name=\"twitter:creator\" content=\"@fidedignas\" \/>\n<meta name=\"twitter:site\" content=\"@fidedignas\" \/>\n<meta name=\"twitter:label1\" content=\"Escrito por\" \/>\n\t<meta name=\"twitter:data1\" content=\"Redacci\u00f3n\" \/>\n\t<meta name=\"twitter:label2\" content=\"Tiempo de lectura\" \/>\n\t<meta name=\"twitter:data2\" content=\"1 minuto\" \/>\n<script type=\"application\/ld+json\" class=\"yoast-schema-graph\">{\"@context\":\"https:\\\/\\\/schema.org\",\"@graph\":[{\"@type\":\"Article\",\"@id\":\"https:\\\/\\\/fuentesfidedignas.com.mx\\\/index.php\\\/2021\\\/07\\\/28\\\/operativo-en-el-rosario-para-vigilar-se-cumplan-los-protocolos-contra-el-covid-19\\\/#article\",\"isPartOf\":{\"@id\":\"https:\\\/\\\/fuentesfidedignas.com.mx\\\/index.php\\\/2021\\\/07\\\/28\\\/operativo-en-el-rosario-para-vigilar-se-cumplan-los-protocolos-contra-el-covid-19\\\/\"},\"author\":{\"name\":\"Redacci\u00f3n\",\"@id\":\"https:\\\/\\\/fuentesfidedignas.com.mx\\\/#\\\/schema\\\/person\\\/331be9283d37198e2acd5750279085b0\"},\"headline\":\"Operativo en El Rosario para vigilar se cumplan los protocolos contra el Covid-19\",\"datePublished\":\"2021-07-28T16:32:56+00:00\",\"dateModified\":\"2021-07-28T16:32:58+00:00\",\"mainEntityOfPage\":{\"@id\":\"https:\\\/\\\/fuentesfidedignas.com.mx\\\/index.php\\\/2021\\\/07\\\/28\\\/operativo-en-el-rosario-para-vigilar-se-cumplan-los-protocolos-contra-el-covid-19\\\/\"},\"wordCount\":209,\"commentCount\":0,\"publisher\":{\"@id\":\"https:\\\/\\\/fuentesfidedignas.com.mx\\\/#organization\"},\"image\":{\"@id\":\"https:\\\/\\\/fuentesfidedignas.com.mx\\\/index.php\\\/2021\\\/07\\\/28\\\/operativo-en-el-rosario-para-vigilar-se-cumplan-los-protocolos-contra-el-covid-19\\\/#primaryimage\"},\"thumbnailUrl\":\"https:\\\/\\\/fuentesfidedignas.com.mx\\\/wp-content\\\/uploads\\\/2021\\\/07\\\/Operativo-sanitario-en-El-Rosario-2.jpg\",\"articleSection\":[\"NOTICIAS LOCALES\"],\"inLanguage\":\"es\",\"potentialAction\":[{\"@type\":\"CommentAction\",\"name\":\"Comment\",\"target\":[\"https:\\\/\\\/fuentesfidedignas.com.mx\\\/index.php\\\/2021\\\/07\\\/28\\\/operativo-en-el-rosario-para-vigilar-se-cumplan-los-protocolos-contra-el-covid-19\\\/#respond\"]}]},{\"@type\":\"WebPage\",\"@id\":\"https:\\\/\\\/fuentesfidedignas.com.mx\\\/index.php\\\/2021\\\/07\\\/28\\\/operativo-en-el-rosario-para-vigilar-se-cumplan-los-protocolos-contra-el-covid-19\\\/\",\"url\":\"https:\\\/\\\/fuentesfidedignas.com.mx\\\/index.php\\\/2021\\\/07\\\/28\\\/operativo-en-el-rosario-para-vigilar-se-cumplan-los-protocolos-contra-el-covid-19\\\/\",\"name\":\"Operativo en El Rosario para vigilar se cumplan los protocolos contra el Covid-19 - Fuentes Fidedignas\",\"isPartOf\":{\"@id\":\"https:\\\/\\\/fuentesfidedignas.com.mx\\\/#website\"},\"primaryImageOfPage\":{\"@id\":\"https:\\\/\\\/fuentesfidedignas.com.mx\\\/index.php\\\/2021\\\/07\\\/28\\\/operativo-en-el-rosario-para-vigilar-se-cumplan-los-protocolos-contra-el-covid-19\\\/#primaryimage\"},\"image\":{\"@id\":\"https:\\\/\\\/fuentesfidedignas.com.mx\\\/index.php\\\/2021\\\/07\\\/28\\\/operativo-en-el-rosario-para-vigilar-se-cumplan-los-protocolos-contra-el-covid-19\\\/#primaryimage\"},\"thumbnailUrl\":\"https:\\\/\\\/fuentesfidedignas.com.mx\\\/wp-content\\\/uploads\\\/2021\\\/07\\\/Operativo-sanitario-en-El-Rosario-2.jpg\",\"datePublished\":\"2021-07-28T16:32:56+00:00\",\"dateModified\":\"2021-07-28T16:32:58+00:00\",\"breadcrumb\":{\"@id\":\"https:\\\/\\\/fuentesfidedignas.com.mx\\\/index.php\\\/2021\\\/07\\\/28\\\/operativo-en-el-rosario-para-vigilar-se-cumplan-los-protocolos-contra-el-covid-19\\\/#breadcrumb\"},\"inLanguage\":\"es\",\"potentialAction\":[{\"@type\":\"ReadAction\",\"target\":[\"https:\\\/\\\/fuentesfidedignas.com.mx\\\/index.php\\\/2021\\\/07\\\/28\\\/operativo-en-el-rosario-para-vigilar-se-cumplan-los-protocolos-contra-el-covid-19\\\/\"]}]},{\"@type\":\"ImageObject\",\"inLanguage\":\"es\",\"@id\":\"https:\\\/\\\/fuentesfidedignas.com.mx\\\/index.php\\\/2021\\\/07\\\/28\\\/operativo-en-el-rosario-para-vigilar-se-cumplan-los-protocolos-contra-el-covid-19\\\/#primaryimage\",\"url\":\"https:\\\/\\\/fuentesfidedignas.com.mx\\\/wp-content\\\/uploads\\\/2021\\\/07\\\/Operativo-sanitario-en-El-Rosario-2.jpg\",\"contentUrl\":\"https:\\\/\\\/fuentesfidedignas.com.mx\\\/wp-content\\\/uploads\\\/2021\\\/07\\\/Operativo-sanitario-en-El-Rosario-2.jpg\",\"width\":1040,\"height\":780},{\"@type\":\"BreadcrumbList\",\"@id\":\"https:\\\/\\\/fuentesfidedignas.com.mx\\\/index.php\\\/2021\\\/07\\\/28\\\/operativo-en-el-rosario-para-vigilar-se-cumplan-los-protocolos-contra-el-covid-19\\\/#breadcrumb\",\"itemListElement\":[{\"@type\":\"ListItem\",\"position\":1,\"name\":\"Inicio\",\"item\":\"https:\\\/\\\/fuentesfidedignas.com.mx\\\/\"},{\"@type\":\"ListItem\",\"position\":2,\"name\":\"Operativo en El Rosario para vigilar se cumplan los protocolos contra el Covid-19\"}]},{\"@type\":\"WebSite\",\"@id\":\"https:\\\/\\\/fuentesfidedignas.com.mx\\\/#website\",\"url\":\"https:\\\/\\\/fuentesfidedignas.com.mx\\\/\",\"name\":\"Fuentes Fidedignas\",\"description\":\"Otro sitio realizado con WordPress\",\"publisher\":{\"@id\":\"https:\\\/\\\/fuentesfidedignas.com.mx\\\/#organization\"},\"potentialAction\":[{\"@type\":\"SearchAction\",\"target\":{\"@type\":\"EntryPoint\",\"urlTemplate\":\"https:\\\/\\\/fuentesfidedignas.com.mx\\\/?s={search_term_string}\"},\"query-input\":{\"@type\":\"PropertyValueSpecification\",\"valueRequired\":true,\"valueName\":\"search_term_string\"}}],\"inLanguage\":\"es\"},{\"@type\":\"Organization\",\"@id\":\"https:\\\/\\\/fuentesfidedignas.com.mx\\\/#organization\",\"name\":\"Fuentes Fidedignas\",\"url\":\"https:\\\/\\\/fuentesfidedignas.com.mx\\\/\",\"logo\":{\"@type\":\"ImageObject\",\"inLanguage\":\"es\",\"@id\":\"https:\\\/\\\/fuentesfidedignas.com.mx\\\/#\\\/schema\\\/logo\\\/image\\\/\",\"url\":\"https:\\\/\\\/fuentesfidedignas.com.mx\\\/wp-content\\\/uploads\\\/2021\\\/04\\\/logo-retina.png\",\"contentUrl\":\"https:\\\/\\\/fuentesfidedignas.com.mx\\\/wp-content\\\/uploads\\\/2021\\\/04\\\/logo-retina.png\",\"width\":280,\"height\":51,\"caption\":\"Fuentes Fidedignas\"},\"image\":{\"@id\":\"https:\\\/\\\/fuentesfidedignas.com.mx\\\/#\\\/schema\\\/logo\\\/image\\\/\"},\"sameAs\":[\"https:\\\/\\\/www.facebook.com\\\/Fuentes-Fidedignas-368234489921644\",\"https:\\\/\\\/x.com\\\/fidedignas\"]},{\"@type\":\"Person\",\"@id\":\"https:\\\/\\\/fuentesfidedignas.com.mx\\\/#\\\/schema\\\/person\\\/331be9283d37198e2acd5750279085b0\",\"name\":\"Redacci\u00f3n\",\"image\":{\"@type\":\"ImageObject\",\"inLanguage\":\"es\",\"@id\":\"https:\\\/\\\/secure.gravatar.com\\\/avatar\\\/f6d8782c11d12b2d4ad3fbb6931aeab5309937a4d6cd2fc9cfaa28a6396a5aec?s=96&d=mm&r=g\",\"url\":\"https:\\\/\\\/secure.gravatar.com\\\/avatar\\\/f6d8782c11d12b2d4ad3fbb6931aeab5309937a4d6cd2fc9cfaa28a6396a5aec?s=96&d=mm&r=g\",\"contentUrl\":\"https:\\\/\\\/secure.gravatar.com\\\/avatar\\\/f6d8782c11d12b2d4ad3fbb6931aeab5309937a4d6cd2fc9cfaa28a6396a5aec?s=96&d=mm&r=g\",\"caption\":\"Redacci\u00f3n\"},\"url\":\"https:\\\/\\\/fuentesfidedignas.com.mx\\\/index.php\\\/author\\\/redaccion\\\/\"}]}<\/script>\n<!-- \/ Yoast SEO plugin. -->","yoast_head_json":{"title":"Operativo en El Rosario para vigilar se cumplan los protocolos contra el Covid-19 - Fuentes Fidedignas","robots":{"index":"index","follow":"follow","max-snippet":"max-snippet:-1","max-image-preview":"max-image-preview:large","max-video-preview":"max-video-preview:-1"},"canonical":"https:\/\/fuentesfidedignas.com.mx\/index.php\/2021\/07\/28\/operativo-en-el-rosario-para-vigilar-se-cumplan-los-protocolos-contra-el-covid-19\/","og_locale":"es_MX","og_type":"article","og_title":"Operativo en El Rosario para vigilar se cumplan los protocolos contra el Covid-19 - Fuentes Fidedignas","og_description":"Este operativo tuvo como prop\u00f3sito verificar en establecimientos el cumplimiento de los protocolos para la prevenci\u00f3n del Covid-19 Rosario, Sin.- En el operativo conjunto de seguridad sanitaria realizado en El Rosario participaron de manera coordinada elementos de Protecci\u00f3n Civil, Servicios M\u00e9dicos Municipales y la Comisi\u00f3n Estatal para la Protecci\u00f3n Contra Riesgos Sanitarios de Sinaloa (Coepriss). [&hellip;]","og_url":"https:\/\/fuentesfidedignas.com.mx\/index.php\/2021\/07\/28\/operativo-en-el-rosario-para-vigilar-se-cumplan-los-protocolos-contra-el-covid-19\/","og_site_name":"Fuentes Fidedignas","article_publisher":"https:\/\/www.facebook.com\/Fuentes-Fidedignas-368234489921644","article_published_time":"2021-07-28T16:32:56+00:00","article_modified_time":"2021-07-28T16:32:58+00:00","og_image":[{"width":1040,"height":780,"url":"https:\/\/fuentesfidedignas.com.mx\/wp-content\/uploads\/2021\/07\/Operativo-sanitario-en-El-Rosario-2.jpg","type":"image\/jpeg"}],"author":"Redacci\u00f3n","twitter_card":"summary_large_image","twitter_creator":"@fidedignas","twitter_site":"@fidedignas","twitter_misc":{"Escrito por":"Redacci\u00f3n","Tiempo de lectura":"1 minuto"},"schema":{"@context":"https:\/\/schema.org","@graph":[{"@type":"Article","@id":"https:\/\/fuentesfidedignas.com.mx\/index.php\/2021\/07\/28\/operativo-en-el-rosario-para-vigilar-se-cumplan-los-protocolos-contra-el-covid-19\/#article","isPartOf":{"@id":"https:\/\/fuentesfidedignas.com.mx\/index.php\/2021\/07\/28\/operativo-en-el-rosario-para-vigilar-se-cumplan-los-protocolos-contra-el-covid-19\/"},"author":{"name":"Redacci\u00f3n","@id":"https:\/\/fuentesfidedignas.com.mx\/#\/schema\/person\/331be9283d37198e2acd5750279085b0"},"headline":"Operativo en El Rosario para vigilar se cumplan los protocolos contra el Covid-19","datePublished":"2021-07-28T16:32:56+00:00","dateModified":"2021-07-28T16:32:58+00:00","mainEntityOfPage":{"@id":"https:\/\/fuentesfidedignas.com.mx\/index.php\/2021\/07\/28\/operativo-en-el-rosario-para-vigilar-se-cumplan-los-protocolos-contra-el-covid-19\/"},"wordCount":209,"commentCount":0,"publisher":{"@id":"https:\/\/fuentesfidedignas.com.mx\/#organization"},"image":{"@id":"https:\/\/fuentesfidedignas.com.mx\/index.php\/2021\/07\/28\/operativo-en-el-rosario-para-vigilar-se-cumplan-los-protocolos-contra-el-covid-19\/#primaryimage"},"thumbnailUrl":"https:\/\/fuentesfidedignas.com.mx\/wp-content\/uploads\/2021\/07\/Operativo-sanitario-en-El-Rosario-2.jpg","articleSection":["NOTICIAS LOCALES"],"inLanguage":"es","potentialAction":[{"@type":"CommentAction","name":"Comment","target":["https:\/\/fuentesfidedignas.com.mx\/index.php\/2021\/07\/28\/operativo-en-el-rosario-para-vigilar-se-cumplan-los-protocolos-contra-el-covid-19\/#respond"]}]},{"@type":"WebPage","@id":"https:\/\/fuentesfidedignas.com.mx\/index.php\/2021\/07\/28\/operativo-en-el-rosario-para-vigilar-se-cumplan-los-protocolos-contra-el-covid-19\/","url":"https:\/\/fuentesfidedignas.com.mx\/index.php\/2021\/07\/28\/operativo-en-el-rosario-para-vigilar-se-cumplan-los-protocolos-contra-el-covid-19\/","name":"Operativo en El Rosario para vigilar se cumplan los protocolos contra el Covid-19 - Fuentes Fidedignas","isPartOf":{"@id":"https:\/\/fuentesfidedignas.com.mx\/#website"},"primaryImageOfPage":{"@id":"https:\/\/fuentesfidedignas.com.mx\/index.php\/2021\/07\/28\/operativo-en-el-rosario-para-vigilar-se-cumplan-los-protocolos-contra-el-covid-19\/#primaryimage"},"image":{"@id":"https:\/\/fuentesfidedignas.com.mx\/index.php\/2021\/07\/28\/operativo-en-el-rosario-para-vigilar-se-cumplan-los-protocolos-contra-el-covid-19\/#primaryimage"},"thumbnailUrl":"https:\/\/fuentesfidedignas.com.mx\/wp-content\/uploads\/2021\/07\/Operativo-sanitario-en-El-Rosario-2.jpg","datePublished":"2021-07-28T16:32:56+00:00","dateModified":"2021-07-28T16:32:58+00:00","breadcrumb":{"@id":"https:\/\/fuentesfidedignas.com.mx\/index.php\/2021\/07\/28\/operativo-en-el-rosario-para-vigilar-se-cumplan-los-protocolos-contra-el-covid-19\/#breadcrumb"},"inLanguage":"es","potentialAction":[{"@type":"ReadAction","target":["https:\/\/fuentesfidedignas.com.mx\/index.php\/2021\/07\/28\/operativo-en-el-rosario-para-vigilar-se-cumplan-los-protocolos-contra-el-covid-19\/"]}]},{"@type":"ImageObject","inLanguage":"es","@id":"https:\/\/fuentesfidedignas.com.mx\/index.php\/2021\/07\/28\/operativo-en-el-rosario-para-vigilar-se-cumplan-los-protocolos-contra-el-covid-19\/#primaryimage","url":"https:\/\/fuentesfidedignas.com.mx\/wp-content\/uploads\/2021\/07\/Operativo-sanitario-en-El-Rosario-2.jpg","contentUrl":"https:\/\/fuentesfidedignas.com.mx\/wp-content\/uploads\/2021\/07\/Operativo-sanitario-en-El-Rosario-2.jpg","width":1040,"height":780},{"@type":"BreadcrumbList","@id":"https:\/\/fuentesfidedignas.com.mx\/index.php\/2021\/07\/28\/operativo-en-el-rosario-para-vigilar-se-cumplan-los-protocolos-contra-el-covid-19\/#breadcrumb","itemListElement":[{"@type":"ListItem","position":1,"name":"Inicio","item":"https:\/\/fuentesfidedignas.com.mx\/"},{"@type":"ListItem","position":2,"name":"Operativo en El Rosario para vigilar se cumplan los protocolos contra el Covid-19"}]},{"@type":"WebSite","@id":"https:\/\/fuentesfidedignas.com.mx\/#website","url":"https:\/\/fuentesfidedignas.com.mx\/","name":"Fuentes Fidedignas","description":"Otro sitio realizado con WordPress","publisher":{"@id":"https:\/\/fuentesfidedignas.com.mx\/#organization"},"potentialAction":[{"@type":"SearchAction","target":{"@type":"EntryPoint","urlTemplate":"https:\/\/fuentesfidedignas.com.mx\/?s={search_term_string}"},"query-input":{"@type":"PropertyValueSpecification","valueRequired":true,"valueName":"search_term_string"}}],"inLanguage":"es"},{"@type":"Organization","@id":"https:\/\/fuentesfidedignas.com.mx\/#organization","name":"Fuentes Fidedignas","url":"https:\/\/fuentesfidedignas.com.mx\/","logo":{"@type":"ImageObject","inLanguage":"es","@id":"https:\/\/fuentesfidedignas.com.mx\/#\/schema\/logo\/image\/","url":"https:\/\/fuentesfidedignas.com.mx\/wp-content\/uploads\/2021\/04\/logo-retina.png","contentUrl":"https:\/\/fuentesfidedignas.com.mx\/wp-content\/uploads\/2021\/04\/logo-retina.png","width":280,"height":51,"caption":"Fuentes Fidedignas"},"image":{"@id":"https:\/\/fuentesfidedignas.com.mx\/#\/schema\/logo\/image\/"},"sameAs":["https:\/\/www.facebook.com\/Fuentes-Fidedignas-368234489921644","https:\/\/x.com\/fidedignas"]},{"@type":"Person","@id":"https:\/\/fuentesfidedignas.com.mx\/#\/schema\/person\/331be9283d37198e2acd5750279085b0","name":"Redacci\u00f3n","image":{"@type":"ImageObject","inLanguage":"es","@id":"https:\/\/secure.gravatar.com\/avatar\/f6d8782c11d12b2d4ad3fbb6931aeab5309937a4d6cd2fc9cfaa28a6396a5aec?s=96&d=mm&r=g","url":"https:\/\/secure.gravatar.com\/avatar\/f6d8782c11d12b2d4ad3fbb6931aeab5309937a4d6cd2fc9cfaa28a6396a5aec?s=96&d=mm&r=g","contentUrl":"https:\/\/secure.gravatar.com\/avatar\/f6d8782c11d12b2d4ad3fbb6931aeab5309937a4d6cd2fc9cfaa28a6396a5aec?s=96&d=mm&r=g","caption":"Redacci\u00f3n"},"url":"https:\/\/fuentesfidedignas.com.mx\/index.php\/author\/redaccion\/"}]}},"_links":{"self":[{"href":"https:\/\/fuentesfidedignas.com.mx\/index.php\/wp-json\/wp\/v2\/posts\/8413","targetHints":{"allow":["GET"]}}],"collection":[{"href":"https:\/\/fuentesfidedignas.com.mx\/index.php\/wp-json\/wp\/v2\/posts"}],"about":[{"href":"https:\/\/fuentesfidedignas.com.mx\/index.php\/wp-json\/wp\/v2\/types\/post"}],"author":[{"embeddable":true,"href":"https:\/\/fuentesfidedignas.com.mx\/index.php\/wp-json\/wp\/v2\/users\/4"}],"replies":[{"embeddable":true,"href":"https:\/\/fuentesfidedignas.com.mx\/index.php\/wp-json\/wp\/v2\/comments?post=8413"}],"version-history":[{"count":1,"href":"https:\/\/fuentesfidedignas.com.mx\/index.php\/wp-json\/wp\/v2\/posts\/8413\/revisions"}],"predecessor-version":[{"id":8415,"href":"https:\/\/fuentesfidedignas.com.mx\/index.php\/wp-json\/wp\/v2\/posts\/8413\/revisions\/8415"}],"wp:featuredmedia":[{"embeddable":true,"href":"https:\/\/fuentesfidedignas.com.mx\/index.php\/wp-json\/wp\/v2\/media\/8414"}],"wp:attachment":[{"href":"https:\/\/fuentesfidedignas.com.mx\/index.php\/wp-json\/wp\/v2\/media?parent=8413"}],"wp:term":[{"taxonomy":"category","embeddable":true,"href":"https:\/\/fuentesfidedignas.com.mx\/index.php\/wp-json\/wp\/v2\/categories?post=8413"},{"taxonomy":"post_tag","embeddable":true,"href":"https:\/\/fuentesfidedignas.com.mx\/index.php\/wp-json\/wp\/v2\/tags?post=8413"}],"curies":[{"name":"wp","href":"https:\/\/api.w.org\/{rel}","templated":true}]}}