{"id":84101,"date":"2024-06-14T09:32:31","date_gmt":"2024-06-14T16:32:31","guid":{"rendered":"https:\/\/fuentesfidedignas.com.mx\/?p=84101"},"modified":"2024-06-14T09:32:31","modified_gmt":"2024-06-14T16:32:31","slug":"mexico-suma-125-muertos-por-calor-en-lo-que-va-de-2024","status":"publish","type":"post","link":"https:\/\/fuentesfidedignas.com.mx\/index.php\/2024\/06\/14\/mexico-suma-125-muertos-por-calor-en-lo-que-va-de-2024\/","title":{"rendered":"M\u00e9xico suma 125 muertos por calor en lo que va de 2024"},"content":{"rendered":"\n<p><strong><em>La Secretar\u00eda de Salud en M\u00e9xico record\u00f3 que seguir\u00e1 el calor en el noroeste, norte y noreste de M\u00e9xico<\/em><\/strong><\/p>\n\n\n\n<p>Las altas temperaturas en&nbsp;<strong>M\u00e9xico<\/strong>&nbsp;han provocado ya 125 muertes a nivel pa\u00eds y 2 mil 308 casos de&nbsp;<strong>golpe de calor<\/strong>hasta la segunda semana de&nbsp;<strong>junio<\/strong>&nbsp;de este&nbsp;<strong>2024<\/strong>, inform\u00f3 este jueves la&nbsp;<strong>Secretar\u00eda de Salud<\/strong>&nbsp;(<strong>Ssa<\/strong>) del&nbsp;<strong>gobierno mexicano<\/strong>.<\/p>\n\n\n\n<p>En su \u00faltimo informe semanal de&nbsp;<strong>vigilancia epidemiol\u00f3gica<\/strong>, la dependencia especific\u00f3 que, tan s\u00f3lo en la semana 23, que abarca del 6 al 12 de junio, se notificaron 371 casos asociados a temperaturas naturales extremas y 35 defunciones a nivel pa\u00eds.<\/p>\n\n\n\n<p>Del total de&nbsp;<strong>muertes notificadas<\/strong>, 10 son \u201catribuidas a la&nbsp;<strong>segunda ola de calor<\/strong>, y 19 defunciones atribuidas a la&nbsp;<strong>tercera ola<\/strong>\u201d.<\/p>\n\n\n\n<p>Las&nbsp;<strong>entidades que registran decesos<\/strong>&nbsp;son: Veracruz (43), Tabasco (18), Tamaulipas (15), Nuevo Le\u00f3n (11) San Luis Potos\u00ed (11), Hidalgo (6), Oaxaca (5), Yucat\u00e1n (3), Quer\u00e9taro (2), Sonora (2), Baja California (1), Campeche (1), Chiapas (1), Coahuila (1), Guanajuato (1), Guerrero (1), Nayarit (1), Puebla (1) y Quintana Roo (1), lo que corresponde a una letalidad global de 5.41 %.<\/p>\n\n\n\n<p>La dependencia record\u00f3 que seguir\u00e1 el ambiente caluroso a muy caluroso en el&nbsp;<strong>noroeste<\/strong>,&nbsp;<strong>norte<\/strong>&nbsp;y&nbsp;<strong>noreste<\/strong>&nbsp;de&nbsp;<strong>M\u00e9xico<\/strong>, con la que se pronostican temperaturas mayores a los 40 grados en 10 estados del pa\u00eds.<\/p>\n\n\n\n<p>Precis\u00f3 que en&nbsp;<strong>Baja California<\/strong>&nbsp;y&nbsp;<strong>Sonora<\/strong>&nbsp;se registrar\u00e1n temperaturas superiores a 45 grados.<\/p>\n\n\n\n<p>Mientras que Baja California Sur, Chihuahua, Coahuila, Nuevo Le\u00f3n, Tamaulipas, Sinaloa, Michoac\u00e1n y Guerrero alcanzar\u00e1n temperaturas m\u00e1ximas de 40 y 45 grados.<\/p>\n\n\n\n<p>Asimismo, Nayarit, Jalisco, Colima, Durango, San Luis Potos\u00ed, Morelos, Puebla (norte y suroeste) y Veracruz tendr\u00e1n temperaturas m\u00e1ximas entre los 35 a 40 grados.<\/p>\n\n\n\n<p>Adem\u00e1s, Zacatecas, Aguascalientes, Guanajuato, Quer\u00e9taro, Hidalgo, Estado de M\u00e9xico (suroeste) y Oaxaca alcanzar\u00e1n entre 30 y 35 grados.<\/p>\n\n\n\n<p>Investigadores de la&nbsp;<strong>Universidad Nacional Aut\u00f3noma de M\u00e9xico<\/strong>&nbsp;(<strong>UNAM<\/strong>) alertaron el mes pasado de que el pa\u00eds experimentar\u00eda las mayores temperaturas de su historia en la segunda mitad de mayo.<\/p>\n\n\n\n<p>Tan solo&nbsp;<strong>Ciudad de M\u00e9xico<\/strong>&nbsp;registr\u00f3 el 25 de mayo su m\u00e1xima temperatura en la historia al registrar 34,7 grados, la cuarta vez en el a\u00f1o que rompe su r\u00e9cord.<\/p>\n\n\n\n<p>La tercera ola de calor ocurri\u00f3 del 20 de mayo al 4 de junio y dej\u00f3 19 muertos, adem\u00e1s de r\u00e9cords de temperaturas en varias ciudades, entre ellas la capital mexicana.<\/p>\n\n\n\n<p>El Gobierno mexicano pronostic\u00f3 al menos cinco olas de calor entre marzo y julio el pasado 16 de abril.<\/p>\n","protected":false},"excerpt":{"rendered":"<p>La Secretar\u00eda de Salud en M\u00e9xico record\u00f3 que seguir\u00e1 el calor en el noroeste, norte y noreste de M\u00e9xico Las altas temperaturas en&nbsp;M\u00e9xico&nbsp;han provocado ya 125 muertes a nivel pa\u00eds y 2 mil 308 casos de&nbsp;golpe de calorhasta la segunda semana de&nbsp;junio&nbsp;de este&nbsp;2024, inform\u00f3 este jueves la&nbsp;Secretar\u00eda de Salud&nbsp;(Ssa) del&nbsp;gobierno mexicano. En su \u00faltimo informe [&hellip;]<\/p>\n","protected":false},"author":47,"featured_media":84100,"comment_status":"closed","ping_status":"open","sticky":false,"template":"","format":"standard","meta":{"tdm_status":"","tdm_grid_status":"","footnotes":""},"categories":[39],"tags":[],"class_list":{"0":"post-84101","1":"post","2":"type-post","3":"status-publish","4":"format-standard","5":"has-post-thumbnail","7":"category-noticias-nacionales"},"yoast_head":"<!-- This site is optimized with the Yoast SEO plugin v27.5 - https:\/\/yoast.com\/product\/yoast-seo-wordpress\/ -->\n<title>M\u00e9xico suma 125 muertos por calor en lo que va de 2024 - Fuentes Fidedignas<\/title>\n<meta name=\"robots\" content=\"index, follow, max-snippet:-1, max-image-preview:large, max-video-preview:-1\" \/>\n<link rel=\"canonical\" href=\"https:\/\/fuentesfidedignas.com.mx\/index.php\/2024\/06\/14\/mexico-suma-125-muertos-por-calor-en-lo-que-va-de-2024\/\" \/>\n<meta property=\"og:locale\" content=\"es_MX\" \/>\n<meta property=\"og:type\" content=\"article\" \/>\n<meta property=\"og:title\" content=\"M\u00e9xico suma 125 muertos por calor en lo que va de 2024 - Fuentes Fidedignas\" \/>\n<meta property=\"og:description\" content=\"La Secretar\u00eda de Salud en M\u00e9xico record\u00f3 que seguir\u00e1 el calor en el noroeste, norte y noreste de M\u00e9xico Las altas temperaturas en&nbsp;M\u00e9xico&nbsp;han provocado ya 125 muertes a nivel pa\u00eds y 2 mil 308 casos de&nbsp;golpe de calorhasta la segunda semana de&nbsp;junio&nbsp;de este&nbsp;2024, inform\u00f3 este jueves la&nbsp;Secretar\u00eda de Salud&nbsp;(Ssa) del&nbsp;gobierno mexicano. En su \u00faltimo informe [&hellip;]\" \/>\n<meta property=\"og:url\" content=\"https:\/\/fuentesfidedignas.com.mx\/index.php\/2024\/06\/14\/mexico-suma-125-muertos-por-calor-en-lo-que-va-de-2024\/\" \/>\n<meta property=\"og:site_name\" content=\"Fuentes Fidedignas\" \/>\n<meta property=\"article:publisher\" content=\"https:\/\/www.facebook.com\/Fuentes-Fidedignas-368234489921644\" \/>\n<meta property=\"article:published_time\" content=\"2024-06-14T16:32:31+00:00\" \/>\n<meta property=\"og:image\" content=\"https:\/\/fuentesfidedignas.com.mx\/wp-content\/uploads\/2024\/06\/img_6871-1.jpg\" \/>\n\t<meta property=\"og:image:width\" content=\"1536\" \/>\n\t<meta property=\"og:image:height\" content=\"1024\" \/>\n\t<meta property=\"og:image:type\" content=\"image\/jpeg\" \/>\n<meta name=\"author\" content=\"L\u00f3pez D\u00f3riga\" \/>\n<meta name=\"twitter:card\" content=\"summary_large_image\" \/>\n<meta name=\"twitter:creator\" content=\"@fidedignas\" \/>\n<meta name=\"twitter:site\" content=\"@fidedignas\" \/>\n<meta name=\"twitter:label1\" content=\"Escrito por\" \/>\n\t<meta name=\"twitter:data1\" content=\"L\u00f3pez D\u00f3riga\" \/>\n\t<meta name=\"twitter:label2\" content=\"Tiempo de lectura\" \/>\n\t<meta name=\"twitter:data2\" content=\"2 minutos\" \/>\n<script type=\"application\/ld+json\" class=\"yoast-schema-graph\">{\"@context\":\"https:\\\/\\\/schema.org\",\"@graph\":[{\"@type\":\"Article\",\"@id\":\"https:\\\/\\\/fuentesfidedignas.com.mx\\\/index.php\\\/2024\\\/06\\\/14\\\/mexico-suma-125-muertos-por-calor-en-lo-que-va-de-2024\\\/#article\",\"isPartOf\":{\"@id\":\"https:\\\/\\\/fuentesfidedignas.com.mx\\\/index.php\\\/2024\\\/06\\\/14\\\/mexico-suma-125-muertos-por-calor-en-lo-que-va-de-2024\\\/\"},\"author\":{\"name\":\"L\u00f3pez D\u00f3riga\",\"@id\":\"https:\\\/\\\/fuentesfidedignas.com.mx\\\/#\\\/schema\\\/person\\\/67d852f0557c8509146a4b9ddebd543a\"},\"headline\":\"M\u00e9xico suma 125 muertos por calor en lo que va de 2024\",\"datePublished\":\"2024-06-14T16:32:31+00:00\",\"mainEntityOfPage\":{\"@id\":\"https:\\\/\\\/fuentesfidedignas.com.mx\\\/index.php\\\/2024\\\/06\\\/14\\\/mexico-suma-125-muertos-por-calor-en-lo-que-va-de-2024\\\/\"},\"wordCount\":434,\"publisher\":{\"@id\":\"https:\\\/\\\/fuentesfidedignas.com.mx\\\/#organization\"},\"image\":{\"@id\":\"https:\\\/\\\/fuentesfidedignas.com.mx\\\/index.php\\\/2024\\\/06\\\/14\\\/mexico-suma-125-muertos-por-calor-en-lo-que-va-de-2024\\\/#primaryimage\"},\"thumbnailUrl\":\"https:\\\/\\\/fuentesfidedignas.com.mx\\\/wp-content\\\/uploads\\\/2024\\\/06\\\/img_6871-1.jpg\",\"articleSection\":[\"NOTICIAS NACIONALES\"],\"inLanguage\":\"es\"},{\"@type\":\"WebPage\",\"@id\":\"https:\\\/\\\/fuentesfidedignas.com.mx\\\/index.php\\\/2024\\\/06\\\/14\\\/mexico-suma-125-muertos-por-calor-en-lo-que-va-de-2024\\\/\",\"url\":\"https:\\\/\\\/fuentesfidedignas.com.mx\\\/index.php\\\/2024\\\/06\\\/14\\\/mexico-suma-125-muertos-por-calor-en-lo-que-va-de-2024\\\/\",\"name\":\"M\u00e9xico suma 125 muertos por calor en lo que va de 2024 - Fuentes Fidedignas\",\"isPartOf\":{\"@id\":\"https:\\\/\\\/fuentesfidedignas.com.mx\\\/#website\"},\"primaryImageOfPage\":{\"@id\":\"https:\\\/\\\/fuentesfidedignas.com.mx\\\/index.php\\\/2024\\\/06\\\/14\\\/mexico-suma-125-muertos-por-calor-en-lo-que-va-de-2024\\\/#primaryimage\"},\"image\":{\"@id\":\"https:\\\/\\\/fuentesfidedignas.com.mx\\\/index.php\\\/2024\\\/06\\\/14\\\/mexico-suma-125-muertos-por-calor-en-lo-que-va-de-2024\\\/#primaryimage\"},\"thumbnailUrl\":\"https:\\\/\\\/fuentesfidedignas.com.mx\\\/wp-content\\\/uploads\\\/2024\\\/06\\\/img_6871-1.jpg\",\"datePublished\":\"2024-06-14T16:32:31+00:00\",\"breadcrumb\":{\"@id\":\"https:\\\/\\\/fuentesfidedignas.com.mx\\\/index.php\\\/2024\\\/06\\\/14\\\/mexico-suma-125-muertos-por-calor-en-lo-que-va-de-2024\\\/#breadcrumb\"},\"inLanguage\":\"es\",\"potentialAction\":[{\"@type\":\"ReadAction\",\"target\":[\"https:\\\/\\\/fuentesfidedignas.com.mx\\\/index.php\\\/2024\\\/06\\\/14\\\/mexico-suma-125-muertos-por-calor-en-lo-que-va-de-2024\\\/\"]}]},{\"@type\":\"ImageObject\",\"inLanguage\":\"es\",\"@id\":\"https:\\\/\\\/fuentesfidedignas.com.mx\\\/index.php\\\/2024\\\/06\\\/14\\\/mexico-suma-125-muertos-por-calor-en-lo-que-va-de-2024\\\/#primaryimage\",\"url\":\"https:\\\/\\\/fuentesfidedignas.com.mx\\\/wp-content\\\/uploads\\\/2024\\\/06\\\/img_6871-1.jpg\",\"contentUrl\":\"https:\\\/\\\/fuentesfidedignas.com.mx\\\/wp-content\\\/uploads\\\/2024\\\/06\\\/img_6871-1.jpg\",\"width\":1536,\"height\":1024},{\"@type\":\"BreadcrumbList\",\"@id\":\"https:\\\/\\\/fuentesfidedignas.com.mx\\\/index.php\\\/2024\\\/06\\\/14\\\/mexico-suma-125-muertos-por-calor-en-lo-que-va-de-2024\\\/#breadcrumb\",\"itemListElement\":[{\"@type\":\"ListItem\",\"position\":1,\"name\":\"Inicio\",\"item\":\"https:\\\/\\\/fuentesfidedignas.com.mx\\\/\"},{\"@type\":\"ListItem\",\"position\":2,\"name\":\"M\u00e9xico suma 125 muertos por calor en lo que va de 2024\"}]},{\"@type\":\"WebSite\",\"@id\":\"https:\\\/\\\/fuentesfidedignas.com.mx\\\/#website\",\"url\":\"https:\\\/\\\/fuentesfidedignas.com.mx\\\/\",\"name\":\"Fuentes Fidedignas\",\"description\":\"Otro sitio realizado con WordPress\",\"publisher\":{\"@id\":\"https:\\\/\\\/fuentesfidedignas.com.mx\\\/#organization\"},\"potentialAction\":[{\"@type\":\"SearchAction\",\"target\":{\"@type\":\"EntryPoint\",\"urlTemplate\":\"https:\\\/\\\/fuentesfidedignas.com.mx\\\/?s={search_term_string}\"},\"query-input\":{\"@type\":\"PropertyValueSpecification\",\"valueRequired\":true,\"valueName\":\"search_term_string\"}}],\"inLanguage\":\"es\"},{\"@type\":\"Organization\",\"@id\":\"https:\\\/\\\/fuentesfidedignas.com.mx\\\/#organization\",\"name\":\"Fuentes Fidedignas\",\"url\":\"https:\\\/\\\/fuentesfidedignas.com.mx\\\/\",\"logo\":{\"@type\":\"ImageObject\",\"inLanguage\":\"es\",\"@id\":\"https:\\\/\\\/fuentesfidedignas.com.mx\\\/#\\\/schema\\\/logo\\\/image\\\/\",\"url\":\"https:\\\/\\\/fuentesfidedignas.com.mx\\\/wp-content\\\/uploads\\\/2021\\\/04\\\/logo-retina.png\",\"contentUrl\":\"https:\\\/\\\/fuentesfidedignas.com.mx\\\/wp-content\\\/uploads\\\/2021\\\/04\\\/logo-retina.png\",\"width\":280,\"height\":51,\"caption\":\"Fuentes Fidedignas\"},\"image\":{\"@id\":\"https:\\\/\\\/fuentesfidedignas.com.mx\\\/#\\\/schema\\\/logo\\\/image\\\/\"},\"sameAs\":[\"https:\\\/\\\/www.facebook.com\\\/Fuentes-Fidedignas-368234489921644\",\"https:\\\/\\\/x.com\\\/fidedignas\"]},{\"@type\":\"Person\",\"@id\":\"https:\\\/\\\/fuentesfidedignas.com.mx\\\/#\\\/schema\\\/person\\\/67d852f0557c8509146a4b9ddebd543a\",\"name\":\"L\u00f3pez D\u00f3riga\",\"image\":{\"@type\":\"ImageObject\",\"inLanguage\":\"es\",\"@id\":\"https:\\\/\\\/secure.gravatar.com\\\/avatar\\\/e525b06574ca18b33cded59dfe5778d6c823b9513154eff47da551b0551bdd1e?s=96&d=mm&r=g\",\"url\":\"https:\\\/\\\/secure.gravatar.com\\\/avatar\\\/e525b06574ca18b33cded59dfe5778d6c823b9513154eff47da551b0551bdd1e?s=96&d=mm&r=g\",\"contentUrl\":\"https:\\\/\\\/secure.gravatar.com\\\/avatar\\\/e525b06574ca18b33cded59dfe5778d6c823b9513154eff47da551b0551bdd1e?s=96&d=mm&r=g\",\"caption\":\"L\u00f3pez D\u00f3riga\"},\"url\":\"https:\\\/\\\/fuentesfidedignas.com.mx\\\/index.php\\\/author\\\/doriga\\\/\"}]}<\/script>\n<!-- \/ Yoast SEO plugin. -->","yoast_head_json":{"title":"M\u00e9xico suma 125 muertos por calor en lo que va de 2024 - Fuentes Fidedignas","robots":{"index":"index","follow":"follow","max-snippet":"max-snippet:-1","max-image-preview":"max-image-preview:large","max-video-preview":"max-video-preview:-1"},"canonical":"https:\/\/fuentesfidedignas.com.mx\/index.php\/2024\/06\/14\/mexico-suma-125-muertos-por-calor-en-lo-que-va-de-2024\/","og_locale":"es_MX","og_type":"article","og_title":"M\u00e9xico suma 125 muertos por calor en lo que va de 2024 - Fuentes Fidedignas","og_description":"La Secretar\u00eda de Salud en M\u00e9xico record\u00f3 que seguir\u00e1 el calor en el noroeste, norte y noreste de M\u00e9xico Las altas temperaturas en&nbsp;M\u00e9xico&nbsp;han provocado ya 125 muertes a nivel pa\u00eds y 2 mil 308 casos de&nbsp;golpe de calorhasta la segunda semana de&nbsp;junio&nbsp;de este&nbsp;2024, inform\u00f3 este jueves la&nbsp;Secretar\u00eda de Salud&nbsp;(Ssa) del&nbsp;gobierno mexicano. En su \u00faltimo informe [&hellip;]","og_url":"https:\/\/fuentesfidedignas.com.mx\/index.php\/2024\/06\/14\/mexico-suma-125-muertos-por-calor-en-lo-que-va-de-2024\/","og_site_name":"Fuentes Fidedignas","article_publisher":"https:\/\/www.facebook.com\/Fuentes-Fidedignas-368234489921644","article_published_time":"2024-06-14T16:32:31+00:00","og_image":[{"width":1536,"height":1024,"url":"https:\/\/fuentesfidedignas.com.mx\/wp-content\/uploads\/2024\/06\/img_6871-1.jpg","type":"image\/jpeg"}],"author":"L\u00f3pez D\u00f3riga","twitter_card":"summary_large_image","twitter_creator":"@fidedignas","twitter_site":"@fidedignas","twitter_misc":{"Escrito por":"L\u00f3pez D\u00f3riga","Tiempo de lectura":"2 minutos"},"schema":{"@context":"https:\/\/schema.org","@graph":[{"@type":"Article","@id":"https:\/\/fuentesfidedignas.com.mx\/index.php\/2024\/06\/14\/mexico-suma-125-muertos-por-calor-en-lo-que-va-de-2024\/#article","isPartOf":{"@id":"https:\/\/fuentesfidedignas.com.mx\/index.php\/2024\/06\/14\/mexico-suma-125-muertos-por-calor-en-lo-que-va-de-2024\/"},"author":{"name":"L\u00f3pez D\u00f3riga","@id":"https:\/\/fuentesfidedignas.com.mx\/#\/schema\/person\/67d852f0557c8509146a4b9ddebd543a"},"headline":"M\u00e9xico suma 125 muertos por calor en lo que va de 2024","datePublished":"2024-06-14T16:32:31+00:00","mainEntityOfPage":{"@id":"https:\/\/fuentesfidedignas.com.mx\/index.php\/2024\/06\/14\/mexico-suma-125-muertos-por-calor-en-lo-que-va-de-2024\/"},"wordCount":434,"publisher":{"@id":"https:\/\/fuentesfidedignas.com.mx\/#organization"},"image":{"@id":"https:\/\/fuentesfidedignas.com.mx\/index.php\/2024\/06\/14\/mexico-suma-125-muertos-por-calor-en-lo-que-va-de-2024\/#primaryimage"},"thumbnailUrl":"https:\/\/fuentesfidedignas.com.mx\/wp-content\/uploads\/2024\/06\/img_6871-1.jpg","articleSection":["NOTICIAS NACIONALES"],"inLanguage":"es"},{"@type":"WebPage","@id":"https:\/\/fuentesfidedignas.com.mx\/index.php\/2024\/06\/14\/mexico-suma-125-muertos-por-calor-en-lo-que-va-de-2024\/","url":"https:\/\/fuentesfidedignas.com.mx\/index.php\/2024\/06\/14\/mexico-suma-125-muertos-por-calor-en-lo-que-va-de-2024\/","name":"M\u00e9xico suma 125 muertos por calor en lo que va de 2024 - Fuentes Fidedignas","isPartOf":{"@id":"https:\/\/fuentesfidedignas.com.mx\/#website"},"primaryImageOfPage":{"@id":"https:\/\/fuentesfidedignas.com.mx\/index.php\/2024\/06\/14\/mexico-suma-125-muertos-por-calor-en-lo-que-va-de-2024\/#primaryimage"},"image":{"@id":"https:\/\/fuentesfidedignas.com.mx\/index.php\/2024\/06\/14\/mexico-suma-125-muertos-por-calor-en-lo-que-va-de-2024\/#primaryimage"},"thumbnailUrl":"https:\/\/fuentesfidedignas.com.mx\/wp-content\/uploads\/2024\/06\/img_6871-1.jpg","datePublished":"2024-06-14T16:32:31+00:00","breadcrumb":{"@id":"https:\/\/fuentesfidedignas.com.mx\/index.php\/2024\/06\/14\/mexico-suma-125-muertos-por-calor-en-lo-que-va-de-2024\/#breadcrumb"},"inLanguage":"es","potentialAction":[{"@type":"ReadAction","target":["https:\/\/fuentesfidedignas.com.mx\/index.php\/2024\/06\/14\/mexico-suma-125-muertos-por-calor-en-lo-que-va-de-2024\/"]}]},{"@type":"ImageObject","inLanguage":"es","@id":"https:\/\/fuentesfidedignas.com.mx\/index.php\/2024\/06\/14\/mexico-suma-125-muertos-por-calor-en-lo-que-va-de-2024\/#primaryimage","url":"https:\/\/fuentesfidedignas.com.mx\/wp-content\/uploads\/2024\/06\/img_6871-1.jpg","contentUrl":"https:\/\/fuentesfidedignas.com.mx\/wp-content\/uploads\/2024\/06\/img_6871-1.jpg","width":1536,"height":1024},{"@type":"BreadcrumbList","@id":"https:\/\/fuentesfidedignas.com.mx\/index.php\/2024\/06\/14\/mexico-suma-125-muertos-por-calor-en-lo-que-va-de-2024\/#breadcrumb","itemListElement":[{"@type":"ListItem","position":1,"name":"Inicio","item":"https:\/\/fuentesfidedignas.com.mx\/"},{"@type":"ListItem","position":2,"name":"M\u00e9xico suma 125 muertos por calor en lo que va de 2024"}]},{"@type":"WebSite","@id":"https:\/\/fuentesfidedignas.com.mx\/#website","url":"https:\/\/fuentesfidedignas.com.mx\/","name":"Fuentes Fidedignas","description":"Otro sitio realizado con WordPress","publisher":{"@id":"https:\/\/fuentesfidedignas.com.mx\/#organization"},"potentialAction":[{"@type":"SearchAction","target":{"@type":"EntryPoint","urlTemplate":"https:\/\/fuentesfidedignas.com.mx\/?s={search_term_string}"},"query-input":{"@type":"PropertyValueSpecification","valueRequired":true,"valueName":"search_term_string"}}],"inLanguage":"es"},{"@type":"Organization","@id":"https:\/\/fuentesfidedignas.com.mx\/#organization","name":"Fuentes Fidedignas","url":"https:\/\/fuentesfidedignas.com.mx\/","logo":{"@type":"ImageObject","inLanguage":"es","@id":"https:\/\/fuentesfidedignas.com.mx\/#\/schema\/logo\/image\/","url":"https:\/\/fuentesfidedignas.com.mx\/wp-content\/uploads\/2021\/04\/logo-retina.png","contentUrl":"https:\/\/fuentesfidedignas.com.mx\/wp-content\/uploads\/2021\/04\/logo-retina.png","width":280,"height":51,"caption":"Fuentes Fidedignas"},"image":{"@id":"https:\/\/fuentesfidedignas.com.mx\/#\/schema\/logo\/image\/"},"sameAs":["https:\/\/www.facebook.com\/Fuentes-Fidedignas-368234489921644","https:\/\/x.com\/fidedignas"]},{"@type":"Person","@id":"https:\/\/fuentesfidedignas.com.mx\/#\/schema\/person\/67d852f0557c8509146a4b9ddebd543a","name":"L\u00f3pez D\u00f3riga","image":{"@type":"ImageObject","inLanguage":"es","@id":"https:\/\/secure.gravatar.com\/avatar\/e525b06574ca18b33cded59dfe5778d6c823b9513154eff47da551b0551bdd1e?s=96&d=mm&r=g","url":"https:\/\/secure.gravatar.com\/avatar\/e525b06574ca18b33cded59dfe5778d6c823b9513154eff47da551b0551bdd1e?s=96&d=mm&r=g","contentUrl":"https:\/\/secure.gravatar.com\/avatar\/e525b06574ca18b33cded59dfe5778d6c823b9513154eff47da551b0551bdd1e?s=96&d=mm&r=g","caption":"L\u00f3pez D\u00f3riga"},"url":"https:\/\/fuentesfidedignas.com.mx\/index.php\/author\/doriga\/"}]}},"_links":{"self":[{"href":"https:\/\/fuentesfidedignas.com.mx\/index.php\/wp-json\/wp\/v2\/posts\/84101","targetHints":{"allow":["GET"]}}],"collection":[{"href":"https:\/\/fuentesfidedignas.com.mx\/index.php\/wp-json\/wp\/v2\/posts"}],"about":[{"href":"https:\/\/fuentesfidedignas.com.mx\/index.php\/wp-json\/wp\/v2\/types\/post"}],"author":[{"embeddable":true,"href":"https:\/\/fuentesfidedignas.com.mx\/index.php\/wp-json\/wp\/v2\/users\/47"}],"replies":[{"embeddable":true,"href":"https:\/\/fuentesfidedignas.com.mx\/index.php\/wp-json\/wp\/v2\/comments?post=84101"}],"version-history":[{"count":1,"href":"https:\/\/fuentesfidedignas.com.mx\/index.php\/wp-json\/wp\/v2\/posts\/84101\/revisions"}],"predecessor-version":[{"id":84102,"href":"https:\/\/fuentesfidedignas.com.mx\/index.php\/wp-json\/wp\/v2\/posts\/84101\/revisions\/84102"}],"wp:featuredmedia":[{"embeddable":true,"href":"https:\/\/fuentesfidedignas.com.mx\/index.php\/wp-json\/wp\/v2\/media\/84100"}],"wp:attachment":[{"href":"https:\/\/fuentesfidedignas.com.mx\/index.php\/wp-json\/wp\/v2\/media?parent=84101"}],"wp:term":[{"taxonomy":"category","embeddable":true,"href":"https:\/\/fuentesfidedignas.com.mx\/index.php\/wp-json\/wp\/v2\/categories?post=84101"},{"taxonomy":"post_tag","embeddable":true,"href":"https:\/\/fuentesfidedignas.com.mx\/index.php\/wp-json\/wp\/v2\/tags?post=84101"}],"curies":[{"name":"wp","href":"https:\/\/api.w.org\/{rel}","templated":true}]}}