{"id":84073,"date":"2024-06-14T06:16:49","date_gmt":"2024-06-14T13:16:49","guid":{"rendered":"https:\/\/fuentesfidedignas.com.mx\/?p=84073"},"modified":"2024-06-14T06:19:02","modified_gmt":"2024-06-14T13:19:02","slug":"balean-oficinas-del-diario-digital-adiscusion-en-culiacan","status":"publish","type":"post","link":"https:\/\/fuentesfidedignas.com.mx\/index.php\/2024\/06\/14\/balean-oficinas-del-diario-digital-adiscusion-en-culiacan\/","title":{"rendered":"Balean oficinas del diario digital Adiscusi\u00f3n en Culiac\u00e1n"},"content":{"rendered":"\n<p><strong><em>Un par de sujetos atacaron a balazos las oficinas del medio de comunicaci\u00f3n;  no hay reporte de heridos<\/em><\/strong><\/p>\n\n\n\n<p>Culiac\u00e1n, Sin.- Un par de sujetos atacaron a balazos las oficinas del diario digital Adiscusi\u00f3n Diario, en Culiac\u00e1n. Los disparos quedaron marcados en la fachada del inmueble, ubicado en la calle Crist\u00f3bal Col\u00f3n y avenida Donato Guerra.<\/p>\n\n\n\n<p>De acuerdo con los primeros reportes, dos sujetos que viajaban en una motocicleta dispararon en al menos 5 ocasiones, con una pistola calibre 9 mm.<\/p>\n\n\n\n<p>En el interior de las oficinas del diario digital s\u00f3lo se encontraba una persona, quien afortunadamente sali\u00f3 ilesa.<\/p>\n\n\n\n<p>Hasta el momento, no hay reportes de personas heridas o detenidas por este hecho; sin embargo, las autoridades iniciaron una investigaci\u00f3n para identificar y capturar a los agresores.<\/p>\n\n\n\n<p>En el sitio, se han encontrado casquillos de bala, lo que funcionar\u00e1 como evidencia para el desarrollo de las investigaciones.<\/p>\n\n\n\n<p>El medio de comunicaci\u00f3n pidi\u00f3 a las autoridades que se refuercen las medidas de seguridad y que se garantice la protecci\u00f3n en la regi\u00f3n.<\/p>\n\n\n\n<p>&#8220;Adiscusi\u00f3n condena esta agresi\u00f3n y demanda de las autoridades un pronto esclarecimiento de este hecho que consterna y preocupa&#8221;, se\u00f1al\u00f3.<\/p>\n\n\n\n<p>De acuerdo con los trabajadores, el medio de comunicaci\u00f3n no recibi\u00f3 ninguna amenaza por la cual preocuparse.<\/p>\n\n\n\n<p>Cabe recordar que el fundador del portal informativo, Humberto Mill\u00e1n Salazar, fue levantado en agosto de 2011, cuando sal\u00eda de su casa en Culiac\u00e1n, Sinaloa, para posteriormente ser asesinado.<\/p>\n","protected":false},"excerpt":{"rendered":"<p>Un par de sujetos atacaron a balazos las oficinas del medio de comunicaci\u00f3n; no hay reporte de heridos Culiac\u00e1n, Sin.- Un par de sujetos atacaron a balazos las oficinas del diario digital Adiscusi\u00f3n Diario, en Culiac\u00e1n. Los disparos quedaron marcados en la fachada del inmueble, ubicado en la calle Crist\u00f3bal Col\u00f3n y avenida Donato Guerra. [&hellip;]<\/p>\n","protected":false},"author":25,"featured_media":84074,"comment_status":"open","ping_status":"open","sticky":false,"template":"","format":"standard","meta":{"tdm_status":"","tdm_grid_status":"","footnotes":""},"categories":[37],"tags":[],"class_list":{"0":"post-84073","1":"post","2":"type-post","3":"status-publish","4":"format-standard","5":"has-post-thumbnail","7":"category-nota-principal"},"yoast_head":"<!-- This site is optimized with the Yoast SEO plugin v27.4 - https:\/\/yoast.com\/product\/yoast-seo-wordpress\/ -->\n<title>Balean oficinas del diario digital Adiscusi\u00f3n en Culiac\u00e1n - Fuentes Fidedignas<\/title>\n<meta name=\"robots\" content=\"index, follow, max-snippet:-1, max-image-preview:large, max-video-preview:-1\" \/>\n<link rel=\"canonical\" href=\"https:\/\/fuentesfidedignas.com.mx\/index.php\/2024\/06\/14\/balean-oficinas-del-diario-digital-adiscusion-en-culiacan\/\" \/>\n<meta property=\"og:locale\" content=\"es_MX\" \/>\n<meta property=\"og:type\" content=\"article\" \/>\n<meta property=\"og:title\" content=\"Balean oficinas del diario digital Adiscusi\u00f3n en Culiac\u00e1n - Fuentes Fidedignas\" \/>\n<meta property=\"og:description\" content=\"Un par de sujetos atacaron a balazos las oficinas del medio de comunicaci\u00f3n; no hay reporte de heridos Culiac\u00e1n, Sin.- Un par de sujetos atacaron a balazos las oficinas del diario digital Adiscusi\u00f3n Diario, en Culiac\u00e1n. Los disparos quedaron marcados en la fachada del inmueble, ubicado en la calle Crist\u00f3bal Col\u00f3n y avenida Donato Guerra. [&hellip;]\" \/>\n<meta property=\"og:url\" content=\"https:\/\/fuentesfidedignas.com.mx\/index.php\/2024\/06\/14\/balean-oficinas-del-diario-digital-adiscusion-en-culiacan\/\" \/>\n<meta property=\"og:site_name\" content=\"Fuentes Fidedignas\" \/>\n<meta property=\"article:publisher\" content=\"https:\/\/www.facebook.com\/Fuentes-Fidedignas-368234489921644\" \/>\n<meta property=\"article:published_time\" content=\"2024-06-14T13:16:49+00:00\" \/>\n<meta property=\"article:modified_time\" content=\"2024-06-14T13:19:02+00:00\" \/>\n<meta property=\"og:image\" content=\"https:\/\/fuentesfidedignas.com.mx\/wp-content\/uploads\/2024\/06\/balacera-diario.jpg\" \/>\n\t<meta property=\"og:image:width\" content=\"650\" \/>\n\t<meta property=\"og:image:height\" content=\"380\" \/>\n\t<meta property=\"og:image:type\" content=\"image\/jpeg\" \/>\n<meta name=\"author\" content=\"La Raz\u00f3n\" \/>\n<meta name=\"twitter:card\" content=\"summary_large_image\" \/>\n<meta name=\"twitter:creator\" content=\"@fidedignas\" \/>\n<meta name=\"twitter:site\" content=\"@fidedignas\" \/>\n<meta name=\"twitter:label1\" content=\"Escrito por\" \/>\n\t<meta name=\"twitter:data1\" content=\"La Raz\u00f3n\" \/>\n\t<meta name=\"twitter:label2\" content=\"Tiempo de lectura\" \/>\n\t<meta name=\"twitter:data2\" content=\"2 minutos\" \/>\n<script type=\"application\/ld+json\" class=\"yoast-schema-graph\">{\"@context\":\"https:\\\/\\\/schema.org\",\"@graph\":[{\"@type\":\"Article\",\"@id\":\"https:\\\/\\\/fuentesfidedignas.com.mx\\\/index.php\\\/2024\\\/06\\\/14\\\/balean-oficinas-del-diario-digital-adiscusion-en-culiacan\\\/#article\",\"isPartOf\":{\"@id\":\"https:\\\/\\\/fuentesfidedignas.com.mx\\\/index.php\\\/2024\\\/06\\\/14\\\/balean-oficinas-del-diario-digital-adiscusion-en-culiacan\\\/\"},\"author\":{\"name\":\"La Raz\u00f3n\",\"@id\":\"https:\\\/\\\/fuentesfidedignas.com.mx\\\/#\\\/schema\\\/person\\\/336e23b7ae092065e7d5ebf261d686cc\"},\"headline\":\"Balean oficinas del diario digital Adiscusi\u00f3n en Culiac\u00e1n\",\"datePublished\":\"2024-06-14T13:16:49+00:00\",\"dateModified\":\"2024-06-14T13:19:02+00:00\",\"mainEntityOfPage\":{\"@id\":\"https:\\\/\\\/fuentesfidedignas.com.mx\\\/index.php\\\/2024\\\/06\\\/14\\\/balean-oficinas-del-diario-digital-adiscusion-en-culiacan\\\/\"},\"wordCount\":262,\"commentCount\":0,\"publisher\":{\"@id\":\"https:\\\/\\\/fuentesfidedignas.com.mx\\\/#organization\"},\"image\":{\"@id\":\"https:\\\/\\\/fuentesfidedignas.com.mx\\\/index.php\\\/2024\\\/06\\\/14\\\/balean-oficinas-del-diario-digital-adiscusion-en-culiacan\\\/#primaryimage\"},\"thumbnailUrl\":\"https:\\\/\\\/fuentesfidedignas.com.mx\\\/wp-content\\\/uploads\\\/2024\\\/06\\\/balacera-diario.jpg\",\"articleSection\":[\"NOTA PRINCIPAL\"],\"inLanguage\":\"es\",\"potentialAction\":[{\"@type\":\"CommentAction\",\"name\":\"Comment\",\"target\":[\"https:\\\/\\\/fuentesfidedignas.com.mx\\\/index.php\\\/2024\\\/06\\\/14\\\/balean-oficinas-del-diario-digital-adiscusion-en-culiacan\\\/#respond\"]}]},{\"@type\":\"WebPage\",\"@id\":\"https:\\\/\\\/fuentesfidedignas.com.mx\\\/index.php\\\/2024\\\/06\\\/14\\\/balean-oficinas-del-diario-digital-adiscusion-en-culiacan\\\/\",\"url\":\"https:\\\/\\\/fuentesfidedignas.com.mx\\\/index.php\\\/2024\\\/06\\\/14\\\/balean-oficinas-del-diario-digital-adiscusion-en-culiacan\\\/\",\"name\":\"Balean oficinas del diario digital Adiscusi\u00f3n en Culiac\u00e1n - Fuentes Fidedignas\",\"isPartOf\":{\"@id\":\"https:\\\/\\\/fuentesfidedignas.com.mx\\\/#website\"},\"primaryImageOfPage\":{\"@id\":\"https:\\\/\\\/fuentesfidedignas.com.mx\\\/index.php\\\/2024\\\/06\\\/14\\\/balean-oficinas-del-diario-digital-adiscusion-en-culiacan\\\/#primaryimage\"},\"image\":{\"@id\":\"https:\\\/\\\/fuentesfidedignas.com.mx\\\/index.php\\\/2024\\\/06\\\/14\\\/balean-oficinas-del-diario-digital-adiscusion-en-culiacan\\\/#primaryimage\"},\"thumbnailUrl\":\"https:\\\/\\\/fuentesfidedignas.com.mx\\\/wp-content\\\/uploads\\\/2024\\\/06\\\/balacera-diario.jpg\",\"datePublished\":\"2024-06-14T13:16:49+00:00\",\"dateModified\":\"2024-06-14T13:19:02+00:00\",\"breadcrumb\":{\"@id\":\"https:\\\/\\\/fuentesfidedignas.com.mx\\\/index.php\\\/2024\\\/06\\\/14\\\/balean-oficinas-del-diario-digital-adiscusion-en-culiacan\\\/#breadcrumb\"},\"inLanguage\":\"es\",\"potentialAction\":[{\"@type\":\"ReadAction\",\"target\":[\"https:\\\/\\\/fuentesfidedignas.com.mx\\\/index.php\\\/2024\\\/06\\\/14\\\/balean-oficinas-del-diario-digital-adiscusion-en-culiacan\\\/\"]}]},{\"@type\":\"ImageObject\",\"inLanguage\":\"es\",\"@id\":\"https:\\\/\\\/fuentesfidedignas.com.mx\\\/index.php\\\/2024\\\/06\\\/14\\\/balean-oficinas-del-diario-digital-adiscusion-en-culiacan\\\/#primaryimage\",\"url\":\"https:\\\/\\\/fuentesfidedignas.com.mx\\\/wp-content\\\/uploads\\\/2024\\\/06\\\/balacera-diario.jpg\",\"contentUrl\":\"https:\\\/\\\/fuentesfidedignas.com.mx\\\/wp-content\\\/uploads\\\/2024\\\/06\\\/balacera-diario.jpg\",\"width\":650,\"height\":380},{\"@type\":\"BreadcrumbList\",\"@id\":\"https:\\\/\\\/fuentesfidedignas.com.mx\\\/index.php\\\/2024\\\/06\\\/14\\\/balean-oficinas-del-diario-digital-adiscusion-en-culiacan\\\/#breadcrumb\",\"itemListElement\":[{\"@type\":\"ListItem\",\"position\":1,\"name\":\"Inicio\",\"item\":\"https:\\\/\\\/fuentesfidedignas.com.mx\\\/\"},{\"@type\":\"ListItem\",\"position\":2,\"name\":\"Balean oficinas del diario digital Adiscusi\u00f3n en Culiac\u00e1n\"}]},{\"@type\":\"WebSite\",\"@id\":\"https:\\\/\\\/fuentesfidedignas.com.mx\\\/#website\",\"url\":\"https:\\\/\\\/fuentesfidedignas.com.mx\\\/\",\"name\":\"Fuentes Fidedignas\",\"description\":\"Otro sitio realizado con WordPress\",\"publisher\":{\"@id\":\"https:\\\/\\\/fuentesfidedignas.com.mx\\\/#organization\"},\"potentialAction\":[{\"@type\":\"SearchAction\",\"target\":{\"@type\":\"EntryPoint\",\"urlTemplate\":\"https:\\\/\\\/fuentesfidedignas.com.mx\\\/?s={search_term_string}\"},\"query-input\":{\"@type\":\"PropertyValueSpecification\",\"valueRequired\":true,\"valueName\":\"search_term_string\"}}],\"inLanguage\":\"es\"},{\"@type\":\"Organization\",\"@id\":\"https:\\\/\\\/fuentesfidedignas.com.mx\\\/#organization\",\"name\":\"Fuentes Fidedignas\",\"url\":\"https:\\\/\\\/fuentesfidedignas.com.mx\\\/\",\"logo\":{\"@type\":\"ImageObject\",\"inLanguage\":\"es\",\"@id\":\"https:\\\/\\\/fuentesfidedignas.com.mx\\\/#\\\/schema\\\/logo\\\/image\\\/\",\"url\":\"https:\\\/\\\/fuentesfidedignas.com.mx\\\/wp-content\\\/uploads\\\/2021\\\/04\\\/logo-retina.png\",\"contentUrl\":\"https:\\\/\\\/fuentesfidedignas.com.mx\\\/wp-content\\\/uploads\\\/2021\\\/04\\\/logo-retina.png\",\"width\":280,\"height\":51,\"caption\":\"Fuentes Fidedignas\"},\"image\":{\"@id\":\"https:\\\/\\\/fuentesfidedignas.com.mx\\\/#\\\/schema\\\/logo\\\/image\\\/\"},\"sameAs\":[\"https:\\\/\\\/www.facebook.com\\\/Fuentes-Fidedignas-368234489921644\",\"https:\\\/\\\/x.com\\\/fidedignas\"]},{\"@type\":\"Person\",\"@id\":\"https:\\\/\\\/fuentesfidedignas.com.mx\\\/#\\\/schema\\\/person\\\/336e23b7ae092065e7d5ebf261d686cc\",\"name\":\"La Raz\u00f3n\",\"image\":{\"@type\":\"ImageObject\",\"inLanguage\":\"es\",\"@id\":\"https:\\\/\\\/secure.gravatar.com\\\/avatar\\\/81a15590f2cf701e79023d487a329c2c74fbeaaa18f2f7af207ad5fa2350fd1e?s=96&d=mm&r=g\",\"url\":\"https:\\\/\\\/secure.gravatar.com\\\/avatar\\\/81a15590f2cf701e79023d487a329c2c74fbeaaa18f2f7af207ad5fa2350fd1e?s=96&d=mm&r=g\",\"contentUrl\":\"https:\\\/\\\/secure.gravatar.com\\\/avatar\\\/81a15590f2cf701e79023d487a329c2c74fbeaaa18f2f7af207ad5fa2350fd1e?s=96&d=mm&r=g\",\"caption\":\"La Raz\u00f3n\"},\"url\":\"https:\\\/\\\/fuentesfidedignas.com.mx\\\/index.php\\\/author\\\/razon\\\/\"}]}<\/script>\n<!-- \/ Yoast SEO plugin. -->","yoast_head_json":{"title":"Balean oficinas del diario digital Adiscusi\u00f3n en Culiac\u00e1n - Fuentes Fidedignas","robots":{"index":"index","follow":"follow","max-snippet":"max-snippet:-1","max-image-preview":"max-image-preview:large","max-video-preview":"max-video-preview:-1"},"canonical":"https:\/\/fuentesfidedignas.com.mx\/index.php\/2024\/06\/14\/balean-oficinas-del-diario-digital-adiscusion-en-culiacan\/","og_locale":"es_MX","og_type":"article","og_title":"Balean oficinas del diario digital Adiscusi\u00f3n en Culiac\u00e1n - Fuentes Fidedignas","og_description":"Un par de sujetos atacaron a balazos las oficinas del medio de comunicaci\u00f3n; no hay reporte de heridos Culiac\u00e1n, Sin.- Un par de sujetos atacaron a balazos las oficinas del diario digital Adiscusi\u00f3n Diario, en Culiac\u00e1n. Los disparos quedaron marcados en la fachada del inmueble, ubicado en la calle Crist\u00f3bal Col\u00f3n y avenida Donato Guerra. [&hellip;]","og_url":"https:\/\/fuentesfidedignas.com.mx\/index.php\/2024\/06\/14\/balean-oficinas-del-diario-digital-adiscusion-en-culiacan\/","og_site_name":"Fuentes Fidedignas","article_publisher":"https:\/\/www.facebook.com\/Fuentes-Fidedignas-368234489921644","article_published_time":"2024-06-14T13:16:49+00:00","article_modified_time":"2024-06-14T13:19:02+00:00","og_image":[{"width":650,"height":380,"url":"https:\/\/fuentesfidedignas.com.mx\/wp-content\/uploads\/2024\/06\/balacera-diario.jpg","type":"image\/jpeg"}],"author":"La Raz\u00f3n","twitter_card":"summary_large_image","twitter_creator":"@fidedignas","twitter_site":"@fidedignas","twitter_misc":{"Escrito por":"La Raz\u00f3n","Tiempo de lectura":"2 minutos"},"schema":{"@context":"https:\/\/schema.org","@graph":[{"@type":"Article","@id":"https:\/\/fuentesfidedignas.com.mx\/index.php\/2024\/06\/14\/balean-oficinas-del-diario-digital-adiscusion-en-culiacan\/#article","isPartOf":{"@id":"https:\/\/fuentesfidedignas.com.mx\/index.php\/2024\/06\/14\/balean-oficinas-del-diario-digital-adiscusion-en-culiacan\/"},"author":{"name":"La Raz\u00f3n","@id":"https:\/\/fuentesfidedignas.com.mx\/#\/schema\/person\/336e23b7ae092065e7d5ebf261d686cc"},"headline":"Balean oficinas del diario digital Adiscusi\u00f3n en Culiac\u00e1n","datePublished":"2024-06-14T13:16:49+00:00","dateModified":"2024-06-14T13:19:02+00:00","mainEntityOfPage":{"@id":"https:\/\/fuentesfidedignas.com.mx\/index.php\/2024\/06\/14\/balean-oficinas-del-diario-digital-adiscusion-en-culiacan\/"},"wordCount":262,"commentCount":0,"publisher":{"@id":"https:\/\/fuentesfidedignas.com.mx\/#organization"},"image":{"@id":"https:\/\/fuentesfidedignas.com.mx\/index.php\/2024\/06\/14\/balean-oficinas-del-diario-digital-adiscusion-en-culiacan\/#primaryimage"},"thumbnailUrl":"https:\/\/fuentesfidedignas.com.mx\/wp-content\/uploads\/2024\/06\/balacera-diario.jpg","articleSection":["NOTA PRINCIPAL"],"inLanguage":"es","potentialAction":[{"@type":"CommentAction","name":"Comment","target":["https:\/\/fuentesfidedignas.com.mx\/index.php\/2024\/06\/14\/balean-oficinas-del-diario-digital-adiscusion-en-culiacan\/#respond"]}]},{"@type":"WebPage","@id":"https:\/\/fuentesfidedignas.com.mx\/index.php\/2024\/06\/14\/balean-oficinas-del-diario-digital-adiscusion-en-culiacan\/","url":"https:\/\/fuentesfidedignas.com.mx\/index.php\/2024\/06\/14\/balean-oficinas-del-diario-digital-adiscusion-en-culiacan\/","name":"Balean oficinas del diario digital Adiscusi\u00f3n en Culiac\u00e1n - Fuentes Fidedignas","isPartOf":{"@id":"https:\/\/fuentesfidedignas.com.mx\/#website"},"primaryImageOfPage":{"@id":"https:\/\/fuentesfidedignas.com.mx\/index.php\/2024\/06\/14\/balean-oficinas-del-diario-digital-adiscusion-en-culiacan\/#primaryimage"},"image":{"@id":"https:\/\/fuentesfidedignas.com.mx\/index.php\/2024\/06\/14\/balean-oficinas-del-diario-digital-adiscusion-en-culiacan\/#primaryimage"},"thumbnailUrl":"https:\/\/fuentesfidedignas.com.mx\/wp-content\/uploads\/2024\/06\/balacera-diario.jpg","datePublished":"2024-06-14T13:16:49+00:00","dateModified":"2024-06-14T13:19:02+00:00","breadcrumb":{"@id":"https:\/\/fuentesfidedignas.com.mx\/index.php\/2024\/06\/14\/balean-oficinas-del-diario-digital-adiscusion-en-culiacan\/#breadcrumb"},"inLanguage":"es","potentialAction":[{"@type":"ReadAction","target":["https:\/\/fuentesfidedignas.com.mx\/index.php\/2024\/06\/14\/balean-oficinas-del-diario-digital-adiscusion-en-culiacan\/"]}]},{"@type":"ImageObject","inLanguage":"es","@id":"https:\/\/fuentesfidedignas.com.mx\/index.php\/2024\/06\/14\/balean-oficinas-del-diario-digital-adiscusion-en-culiacan\/#primaryimage","url":"https:\/\/fuentesfidedignas.com.mx\/wp-content\/uploads\/2024\/06\/balacera-diario.jpg","contentUrl":"https:\/\/fuentesfidedignas.com.mx\/wp-content\/uploads\/2024\/06\/balacera-diario.jpg","width":650,"height":380},{"@type":"BreadcrumbList","@id":"https:\/\/fuentesfidedignas.com.mx\/index.php\/2024\/06\/14\/balean-oficinas-del-diario-digital-adiscusion-en-culiacan\/#breadcrumb","itemListElement":[{"@type":"ListItem","position":1,"name":"Inicio","item":"https:\/\/fuentesfidedignas.com.mx\/"},{"@type":"ListItem","position":2,"name":"Balean oficinas del diario digital Adiscusi\u00f3n en Culiac\u00e1n"}]},{"@type":"WebSite","@id":"https:\/\/fuentesfidedignas.com.mx\/#website","url":"https:\/\/fuentesfidedignas.com.mx\/","name":"Fuentes Fidedignas","description":"Otro sitio realizado con WordPress","publisher":{"@id":"https:\/\/fuentesfidedignas.com.mx\/#organization"},"potentialAction":[{"@type":"SearchAction","target":{"@type":"EntryPoint","urlTemplate":"https:\/\/fuentesfidedignas.com.mx\/?s={search_term_string}"},"query-input":{"@type":"PropertyValueSpecification","valueRequired":true,"valueName":"search_term_string"}}],"inLanguage":"es"},{"@type":"Organization","@id":"https:\/\/fuentesfidedignas.com.mx\/#organization","name":"Fuentes Fidedignas","url":"https:\/\/fuentesfidedignas.com.mx\/","logo":{"@type":"ImageObject","inLanguage":"es","@id":"https:\/\/fuentesfidedignas.com.mx\/#\/schema\/logo\/image\/","url":"https:\/\/fuentesfidedignas.com.mx\/wp-content\/uploads\/2021\/04\/logo-retina.png","contentUrl":"https:\/\/fuentesfidedignas.com.mx\/wp-content\/uploads\/2021\/04\/logo-retina.png","width":280,"height":51,"caption":"Fuentes Fidedignas"},"image":{"@id":"https:\/\/fuentesfidedignas.com.mx\/#\/schema\/logo\/image\/"},"sameAs":["https:\/\/www.facebook.com\/Fuentes-Fidedignas-368234489921644","https:\/\/x.com\/fidedignas"]},{"@type":"Person","@id":"https:\/\/fuentesfidedignas.com.mx\/#\/schema\/person\/336e23b7ae092065e7d5ebf261d686cc","name":"La Raz\u00f3n","image":{"@type":"ImageObject","inLanguage":"es","@id":"https:\/\/secure.gravatar.com\/avatar\/81a15590f2cf701e79023d487a329c2c74fbeaaa18f2f7af207ad5fa2350fd1e?s=96&d=mm&r=g","url":"https:\/\/secure.gravatar.com\/avatar\/81a15590f2cf701e79023d487a329c2c74fbeaaa18f2f7af207ad5fa2350fd1e?s=96&d=mm&r=g","contentUrl":"https:\/\/secure.gravatar.com\/avatar\/81a15590f2cf701e79023d487a329c2c74fbeaaa18f2f7af207ad5fa2350fd1e?s=96&d=mm&r=g","caption":"La Raz\u00f3n"},"url":"https:\/\/fuentesfidedignas.com.mx\/index.php\/author\/razon\/"}]}},"_links":{"self":[{"href":"https:\/\/fuentesfidedignas.com.mx\/index.php\/wp-json\/wp\/v2\/posts\/84073","targetHints":{"allow":["GET"]}}],"collection":[{"href":"https:\/\/fuentesfidedignas.com.mx\/index.php\/wp-json\/wp\/v2\/posts"}],"about":[{"href":"https:\/\/fuentesfidedignas.com.mx\/index.php\/wp-json\/wp\/v2\/types\/post"}],"author":[{"embeddable":true,"href":"https:\/\/fuentesfidedignas.com.mx\/index.php\/wp-json\/wp\/v2\/users\/25"}],"replies":[{"embeddable":true,"href":"https:\/\/fuentesfidedignas.com.mx\/index.php\/wp-json\/wp\/v2\/comments?post=84073"}],"version-history":[{"count":3,"href":"https:\/\/fuentesfidedignas.com.mx\/index.php\/wp-json\/wp\/v2\/posts\/84073\/revisions"}],"predecessor-version":[{"id":84077,"href":"https:\/\/fuentesfidedignas.com.mx\/index.php\/wp-json\/wp\/v2\/posts\/84073\/revisions\/84077"}],"wp:featuredmedia":[{"embeddable":true,"href":"https:\/\/fuentesfidedignas.com.mx\/index.php\/wp-json\/wp\/v2\/media\/84074"}],"wp:attachment":[{"href":"https:\/\/fuentesfidedignas.com.mx\/index.php\/wp-json\/wp\/v2\/media?parent=84073"}],"wp:term":[{"taxonomy":"category","embeddable":true,"href":"https:\/\/fuentesfidedignas.com.mx\/index.php\/wp-json\/wp\/v2\/categories?post=84073"},{"taxonomy":"post_tag","embeddable":true,"href":"https:\/\/fuentesfidedignas.com.mx\/index.php\/wp-json\/wp\/v2\/tags?post=84073"}],"curies":[{"name":"wp","href":"https:\/\/api.w.org\/{rel}","templated":true}]}}