{"id":84033,"date":"2024-06-13T17:12:33","date_gmt":"2024-06-14T00:12:33","guid":{"rendered":"https:\/\/fuentesfidedignas.com.mx\/?p=84033"},"modified":"2024-06-13T17:12:33","modified_gmt":"2024-06-14T00:12:33","slug":"sonora-y-sinaloa-sufren-ola-de-calor-con-temperaturas-similares-a-argelia-y-emiratos-arabes","status":"publish","type":"post","link":"https:\/\/fuentesfidedignas.com.mx\/index.php\/2024\/06\/13\/sonora-y-sinaloa-sufren-ola-de-calor-con-temperaturas-similares-a-argelia-y-emiratos-arabes\/","title":{"rendered":"Sonora y Sinaloa sufren ola de calor con temperaturas similares a Argelia y Emiratos \u00c1rabes"},"content":{"rendered":"\n<p><strong><em>Juan Espinoza Luna, geof\u00edsico sinaloense, alert\u00f3 sobre los riesgos para la salud derivados de estas condiciones extremas, enfatizando la necesidad de medidas preventivas ante los golpes de calor.<\/em><\/strong><\/p>\n\n\n\n<p>Las temperaturas extremas registradas en Sinaloa y Sonora alcanzaron niveles comparables a los del desierto de Argelia y los Emiratos \u00c1rabes Unidos, de acuerdo con el geof\u00edsico sinaloense Juan Espinoza Luna.\u00a0<\/p>\n\n\n\n<p>Hoy, el desierto de Argelia y los Emiratos \u00c1rabes Unidos han reportado temperaturas de 50 grados. Sorprendentemente, algunas zonas de Sonora y Sinaloa est\u00e1n experimentando condiciones similares.&nbsp;<\/p>\n\n\n\n<p><strong>Temperaturas de hasta 50 grados en Sonora<\/strong><br>En Ures, Sonora, se registr\u00f3 una temperatura de 50 grados con una sensaci\u00f3n t\u00e9rmica que alcanz\u00f3 los 54.\u00a0<\/p>\n\n\n\n<p>En el centro de Sonora, se midieron 46 grados a la sombra, con una sensaci\u00f3n t\u00e9rmica de 50 grados, lo que hace casi inhabitable estas \u00e1reas durante las horas pico del d\u00eda.<\/p>\n\n\n\n<p>Juan Espinoza Luna&nbsp;exhort\u00f3 a la poblaci\u00f3n a tomar medidas extremas de precauci\u00f3n para evitar golpes de calor y otras complicaciones de salud.&nbsp;<\/p>\n\n\n\n<p>El geof\u00edsico subray\u00f3 que estas temperaturas extremas son un recordatorio de los efectos del cambio clim\u00e1tico y la necesidad de adaptarse a nuevas realidades clim\u00e1ticas.&nbsp;<\/p>\n\n\n\n<p>Enfrentando lo que \u00e9l describe como un Mega Tsunami de Calor, asegur\u00f3 que es crucial que la comunidad y las autoridades trabajen conjuntamente para mitigar los riesgos y proteger a la poblaci\u00f3n.<\/p>\n\n\n\n<p>Por otra parte, ayer, tres municipios de Sonora rompieron r\u00e9cords al alcanzar temperaturas de hasta 48 grados cent\u00edgrados. Ciudad Obreg\u00f3n, Navojoa y Empalme registraron 48, 45 y 45.5 grados respectivamente.<\/p>\n\n\n\n<p><strong>Rompe Sinaloa r\u00e9cord de calor<\/strong><br>En Sinaloa, las condiciones no son menos severas.<\/p>\n\n\n\n<p>En Choix, la temperatura alcanz\u00f3 los 46 grados con una sensaci\u00f3n t\u00e9rmica de 49 grados.&nbsp;<\/p>\n\n\n\n<p>Sinaloa de Leyva registr\u00f3 44 grados, con una sensaci\u00f3n t\u00e9rmica de 49, poniendo en riesgo la salud y el bienestar de los habitantes.<\/p>\n\n\n\n<p>Hermosillo alcanz\u00f3 su cifra m\u00e1xima hist\u00f3rica de temperatura en el d\u00eda m\u00e1s caluroso de 2024, seg\u00fan el observatorio meteorol\u00f3gico de la Comisi\u00f3n Nacional del Agua (Conagua).<\/p>\n\n\n\n<p>A mediod\u00eda de este mi\u00e9rcoles, los term\u00f3metros marcaron 49.5 grados cent\u00edgrados.<\/p>\n\n\n\n<p>\u201cSe ha roto el r\u00e9cord de temperatura m\u00e1xima para un d\u00eda 12 de junio y se ha empatado el r\u00e9cord absoluto de temperaturas m\u00e1ximas en la ciudad de Hermosillo\u201d.<br>\u201cNos quedamos a medio grado de alcanzar los 50 grados por primera vez en el observatorio meteorol\u00f3gico de Hermosillo\u201d, inform\u00f3 la Conagua.<\/p>\n\n\n\n<p>Gilberto Lagarda V\u00e1zquez, especialista t\u00e9cnico de la Conagua, aclar\u00f3 que los valores meteorol\u00f3gicos presentados fueron la cifra m\u00e1xima para un 11 de junio, aunque la temperatura r\u00e9cord para un mes de junio es de 49 grados desde 2023.<\/p>\n\n\n\n<p>Las altas temperaturas se deben a un sistema anticicl\u00f3nico que afecta principalmente al centro y sur de la entidad y se espera que pierda efectividad este pr\u00f3ximo viernes.<\/p>\n\n\n\n<p><strong>Eventos humanitarios contra la sequ\u00eda en Sinaloa<\/strong><br>El mismo d\u00eda, el gobernador de Sinaloa, Rub\u00e9n Rocha Moya, acompa\u00f1ado de la presidenta del Sistema DIF Eneyda Rocha Ruiz y funcionarios estatales, dio inicio al Aquat\u00f3n 2024.\u00a0<\/p>\n\n\n\n<p>Este evento busca superar los 792 mil litros recolectados el a\u00f1o anterior y est\u00e1 destinado a mitigar la sequ\u00eda que afecta varias comunidades de Sinaloa.<\/p>\n\n\n\n<p>El ejecutivo estatal destac\u00f3 que el gobierno est\u00e1 abordando activamente la sequ\u00eda en el estado. En colaboraci\u00f3n con Sebides y CEAPAS, se han entregado 10 millones de litros de agua a comunidades de 13 municipios del altiplano.&nbsp;<\/p>\n\n\n\n<p>Adem\u00e1s, se est\u00e1n inspeccionando obras de agua y represas en los municipios y comunidades para asegurar que el tema del agua se mantenga como una prioridad.<\/p>\n","protected":false},"excerpt":{"rendered":"<p>Juan Espinoza Luna, geof\u00edsico sinaloense, alert\u00f3 sobre los riesgos para la salud derivados de estas condiciones extremas, enfatizando la necesidad de medidas preventivas ante los golpes de calor. Las temperaturas extremas registradas en Sinaloa y Sonora alcanzaron niveles comparables a los del desierto de Argelia y los Emiratos \u00c1rabes Unidos, de acuerdo con el geof\u00edsico [&hellip;]<\/p>\n","protected":false},"author":9,"featured_media":44527,"comment_status":"open","ping_status":"open","sticky":false,"template":"","format":"standard","meta":{"tdm_status":"","tdm_grid_status":"","footnotes":""},"categories":[37],"tags":[],"class_list":{"0":"post-84033","1":"post","2":"type-post","3":"status-publish","4":"format-standard","5":"has-post-thumbnail","7":"category-nota-principal"},"yoast_head":"<!-- This site is optimized with the Yoast SEO plugin v27.5 - https:\/\/yoast.com\/product\/yoast-seo-wordpress\/ -->\n<title>Sonora y Sinaloa sufren ola de calor con temperaturas similares a Argelia y Emiratos \u00c1rabes - Fuentes Fidedignas<\/title>\n<meta name=\"robots\" content=\"index, follow, max-snippet:-1, max-image-preview:large, max-video-preview:-1\" \/>\n<link rel=\"canonical\" href=\"https:\/\/fuentesfidedignas.com.mx\/index.php\/2024\/06\/13\/sonora-y-sinaloa-sufren-ola-de-calor-con-temperaturas-similares-a-argelia-y-emiratos-arabes\/\" \/>\n<meta property=\"og:locale\" content=\"es_MX\" \/>\n<meta property=\"og:type\" content=\"article\" \/>\n<meta property=\"og:title\" content=\"Sonora y Sinaloa sufren ola de calor con temperaturas similares a Argelia y Emiratos \u00c1rabes - Fuentes Fidedignas\" \/>\n<meta property=\"og:description\" content=\"Juan Espinoza Luna, geof\u00edsico sinaloense, alert\u00f3 sobre los riesgos para la salud derivados de estas condiciones extremas, enfatizando la necesidad de medidas preventivas ante los golpes de calor. Las temperaturas extremas registradas en Sinaloa y Sonora alcanzaron niveles comparables a los del desierto de Argelia y los Emiratos \u00c1rabes Unidos, de acuerdo con el geof\u00edsico [&hellip;]\" \/>\n<meta property=\"og:url\" content=\"https:\/\/fuentesfidedignas.com.mx\/index.php\/2024\/06\/13\/sonora-y-sinaloa-sufren-ola-de-calor-con-temperaturas-similares-a-argelia-y-emiratos-arabes\/\" \/>\n<meta property=\"og:site_name\" content=\"Fuentes Fidedignas\" \/>\n<meta property=\"article:publisher\" content=\"https:\/\/www.facebook.com\/Fuentes-Fidedignas-368234489921644\" \/>\n<meta property=\"article:published_time\" content=\"2024-06-14T00:12:33+00:00\" \/>\n<meta property=\"og:image\" content=\"https:\/\/fuentesfidedignas.com.mx\/wp-content\/uploads\/2023\/04\/calor-en-cdmx-joven.jpg\" \/>\n\t<meta property=\"og:image:width\" content=\"1024\" \/>\n\t<meta property=\"og:image:height\" content=\"767\" \/>\n\t<meta property=\"og:image:type\" content=\"image\/jpeg\" \/>\n<meta name=\"author\" content=\"Milenio\" \/>\n<meta name=\"twitter:card\" content=\"summary_large_image\" \/>\n<meta name=\"twitter:creator\" content=\"@fidedignas\" \/>\n<meta name=\"twitter:site\" content=\"@fidedignas\" \/>\n<meta name=\"twitter:label1\" content=\"Escrito por\" \/>\n\t<meta name=\"twitter:data1\" content=\"Milenio\" \/>\n\t<meta name=\"twitter:label2\" content=\"Tiempo de lectura\" \/>\n\t<meta name=\"twitter:data2\" content=\"3 minutos\" \/>\n<script type=\"application\/ld+json\" class=\"yoast-schema-graph\">{\"@context\":\"https:\\\/\\\/schema.org\",\"@graph\":[{\"@type\":\"Article\",\"@id\":\"https:\\\/\\\/fuentesfidedignas.com.mx\\\/index.php\\\/2024\\\/06\\\/13\\\/sonora-y-sinaloa-sufren-ola-de-calor-con-temperaturas-similares-a-argelia-y-emiratos-arabes\\\/#article\",\"isPartOf\":{\"@id\":\"https:\\\/\\\/fuentesfidedignas.com.mx\\\/index.php\\\/2024\\\/06\\\/13\\\/sonora-y-sinaloa-sufren-ola-de-calor-con-temperaturas-similares-a-argelia-y-emiratos-arabes\\\/\"},\"author\":{\"name\":\"Milenio\",\"@id\":\"https:\\\/\\\/fuentesfidedignas.com.mx\\\/#\\\/schema\\\/person\\\/47ec0135738f4b0c7495f06a77a2c976\"},\"headline\":\"Sonora y Sinaloa sufren ola de calor con temperaturas similares a Argelia y Emiratos \u00c1rabes\",\"datePublished\":\"2024-06-14T00:12:33+00:00\",\"mainEntityOfPage\":{\"@id\":\"https:\\\/\\\/fuentesfidedignas.com.mx\\\/index.php\\\/2024\\\/06\\\/13\\\/sonora-y-sinaloa-sufren-ola-de-calor-con-temperaturas-similares-a-argelia-y-emiratos-arabes\\\/\"},\"wordCount\":634,\"commentCount\":0,\"publisher\":{\"@id\":\"https:\\\/\\\/fuentesfidedignas.com.mx\\\/#organization\"},\"image\":{\"@id\":\"https:\\\/\\\/fuentesfidedignas.com.mx\\\/index.php\\\/2024\\\/06\\\/13\\\/sonora-y-sinaloa-sufren-ola-de-calor-con-temperaturas-similares-a-argelia-y-emiratos-arabes\\\/#primaryimage\"},\"thumbnailUrl\":\"https:\\\/\\\/fuentesfidedignas.com.mx\\\/wp-content\\\/uploads\\\/2023\\\/04\\\/calor-en-cdmx-joven.jpg\",\"articleSection\":[\"NOTA PRINCIPAL\"],\"inLanguage\":\"es\",\"potentialAction\":[{\"@type\":\"CommentAction\",\"name\":\"Comment\",\"target\":[\"https:\\\/\\\/fuentesfidedignas.com.mx\\\/index.php\\\/2024\\\/06\\\/13\\\/sonora-y-sinaloa-sufren-ola-de-calor-con-temperaturas-similares-a-argelia-y-emiratos-arabes\\\/#respond\"]}]},{\"@type\":\"WebPage\",\"@id\":\"https:\\\/\\\/fuentesfidedignas.com.mx\\\/index.php\\\/2024\\\/06\\\/13\\\/sonora-y-sinaloa-sufren-ola-de-calor-con-temperaturas-similares-a-argelia-y-emiratos-arabes\\\/\",\"url\":\"https:\\\/\\\/fuentesfidedignas.com.mx\\\/index.php\\\/2024\\\/06\\\/13\\\/sonora-y-sinaloa-sufren-ola-de-calor-con-temperaturas-similares-a-argelia-y-emiratos-arabes\\\/\",\"name\":\"Sonora y Sinaloa sufren ola de calor con temperaturas similares a Argelia y Emiratos \u00c1rabes - Fuentes Fidedignas\",\"isPartOf\":{\"@id\":\"https:\\\/\\\/fuentesfidedignas.com.mx\\\/#website\"},\"primaryImageOfPage\":{\"@id\":\"https:\\\/\\\/fuentesfidedignas.com.mx\\\/index.php\\\/2024\\\/06\\\/13\\\/sonora-y-sinaloa-sufren-ola-de-calor-con-temperaturas-similares-a-argelia-y-emiratos-arabes\\\/#primaryimage\"},\"image\":{\"@id\":\"https:\\\/\\\/fuentesfidedignas.com.mx\\\/index.php\\\/2024\\\/06\\\/13\\\/sonora-y-sinaloa-sufren-ola-de-calor-con-temperaturas-similares-a-argelia-y-emiratos-arabes\\\/#primaryimage\"},\"thumbnailUrl\":\"https:\\\/\\\/fuentesfidedignas.com.mx\\\/wp-content\\\/uploads\\\/2023\\\/04\\\/calor-en-cdmx-joven.jpg\",\"datePublished\":\"2024-06-14T00:12:33+00:00\",\"breadcrumb\":{\"@id\":\"https:\\\/\\\/fuentesfidedignas.com.mx\\\/index.php\\\/2024\\\/06\\\/13\\\/sonora-y-sinaloa-sufren-ola-de-calor-con-temperaturas-similares-a-argelia-y-emiratos-arabes\\\/#breadcrumb\"},\"inLanguage\":\"es\",\"potentialAction\":[{\"@type\":\"ReadAction\",\"target\":[\"https:\\\/\\\/fuentesfidedignas.com.mx\\\/index.php\\\/2024\\\/06\\\/13\\\/sonora-y-sinaloa-sufren-ola-de-calor-con-temperaturas-similares-a-argelia-y-emiratos-arabes\\\/\"]}]},{\"@type\":\"ImageObject\",\"inLanguage\":\"es\",\"@id\":\"https:\\\/\\\/fuentesfidedignas.com.mx\\\/index.php\\\/2024\\\/06\\\/13\\\/sonora-y-sinaloa-sufren-ola-de-calor-con-temperaturas-similares-a-argelia-y-emiratos-arabes\\\/#primaryimage\",\"url\":\"https:\\\/\\\/fuentesfidedignas.com.mx\\\/wp-content\\\/uploads\\\/2023\\\/04\\\/calor-en-cdmx-joven.jpg\",\"contentUrl\":\"https:\\\/\\\/fuentesfidedignas.com.mx\\\/wp-content\\\/uploads\\\/2023\\\/04\\\/calor-en-cdmx-joven.jpg\",\"width\":1024,\"height\":767},{\"@type\":\"BreadcrumbList\",\"@id\":\"https:\\\/\\\/fuentesfidedignas.com.mx\\\/index.php\\\/2024\\\/06\\\/13\\\/sonora-y-sinaloa-sufren-ola-de-calor-con-temperaturas-similares-a-argelia-y-emiratos-arabes\\\/#breadcrumb\",\"itemListElement\":[{\"@type\":\"ListItem\",\"position\":1,\"name\":\"Inicio\",\"item\":\"https:\\\/\\\/fuentesfidedignas.com.mx\\\/\"},{\"@type\":\"ListItem\",\"position\":2,\"name\":\"Sonora y Sinaloa sufren ola de calor con temperaturas similares a Argelia y Emiratos \u00c1rabes\"}]},{\"@type\":\"WebSite\",\"@id\":\"https:\\\/\\\/fuentesfidedignas.com.mx\\\/#website\",\"url\":\"https:\\\/\\\/fuentesfidedignas.com.mx\\\/\",\"name\":\"Fuentes Fidedignas\",\"description\":\"Otro sitio realizado con WordPress\",\"publisher\":{\"@id\":\"https:\\\/\\\/fuentesfidedignas.com.mx\\\/#organization\"},\"potentialAction\":[{\"@type\":\"SearchAction\",\"target\":{\"@type\":\"EntryPoint\",\"urlTemplate\":\"https:\\\/\\\/fuentesfidedignas.com.mx\\\/?s={search_term_string}\"},\"query-input\":{\"@type\":\"PropertyValueSpecification\",\"valueRequired\":true,\"valueName\":\"search_term_string\"}}],\"inLanguage\":\"es\"},{\"@type\":\"Organization\",\"@id\":\"https:\\\/\\\/fuentesfidedignas.com.mx\\\/#organization\",\"name\":\"Fuentes Fidedignas\",\"url\":\"https:\\\/\\\/fuentesfidedignas.com.mx\\\/\",\"logo\":{\"@type\":\"ImageObject\",\"inLanguage\":\"es\",\"@id\":\"https:\\\/\\\/fuentesfidedignas.com.mx\\\/#\\\/schema\\\/logo\\\/image\\\/\",\"url\":\"https:\\\/\\\/fuentesfidedignas.com.mx\\\/wp-content\\\/uploads\\\/2021\\\/04\\\/logo-retina.png\",\"contentUrl\":\"https:\\\/\\\/fuentesfidedignas.com.mx\\\/wp-content\\\/uploads\\\/2021\\\/04\\\/logo-retina.png\",\"width\":280,\"height\":51,\"caption\":\"Fuentes Fidedignas\"},\"image\":{\"@id\":\"https:\\\/\\\/fuentesfidedignas.com.mx\\\/#\\\/schema\\\/logo\\\/image\\\/\"},\"sameAs\":[\"https:\\\/\\\/www.facebook.com\\\/Fuentes-Fidedignas-368234489921644\",\"https:\\\/\\\/x.com\\\/fidedignas\"]},{\"@type\":\"Person\",\"@id\":\"https:\\\/\\\/fuentesfidedignas.com.mx\\\/#\\\/schema\\\/person\\\/47ec0135738f4b0c7495f06a77a2c976\",\"name\":\"Milenio\",\"image\":{\"@type\":\"ImageObject\",\"inLanguage\":\"es\",\"@id\":\"https:\\\/\\\/secure.gravatar.com\\\/avatar\\\/acabf7b54753e51c2c76457954577c236b3b764789b19879565769739d1e4a75?s=96&d=mm&r=g\",\"url\":\"https:\\\/\\\/secure.gravatar.com\\\/avatar\\\/acabf7b54753e51c2c76457954577c236b3b764789b19879565769739d1e4a75?s=96&d=mm&r=g\",\"contentUrl\":\"https:\\\/\\\/secure.gravatar.com\\\/avatar\\\/acabf7b54753e51c2c76457954577c236b3b764789b19879565769739d1e4a75?s=96&d=mm&r=g\",\"caption\":\"Milenio\"},\"url\":\"https:\\\/\\\/fuentesfidedignas.com.mx\\\/index.php\\\/author\\\/milenio\\\/\"}]}<\/script>\n<!-- \/ Yoast SEO plugin. -->","yoast_head_json":{"title":"Sonora y Sinaloa sufren ola de calor con temperaturas similares a Argelia y Emiratos \u00c1rabes - Fuentes Fidedignas","robots":{"index":"index","follow":"follow","max-snippet":"max-snippet:-1","max-image-preview":"max-image-preview:large","max-video-preview":"max-video-preview:-1"},"canonical":"https:\/\/fuentesfidedignas.com.mx\/index.php\/2024\/06\/13\/sonora-y-sinaloa-sufren-ola-de-calor-con-temperaturas-similares-a-argelia-y-emiratos-arabes\/","og_locale":"es_MX","og_type":"article","og_title":"Sonora y Sinaloa sufren ola de calor con temperaturas similares a Argelia y Emiratos \u00c1rabes - Fuentes Fidedignas","og_description":"Juan Espinoza Luna, geof\u00edsico sinaloense, alert\u00f3 sobre los riesgos para la salud derivados de estas condiciones extremas, enfatizando la necesidad de medidas preventivas ante los golpes de calor. Las temperaturas extremas registradas en Sinaloa y Sonora alcanzaron niveles comparables a los del desierto de Argelia y los Emiratos \u00c1rabes Unidos, de acuerdo con el geof\u00edsico [&hellip;]","og_url":"https:\/\/fuentesfidedignas.com.mx\/index.php\/2024\/06\/13\/sonora-y-sinaloa-sufren-ola-de-calor-con-temperaturas-similares-a-argelia-y-emiratos-arabes\/","og_site_name":"Fuentes Fidedignas","article_publisher":"https:\/\/www.facebook.com\/Fuentes-Fidedignas-368234489921644","article_published_time":"2024-06-14T00:12:33+00:00","og_image":[{"width":1024,"height":767,"url":"https:\/\/fuentesfidedignas.com.mx\/wp-content\/uploads\/2023\/04\/calor-en-cdmx-joven.jpg","type":"image\/jpeg"}],"author":"Milenio","twitter_card":"summary_large_image","twitter_creator":"@fidedignas","twitter_site":"@fidedignas","twitter_misc":{"Escrito por":"Milenio","Tiempo de lectura":"3 minutos"},"schema":{"@context":"https:\/\/schema.org","@graph":[{"@type":"Article","@id":"https:\/\/fuentesfidedignas.com.mx\/index.php\/2024\/06\/13\/sonora-y-sinaloa-sufren-ola-de-calor-con-temperaturas-similares-a-argelia-y-emiratos-arabes\/#article","isPartOf":{"@id":"https:\/\/fuentesfidedignas.com.mx\/index.php\/2024\/06\/13\/sonora-y-sinaloa-sufren-ola-de-calor-con-temperaturas-similares-a-argelia-y-emiratos-arabes\/"},"author":{"name":"Milenio","@id":"https:\/\/fuentesfidedignas.com.mx\/#\/schema\/person\/47ec0135738f4b0c7495f06a77a2c976"},"headline":"Sonora y Sinaloa sufren ola de calor con temperaturas similares a Argelia y Emiratos \u00c1rabes","datePublished":"2024-06-14T00:12:33+00:00","mainEntityOfPage":{"@id":"https:\/\/fuentesfidedignas.com.mx\/index.php\/2024\/06\/13\/sonora-y-sinaloa-sufren-ola-de-calor-con-temperaturas-similares-a-argelia-y-emiratos-arabes\/"},"wordCount":634,"commentCount":0,"publisher":{"@id":"https:\/\/fuentesfidedignas.com.mx\/#organization"},"image":{"@id":"https:\/\/fuentesfidedignas.com.mx\/index.php\/2024\/06\/13\/sonora-y-sinaloa-sufren-ola-de-calor-con-temperaturas-similares-a-argelia-y-emiratos-arabes\/#primaryimage"},"thumbnailUrl":"https:\/\/fuentesfidedignas.com.mx\/wp-content\/uploads\/2023\/04\/calor-en-cdmx-joven.jpg","articleSection":["NOTA PRINCIPAL"],"inLanguage":"es","potentialAction":[{"@type":"CommentAction","name":"Comment","target":["https:\/\/fuentesfidedignas.com.mx\/index.php\/2024\/06\/13\/sonora-y-sinaloa-sufren-ola-de-calor-con-temperaturas-similares-a-argelia-y-emiratos-arabes\/#respond"]}]},{"@type":"WebPage","@id":"https:\/\/fuentesfidedignas.com.mx\/index.php\/2024\/06\/13\/sonora-y-sinaloa-sufren-ola-de-calor-con-temperaturas-similares-a-argelia-y-emiratos-arabes\/","url":"https:\/\/fuentesfidedignas.com.mx\/index.php\/2024\/06\/13\/sonora-y-sinaloa-sufren-ola-de-calor-con-temperaturas-similares-a-argelia-y-emiratos-arabes\/","name":"Sonora y Sinaloa sufren ola de calor con temperaturas similares a Argelia y Emiratos \u00c1rabes - Fuentes Fidedignas","isPartOf":{"@id":"https:\/\/fuentesfidedignas.com.mx\/#website"},"primaryImageOfPage":{"@id":"https:\/\/fuentesfidedignas.com.mx\/index.php\/2024\/06\/13\/sonora-y-sinaloa-sufren-ola-de-calor-con-temperaturas-similares-a-argelia-y-emiratos-arabes\/#primaryimage"},"image":{"@id":"https:\/\/fuentesfidedignas.com.mx\/index.php\/2024\/06\/13\/sonora-y-sinaloa-sufren-ola-de-calor-con-temperaturas-similares-a-argelia-y-emiratos-arabes\/#primaryimage"},"thumbnailUrl":"https:\/\/fuentesfidedignas.com.mx\/wp-content\/uploads\/2023\/04\/calor-en-cdmx-joven.jpg","datePublished":"2024-06-14T00:12:33+00:00","breadcrumb":{"@id":"https:\/\/fuentesfidedignas.com.mx\/index.php\/2024\/06\/13\/sonora-y-sinaloa-sufren-ola-de-calor-con-temperaturas-similares-a-argelia-y-emiratos-arabes\/#breadcrumb"},"inLanguage":"es","potentialAction":[{"@type":"ReadAction","target":["https:\/\/fuentesfidedignas.com.mx\/index.php\/2024\/06\/13\/sonora-y-sinaloa-sufren-ola-de-calor-con-temperaturas-similares-a-argelia-y-emiratos-arabes\/"]}]},{"@type":"ImageObject","inLanguage":"es","@id":"https:\/\/fuentesfidedignas.com.mx\/index.php\/2024\/06\/13\/sonora-y-sinaloa-sufren-ola-de-calor-con-temperaturas-similares-a-argelia-y-emiratos-arabes\/#primaryimage","url":"https:\/\/fuentesfidedignas.com.mx\/wp-content\/uploads\/2023\/04\/calor-en-cdmx-joven.jpg","contentUrl":"https:\/\/fuentesfidedignas.com.mx\/wp-content\/uploads\/2023\/04\/calor-en-cdmx-joven.jpg","width":1024,"height":767},{"@type":"BreadcrumbList","@id":"https:\/\/fuentesfidedignas.com.mx\/index.php\/2024\/06\/13\/sonora-y-sinaloa-sufren-ola-de-calor-con-temperaturas-similares-a-argelia-y-emiratos-arabes\/#breadcrumb","itemListElement":[{"@type":"ListItem","position":1,"name":"Inicio","item":"https:\/\/fuentesfidedignas.com.mx\/"},{"@type":"ListItem","position":2,"name":"Sonora y Sinaloa sufren ola de calor con temperaturas similares a Argelia y Emiratos \u00c1rabes"}]},{"@type":"WebSite","@id":"https:\/\/fuentesfidedignas.com.mx\/#website","url":"https:\/\/fuentesfidedignas.com.mx\/","name":"Fuentes Fidedignas","description":"Otro sitio realizado con WordPress","publisher":{"@id":"https:\/\/fuentesfidedignas.com.mx\/#organization"},"potentialAction":[{"@type":"SearchAction","target":{"@type":"EntryPoint","urlTemplate":"https:\/\/fuentesfidedignas.com.mx\/?s={search_term_string}"},"query-input":{"@type":"PropertyValueSpecification","valueRequired":true,"valueName":"search_term_string"}}],"inLanguage":"es"},{"@type":"Organization","@id":"https:\/\/fuentesfidedignas.com.mx\/#organization","name":"Fuentes Fidedignas","url":"https:\/\/fuentesfidedignas.com.mx\/","logo":{"@type":"ImageObject","inLanguage":"es","@id":"https:\/\/fuentesfidedignas.com.mx\/#\/schema\/logo\/image\/","url":"https:\/\/fuentesfidedignas.com.mx\/wp-content\/uploads\/2021\/04\/logo-retina.png","contentUrl":"https:\/\/fuentesfidedignas.com.mx\/wp-content\/uploads\/2021\/04\/logo-retina.png","width":280,"height":51,"caption":"Fuentes Fidedignas"},"image":{"@id":"https:\/\/fuentesfidedignas.com.mx\/#\/schema\/logo\/image\/"},"sameAs":["https:\/\/www.facebook.com\/Fuentes-Fidedignas-368234489921644","https:\/\/x.com\/fidedignas"]},{"@type":"Person","@id":"https:\/\/fuentesfidedignas.com.mx\/#\/schema\/person\/47ec0135738f4b0c7495f06a77a2c976","name":"Milenio","image":{"@type":"ImageObject","inLanguage":"es","@id":"https:\/\/secure.gravatar.com\/avatar\/acabf7b54753e51c2c76457954577c236b3b764789b19879565769739d1e4a75?s=96&d=mm&r=g","url":"https:\/\/secure.gravatar.com\/avatar\/acabf7b54753e51c2c76457954577c236b3b764789b19879565769739d1e4a75?s=96&d=mm&r=g","contentUrl":"https:\/\/secure.gravatar.com\/avatar\/acabf7b54753e51c2c76457954577c236b3b764789b19879565769739d1e4a75?s=96&d=mm&r=g","caption":"Milenio"},"url":"https:\/\/fuentesfidedignas.com.mx\/index.php\/author\/milenio\/"}]}},"_links":{"self":[{"href":"https:\/\/fuentesfidedignas.com.mx\/index.php\/wp-json\/wp\/v2\/posts\/84033","targetHints":{"allow":["GET"]}}],"collection":[{"href":"https:\/\/fuentesfidedignas.com.mx\/index.php\/wp-json\/wp\/v2\/posts"}],"about":[{"href":"https:\/\/fuentesfidedignas.com.mx\/index.php\/wp-json\/wp\/v2\/types\/post"}],"author":[{"embeddable":true,"href":"https:\/\/fuentesfidedignas.com.mx\/index.php\/wp-json\/wp\/v2\/users\/9"}],"replies":[{"embeddable":true,"href":"https:\/\/fuentesfidedignas.com.mx\/index.php\/wp-json\/wp\/v2\/comments?post=84033"}],"version-history":[{"count":1,"href":"https:\/\/fuentesfidedignas.com.mx\/index.php\/wp-json\/wp\/v2\/posts\/84033\/revisions"}],"predecessor-version":[{"id":84034,"href":"https:\/\/fuentesfidedignas.com.mx\/index.php\/wp-json\/wp\/v2\/posts\/84033\/revisions\/84034"}],"wp:featuredmedia":[{"embeddable":true,"href":"https:\/\/fuentesfidedignas.com.mx\/index.php\/wp-json\/wp\/v2\/media\/44527"}],"wp:attachment":[{"href":"https:\/\/fuentesfidedignas.com.mx\/index.php\/wp-json\/wp\/v2\/media?parent=84033"}],"wp:term":[{"taxonomy":"category","embeddable":true,"href":"https:\/\/fuentesfidedignas.com.mx\/index.php\/wp-json\/wp\/v2\/categories?post=84033"},{"taxonomy":"post_tag","embeddable":true,"href":"https:\/\/fuentesfidedignas.com.mx\/index.php\/wp-json\/wp\/v2\/tags?post=84033"}],"curies":[{"name":"wp","href":"https:\/\/api.w.org\/{rel}","templated":true}]}}