{"id":84006,"date":"2024-06-13T09:47:16","date_gmt":"2024-06-13T16:47:16","guid":{"rendered":"https:\/\/fuentesfidedignas.com.mx\/?p=84006"},"modified":"2024-06-13T09:47:56","modified_gmt":"2024-06-13T16:47:56","slug":"no-se-tiene-materia-legal-para-extradicion-de-carlos-ahumada-sspc","status":"publish","type":"post","link":"https:\/\/fuentesfidedignas.com.mx\/index.php\/2024\/06\/13\/no-se-tiene-materia-legal-para-extradicion-de-carlos-ahumada-sspc\/","title":{"rendered":"No se tiene materia legal para extradici\u00f3n de Carlos Ahumada a M\u00e9xico"},"content":{"rendered":"\n<p><strong><em>La titular de SSPC indic\u00f3 que Carlos Ahumada est\u00e1 amparado contra una orden de reaprehensi\u00f3n y que algunos delitos ya prescribieron<\/em><\/strong><\/p>\n\n\n\n<p>Ciudad de M\u00e9xico.- Rosa Icela Rodr\u00edguez, secretaria de Seguridad y Protecci\u00f3n Ciudadana (SSPC), indic\u00f3 que no hay materia legal para solicitar la extradici\u00f3n del empresario Carlos Ahumada Kurtz.<\/p>\n\n\n\n<p>En la conferencia matutina de Palacio Nacional, Ahumada Kurtz indic\u00f3 que el empresario argentino-mexicano est\u00e1 amparado contra una orden de reaprehensi\u00f3n, y que incluso, en algunos delitos por los cuales es se\u00f1alado ya prescribieron.<\/p>\n\n\n\n<p><em>\u201cEn virtud de que hab\u00eda un amparo se inform\u00f3 a la Fiscal\u00eda de la CDMX y a la FGR de la suspensi\u00f3n de la orden de reaprehensi\u00f3n girada en contra del sentenciado. O sea hab\u00eda una orden de reaprehensi\u00f3n, se ampar\u00f3 contra esa orden y pues no se puede cumplir esa orden, no se puede aprehender a esa persona porque tiene un amparo<\/em>\u201d, indic\u00f3.<\/p>\n\n\n\n<p>\u201cSe especifica que en algunas otras causas ya prescribieron, eso es lo que legalmente corresponde y esa es la causa por la que no hay una orden de extradici\u00f3n\u201d, puntualiz\u00f3.<\/p>\n\n\n\n<p><em>\u201cNo quiero entrar a fondo porque es la Fiscal\u00eda la que nos ha dado esa informaci\u00f3n, la Fiscal\u00eda de la CDMX y la FGR. No ten\u00eda materia para pedir una extradici\u00f3n porque estaba amparado contra cualquier orden de reaprehensi\u00f3n<\/em>\u201d, destac\u00f3.<\/p>\n\n\n\n<p>La titular de la SSPC expuso que \u201c<strong>cosas y detalles sobre el litigio (contra Carlos Ahumada) no los tiene el Gobierno federal, se lleva en la Fiscal\u00eda de la CDMX y la FGR<\/strong>\u201d.<\/p>\n\n\n\n<p>La Fiscal\u00eda General de la Rep\u00fablica (FGR) inform\u00f3 el pasado lunes que el empresario Carlos Ahumada se allan\u00f3 a la solicitud de extradici\u00f3n a M\u00e9xico correspondiente a la acusaci\u00f3n de fraude que pesa en su contra en la capital del pa\u00eds.<\/p>\n\n\n\n<p>Ahumada Kurtz fue detenido el viernes en Panam\u00e1 al contar con una ficha roja de Interpol, y luego deportado a Paraguay 24 horas despu\u00e9s, luego de que autoridades mexicanas no respondieran a la solicitud de extradici\u00f3n.<\/p>\n\n\n\n<p>Este mismo lunes, la FGR aclar\u00f3 que materia federal \u201cno existe ning\u00fan asunto pendiente\u201d con el empresario.<\/p>\n\n\n\n<p>La Procuraci\u00f3n General de Argentina inform\u00f3 que Carlos Ahumada \u201cmanifest\u00f3 que se allanaba a la solicitud de extradici\u00f3n correspondiente al delito de fuero com\u00fan de fraude en la CDMX\u201c. Es decir, que el empresario declar\u00f3 su voluntad de someterse a la pretensi\u00f3n de las autoridades capitalinas de ser trasladado a M\u00e9xico para que responda a las acusaciones en su contra.<\/p>\n\n\n\n<p>\u201cAl respecto, se les informa a las autoridades de la Rep\u00fablica Argentina cu\u00e1l es la situaci\u00f3n de dicho amparo, para los efectos legales que ellos tengan a bien determinar\u201c, expuso la FGR.<\/p>\n","protected":false},"excerpt":{"rendered":"<p>La titular de SSPC indic\u00f3 que Carlos Ahumada est\u00e1 amparado contra una orden de reaprehensi\u00f3n y que algunos delitos ya prescribieron Ciudad de M\u00e9xico.- Rosa Icela Rodr\u00edguez, secretaria de Seguridad y Protecci\u00f3n Ciudadana (SSPC), indic\u00f3 que no hay materia legal para solicitar la extradici\u00f3n del empresario Carlos Ahumada Kurtz. En la conferencia matutina de Palacio [&hellip;]<\/p>\n","protected":false},"author":47,"featured_media":84005,"comment_status":"closed","ping_status":"open","sticky":false,"template":"","format":"standard","meta":{"tdm_status":"","tdm_grid_status":"","footnotes":""},"categories":[39],"tags":[],"class_list":{"0":"post-84006","1":"post","2":"type-post","3":"status-publish","4":"format-standard","5":"has-post-thumbnail","7":"category-noticias-nacionales"},"yoast_head":"<!-- This site is optimized with the Yoast SEO plugin v27.5 - https:\/\/yoast.com\/product\/yoast-seo-wordpress\/ -->\n<title>No se tiene materia legal para extradici\u00f3n de Carlos Ahumada a M\u00e9xico - Fuentes Fidedignas<\/title>\n<meta name=\"robots\" content=\"index, follow, max-snippet:-1, max-image-preview:large, max-video-preview:-1\" \/>\n<link rel=\"canonical\" href=\"https:\/\/fuentesfidedignas.com.mx\/index.php\/2024\/06\/13\/no-se-tiene-materia-legal-para-extradicion-de-carlos-ahumada-sspc\/\" \/>\n<meta property=\"og:locale\" content=\"es_MX\" \/>\n<meta property=\"og:type\" content=\"article\" \/>\n<meta property=\"og:title\" content=\"No se tiene materia legal para extradici\u00f3n de Carlos Ahumada a M\u00e9xico - Fuentes Fidedignas\" \/>\n<meta property=\"og:description\" content=\"La titular de SSPC indic\u00f3 que Carlos Ahumada est\u00e1 amparado contra una orden de reaprehensi\u00f3n y que algunos delitos ya prescribieron Ciudad de M\u00e9xico.- Rosa Icela Rodr\u00edguez, secretaria de Seguridad y Protecci\u00f3n Ciudadana (SSPC), indic\u00f3 que no hay materia legal para solicitar la extradici\u00f3n del empresario Carlos Ahumada Kurtz. En la conferencia matutina de Palacio [&hellip;]\" \/>\n<meta property=\"og:url\" content=\"https:\/\/fuentesfidedignas.com.mx\/index.php\/2024\/06\/13\/no-se-tiene-materia-legal-para-extradicion-de-carlos-ahumada-sspc\/\" \/>\n<meta property=\"og:site_name\" content=\"Fuentes Fidedignas\" \/>\n<meta property=\"article:publisher\" content=\"https:\/\/www.facebook.com\/Fuentes-Fidedignas-368234489921644\" \/>\n<meta property=\"article:published_time\" content=\"2024-06-13T16:47:16+00:00\" \/>\n<meta property=\"article:modified_time\" content=\"2024-06-13T16:47:56+00:00\" \/>\n<meta property=\"og:image\" content=\"https:\/\/fuentesfidedignas.com.mx\/wp-content\/uploads\/2024\/06\/img_6753-1.jpg\" \/>\n\t<meta property=\"og:image:width\" content=\"1536\" \/>\n\t<meta property=\"og:image:height\" content=\"1061\" \/>\n\t<meta property=\"og:image:type\" content=\"image\/jpeg\" \/>\n<meta name=\"author\" content=\"L\u00f3pez D\u00f3riga\" \/>\n<meta name=\"twitter:card\" content=\"summary_large_image\" \/>\n<meta name=\"twitter:creator\" content=\"@fidedignas\" \/>\n<meta name=\"twitter:site\" content=\"@fidedignas\" \/>\n<meta name=\"twitter:label1\" content=\"Escrito por\" \/>\n\t<meta name=\"twitter:data1\" content=\"L\u00f3pez D\u00f3riga\" \/>\n\t<meta name=\"twitter:label2\" content=\"Tiempo de lectura\" \/>\n\t<meta name=\"twitter:data2\" content=\"3 minutos\" \/>\n<script type=\"application\/ld+json\" class=\"yoast-schema-graph\">{\"@context\":\"https:\\\/\\\/schema.org\",\"@graph\":[{\"@type\":\"Article\",\"@id\":\"https:\\\/\\\/fuentesfidedignas.com.mx\\\/index.php\\\/2024\\\/06\\\/13\\\/no-se-tiene-materia-legal-para-extradicion-de-carlos-ahumada-sspc\\\/#article\",\"isPartOf\":{\"@id\":\"https:\\\/\\\/fuentesfidedignas.com.mx\\\/index.php\\\/2024\\\/06\\\/13\\\/no-se-tiene-materia-legal-para-extradicion-de-carlos-ahumada-sspc\\\/\"},\"author\":{\"name\":\"L\u00f3pez D\u00f3riga\",\"@id\":\"https:\\\/\\\/fuentesfidedignas.com.mx\\\/#\\\/schema\\\/person\\\/67d852f0557c8509146a4b9ddebd543a\"},\"headline\":\"No se tiene materia legal para extradici\u00f3n de Carlos Ahumada a M\u00e9xico\",\"datePublished\":\"2024-06-13T16:47:16+00:00\",\"dateModified\":\"2024-06-13T16:47:56+00:00\",\"mainEntityOfPage\":{\"@id\":\"https:\\\/\\\/fuentesfidedignas.com.mx\\\/index.php\\\/2024\\\/06\\\/13\\\/no-se-tiene-materia-legal-para-extradicion-de-carlos-ahumada-sspc\\\/\"},\"wordCount\":488,\"publisher\":{\"@id\":\"https:\\\/\\\/fuentesfidedignas.com.mx\\\/#organization\"},\"image\":{\"@id\":\"https:\\\/\\\/fuentesfidedignas.com.mx\\\/index.php\\\/2024\\\/06\\\/13\\\/no-se-tiene-materia-legal-para-extradicion-de-carlos-ahumada-sspc\\\/#primaryimage\"},\"thumbnailUrl\":\"https:\\\/\\\/fuentesfidedignas.com.mx\\\/wp-content\\\/uploads\\\/2024\\\/06\\\/img_6753-1.jpg\",\"articleSection\":[\"NOTICIAS NACIONALES\"],\"inLanguage\":\"es\"},{\"@type\":\"WebPage\",\"@id\":\"https:\\\/\\\/fuentesfidedignas.com.mx\\\/index.php\\\/2024\\\/06\\\/13\\\/no-se-tiene-materia-legal-para-extradicion-de-carlos-ahumada-sspc\\\/\",\"url\":\"https:\\\/\\\/fuentesfidedignas.com.mx\\\/index.php\\\/2024\\\/06\\\/13\\\/no-se-tiene-materia-legal-para-extradicion-de-carlos-ahumada-sspc\\\/\",\"name\":\"No se tiene materia legal para extradici\u00f3n de Carlos Ahumada a M\u00e9xico - Fuentes Fidedignas\",\"isPartOf\":{\"@id\":\"https:\\\/\\\/fuentesfidedignas.com.mx\\\/#website\"},\"primaryImageOfPage\":{\"@id\":\"https:\\\/\\\/fuentesfidedignas.com.mx\\\/index.php\\\/2024\\\/06\\\/13\\\/no-se-tiene-materia-legal-para-extradicion-de-carlos-ahumada-sspc\\\/#primaryimage\"},\"image\":{\"@id\":\"https:\\\/\\\/fuentesfidedignas.com.mx\\\/index.php\\\/2024\\\/06\\\/13\\\/no-se-tiene-materia-legal-para-extradicion-de-carlos-ahumada-sspc\\\/#primaryimage\"},\"thumbnailUrl\":\"https:\\\/\\\/fuentesfidedignas.com.mx\\\/wp-content\\\/uploads\\\/2024\\\/06\\\/img_6753-1.jpg\",\"datePublished\":\"2024-06-13T16:47:16+00:00\",\"dateModified\":\"2024-06-13T16:47:56+00:00\",\"breadcrumb\":{\"@id\":\"https:\\\/\\\/fuentesfidedignas.com.mx\\\/index.php\\\/2024\\\/06\\\/13\\\/no-se-tiene-materia-legal-para-extradicion-de-carlos-ahumada-sspc\\\/#breadcrumb\"},\"inLanguage\":\"es\",\"potentialAction\":[{\"@type\":\"ReadAction\",\"target\":[\"https:\\\/\\\/fuentesfidedignas.com.mx\\\/index.php\\\/2024\\\/06\\\/13\\\/no-se-tiene-materia-legal-para-extradicion-de-carlos-ahumada-sspc\\\/\"]}]},{\"@type\":\"ImageObject\",\"inLanguage\":\"es\",\"@id\":\"https:\\\/\\\/fuentesfidedignas.com.mx\\\/index.php\\\/2024\\\/06\\\/13\\\/no-se-tiene-materia-legal-para-extradicion-de-carlos-ahumada-sspc\\\/#primaryimage\",\"url\":\"https:\\\/\\\/fuentesfidedignas.com.mx\\\/wp-content\\\/uploads\\\/2024\\\/06\\\/img_6753-1.jpg\",\"contentUrl\":\"https:\\\/\\\/fuentesfidedignas.com.mx\\\/wp-content\\\/uploads\\\/2024\\\/06\\\/img_6753-1.jpg\",\"width\":1536,\"height\":1061},{\"@type\":\"BreadcrumbList\",\"@id\":\"https:\\\/\\\/fuentesfidedignas.com.mx\\\/index.php\\\/2024\\\/06\\\/13\\\/no-se-tiene-materia-legal-para-extradicion-de-carlos-ahumada-sspc\\\/#breadcrumb\",\"itemListElement\":[{\"@type\":\"ListItem\",\"position\":1,\"name\":\"Inicio\",\"item\":\"https:\\\/\\\/fuentesfidedignas.com.mx\\\/\"},{\"@type\":\"ListItem\",\"position\":2,\"name\":\"No se tiene materia legal para extradici\u00f3n de Carlos Ahumada a M\u00e9xico\"}]},{\"@type\":\"WebSite\",\"@id\":\"https:\\\/\\\/fuentesfidedignas.com.mx\\\/#website\",\"url\":\"https:\\\/\\\/fuentesfidedignas.com.mx\\\/\",\"name\":\"Fuentes Fidedignas\",\"description\":\"Otro sitio realizado con WordPress\",\"publisher\":{\"@id\":\"https:\\\/\\\/fuentesfidedignas.com.mx\\\/#organization\"},\"potentialAction\":[{\"@type\":\"SearchAction\",\"target\":{\"@type\":\"EntryPoint\",\"urlTemplate\":\"https:\\\/\\\/fuentesfidedignas.com.mx\\\/?s={search_term_string}\"},\"query-input\":{\"@type\":\"PropertyValueSpecification\",\"valueRequired\":true,\"valueName\":\"search_term_string\"}}],\"inLanguage\":\"es\"},{\"@type\":\"Organization\",\"@id\":\"https:\\\/\\\/fuentesfidedignas.com.mx\\\/#organization\",\"name\":\"Fuentes Fidedignas\",\"url\":\"https:\\\/\\\/fuentesfidedignas.com.mx\\\/\",\"logo\":{\"@type\":\"ImageObject\",\"inLanguage\":\"es\",\"@id\":\"https:\\\/\\\/fuentesfidedignas.com.mx\\\/#\\\/schema\\\/logo\\\/image\\\/\",\"url\":\"https:\\\/\\\/fuentesfidedignas.com.mx\\\/wp-content\\\/uploads\\\/2021\\\/04\\\/logo-retina.png\",\"contentUrl\":\"https:\\\/\\\/fuentesfidedignas.com.mx\\\/wp-content\\\/uploads\\\/2021\\\/04\\\/logo-retina.png\",\"width\":280,\"height\":51,\"caption\":\"Fuentes Fidedignas\"},\"image\":{\"@id\":\"https:\\\/\\\/fuentesfidedignas.com.mx\\\/#\\\/schema\\\/logo\\\/image\\\/\"},\"sameAs\":[\"https:\\\/\\\/www.facebook.com\\\/Fuentes-Fidedignas-368234489921644\",\"https:\\\/\\\/x.com\\\/fidedignas\"]},{\"@type\":\"Person\",\"@id\":\"https:\\\/\\\/fuentesfidedignas.com.mx\\\/#\\\/schema\\\/person\\\/67d852f0557c8509146a4b9ddebd543a\",\"name\":\"L\u00f3pez D\u00f3riga\",\"image\":{\"@type\":\"ImageObject\",\"inLanguage\":\"es\",\"@id\":\"https:\\\/\\\/secure.gravatar.com\\\/avatar\\\/e525b06574ca18b33cded59dfe5778d6c823b9513154eff47da551b0551bdd1e?s=96&d=mm&r=g\",\"url\":\"https:\\\/\\\/secure.gravatar.com\\\/avatar\\\/e525b06574ca18b33cded59dfe5778d6c823b9513154eff47da551b0551bdd1e?s=96&d=mm&r=g\",\"contentUrl\":\"https:\\\/\\\/secure.gravatar.com\\\/avatar\\\/e525b06574ca18b33cded59dfe5778d6c823b9513154eff47da551b0551bdd1e?s=96&d=mm&r=g\",\"caption\":\"L\u00f3pez D\u00f3riga\"},\"url\":\"https:\\\/\\\/fuentesfidedignas.com.mx\\\/index.php\\\/author\\\/doriga\\\/\"}]}<\/script>\n<!-- \/ Yoast SEO plugin. -->","yoast_head_json":{"title":"No se tiene materia legal para extradici\u00f3n de Carlos Ahumada a M\u00e9xico - Fuentes Fidedignas","robots":{"index":"index","follow":"follow","max-snippet":"max-snippet:-1","max-image-preview":"max-image-preview:large","max-video-preview":"max-video-preview:-1"},"canonical":"https:\/\/fuentesfidedignas.com.mx\/index.php\/2024\/06\/13\/no-se-tiene-materia-legal-para-extradicion-de-carlos-ahumada-sspc\/","og_locale":"es_MX","og_type":"article","og_title":"No se tiene materia legal para extradici\u00f3n de Carlos Ahumada a M\u00e9xico - Fuentes Fidedignas","og_description":"La titular de SSPC indic\u00f3 que Carlos Ahumada est\u00e1 amparado contra una orden de reaprehensi\u00f3n y que algunos delitos ya prescribieron Ciudad de M\u00e9xico.- Rosa Icela Rodr\u00edguez, secretaria de Seguridad y Protecci\u00f3n Ciudadana (SSPC), indic\u00f3 que no hay materia legal para solicitar la extradici\u00f3n del empresario Carlos Ahumada Kurtz. En la conferencia matutina de Palacio [&hellip;]","og_url":"https:\/\/fuentesfidedignas.com.mx\/index.php\/2024\/06\/13\/no-se-tiene-materia-legal-para-extradicion-de-carlos-ahumada-sspc\/","og_site_name":"Fuentes Fidedignas","article_publisher":"https:\/\/www.facebook.com\/Fuentes-Fidedignas-368234489921644","article_published_time":"2024-06-13T16:47:16+00:00","article_modified_time":"2024-06-13T16:47:56+00:00","og_image":[{"width":1536,"height":1061,"url":"https:\/\/fuentesfidedignas.com.mx\/wp-content\/uploads\/2024\/06\/img_6753-1.jpg","type":"image\/jpeg"}],"author":"L\u00f3pez D\u00f3riga","twitter_card":"summary_large_image","twitter_creator":"@fidedignas","twitter_site":"@fidedignas","twitter_misc":{"Escrito por":"L\u00f3pez D\u00f3riga","Tiempo de lectura":"3 minutos"},"schema":{"@context":"https:\/\/schema.org","@graph":[{"@type":"Article","@id":"https:\/\/fuentesfidedignas.com.mx\/index.php\/2024\/06\/13\/no-se-tiene-materia-legal-para-extradicion-de-carlos-ahumada-sspc\/#article","isPartOf":{"@id":"https:\/\/fuentesfidedignas.com.mx\/index.php\/2024\/06\/13\/no-se-tiene-materia-legal-para-extradicion-de-carlos-ahumada-sspc\/"},"author":{"name":"L\u00f3pez D\u00f3riga","@id":"https:\/\/fuentesfidedignas.com.mx\/#\/schema\/person\/67d852f0557c8509146a4b9ddebd543a"},"headline":"No se tiene materia legal para extradici\u00f3n de Carlos Ahumada a M\u00e9xico","datePublished":"2024-06-13T16:47:16+00:00","dateModified":"2024-06-13T16:47:56+00:00","mainEntityOfPage":{"@id":"https:\/\/fuentesfidedignas.com.mx\/index.php\/2024\/06\/13\/no-se-tiene-materia-legal-para-extradicion-de-carlos-ahumada-sspc\/"},"wordCount":488,"publisher":{"@id":"https:\/\/fuentesfidedignas.com.mx\/#organization"},"image":{"@id":"https:\/\/fuentesfidedignas.com.mx\/index.php\/2024\/06\/13\/no-se-tiene-materia-legal-para-extradicion-de-carlos-ahumada-sspc\/#primaryimage"},"thumbnailUrl":"https:\/\/fuentesfidedignas.com.mx\/wp-content\/uploads\/2024\/06\/img_6753-1.jpg","articleSection":["NOTICIAS NACIONALES"],"inLanguage":"es"},{"@type":"WebPage","@id":"https:\/\/fuentesfidedignas.com.mx\/index.php\/2024\/06\/13\/no-se-tiene-materia-legal-para-extradicion-de-carlos-ahumada-sspc\/","url":"https:\/\/fuentesfidedignas.com.mx\/index.php\/2024\/06\/13\/no-se-tiene-materia-legal-para-extradicion-de-carlos-ahumada-sspc\/","name":"No se tiene materia legal para extradici\u00f3n de Carlos Ahumada a M\u00e9xico - Fuentes Fidedignas","isPartOf":{"@id":"https:\/\/fuentesfidedignas.com.mx\/#website"},"primaryImageOfPage":{"@id":"https:\/\/fuentesfidedignas.com.mx\/index.php\/2024\/06\/13\/no-se-tiene-materia-legal-para-extradicion-de-carlos-ahumada-sspc\/#primaryimage"},"image":{"@id":"https:\/\/fuentesfidedignas.com.mx\/index.php\/2024\/06\/13\/no-se-tiene-materia-legal-para-extradicion-de-carlos-ahumada-sspc\/#primaryimage"},"thumbnailUrl":"https:\/\/fuentesfidedignas.com.mx\/wp-content\/uploads\/2024\/06\/img_6753-1.jpg","datePublished":"2024-06-13T16:47:16+00:00","dateModified":"2024-06-13T16:47:56+00:00","breadcrumb":{"@id":"https:\/\/fuentesfidedignas.com.mx\/index.php\/2024\/06\/13\/no-se-tiene-materia-legal-para-extradicion-de-carlos-ahumada-sspc\/#breadcrumb"},"inLanguage":"es","potentialAction":[{"@type":"ReadAction","target":["https:\/\/fuentesfidedignas.com.mx\/index.php\/2024\/06\/13\/no-se-tiene-materia-legal-para-extradicion-de-carlos-ahumada-sspc\/"]}]},{"@type":"ImageObject","inLanguage":"es","@id":"https:\/\/fuentesfidedignas.com.mx\/index.php\/2024\/06\/13\/no-se-tiene-materia-legal-para-extradicion-de-carlos-ahumada-sspc\/#primaryimage","url":"https:\/\/fuentesfidedignas.com.mx\/wp-content\/uploads\/2024\/06\/img_6753-1.jpg","contentUrl":"https:\/\/fuentesfidedignas.com.mx\/wp-content\/uploads\/2024\/06\/img_6753-1.jpg","width":1536,"height":1061},{"@type":"BreadcrumbList","@id":"https:\/\/fuentesfidedignas.com.mx\/index.php\/2024\/06\/13\/no-se-tiene-materia-legal-para-extradicion-de-carlos-ahumada-sspc\/#breadcrumb","itemListElement":[{"@type":"ListItem","position":1,"name":"Inicio","item":"https:\/\/fuentesfidedignas.com.mx\/"},{"@type":"ListItem","position":2,"name":"No se tiene materia legal para extradici\u00f3n de Carlos Ahumada a M\u00e9xico"}]},{"@type":"WebSite","@id":"https:\/\/fuentesfidedignas.com.mx\/#website","url":"https:\/\/fuentesfidedignas.com.mx\/","name":"Fuentes Fidedignas","description":"Otro sitio realizado con WordPress","publisher":{"@id":"https:\/\/fuentesfidedignas.com.mx\/#organization"},"potentialAction":[{"@type":"SearchAction","target":{"@type":"EntryPoint","urlTemplate":"https:\/\/fuentesfidedignas.com.mx\/?s={search_term_string}"},"query-input":{"@type":"PropertyValueSpecification","valueRequired":true,"valueName":"search_term_string"}}],"inLanguage":"es"},{"@type":"Organization","@id":"https:\/\/fuentesfidedignas.com.mx\/#organization","name":"Fuentes Fidedignas","url":"https:\/\/fuentesfidedignas.com.mx\/","logo":{"@type":"ImageObject","inLanguage":"es","@id":"https:\/\/fuentesfidedignas.com.mx\/#\/schema\/logo\/image\/","url":"https:\/\/fuentesfidedignas.com.mx\/wp-content\/uploads\/2021\/04\/logo-retina.png","contentUrl":"https:\/\/fuentesfidedignas.com.mx\/wp-content\/uploads\/2021\/04\/logo-retina.png","width":280,"height":51,"caption":"Fuentes Fidedignas"},"image":{"@id":"https:\/\/fuentesfidedignas.com.mx\/#\/schema\/logo\/image\/"},"sameAs":["https:\/\/www.facebook.com\/Fuentes-Fidedignas-368234489921644","https:\/\/x.com\/fidedignas"]},{"@type":"Person","@id":"https:\/\/fuentesfidedignas.com.mx\/#\/schema\/person\/67d852f0557c8509146a4b9ddebd543a","name":"L\u00f3pez D\u00f3riga","image":{"@type":"ImageObject","inLanguage":"es","@id":"https:\/\/secure.gravatar.com\/avatar\/e525b06574ca18b33cded59dfe5778d6c823b9513154eff47da551b0551bdd1e?s=96&d=mm&r=g","url":"https:\/\/secure.gravatar.com\/avatar\/e525b06574ca18b33cded59dfe5778d6c823b9513154eff47da551b0551bdd1e?s=96&d=mm&r=g","contentUrl":"https:\/\/secure.gravatar.com\/avatar\/e525b06574ca18b33cded59dfe5778d6c823b9513154eff47da551b0551bdd1e?s=96&d=mm&r=g","caption":"L\u00f3pez D\u00f3riga"},"url":"https:\/\/fuentesfidedignas.com.mx\/index.php\/author\/doriga\/"}]}},"_links":{"self":[{"href":"https:\/\/fuentesfidedignas.com.mx\/index.php\/wp-json\/wp\/v2\/posts\/84006","targetHints":{"allow":["GET"]}}],"collection":[{"href":"https:\/\/fuentesfidedignas.com.mx\/index.php\/wp-json\/wp\/v2\/posts"}],"about":[{"href":"https:\/\/fuentesfidedignas.com.mx\/index.php\/wp-json\/wp\/v2\/types\/post"}],"author":[{"embeddable":true,"href":"https:\/\/fuentesfidedignas.com.mx\/index.php\/wp-json\/wp\/v2\/users\/47"}],"replies":[{"embeddable":true,"href":"https:\/\/fuentesfidedignas.com.mx\/index.php\/wp-json\/wp\/v2\/comments?post=84006"}],"version-history":[{"count":2,"href":"https:\/\/fuentesfidedignas.com.mx\/index.php\/wp-json\/wp\/v2\/posts\/84006\/revisions"}],"predecessor-version":[{"id":84008,"href":"https:\/\/fuentesfidedignas.com.mx\/index.php\/wp-json\/wp\/v2\/posts\/84006\/revisions\/84008"}],"wp:featuredmedia":[{"embeddable":true,"href":"https:\/\/fuentesfidedignas.com.mx\/index.php\/wp-json\/wp\/v2\/media\/84005"}],"wp:attachment":[{"href":"https:\/\/fuentesfidedignas.com.mx\/index.php\/wp-json\/wp\/v2\/media?parent=84006"}],"wp:term":[{"taxonomy":"category","embeddable":true,"href":"https:\/\/fuentesfidedignas.com.mx\/index.php\/wp-json\/wp\/v2\/categories?post=84006"},{"taxonomy":"post_tag","embeddable":true,"href":"https:\/\/fuentesfidedignas.com.mx\/index.php\/wp-json\/wp\/v2\/tags?post=84006"}],"curies":[{"name":"wp","href":"https:\/\/api.w.org\/{rel}","templated":true}]}}