{"id":84003,"date":"2024-06-13T09:39:39","date_gmt":"2024-06-13T16:39:39","guid":{"rendered":"https:\/\/fuentesfidedignas.com.mx\/?p=84003"},"modified":"2024-06-13T09:40:22","modified_gmt":"2024-06-13T16:40:22","slug":"se-aproxima-mi-retiro-admite-jose-ramon-fernandez","status":"publish","type":"post","link":"https:\/\/fuentesfidedignas.com.mx\/index.php\/2024\/06\/13\/se-aproxima-mi-retiro-admite-jose-ramon-fernandez\/","title":{"rendered":"\u2018Se aproxima mi retiro\u2019, admite Jos\u00e9 Ram\u00f3n Fern\u00e1ndez"},"content":{"rendered":"\n<p><strong><em>El periodista deportivo quisiera seguir por otros 50 a\u00f1os m\u00e1s en programas de televisi\u00f3n, pero admiti\u00f3 que sabe perfectamente que se acerca su retiro<\/em><\/strong><\/p>\n\n\n\n<p>Ciudad de M\u00e9xico.- <strong>Jos\u00e9 Ram\u00f3n Fern\u00e1ndez<\/strong>&nbsp;quisiera seguir por otros 50 a\u00f1os m\u00e1s participando en programas de televisi\u00f3n, pero admiti\u00f3 que se aproxima su retiro, luego de estar 51 a\u00f1os en los medios de comunicaci\u00f3n.<\/p>\n\n\n\n<p>\u201cCreo que ya se aproxima mi retiro, lo s\u00e9 perfectamente. Me duele, pero la vida es as\u00ed, llega un momento en el que estoy bien, tengo mi memoria corta, no tengo enfermedades&#8230; Ahora me encuentro muy bien, estoy trabajando en&nbsp;<em>ESPN<\/em>&nbsp;y posiblemente en poco tiempo est\u00e9 despidi\u00e9ndome\u201d, coment\u00f3&nbsp;<strong>Jos\u00e9 Ram\u00f3n Fern\u00e1ndez<\/strong>&nbsp;en entrevista con Roberto G\u00f3mez Junco en \u2018Di\u00e1logos sin Bal\u00f3n\u2019.<\/p>\n\n\n\n<p><strong>Jos\u00e9 Ram\u00f3n Fern\u00e1ndez<\/strong>&nbsp;sigue disfrutando de lo que hace, ya con m\u00e1s tranquilidad.<\/p>\n\n\n\n<p>Cuestionado sobre la evoluci\u00f3n de la televisi\u00f3n deportiva, coment\u00f3 que se volvi\u00f3 una mesa de debate.<\/p>\n\n\n\n<p>\u201cUnas son buenas, otras regulares, otras son muy malas, son mesas de debate. Ha empeorado la televisi\u00f3n deportiva porque antes se produc\u00eda m\u00e1s, ten\u00edas talentos y hac\u00edas cosas que le gustaba a la gente.<\/p>\n\n\n\n<p><strong>A m\u00ed me gustaba que los programas se reuniera la familia<\/strong>&nbsp;para verlos, el padre se juntara con sus hijos y se riera, por eso los comediantes. Andr\u00e9s Bustamente era comediante muy blanco y el otro Brozo era muy peligroso, pero se manten\u00eda en la raya\u201d, coment\u00f3.<\/p>\n\n\n\n<p>Siguiendo con su comentario de las mesas de debate,&nbsp;<strong>Jos\u00e9 Ram\u00f3n Fern\u00e1ndez<\/strong>&nbsp;indic\u00f3 que se ha convertido en un tema de egos, de ver qui\u00e9n grita m\u00e1s o menos.<\/p>\n\n\n\n<p>\u201cLas mesas de debate se han convertido en otra parte, en los famosos egos, a ver qui\u00e9n grita m\u00e1s o menos, o qui\u00e9n sabe m\u00e1s o menos. Tuve grandes maestros, C\u00e9sar Luis Menotti, Jorge Valdano, (Emilio) Butrague\u00f1o, Pel\u00e9, me hice muy amigo de Pel\u00e9 y lo entrevist\u00e9 muchas veces, un buen tipo\u201d, indic\u00f3.<\/p>\n\n\n\n<p><\/p>\n","protected":false},"excerpt":{"rendered":"<p>El periodista deportivo quisiera seguir por otros 50 a\u00f1os m\u00e1s en programas de televisi\u00f3n, pero admiti\u00f3 que sabe perfectamente que se acerca su retiro Ciudad de M\u00e9xico.- Jos\u00e9 Ram\u00f3n Fern\u00e1ndez&nbsp;quisiera seguir por otros 50 a\u00f1os m\u00e1s participando en programas de televisi\u00f3n, pero admiti\u00f3 que se aproxima su retiro, luego de estar 51 a\u00f1os en los [&hellip;]<\/p>\n","protected":false},"author":7,"featured_media":84002,"comment_status":"closed","ping_status":"open","sticky":false,"template":"","format":"standard","meta":{"tdm_status":"","tdm_grid_status":"","footnotes":""},"categories":[39,1],"tags":[],"class_list":{"0":"post-84003","1":"post","2":"type-post","3":"status-publish","4":"format-standard","5":"has-post-thumbnail","7":"category-noticias-nacionales","8":"category-sin-categoria"},"yoast_head":"<!-- This site is optimized with the Yoast SEO plugin v27.4 - https:\/\/yoast.com\/product\/yoast-seo-wordpress\/ -->\n<title>\u2018Se aproxima mi retiro\u2019, admite Jos\u00e9 Ram\u00f3n Fern\u00e1ndez - Fuentes Fidedignas<\/title>\n<meta name=\"robots\" content=\"index, follow, max-snippet:-1, max-image-preview:large, max-video-preview:-1\" \/>\n<link rel=\"canonical\" href=\"https:\/\/fuentesfidedignas.com.mx\/index.php\/2024\/06\/13\/se-aproxima-mi-retiro-admite-jose-ramon-fernandez\/\" \/>\n<meta property=\"og:locale\" content=\"es_MX\" \/>\n<meta property=\"og:type\" content=\"article\" \/>\n<meta property=\"og:title\" content=\"\u2018Se aproxima mi retiro\u2019, admite Jos\u00e9 Ram\u00f3n Fern\u00e1ndez - Fuentes Fidedignas\" \/>\n<meta property=\"og:description\" content=\"El periodista deportivo quisiera seguir por otros 50 a\u00f1os m\u00e1s en programas de televisi\u00f3n, pero admiti\u00f3 que sabe perfectamente que se acerca su retiro Ciudad de M\u00e9xico.- Jos\u00e9 Ram\u00f3n Fern\u00e1ndez&nbsp;quisiera seguir por otros 50 a\u00f1os m\u00e1s participando en programas de televisi\u00f3n, pero admiti\u00f3 que se aproxima su retiro, luego de estar 51 a\u00f1os en los [&hellip;]\" \/>\n<meta property=\"og:url\" content=\"https:\/\/fuentesfidedignas.com.mx\/index.php\/2024\/06\/13\/se-aproxima-mi-retiro-admite-jose-ramon-fernandez\/\" \/>\n<meta property=\"og:site_name\" content=\"Fuentes Fidedignas\" \/>\n<meta property=\"article:publisher\" content=\"https:\/\/www.facebook.com\/Fuentes-Fidedignas-368234489921644\" \/>\n<meta property=\"article:published_time\" content=\"2024-06-13T16:39:39+00:00\" \/>\n<meta property=\"article:modified_time\" content=\"2024-06-13T16:40:22+00:00\" \/>\n<meta property=\"og:image\" content=\"https:\/\/fuentesfidedignas.com.mx\/wp-content\/uploads\/2024\/06\/img_6752-1.jpg\" \/>\n\t<meta property=\"og:image:width\" content=\"1200\" \/>\n\t<meta property=\"og:image:height\" content=\"900\" \/>\n\t<meta property=\"og:image:type\" content=\"image\/jpeg\" \/>\n<meta name=\"author\" content=\"Exc\u00e9lsior\" \/>\n<meta name=\"twitter:card\" content=\"summary_large_image\" \/>\n<meta name=\"twitter:creator\" content=\"@fidedignas\" \/>\n<meta name=\"twitter:site\" content=\"@fidedignas\" \/>\n<meta name=\"twitter:label1\" content=\"Escrito por\" \/>\n\t<meta name=\"twitter:data1\" content=\"Exc\u00e9lsior\" \/>\n\t<meta name=\"twitter:label2\" content=\"Tiempo de lectura\" \/>\n\t<meta name=\"twitter:data2\" content=\"2 minutos\" \/>\n<script type=\"application\/ld+json\" class=\"yoast-schema-graph\">{\"@context\":\"https:\\\/\\\/schema.org\",\"@graph\":[{\"@type\":\"Article\",\"@id\":\"https:\\\/\\\/fuentesfidedignas.com.mx\\\/index.php\\\/2024\\\/06\\\/13\\\/se-aproxima-mi-retiro-admite-jose-ramon-fernandez\\\/#article\",\"isPartOf\":{\"@id\":\"https:\\\/\\\/fuentesfidedignas.com.mx\\\/index.php\\\/2024\\\/06\\\/13\\\/se-aproxima-mi-retiro-admite-jose-ramon-fernandez\\\/\"},\"author\":{\"name\":\"Exc\u00e9lsior\",\"@id\":\"https:\\\/\\\/fuentesfidedignas.com.mx\\\/#\\\/schema\\\/person\\\/ec4edd1fbf5efa3e44fce34fe2787780\"},\"headline\":\"\u2018Se aproxima mi retiro\u2019, admite Jos\u00e9 Ram\u00f3n Fern\u00e1ndez\",\"datePublished\":\"2024-06-13T16:39:39+00:00\",\"dateModified\":\"2024-06-13T16:40:22+00:00\",\"mainEntityOfPage\":{\"@id\":\"https:\\\/\\\/fuentesfidedignas.com.mx\\\/index.php\\\/2024\\\/06\\\/13\\\/se-aproxima-mi-retiro-admite-jose-ramon-fernandez\\\/\"},\"wordCount\":369,\"publisher\":{\"@id\":\"https:\\\/\\\/fuentesfidedignas.com.mx\\\/#organization\"},\"image\":{\"@id\":\"https:\\\/\\\/fuentesfidedignas.com.mx\\\/index.php\\\/2024\\\/06\\\/13\\\/se-aproxima-mi-retiro-admite-jose-ramon-fernandez\\\/#primaryimage\"},\"thumbnailUrl\":\"https:\\\/\\\/fuentesfidedignas.com.mx\\\/wp-content\\\/uploads\\\/2024\\\/06\\\/img_6752-1.jpg\",\"articleSection\":[\"NOTICIAS NACIONALES\"],\"inLanguage\":\"es\"},{\"@type\":\"WebPage\",\"@id\":\"https:\\\/\\\/fuentesfidedignas.com.mx\\\/index.php\\\/2024\\\/06\\\/13\\\/se-aproxima-mi-retiro-admite-jose-ramon-fernandez\\\/\",\"url\":\"https:\\\/\\\/fuentesfidedignas.com.mx\\\/index.php\\\/2024\\\/06\\\/13\\\/se-aproxima-mi-retiro-admite-jose-ramon-fernandez\\\/\",\"name\":\"\u2018Se aproxima mi retiro\u2019, admite Jos\u00e9 Ram\u00f3n Fern\u00e1ndez - Fuentes Fidedignas\",\"isPartOf\":{\"@id\":\"https:\\\/\\\/fuentesfidedignas.com.mx\\\/#website\"},\"primaryImageOfPage\":{\"@id\":\"https:\\\/\\\/fuentesfidedignas.com.mx\\\/index.php\\\/2024\\\/06\\\/13\\\/se-aproxima-mi-retiro-admite-jose-ramon-fernandez\\\/#primaryimage\"},\"image\":{\"@id\":\"https:\\\/\\\/fuentesfidedignas.com.mx\\\/index.php\\\/2024\\\/06\\\/13\\\/se-aproxima-mi-retiro-admite-jose-ramon-fernandez\\\/#primaryimage\"},\"thumbnailUrl\":\"https:\\\/\\\/fuentesfidedignas.com.mx\\\/wp-content\\\/uploads\\\/2024\\\/06\\\/img_6752-1.jpg\",\"datePublished\":\"2024-06-13T16:39:39+00:00\",\"dateModified\":\"2024-06-13T16:40:22+00:00\",\"breadcrumb\":{\"@id\":\"https:\\\/\\\/fuentesfidedignas.com.mx\\\/index.php\\\/2024\\\/06\\\/13\\\/se-aproxima-mi-retiro-admite-jose-ramon-fernandez\\\/#breadcrumb\"},\"inLanguage\":\"es\",\"potentialAction\":[{\"@type\":\"ReadAction\",\"target\":[\"https:\\\/\\\/fuentesfidedignas.com.mx\\\/index.php\\\/2024\\\/06\\\/13\\\/se-aproxima-mi-retiro-admite-jose-ramon-fernandez\\\/\"]}]},{\"@type\":\"ImageObject\",\"inLanguage\":\"es\",\"@id\":\"https:\\\/\\\/fuentesfidedignas.com.mx\\\/index.php\\\/2024\\\/06\\\/13\\\/se-aproxima-mi-retiro-admite-jose-ramon-fernandez\\\/#primaryimage\",\"url\":\"https:\\\/\\\/fuentesfidedignas.com.mx\\\/wp-content\\\/uploads\\\/2024\\\/06\\\/img_6752-1.jpg\",\"contentUrl\":\"https:\\\/\\\/fuentesfidedignas.com.mx\\\/wp-content\\\/uploads\\\/2024\\\/06\\\/img_6752-1.jpg\",\"width\":1200,\"height\":900},{\"@type\":\"BreadcrumbList\",\"@id\":\"https:\\\/\\\/fuentesfidedignas.com.mx\\\/index.php\\\/2024\\\/06\\\/13\\\/se-aproxima-mi-retiro-admite-jose-ramon-fernandez\\\/#breadcrumb\",\"itemListElement\":[{\"@type\":\"ListItem\",\"position\":1,\"name\":\"Inicio\",\"item\":\"https:\\\/\\\/fuentesfidedignas.com.mx\\\/\"},{\"@type\":\"ListItem\",\"position\":2,\"name\":\"\u2018Se aproxima mi retiro\u2019, admite Jos\u00e9 Ram\u00f3n Fern\u00e1ndez\"}]},{\"@type\":\"WebSite\",\"@id\":\"https:\\\/\\\/fuentesfidedignas.com.mx\\\/#website\",\"url\":\"https:\\\/\\\/fuentesfidedignas.com.mx\\\/\",\"name\":\"Fuentes Fidedignas\",\"description\":\"Otro sitio realizado con WordPress\",\"publisher\":{\"@id\":\"https:\\\/\\\/fuentesfidedignas.com.mx\\\/#organization\"},\"potentialAction\":[{\"@type\":\"SearchAction\",\"target\":{\"@type\":\"EntryPoint\",\"urlTemplate\":\"https:\\\/\\\/fuentesfidedignas.com.mx\\\/?s={search_term_string}\"},\"query-input\":{\"@type\":\"PropertyValueSpecification\",\"valueRequired\":true,\"valueName\":\"search_term_string\"}}],\"inLanguage\":\"es\"},{\"@type\":\"Organization\",\"@id\":\"https:\\\/\\\/fuentesfidedignas.com.mx\\\/#organization\",\"name\":\"Fuentes Fidedignas\",\"url\":\"https:\\\/\\\/fuentesfidedignas.com.mx\\\/\",\"logo\":{\"@type\":\"ImageObject\",\"inLanguage\":\"es\",\"@id\":\"https:\\\/\\\/fuentesfidedignas.com.mx\\\/#\\\/schema\\\/logo\\\/image\\\/\",\"url\":\"https:\\\/\\\/fuentesfidedignas.com.mx\\\/wp-content\\\/uploads\\\/2021\\\/04\\\/logo-retina.png\",\"contentUrl\":\"https:\\\/\\\/fuentesfidedignas.com.mx\\\/wp-content\\\/uploads\\\/2021\\\/04\\\/logo-retina.png\",\"width\":280,\"height\":51,\"caption\":\"Fuentes Fidedignas\"},\"image\":{\"@id\":\"https:\\\/\\\/fuentesfidedignas.com.mx\\\/#\\\/schema\\\/logo\\\/image\\\/\"},\"sameAs\":[\"https:\\\/\\\/www.facebook.com\\\/Fuentes-Fidedignas-368234489921644\",\"https:\\\/\\\/x.com\\\/fidedignas\"]},{\"@type\":\"Person\",\"@id\":\"https:\\\/\\\/fuentesfidedignas.com.mx\\\/#\\\/schema\\\/person\\\/ec4edd1fbf5efa3e44fce34fe2787780\",\"name\":\"Exc\u00e9lsior\",\"image\":{\"@type\":\"ImageObject\",\"inLanguage\":\"es\",\"@id\":\"https:\\\/\\\/secure.gravatar.com\\\/avatar\\\/4b7ee9206b48be08447852b3f0814dbc7c0f3b51541b164f1464a2725614020b?s=96&d=mm&r=g\",\"url\":\"https:\\\/\\\/secure.gravatar.com\\\/avatar\\\/4b7ee9206b48be08447852b3f0814dbc7c0f3b51541b164f1464a2725614020b?s=96&d=mm&r=g\",\"contentUrl\":\"https:\\\/\\\/secure.gravatar.com\\\/avatar\\\/4b7ee9206b48be08447852b3f0814dbc7c0f3b51541b164f1464a2725614020b?s=96&d=mm&r=g\",\"caption\":\"Exc\u00e9lsior\"},\"url\":\"https:\\\/\\\/fuentesfidedignas.com.mx\\\/index.php\\\/author\\\/excelsior\\\/\"}]}<\/script>\n<!-- \/ Yoast SEO plugin. -->","yoast_head_json":{"title":"\u2018Se aproxima mi retiro\u2019, admite Jos\u00e9 Ram\u00f3n Fern\u00e1ndez - Fuentes Fidedignas","robots":{"index":"index","follow":"follow","max-snippet":"max-snippet:-1","max-image-preview":"max-image-preview:large","max-video-preview":"max-video-preview:-1"},"canonical":"https:\/\/fuentesfidedignas.com.mx\/index.php\/2024\/06\/13\/se-aproxima-mi-retiro-admite-jose-ramon-fernandez\/","og_locale":"es_MX","og_type":"article","og_title":"\u2018Se aproxima mi retiro\u2019, admite Jos\u00e9 Ram\u00f3n Fern\u00e1ndez - Fuentes Fidedignas","og_description":"El periodista deportivo quisiera seguir por otros 50 a\u00f1os m\u00e1s en programas de televisi\u00f3n, pero admiti\u00f3 que sabe perfectamente que se acerca su retiro Ciudad de M\u00e9xico.- Jos\u00e9 Ram\u00f3n Fern\u00e1ndez&nbsp;quisiera seguir por otros 50 a\u00f1os m\u00e1s participando en programas de televisi\u00f3n, pero admiti\u00f3 que se aproxima su retiro, luego de estar 51 a\u00f1os en los [&hellip;]","og_url":"https:\/\/fuentesfidedignas.com.mx\/index.php\/2024\/06\/13\/se-aproxima-mi-retiro-admite-jose-ramon-fernandez\/","og_site_name":"Fuentes Fidedignas","article_publisher":"https:\/\/www.facebook.com\/Fuentes-Fidedignas-368234489921644","article_published_time":"2024-06-13T16:39:39+00:00","article_modified_time":"2024-06-13T16:40:22+00:00","og_image":[{"width":1200,"height":900,"url":"https:\/\/fuentesfidedignas.com.mx\/wp-content\/uploads\/2024\/06\/img_6752-1.jpg","type":"image\/jpeg"}],"author":"Exc\u00e9lsior","twitter_card":"summary_large_image","twitter_creator":"@fidedignas","twitter_site":"@fidedignas","twitter_misc":{"Escrito por":"Exc\u00e9lsior","Tiempo de lectura":"2 minutos"},"schema":{"@context":"https:\/\/schema.org","@graph":[{"@type":"Article","@id":"https:\/\/fuentesfidedignas.com.mx\/index.php\/2024\/06\/13\/se-aproxima-mi-retiro-admite-jose-ramon-fernandez\/#article","isPartOf":{"@id":"https:\/\/fuentesfidedignas.com.mx\/index.php\/2024\/06\/13\/se-aproxima-mi-retiro-admite-jose-ramon-fernandez\/"},"author":{"name":"Exc\u00e9lsior","@id":"https:\/\/fuentesfidedignas.com.mx\/#\/schema\/person\/ec4edd1fbf5efa3e44fce34fe2787780"},"headline":"\u2018Se aproxima mi retiro\u2019, admite Jos\u00e9 Ram\u00f3n Fern\u00e1ndez","datePublished":"2024-06-13T16:39:39+00:00","dateModified":"2024-06-13T16:40:22+00:00","mainEntityOfPage":{"@id":"https:\/\/fuentesfidedignas.com.mx\/index.php\/2024\/06\/13\/se-aproxima-mi-retiro-admite-jose-ramon-fernandez\/"},"wordCount":369,"publisher":{"@id":"https:\/\/fuentesfidedignas.com.mx\/#organization"},"image":{"@id":"https:\/\/fuentesfidedignas.com.mx\/index.php\/2024\/06\/13\/se-aproxima-mi-retiro-admite-jose-ramon-fernandez\/#primaryimage"},"thumbnailUrl":"https:\/\/fuentesfidedignas.com.mx\/wp-content\/uploads\/2024\/06\/img_6752-1.jpg","articleSection":["NOTICIAS NACIONALES"],"inLanguage":"es"},{"@type":"WebPage","@id":"https:\/\/fuentesfidedignas.com.mx\/index.php\/2024\/06\/13\/se-aproxima-mi-retiro-admite-jose-ramon-fernandez\/","url":"https:\/\/fuentesfidedignas.com.mx\/index.php\/2024\/06\/13\/se-aproxima-mi-retiro-admite-jose-ramon-fernandez\/","name":"\u2018Se aproxima mi retiro\u2019, admite Jos\u00e9 Ram\u00f3n Fern\u00e1ndez - Fuentes Fidedignas","isPartOf":{"@id":"https:\/\/fuentesfidedignas.com.mx\/#website"},"primaryImageOfPage":{"@id":"https:\/\/fuentesfidedignas.com.mx\/index.php\/2024\/06\/13\/se-aproxima-mi-retiro-admite-jose-ramon-fernandez\/#primaryimage"},"image":{"@id":"https:\/\/fuentesfidedignas.com.mx\/index.php\/2024\/06\/13\/se-aproxima-mi-retiro-admite-jose-ramon-fernandez\/#primaryimage"},"thumbnailUrl":"https:\/\/fuentesfidedignas.com.mx\/wp-content\/uploads\/2024\/06\/img_6752-1.jpg","datePublished":"2024-06-13T16:39:39+00:00","dateModified":"2024-06-13T16:40:22+00:00","breadcrumb":{"@id":"https:\/\/fuentesfidedignas.com.mx\/index.php\/2024\/06\/13\/se-aproxima-mi-retiro-admite-jose-ramon-fernandez\/#breadcrumb"},"inLanguage":"es","potentialAction":[{"@type":"ReadAction","target":["https:\/\/fuentesfidedignas.com.mx\/index.php\/2024\/06\/13\/se-aproxima-mi-retiro-admite-jose-ramon-fernandez\/"]}]},{"@type":"ImageObject","inLanguage":"es","@id":"https:\/\/fuentesfidedignas.com.mx\/index.php\/2024\/06\/13\/se-aproxima-mi-retiro-admite-jose-ramon-fernandez\/#primaryimage","url":"https:\/\/fuentesfidedignas.com.mx\/wp-content\/uploads\/2024\/06\/img_6752-1.jpg","contentUrl":"https:\/\/fuentesfidedignas.com.mx\/wp-content\/uploads\/2024\/06\/img_6752-1.jpg","width":1200,"height":900},{"@type":"BreadcrumbList","@id":"https:\/\/fuentesfidedignas.com.mx\/index.php\/2024\/06\/13\/se-aproxima-mi-retiro-admite-jose-ramon-fernandez\/#breadcrumb","itemListElement":[{"@type":"ListItem","position":1,"name":"Inicio","item":"https:\/\/fuentesfidedignas.com.mx\/"},{"@type":"ListItem","position":2,"name":"\u2018Se aproxima mi retiro\u2019, admite Jos\u00e9 Ram\u00f3n Fern\u00e1ndez"}]},{"@type":"WebSite","@id":"https:\/\/fuentesfidedignas.com.mx\/#website","url":"https:\/\/fuentesfidedignas.com.mx\/","name":"Fuentes Fidedignas","description":"Otro sitio realizado con WordPress","publisher":{"@id":"https:\/\/fuentesfidedignas.com.mx\/#organization"},"potentialAction":[{"@type":"SearchAction","target":{"@type":"EntryPoint","urlTemplate":"https:\/\/fuentesfidedignas.com.mx\/?s={search_term_string}"},"query-input":{"@type":"PropertyValueSpecification","valueRequired":true,"valueName":"search_term_string"}}],"inLanguage":"es"},{"@type":"Organization","@id":"https:\/\/fuentesfidedignas.com.mx\/#organization","name":"Fuentes Fidedignas","url":"https:\/\/fuentesfidedignas.com.mx\/","logo":{"@type":"ImageObject","inLanguage":"es","@id":"https:\/\/fuentesfidedignas.com.mx\/#\/schema\/logo\/image\/","url":"https:\/\/fuentesfidedignas.com.mx\/wp-content\/uploads\/2021\/04\/logo-retina.png","contentUrl":"https:\/\/fuentesfidedignas.com.mx\/wp-content\/uploads\/2021\/04\/logo-retina.png","width":280,"height":51,"caption":"Fuentes Fidedignas"},"image":{"@id":"https:\/\/fuentesfidedignas.com.mx\/#\/schema\/logo\/image\/"},"sameAs":["https:\/\/www.facebook.com\/Fuentes-Fidedignas-368234489921644","https:\/\/x.com\/fidedignas"]},{"@type":"Person","@id":"https:\/\/fuentesfidedignas.com.mx\/#\/schema\/person\/ec4edd1fbf5efa3e44fce34fe2787780","name":"Exc\u00e9lsior","image":{"@type":"ImageObject","inLanguage":"es","@id":"https:\/\/secure.gravatar.com\/avatar\/4b7ee9206b48be08447852b3f0814dbc7c0f3b51541b164f1464a2725614020b?s=96&d=mm&r=g","url":"https:\/\/secure.gravatar.com\/avatar\/4b7ee9206b48be08447852b3f0814dbc7c0f3b51541b164f1464a2725614020b?s=96&d=mm&r=g","contentUrl":"https:\/\/secure.gravatar.com\/avatar\/4b7ee9206b48be08447852b3f0814dbc7c0f3b51541b164f1464a2725614020b?s=96&d=mm&r=g","caption":"Exc\u00e9lsior"},"url":"https:\/\/fuentesfidedignas.com.mx\/index.php\/author\/excelsior\/"}]}},"_links":{"self":[{"href":"https:\/\/fuentesfidedignas.com.mx\/index.php\/wp-json\/wp\/v2\/posts\/84003","targetHints":{"allow":["GET"]}}],"collection":[{"href":"https:\/\/fuentesfidedignas.com.mx\/index.php\/wp-json\/wp\/v2\/posts"}],"about":[{"href":"https:\/\/fuentesfidedignas.com.mx\/index.php\/wp-json\/wp\/v2\/types\/post"}],"author":[{"embeddable":true,"href":"https:\/\/fuentesfidedignas.com.mx\/index.php\/wp-json\/wp\/v2\/users\/7"}],"replies":[{"embeddable":true,"href":"https:\/\/fuentesfidedignas.com.mx\/index.php\/wp-json\/wp\/v2\/comments?post=84003"}],"version-history":[{"count":1,"href":"https:\/\/fuentesfidedignas.com.mx\/index.php\/wp-json\/wp\/v2\/posts\/84003\/revisions"}],"predecessor-version":[{"id":84004,"href":"https:\/\/fuentesfidedignas.com.mx\/index.php\/wp-json\/wp\/v2\/posts\/84003\/revisions\/84004"}],"wp:featuredmedia":[{"embeddable":true,"href":"https:\/\/fuentesfidedignas.com.mx\/index.php\/wp-json\/wp\/v2\/media\/84002"}],"wp:attachment":[{"href":"https:\/\/fuentesfidedignas.com.mx\/index.php\/wp-json\/wp\/v2\/media?parent=84003"}],"wp:term":[{"taxonomy":"category","embeddable":true,"href":"https:\/\/fuentesfidedignas.com.mx\/index.php\/wp-json\/wp\/v2\/categories?post=84003"},{"taxonomy":"post_tag","embeddable":true,"href":"https:\/\/fuentesfidedignas.com.mx\/index.php\/wp-json\/wp\/v2\/tags?post=84003"}],"curies":[{"name":"wp","href":"https:\/\/api.w.org\/{rel}","templated":true}]}}