{"id":83985,"date":"2024-06-13T17:17:39","date_gmt":"2024-06-14T00:17:39","guid":{"rendered":"https:\/\/fuentesfidedignas.com.mx\/?p=83985"},"modified":"2024-06-13T17:17:22","modified_gmt":"2024-06-14T00:17:22","slug":"invitan-a-los-aspirantes-a-ingresar-a-la-uas-presentarse-con-tiempo-a-la-aplicacion-del-examen","status":"publish","type":"post","link":"https:\/\/fuentesfidedignas.com.mx\/index.php\/2024\/06\/13\/invitan-a-los-aspirantes-a-ingresar-a-la-uas-presentarse-con-tiempo-a-la-aplicacion-del-examen\/","title":{"rendered":"Invitan a los aspirantes a ingresar a la UAS presentarse con tiempo a la aplicaci\u00f3n del examen"},"content":{"rendered":"\n<p><strong><em>Tambi\u00e9n se les pide a los j\u00f3venes acudir con su pase de ingreso y una identificaci\u00f3n, de igual manera indic\u00f3 que no se permitir\u00e1n calculadoras cient\u00edficas, y el material para la aplicaci\u00f3n les ser\u00e1 facilitado por la instituci\u00f3n. \u00a0<\/em><\/strong><\/p>\n\n\n\n<p>Culiac\u00e1n, Sin.- El pr\u00f3ximo s\u00e1bado 15 de junio, a las 8:00 de la ma\u00f1ana, en las cuatro unidades regionales la Universidad Aut\u00f3noma de Sinaloa (UAS) aplicar\u00e1 el examen diagn\u00f3stico y de admisi\u00f3n a m\u00e1s de 50 mil aspirantes de nuevo ingreso tanto del nivel medio superior como superior, anunciaron los miembros de la Comunidad Participante Del Bien Hacer.<\/p>\n\n\n\n<p>En conferencia de prensa, este organismo de investigadoras e investigadores de la m\u00e1xima casa de estudios, dieron a conocer que se trabaja en la log\u00edstica para que los j\u00f3venes, no solo de Sinaloa sino tambi\u00e9n de otras entidades federativas, presenten el examen en la unidad acad\u00e9mica a la que aspiran a ingresar para el ciclo escolar 2024-2025, proceso en el que participan de manera coordinada directivos, personal docente y administrativo.<\/p>\n\n\n\n<p>Andrea Hern\u00e1ndez Vel\u00e1zquez, estudiante de la Maestr\u00eda en Estudios Pol\u00edticos y Sociales en la Facultad de Estudios Internacionales y Pol\u00edticas P\u00fablicas, detall\u00f3 parte del proceso que se realizar\u00e1 el 15 de junio, haciendo una atenta invitaci\u00f3n a los aspirantes a llegar a tiempo al plantel educativo que les corresponde y puedan ubicar sin contratiempos el aula en las que les tocar\u00e1 presentar el examen.<\/p>\n\n\n\n<p>Adem\u00e1s, pidi\u00f3 a los j\u00f3venes acudir con su pase de ingreso y una identificaci\u00f3n, de igual manera indic\u00f3 que no se permitir\u00e1n calculadoras cient\u00edficas, y el material para la aplicaci\u00f3n les ser\u00e1 facilitado por la instituci\u00f3n. \u00a0<\/p>\n\n\n\n<p>\u201cLa universidad est\u00e1 tratando de hacer todo lo posible para admitir el mayor n\u00famero de estudiantes a pesar de los problemas que est\u00e1 enfrentando y dales una educaci\u00f3n de calidad\u201d, dijo.<\/p>\n\n\n\n<p>A su vez el docente de la Facultad de Ciencias de la Tierra y el Espacio (FACITE), Tiojari Guzm\u00e1n Galindo a nombre de la agrupaci\u00f3n Del Bien Hacer hizo extensiva la felicitaci\u00f3n al Rector titular, doctor Jes\u00fas Madue\u00f1a Molina y el encargado del despacho de Rector\u00eda, doctor Robespierre Liz\u00e1rraga Otero por los resultados y logros alcanzados en los seis ejes del Plan de Desarrollo Institucional \u201cCon Visi\u00f3n de Futuro 2025\u201d, los cuales fueron dados a conocer a la sociedad, en el Tercer Informe de Labores.<\/p>\n\n\n\n<p>\u201cLos resultados que mostraron en el informe tanto el doctor Robespierre y el doctor Jes\u00fas Madue\u00f1a hablan de lo que es la universidad y la aceptaci\u00f3n que tiene la universidad ante toda la comunidad de los sinaloenses\u201d, consider\u00f3.<\/p>\n\n\n\n<p>En ese sentido, destac\u00f3 que la Casa Rosalina a nivel nacional, es la primera instituci\u00f3n en brindar cobertura universal, acci\u00f3n que, de acuerdo a lo expuesto por la doctora Carmen Enedina Rodr\u00edguez Armenta, directora General de Educaci\u00f3n Superior Universitaria e Intercultural de la SEP, la posicionan en el segundo lugar en cobertura estudiantil educativa.<\/p>\n\n\n\n<p>\u201cA pesar del ahorcamiento que tiene la universidad hace un esfuerzo tit\u00e1nico para poder darle esa oportunidad a esos estudiantes que tienen el sue\u00f1o de ser profesionistas en el futuro y la esperanza de tener este lugar dentro de la mejor universidad en nuestro estado y creo que est\u00e1 asegurado ese lugar gracias a la cobertura del 100 por ciento que la universidad brinda en los \u00faltimos a\u00f1os\u201d, manifest\u00f3.<\/p>\n\n\n\n<p>Por su parte, el docente de la Facultad de Estudios Internacionales y Pol\u00edticas P\u00fablicas, Gilberto L\u00f3pez Alfaro, agradeci\u00f3 a la comunidad sinaloense por la preferencia, reconocimiento y la confianza depositada en la UAS para continuar form\u00e1ndose acad\u00e9micamente y asegur\u00f3 que la universidad y la comunidad Del Bien Hacer seguir\u00e1n pie de lucha por la defensa de la autonom\u00eda universitaria y trabajando en temas de las problem\u00e1ticas que aquejan a la agenda cotidiana de Sinaloa.<\/p>\n","protected":false},"excerpt":{"rendered":"<p>Tambi\u00e9n se les pide a los j\u00f3venes acudir con su pase de ingreso y una identificaci\u00f3n, de igual manera indic\u00f3 que no se permitir\u00e1n calculadoras cient\u00edficas, y el material para la aplicaci\u00f3n les ser\u00e1 facilitado por la instituci\u00f3n. \u00a0 Culiac\u00e1n, Sin.- El pr\u00f3ximo s\u00e1bado 15 de junio, a las 8:00 de la ma\u00f1ana, en las [&hellip;]<\/p>\n","protected":false},"author":4,"featured_media":47796,"comment_status":"open","ping_status":"open","sticky":false,"template":"","format":"standard","meta":{"tdm_status":"","tdm_grid_status":"","footnotes":""},"categories":[38],"tags":[],"class_list":{"0":"post-83985","1":"post","2":"type-post","3":"status-publish","4":"format-standard","5":"has-post-thumbnail","7":"category-noticias-locales"},"yoast_head":"<!-- This site is optimized with the Yoast SEO plugin v27.5 - https:\/\/yoast.com\/product\/yoast-seo-wordpress\/ -->\n<title>Invitan a los aspirantes a ingresar a la UAS presentarse con tiempo a la aplicaci\u00f3n del examen - Fuentes Fidedignas<\/title>\n<meta name=\"robots\" content=\"index, follow, max-snippet:-1, max-image-preview:large, max-video-preview:-1\" \/>\n<link rel=\"canonical\" href=\"https:\/\/fuentesfidedignas.com.mx\/index.php\/2024\/06\/13\/invitan-a-los-aspirantes-a-ingresar-a-la-uas-presentarse-con-tiempo-a-la-aplicacion-del-examen\/\" \/>\n<meta property=\"og:locale\" content=\"es_MX\" \/>\n<meta property=\"og:type\" content=\"article\" \/>\n<meta property=\"og:title\" content=\"Invitan a los aspirantes a ingresar a la UAS presentarse con tiempo a la aplicaci\u00f3n del examen - Fuentes Fidedignas\" \/>\n<meta property=\"og:description\" content=\"Tambi\u00e9n se les pide a los j\u00f3venes acudir con su pase de ingreso y una identificaci\u00f3n, de igual manera indic\u00f3 que no se permitir\u00e1n calculadoras cient\u00edficas, y el material para la aplicaci\u00f3n les ser\u00e1 facilitado por la instituci\u00f3n. \u00a0 Culiac\u00e1n, Sin.- El pr\u00f3ximo s\u00e1bado 15 de junio, a las 8:00 de la ma\u00f1ana, en las [&hellip;]\" \/>\n<meta property=\"og:url\" content=\"https:\/\/fuentesfidedignas.com.mx\/index.php\/2024\/06\/13\/invitan-a-los-aspirantes-a-ingresar-a-la-uas-presentarse-con-tiempo-a-la-aplicacion-del-examen\/\" \/>\n<meta property=\"og:site_name\" content=\"Fuentes Fidedignas\" \/>\n<meta property=\"article:publisher\" content=\"https:\/\/www.facebook.com\/Fuentes-Fidedignas-368234489921644\" \/>\n<meta property=\"article:published_time\" content=\"2024-06-14T00:17:39+00:00\" \/>\n<meta property=\"og:image\" content=\"https:\/\/fuentesfidedignas.com.mx\/wp-content\/uploads\/2023\/05\/Examen-en-medio-superior-3.jpg\" \/>\n\t<meta property=\"og:image:width\" content=\"1500\" \/>\n\t<meta property=\"og:image:height\" content=\"998\" \/>\n\t<meta property=\"og:image:type\" content=\"image\/jpeg\" \/>\n<meta name=\"author\" content=\"Redacci\u00f3n\" \/>\n<meta name=\"twitter:card\" content=\"summary_large_image\" \/>\n<meta name=\"twitter:creator\" content=\"@fidedignas\" \/>\n<meta name=\"twitter:site\" content=\"@fidedignas\" \/>\n<meta name=\"twitter:label1\" content=\"Escrito por\" \/>\n\t<meta name=\"twitter:data1\" content=\"Redacci\u00f3n\" \/>\n\t<meta name=\"twitter:label2\" content=\"Tiempo de lectura\" \/>\n\t<meta name=\"twitter:data2\" content=\"4 minutos\" \/>\n<script type=\"application\/ld+json\" class=\"yoast-schema-graph\">{\"@context\":\"https:\\\/\\\/schema.org\",\"@graph\":[{\"@type\":\"Article\",\"@id\":\"https:\\\/\\\/fuentesfidedignas.com.mx\\\/index.php\\\/2024\\\/06\\\/13\\\/invitan-a-los-aspirantes-a-ingresar-a-la-uas-presentarse-con-tiempo-a-la-aplicacion-del-examen\\\/#article\",\"isPartOf\":{\"@id\":\"https:\\\/\\\/fuentesfidedignas.com.mx\\\/index.php\\\/2024\\\/06\\\/13\\\/invitan-a-los-aspirantes-a-ingresar-a-la-uas-presentarse-con-tiempo-a-la-aplicacion-del-examen\\\/\"},\"author\":{\"name\":\"Redacci\u00f3n\",\"@id\":\"https:\\\/\\\/fuentesfidedignas.com.mx\\\/#\\\/schema\\\/person\\\/331be9283d37198e2acd5750279085b0\"},\"headline\":\"Invitan a los aspirantes a ingresar a la UAS presentarse con tiempo a la aplicaci\u00f3n del examen\",\"datePublished\":\"2024-06-14T00:17:39+00:00\",\"mainEntityOfPage\":{\"@id\":\"https:\\\/\\\/fuentesfidedignas.com.mx\\\/index.php\\\/2024\\\/06\\\/13\\\/invitan-a-los-aspirantes-a-ingresar-a-la-uas-presentarse-con-tiempo-a-la-aplicacion-del-examen\\\/\"},\"wordCount\":692,\"commentCount\":0,\"publisher\":{\"@id\":\"https:\\\/\\\/fuentesfidedignas.com.mx\\\/#organization\"},\"image\":{\"@id\":\"https:\\\/\\\/fuentesfidedignas.com.mx\\\/index.php\\\/2024\\\/06\\\/13\\\/invitan-a-los-aspirantes-a-ingresar-a-la-uas-presentarse-con-tiempo-a-la-aplicacion-del-examen\\\/#primaryimage\"},\"thumbnailUrl\":\"https:\\\/\\\/fuentesfidedignas.com.mx\\\/wp-content\\\/uploads\\\/2023\\\/05\\\/Examen-en-medio-superior-3.jpg\",\"articleSection\":[\"NOTICIAS LOCALES\"],\"inLanguage\":\"es\",\"potentialAction\":[{\"@type\":\"CommentAction\",\"name\":\"Comment\",\"target\":[\"https:\\\/\\\/fuentesfidedignas.com.mx\\\/index.php\\\/2024\\\/06\\\/13\\\/invitan-a-los-aspirantes-a-ingresar-a-la-uas-presentarse-con-tiempo-a-la-aplicacion-del-examen\\\/#respond\"]}]},{\"@type\":\"WebPage\",\"@id\":\"https:\\\/\\\/fuentesfidedignas.com.mx\\\/index.php\\\/2024\\\/06\\\/13\\\/invitan-a-los-aspirantes-a-ingresar-a-la-uas-presentarse-con-tiempo-a-la-aplicacion-del-examen\\\/\",\"url\":\"https:\\\/\\\/fuentesfidedignas.com.mx\\\/index.php\\\/2024\\\/06\\\/13\\\/invitan-a-los-aspirantes-a-ingresar-a-la-uas-presentarse-con-tiempo-a-la-aplicacion-del-examen\\\/\",\"name\":\"Invitan a los aspirantes a ingresar a la UAS presentarse con tiempo a la aplicaci\u00f3n del examen - Fuentes Fidedignas\",\"isPartOf\":{\"@id\":\"https:\\\/\\\/fuentesfidedignas.com.mx\\\/#website\"},\"primaryImageOfPage\":{\"@id\":\"https:\\\/\\\/fuentesfidedignas.com.mx\\\/index.php\\\/2024\\\/06\\\/13\\\/invitan-a-los-aspirantes-a-ingresar-a-la-uas-presentarse-con-tiempo-a-la-aplicacion-del-examen\\\/#primaryimage\"},\"image\":{\"@id\":\"https:\\\/\\\/fuentesfidedignas.com.mx\\\/index.php\\\/2024\\\/06\\\/13\\\/invitan-a-los-aspirantes-a-ingresar-a-la-uas-presentarse-con-tiempo-a-la-aplicacion-del-examen\\\/#primaryimage\"},\"thumbnailUrl\":\"https:\\\/\\\/fuentesfidedignas.com.mx\\\/wp-content\\\/uploads\\\/2023\\\/05\\\/Examen-en-medio-superior-3.jpg\",\"datePublished\":\"2024-06-14T00:17:39+00:00\",\"breadcrumb\":{\"@id\":\"https:\\\/\\\/fuentesfidedignas.com.mx\\\/index.php\\\/2024\\\/06\\\/13\\\/invitan-a-los-aspirantes-a-ingresar-a-la-uas-presentarse-con-tiempo-a-la-aplicacion-del-examen\\\/#breadcrumb\"},\"inLanguage\":\"es\",\"potentialAction\":[{\"@type\":\"ReadAction\",\"target\":[\"https:\\\/\\\/fuentesfidedignas.com.mx\\\/index.php\\\/2024\\\/06\\\/13\\\/invitan-a-los-aspirantes-a-ingresar-a-la-uas-presentarse-con-tiempo-a-la-aplicacion-del-examen\\\/\"]}]},{\"@type\":\"ImageObject\",\"inLanguage\":\"es\",\"@id\":\"https:\\\/\\\/fuentesfidedignas.com.mx\\\/index.php\\\/2024\\\/06\\\/13\\\/invitan-a-los-aspirantes-a-ingresar-a-la-uas-presentarse-con-tiempo-a-la-aplicacion-del-examen\\\/#primaryimage\",\"url\":\"https:\\\/\\\/fuentesfidedignas.com.mx\\\/wp-content\\\/uploads\\\/2023\\\/05\\\/Examen-en-medio-superior-3.jpg\",\"contentUrl\":\"https:\\\/\\\/fuentesfidedignas.com.mx\\\/wp-content\\\/uploads\\\/2023\\\/05\\\/Examen-en-medio-superior-3.jpg\",\"width\":1500,\"height\":998},{\"@type\":\"BreadcrumbList\",\"@id\":\"https:\\\/\\\/fuentesfidedignas.com.mx\\\/index.php\\\/2024\\\/06\\\/13\\\/invitan-a-los-aspirantes-a-ingresar-a-la-uas-presentarse-con-tiempo-a-la-aplicacion-del-examen\\\/#breadcrumb\",\"itemListElement\":[{\"@type\":\"ListItem\",\"position\":1,\"name\":\"Inicio\",\"item\":\"https:\\\/\\\/fuentesfidedignas.com.mx\\\/\"},{\"@type\":\"ListItem\",\"position\":2,\"name\":\"Invitan a los aspirantes a ingresar a la UAS presentarse con tiempo a la aplicaci\u00f3n del examen\"}]},{\"@type\":\"WebSite\",\"@id\":\"https:\\\/\\\/fuentesfidedignas.com.mx\\\/#website\",\"url\":\"https:\\\/\\\/fuentesfidedignas.com.mx\\\/\",\"name\":\"Fuentes Fidedignas\",\"description\":\"Otro sitio realizado con WordPress\",\"publisher\":{\"@id\":\"https:\\\/\\\/fuentesfidedignas.com.mx\\\/#organization\"},\"potentialAction\":[{\"@type\":\"SearchAction\",\"target\":{\"@type\":\"EntryPoint\",\"urlTemplate\":\"https:\\\/\\\/fuentesfidedignas.com.mx\\\/?s={search_term_string}\"},\"query-input\":{\"@type\":\"PropertyValueSpecification\",\"valueRequired\":true,\"valueName\":\"search_term_string\"}}],\"inLanguage\":\"es\"},{\"@type\":\"Organization\",\"@id\":\"https:\\\/\\\/fuentesfidedignas.com.mx\\\/#organization\",\"name\":\"Fuentes Fidedignas\",\"url\":\"https:\\\/\\\/fuentesfidedignas.com.mx\\\/\",\"logo\":{\"@type\":\"ImageObject\",\"inLanguage\":\"es\",\"@id\":\"https:\\\/\\\/fuentesfidedignas.com.mx\\\/#\\\/schema\\\/logo\\\/image\\\/\",\"url\":\"https:\\\/\\\/fuentesfidedignas.com.mx\\\/wp-content\\\/uploads\\\/2021\\\/04\\\/logo-retina.png\",\"contentUrl\":\"https:\\\/\\\/fuentesfidedignas.com.mx\\\/wp-content\\\/uploads\\\/2021\\\/04\\\/logo-retina.png\",\"width\":280,\"height\":51,\"caption\":\"Fuentes Fidedignas\"},\"image\":{\"@id\":\"https:\\\/\\\/fuentesfidedignas.com.mx\\\/#\\\/schema\\\/logo\\\/image\\\/\"},\"sameAs\":[\"https:\\\/\\\/www.facebook.com\\\/Fuentes-Fidedignas-368234489921644\",\"https:\\\/\\\/x.com\\\/fidedignas\"]},{\"@type\":\"Person\",\"@id\":\"https:\\\/\\\/fuentesfidedignas.com.mx\\\/#\\\/schema\\\/person\\\/331be9283d37198e2acd5750279085b0\",\"name\":\"Redacci\u00f3n\",\"image\":{\"@type\":\"ImageObject\",\"inLanguage\":\"es\",\"@id\":\"https:\\\/\\\/secure.gravatar.com\\\/avatar\\\/f6d8782c11d12b2d4ad3fbb6931aeab5309937a4d6cd2fc9cfaa28a6396a5aec?s=96&d=mm&r=g\",\"url\":\"https:\\\/\\\/secure.gravatar.com\\\/avatar\\\/f6d8782c11d12b2d4ad3fbb6931aeab5309937a4d6cd2fc9cfaa28a6396a5aec?s=96&d=mm&r=g\",\"contentUrl\":\"https:\\\/\\\/secure.gravatar.com\\\/avatar\\\/f6d8782c11d12b2d4ad3fbb6931aeab5309937a4d6cd2fc9cfaa28a6396a5aec?s=96&d=mm&r=g\",\"caption\":\"Redacci\u00f3n\"},\"url\":\"https:\\\/\\\/fuentesfidedignas.com.mx\\\/index.php\\\/author\\\/redaccion\\\/\"}]}<\/script>\n<!-- \/ Yoast SEO plugin. -->","yoast_head_json":{"title":"Invitan a los aspirantes a ingresar a la UAS presentarse con tiempo a la aplicaci\u00f3n del examen - Fuentes Fidedignas","robots":{"index":"index","follow":"follow","max-snippet":"max-snippet:-1","max-image-preview":"max-image-preview:large","max-video-preview":"max-video-preview:-1"},"canonical":"https:\/\/fuentesfidedignas.com.mx\/index.php\/2024\/06\/13\/invitan-a-los-aspirantes-a-ingresar-a-la-uas-presentarse-con-tiempo-a-la-aplicacion-del-examen\/","og_locale":"es_MX","og_type":"article","og_title":"Invitan a los aspirantes a ingresar a la UAS presentarse con tiempo a la aplicaci\u00f3n del examen - Fuentes Fidedignas","og_description":"Tambi\u00e9n se les pide a los j\u00f3venes acudir con su pase de ingreso y una identificaci\u00f3n, de igual manera indic\u00f3 que no se permitir\u00e1n calculadoras cient\u00edficas, y el material para la aplicaci\u00f3n les ser\u00e1 facilitado por la instituci\u00f3n. \u00a0 Culiac\u00e1n, Sin.- El pr\u00f3ximo s\u00e1bado 15 de junio, a las 8:00 de la ma\u00f1ana, en las [&hellip;]","og_url":"https:\/\/fuentesfidedignas.com.mx\/index.php\/2024\/06\/13\/invitan-a-los-aspirantes-a-ingresar-a-la-uas-presentarse-con-tiempo-a-la-aplicacion-del-examen\/","og_site_name":"Fuentes Fidedignas","article_publisher":"https:\/\/www.facebook.com\/Fuentes-Fidedignas-368234489921644","article_published_time":"2024-06-14T00:17:39+00:00","og_image":[{"width":1500,"height":998,"url":"https:\/\/fuentesfidedignas.com.mx\/wp-content\/uploads\/2023\/05\/Examen-en-medio-superior-3.jpg","type":"image\/jpeg"}],"author":"Redacci\u00f3n","twitter_card":"summary_large_image","twitter_creator":"@fidedignas","twitter_site":"@fidedignas","twitter_misc":{"Escrito por":"Redacci\u00f3n","Tiempo de lectura":"4 minutos"},"schema":{"@context":"https:\/\/schema.org","@graph":[{"@type":"Article","@id":"https:\/\/fuentesfidedignas.com.mx\/index.php\/2024\/06\/13\/invitan-a-los-aspirantes-a-ingresar-a-la-uas-presentarse-con-tiempo-a-la-aplicacion-del-examen\/#article","isPartOf":{"@id":"https:\/\/fuentesfidedignas.com.mx\/index.php\/2024\/06\/13\/invitan-a-los-aspirantes-a-ingresar-a-la-uas-presentarse-con-tiempo-a-la-aplicacion-del-examen\/"},"author":{"name":"Redacci\u00f3n","@id":"https:\/\/fuentesfidedignas.com.mx\/#\/schema\/person\/331be9283d37198e2acd5750279085b0"},"headline":"Invitan a los aspirantes a ingresar a la UAS presentarse con tiempo a la aplicaci\u00f3n del examen","datePublished":"2024-06-14T00:17:39+00:00","mainEntityOfPage":{"@id":"https:\/\/fuentesfidedignas.com.mx\/index.php\/2024\/06\/13\/invitan-a-los-aspirantes-a-ingresar-a-la-uas-presentarse-con-tiempo-a-la-aplicacion-del-examen\/"},"wordCount":692,"commentCount":0,"publisher":{"@id":"https:\/\/fuentesfidedignas.com.mx\/#organization"},"image":{"@id":"https:\/\/fuentesfidedignas.com.mx\/index.php\/2024\/06\/13\/invitan-a-los-aspirantes-a-ingresar-a-la-uas-presentarse-con-tiempo-a-la-aplicacion-del-examen\/#primaryimage"},"thumbnailUrl":"https:\/\/fuentesfidedignas.com.mx\/wp-content\/uploads\/2023\/05\/Examen-en-medio-superior-3.jpg","articleSection":["NOTICIAS LOCALES"],"inLanguage":"es","potentialAction":[{"@type":"CommentAction","name":"Comment","target":["https:\/\/fuentesfidedignas.com.mx\/index.php\/2024\/06\/13\/invitan-a-los-aspirantes-a-ingresar-a-la-uas-presentarse-con-tiempo-a-la-aplicacion-del-examen\/#respond"]}]},{"@type":"WebPage","@id":"https:\/\/fuentesfidedignas.com.mx\/index.php\/2024\/06\/13\/invitan-a-los-aspirantes-a-ingresar-a-la-uas-presentarse-con-tiempo-a-la-aplicacion-del-examen\/","url":"https:\/\/fuentesfidedignas.com.mx\/index.php\/2024\/06\/13\/invitan-a-los-aspirantes-a-ingresar-a-la-uas-presentarse-con-tiempo-a-la-aplicacion-del-examen\/","name":"Invitan a los aspirantes a ingresar a la UAS presentarse con tiempo a la aplicaci\u00f3n del examen - Fuentes Fidedignas","isPartOf":{"@id":"https:\/\/fuentesfidedignas.com.mx\/#website"},"primaryImageOfPage":{"@id":"https:\/\/fuentesfidedignas.com.mx\/index.php\/2024\/06\/13\/invitan-a-los-aspirantes-a-ingresar-a-la-uas-presentarse-con-tiempo-a-la-aplicacion-del-examen\/#primaryimage"},"image":{"@id":"https:\/\/fuentesfidedignas.com.mx\/index.php\/2024\/06\/13\/invitan-a-los-aspirantes-a-ingresar-a-la-uas-presentarse-con-tiempo-a-la-aplicacion-del-examen\/#primaryimage"},"thumbnailUrl":"https:\/\/fuentesfidedignas.com.mx\/wp-content\/uploads\/2023\/05\/Examen-en-medio-superior-3.jpg","datePublished":"2024-06-14T00:17:39+00:00","breadcrumb":{"@id":"https:\/\/fuentesfidedignas.com.mx\/index.php\/2024\/06\/13\/invitan-a-los-aspirantes-a-ingresar-a-la-uas-presentarse-con-tiempo-a-la-aplicacion-del-examen\/#breadcrumb"},"inLanguage":"es","potentialAction":[{"@type":"ReadAction","target":["https:\/\/fuentesfidedignas.com.mx\/index.php\/2024\/06\/13\/invitan-a-los-aspirantes-a-ingresar-a-la-uas-presentarse-con-tiempo-a-la-aplicacion-del-examen\/"]}]},{"@type":"ImageObject","inLanguage":"es","@id":"https:\/\/fuentesfidedignas.com.mx\/index.php\/2024\/06\/13\/invitan-a-los-aspirantes-a-ingresar-a-la-uas-presentarse-con-tiempo-a-la-aplicacion-del-examen\/#primaryimage","url":"https:\/\/fuentesfidedignas.com.mx\/wp-content\/uploads\/2023\/05\/Examen-en-medio-superior-3.jpg","contentUrl":"https:\/\/fuentesfidedignas.com.mx\/wp-content\/uploads\/2023\/05\/Examen-en-medio-superior-3.jpg","width":1500,"height":998},{"@type":"BreadcrumbList","@id":"https:\/\/fuentesfidedignas.com.mx\/index.php\/2024\/06\/13\/invitan-a-los-aspirantes-a-ingresar-a-la-uas-presentarse-con-tiempo-a-la-aplicacion-del-examen\/#breadcrumb","itemListElement":[{"@type":"ListItem","position":1,"name":"Inicio","item":"https:\/\/fuentesfidedignas.com.mx\/"},{"@type":"ListItem","position":2,"name":"Invitan a los aspirantes a ingresar a la UAS presentarse con tiempo a la aplicaci\u00f3n del examen"}]},{"@type":"WebSite","@id":"https:\/\/fuentesfidedignas.com.mx\/#website","url":"https:\/\/fuentesfidedignas.com.mx\/","name":"Fuentes Fidedignas","description":"Otro sitio realizado con WordPress","publisher":{"@id":"https:\/\/fuentesfidedignas.com.mx\/#organization"},"potentialAction":[{"@type":"SearchAction","target":{"@type":"EntryPoint","urlTemplate":"https:\/\/fuentesfidedignas.com.mx\/?s={search_term_string}"},"query-input":{"@type":"PropertyValueSpecification","valueRequired":true,"valueName":"search_term_string"}}],"inLanguage":"es"},{"@type":"Organization","@id":"https:\/\/fuentesfidedignas.com.mx\/#organization","name":"Fuentes Fidedignas","url":"https:\/\/fuentesfidedignas.com.mx\/","logo":{"@type":"ImageObject","inLanguage":"es","@id":"https:\/\/fuentesfidedignas.com.mx\/#\/schema\/logo\/image\/","url":"https:\/\/fuentesfidedignas.com.mx\/wp-content\/uploads\/2021\/04\/logo-retina.png","contentUrl":"https:\/\/fuentesfidedignas.com.mx\/wp-content\/uploads\/2021\/04\/logo-retina.png","width":280,"height":51,"caption":"Fuentes Fidedignas"},"image":{"@id":"https:\/\/fuentesfidedignas.com.mx\/#\/schema\/logo\/image\/"},"sameAs":["https:\/\/www.facebook.com\/Fuentes-Fidedignas-368234489921644","https:\/\/x.com\/fidedignas"]},{"@type":"Person","@id":"https:\/\/fuentesfidedignas.com.mx\/#\/schema\/person\/331be9283d37198e2acd5750279085b0","name":"Redacci\u00f3n","image":{"@type":"ImageObject","inLanguage":"es","@id":"https:\/\/secure.gravatar.com\/avatar\/f6d8782c11d12b2d4ad3fbb6931aeab5309937a4d6cd2fc9cfaa28a6396a5aec?s=96&d=mm&r=g","url":"https:\/\/secure.gravatar.com\/avatar\/f6d8782c11d12b2d4ad3fbb6931aeab5309937a4d6cd2fc9cfaa28a6396a5aec?s=96&d=mm&r=g","contentUrl":"https:\/\/secure.gravatar.com\/avatar\/f6d8782c11d12b2d4ad3fbb6931aeab5309937a4d6cd2fc9cfaa28a6396a5aec?s=96&d=mm&r=g","caption":"Redacci\u00f3n"},"url":"https:\/\/fuentesfidedignas.com.mx\/index.php\/author\/redaccion\/"}]}},"_links":{"self":[{"href":"https:\/\/fuentesfidedignas.com.mx\/index.php\/wp-json\/wp\/v2\/posts\/83985","targetHints":{"allow":["GET"]}}],"collection":[{"href":"https:\/\/fuentesfidedignas.com.mx\/index.php\/wp-json\/wp\/v2\/posts"}],"about":[{"href":"https:\/\/fuentesfidedignas.com.mx\/index.php\/wp-json\/wp\/v2\/types\/post"}],"author":[{"embeddable":true,"href":"https:\/\/fuentesfidedignas.com.mx\/index.php\/wp-json\/wp\/v2\/users\/4"}],"replies":[{"embeddable":true,"href":"https:\/\/fuentesfidedignas.com.mx\/index.php\/wp-json\/wp\/v2\/comments?post=83985"}],"version-history":[{"count":1,"href":"https:\/\/fuentesfidedignas.com.mx\/index.php\/wp-json\/wp\/v2\/posts\/83985\/revisions"}],"predecessor-version":[{"id":83986,"href":"https:\/\/fuentesfidedignas.com.mx\/index.php\/wp-json\/wp\/v2\/posts\/83985\/revisions\/83986"}],"wp:featuredmedia":[{"embeddable":true,"href":"https:\/\/fuentesfidedignas.com.mx\/index.php\/wp-json\/wp\/v2\/media\/47796"}],"wp:attachment":[{"href":"https:\/\/fuentesfidedignas.com.mx\/index.php\/wp-json\/wp\/v2\/media?parent=83985"}],"wp:term":[{"taxonomy":"category","embeddable":true,"href":"https:\/\/fuentesfidedignas.com.mx\/index.php\/wp-json\/wp\/v2\/categories?post=83985"},{"taxonomy":"post_tag","embeddable":true,"href":"https:\/\/fuentesfidedignas.com.mx\/index.php\/wp-json\/wp\/v2\/tags?post=83985"}],"curies":[{"name":"wp","href":"https:\/\/api.w.org\/{rel}","templated":true}]}}