{"id":83970,"date":"2024-06-13T05:36:35","date_gmt":"2024-06-13T12:36:35","guid":{"rendered":"https:\/\/fuentesfidedignas.com.mx\/?p=83970"},"modified":"2024-06-12T19:37:08","modified_gmt":"2024-06-13T02:37:08","slug":"hallan-restos-humanos-en-mina-pasta-de-conchos-en-coahuila-tras-18-anos","status":"publish","type":"post","link":"https:\/\/fuentesfidedignas.com.mx\/index.php\/2024\/06\/13\/hallan-restos-humanos-en-mina-pasta-de-conchos-en-coahuila-tras-18-anos\/","title":{"rendered":"Hallan restos humanos en mina Pasta de Conchos, en Coahuila, tras 18 a\u00f1os"},"content":{"rendered":"\n<p><strong><em>El Gobierno detall\u00f3 que fueron encontrados restos humanos en la mina pasta de Conchos, donde hace 18 a\u00f1os murieron 65 trabajadores<\/em><\/strong><\/p>\n\n\n\n<p>El Gobierno de M\u00e9xico inform\u00f3 hoy que fueron encontrados restos humanos en la mina Pasta de Conchos, ubicada en Coahuila, donde hace 18 a\u00f1os murieron 65 trabajadores.<\/p>\n\n\n\n<blockquote class=\"twitter-tweet\"><p lang=\"es\" dir=\"ltr\">El <a href=\"https:\/\/twitter.com\/GobiernoMX?ref_src=twsrc%5Etfw\">@GobiernoMX<\/a> informa a viudas y familiares de las v\u00edctimas de la tragedia en la mina de Pasta de Conchos sobre el hallazgo de restos humanos. <a href=\"https:\/\/t.co\/S6K3iAtNV2\">pic.twitter.com\/S6K3iAtNV2<\/a><\/p>&mdash; Luisa Alcalde (@LuisaAlcalde) <a href=\"https:\/\/twitter.com\/LuisaAlcalde\/status\/1800957483478905055?ref_src=twsrc%5Etfw\">June 12, 2024<\/a><\/blockquote> <script async src=\"https:\/\/platform.twitter.com\/widgets.js\" charset=\"utf-8\"><\/script>\n\n\n\n<p>Por medio de un comunicado, la titular de Gobernaci\u00f3n (Segob), Luisa Mar\u00eda Alcalde, se\u00f1al\u00f3 que viudas y familiares de los mineros muertos ya fueron informados sobre esta localizaci\u00f3n.<\/p>\n\n\n\n<p>\u201cTras m\u00e1s de 18 a\u00f1os del lamentable acontecimiento y a cuatro a\u00f1os de que se iniciaran los trabajos de rescate, fue posible llegar a uno de los puntos donde las bit\u00e1coras se\u00f1alan que 13 mineros se encontraban trabajando en esa zona el d\u00eda del accidente\u201d, apunt\u00f3.<\/p>\n\n\n\n<p>Se expuso que el hallazgo ocurri\u00f3 despu\u00e9s de cuatro a\u00f1os de trabajos de rescate, ordenados por el presidente Andr\u00e9s Manuel L\u00f3pez Obrador, tras los que llegaron a un punto donde las bit\u00e1coras se\u00f1alaban la zona en la 13 de los mineros trabajaban el d\u00eda del accidente.<\/p>\n\n\n\n<p>Se\u00f1al\u00f3 que, adem\u00e1s de los restos humanos no detallados, localizaron tambi\u00e9n diversos objetos de trabajo, y se explic\u00f3 que, por el momento, se desconocen las condiciones de las galer\u00edas ubicadas en distintos puntos de la mina.<\/p>\n\n\n\n<p>Del mismo modo, puntualiz\u00f3 que, a partir de ahora, la Fiscal\u00eda de Coahuila, la Comisi\u00f3n Nacional de B\u00fasqueda (CNB) y el Instituto Nacional de Medicina Gen\u00f3mica (Inmegen), comenzar\u00e1n con los protocolos para identificar los restos, \u201cas\u00ed como con los peritajes que permitan determinar las causas del accidente\u201d.<\/p>\n\n\n\n<p>El rescate de los cuerpos de los mineros que quedaron atrapados el 19 de febrero de 2006 fue una de las promesas del Gobierno de L\u00f3pez Obrador, quien dejar\u00e1 el cargo el 1 de octubre.<\/p>\n\n\n\n<p>Para ello, el mandatario conform\u00f3 en 2019 un grupo de expertos de M\u00e9xico, Alemania, China, Estados Unidos y Australia, que determinaron por unanimidad la viabilidad del rescate.<\/p>\n\n\n\n<p>Pero en julio de 2020 se anunci\u00f3 que el rescate quedar\u00eda en manos de la CFE, medida con la que las familias nunca estuvieron de acuerdo dada la nula experiencia de esta empresa p\u00fablica en rescates ni en minas de carb\u00f3n.<\/p>\n\n\n\n<p>El 19 de febrero de 2006, 65 trabajadores murieron en el accidente en la mina Pasta de Conchos y solo dos cuerpos fueron recuperados, el resto se qued\u00f3 sepultado por considerar que su rescate era de alto riesgo.<\/p>\n\n\n\n<p>La Comisi\u00f3n Interamericana de Derechos Humanos (CIDH) anunci\u00f3 en 2018 la evaluaci\u00f3n de responsabilidad de las autoridades mexicanas en la muerte de los 65 mineros, ocho a\u00f1os despu\u00e9s de que los familiares llevaron el caso<\/p>\n","protected":false},"excerpt":{"rendered":"<p>El Gobierno detall\u00f3 que fueron encontrados restos humanos en la mina pasta de Conchos, donde hace 18 a\u00f1os murieron 65 trabajadores El Gobierno de M\u00e9xico inform\u00f3 hoy que fueron encontrados restos humanos en la mina Pasta de Conchos, ubicada en Coahuila, donde hace 18 a\u00f1os murieron 65 trabajadores. El @GobiernoMX informa a viudas y familiares [&hellip;]<\/p>\n","protected":false},"author":47,"featured_media":83971,"comment_status":"open","ping_status":"open","sticky":false,"template":"","format":"standard","meta":{"tdm_status":"","tdm_grid_status":"","footnotes":""},"categories":[40],"tags":[],"class_list":{"0":"post-83970","1":"post","2":"type-post","3":"status-publish","4":"format-standard","5":"has-post-thumbnail","7":"category-las-asombrosas"},"yoast_head":"<!-- This site is optimized with the Yoast SEO plugin v27.5 - https:\/\/yoast.com\/product\/yoast-seo-wordpress\/ -->\n<title>Hallan restos humanos en mina Pasta de Conchos, en Coahuila, tras 18 a\u00f1os - Fuentes Fidedignas<\/title>\n<meta name=\"robots\" content=\"index, follow, max-snippet:-1, max-image-preview:large, max-video-preview:-1\" \/>\n<link rel=\"canonical\" href=\"https:\/\/fuentesfidedignas.com.mx\/index.php\/2024\/06\/13\/hallan-restos-humanos-en-mina-pasta-de-conchos-en-coahuila-tras-18-anos\/\" \/>\n<meta property=\"og:locale\" content=\"es_MX\" \/>\n<meta property=\"og:type\" content=\"article\" \/>\n<meta property=\"og:title\" content=\"Hallan restos humanos en mina Pasta de Conchos, en Coahuila, tras 18 a\u00f1os - Fuentes Fidedignas\" \/>\n<meta property=\"og:description\" content=\"El Gobierno detall\u00f3 que fueron encontrados restos humanos en la mina pasta de Conchos, donde hace 18 a\u00f1os murieron 65 trabajadores El Gobierno de M\u00e9xico inform\u00f3 hoy que fueron encontrados restos humanos en la mina Pasta de Conchos, ubicada en Coahuila, donde hace 18 a\u00f1os murieron 65 trabajadores. El @GobiernoMX informa a viudas y familiares [&hellip;]\" \/>\n<meta property=\"og:url\" content=\"https:\/\/fuentesfidedignas.com.mx\/index.php\/2024\/06\/13\/hallan-restos-humanos-en-mina-pasta-de-conchos-en-coahuila-tras-18-anos\/\" \/>\n<meta property=\"og:site_name\" content=\"Fuentes Fidedignas\" \/>\n<meta property=\"article:publisher\" content=\"https:\/\/www.facebook.com\/Fuentes-Fidedignas-368234489921644\" \/>\n<meta property=\"article:published_time\" content=\"2024-06-13T12:36:35+00:00\" \/>\n<meta property=\"og:image\" content=\"https:\/\/fuentesfidedignas.com.mx\/wp-content\/uploads\/2024\/06\/restos-coahuila.jpg\" \/>\n\t<meta property=\"og:image:width\" content=\"650\" \/>\n\t<meta property=\"og:image:height\" content=\"352\" \/>\n\t<meta property=\"og:image:type\" content=\"image\/jpeg\" \/>\n<meta name=\"author\" content=\"L\u00f3pez D\u00f3riga\" \/>\n<meta name=\"twitter:card\" content=\"summary_large_image\" \/>\n<meta name=\"twitter:creator\" content=\"@fidedignas\" \/>\n<meta name=\"twitter:site\" content=\"@fidedignas\" \/>\n<meta name=\"twitter:label1\" content=\"Escrito por\" \/>\n\t<meta name=\"twitter:data1\" content=\"L\u00f3pez D\u00f3riga\" \/>\n\t<meta name=\"twitter:label2\" content=\"Tiempo de lectura\" \/>\n\t<meta name=\"twitter:data2\" content=\"3 minutos\" \/>\n<script type=\"application\/ld+json\" class=\"yoast-schema-graph\">{\"@context\":\"https:\\\/\\\/schema.org\",\"@graph\":[{\"@type\":\"Article\",\"@id\":\"https:\\\/\\\/fuentesfidedignas.com.mx\\\/index.php\\\/2024\\\/06\\\/13\\\/hallan-restos-humanos-en-mina-pasta-de-conchos-en-coahuila-tras-18-anos\\\/#article\",\"isPartOf\":{\"@id\":\"https:\\\/\\\/fuentesfidedignas.com.mx\\\/index.php\\\/2024\\\/06\\\/13\\\/hallan-restos-humanos-en-mina-pasta-de-conchos-en-coahuila-tras-18-anos\\\/\"},\"author\":{\"name\":\"L\u00f3pez D\u00f3riga\",\"@id\":\"https:\\\/\\\/fuentesfidedignas.com.mx\\\/#\\\/schema\\\/person\\\/67d852f0557c8509146a4b9ddebd543a\"},\"headline\":\"Hallan restos humanos en mina Pasta de Conchos, en Coahuila, tras 18 a\u00f1os\",\"datePublished\":\"2024-06-13T12:36:35+00:00\",\"mainEntityOfPage\":{\"@id\":\"https:\\\/\\\/fuentesfidedignas.com.mx\\\/index.php\\\/2024\\\/06\\\/13\\\/hallan-restos-humanos-en-mina-pasta-de-conchos-en-coahuila-tras-18-anos\\\/\"},\"wordCount\":499,\"commentCount\":0,\"publisher\":{\"@id\":\"https:\\\/\\\/fuentesfidedignas.com.mx\\\/#organization\"},\"image\":{\"@id\":\"https:\\\/\\\/fuentesfidedignas.com.mx\\\/index.php\\\/2024\\\/06\\\/13\\\/hallan-restos-humanos-en-mina-pasta-de-conchos-en-coahuila-tras-18-anos\\\/#primaryimage\"},\"thumbnailUrl\":\"https:\\\/\\\/fuentesfidedignas.com.mx\\\/wp-content\\\/uploads\\\/2024\\\/06\\\/restos-coahuila.jpg\",\"articleSection\":[\"LAS ASOMBROSAS\"],\"inLanguage\":\"es\",\"potentialAction\":[{\"@type\":\"CommentAction\",\"name\":\"Comment\",\"target\":[\"https:\\\/\\\/fuentesfidedignas.com.mx\\\/index.php\\\/2024\\\/06\\\/13\\\/hallan-restos-humanos-en-mina-pasta-de-conchos-en-coahuila-tras-18-anos\\\/#respond\"]}]},{\"@type\":\"WebPage\",\"@id\":\"https:\\\/\\\/fuentesfidedignas.com.mx\\\/index.php\\\/2024\\\/06\\\/13\\\/hallan-restos-humanos-en-mina-pasta-de-conchos-en-coahuila-tras-18-anos\\\/\",\"url\":\"https:\\\/\\\/fuentesfidedignas.com.mx\\\/index.php\\\/2024\\\/06\\\/13\\\/hallan-restos-humanos-en-mina-pasta-de-conchos-en-coahuila-tras-18-anos\\\/\",\"name\":\"Hallan restos humanos en mina Pasta de Conchos, en Coahuila, tras 18 a\u00f1os - Fuentes Fidedignas\",\"isPartOf\":{\"@id\":\"https:\\\/\\\/fuentesfidedignas.com.mx\\\/#website\"},\"primaryImageOfPage\":{\"@id\":\"https:\\\/\\\/fuentesfidedignas.com.mx\\\/index.php\\\/2024\\\/06\\\/13\\\/hallan-restos-humanos-en-mina-pasta-de-conchos-en-coahuila-tras-18-anos\\\/#primaryimage\"},\"image\":{\"@id\":\"https:\\\/\\\/fuentesfidedignas.com.mx\\\/index.php\\\/2024\\\/06\\\/13\\\/hallan-restos-humanos-en-mina-pasta-de-conchos-en-coahuila-tras-18-anos\\\/#primaryimage\"},\"thumbnailUrl\":\"https:\\\/\\\/fuentesfidedignas.com.mx\\\/wp-content\\\/uploads\\\/2024\\\/06\\\/restos-coahuila.jpg\",\"datePublished\":\"2024-06-13T12:36:35+00:00\",\"breadcrumb\":{\"@id\":\"https:\\\/\\\/fuentesfidedignas.com.mx\\\/index.php\\\/2024\\\/06\\\/13\\\/hallan-restos-humanos-en-mina-pasta-de-conchos-en-coahuila-tras-18-anos\\\/#breadcrumb\"},\"inLanguage\":\"es\",\"potentialAction\":[{\"@type\":\"ReadAction\",\"target\":[\"https:\\\/\\\/fuentesfidedignas.com.mx\\\/index.php\\\/2024\\\/06\\\/13\\\/hallan-restos-humanos-en-mina-pasta-de-conchos-en-coahuila-tras-18-anos\\\/\"]}]},{\"@type\":\"ImageObject\",\"inLanguage\":\"es\",\"@id\":\"https:\\\/\\\/fuentesfidedignas.com.mx\\\/index.php\\\/2024\\\/06\\\/13\\\/hallan-restos-humanos-en-mina-pasta-de-conchos-en-coahuila-tras-18-anos\\\/#primaryimage\",\"url\":\"https:\\\/\\\/fuentesfidedignas.com.mx\\\/wp-content\\\/uploads\\\/2024\\\/06\\\/restos-coahuila.jpg\",\"contentUrl\":\"https:\\\/\\\/fuentesfidedignas.com.mx\\\/wp-content\\\/uploads\\\/2024\\\/06\\\/restos-coahuila.jpg\",\"width\":650,\"height\":352},{\"@type\":\"BreadcrumbList\",\"@id\":\"https:\\\/\\\/fuentesfidedignas.com.mx\\\/index.php\\\/2024\\\/06\\\/13\\\/hallan-restos-humanos-en-mina-pasta-de-conchos-en-coahuila-tras-18-anos\\\/#breadcrumb\",\"itemListElement\":[{\"@type\":\"ListItem\",\"position\":1,\"name\":\"Inicio\",\"item\":\"https:\\\/\\\/fuentesfidedignas.com.mx\\\/\"},{\"@type\":\"ListItem\",\"position\":2,\"name\":\"Hallan restos humanos en mina Pasta de Conchos, en Coahuila, tras 18 a\u00f1os\"}]},{\"@type\":\"WebSite\",\"@id\":\"https:\\\/\\\/fuentesfidedignas.com.mx\\\/#website\",\"url\":\"https:\\\/\\\/fuentesfidedignas.com.mx\\\/\",\"name\":\"Fuentes Fidedignas\",\"description\":\"Otro sitio realizado con WordPress\",\"publisher\":{\"@id\":\"https:\\\/\\\/fuentesfidedignas.com.mx\\\/#organization\"},\"potentialAction\":[{\"@type\":\"SearchAction\",\"target\":{\"@type\":\"EntryPoint\",\"urlTemplate\":\"https:\\\/\\\/fuentesfidedignas.com.mx\\\/?s={search_term_string}\"},\"query-input\":{\"@type\":\"PropertyValueSpecification\",\"valueRequired\":true,\"valueName\":\"search_term_string\"}}],\"inLanguage\":\"es\"},{\"@type\":\"Organization\",\"@id\":\"https:\\\/\\\/fuentesfidedignas.com.mx\\\/#organization\",\"name\":\"Fuentes Fidedignas\",\"url\":\"https:\\\/\\\/fuentesfidedignas.com.mx\\\/\",\"logo\":{\"@type\":\"ImageObject\",\"inLanguage\":\"es\",\"@id\":\"https:\\\/\\\/fuentesfidedignas.com.mx\\\/#\\\/schema\\\/logo\\\/image\\\/\",\"url\":\"https:\\\/\\\/fuentesfidedignas.com.mx\\\/wp-content\\\/uploads\\\/2021\\\/04\\\/logo-retina.png\",\"contentUrl\":\"https:\\\/\\\/fuentesfidedignas.com.mx\\\/wp-content\\\/uploads\\\/2021\\\/04\\\/logo-retina.png\",\"width\":280,\"height\":51,\"caption\":\"Fuentes Fidedignas\"},\"image\":{\"@id\":\"https:\\\/\\\/fuentesfidedignas.com.mx\\\/#\\\/schema\\\/logo\\\/image\\\/\"},\"sameAs\":[\"https:\\\/\\\/www.facebook.com\\\/Fuentes-Fidedignas-368234489921644\",\"https:\\\/\\\/x.com\\\/fidedignas\"]},{\"@type\":\"Person\",\"@id\":\"https:\\\/\\\/fuentesfidedignas.com.mx\\\/#\\\/schema\\\/person\\\/67d852f0557c8509146a4b9ddebd543a\",\"name\":\"L\u00f3pez D\u00f3riga\",\"image\":{\"@type\":\"ImageObject\",\"inLanguage\":\"es\",\"@id\":\"https:\\\/\\\/secure.gravatar.com\\\/avatar\\\/e525b06574ca18b33cded59dfe5778d6c823b9513154eff47da551b0551bdd1e?s=96&d=mm&r=g\",\"url\":\"https:\\\/\\\/secure.gravatar.com\\\/avatar\\\/e525b06574ca18b33cded59dfe5778d6c823b9513154eff47da551b0551bdd1e?s=96&d=mm&r=g\",\"contentUrl\":\"https:\\\/\\\/secure.gravatar.com\\\/avatar\\\/e525b06574ca18b33cded59dfe5778d6c823b9513154eff47da551b0551bdd1e?s=96&d=mm&r=g\",\"caption\":\"L\u00f3pez D\u00f3riga\"},\"url\":\"https:\\\/\\\/fuentesfidedignas.com.mx\\\/index.php\\\/author\\\/doriga\\\/\"}]}<\/script>\n<!-- \/ Yoast SEO plugin. -->","yoast_head_json":{"title":"Hallan restos humanos en mina Pasta de Conchos, en Coahuila, tras 18 a\u00f1os - Fuentes Fidedignas","robots":{"index":"index","follow":"follow","max-snippet":"max-snippet:-1","max-image-preview":"max-image-preview:large","max-video-preview":"max-video-preview:-1"},"canonical":"https:\/\/fuentesfidedignas.com.mx\/index.php\/2024\/06\/13\/hallan-restos-humanos-en-mina-pasta-de-conchos-en-coahuila-tras-18-anos\/","og_locale":"es_MX","og_type":"article","og_title":"Hallan restos humanos en mina Pasta de Conchos, en Coahuila, tras 18 a\u00f1os - Fuentes Fidedignas","og_description":"El Gobierno detall\u00f3 que fueron encontrados restos humanos en la mina pasta de Conchos, donde hace 18 a\u00f1os murieron 65 trabajadores El Gobierno de M\u00e9xico inform\u00f3 hoy que fueron encontrados restos humanos en la mina Pasta de Conchos, ubicada en Coahuila, donde hace 18 a\u00f1os murieron 65 trabajadores. El @GobiernoMX informa a viudas y familiares [&hellip;]","og_url":"https:\/\/fuentesfidedignas.com.mx\/index.php\/2024\/06\/13\/hallan-restos-humanos-en-mina-pasta-de-conchos-en-coahuila-tras-18-anos\/","og_site_name":"Fuentes Fidedignas","article_publisher":"https:\/\/www.facebook.com\/Fuentes-Fidedignas-368234489921644","article_published_time":"2024-06-13T12:36:35+00:00","og_image":[{"width":650,"height":352,"url":"https:\/\/fuentesfidedignas.com.mx\/wp-content\/uploads\/2024\/06\/restos-coahuila.jpg","type":"image\/jpeg"}],"author":"L\u00f3pez D\u00f3riga","twitter_card":"summary_large_image","twitter_creator":"@fidedignas","twitter_site":"@fidedignas","twitter_misc":{"Escrito por":"L\u00f3pez D\u00f3riga","Tiempo de lectura":"3 minutos"},"schema":{"@context":"https:\/\/schema.org","@graph":[{"@type":"Article","@id":"https:\/\/fuentesfidedignas.com.mx\/index.php\/2024\/06\/13\/hallan-restos-humanos-en-mina-pasta-de-conchos-en-coahuila-tras-18-anos\/#article","isPartOf":{"@id":"https:\/\/fuentesfidedignas.com.mx\/index.php\/2024\/06\/13\/hallan-restos-humanos-en-mina-pasta-de-conchos-en-coahuila-tras-18-anos\/"},"author":{"name":"L\u00f3pez D\u00f3riga","@id":"https:\/\/fuentesfidedignas.com.mx\/#\/schema\/person\/67d852f0557c8509146a4b9ddebd543a"},"headline":"Hallan restos humanos en mina Pasta de Conchos, en Coahuila, tras 18 a\u00f1os","datePublished":"2024-06-13T12:36:35+00:00","mainEntityOfPage":{"@id":"https:\/\/fuentesfidedignas.com.mx\/index.php\/2024\/06\/13\/hallan-restos-humanos-en-mina-pasta-de-conchos-en-coahuila-tras-18-anos\/"},"wordCount":499,"commentCount":0,"publisher":{"@id":"https:\/\/fuentesfidedignas.com.mx\/#organization"},"image":{"@id":"https:\/\/fuentesfidedignas.com.mx\/index.php\/2024\/06\/13\/hallan-restos-humanos-en-mina-pasta-de-conchos-en-coahuila-tras-18-anos\/#primaryimage"},"thumbnailUrl":"https:\/\/fuentesfidedignas.com.mx\/wp-content\/uploads\/2024\/06\/restos-coahuila.jpg","articleSection":["LAS ASOMBROSAS"],"inLanguage":"es","potentialAction":[{"@type":"CommentAction","name":"Comment","target":["https:\/\/fuentesfidedignas.com.mx\/index.php\/2024\/06\/13\/hallan-restos-humanos-en-mina-pasta-de-conchos-en-coahuila-tras-18-anos\/#respond"]}]},{"@type":"WebPage","@id":"https:\/\/fuentesfidedignas.com.mx\/index.php\/2024\/06\/13\/hallan-restos-humanos-en-mina-pasta-de-conchos-en-coahuila-tras-18-anos\/","url":"https:\/\/fuentesfidedignas.com.mx\/index.php\/2024\/06\/13\/hallan-restos-humanos-en-mina-pasta-de-conchos-en-coahuila-tras-18-anos\/","name":"Hallan restos humanos en mina Pasta de Conchos, en Coahuila, tras 18 a\u00f1os - Fuentes Fidedignas","isPartOf":{"@id":"https:\/\/fuentesfidedignas.com.mx\/#website"},"primaryImageOfPage":{"@id":"https:\/\/fuentesfidedignas.com.mx\/index.php\/2024\/06\/13\/hallan-restos-humanos-en-mina-pasta-de-conchos-en-coahuila-tras-18-anos\/#primaryimage"},"image":{"@id":"https:\/\/fuentesfidedignas.com.mx\/index.php\/2024\/06\/13\/hallan-restos-humanos-en-mina-pasta-de-conchos-en-coahuila-tras-18-anos\/#primaryimage"},"thumbnailUrl":"https:\/\/fuentesfidedignas.com.mx\/wp-content\/uploads\/2024\/06\/restos-coahuila.jpg","datePublished":"2024-06-13T12:36:35+00:00","breadcrumb":{"@id":"https:\/\/fuentesfidedignas.com.mx\/index.php\/2024\/06\/13\/hallan-restos-humanos-en-mina-pasta-de-conchos-en-coahuila-tras-18-anos\/#breadcrumb"},"inLanguage":"es","potentialAction":[{"@type":"ReadAction","target":["https:\/\/fuentesfidedignas.com.mx\/index.php\/2024\/06\/13\/hallan-restos-humanos-en-mina-pasta-de-conchos-en-coahuila-tras-18-anos\/"]}]},{"@type":"ImageObject","inLanguage":"es","@id":"https:\/\/fuentesfidedignas.com.mx\/index.php\/2024\/06\/13\/hallan-restos-humanos-en-mina-pasta-de-conchos-en-coahuila-tras-18-anos\/#primaryimage","url":"https:\/\/fuentesfidedignas.com.mx\/wp-content\/uploads\/2024\/06\/restos-coahuila.jpg","contentUrl":"https:\/\/fuentesfidedignas.com.mx\/wp-content\/uploads\/2024\/06\/restos-coahuila.jpg","width":650,"height":352},{"@type":"BreadcrumbList","@id":"https:\/\/fuentesfidedignas.com.mx\/index.php\/2024\/06\/13\/hallan-restos-humanos-en-mina-pasta-de-conchos-en-coahuila-tras-18-anos\/#breadcrumb","itemListElement":[{"@type":"ListItem","position":1,"name":"Inicio","item":"https:\/\/fuentesfidedignas.com.mx\/"},{"@type":"ListItem","position":2,"name":"Hallan restos humanos en mina Pasta de Conchos, en Coahuila, tras 18 a\u00f1os"}]},{"@type":"WebSite","@id":"https:\/\/fuentesfidedignas.com.mx\/#website","url":"https:\/\/fuentesfidedignas.com.mx\/","name":"Fuentes Fidedignas","description":"Otro sitio realizado con WordPress","publisher":{"@id":"https:\/\/fuentesfidedignas.com.mx\/#organization"},"potentialAction":[{"@type":"SearchAction","target":{"@type":"EntryPoint","urlTemplate":"https:\/\/fuentesfidedignas.com.mx\/?s={search_term_string}"},"query-input":{"@type":"PropertyValueSpecification","valueRequired":true,"valueName":"search_term_string"}}],"inLanguage":"es"},{"@type":"Organization","@id":"https:\/\/fuentesfidedignas.com.mx\/#organization","name":"Fuentes Fidedignas","url":"https:\/\/fuentesfidedignas.com.mx\/","logo":{"@type":"ImageObject","inLanguage":"es","@id":"https:\/\/fuentesfidedignas.com.mx\/#\/schema\/logo\/image\/","url":"https:\/\/fuentesfidedignas.com.mx\/wp-content\/uploads\/2021\/04\/logo-retina.png","contentUrl":"https:\/\/fuentesfidedignas.com.mx\/wp-content\/uploads\/2021\/04\/logo-retina.png","width":280,"height":51,"caption":"Fuentes Fidedignas"},"image":{"@id":"https:\/\/fuentesfidedignas.com.mx\/#\/schema\/logo\/image\/"},"sameAs":["https:\/\/www.facebook.com\/Fuentes-Fidedignas-368234489921644","https:\/\/x.com\/fidedignas"]},{"@type":"Person","@id":"https:\/\/fuentesfidedignas.com.mx\/#\/schema\/person\/67d852f0557c8509146a4b9ddebd543a","name":"L\u00f3pez D\u00f3riga","image":{"@type":"ImageObject","inLanguage":"es","@id":"https:\/\/secure.gravatar.com\/avatar\/e525b06574ca18b33cded59dfe5778d6c823b9513154eff47da551b0551bdd1e?s=96&d=mm&r=g","url":"https:\/\/secure.gravatar.com\/avatar\/e525b06574ca18b33cded59dfe5778d6c823b9513154eff47da551b0551bdd1e?s=96&d=mm&r=g","contentUrl":"https:\/\/secure.gravatar.com\/avatar\/e525b06574ca18b33cded59dfe5778d6c823b9513154eff47da551b0551bdd1e?s=96&d=mm&r=g","caption":"L\u00f3pez D\u00f3riga"},"url":"https:\/\/fuentesfidedignas.com.mx\/index.php\/author\/doriga\/"}]}},"_links":{"self":[{"href":"https:\/\/fuentesfidedignas.com.mx\/index.php\/wp-json\/wp\/v2\/posts\/83970","targetHints":{"allow":["GET"]}}],"collection":[{"href":"https:\/\/fuentesfidedignas.com.mx\/index.php\/wp-json\/wp\/v2\/posts"}],"about":[{"href":"https:\/\/fuentesfidedignas.com.mx\/index.php\/wp-json\/wp\/v2\/types\/post"}],"author":[{"embeddable":true,"href":"https:\/\/fuentesfidedignas.com.mx\/index.php\/wp-json\/wp\/v2\/users\/47"}],"replies":[{"embeddable":true,"href":"https:\/\/fuentesfidedignas.com.mx\/index.php\/wp-json\/wp\/v2\/comments?post=83970"}],"version-history":[{"count":1,"href":"https:\/\/fuentesfidedignas.com.mx\/index.php\/wp-json\/wp\/v2\/posts\/83970\/revisions"}],"predecessor-version":[{"id":83972,"href":"https:\/\/fuentesfidedignas.com.mx\/index.php\/wp-json\/wp\/v2\/posts\/83970\/revisions\/83972"}],"wp:featuredmedia":[{"embeddable":true,"href":"https:\/\/fuentesfidedignas.com.mx\/index.php\/wp-json\/wp\/v2\/media\/83971"}],"wp:attachment":[{"href":"https:\/\/fuentesfidedignas.com.mx\/index.php\/wp-json\/wp\/v2\/media?parent=83970"}],"wp:term":[{"taxonomy":"category","embeddable":true,"href":"https:\/\/fuentesfidedignas.com.mx\/index.php\/wp-json\/wp\/v2\/categories?post=83970"},{"taxonomy":"post_tag","embeddable":true,"href":"https:\/\/fuentesfidedignas.com.mx\/index.php\/wp-json\/wp\/v2\/tags?post=83970"}],"curies":[{"name":"wp","href":"https:\/\/api.w.org\/{rel}","templated":true}]}}