{"id":83889,"date":"2024-06-12T08:09:08","date_gmt":"2024-06-12T15:09:08","guid":{"rendered":"https:\/\/fuentesfidedignas.com.mx\/?p=83889"},"modified":"2024-06-12T08:09:08","modified_gmt":"2024-06-12T15:09:08","slug":"hombre-asesina-a-su-esposa-y-lleva-cadaver-a-la-policia-en-italia-peleaban-custodia-de-hijos","status":"publish","type":"post","link":"https:\/\/fuentesfidedignas.com.mx\/index.php\/2024\/06\/12\/hombre-asesina-a-su-esposa-y-lleva-cadaver-a-la-policia-en-italia-peleaban-custodia-de-hijos\/","title":{"rendered":"Hombre asesina a su esposa y lleva cad\u00e1ver a la polic\u00eda en Italia; peleaban custodia de hijos"},"content":{"rendered":"\n<p><strong><em>El italiano de 48 a\u00f1os se present\u00f3 en la oficina de polic\u00eda y mostr\u00f3 el cuerpo sin vida de su ex pareja.<\/em><\/strong><\/p>\n\n\n\n<p>Un italiano de 48 a\u00f1os ha sido detenido acusado de homicidio en Modena (norte de Italia) tras presentarse en una comisar\u00eda con el cad\u00e1ver de su mujer, de 41 a\u00f1os, en el maletero de su veh\u00edculo, informaron este martes medios locales.<\/p>\n\n\n\n<p>Los hechos ocurrieron la pasada madrugada, cuando el individuo se present\u00f3 ante los carabineros (polic\u00eda militarizada) con una furgoneta en cuya parte trasera guardaba el cuerpo sin vida de su mujer, con una bolsa sobre la cabeza que escond\u00eda un cintur\u00f3n y un cable el\u00e9ctrico que le rodeaban el cuello.<\/p>\n\n\n\n<p>El presunto asesino fue detenido de inmediato tras mostrar el cad\u00e1ver a los agentes y se encuentra en prisi\u00f3n preventiva a la espera de pasar a disposici\u00f3n judicial.<\/p>\n\n\n\n<p>La v\u00edctima, italiana de origen ruso, hab\u00eda pedido la custodia de los dos hijos de la pareja ante un juzgado en Innsbruck (Austria) que se la concedi\u00f3 en mayo de 2023, adem\u00e1s de otorgar al padre de los menores, el presunto asesino, el derecho de visita, seg\u00fan el escrito de la Fiscal\u00eda citado por las mismas fuentes.<\/p>\n\n\n\n<p>Aqu\u00ed la oficina de polic\u00eda:<\/p>\n\n\n\n<figure class=\"wp-block-embed is-type-rich is-provider-twitter wp-block-embed-twitter\"><div class=\"wp-block-embed__wrapper\">\n<blockquote class=\"twitter-tweet\" data-width=\"550\" data-dnt=\"true\"><p lang=\"it\" dir=\"ltr\">\ud83d\udd34 A Modena nella notte un quarantottenne arriva al comando dei carabinieri con il cadavere della moglie in auto. Ancora un femminicidio.<br>\u25b6 <a href=\"https:\/\/t.co\/27f2XT7SUJ\">https:\/\/t.co\/27f2XT7SUJ<\/a> <a href=\"https:\/\/t.co\/405sf5zzXT\">pic.twitter.com\/405sf5zzXT<\/a><\/p>&mdash; Tgr Rai (@TgrRai) <a href=\"https:\/\/twitter.com\/TgrRai\/status\/1800515348682453319?ref_src=twsrc%5Etfw\">June 11, 2024<\/a><\/blockquote><script async src=\"https:\/\/platform.twitter.com\/widgets.js\" charset=\"utf-8\"><\/script>\n<\/div><\/figure>\n\n\n\n<p>El detenido impugn\u00f3 la decisi\u00f3n del tribunal austr\u00edaco ante la justicia italiana y un tribunal de M\u00f3dena consider\u00f3 que no deb\u00eda tomar medidas urgentes, pero asumi\u00f3 el caso para dilucidar sobre la jurisdicci\u00f3n del mismo.<\/p>\n\n\n\n<p>Esto llev\u00f3 al hombre a denunciar en febrero de este a\u00f1o a la asesinada ante el mismo juzgado de Innsbruck para obtener la custodia exclusiva de los dos menores.<br>https:\/\/www.milenio.com\/internacional\/hombre-lleva-cadaver-de-su-esposa-con-la-policia-en-italia<\/p>\n","protected":false},"excerpt":{"rendered":"<p>El italiano de 48 a\u00f1os se present\u00f3 en la oficina de polic\u00eda y mostr\u00f3 el cuerpo sin vida de su ex pareja. Un italiano de 48 a\u00f1os ha sido detenido acusado de homicidio en Modena (norte de Italia) tras presentarse en una comisar\u00eda con el cad\u00e1ver de su mujer, de 41 a\u00f1os, en el maletero [&hellip;]<\/p>\n","protected":false},"author":9,"featured_media":83890,"comment_status":"open","ping_status":"open","sticky":false,"template":"","format":"standard","meta":{"tdm_status":"","tdm_grid_status":"","footnotes":""},"categories":[40],"tags":[],"class_list":{"0":"post-83889","1":"post","2":"type-post","3":"status-publish","4":"format-standard","5":"has-post-thumbnail","7":"category-las-asombrosas"},"yoast_head":"<!-- This site is optimized with the Yoast SEO plugin v27.5 - https:\/\/yoast.com\/product\/yoast-seo-wordpress\/ -->\n<title>Hombre asesina a su esposa y lleva cad\u00e1ver a la polic\u00eda en Italia; peleaban custodia de hijos - Fuentes Fidedignas<\/title>\n<meta name=\"robots\" content=\"index, follow, max-snippet:-1, max-image-preview:large, max-video-preview:-1\" \/>\n<link rel=\"canonical\" href=\"https:\/\/fuentesfidedignas.com.mx\/index.php\/2024\/06\/12\/hombre-asesina-a-su-esposa-y-lleva-cadaver-a-la-policia-en-italia-peleaban-custodia-de-hijos\/\" \/>\n<meta property=\"og:locale\" content=\"es_MX\" \/>\n<meta property=\"og:type\" content=\"article\" \/>\n<meta property=\"og:title\" content=\"Hombre asesina a su esposa y lleva cad\u00e1ver a la polic\u00eda en Italia; peleaban custodia de hijos - Fuentes Fidedignas\" \/>\n<meta property=\"og:description\" content=\"El italiano de 48 a\u00f1os se present\u00f3 en la oficina de polic\u00eda y mostr\u00f3 el cuerpo sin vida de su ex pareja. Un italiano de 48 a\u00f1os ha sido detenido acusado de homicidio en Modena (norte de Italia) tras presentarse en una comisar\u00eda con el cad\u00e1ver de su mujer, de 41 a\u00f1os, en el maletero [&hellip;]\" \/>\n<meta property=\"og:url\" content=\"https:\/\/fuentesfidedignas.com.mx\/index.php\/2024\/06\/12\/hombre-asesina-a-su-esposa-y-lleva-cadaver-a-la-policia-en-italia-peleaban-custodia-de-hijos\/\" \/>\n<meta property=\"og:site_name\" content=\"Fuentes Fidedignas\" \/>\n<meta property=\"article:publisher\" content=\"https:\/\/www.facebook.com\/Fuentes-Fidedignas-368234489921644\" \/>\n<meta property=\"article:published_time\" content=\"2024-06-12T15:09:08+00:00\" \/>\n<meta property=\"og:image\" content=\"https:\/\/fuentesfidedignas.com.mx\/wp-content\/uploads\/2024\/06\/policia-italiana.jpg\" \/>\n\t<meta property=\"og:image:width\" content=\"650\" \/>\n\t<meta property=\"og:image:height\" content=\"362\" \/>\n\t<meta property=\"og:image:type\" content=\"image\/jpeg\" \/>\n<meta name=\"author\" content=\"Milenio\" \/>\n<meta name=\"twitter:card\" content=\"summary_large_image\" \/>\n<meta name=\"twitter:creator\" content=\"@fidedignas\" \/>\n<meta name=\"twitter:site\" content=\"@fidedignas\" \/>\n<meta name=\"twitter:label1\" content=\"Escrito por\" \/>\n\t<meta name=\"twitter:data1\" content=\"Milenio\" \/>\n\t<meta name=\"twitter:label2\" content=\"Tiempo de lectura\" \/>\n\t<meta name=\"twitter:data2\" content=\"2 minutos\" \/>\n<script type=\"application\/ld+json\" class=\"yoast-schema-graph\">{\"@context\":\"https:\\\/\\\/schema.org\",\"@graph\":[{\"@type\":\"Article\",\"@id\":\"https:\\\/\\\/fuentesfidedignas.com.mx\\\/index.php\\\/2024\\\/06\\\/12\\\/hombre-asesina-a-su-esposa-y-lleva-cadaver-a-la-policia-en-italia-peleaban-custodia-de-hijos\\\/#article\",\"isPartOf\":{\"@id\":\"https:\\\/\\\/fuentesfidedignas.com.mx\\\/index.php\\\/2024\\\/06\\\/12\\\/hombre-asesina-a-su-esposa-y-lleva-cadaver-a-la-policia-en-italia-peleaban-custodia-de-hijos\\\/\"},\"author\":{\"name\":\"Milenio\",\"@id\":\"https:\\\/\\\/fuentesfidedignas.com.mx\\\/#\\\/schema\\\/person\\\/47ec0135738f4b0c7495f06a77a2c976\"},\"headline\":\"Hombre asesina a su esposa y lleva cad\u00e1ver a la polic\u00eda en Italia; peleaban custodia de hijos\",\"datePublished\":\"2024-06-12T15:09:08+00:00\",\"mainEntityOfPage\":{\"@id\":\"https:\\\/\\\/fuentesfidedignas.com.mx\\\/index.php\\\/2024\\\/06\\\/12\\\/hombre-asesina-a-su-esposa-y-lleva-cadaver-a-la-policia-en-italia-peleaban-custodia-de-hijos\\\/\"},\"wordCount\":319,\"commentCount\":0,\"publisher\":{\"@id\":\"https:\\\/\\\/fuentesfidedignas.com.mx\\\/#organization\"},\"image\":{\"@id\":\"https:\\\/\\\/fuentesfidedignas.com.mx\\\/index.php\\\/2024\\\/06\\\/12\\\/hombre-asesina-a-su-esposa-y-lleva-cadaver-a-la-policia-en-italia-peleaban-custodia-de-hijos\\\/#primaryimage\"},\"thumbnailUrl\":\"https:\\\/\\\/fuentesfidedignas.com.mx\\\/wp-content\\\/uploads\\\/2024\\\/06\\\/policia-italiana.jpg\",\"articleSection\":[\"LAS ASOMBROSAS\"],\"inLanguage\":\"es\",\"potentialAction\":[{\"@type\":\"CommentAction\",\"name\":\"Comment\",\"target\":[\"https:\\\/\\\/fuentesfidedignas.com.mx\\\/index.php\\\/2024\\\/06\\\/12\\\/hombre-asesina-a-su-esposa-y-lleva-cadaver-a-la-policia-en-italia-peleaban-custodia-de-hijos\\\/#respond\"]}]},{\"@type\":\"WebPage\",\"@id\":\"https:\\\/\\\/fuentesfidedignas.com.mx\\\/index.php\\\/2024\\\/06\\\/12\\\/hombre-asesina-a-su-esposa-y-lleva-cadaver-a-la-policia-en-italia-peleaban-custodia-de-hijos\\\/\",\"url\":\"https:\\\/\\\/fuentesfidedignas.com.mx\\\/index.php\\\/2024\\\/06\\\/12\\\/hombre-asesina-a-su-esposa-y-lleva-cadaver-a-la-policia-en-italia-peleaban-custodia-de-hijos\\\/\",\"name\":\"Hombre asesina a su esposa y lleva cad\u00e1ver a la polic\u00eda en Italia; peleaban custodia de hijos - Fuentes Fidedignas\",\"isPartOf\":{\"@id\":\"https:\\\/\\\/fuentesfidedignas.com.mx\\\/#website\"},\"primaryImageOfPage\":{\"@id\":\"https:\\\/\\\/fuentesfidedignas.com.mx\\\/index.php\\\/2024\\\/06\\\/12\\\/hombre-asesina-a-su-esposa-y-lleva-cadaver-a-la-policia-en-italia-peleaban-custodia-de-hijos\\\/#primaryimage\"},\"image\":{\"@id\":\"https:\\\/\\\/fuentesfidedignas.com.mx\\\/index.php\\\/2024\\\/06\\\/12\\\/hombre-asesina-a-su-esposa-y-lleva-cadaver-a-la-policia-en-italia-peleaban-custodia-de-hijos\\\/#primaryimage\"},\"thumbnailUrl\":\"https:\\\/\\\/fuentesfidedignas.com.mx\\\/wp-content\\\/uploads\\\/2024\\\/06\\\/policia-italiana.jpg\",\"datePublished\":\"2024-06-12T15:09:08+00:00\",\"breadcrumb\":{\"@id\":\"https:\\\/\\\/fuentesfidedignas.com.mx\\\/index.php\\\/2024\\\/06\\\/12\\\/hombre-asesina-a-su-esposa-y-lleva-cadaver-a-la-policia-en-italia-peleaban-custodia-de-hijos\\\/#breadcrumb\"},\"inLanguage\":\"es\",\"potentialAction\":[{\"@type\":\"ReadAction\",\"target\":[\"https:\\\/\\\/fuentesfidedignas.com.mx\\\/index.php\\\/2024\\\/06\\\/12\\\/hombre-asesina-a-su-esposa-y-lleva-cadaver-a-la-policia-en-italia-peleaban-custodia-de-hijos\\\/\"]}]},{\"@type\":\"ImageObject\",\"inLanguage\":\"es\",\"@id\":\"https:\\\/\\\/fuentesfidedignas.com.mx\\\/index.php\\\/2024\\\/06\\\/12\\\/hombre-asesina-a-su-esposa-y-lleva-cadaver-a-la-policia-en-italia-peleaban-custodia-de-hijos\\\/#primaryimage\",\"url\":\"https:\\\/\\\/fuentesfidedignas.com.mx\\\/wp-content\\\/uploads\\\/2024\\\/06\\\/policia-italiana.jpg\",\"contentUrl\":\"https:\\\/\\\/fuentesfidedignas.com.mx\\\/wp-content\\\/uploads\\\/2024\\\/06\\\/policia-italiana.jpg\",\"width\":650,\"height\":362},{\"@type\":\"BreadcrumbList\",\"@id\":\"https:\\\/\\\/fuentesfidedignas.com.mx\\\/index.php\\\/2024\\\/06\\\/12\\\/hombre-asesina-a-su-esposa-y-lleva-cadaver-a-la-policia-en-italia-peleaban-custodia-de-hijos\\\/#breadcrumb\",\"itemListElement\":[{\"@type\":\"ListItem\",\"position\":1,\"name\":\"Inicio\",\"item\":\"https:\\\/\\\/fuentesfidedignas.com.mx\\\/\"},{\"@type\":\"ListItem\",\"position\":2,\"name\":\"Hombre asesina a su esposa y lleva cad\u00e1ver a la polic\u00eda en Italia; peleaban custodia de hijos\"}]},{\"@type\":\"WebSite\",\"@id\":\"https:\\\/\\\/fuentesfidedignas.com.mx\\\/#website\",\"url\":\"https:\\\/\\\/fuentesfidedignas.com.mx\\\/\",\"name\":\"Fuentes Fidedignas\",\"description\":\"Otro sitio realizado con WordPress\",\"publisher\":{\"@id\":\"https:\\\/\\\/fuentesfidedignas.com.mx\\\/#organization\"},\"potentialAction\":[{\"@type\":\"SearchAction\",\"target\":{\"@type\":\"EntryPoint\",\"urlTemplate\":\"https:\\\/\\\/fuentesfidedignas.com.mx\\\/?s={search_term_string}\"},\"query-input\":{\"@type\":\"PropertyValueSpecification\",\"valueRequired\":true,\"valueName\":\"search_term_string\"}}],\"inLanguage\":\"es\"},{\"@type\":\"Organization\",\"@id\":\"https:\\\/\\\/fuentesfidedignas.com.mx\\\/#organization\",\"name\":\"Fuentes Fidedignas\",\"url\":\"https:\\\/\\\/fuentesfidedignas.com.mx\\\/\",\"logo\":{\"@type\":\"ImageObject\",\"inLanguage\":\"es\",\"@id\":\"https:\\\/\\\/fuentesfidedignas.com.mx\\\/#\\\/schema\\\/logo\\\/image\\\/\",\"url\":\"https:\\\/\\\/fuentesfidedignas.com.mx\\\/wp-content\\\/uploads\\\/2021\\\/04\\\/logo-retina.png\",\"contentUrl\":\"https:\\\/\\\/fuentesfidedignas.com.mx\\\/wp-content\\\/uploads\\\/2021\\\/04\\\/logo-retina.png\",\"width\":280,\"height\":51,\"caption\":\"Fuentes Fidedignas\"},\"image\":{\"@id\":\"https:\\\/\\\/fuentesfidedignas.com.mx\\\/#\\\/schema\\\/logo\\\/image\\\/\"},\"sameAs\":[\"https:\\\/\\\/www.facebook.com\\\/Fuentes-Fidedignas-368234489921644\",\"https:\\\/\\\/x.com\\\/fidedignas\"]},{\"@type\":\"Person\",\"@id\":\"https:\\\/\\\/fuentesfidedignas.com.mx\\\/#\\\/schema\\\/person\\\/47ec0135738f4b0c7495f06a77a2c976\",\"name\":\"Milenio\",\"image\":{\"@type\":\"ImageObject\",\"inLanguage\":\"es\",\"@id\":\"https:\\\/\\\/secure.gravatar.com\\\/avatar\\\/acabf7b54753e51c2c76457954577c236b3b764789b19879565769739d1e4a75?s=96&d=mm&r=g\",\"url\":\"https:\\\/\\\/secure.gravatar.com\\\/avatar\\\/acabf7b54753e51c2c76457954577c236b3b764789b19879565769739d1e4a75?s=96&d=mm&r=g\",\"contentUrl\":\"https:\\\/\\\/secure.gravatar.com\\\/avatar\\\/acabf7b54753e51c2c76457954577c236b3b764789b19879565769739d1e4a75?s=96&d=mm&r=g\",\"caption\":\"Milenio\"},\"url\":\"https:\\\/\\\/fuentesfidedignas.com.mx\\\/index.php\\\/author\\\/milenio\\\/\"}]}<\/script>\n<!-- \/ Yoast SEO plugin. -->","yoast_head_json":{"title":"Hombre asesina a su esposa y lleva cad\u00e1ver a la polic\u00eda en Italia; peleaban custodia de hijos - Fuentes Fidedignas","robots":{"index":"index","follow":"follow","max-snippet":"max-snippet:-1","max-image-preview":"max-image-preview:large","max-video-preview":"max-video-preview:-1"},"canonical":"https:\/\/fuentesfidedignas.com.mx\/index.php\/2024\/06\/12\/hombre-asesina-a-su-esposa-y-lleva-cadaver-a-la-policia-en-italia-peleaban-custodia-de-hijos\/","og_locale":"es_MX","og_type":"article","og_title":"Hombre asesina a su esposa y lleva cad\u00e1ver a la polic\u00eda en Italia; peleaban custodia de hijos - Fuentes Fidedignas","og_description":"El italiano de 48 a\u00f1os se present\u00f3 en la oficina de polic\u00eda y mostr\u00f3 el cuerpo sin vida de su ex pareja. Un italiano de 48 a\u00f1os ha sido detenido acusado de homicidio en Modena (norte de Italia) tras presentarse en una comisar\u00eda con el cad\u00e1ver de su mujer, de 41 a\u00f1os, en el maletero [&hellip;]","og_url":"https:\/\/fuentesfidedignas.com.mx\/index.php\/2024\/06\/12\/hombre-asesina-a-su-esposa-y-lleva-cadaver-a-la-policia-en-italia-peleaban-custodia-de-hijos\/","og_site_name":"Fuentes Fidedignas","article_publisher":"https:\/\/www.facebook.com\/Fuentes-Fidedignas-368234489921644","article_published_time":"2024-06-12T15:09:08+00:00","og_image":[{"width":650,"height":362,"url":"https:\/\/fuentesfidedignas.com.mx\/wp-content\/uploads\/2024\/06\/policia-italiana.jpg","type":"image\/jpeg"}],"author":"Milenio","twitter_card":"summary_large_image","twitter_creator":"@fidedignas","twitter_site":"@fidedignas","twitter_misc":{"Escrito por":"Milenio","Tiempo de lectura":"2 minutos"},"schema":{"@context":"https:\/\/schema.org","@graph":[{"@type":"Article","@id":"https:\/\/fuentesfidedignas.com.mx\/index.php\/2024\/06\/12\/hombre-asesina-a-su-esposa-y-lleva-cadaver-a-la-policia-en-italia-peleaban-custodia-de-hijos\/#article","isPartOf":{"@id":"https:\/\/fuentesfidedignas.com.mx\/index.php\/2024\/06\/12\/hombre-asesina-a-su-esposa-y-lleva-cadaver-a-la-policia-en-italia-peleaban-custodia-de-hijos\/"},"author":{"name":"Milenio","@id":"https:\/\/fuentesfidedignas.com.mx\/#\/schema\/person\/47ec0135738f4b0c7495f06a77a2c976"},"headline":"Hombre asesina a su esposa y lleva cad\u00e1ver a la polic\u00eda en Italia; peleaban custodia de hijos","datePublished":"2024-06-12T15:09:08+00:00","mainEntityOfPage":{"@id":"https:\/\/fuentesfidedignas.com.mx\/index.php\/2024\/06\/12\/hombre-asesina-a-su-esposa-y-lleva-cadaver-a-la-policia-en-italia-peleaban-custodia-de-hijos\/"},"wordCount":319,"commentCount":0,"publisher":{"@id":"https:\/\/fuentesfidedignas.com.mx\/#organization"},"image":{"@id":"https:\/\/fuentesfidedignas.com.mx\/index.php\/2024\/06\/12\/hombre-asesina-a-su-esposa-y-lleva-cadaver-a-la-policia-en-italia-peleaban-custodia-de-hijos\/#primaryimage"},"thumbnailUrl":"https:\/\/fuentesfidedignas.com.mx\/wp-content\/uploads\/2024\/06\/policia-italiana.jpg","articleSection":["LAS ASOMBROSAS"],"inLanguage":"es","potentialAction":[{"@type":"CommentAction","name":"Comment","target":["https:\/\/fuentesfidedignas.com.mx\/index.php\/2024\/06\/12\/hombre-asesina-a-su-esposa-y-lleva-cadaver-a-la-policia-en-italia-peleaban-custodia-de-hijos\/#respond"]}]},{"@type":"WebPage","@id":"https:\/\/fuentesfidedignas.com.mx\/index.php\/2024\/06\/12\/hombre-asesina-a-su-esposa-y-lleva-cadaver-a-la-policia-en-italia-peleaban-custodia-de-hijos\/","url":"https:\/\/fuentesfidedignas.com.mx\/index.php\/2024\/06\/12\/hombre-asesina-a-su-esposa-y-lleva-cadaver-a-la-policia-en-italia-peleaban-custodia-de-hijos\/","name":"Hombre asesina a su esposa y lleva cad\u00e1ver a la polic\u00eda en Italia; peleaban custodia de hijos - Fuentes Fidedignas","isPartOf":{"@id":"https:\/\/fuentesfidedignas.com.mx\/#website"},"primaryImageOfPage":{"@id":"https:\/\/fuentesfidedignas.com.mx\/index.php\/2024\/06\/12\/hombre-asesina-a-su-esposa-y-lleva-cadaver-a-la-policia-en-italia-peleaban-custodia-de-hijos\/#primaryimage"},"image":{"@id":"https:\/\/fuentesfidedignas.com.mx\/index.php\/2024\/06\/12\/hombre-asesina-a-su-esposa-y-lleva-cadaver-a-la-policia-en-italia-peleaban-custodia-de-hijos\/#primaryimage"},"thumbnailUrl":"https:\/\/fuentesfidedignas.com.mx\/wp-content\/uploads\/2024\/06\/policia-italiana.jpg","datePublished":"2024-06-12T15:09:08+00:00","breadcrumb":{"@id":"https:\/\/fuentesfidedignas.com.mx\/index.php\/2024\/06\/12\/hombre-asesina-a-su-esposa-y-lleva-cadaver-a-la-policia-en-italia-peleaban-custodia-de-hijos\/#breadcrumb"},"inLanguage":"es","potentialAction":[{"@type":"ReadAction","target":["https:\/\/fuentesfidedignas.com.mx\/index.php\/2024\/06\/12\/hombre-asesina-a-su-esposa-y-lleva-cadaver-a-la-policia-en-italia-peleaban-custodia-de-hijos\/"]}]},{"@type":"ImageObject","inLanguage":"es","@id":"https:\/\/fuentesfidedignas.com.mx\/index.php\/2024\/06\/12\/hombre-asesina-a-su-esposa-y-lleva-cadaver-a-la-policia-en-italia-peleaban-custodia-de-hijos\/#primaryimage","url":"https:\/\/fuentesfidedignas.com.mx\/wp-content\/uploads\/2024\/06\/policia-italiana.jpg","contentUrl":"https:\/\/fuentesfidedignas.com.mx\/wp-content\/uploads\/2024\/06\/policia-italiana.jpg","width":650,"height":362},{"@type":"BreadcrumbList","@id":"https:\/\/fuentesfidedignas.com.mx\/index.php\/2024\/06\/12\/hombre-asesina-a-su-esposa-y-lleva-cadaver-a-la-policia-en-italia-peleaban-custodia-de-hijos\/#breadcrumb","itemListElement":[{"@type":"ListItem","position":1,"name":"Inicio","item":"https:\/\/fuentesfidedignas.com.mx\/"},{"@type":"ListItem","position":2,"name":"Hombre asesina a su esposa y lleva cad\u00e1ver a la polic\u00eda en Italia; peleaban custodia de hijos"}]},{"@type":"WebSite","@id":"https:\/\/fuentesfidedignas.com.mx\/#website","url":"https:\/\/fuentesfidedignas.com.mx\/","name":"Fuentes Fidedignas","description":"Otro sitio realizado con WordPress","publisher":{"@id":"https:\/\/fuentesfidedignas.com.mx\/#organization"},"potentialAction":[{"@type":"SearchAction","target":{"@type":"EntryPoint","urlTemplate":"https:\/\/fuentesfidedignas.com.mx\/?s={search_term_string}"},"query-input":{"@type":"PropertyValueSpecification","valueRequired":true,"valueName":"search_term_string"}}],"inLanguage":"es"},{"@type":"Organization","@id":"https:\/\/fuentesfidedignas.com.mx\/#organization","name":"Fuentes Fidedignas","url":"https:\/\/fuentesfidedignas.com.mx\/","logo":{"@type":"ImageObject","inLanguage":"es","@id":"https:\/\/fuentesfidedignas.com.mx\/#\/schema\/logo\/image\/","url":"https:\/\/fuentesfidedignas.com.mx\/wp-content\/uploads\/2021\/04\/logo-retina.png","contentUrl":"https:\/\/fuentesfidedignas.com.mx\/wp-content\/uploads\/2021\/04\/logo-retina.png","width":280,"height":51,"caption":"Fuentes Fidedignas"},"image":{"@id":"https:\/\/fuentesfidedignas.com.mx\/#\/schema\/logo\/image\/"},"sameAs":["https:\/\/www.facebook.com\/Fuentes-Fidedignas-368234489921644","https:\/\/x.com\/fidedignas"]},{"@type":"Person","@id":"https:\/\/fuentesfidedignas.com.mx\/#\/schema\/person\/47ec0135738f4b0c7495f06a77a2c976","name":"Milenio","image":{"@type":"ImageObject","inLanguage":"es","@id":"https:\/\/secure.gravatar.com\/avatar\/acabf7b54753e51c2c76457954577c236b3b764789b19879565769739d1e4a75?s=96&d=mm&r=g","url":"https:\/\/secure.gravatar.com\/avatar\/acabf7b54753e51c2c76457954577c236b3b764789b19879565769739d1e4a75?s=96&d=mm&r=g","contentUrl":"https:\/\/secure.gravatar.com\/avatar\/acabf7b54753e51c2c76457954577c236b3b764789b19879565769739d1e4a75?s=96&d=mm&r=g","caption":"Milenio"},"url":"https:\/\/fuentesfidedignas.com.mx\/index.php\/author\/milenio\/"}]}},"_links":{"self":[{"href":"https:\/\/fuentesfidedignas.com.mx\/index.php\/wp-json\/wp\/v2\/posts\/83889","targetHints":{"allow":["GET"]}}],"collection":[{"href":"https:\/\/fuentesfidedignas.com.mx\/index.php\/wp-json\/wp\/v2\/posts"}],"about":[{"href":"https:\/\/fuentesfidedignas.com.mx\/index.php\/wp-json\/wp\/v2\/types\/post"}],"author":[{"embeddable":true,"href":"https:\/\/fuentesfidedignas.com.mx\/index.php\/wp-json\/wp\/v2\/users\/9"}],"replies":[{"embeddable":true,"href":"https:\/\/fuentesfidedignas.com.mx\/index.php\/wp-json\/wp\/v2\/comments?post=83889"}],"version-history":[{"count":1,"href":"https:\/\/fuentesfidedignas.com.mx\/index.php\/wp-json\/wp\/v2\/posts\/83889\/revisions"}],"predecessor-version":[{"id":83891,"href":"https:\/\/fuentesfidedignas.com.mx\/index.php\/wp-json\/wp\/v2\/posts\/83889\/revisions\/83891"}],"wp:featuredmedia":[{"embeddable":true,"href":"https:\/\/fuentesfidedignas.com.mx\/index.php\/wp-json\/wp\/v2\/media\/83890"}],"wp:attachment":[{"href":"https:\/\/fuentesfidedignas.com.mx\/index.php\/wp-json\/wp\/v2\/media?parent=83889"}],"wp:term":[{"taxonomy":"category","embeddable":true,"href":"https:\/\/fuentesfidedignas.com.mx\/index.php\/wp-json\/wp\/v2\/categories?post=83889"},{"taxonomy":"post_tag","embeddable":true,"href":"https:\/\/fuentesfidedignas.com.mx\/index.php\/wp-json\/wp\/v2\/tags?post=83889"}],"curies":[{"name":"wp","href":"https:\/\/api.w.org\/{rel}","templated":true}]}}