{"id":83642,"date":"2024-06-09T06:43:16","date_gmt":"2024-06-09T13:43:16","guid":{"rendered":"https:\/\/fuentesfidedignas.com.mx\/?p=83642"},"modified":"2024-06-09T06:43:17","modified_gmt":"2024-06-09T13:43:17","slug":"mexico-hacia-un-nuevo-pacto-de-prosperidad-compartida","status":"publish","type":"post","link":"https:\/\/fuentesfidedignas.com.mx\/index.php\/2024\/06\/09\/mexico-hacia-un-nuevo-pacto-de-prosperidad-compartida\/","title":{"rendered":"M\u00e9xico hacia un nuevo pacto de prosperidad compartida"},"content":{"rendered":"\n<p>La hist\u00f3rica victoria de la Dra. Claudia Sheinbaum Pardo como primera mujer presidenta de M\u00e9xico abre un nuevo cap\u00edtulo. Uno donde la &#8220;prosperidad compartida&#8221; no ser\u00e1 un simple lema, sino el eje rector de las transformaciones sociales venideras. Y un pilar clave ser\u00e1 sin duda fortalecer la protecci\u00f3n social universal.<\/p>\n\n\n\n<p><br>\u00bfPor qu\u00e9 es tan urgente esta agenda? Las cifras son elocuentes: m\u00e1s de la mitad de la poblaci\u00f3n mexicana carece de cualquier cobertura de seguridad social. Un panorama inaceptable para una naci\u00f3n que aspira a ser plenamente desarrollada y justa.<br>Las estimaciones de la OIT tambi\u00e9n indican que solo el 29 por ciento de la poblaci\u00f3n mundial est\u00e1 protegida por un sistema de seguridad social integral que abarca toda la gama de prestaciones, desde beneficios familiares hasta pensiones de vejez, y que la amplia mayor\u00eda de la poblaci\u00f3n mundial \u2013el 71 por ciento, o 5200 millones de personas\u2013 tiene solo una cobertura parcial o ninguna.<\/p>\n\n\n\n<p><br>La protecci\u00f3n social universal no es un lujo, es una condici\u00f3n indispensable para erradicar la pobreza y reducir las grotescas desigualdades que a\u00fan persisten. As\u00ed lo han comprendido economistas, organismos internacionales como la OIT, e incluso la Agenda 2030 para el Desarrollo Sostenible de la ONU.<\/p>\n\n\n\n<p><br>\u00bfDe qu\u00e9 hablamos cuando nos referimos a protecci\u00f3n social universal? En esencia, garantizar el acceso equitativo de todas las personas a prestaciones b\u00e1sicas en dinero o en especie durante todo su ciclo de vida. Desde pensiones dignas para adultos mayores y discapacitados, hasta seguros de desempleo, subsidios para la ni\u00f1ez, cobertura m\u00e9dica y m\u00e1s.<\/p>\n\n\n\n<p><br>La falta de protecci\u00f3n social deja a las personas expuestas a la pobreza, las desigualdades y la exclusi\u00f3n social en todo el ciclo de vida, y en consecuencia representa un obst\u00e1culo importante para el desarrollo econ\u00f3mico y social.<\/p>\n\n\n\n<p><br>Un sistema de protecci\u00f3n social robusto no solo preserva a las personas contra riesgos econ\u00f3micos y de salud. Tambi\u00e9n es un poderoso motor para el desarrollo al impulsar la demanda interna, la productividad y la transformaci\u00f3n socioecon\u00f3mica.<\/p>\n\n\n\n<p><br>Seg\u00fan el Informe Mundial sobre la Protecci\u00f3n Social 2017-2019 de la OIT, varios pa\u00edses han conseguido la cobertura universal de las pensiones, entre ellos, Belar\u00fas, Bolivia, Botswana, Cabo Verde, China, Georgia, Kirguist\u00e1n, Lesotho, Maldivas, Mongolia, Namibia, Seychelles, Sud\u00e1frica, Swazilandia, Timor-Leste, Trinidad y Tobago, Uzbekist\u00e1n y Zanz\u00edbar. Otros pa\u00edses en desarrollo, como Armenia, Azerbaiy\u00e1n, Brasil, Chile, Kazajst\u00e1n, Tailandia y Uruguay est\u00e1n pr\u00f3ximos a conseguirla. \u00bfY M\u00e9xico? Todav\u00eda arrastra un gran rezago, con 45% de su poblaci\u00f3n recibiendo solo una prestaci\u00f3n social, cuando el ideal es acceder a un conjunto integral.<\/p>\n\n\n\n<p><br>Pero la historia nos ense\u00f1a que los grandes cambios requieren voluntad pol\u00edtica inquebrantable y nuevos pactos sociales y fiscales. Esa parece ser la convicci\u00f3n de Sheinbaum, quien ha planteado como meta &#8220;volver a poner al pueblo en el centro de todas las decisiones&#8221;.<\/p>\n\n\n\n<p><br>\u00bfC\u00f3mo lograrlo? Una posible ruta ser\u00eda la implementaci\u00f3n gradual de un sistema de transferencias monetarias universales desde la infancia hasta la vejez. Comenzando con la extensi\u00f3n de programas como la Pensi\u00f3n para el Bienestar de Adultos Mayores a todos los sectores y contemplando paralelamente un Ingreso B\u00e1sico Universal para ni\u00f1os y j\u00f3venes.<br>Un programa de esta magnitud implicar\u00eda una inversi\u00f3n significativa, pero \u00bfacaso hay mejor inversi\u00f3n que dignificar la vida de millones? Los c\u00e1lculos indican que proveer un piso b\u00e1sico de protecci\u00f3n social en pa\u00edses en desarrollo cuesta en promedio 1.6% de su PIB. Una cifra m\u00f3dica comparada con sus impactos exponenciales.<\/p>\n\n\n\n<p><br>El reto ser\u00e1 encontrar fuentes de financiamiento sostenibles y equitativas, tanto nacionales como internacionales. Combatir la evasi\u00f3n y elusi\u00f3n fiscal, redefinir prioridades presupuestarias y atraer capitales privados con un s\u00f3lido plan de acci\u00f3n podr\u00edan ser algunos de los caminos.<\/p>\n\n\n\n<p><br>No m\u00e1s excusas ni postergaciones. Ha llegado la hora de que M\u00e9xico ingrese de lleno al selecto grupo de naciones con verdaderos Estados de bienestar y desarrollo humano integral. Un cambio de \u00e9poca donde ning\u00fan mexicano quede rezagado ni atr\u00e1s por falta de oportunidades y condiciones dignas.<\/p>\n\n\n\n<p><br>La prosperidad compartida solo ser\u00e1 posible cuando la protecci\u00f3n sea un derecho universal. Esa es la visi\u00f3n que al parecer la Dra. Claudia Sheinbaum traer\u00e1 a la Presidencia. Esperemos que la marcha por un M\u00e9xico m\u00e1s justo e incluyente d\u00e9 sus primeros y firmes pasos bajo su liderazgo transformador.<\/p>\n","protected":false},"excerpt":{"rendered":"<p>La hist\u00f3rica victoria de la Dra. Claudia Sheinbaum Pardo como primera mujer presidenta de M\u00e9xico abre un nuevo cap\u00edtulo. Uno donde la &#8220;prosperidad compartida&#8221; no ser\u00e1 un simple lema, sino el eje rector de las transformaciones sociales venideras. Y un pilar clave ser\u00e1 sin duda fortalecer la protecci\u00f3n social universal. \u00bfPor qu\u00e9 es tan urgente [&hellip;]<\/p>\n","protected":false},"author":146,"featured_media":83643,"comment_status":"open","ping_status":"open","sticky":false,"template":"","format":"standard","meta":{"tdm_status":"","tdm_grid_status":"","footnotes":""},"categories":[3064,3089],"tags":[],"class_list":{"0":"post-83642","1":"post","2":"type-post","3":"status-publish","4":"format-standard","5":"has-post-thumbnail","7":"category-columnas","8":"category-nutriendo-la-mente"},"yoast_head":"<!-- This site is optimized with the Yoast SEO plugin v27.5 - https:\/\/yoast.com\/product\/yoast-seo-wordpress\/ -->\n<title>M\u00e9xico hacia un nuevo pacto de prosperidad compartida - Fuentes Fidedignas<\/title>\n<meta name=\"robots\" content=\"index, follow, max-snippet:-1, max-image-preview:large, max-video-preview:-1\" \/>\n<link rel=\"canonical\" href=\"https:\/\/fuentesfidedignas.com.mx\/index.php\/2024\/06\/09\/mexico-hacia-un-nuevo-pacto-de-prosperidad-compartida\/\" \/>\n<meta property=\"og:locale\" content=\"es_MX\" \/>\n<meta property=\"og:type\" content=\"article\" \/>\n<meta property=\"og:title\" content=\"M\u00e9xico hacia un nuevo pacto de prosperidad compartida - Fuentes Fidedignas\" \/>\n<meta property=\"og:description\" content=\"La hist\u00f3rica victoria de la Dra. Claudia Sheinbaum Pardo como primera mujer presidenta de M\u00e9xico abre un nuevo cap\u00edtulo. Uno donde la &#8220;prosperidad compartida&#8221; no ser\u00e1 un simple lema, sino el eje rector de las transformaciones sociales venideras. Y un pilar clave ser\u00e1 sin duda fortalecer la protecci\u00f3n social universal. \u00bfPor qu\u00e9 es tan urgente [&hellip;]\" \/>\n<meta property=\"og:url\" content=\"https:\/\/fuentesfidedignas.com.mx\/index.php\/2024\/06\/09\/mexico-hacia-un-nuevo-pacto-de-prosperidad-compartida\/\" \/>\n<meta property=\"og:site_name\" content=\"Fuentes Fidedignas\" \/>\n<meta property=\"article:publisher\" content=\"https:\/\/www.facebook.com\/Fuentes-Fidedignas-368234489921644\" \/>\n<meta property=\"article:published_time\" content=\"2024-06-09T13:43:16+00:00\" \/>\n<meta property=\"article:modified_time\" content=\"2024-06-09T13:43:17+00:00\" \/>\n<meta property=\"og:image\" content=\"https:\/\/fuentesfidedignas.com.mx\/wp-content\/uploads\/2024\/06\/PHOTO-2024-06-09-06-16-39.jpg\" \/>\n\t<meta property=\"og:image:width\" content=\"1200\" \/>\n\t<meta property=\"og:image:height\" content=\"675\" \/>\n\t<meta property=\"og:image:type\" content=\"image\/jpeg\" \/>\n<meta name=\"author\" content=\"Mtro. Horacio de Jes\u00fas Malcampo Moreno\" \/>\n<meta name=\"twitter:card\" content=\"summary_large_image\" \/>\n<meta name=\"twitter:creator\" content=\"@fidedignas\" \/>\n<meta name=\"twitter:site\" content=\"@fidedignas\" \/>\n<meta name=\"twitter:label1\" content=\"Escrito por\" \/>\n\t<meta name=\"twitter:data1\" content=\"Mtro. Horacio de Jes\u00fas Malcampo Moreno\" \/>\n\t<meta name=\"twitter:label2\" content=\"Tiempo de lectura\" \/>\n\t<meta name=\"twitter:data2\" content=\"4 minutos\" \/>\n<script type=\"application\/ld+json\" class=\"yoast-schema-graph\">{\"@context\":\"https:\\\/\\\/schema.org\",\"@graph\":[{\"@type\":\"Article\",\"@id\":\"https:\\\/\\\/fuentesfidedignas.com.mx\\\/index.php\\\/2024\\\/06\\\/09\\\/mexico-hacia-un-nuevo-pacto-de-prosperidad-compartida\\\/#article\",\"isPartOf\":{\"@id\":\"https:\\\/\\\/fuentesfidedignas.com.mx\\\/index.php\\\/2024\\\/06\\\/09\\\/mexico-hacia-un-nuevo-pacto-de-prosperidad-compartida\\\/\"},\"author\":{\"name\":\"Mtro. Horacio de Jes\u00fas Malcampo Moreno\",\"@id\":\"https:\\\/\\\/fuentesfidedignas.com.mx\\\/#\\\/schema\\\/person\\\/3f687c55082c557a647c7836bde45728\"},\"headline\":\"M\u00e9xico hacia un nuevo pacto de prosperidad compartida\",\"datePublished\":\"2024-06-09T13:43:16+00:00\",\"dateModified\":\"2024-06-09T13:43:17+00:00\",\"mainEntityOfPage\":{\"@id\":\"https:\\\/\\\/fuentesfidedignas.com.mx\\\/index.php\\\/2024\\\/06\\\/09\\\/mexico-hacia-un-nuevo-pacto-de-prosperidad-compartida\\\/\"},\"wordCount\":779,\"commentCount\":0,\"publisher\":{\"@id\":\"https:\\\/\\\/fuentesfidedignas.com.mx\\\/#organization\"},\"image\":{\"@id\":\"https:\\\/\\\/fuentesfidedignas.com.mx\\\/index.php\\\/2024\\\/06\\\/09\\\/mexico-hacia-un-nuevo-pacto-de-prosperidad-compartida\\\/#primaryimage\"},\"thumbnailUrl\":\"https:\\\/\\\/fuentesfidedignas.com.mx\\\/wp-content\\\/uploads\\\/2024\\\/06\\\/PHOTO-2024-06-09-06-16-39.jpg\",\"articleSection\":[\"COLUMNAS\",\"NUTRIENDO LA MENTE\"],\"inLanguage\":\"es\",\"potentialAction\":[{\"@type\":\"CommentAction\",\"name\":\"Comment\",\"target\":[\"https:\\\/\\\/fuentesfidedignas.com.mx\\\/index.php\\\/2024\\\/06\\\/09\\\/mexico-hacia-un-nuevo-pacto-de-prosperidad-compartida\\\/#respond\"]}]},{\"@type\":\"WebPage\",\"@id\":\"https:\\\/\\\/fuentesfidedignas.com.mx\\\/index.php\\\/2024\\\/06\\\/09\\\/mexico-hacia-un-nuevo-pacto-de-prosperidad-compartida\\\/\",\"url\":\"https:\\\/\\\/fuentesfidedignas.com.mx\\\/index.php\\\/2024\\\/06\\\/09\\\/mexico-hacia-un-nuevo-pacto-de-prosperidad-compartida\\\/\",\"name\":\"M\u00e9xico hacia un nuevo pacto de prosperidad compartida - Fuentes Fidedignas\",\"isPartOf\":{\"@id\":\"https:\\\/\\\/fuentesfidedignas.com.mx\\\/#website\"},\"primaryImageOfPage\":{\"@id\":\"https:\\\/\\\/fuentesfidedignas.com.mx\\\/index.php\\\/2024\\\/06\\\/09\\\/mexico-hacia-un-nuevo-pacto-de-prosperidad-compartida\\\/#primaryimage\"},\"image\":{\"@id\":\"https:\\\/\\\/fuentesfidedignas.com.mx\\\/index.php\\\/2024\\\/06\\\/09\\\/mexico-hacia-un-nuevo-pacto-de-prosperidad-compartida\\\/#primaryimage\"},\"thumbnailUrl\":\"https:\\\/\\\/fuentesfidedignas.com.mx\\\/wp-content\\\/uploads\\\/2024\\\/06\\\/PHOTO-2024-06-09-06-16-39.jpg\",\"datePublished\":\"2024-06-09T13:43:16+00:00\",\"dateModified\":\"2024-06-09T13:43:17+00:00\",\"breadcrumb\":{\"@id\":\"https:\\\/\\\/fuentesfidedignas.com.mx\\\/index.php\\\/2024\\\/06\\\/09\\\/mexico-hacia-un-nuevo-pacto-de-prosperidad-compartida\\\/#breadcrumb\"},\"inLanguage\":\"es\",\"potentialAction\":[{\"@type\":\"ReadAction\",\"target\":[\"https:\\\/\\\/fuentesfidedignas.com.mx\\\/index.php\\\/2024\\\/06\\\/09\\\/mexico-hacia-un-nuevo-pacto-de-prosperidad-compartida\\\/\"]}]},{\"@type\":\"ImageObject\",\"inLanguage\":\"es\",\"@id\":\"https:\\\/\\\/fuentesfidedignas.com.mx\\\/index.php\\\/2024\\\/06\\\/09\\\/mexico-hacia-un-nuevo-pacto-de-prosperidad-compartida\\\/#primaryimage\",\"url\":\"https:\\\/\\\/fuentesfidedignas.com.mx\\\/wp-content\\\/uploads\\\/2024\\\/06\\\/PHOTO-2024-06-09-06-16-39.jpg\",\"contentUrl\":\"https:\\\/\\\/fuentesfidedignas.com.mx\\\/wp-content\\\/uploads\\\/2024\\\/06\\\/PHOTO-2024-06-09-06-16-39.jpg\",\"width\":1200,\"height\":675},{\"@type\":\"BreadcrumbList\",\"@id\":\"https:\\\/\\\/fuentesfidedignas.com.mx\\\/index.php\\\/2024\\\/06\\\/09\\\/mexico-hacia-un-nuevo-pacto-de-prosperidad-compartida\\\/#breadcrumb\",\"itemListElement\":[{\"@type\":\"ListItem\",\"position\":1,\"name\":\"Inicio\",\"item\":\"https:\\\/\\\/fuentesfidedignas.com.mx\\\/\"},{\"@type\":\"ListItem\",\"position\":2,\"name\":\"M\u00e9xico hacia un nuevo pacto de prosperidad compartida\"}]},{\"@type\":\"WebSite\",\"@id\":\"https:\\\/\\\/fuentesfidedignas.com.mx\\\/#website\",\"url\":\"https:\\\/\\\/fuentesfidedignas.com.mx\\\/\",\"name\":\"Fuentes Fidedignas\",\"description\":\"Otro sitio realizado con WordPress\",\"publisher\":{\"@id\":\"https:\\\/\\\/fuentesfidedignas.com.mx\\\/#organization\"},\"potentialAction\":[{\"@type\":\"SearchAction\",\"target\":{\"@type\":\"EntryPoint\",\"urlTemplate\":\"https:\\\/\\\/fuentesfidedignas.com.mx\\\/?s={search_term_string}\"},\"query-input\":{\"@type\":\"PropertyValueSpecification\",\"valueRequired\":true,\"valueName\":\"search_term_string\"}}],\"inLanguage\":\"es\"},{\"@type\":\"Organization\",\"@id\":\"https:\\\/\\\/fuentesfidedignas.com.mx\\\/#organization\",\"name\":\"Fuentes Fidedignas\",\"url\":\"https:\\\/\\\/fuentesfidedignas.com.mx\\\/\",\"logo\":{\"@type\":\"ImageObject\",\"inLanguage\":\"es\",\"@id\":\"https:\\\/\\\/fuentesfidedignas.com.mx\\\/#\\\/schema\\\/logo\\\/image\\\/\",\"url\":\"https:\\\/\\\/fuentesfidedignas.com.mx\\\/wp-content\\\/uploads\\\/2021\\\/04\\\/logo-retina.png\",\"contentUrl\":\"https:\\\/\\\/fuentesfidedignas.com.mx\\\/wp-content\\\/uploads\\\/2021\\\/04\\\/logo-retina.png\",\"width\":280,\"height\":51,\"caption\":\"Fuentes Fidedignas\"},\"image\":{\"@id\":\"https:\\\/\\\/fuentesfidedignas.com.mx\\\/#\\\/schema\\\/logo\\\/image\\\/\"},\"sameAs\":[\"https:\\\/\\\/www.facebook.com\\\/Fuentes-Fidedignas-368234489921644\",\"https:\\\/\\\/x.com\\\/fidedignas\"]},{\"@type\":\"Person\",\"@id\":\"https:\\\/\\\/fuentesfidedignas.com.mx\\\/#\\\/schema\\\/person\\\/3f687c55082c557a647c7836bde45728\",\"name\":\"Mtro. Horacio de Jes\u00fas Malcampo Moreno\",\"image\":{\"@type\":\"ImageObject\",\"inLanguage\":\"es\",\"@id\":\"https:\\\/\\\/secure.gravatar.com\\\/avatar\\\/21fd667a5b9de079d383e44390566d4c728a6ce47b9b5e8419c61f1b793461ac?s=96&d=mm&r=g\",\"url\":\"https:\\\/\\\/secure.gravatar.com\\\/avatar\\\/21fd667a5b9de079d383e44390566d4c728a6ce47b9b5e8419c61f1b793461ac?s=96&d=mm&r=g\",\"contentUrl\":\"https:\\\/\\\/secure.gravatar.com\\\/avatar\\\/21fd667a5b9de079d383e44390566d4c728a6ce47b9b5e8419c61f1b793461ac?s=96&d=mm&r=g\",\"caption\":\"Mtro. Horacio de Jes\u00fas Malcampo Moreno\"},\"url\":\"https:\\\/\\\/fuentesfidedignas.com.mx\\\/index.php\\\/author\\\/horacio\\\/\"}]}<\/script>\n<!-- \/ Yoast SEO plugin. -->","yoast_head_json":{"title":"M\u00e9xico hacia un nuevo pacto de prosperidad compartida - Fuentes Fidedignas","robots":{"index":"index","follow":"follow","max-snippet":"max-snippet:-1","max-image-preview":"max-image-preview:large","max-video-preview":"max-video-preview:-1"},"canonical":"https:\/\/fuentesfidedignas.com.mx\/index.php\/2024\/06\/09\/mexico-hacia-un-nuevo-pacto-de-prosperidad-compartida\/","og_locale":"es_MX","og_type":"article","og_title":"M\u00e9xico hacia un nuevo pacto de prosperidad compartida - Fuentes Fidedignas","og_description":"La hist\u00f3rica victoria de la Dra. Claudia Sheinbaum Pardo como primera mujer presidenta de M\u00e9xico abre un nuevo cap\u00edtulo. Uno donde la &#8220;prosperidad compartida&#8221; no ser\u00e1 un simple lema, sino el eje rector de las transformaciones sociales venideras. Y un pilar clave ser\u00e1 sin duda fortalecer la protecci\u00f3n social universal. \u00bfPor qu\u00e9 es tan urgente [&hellip;]","og_url":"https:\/\/fuentesfidedignas.com.mx\/index.php\/2024\/06\/09\/mexico-hacia-un-nuevo-pacto-de-prosperidad-compartida\/","og_site_name":"Fuentes Fidedignas","article_publisher":"https:\/\/www.facebook.com\/Fuentes-Fidedignas-368234489921644","article_published_time":"2024-06-09T13:43:16+00:00","article_modified_time":"2024-06-09T13:43:17+00:00","og_image":[{"width":1200,"height":675,"url":"https:\/\/fuentesfidedignas.com.mx\/wp-content\/uploads\/2024\/06\/PHOTO-2024-06-09-06-16-39.jpg","type":"image\/jpeg"}],"author":"Mtro. Horacio de Jes\u00fas Malcampo Moreno","twitter_card":"summary_large_image","twitter_creator":"@fidedignas","twitter_site":"@fidedignas","twitter_misc":{"Escrito por":"Mtro. Horacio de Jes\u00fas Malcampo Moreno","Tiempo de lectura":"4 minutos"},"schema":{"@context":"https:\/\/schema.org","@graph":[{"@type":"Article","@id":"https:\/\/fuentesfidedignas.com.mx\/index.php\/2024\/06\/09\/mexico-hacia-un-nuevo-pacto-de-prosperidad-compartida\/#article","isPartOf":{"@id":"https:\/\/fuentesfidedignas.com.mx\/index.php\/2024\/06\/09\/mexico-hacia-un-nuevo-pacto-de-prosperidad-compartida\/"},"author":{"name":"Mtro. Horacio de Jes\u00fas Malcampo Moreno","@id":"https:\/\/fuentesfidedignas.com.mx\/#\/schema\/person\/3f687c55082c557a647c7836bde45728"},"headline":"M\u00e9xico hacia un nuevo pacto de prosperidad compartida","datePublished":"2024-06-09T13:43:16+00:00","dateModified":"2024-06-09T13:43:17+00:00","mainEntityOfPage":{"@id":"https:\/\/fuentesfidedignas.com.mx\/index.php\/2024\/06\/09\/mexico-hacia-un-nuevo-pacto-de-prosperidad-compartida\/"},"wordCount":779,"commentCount":0,"publisher":{"@id":"https:\/\/fuentesfidedignas.com.mx\/#organization"},"image":{"@id":"https:\/\/fuentesfidedignas.com.mx\/index.php\/2024\/06\/09\/mexico-hacia-un-nuevo-pacto-de-prosperidad-compartida\/#primaryimage"},"thumbnailUrl":"https:\/\/fuentesfidedignas.com.mx\/wp-content\/uploads\/2024\/06\/PHOTO-2024-06-09-06-16-39.jpg","articleSection":["COLUMNAS","NUTRIENDO LA MENTE"],"inLanguage":"es","potentialAction":[{"@type":"CommentAction","name":"Comment","target":["https:\/\/fuentesfidedignas.com.mx\/index.php\/2024\/06\/09\/mexico-hacia-un-nuevo-pacto-de-prosperidad-compartida\/#respond"]}]},{"@type":"WebPage","@id":"https:\/\/fuentesfidedignas.com.mx\/index.php\/2024\/06\/09\/mexico-hacia-un-nuevo-pacto-de-prosperidad-compartida\/","url":"https:\/\/fuentesfidedignas.com.mx\/index.php\/2024\/06\/09\/mexico-hacia-un-nuevo-pacto-de-prosperidad-compartida\/","name":"M\u00e9xico hacia un nuevo pacto de prosperidad compartida - Fuentes Fidedignas","isPartOf":{"@id":"https:\/\/fuentesfidedignas.com.mx\/#website"},"primaryImageOfPage":{"@id":"https:\/\/fuentesfidedignas.com.mx\/index.php\/2024\/06\/09\/mexico-hacia-un-nuevo-pacto-de-prosperidad-compartida\/#primaryimage"},"image":{"@id":"https:\/\/fuentesfidedignas.com.mx\/index.php\/2024\/06\/09\/mexico-hacia-un-nuevo-pacto-de-prosperidad-compartida\/#primaryimage"},"thumbnailUrl":"https:\/\/fuentesfidedignas.com.mx\/wp-content\/uploads\/2024\/06\/PHOTO-2024-06-09-06-16-39.jpg","datePublished":"2024-06-09T13:43:16+00:00","dateModified":"2024-06-09T13:43:17+00:00","breadcrumb":{"@id":"https:\/\/fuentesfidedignas.com.mx\/index.php\/2024\/06\/09\/mexico-hacia-un-nuevo-pacto-de-prosperidad-compartida\/#breadcrumb"},"inLanguage":"es","potentialAction":[{"@type":"ReadAction","target":["https:\/\/fuentesfidedignas.com.mx\/index.php\/2024\/06\/09\/mexico-hacia-un-nuevo-pacto-de-prosperidad-compartida\/"]}]},{"@type":"ImageObject","inLanguage":"es","@id":"https:\/\/fuentesfidedignas.com.mx\/index.php\/2024\/06\/09\/mexico-hacia-un-nuevo-pacto-de-prosperidad-compartida\/#primaryimage","url":"https:\/\/fuentesfidedignas.com.mx\/wp-content\/uploads\/2024\/06\/PHOTO-2024-06-09-06-16-39.jpg","contentUrl":"https:\/\/fuentesfidedignas.com.mx\/wp-content\/uploads\/2024\/06\/PHOTO-2024-06-09-06-16-39.jpg","width":1200,"height":675},{"@type":"BreadcrumbList","@id":"https:\/\/fuentesfidedignas.com.mx\/index.php\/2024\/06\/09\/mexico-hacia-un-nuevo-pacto-de-prosperidad-compartida\/#breadcrumb","itemListElement":[{"@type":"ListItem","position":1,"name":"Inicio","item":"https:\/\/fuentesfidedignas.com.mx\/"},{"@type":"ListItem","position":2,"name":"M\u00e9xico hacia un nuevo pacto de prosperidad compartida"}]},{"@type":"WebSite","@id":"https:\/\/fuentesfidedignas.com.mx\/#website","url":"https:\/\/fuentesfidedignas.com.mx\/","name":"Fuentes Fidedignas","description":"Otro sitio realizado con WordPress","publisher":{"@id":"https:\/\/fuentesfidedignas.com.mx\/#organization"},"potentialAction":[{"@type":"SearchAction","target":{"@type":"EntryPoint","urlTemplate":"https:\/\/fuentesfidedignas.com.mx\/?s={search_term_string}"},"query-input":{"@type":"PropertyValueSpecification","valueRequired":true,"valueName":"search_term_string"}}],"inLanguage":"es"},{"@type":"Organization","@id":"https:\/\/fuentesfidedignas.com.mx\/#organization","name":"Fuentes Fidedignas","url":"https:\/\/fuentesfidedignas.com.mx\/","logo":{"@type":"ImageObject","inLanguage":"es","@id":"https:\/\/fuentesfidedignas.com.mx\/#\/schema\/logo\/image\/","url":"https:\/\/fuentesfidedignas.com.mx\/wp-content\/uploads\/2021\/04\/logo-retina.png","contentUrl":"https:\/\/fuentesfidedignas.com.mx\/wp-content\/uploads\/2021\/04\/logo-retina.png","width":280,"height":51,"caption":"Fuentes Fidedignas"},"image":{"@id":"https:\/\/fuentesfidedignas.com.mx\/#\/schema\/logo\/image\/"},"sameAs":["https:\/\/www.facebook.com\/Fuentes-Fidedignas-368234489921644","https:\/\/x.com\/fidedignas"]},{"@type":"Person","@id":"https:\/\/fuentesfidedignas.com.mx\/#\/schema\/person\/3f687c55082c557a647c7836bde45728","name":"Mtro. Horacio de Jes\u00fas Malcampo Moreno","image":{"@type":"ImageObject","inLanguage":"es","@id":"https:\/\/secure.gravatar.com\/avatar\/21fd667a5b9de079d383e44390566d4c728a6ce47b9b5e8419c61f1b793461ac?s=96&d=mm&r=g","url":"https:\/\/secure.gravatar.com\/avatar\/21fd667a5b9de079d383e44390566d4c728a6ce47b9b5e8419c61f1b793461ac?s=96&d=mm&r=g","contentUrl":"https:\/\/secure.gravatar.com\/avatar\/21fd667a5b9de079d383e44390566d4c728a6ce47b9b5e8419c61f1b793461ac?s=96&d=mm&r=g","caption":"Mtro. Horacio de Jes\u00fas Malcampo Moreno"},"url":"https:\/\/fuentesfidedignas.com.mx\/index.php\/author\/horacio\/"}]}},"_links":{"self":[{"href":"https:\/\/fuentesfidedignas.com.mx\/index.php\/wp-json\/wp\/v2\/posts\/83642","targetHints":{"allow":["GET"]}}],"collection":[{"href":"https:\/\/fuentesfidedignas.com.mx\/index.php\/wp-json\/wp\/v2\/posts"}],"about":[{"href":"https:\/\/fuentesfidedignas.com.mx\/index.php\/wp-json\/wp\/v2\/types\/post"}],"author":[{"embeddable":true,"href":"https:\/\/fuentesfidedignas.com.mx\/index.php\/wp-json\/wp\/v2\/users\/146"}],"replies":[{"embeddable":true,"href":"https:\/\/fuentesfidedignas.com.mx\/index.php\/wp-json\/wp\/v2\/comments?post=83642"}],"version-history":[{"count":1,"href":"https:\/\/fuentesfidedignas.com.mx\/index.php\/wp-json\/wp\/v2\/posts\/83642\/revisions"}],"predecessor-version":[{"id":83644,"href":"https:\/\/fuentesfidedignas.com.mx\/index.php\/wp-json\/wp\/v2\/posts\/83642\/revisions\/83644"}],"wp:featuredmedia":[{"embeddable":true,"href":"https:\/\/fuentesfidedignas.com.mx\/index.php\/wp-json\/wp\/v2\/media\/83643"}],"wp:attachment":[{"href":"https:\/\/fuentesfidedignas.com.mx\/index.php\/wp-json\/wp\/v2\/media?parent=83642"}],"wp:term":[{"taxonomy":"category","embeddable":true,"href":"https:\/\/fuentesfidedignas.com.mx\/index.php\/wp-json\/wp\/v2\/categories?post=83642"},{"taxonomy":"post_tag","embeddable":true,"href":"https:\/\/fuentesfidedignas.com.mx\/index.php\/wp-json\/wp\/v2\/tags?post=83642"}],"curies":[{"name":"wp","href":"https:\/\/api.w.org\/{rel}","templated":true}]}}