{"id":83470,"date":"2024-06-07T06:22:42","date_gmt":"2024-06-07T13:22:42","guid":{"rendered":"https:\/\/fuentesfidedignas.com.mx\/?p=83470"},"modified":"2024-06-07T06:22:42","modified_gmt":"2024-06-07T13:22:42","slug":"mexico-despues-de-las-urnas-el-desafio-de-romper-las-camaras-de-eco","status":"publish","type":"post","link":"https:\/\/fuentesfidedignas.com.mx\/index.php\/2024\/06\/07\/mexico-despues-de-las-urnas-el-desafio-de-romper-las-camaras-de-eco\/","title":{"rendered":"M\u00e9xico despu\u00e9s de las urnas: el desaf\u00edo de romper las c\u00e1maras de eco"},"content":{"rendered":"\n<p>Las elecciones de 2024 han dejado un panorama pol\u00edtico contrastante en M\u00e9xico. Por un lado, la contundente victoria de Claudia Sheinbaum y la coalici\u00f3n &#8220;Sigamos Haciendo Historia&#8221; en la Presidencia y la mayor\u00eda de las gubernaturas en disputa, refuerza la narrativa del &#8220;cambio profundo&#8221; impulsado por el proyecto transformador de la autodenominada Cuarta Transformaci\u00f3n.<\/p>\n\n\n\n<p>Sin embargo, m\u00e1s all\u00e1 de las cifras aplastantes, estos comicios tambi\u00e9n han puesto de manifiesto los riesgos de quedar atrapados en c\u00e1maras de eco y sesgos de confirmaci\u00f3n que amenazan con profundizar las divisiones existentes en el pa\u00eds.<\/p>\n\n\n\n<p>La c\u00e1mara de eco, entendida como la tendencia a relacionarnos con informaci\u00f3n e ideas afines a nuestras propias creencias, encuentra un terreno f\u00e9rtil en la polarizaci\u00f3n pol\u00edtica actual. Tanto simpatizantes de Morena como de la oposici\u00f3n, a menudo se ven inmersos en burbujas informativas que refuerzan sus posturas preconcebidas, dificultando el di\u00e1logo y la comprensi\u00f3n mutua.<\/p>\n\n\n\n<p>A esto se suma el sesgo de confirmaci\u00f3n, la propensi\u00f3n humana a favorecer e interpretar la informaci\u00f3n de manera que reafirme nuestras creencias previas, mientras se descarta o minimiza aquello que las contradice. En el fragor de la contienda electoral, este sesgo se hace patente en la forma en que ambos bandos tienden a procesar selectivamente los datos y los hechos para validar sus narrativas.<\/p>\n\n\n\n<p>Un ejemplo palpable son las distintas lecturas en torno a la aplastante victoria de Sheinbaum. Mientras sus simpatizantes la ven como una ratificaci\u00f3n rotunda del proyecto de la 4T, sus detractores la atribuyen al control de instituciones electorales, al uso de programas sociales con fines electorales o incluso al presunto dispendio de recursos p\u00fablicos. Cada bando refuerza su relato preexistente.<\/p>\n\n\n\n<p>Esta din\u00e1mica de c\u00e1maras de eco y sesgos de confirmaci\u00f3n no solo profundiza las grietas ideol\u00f3gicas, sino que tambi\u00e9n alimenta la desconfianza en las instituciones, socavando los cimientos de la democracia mexicana. Cuando los ciudadanos quedan atrapados en sus respectivas burbujas informativas, se vuelve cada vez m\u00e1s dif\u00edcil alcanzar consensos b\u00e1sicos y abordar los grandes retos nacionales desde una perspectiva incluyente y plural.<\/p>\n\n\n\n<p>Es imperativo que todas las fuerzas pol\u00edticas, tanto oficialistas como opositoras, reconozcan esta realidad y asuman el compromiso de romper sus propias c\u00e1maras de eco. S\u00f3lo a trav\u00e9s del di\u00e1logo genuino, la apertura a perspectivas diversas y el cuestionamiento constante de nuestros sesgos, podremos construir una democracia s\u00f3lida y una sociedad m\u00e1s cohesionada.<\/p>\n\n\n\n<p>Los votantes, por su parte, deben asumir un papel activo en este proceso, cultivando un esp\u00edritu cr\u00edtico, contrastando fuentes de informaci\u00f3n confiables y manteniendo una mente abierta al debate racional. S\u00f3lo as\u00ed podremos trascender las narrativas polarizantes y enfrentar los desaf\u00edos de la naci\u00f3n con una mirada inclusiva y constructiva.<\/p>\n\n\n\n<p>En definitiva, las elecciones de 2024 han sido un hito hist\u00f3rico, pero tambi\u00e9n un llamado de atenci\u00f3n sobre la necesidad urgente de romper las c\u00e1maras de eco y los sesgos de confirmaci\u00f3n que amenazan con fragmentar a\u00fan m\u00e1s a la sociedad mexicana. Es un desaf\u00edo que incumbe a todos, pues s\u00f3lo a trav\u00e9s del di\u00e1logo y la comprensi\u00f3n mutua podremos forjar un M\u00e9xico verdaderamente unido en su diversidad.<\/p>\n","protected":false},"excerpt":{"rendered":"<p>Las elecciones de 2024 han dejado un panorama pol\u00edtico contrastante en M\u00e9xico. Por un lado, la contundente victoria de Claudia Sheinbaum y la coalici\u00f3n &#8220;Sigamos Haciendo Historia&#8221; en la Presidencia y la mayor\u00eda de las gubernaturas en disputa, refuerza la narrativa del &#8220;cambio profundo&#8221; impulsado por el proyecto transformador de la autodenominada Cuarta Transformaci\u00f3n. Sin [&hellip;]<\/p>\n","protected":false},"author":146,"featured_media":83471,"comment_status":"open","ping_status":"open","sticky":false,"template":"","format":"standard","meta":{"tdm_status":"","tdm_grid_status":"","footnotes":""},"categories":[3064,3089],"tags":[],"class_list":{"0":"post-83470","1":"post","2":"type-post","3":"status-publish","4":"format-standard","5":"has-post-thumbnail","7":"category-columnas","8":"category-nutriendo-la-mente"},"yoast_head":"<!-- This site is optimized with the Yoast SEO plugin v27.5 - https:\/\/yoast.com\/product\/yoast-seo-wordpress\/ -->\n<title>M\u00e9xico despu\u00e9s de las urnas: el desaf\u00edo de romper las c\u00e1maras de eco - Fuentes Fidedignas<\/title>\n<meta name=\"robots\" content=\"index, follow, max-snippet:-1, max-image-preview:large, max-video-preview:-1\" \/>\n<link rel=\"canonical\" href=\"https:\/\/fuentesfidedignas.com.mx\/index.php\/2024\/06\/07\/mexico-despues-de-las-urnas-el-desafio-de-romper-las-camaras-de-eco\/\" \/>\n<meta property=\"og:locale\" content=\"es_MX\" \/>\n<meta property=\"og:type\" content=\"article\" \/>\n<meta property=\"og:title\" content=\"M\u00e9xico despu\u00e9s de las urnas: el desaf\u00edo de romper las c\u00e1maras de eco - Fuentes Fidedignas\" \/>\n<meta property=\"og:description\" content=\"Las elecciones de 2024 han dejado un panorama pol\u00edtico contrastante en M\u00e9xico. Por un lado, la contundente victoria de Claudia Sheinbaum y la coalici\u00f3n &#8220;Sigamos Haciendo Historia&#8221; en la Presidencia y la mayor\u00eda de las gubernaturas en disputa, refuerza la narrativa del &#8220;cambio profundo&#8221; impulsado por el proyecto transformador de la autodenominada Cuarta Transformaci\u00f3n. Sin [&hellip;]\" \/>\n<meta property=\"og:url\" content=\"https:\/\/fuentesfidedignas.com.mx\/index.php\/2024\/06\/07\/mexico-despues-de-las-urnas-el-desafio-de-romper-las-camaras-de-eco\/\" \/>\n<meta property=\"og:site_name\" content=\"Fuentes Fidedignas\" \/>\n<meta property=\"article:publisher\" content=\"https:\/\/www.facebook.com\/Fuentes-Fidedignas-368234489921644\" \/>\n<meta property=\"article:published_time\" content=\"2024-06-07T13:22:42+00:00\" \/>\n<meta property=\"og:image\" content=\"https:\/\/fuentesfidedignas.com.mx\/wp-content\/uploads\/2024\/06\/WhatsApp-Image-2024-06-07-at-6.10.41-AM-1.jpeg\" \/>\n\t<meta property=\"og:image:width\" content=\"650\" \/>\n\t<meta property=\"og:image:height\" content=\"433\" \/>\n\t<meta property=\"og:image:type\" content=\"image\/jpeg\" \/>\n<meta name=\"author\" content=\"Mtro. Horacio de Jes\u00fas Malcampo Moreno\" \/>\n<meta name=\"twitter:card\" content=\"summary_large_image\" \/>\n<meta name=\"twitter:creator\" content=\"@fidedignas\" \/>\n<meta name=\"twitter:site\" content=\"@fidedignas\" \/>\n<meta name=\"twitter:label1\" content=\"Escrito por\" \/>\n\t<meta name=\"twitter:data1\" content=\"Mtro. Horacio de Jes\u00fas Malcampo Moreno\" \/>\n\t<meta name=\"twitter:label2\" content=\"Tiempo de lectura\" \/>\n\t<meta name=\"twitter:data2\" content=\"3 minutos\" \/>\n<script type=\"application\/ld+json\" class=\"yoast-schema-graph\">{\"@context\":\"https:\\\/\\\/schema.org\",\"@graph\":[{\"@type\":\"Article\",\"@id\":\"https:\\\/\\\/fuentesfidedignas.com.mx\\\/index.php\\\/2024\\\/06\\\/07\\\/mexico-despues-de-las-urnas-el-desafio-de-romper-las-camaras-de-eco\\\/#article\",\"isPartOf\":{\"@id\":\"https:\\\/\\\/fuentesfidedignas.com.mx\\\/index.php\\\/2024\\\/06\\\/07\\\/mexico-despues-de-las-urnas-el-desafio-de-romper-las-camaras-de-eco\\\/\"},\"author\":{\"name\":\"Mtro. Horacio de Jes\u00fas Malcampo Moreno\",\"@id\":\"https:\\\/\\\/fuentesfidedignas.com.mx\\\/#\\\/schema\\\/person\\\/3f687c55082c557a647c7836bde45728\"},\"headline\":\"M\u00e9xico despu\u00e9s de las urnas: el desaf\u00edo de romper las c\u00e1maras de eco\",\"datePublished\":\"2024-06-07T13:22:42+00:00\",\"mainEntityOfPage\":{\"@id\":\"https:\\\/\\\/fuentesfidedignas.com.mx\\\/index.php\\\/2024\\\/06\\\/07\\\/mexico-despues-de-las-urnas-el-desafio-de-romper-las-camaras-de-eco\\\/\"},\"wordCount\":579,\"commentCount\":0,\"publisher\":{\"@id\":\"https:\\\/\\\/fuentesfidedignas.com.mx\\\/#organization\"},\"image\":{\"@id\":\"https:\\\/\\\/fuentesfidedignas.com.mx\\\/index.php\\\/2024\\\/06\\\/07\\\/mexico-despues-de-las-urnas-el-desafio-de-romper-las-camaras-de-eco\\\/#primaryimage\"},\"thumbnailUrl\":\"https:\\\/\\\/fuentesfidedignas.com.mx\\\/wp-content\\\/uploads\\\/2024\\\/06\\\/WhatsApp-Image-2024-06-07-at-6.10.41-AM-1.jpeg\",\"articleSection\":[\"COLUMNAS\",\"NUTRIENDO LA MENTE\"],\"inLanguage\":\"es\",\"potentialAction\":[{\"@type\":\"CommentAction\",\"name\":\"Comment\",\"target\":[\"https:\\\/\\\/fuentesfidedignas.com.mx\\\/index.php\\\/2024\\\/06\\\/07\\\/mexico-despues-de-las-urnas-el-desafio-de-romper-las-camaras-de-eco\\\/#respond\"]}]},{\"@type\":\"WebPage\",\"@id\":\"https:\\\/\\\/fuentesfidedignas.com.mx\\\/index.php\\\/2024\\\/06\\\/07\\\/mexico-despues-de-las-urnas-el-desafio-de-romper-las-camaras-de-eco\\\/\",\"url\":\"https:\\\/\\\/fuentesfidedignas.com.mx\\\/index.php\\\/2024\\\/06\\\/07\\\/mexico-despues-de-las-urnas-el-desafio-de-romper-las-camaras-de-eco\\\/\",\"name\":\"M\u00e9xico despu\u00e9s de las urnas: el desaf\u00edo de romper las c\u00e1maras de eco - Fuentes Fidedignas\",\"isPartOf\":{\"@id\":\"https:\\\/\\\/fuentesfidedignas.com.mx\\\/#website\"},\"primaryImageOfPage\":{\"@id\":\"https:\\\/\\\/fuentesfidedignas.com.mx\\\/index.php\\\/2024\\\/06\\\/07\\\/mexico-despues-de-las-urnas-el-desafio-de-romper-las-camaras-de-eco\\\/#primaryimage\"},\"image\":{\"@id\":\"https:\\\/\\\/fuentesfidedignas.com.mx\\\/index.php\\\/2024\\\/06\\\/07\\\/mexico-despues-de-las-urnas-el-desafio-de-romper-las-camaras-de-eco\\\/#primaryimage\"},\"thumbnailUrl\":\"https:\\\/\\\/fuentesfidedignas.com.mx\\\/wp-content\\\/uploads\\\/2024\\\/06\\\/WhatsApp-Image-2024-06-07-at-6.10.41-AM-1.jpeg\",\"datePublished\":\"2024-06-07T13:22:42+00:00\",\"breadcrumb\":{\"@id\":\"https:\\\/\\\/fuentesfidedignas.com.mx\\\/index.php\\\/2024\\\/06\\\/07\\\/mexico-despues-de-las-urnas-el-desafio-de-romper-las-camaras-de-eco\\\/#breadcrumb\"},\"inLanguage\":\"es\",\"potentialAction\":[{\"@type\":\"ReadAction\",\"target\":[\"https:\\\/\\\/fuentesfidedignas.com.mx\\\/index.php\\\/2024\\\/06\\\/07\\\/mexico-despues-de-las-urnas-el-desafio-de-romper-las-camaras-de-eco\\\/\"]}]},{\"@type\":\"ImageObject\",\"inLanguage\":\"es\",\"@id\":\"https:\\\/\\\/fuentesfidedignas.com.mx\\\/index.php\\\/2024\\\/06\\\/07\\\/mexico-despues-de-las-urnas-el-desafio-de-romper-las-camaras-de-eco\\\/#primaryimage\",\"url\":\"https:\\\/\\\/fuentesfidedignas.com.mx\\\/wp-content\\\/uploads\\\/2024\\\/06\\\/WhatsApp-Image-2024-06-07-at-6.10.41-AM-1.jpeg\",\"contentUrl\":\"https:\\\/\\\/fuentesfidedignas.com.mx\\\/wp-content\\\/uploads\\\/2024\\\/06\\\/WhatsApp-Image-2024-06-07-at-6.10.41-AM-1.jpeg\",\"width\":650,\"height\":433},{\"@type\":\"BreadcrumbList\",\"@id\":\"https:\\\/\\\/fuentesfidedignas.com.mx\\\/index.php\\\/2024\\\/06\\\/07\\\/mexico-despues-de-las-urnas-el-desafio-de-romper-las-camaras-de-eco\\\/#breadcrumb\",\"itemListElement\":[{\"@type\":\"ListItem\",\"position\":1,\"name\":\"Inicio\",\"item\":\"https:\\\/\\\/fuentesfidedignas.com.mx\\\/\"},{\"@type\":\"ListItem\",\"position\":2,\"name\":\"M\u00e9xico despu\u00e9s de las urnas: el desaf\u00edo de romper las c\u00e1maras de eco\"}]},{\"@type\":\"WebSite\",\"@id\":\"https:\\\/\\\/fuentesfidedignas.com.mx\\\/#website\",\"url\":\"https:\\\/\\\/fuentesfidedignas.com.mx\\\/\",\"name\":\"Fuentes Fidedignas\",\"description\":\"Otro sitio realizado con WordPress\",\"publisher\":{\"@id\":\"https:\\\/\\\/fuentesfidedignas.com.mx\\\/#organization\"},\"potentialAction\":[{\"@type\":\"SearchAction\",\"target\":{\"@type\":\"EntryPoint\",\"urlTemplate\":\"https:\\\/\\\/fuentesfidedignas.com.mx\\\/?s={search_term_string}\"},\"query-input\":{\"@type\":\"PropertyValueSpecification\",\"valueRequired\":true,\"valueName\":\"search_term_string\"}}],\"inLanguage\":\"es\"},{\"@type\":\"Organization\",\"@id\":\"https:\\\/\\\/fuentesfidedignas.com.mx\\\/#organization\",\"name\":\"Fuentes Fidedignas\",\"url\":\"https:\\\/\\\/fuentesfidedignas.com.mx\\\/\",\"logo\":{\"@type\":\"ImageObject\",\"inLanguage\":\"es\",\"@id\":\"https:\\\/\\\/fuentesfidedignas.com.mx\\\/#\\\/schema\\\/logo\\\/image\\\/\",\"url\":\"https:\\\/\\\/fuentesfidedignas.com.mx\\\/wp-content\\\/uploads\\\/2021\\\/04\\\/logo-retina.png\",\"contentUrl\":\"https:\\\/\\\/fuentesfidedignas.com.mx\\\/wp-content\\\/uploads\\\/2021\\\/04\\\/logo-retina.png\",\"width\":280,\"height\":51,\"caption\":\"Fuentes Fidedignas\"},\"image\":{\"@id\":\"https:\\\/\\\/fuentesfidedignas.com.mx\\\/#\\\/schema\\\/logo\\\/image\\\/\"},\"sameAs\":[\"https:\\\/\\\/www.facebook.com\\\/Fuentes-Fidedignas-368234489921644\",\"https:\\\/\\\/x.com\\\/fidedignas\"]},{\"@type\":\"Person\",\"@id\":\"https:\\\/\\\/fuentesfidedignas.com.mx\\\/#\\\/schema\\\/person\\\/3f687c55082c557a647c7836bde45728\",\"name\":\"Mtro. Horacio de Jes\u00fas Malcampo Moreno\",\"image\":{\"@type\":\"ImageObject\",\"inLanguage\":\"es\",\"@id\":\"https:\\\/\\\/secure.gravatar.com\\\/avatar\\\/21fd667a5b9de079d383e44390566d4c728a6ce47b9b5e8419c61f1b793461ac?s=96&d=mm&r=g\",\"url\":\"https:\\\/\\\/secure.gravatar.com\\\/avatar\\\/21fd667a5b9de079d383e44390566d4c728a6ce47b9b5e8419c61f1b793461ac?s=96&d=mm&r=g\",\"contentUrl\":\"https:\\\/\\\/secure.gravatar.com\\\/avatar\\\/21fd667a5b9de079d383e44390566d4c728a6ce47b9b5e8419c61f1b793461ac?s=96&d=mm&r=g\",\"caption\":\"Mtro. Horacio de Jes\u00fas Malcampo Moreno\"},\"url\":\"https:\\\/\\\/fuentesfidedignas.com.mx\\\/index.php\\\/author\\\/horacio\\\/\"}]}<\/script>\n<!-- \/ Yoast SEO plugin. -->","yoast_head_json":{"title":"M\u00e9xico despu\u00e9s de las urnas: el desaf\u00edo de romper las c\u00e1maras de eco - Fuentes Fidedignas","robots":{"index":"index","follow":"follow","max-snippet":"max-snippet:-1","max-image-preview":"max-image-preview:large","max-video-preview":"max-video-preview:-1"},"canonical":"https:\/\/fuentesfidedignas.com.mx\/index.php\/2024\/06\/07\/mexico-despues-de-las-urnas-el-desafio-de-romper-las-camaras-de-eco\/","og_locale":"es_MX","og_type":"article","og_title":"M\u00e9xico despu\u00e9s de las urnas: el desaf\u00edo de romper las c\u00e1maras de eco - Fuentes Fidedignas","og_description":"Las elecciones de 2024 han dejado un panorama pol\u00edtico contrastante en M\u00e9xico. Por un lado, la contundente victoria de Claudia Sheinbaum y la coalici\u00f3n &#8220;Sigamos Haciendo Historia&#8221; en la Presidencia y la mayor\u00eda de las gubernaturas en disputa, refuerza la narrativa del &#8220;cambio profundo&#8221; impulsado por el proyecto transformador de la autodenominada Cuarta Transformaci\u00f3n. Sin [&hellip;]","og_url":"https:\/\/fuentesfidedignas.com.mx\/index.php\/2024\/06\/07\/mexico-despues-de-las-urnas-el-desafio-de-romper-las-camaras-de-eco\/","og_site_name":"Fuentes Fidedignas","article_publisher":"https:\/\/www.facebook.com\/Fuentes-Fidedignas-368234489921644","article_published_time":"2024-06-07T13:22:42+00:00","og_image":[{"width":650,"height":433,"url":"https:\/\/fuentesfidedignas.com.mx\/wp-content\/uploads\/2024\/06\/WhatsApp-Image-2024-06-07-at-6.10.41-AM-1.jpeg","type":"image\/jpeg"}],"author":"Mtro. Horacio de Jes\u00fas Malcampo Moreno","twitter_card":"summary_large_image","twitter_creator":"@fidedignas","twitter_site":"@fidedignas","twitter_misc":{"Escrito por":"Mtro. Horacio de Jes\u00fas Malcampo Moreno","Tiempo de lectura":"3 minutos"},"schema":{"@context":"https:\/\/schema.org","@graph":[{"@type":"Article","@id":"https:\/\/fuentesfidedignas.com.mx\/index.php\/2024\/06\/07\/mexico-despues-de-las-urnas-el-desafio-de-romper-las-camaras-de-eco\/#article","isPartOf":{"@id":"https:\/\/fuentesfidedignas.com.mx\/index.php\/2024\/06\/07\/mexico-despues-de-las-urnas-el-desafio-de-romper-las-camaras-de-eco\/"},"author":{"name":"Mtro. Horacio de Jes\u00fas Malcampo Moreno","@id":"https:\/\/fuentesfidedignas.com.mx\/#\/schema\/person\/3f687c55082c557a647c7836bde45728"},"headline":"M\u00e9xico despu\u00e9s de las urnas: el desaf\u00edo de romper las c\u00e1maras de eco","datePublished":"2024-06-07T13:22:42+00:00","mainEntityOfPage":{"@id":"https:\/\/fuentesfidedignas.com.mx\/index.php\/2024\/06\/07\/mexico-despues-de-las-urnas-el-desafio-de-romper-las-camaras-de-eco\/"},"wordCount":579,"commentCount":0,"publisher":{"@id":"https:\/\/fuentesfidedignas.com.mx\/#organization"},"image":{"@id":"https:\/\/fuentesfidedignas.com.mx\/index.php\/2024\/06\/07\/mexico-despues-de-las-urnas-el-desafio-de-romper-las-camaras-de-eco\/#primaryimage"},"thumbnailUrl":"https:\/\/fuentesfidedignas.com.mx\/wp-content\/uploads\/2024\/06\/WhatsApp-Image-2024-06-07-at-6.10.41-AM-1.jpeg","articleSection":["COLUMNAS","NUTRIENDO LA MENTE"],"inLanguage":"es","potentialAction":[{"@type":"CommentAction","name":"Comment","target":["https:\/\/fuentesfidedignas.com.mx\/index.php\/2024\/06\/07\/mexico-despues-de-las-urnas-el-desafio-de-romper-las-camaras-de-eco\/#respond"]}]},{"@type":"WebPage","@id":"https:\/\/fuentesfidedignas.com.mx\/index.php\/2024\/06\/07\/mexico-despues-de-las-urnas-el-desafio-de-romper-las-camaras-de-eco\/","url":"https:\/\/fuentesfidedignas.com.mx\/index.php\/2024\/06\/07\/mexico-despues-de-las-urnas-el-desafio-de-romper-las-camaras-de-eco\/","name":"M\u00e9xico despu\u00e9s de las urnas: el desaf\u00edo de romper las c\u00e1maras de eco - Fuentes Fidedignas","isPartOf":{"@id":"https:\/\/fuentesfidedignas.com.mx\/#website"},"primaryImageOfPage":{"@id":"https:\/\/fuentesfidedignas.com.mx\/index.php\/2024\/06\/07\/mexico-despues-de-las-urnas-el-desafio-de-romper-las-camaras-de-eco\/#primaryimage"},"image":{"@id":"https:\/\/fuentesfidedignas.com.mx\/index.php\/2024\/06\/07\/mexico-despues-de-las-urnas-el-desafio-de-romper-las-camaras-de-eco\/#primaryimage"},"thumbnailUrl":"https:\/\/fuentesfidedignas.com.mx\/wp-content\/uploads\/2024\/06\/WhatsApp-Image-2024-06-07-at-6.10.41-AM-1.jpeg","datePublished":"2024-06-07T13:22:42+00:00","breadcrumb":{"@id":"https:\/\/fuentesfidedignas.com.mx\/index.php\/2024\/06\/07\/mexico-despues-de-las-urnas-el-desafio-de-romper-las-camaras-de-eco\/#breadcrumb"},"inLanguage":"es","potentialAction":[{"@type":"ReadAction","target":["https:\/\/fuentesfidedignas.com.mx\/index.php\/2024\/06\/07\/mexico-despues-de-las-urnas-el-desafio-de-romper-las-camaras-de-eco\/"]}]},{"@type":"ImageObject","inLanguage":"es","@id":"https:\/\/fuentesfidedignas.com.mx\/index.php\/2024\/06\/07\/mexico-despues-de-las-urnas-el-desafio-de-romper-las-camaras-de-eco\/#primaryimage","url":"https:\/\/fuentesfidedignas.com.mx\/wp-content\/uploads\/2024\/06\/WhatsApp-Image-2024-06-07-at-6.10.41-AM-1.jpeg","contentUrl":"https:\/\/fuentesfidedignas.com.mx\/wp-content\/uploads\/2024\/06\/WhatsApp-Image-2024-06-07-at-6.10.41-AM-1.jpeg","width":650,"height":433},{"@type":"BreadcrumbList","@id":"https:\/\/fuentesfidedignas.com.mx\/index.php\/2024\/06\/07\/mexico-despues-de-las-urnas-el-desafio-de-romper-las-camaras-de-eco\/#breadcrumb","itemListElement":[{"@type":"ListItem","position":1,"name":"Inicio","item":"https:\/\/fuentesfidedignas.com.mx\/"},{"@type":"ListItem","position":2,"name":"M\u00e9xico despu\u00e9s de las urnas: el desaf\u00edo de romper las c\u00e1maras de eco"}]},{"@type":"WebSite","@id":"https:\/\/fuentesfidedignas.com.mx\/#website","url":"https:\/\/fuentesfidedignas.com.mx\/","name":"Fuentes Fidedignas","description":"Otro sitio realizado con WordPress","publisher":{"@id":"https:\/\/fuentesfidedignas.com.mx\/#organization"},"potentialAction":[{"@type":"SearchAction","target":{"@type":"EntryPoint","urlTemplate":"https:\/\/fuentesfidedignas.com.mx\/?s={search_term_string}"},"query-input":{"@type":"PropertyValueSpecification","valueRequired":true,"valueName":"search_term_string"}}],"inLanguage":"es"},{"@type":"Organization","@id":"https:\/\/fuentesfidedignas.com.mx\/#organization","name":"Fuentes Fidedignas","url":"https:\/\/fuentesfidedignas.com.mx\/","logo":{"@type":"ImageObject","inLanguage":"es","@id":"https:\/\/fuentesfidedignas.com.mx\/#\/schema\/logo\/image\/","url":"https:\/\/fuentesfidedignas.com.mx\/wp-content\/uploads\/2021\/04\/logo-retina.png","contentUrl":"https:\/\/fuentesfidedignas.com.mx\/wp-content\/uploads\/2021\/04\/logo-retina.png","width":280,"height":51,"caption":"Fuentes Fidedignas"},"image":{"@id":"https:\/\/fuentesfidedignas.com.mx\/#\/schema\/logo\/image\/"},"sameAs":["https:\/\/www.facebook.com\/Fuentes-Fidedignas-368234489921644","https:\/\/x.com\/fidedignas"]},{"@type":"Person","@id":"https:\/\/fuentesfidedignas.com.mx\/#\/schema\/person\/3f687c55082c557a647c7836bde45728","name":"Mtro. Horacio de Jes\u00fas Malcampo Moreno","image":{"@type":"ImageObject","inLanguage":"es","@id":"https:\/\/secure.gravatar.com\/avatar\/21fd667a5b9de079d383e44390566d4c728a6ce47b9b5e8419c61f1b793461ac?s=96&d=mm&r=g","url":"https:\/\/secure.gravatar.com\/avatar\/21fd667a5b9de079d383e44390566d4c728a6ce47b9b5e8419c61f1b793461ac?s=96&d=mm&r=g","contentUrl":"https:\/\/secure.gravatar.com\/avatar\/21fd667a5b9de079d383e44390566d4c728a6ce47b9b5e8419c61f1b793461ac?s=96&d=mm&r=g","caption":"Mtro. Horacio de Jes\u00fas Malcampo Moreno"},"url":"https:\/\/fuentesfidedignas.com.mx\/index.php\/author\/horacio\/"}]}},"_links":{"self":[{"href":"https:\/\/fuentesfidedignas.com.mx\/index.php\/wp-json\/wp\/v2\/posts\/83470","targetHints":{"allow":["GET"]}}],"collection":[{"href":"https:\/\/fuentesfidedignas.com.mx\/index.php\/wp-json\/wp\/v2\/posts"}],"about":[{"href":"https:\/\/fuentesfidedignas.com.mx\/index.php\/wp-json\/wp\/v2\/types\/post"}],"author":[{"embeddable":true,"href":"https:\/\/fuentesfidedignas.com.mx\/index.php\/wp-json\/wp\/v2\/users\/146"}],"replies":[{"embeddable":true,"href":"https:\/\/fuentesfidedignas.com.mx\/index.php\/wp-json\/wp\/v2\/comments?post=83470"}],"version-history":[{"count":1,"href":"https:\/\/fuentesfidedignas.com.mx\/index.php\/wp-json\/wp\/v2\/posts\/83470\/revisions"}],"predecessor-version":[{"id":83472,"href":"https:\/\/fuentesfidedignas.com.mx\/index.php\/wp-json\/wp\/v2\/posts\/83470\/revisions\/83472"}],"wp:featuredmedia":[{"embeddable":true,"href":"https:\/\/fuentesfidedignas.com.mx\/index.php\/wp-json\/wp\/v2\/media\/83471"}],"wp:attachment":[{"href":"https:\/\/fuentesfidedignas.com.mx\/index.php\/wp-json\/wp\/v2\/media?parent=83470"}],"wp:term":[{"taxonomy":"category","embeddable":true,"href":"https:\/\/fuentesfidedignas.com.mx\/index.php\/wp-json\/wp\/v2\/categories?post=83470"},{"taxonomy":"post_tag","embeddable":true,"href":"https:\/\/fuentesfidedignas.com.mx\/index.php\/wp-json\/wp\/v2\/tags?post=83470"}],"curies":[{"name":"wp","href":"https:\/\/api.w.org\/{rel}","templated":true}]}}