{"id":83414,"date":"2024-06-06T14:52:39","date_gmt":"2024-06-06T21:52:39","guid":{"rendered":"https:\/\/fuentesfidedignas.com.mx\/?p=83414"},"modified":"2024-06-07T09:24:04","modified_gmt":"2024-06-07T16:24:04","slug":"la-oms-registra-en-mexico-la-primera-muerte-en-el-mundo-por-gripe-aviar-h5n2","status":"publish","type":"post","link":"https:\/\/fuentesfidedignas.com.mx\/index.php\/2024\/06\/06\/la-oms-registra-en-mexico-la-primera-muerte-en-el-mundo-por-gripe-aviar-h5n2\/","title":{"rendered":"La OMS registra en M\u00e9xico la primera muerte en el mundo por gripe aviar H5N2"},"content":{"rendered":"\n<p><strong><em>Un hombre de 59 a\u00f1os muri\u00f3 el pasado abril a causa de la variante del virus sin haber tenido contacto con aves de corral<\/em><\/strong><\/p>\n\n\n\n<p>Ciudad de M\u00e9xico.- La Organizaci\u00f3n Mundial de la Salud (OMS) ha anunciado la primera muerte en el mundo por un caso de gripe aviar en su variante H5N2. Se trata de un hombre de 59 a\u00f1os del Estado de M\u00e9xico que falleci\u00f3 en abril a pesar de que nunca tuvo contacto con aves de corral, las principales portadoras. La OMS dice en su comunicado que la infecci\u00f3n en humanos de un nuevo subtipo de este virus \u201cpuede tener un gran impacto en la salud p\u00fablica\u201d, aunque en este caso considera que la H5N2 representa un riesgo \u201cbajo\u201d para la poblaci\u00f3n.<\/p>\n\n\n\n<p>La v\u00edctima ha sido un hombre del Estado de M\u00e9xico que, adem\u00e1s del virus, presentaba m\u00e1s afecciones m\u00e9dicas, relata la entidad mundial de salud. Llevaba tres semanas postrado en cama con fiebre, dificultad respiratoria, diarrea, n\u00e1useas y malestar general. No fue hasta el 24 de abril que lleg\u00f3 al Instituto Nacional de Enfermedades Respiratorias Ismael Cos\u00edo Villegas, donde muri\u00f3 ese mismo d\u00eda.<\/p>\n\n\n\n<p>Las pruebas tras su muerte determinaron que el hombre ten\u00eda la variante H5N2 de la gripe aviar y que fue la causa de su fallecimiento. En el hospital, el paciente hab\u00eda estado en contacto con otras 17 personas, pero la organizaci\u00f3n sanitaria no encontr\u00f3 rastro del virus en ninguna de ellas.<\/p>\n\n\n\n<p>La transmisi\u00f3n del virus de animales a personas es poco habitual. El hombre que falleci\u00f3 tambi\u00e9n ha sido el primero en infectarse. La OMS detect\u00f3 en M\u00e9xico tres granjas donde las aves estaban afectadas por esta variante de la gripe aviar. Todas ellas cerca del Estado de M\u00e9xico, donde resid\u00eda el primer fallecido por la H5N2.<\/p>\n\n\n\n<p>En una granja av\u00edcola de Michoac\u00e1n, en la frontera con el Estado de M\u00e9xico, la instituci\u00f3n de salud detect\u00f3 en marzo de este a\u00f1o un brote de H5N2 de alta patogenicidad, es decir, que es capaz de crear enfermedades en los animales. En ese mismo mes fueron detectados otros dos casos de baja patogenicidad en granjas de Texcoco y Temascalapa, en el Estado de M\u00e9xico. La OMS no ha podido establecer si estos brotes est\u00e1n relacionados con la muerte del hombre de 59 a\u00f1os.<\/p>\n\n\n\n<p>La circulaci\u00f3n de la H5N2 en M\u00e9xico se conoc\u00eda desde 2022 y se hab\u00eda propagado a animales de otros pa\u00edses. La gripe aviar en sus variantes H5N1, H5N6 y H5N8 ya se hab\u00eda notificado en algunos humanos en otras partes del mundo. La OMS llama a la calma. \u201cLas pruebas epidemiol\u00f3gicas y virol\u00f3gicas disponibles sugieren que los virus A (H5) de eventos anteriores no han adquirido la capacidad de mantener la transmisi\u00f3n entre humanos, por lo que la probabilidad actual de propagaci\u00f3n sostenida entre humanos es baja\u201d, informa el organismo.<\/p>\n\n\n\n<p><\/p>\n","protected":false},"excerpt":{"rendered":"<p>Un hombre de 59 a\u00f1os muri\u00f3 el pasado abril a causa de la variante del virus sin haber tenido contacto con aves de corral Ciudad de M\u00e9xico.- La Organizaci\u00f3n Mundial de la Salud (OMS) ha anunciado la primera muerte en el mundo por un caso de gripe aviar en su variante H5N2. Se trata de [&hellip;]<\/p>\n","protected":false},"author":43,"featured_media":83413,"comment_status":"closed","ping_status":"open","sticky":false,"template":"","format":"standard","meta":{"tdm_status":"","tdm_grid_status":"","footnotes":""},"categories":[1],"tags":[],"class_list":{"0":"post-83414","1":"post","2":"type-post","3":"status-publish","4":"format-standard","5":"has-post-thumbnail","7":"category-sin-categoria"},"yoast_head":"<!-- This site is optimized with the Yoast SEO plugin v27.5 - https:\/\/yoast.com\/product\/yoast-seo-wordpress\/ -->\n<title>La OMS registra en M\u00e9xico la primera muerte en el mundo por gripe aviar H5N2 - Fuentes Fidedignas<\/title>\n<meta name=\"robots\" content=\"index, follow, max-snippet:-1, max-image-preview:large, max-video-preview:-1\" \/>\n<link rel=\"canonical\" href=\"https:\/\/fuentesfidedignas.com.mx\/index.php\/2024\/06\/06\/la-oms-registra-en-mexico-la-primera-muerte-en-el-mundo-por-gripe-aviar-h5n2\/\" \/>\n<meta property=\"og:locale\" content=\"es_MX\" \/>\n<meta property=\"og:type\" content=\"article\" \/>\n<meta property=\"og:title\" content=\"La OMS registra en M\u00e9xico la primera muerte en el mundo por gripe aviar H5N2 - Fuentes Fidedignas\" \/>\n<meta property=\"og:description\" content=\"Un hombre de 59 a\u00f1os muri\u00f3 el pasado abril a causa de la variante del virus sin haber tenido contacto con aves de corral Ciudad de M\u00e9xico.- La Organizaci\u00f3n Mundial de la Salud (OMS) ha anunciado la primera muerte en el mundo por un caso de gripe aviar en su variante H5N2. Se trata de [&hellip;]\" \/>\n<meta property=\"og:url\" content=\"https:\/\/fuentesfidedignas.com.mx\/index.php\/2024\/06\/06\/la-oms-registra-en-mexico-la-primera-muerte-en-el-mundo-por-gripe-aviar-h5n2\/\" \/>\n<meta property=\"og:site_name\" content=\"Fuentes Fidedignas\" \/>\n<meta property=\"article:publisher\" content=\"https:\/\/www.facebook.com\/Fuentes-Fidedignas-368234489921644\" \/>\n<meta property=\"article:published_time\" content=\"2024-06-06T21:52:39+00:00\" \/>\n<meta property=\"article:modified_time\" content=\"2024-06-07T16:24:04+00:00\" \/>\n<meta property=\"og:image\" content=\"https:\/\/fuentesfidedignas.com.mx\/wp-content\/uploads\/2024\/06\/img_6261-1.jpg\" \/>\n\t<meta property=\"og:image:width\" content=\"1200\" \/>\n\t<meta property=\"og:image:height\" content=\"823\" \/>\n\t<meta property=\"og:image:type\" content=\"image\/jpeg\" \/>\n<meta name=\"author\" content=\"El Pa\u00eds\" \/>\n<meta name=\"twitter:card\" content=\"summary_large_image\" \/>\n<meta name=\"twitter:creator\" content=\"@fidedignas\" \/>\n<meta name=\"twitter:site\" content=\"@fidedignas\" \/>\n<meta name=\"twitter:label1\" content=\"Escrito por\" \/>\n\t<meta name=\"twitter:data1\" content=\"El Pa\u00eds\" \/>\n\t<meta name=\"twitter:label2\" content=\"Tiempo de lectura\" \/>\n\t<meta name=\"twitter:data2\" content=\"3 minutos\" \/>\n<script type=\"application\/ld+json\" class=\"yoast-schema-graph\">{\"@context\":\"https:\\\/\\\/schema.org\",\"@graph\":[{\"@type\":\"Article\",\"@id\":\"https:\\\/\\\/fuentesfidedignas.com.mx\\\/index.php\\\/2024\\\/06\\\/06\\\/la-oms-registra-en-mexico-la-primera-muerte-en-el-mundo-por-gripe-aviar-h5n2\\\/#article\",\"isPartOf\":{\"@id\":\"https:\\\/\\\/fuentesfidedignas.com.mx\\\/index.php\\\/2024\\\/06\\\/06\\\/la-oms-registra-en-mexico-la-primera-muerte-en-el-mundo-por-gripe-aviar-h5n2\\\/\"},\"author\":{\"name\":\"El Pa\u00eds\",\"@id\":\"https:\\\/\\\/fuentesfidedignas.com.mx\\\/#\\\/schema\\\/person\\\/42bdf714e4f73e0780424244e8488f91\"},\"headline\":\"La OMS registra en M\u00e9xico la primera muerte en el mundo por gripe aviar H5N2\",\"datePublished\":\"2024-06-06T21:52:39+00:00\",\"dateModified\":\"2024-06-07T16:24:04+00:00\",\"mainEntityOfPage\":{\"@id\":\"https:\\\/\\\/fuentesfidedignas.com.mx\\\/index.php\\\/2024\\\/06\\\/06\\\/la-oms-registra-en-mexico-la-primera-muerte-en-el-mundo-por-gripe-aviar-h5n2\\\/\"},\"wordCount\":530,\"publisher\":{\"@id\":\"https:\\\/\\\/fuentesfidedignas.com.mx\\\/#organization\"},\"image\":{\"@id\":\"https:\\\/\\\/fuentesfidedignas.com.mx\\\/index.php\\\/2024\\\/06\\\/06\\\/la-oms-registra-en-mexico-la-primera-muerte-en-el-mundo-por-gripe-aviar-h5n2\\\/#primaryimage\"},\"thumbnailUrl\":\"https:\\\/\\\/fuentesfidedignas.com.mx\\\/wp-content\\\/uploads\\\/2024\\\/06\\\/img_6261-1.jpg\",\"inLanguage\":\"es\"},{\"@type\":\"WebPage\",\"@id\":\"https:\\\/\\\/fuentesfidedignas.com.mx\\\/index.php\\\/2024\\\/06\\\/06\\\/la-oms-registra-en-mexico-la-primera-muerte-en-el-mundo-por-gripe-aviar-h5n2\\\/\",\"url\":\"https:\\\/\\\/fuentesfidedignas.com.mx\\\/index.php\\\/2024\\\/06\\\/06\\\/la-oms-registra-en-mexico-la-primera-muerte-en-el-mundo-por-gripe-aviar-h5n2\\\/\",\"name\":\"La OMS registra en M\u00e9xico la primera muerte en el mundo por gripe aviar H5N2 - Fuentes Fidedignas\",\"isPartOf\":{\"@id\":\"https:\\\/\\\/fuentesfidedignas.com.mx\\\/#website\"},\"primaryImageOfPage\":{\"@id\":\"https:\\\/\\\/fuentesfidedignas.com.mx\\\/index.php\\\/2024\\\/06\\\/06\\\/la-oms-registra-en-mexico-la-primera-muerte-en-el-mundo-por-gripe-aviar-h5n2\\\/#primaryimage\"},\"image\":{\"@id\":\"https:\\\/\\\/fuentesfidedignas.com.mx\\\/index.php\\\/2024\\\/06\\\/06\\\/la-oms-registra-en-mexico-la-primera-muerte-en-el-mundo-por-gripe-aviar-h5n2\\\/#primaryimage\"},\"thumbnailUrl\":\"https:\\\/\\\/fuentesfidedignas.com.mx\\\/wp-content\\\/uploads\\\/2024\\\/06\\\/img_6261-1.jpg\",\"datePublished\":\"2024-06-06T21:52:39+00:00\",\"dateModified\":\"2024-06-07T16:24:04+00:00\",\"breadcrumb\":{\"@id\":\"https:\\\/\\\/fuentesfidedignas.com.mx\\\/index.php\\\/2024\\\/06\\\/06\\\/la-oms-registra-en-mexico-la-primera-muerte-en-el-mundo-por-gripe-aviar-h5n2\\\/#breadcrumb\"},\"inLanguage\":\"es\",\"potentialAction\":[{\"@type\":\"ReadAction\",\"target\":[\"https:\\\/\\\/fuentesfidedignas.com.mx\\\/index.php\\\/2024\\\/06\\\/06\\\/la-oms-registra-en-mexico-la-primera-muerte-en-el-mundo-por-gripe-aviar-h5n2\\\/\"]}]},{\"@type\":\"ImageObject\",\"inLanguage\":\"es\",\"@id\":\"https:\\\/\\\/fuentesfidedignas.com.mx\\\/index.php\\\/2024\\\/06\\\/06\\\/la-oms-registra-en-mexico-la-primera-muerte-en-el-mundo-por-gripe-aviar-h5n2\\\/#primaryimage\",\"url\":\"https:\\\/\\\/fuentesfidedignas.com.mx\\\/wp-content\\\/uploads\\\/2024\\\/06\\\/img_6261-1.jpg\",\"contentUrl\":\"https:\\\/\\\/fuentesfidedignas.com.mx\\\/wp-content\\\/uploads\\\/2024\\\/06\\\/img_6261-1.jpg\",\"width\":1200,\"height\":823},{\"@type\":\"BreadcrumbList\",\"@id\":\"https:\\\/\\\/fuentesfidedignas.com.mx\\\/index.php\\\/2024\\\/06\\\/06\\\/la-oms-registra-en-mexico-la-primera-muerte-en-el-mundo-por-gripe-aviar-h5n2\\\/#breadcrumb\",\"itemListElement\":[{\"@type\":\"ListItem\",\"position\":1,\"name\":\"Inicio\",\"item\":\"https:\\\/\\\/fuentesfidedignas.com.mx\\\/\"},{\"@type\":\"ListItem\",\"position\":2,\"name\":\"La OMS registra en M\u00e9xico la primera muerte en el mundo por gripe aviar H5N2\"}]},{\"@type\":\"WebSite\",\"@id\":\"https:\\\/\\\/fuentesfidedignas.com.mx\\\/#website\",\"url\":\"https:\\\/\\\/fuentesfidedignas.com.mx\\\/\",\"name\":\"Fuentes Fidedignas\",\"description\":\"Otro sitio realizado con WordPress\",\"publisher\":{\"@id\":\"https:\\\/\\\/fuentesfidedignas.com.mx\\\/#organization\"},\"potentialAction\":[{\"@type\":\"SearchAction\",\"target\":{\"@type\":\"EntryPoint\",\"urlTemplate\":\"https:\\\/\\\/fuentesfidedignas.com.mx\\\/?s={search_term_string}\"},\"query-input\":{\"@type\":\"PropertyValueSpecification\",\"valueRequired\":true,\"valueName\":\"search_term_string\"}}],\"inLanguage\":\"es\"},{\"@type\":\"Organization\",\"@id\":\"https:\\\/\\\/fuentesfidedignas.com.mx\\\/#organization\",\"name\":\"Fuentes Fidedignas\",\"url\":\"https:\\\/\\\/fuentesfidedignas.com.mx\\\/\",\"logo\":{\"@type\":\"ImageObject\",\"inLanguage\":\"es\",\"@id\":\"https:\\\/\\\/fuentesfidedignas.com.mx\\\/#\\\/schema\\\/logo\\\/image\\\/\",\"url\":\"https:\\\/\\\/fuentesfidedignas.com.mx\\\/wp-content\\\/uploads\\\/2021\\\/04\\\/logo-retina.png\",\"contentUrl\":\"https:\\\/\\\/fuentesfidedignas.com.mx\\\/wp-content\\\/uploads\\\/2021\\\/04\\\/logo-retina.png\",\"width\":280,\"height\":51,\"caption\":\"Fuentes Fidedignas\"},\"image\":{\"@id\":\"https:\\\/\\\/fuentesfidedignas.com.mx\\\/#\\\/schema\\\/logo\\\/image\\\/\"},\"sameAs\":[\"https:\\\/\\\/www.facebook.com\\\/Fuentes-Fidedignas-368234489921644\",\"https:\\\/\\\/x.com\\\/fidedignas\"]},{\"@type\":\"Person\",\"@id\":\"https:\\\/\\\/fuentesfidedignas.com.mx\\\/#\\\/schema\\\/person\\\/42bdf714e4f73e0780424244e8488f91\",\"name\":\"El Pa\u00eds\",\"image\":{\"@type\":\"ImageObject\",\"inLanguage\":\"es\",\"@id\":\"https:\\\/\\\/secure.gravatar.com\\\/avatar\\\/6636c472d7bfdc69e13b0df7d51eabe5cc52061ae5c95fa7fab7e1bbc4a56a19?s=96&d=mm&r=g\",\"url\":\"https:\\\/\\\/secure.gravatar.com\\\/avatar\\\/6636c472d7bfdc69e13b0df7d51eabe5cc52061ae5c95fa7fab7e1bbc4a56a19?s=96&d=mm&r=g\",\"contentUrl\":\"https:\\\/\\\/secure.gravatar.com\\\/avatar\\\/6636c472d7bfdc69e13b0df7d51eabe5cc52061ae5c95fa7fab7e1bbc4a56a19?s=96&d=mm&r=g\",\"caption\":\"El Pa\u00eds\"},\"sameAs\":[\"https:\\\/\\\/elpais.com\"],\"url\":\"https:\\\/\\\/fuentesfidedignas.com.mx\\\/index.php\\\/author\\\/elpais\\\/\"}]}<\/script>\n<!-- \/ Yoast SEO plugin. -->","yoast_head_json":{"title":"La OMS registra en M\u00e9xico la primera muerte en el mundo por gripe aviar H5N2 - Fuentes Fidedignas","robots":{"index":"index","follow":"follow","max-snippet":"max-snippet:-1","max-image-preview":"max-image-preview:large","max-video-preview":"max-video-preview:-1"},"canonical":"https:\/\/fuentesfidedignas.com.mx\/index.php\/2024\/06\/06\/la-oms-registra-en-mexico-la-primera-muerte-en-el-mundo-por-gripe-aviar-h5n2\/","og_locale":"es_MX","og_type":"article","og_title":"La OMS registra en M\u00e9xico la primera muerte en el mundo por gripe aviar H5N2 - Fuentes Fidedignas","og_description":"Un hombre de 59 a\u00f1os muri\u00f3 el pasado abril a causa de la variante del virus sin haber tenido contacto con aves de corral Ciudad de M\u00e9xico.- La Organizaci\u00f3n Mundial de la Salud (OMS) ha anunciado la primera muerte en el mundo por un caso de gripe aviar en su variante H5N2. Se trata de [&hellip;]","og_url":"https:\/\/fuentesfidedignas.com.mx\/index.php\/2024\/06\/06\/la-oms-registra-en-mexico-la-primera-muerte-en-el-mundo-por-gripe-aviar-h5n2\/","og_site_name":"Fuentes Fidedignas","article_publisher":"https:\/\/www.facebook.com\/Fuentes-Fidedignas-368234489921644","article_published_time":"2024-06-06T21:52:39+00:00","article_modified_time":"2024-06-07T16:24:04+00:00","og_image":[{"width":1200,"height":823,"url":"https:\/\/fuentesfidedignas.com.mx\/wp-content\/uploads\/2024\/06\/img_6261-1.jpg","type":"image\/jpeg"}],"author":"El Pa\u00eds","twitter_card":"summary_large_image","twitter_creator":"@fidedignas","twitter_site":"@fidedignas","twitter_misc":{"Escrito por":"El Pa\u00eds","Tiempo de lectura":"3 minutos"},"schema":{"@context":"https:\/\/schema.org","@graph":[{"@type":"Article","@id":"https:\/\/fuentesfidedignas.com.mx\/index.php\/2024\/06\/06\/la-oms-registra-en-mexico-la-primera-muerte-en-el-mundo-por-gripe-aviar-h5n2\/#article","isPartOf":{"@id":"https:\/\/fuentesfidedignas.com.mx\/index.php\/2024\/06\/06\/la-oms-registra-en-mexico-la-primera-muerte-en-el-mundo-por-gripe-aviar-h5n2\/"},"author":{"name":"El Pa\u00eds","@id":"https:\/\/fuentesfidedignas.com.mx\/#\/schema\/person\/42bdf714e4f73e0780424244e8488f91"},"headline":"La OMS registra en M\u00e9xico la primera muerte en el mundo por gripe aviar H5N2","datePublished":"2024-06-06T21:52:39+00:00","dateModified":"2024-06-07T16:24:04+00:00","mainEntityOfPage":{"@id":"https:\/\/fuentesfidedignas.com.mx\/index.php\/2024\/06\/06\/la-oms-registra-en-mexico-la-primera-muerte-en-el-mundo-por-gripe-aviar-h5n2\/"},"wordCount":530,"publisher":{"@id":"https:\/\/fuentesfidedignas.com.mx\/#organization"},"image":{"@id":"https:\/\/fuentesfidedignas.com.mx\/index.php\/2024\/06\/06\/la-oms-registra-en-mexico-la-primera-muerte-en-el-mundo-por-gripe-aviar-h5n2\/#primaryimage"},"thumbnailUrl":"https:\/\/fuentesfidedignas.com.mx\/wp-content\/uploads\/2024\/06\/img_6261-1.jpg","inLanguage":"es"},{"@type":"WebPage","@id":"https:\/\/fuentesfidedignas.com.mx\/index.php\/2024\/06\/06\/la-oms-registra-en-mexico-la-primera-muerte-en-el-mundo-por-gripe-aviar-h5n2\/","url":"https:\/\/fuentesfidedignas.com.mx\/index.php\/2024\/06\/06\/la-oms-registra-en-mexico-la-primera-muerte-en-el-mundo-por-gripe-aviar-h5n2\/","name":"La OMS registra en M\u00e9xico la primera muerte en el mundo por gripe aviar H5N2 - Fuentes Fidedignas","isPartOf":{"@id":"https:\/\/fuentesfidedignas.com.mx\/#website"},"primaryImageOfPage":{"@id":"https:\/\/fuentesfidedignas.com.mx\/index.php\/2024\/06\/06\/la-oms-registra-en-mexico-la-primera-muerte-en-el-mundo-por-gripe-aviar-h5n2\/#primaryimage"},"image":{"@id":"https:\/\/fuentesfidedignas.com.mx\/index.php\/2024\/06\/06\/la-oms-registra-en-mexico-la-primera-muerte-en-el-mundo-por-gripe-aviar-h5n2\/#primaryimage"},"thumbnailUrl":"https:\/\/fuentesfidedignas.com.mx\/wp-content\/uploads\/2024\/06\/img_6261-1.jpg","datePublished":"2024-06-06T21:52:39+00:00","dateModified":"2024-06-07T16:24:04+00:00","breadcrumb":{"@id":"https:\/\/fuentesfidedignas.com.mx\/index.php\/2024\/06\/06\/la-oms-registra-en-mexico-la-primera-muerte-en-el-mundo-por-gripe-aviar-h5n2\/#breadcrumb"},"inLanguage":"es","potentialAction":[{"@type":"ReadAction","target":["https:\/\/fuentesfidedignas.com.mx\/index.php\/2024\/06\/06\/la-oms-registra-en-mexico-la-primera-muerte-en-el-mundo-por-gripe-aviar-h5n2\/"]}]},{"@type":"ImageObject","inLanguage":"es","@id":"https:\/\/fuentesfidedignas.com.mx\/index.php\/2024\/06\/06\/la-oms-registra-en-mexico-la-primera-muerte-en-el-mundo-por-gripe-aviar-h5n2\/#primaryimage","url":"https:\/\/fuentesfidedignas.com.mx\/wp-content\/uploads\/2024\/06\/img_6261-1.jpg","contentUrl":"https:\/\/fuentesfidedignas.com.mx\/wp-content\/uploads\/2024\/06\/img_6261-1.jpg","width":1200,"height":823},{"@type":"BreadcrumbList","@id":"https:\/\/fuentesfidedignas.com.mx\/index.php\/2024\/06\/06\/la-oms-registra-en-mexico-la-primera-muerte-en-el-mundo-por-gripe-aviar-h5n2\/#breadcrumb","itemListElement":[{"@type":"ListItem","position":1,"name":"Inicio","item":"https:\/\/fuentesfidedignas.com.mx\/"},{"@type":"ListItem","position":2,"name":"La OMS registra en M\u00e9xico la primera muerte en el mundo por gripe aviar H5N2"}]},{"@type":"WebSite","@id":"https:\/\/fuentesfidedignas.com.mx\/#website","url":"https:\/\/fuentesfidedignas.com.mx\/","name":"Fuentes Fidedignas","description":"Otro sitio realizado con WordPress","publisher":{"@id":"https:\/\/fuentesfidedignas.com.mx\/#organization"},"potentialAction":[{"@type":"SearchAction","target":{"@type":"EntryPoint","urlTemplate":"https:\/\/fuentesfidedignas.com.mx\/?s={search_term_string}"},"query-input":{"@type":"PropertyValueSpecification","valueRequired":true,"valueName":"search_term_string"}}],"inLanguage":"es"},{"@type":"Organization","@id":"https:\/\/fuentesfidedignas.com.mx\/#organization","name":"Fuentes Fidedignas","url":"https:\/\/fuentesfidedignas.com.mx\/","logo":{"@type":"ImageObject","inLanguage":"es","@id":"https:\/\/fuentesfidedignas.com.mx\/#\/schema\/logo\/image\/","url":"https:\/\/fuentesfidedignas.com.mx\/wp-content\/uploads\/2021\/04\/logo-retina.png","contentUrl":"https:\/\/fuentesfidedignas.com.mx\/wp-content\/uploads\/2021\/04\/logo-retina.png","width":280,"height":51,"caption":"Fuentes Fidedignas"},"image":{"@id":"https:\/\/fuentesfidedignas.com.mx\/#\/schema\/logo\/image\/"},"sameAs":["https:\/\/www.facebook.com\/Fuentes-Fidedignas-368234489921644","https:\/\/x.com\/fidedignas"]},{"@type":"Person","@id":"https:\/\/fuentesfidedignas.com.mx\/#\/schema\/person\/42bdf714e4f73e0780424244e8488f91","name":"El Pa\u00eds","image":{"@type":"ImageObject","inLanguage":"es","@id":"https:\/\/secure.gravatar.com\/avatar\/6636c472d7bfdc69e13b0df7d51eabe5cc52061ae5c95fa7fab7e1bbc4a56a19?s=96&d=mm&r=g","url":"https:\/\/secure.gravatar.com\/avatar\/6636c472d7bfdc69e13b0df7d51eabe5cc52061ae5c95fa7fab7e1bbc4a56a19?s=96&d=mm&r=g","contentUrl":"https:\/\/secure.gravatar.com\/avatar\/6636c472d7bfdc69e13b0df7d51eabe5cc52061ae5c95fa7fab7e1bbc4a56a19?s=96&d=mm&r=g","caption":"El Pa\u00eds"},"sameAs":["https:\/\/elpais.com"],"url":"https:\/\/fuentesfidedignas.com.mx\/index.php\/author\/elpais\/"}]}},"_links":{"self":[{"href":"https:\/\/fuentesfidedignas.com.mx\/index.php\/wp-json\/wp\/v2\/posts\/83414","targetHints":{"allow":["GET"]}}],"collection":[{"href":"https:\/\/fuentesfidedignas.com.mx\/index.php\/wp-json\/wp\/v2\/posts"}],"about":[{"href":"https:\/\/fuentesfidedignas.com.mx\/index.php\/wp-json\/wp\/v2\/types\/post"}],"author":[{"embeddable":true,"href":"https:\/\/fuentesfidedignas.com.mx\/index.php\/wp-json\/wp\/v2\/users\/43"}],"replies":[{"embeddable":true,"href":"https:\/\/fuentesfidedignas.com.mx\/index.php\/wp-json\/wp\/v2\/comments?post=83414"}],"version-history":[{"count":1,"href":"https:\/\/fuentesfidedignas.com.mx\/index.php\/wp-json\/wp\/v2\/posts\/83414\/revisions"}],"predecessor-version":[{"id":83415,"href":"https:\/\/fuentesfidedignas.com.mx\/index.php\/wp-json\/wp\/v2\/posts\/83414\/revisions\/83415"}],"wp:featuredmedia":[{"embeddable":true,"href":"https:\/\/fuentesfidedignas.com.mx\/index.php\/wp-json\/wp\/v2\/media\/83413"}],"wp:attachment":[{"href":"https:\/\/fuentesfidedignas.com.mx\/index.php\/wp-json\/wp\/v2\/media?parent=83414"}],"wp:term":[{"taxonomy":"category","embeddable":true,"href":"https:\/\/fuentesfidedignas.com.mx\/index.php\/wp-json\/wp\/v2\/categories?post=83414"},{"taxonomy":"post_tag","embeddable":true,"href":"https:\/\/fuentesfidedignas.com.mx\/index.php\/wp-json\/wp\/v2\/tags?post=83414"}],"curies":[{"name":"wp","href":"https:\/\/api.w.org\/{rel}","templated":true}]}}