{"id":8329,"date":"2021-07-27T09:23:28","date_gmt":"2021-07-27T16:23:28","guid":{"rendered":"https:\/\/fuentesfidedignas.com.mx\/?p=8329"},"modified":"2021-07-27T09:23:30","modified_gmt":"2021-07-27T16:23:30","slug":"estatales-aseguran-a-dos-menores-de-edad-traian-dosis-de-presunta-mariguana","status":"publish","type":"post","link":"https:\/\/fuentesfidedignas.com.mx\/index.php\/2021\/07\/27\/estatales-aseguran-a-dos-menores-de-edad-traian-dosis-de-presunta-mariguana\/","title":{"rendered":"Estatales aseguran a dos menores de edad; tra\u00edan dosis de presunta mariguana"},"content":{"rendered":"\n<p>\u00b7 <strong><em>El aseguramiento se realiz\u00f3 en la colonia Melchor Ocampo en Culiac\u00e1n<\/em><\/strong><\/p>\n\n\n\n<p>Culiac\u00e1n Sinaloa a 27 de julio del 2021.- La Secretar\u00eda de Seguridad P\u00fablica de Sinaloa informa que, dos menores de edad fueron asegurados por la Polic\u00eda Estatal Preventiva en calles de Culiac\u00e1n, tra\u00edan dosis de aparente mariguana.<\/p>\n\n\n\n<p>Los hechos se registraron en las inmediaciones de la colonia Melchor Ocampo, en la capital del estado, en donde los elementos realizaban recorridos de prevenci\u00f3n y seguridad, cuando, al circular por la avenida Albert Einstein observaron a dos j\u00f3venes que viajaban en una motocicleta a exceso de velocidad adem\u00e1s que no portaban casco, poniendo en riesgo su integridad f\u00edsica y la de otras personas.<\/p>\n\n\n\n<p>Al percatarse del riesgo que corr\u00edan ambos, los uniformados procedieron a realizarles el alto, sin embargo, hicieron caso omiso y metros m\u00e1s adelante abandonaron la motocicleta y quisieron huir a pie al mismo tiempo que se quisieron deshacer de una mochila que tra\u00edan consigo.<\/p>\n\n\n\n<p>Luego de unos minutos, los polic\u00edas estatales les dieron alcance; se trata de dos menores de edad, ambos de 15 a\u00f1os.<\/p>\n\n\n\n<p>Al revisar la mochila encontraron diversos envoltorios con hierba verde y seca, al parecer mariguana, por lo que, junto con los j\u00f3venes, fueron asegurados y puestos a disposici\u00f3n de las autoridades correspondientes para las diligencias que marca la ley.<\/p>\n","protected":false},"excerpt":{"rendered":"<p>\u00b7 El aseguramiento se realiz\u00f3 en la colonia Melchor Ocampo en Culiac\u00e1n Culiac\u00e1n Sinaloa a 27 de julio del 2021.- La Secretar\u00eda de Seguridad P\u00fablica de Sinaloa informa que, dos menores de edad fueron asegurados por la Polic\u00eda Estatal Preventiva en calles de Culiac\u00e1n, tra\u00edan dosis de aparente mariguana. Los hechos se registraron en las [&hellip;]<\/p>\n","protected":false},"author":4,"featured_media":8330,"comment_status":"open","ping_status":"open","sticky":false,"template":"","format":"standard","meta":{"tdm_status":"","tdm_grid_status":"","footnotes":""},"categories":[38],"tags":[],"class_list":{"0":"post-8329","1":"post","2":"type-post","3":"status-publish","4":"format-standard","5":"has-post-thumbnail","7":"category-noticias-locales"},"yoast_head":"<!-- This site is optimized with the Yoast SEO plugin v27.5 - https:\/\/yoast.com\/product\/yoast-seo-wordpress\/ -->\n<title>Estatales aseguran a dos menores de edad; tra\u00edan dosis de presunta mariguana - Fuentes Fidedignas<\/title>\n<meta name=\"robots\" content=\"index, follow, max-snippet:-1, max-image-preview:large, max-video-preview:-1\" \/>\n<link rel=\"canonical\" href=\"https:\/\/fuentesfidedignas.com.mx\/index.php\/2021\/07\/27\/estatales-aseguran-a-dos-menores-de-edad-traian-dosis-de-presunta-mariguana\/\" \/>\n<meta property=\"og:locale\" content=\"es_MX\" \/>\n<meta property=\"og:type\" content=\"article\" \/>\n<meta property=\"og:title\" content=\"Estatales aseguran a dos menores de edad; tra\u00edan dosis de presunta mariguana - Fuentes Fidedignas\" \/>\n<meta property=\"og:description\" content=\"\u00b7 El aseguramiento se realiz\u00f3 en la colonia Melchor Ocampo en Culiac\u00e1n Culiac\u00e1n Sinaloa a 27 de julio del 2021.- La Secretar\u00eda de Seguridad P\u00fablica de Sinaloa informa que, dos menores de edad fueron asegurados por la Polic\u00eda Estatal Preventiva en calles de Culiac\u00e1n, tra\u00edan dosis de aparente mariguana. Los hechos se registraron en las [&hellip;]\" \/>\n<meta property=\"og:url\" content=\"https:\/\/fuentesfidedignas.com.mx\/index.php\/2021\/07\/27\/estatales-aseguran-a-dos-menores-de-edad-traian-dosis-de-presunta-mariguana\/\" \/>\n<meta property=\"og:site_name\" content=\"Fuentes Fidedignas\" \/>\n<meta property=\"article:publisher\" content=\"https:\/\/www.facebook.com\/Fuentes-Fidedignas-368234489921644\" \/>\n<meta property=\"article:published_time\" content=\"2021-07-27T16:23:28+00:00\" \/>\n<meta property=\"article:modified_time\" content=\"2021-07-27T16:23:30+00:00\" \/>\n<meta property=\"og:image\" content=\"https:\/\/fuentesfidedignas.com.mx\/wp-content\/uploads\/2021\/07\/SUSTANCIA-ASEGURADA.jpeg\" \/>\n\t<meta property=\"og:image:width\" content=\"768\" \/>\n\t<meta property=\"og:image:height\" content=\"1024\" \/>\n\t<meta property=\"og:image:type\" content=\"image\/jpeg\" \/>\n<meta name=\"author\" content=\"Redacci\u00f3n\" \/>\n<meta name=\"twitter:card\" content=\"summary_large_image\" \/>\n<meta name=\"twitter:creator\" content=\"@fidedignas\" \/>\n<meta name=\"twitter:site\" content=\"@fidedignas\" \/>\n<meta name=\"twitter:label1\" content=\"Escrito por\" \/>\n\t<meta name=\"twitter:data1\" content=\"Redacci\u00f3n\" \/>\n\t<meta name=\"twitter:label2\" content=\"Tiempo de lectura\" \/>\n\t<meta name=\"twitter:data2\" content=\"1 minuto\" \/>\n<script type=\"application\/ld+json\" class=\"yoast-schema-graph\">{\"@context\":\"https:\\\/\\\/schema.org\",\"@graph\":[{\"@type\":\"Article\",\"@id\":\"https:\\\/\\\/fuentesfidedignas.com.mx\\\/index.php\\\/2021\\\/07\\\/27\\\/estatales-aseguran-a-dos-menores-de-edad-traian-dosis-de-presunta-mariguana\\\/#article\",\"isPartOf\":{\"@id\":\"https:\\\/\\\/fuentesfidedignas.com.mx\\\/index.php\\\/2021\\\/07\\\/27\\\/estatales-aseguran-a-dos-menores-de-edad-traian-dosis-de-presunta-mariguana\\\/\"},\"author\":{\"name\":\"Redacci\u00f3n\",\"@id\":\"https:\\\/\\\/fuentesfidedignas.com.mx\\\/#\\\/schema\\\/person\\\/331be9283d37198e2acd5750279085b0\"},\"headline\":\"Estatales aseguran a dos menores de edad; tra\u00edan dosis de presunta mariguana\",\"datePublished\":\"2021-07-27T16:23:28+00:00\",\"dateModified\":\"2021-07-27T16:23:30+00:00\",\"mainEntityOfPage\":{\"@id\":\"https:\\\/\\\/fuentesfidedignas.com.mx\\\/index.php\\\/2021\\\/07\\\/27\\\/estatales-aseguran-a-dos-menores-de-edad-traian-dosis-de-presunta-mariguana\\\/\"},\"wordCount\":245,\"commentCount\":0,\"publisher\":{\"@id\":\"https:\\\/\\\/fuentesfidedignas.com.mx\\\/#organization\"},\"image\":{\"@id\":\"https:\\\/\\\/fuentesfidedignas.com.mx\\\/index.php\\\/2021\\\/07\\\/27\\\/estatales-aseguran-a-dos-menores-de-edad-traian-dosis-de-presunta-mariguana\\\/#primaryimage\"},\"thumbnailUrl\":\"https:\\\/\\\/fuentesfidedignas.com.mx\\\/wp-content\\\/uploads\\\/2021\\\/07\\\/SUSTANCIA-ASEGURADA.jpeg\",\"articleSection\":[\"NOTICIAS LOCALES\"],\"inLanguage\":\"es\",\"potentialAction\":[{\"@type\":\"CommentAction\",\"name\":\"Comment\",\"target\":[\"https:\\\/\\\/fuentesfidedignas.com.mx\\\/index.php\\\/2021\\\/07\\\/27\\\/estatales-aseguran-a-dos-menores-de-edad-traian-dosis-de-presunta-mariguana\\\/#respond\"]}]},{\"@type\":\"WebPage\",\"@id\":\"https:\\\/\\\/fuentesfidedignas.com.mx\\\/index.php\\\/2021\\\/07\\\/27\\\/estatales-aseguran-a-dos-menores-de-edad-traian-dosis-de-presunta-mariguana\\\/\",\"url\":\"https:\\\/\\\/fuentesfidedignas.com.mx\\\/index.php\\\/2021\\\/07\\\/27\\\/estatales-aseguran-a-dos-menores-de-edad-traian-dosis-de-presunta-mariguana\\\/\",\"name\":\"Estatales aseguran a dos menores de edad; tra\u00edan dosis de presunta mariguana - Fuentes Fidedignas\",\"isPartOf\":{\"@id\":\"https:\\\/\\\/fuentesfidedignas.com.mx\\\/#website\"},\"primaryImageOfPage\":{\"@id\":\"https:\\\/\\\/fuentesfidedignas.com.mx\\\/index.php\\\/2021\\\/07\\\/27\\\/estatales-aseguran-a-dos-menores-de-edad-traian-dosis-de-presunta-mariguana\\\/#primaryimage\"},\"image\":{\"@id\":\"https:\\\/\\\/fuentesfidedignas.com.mx\\\/index.php\\\/2021\\\/07\\\/27\\\/estatales-aseguran-a-dos-menores-de-edad-traian-dosis-de-presunta-mariguana\\\/#primaryimage\"},\"thumbnailUrl\":\"https:\\\/\\\/fuentesfidedignas.com.mx\\\/wp-content\\\/uploads\\\/2021\\\/07\\\/SUSTANCIA-ASEGURADA.jpeg\",\"datePublished\":\"2021-07-27T16:23:28+00:00\",\"dateModified\":\"2021-07-27T16:23:30+00:00\",\"breadcrumb\":{\"@id\":\"https:\\\/\\\/fuentesfidedignas.com.mx\\\/index.php\\\/2021\\\/07\\\/27\\\/estatales-aseguran-a-dos-menores-de-edad-traian-dosis-de-presunta-mariguana\\\/#breadcrumb\"},\"inLanguage\":\"es\",\"potentialAction\":[{\"@type\":\"ReadAction\",\"target\":[\"https:\\\/\\\/fuentesfidedignas.com.mx\\\/index.php\\\/2021\\\/07\\\/27\\\/estatales-aseguran-a-dos-menores-de-edad-traian-dosis-de-presunta-mariguana\\\/\"]}]},{\"@type\":\"ImageObject\",\"inLanguage\":\"es\",\"@id\":\"https:\\\/\\\/fuentesfidedignas.com.mx\\\/index.php\\\/2021\\\/07\\\/27\\\/estatales-aseguran-a-dos-menores-de-edad-traian-dosis-de-presunta-mariguana\\\/#primaryimage\",\"url\":\"https:\\\/\\\/fuentesfidedignas.com.mx\\\/wp-content\\\/uploads\\\/2021\\\/07\\\/SUSTANCIA-ASEGURADA.jpeg\",\"contentUrl\":\"https:\\\/\\\/fuentesfidedignas.com.mx\\\/wp-content\\\/uploads\\\/2021\\\/07\\\/SUSTANCIA-ASEGURADA.jpeg\",\"width\":768,\"height\":1024},{\"@type\":\"BreadcrumbList\",\"@id\":\"https:\\\/\\\/fuentesfidedignas.com.mx\\\/index.php\\\/2021\\\/07\\\/27\\\/estatales-aseguran-a-dos-menores-de-edad-traian-dosis-de-presunta-mariguana\\\/#breadcrumb\",\"itemListElement\":[{\"@type\":\"ListItem\",\"position\":1,\"name\":\"Inicio\",\"item\":\"https:\\\/\\\/fuentesfidedignas.com.mx\\\/\"},{\"@type\":\"ListItem\",\"position\":2,\"name\":\"Estatales aseguran a dos menores de edad; tra\u00edan dosis de presunta mariguana\"}]},{\"@type\":\"WebSite\",\"@id\":\"https:\\\/\\\/fuentesfidedignas.com.mx\\\/#website\",\"url\":\"https:\\\/\\\/fuentesfidedignas.com.mx\\\/\",\"name\":\"Fuentes Fidedignas\",\"description\":\"Otro sitio realizado con WordPress\",\"publisher\":{\"@id\":\"https:\\\/\\\/fuentesfidedignas.com.mx\\\/#organization\"},\"potentialAction\":[{\"@type\":\"SearchAction\",\"target\":{\"@type\":\"EntryPoint\",\"urlTemplate\":\"https:\\\/\\\/fuentesfidedignas.com.mx\\\/?s={search_term_string}\"},\"query-input\":{\"@type\":\"PropertyValueSpecification\",\"valueRequired\":true,\"valueName\":\"search_term_string\"}}],\"inLanguage\":\"es\"},{\"@type\":\"Organization\",\"@id\":\"https:\\\/\\\/fuentesfidedignas.com.mx\\\/#organization\",\"name\":\"Fuentes Fidedignas\",\"url\":\"https:\\\/\\\/fuentesfidedignas.com.mx\\\/\",\"logo\":{\"@type\":\"ImageObject\",\"inLanguage\":\"es\",\"@id\":\"https:\\\/\\\/fuentesfidedignas.com.mx\\\/#\\\/schema\\\/logo\\\/image\\\/\",\"url\":\"https:\\\/\\\/fuentesfidedignas.com.mx\\\/wp-content\\\/uploads\\\/2021\\\/04\\\/logo-retina.png\",\"contentUrl\":\"https:\\\/\\\/fuentesfidedignas.com.mx\\\/wp-content\\\/uploads\\\/2021\\\/04\\\/logo-retina.png\",\"width\":280,\"height\":51,\"caption\":\"Fuentes Fidedignas\"},\"image\":{\"@id\":\"https:\\\/\\\/fuentesfidedignas.com.mx\\\/#\\\/schema\\\/logo\\\/image\\\/\"},\"sameAs\":[\"https:\\\/\\\/www.facebook.com\\\/Fuentes-Fidedignas-368234489921644\",\"https:\\\/\\\/x.com\\\/fidedignas\"]},{\"@type\":\"Person\",\"@id\":\"https:\\\/\\\/fuentesfidedignas.com.mx\\\/#\\\/schema\\\/person\\\/331be9283d37198e2acd5750279085b0\",\"name\":\"Redacci\u00f3n\",\"image\":{\"@type\":\"ImageObject\",\"inLanguage\":\"es\",\"@id\":\"https:\\\/\\\/secure.gravatar.com\\\/avatar\\\/f6d8782c11d12b2d4ad3fbb6931aeab5309937a4d6cd2fc9cfaa28a6396a5aec?s=96&d=mm&r=g\",\"url\":\"https:\\\/\\\/secure.gravatar.com\\\/avatar\\\/f6d8782c11d12b2d4ad3fbb6931aeab5309937a4d6cd2fc9cfaa28a6396a5aec?s=96&d=mm&r=g\",\"contentUrl\":\"https:\\\/\\\/secure.gravatar.com\\\/avatar\\\/f6d8782c11d12b2d4ad3fbb6931aeab5309937a4d6cd2fc9cfaa28a6396a5aec?s=96&d=mm&r=g\",\"caption\":\"Redacci\u00f3n\"},\"url\":\"https:\\\/\\\/fuentesfidedignas.com.mx\\\/index.php\\\/author\\\/redaccion\\\/\"}]}<\/script>\n<!-- \/ Yoast SEO plugin. -->","yoast_head_json":{"title":"Estatales aseguran a dos menores de edad; tra\u00edan dosis de presunta mariguana - Fuentes Fidedignas","robots":{"index":"index","follow":"follow","max-snippet":"max-snippet:-1","max-image-preview":"max-image-preview:large","max-video-preview":"max-video-preview:-1"},"canonical":"https:\/\/fuentesfidedignas.com.mx\/index.php\/2021\/07\/27\/estatales-aseguran-a-dos-menores-de-edad-traian-dosis-de-presunta-mariguana\/","og_locale":"es_MX","og_type":"article","og_title":"Estatales aseguran a dos menores de edad; tra\u00edan dosis de presunta mariguana - Fuentes Fidedignas","og_description":"\u00b7 El aseguramiento se realiz\u00f3 en la colonia Melchor Ocampo en Culiac\u00e1n Culiac\u00e1n Sinaloa a 27 de julio del 2021.- La Secretar\u00eda de Seguridad P\u00fablica de Sinaloa informa que, dos menores de edad fueron asegurados por la Polic\u00eda Estatal Preventiva en calles de Culiac\u00e1n, tra\u00edan dosis de aparente mariguana. Los hechos se registraron en las [&hellip;]","og_url":"https:\/\/fuentesfidedignas.com.mx\/index.php\/2021\/07\/27\/estatales-aseguran-a-dos-menores-de-edad-traian-dosis-de-presunta-mariguana\/","og_site_name":"Fuentes Fidedignas","article_publisher":"https:\/\/www.facebook.com\/Fuentes-Fidedignas-368234489921644","article_published_time":"2021-07-27T16:23:28+00:00","article_modified_time":"2021-07-27T16:23:30+00:00","og_image":[{"width":768,"height":1024,"url":"https:\/\/fuentesfidedignas.com.mx\/wp-content\/uploads\/2021\/07\/SUSTANCIA-ASEGURADA.jpeg","type":"image\/jpeg"}],"author":"Redacci\u00f3n","twitter_card":"summary_large_image","twitter_creator":"@fidedignas","twitter_site":"@fidedignas","twitter_misc":{"Escrito por":"Redacci\u00f3n","Tiempo de lectura":"1 minuto"},"schema":{"@context":"https:\/\/schema.org","@graph":[{"@type":"Article","@id":"https:\/\/fuentesfidedignas.com.mx\/index.php\/2021\/07\/27\/estatales-aseguran-a-dos-menores-de-edad-traian-dosis-de-presunta-mariguana\/#article","isPartOf":{"@id":"https:\/\/fuentesfidedignas.com.mx\/index.php\/2021\/07\/27\/estatales-aseguran-a-dos-menores-de-edad-traian-dosis-de-presunta-mariguana\/"},"author":{"name":"Redacci\u00f3n","@id":"https:\/\/fuentesfidedignas.com.mx\/#\/schema\/person\/331be9283d37198e2acd5750279085b0"},"headline":"Estatales aseguran a dos menores de edad; tra\u00edan dosis de presunta mariguana","datePublished":"2021-07-27T16:23:28+00:00","dateModified":"2021-07-27T16:23:30+00:00","mainEntityOfPage":{"@id":"https:\/\/fuentesfidedignas.com.mx\/index.php\/2021\/07\/27\/estatales-aseguran-a-dos-menores-de-edad-traian-dosis-de-presunta-mariguana\/"},"wordCount":245,"commentCount":0,"publisher":{"@id":"https:\/\/fuentesfidedignas.com.mx\/#organization"},"image":{"@id":"https:\/\/fuentesfidedignas.com.mx\/index.php\/2021\/07\/27\/estatales-aseguran-a-dos-menores-de-edad-traian-dosis-de-presunta-mariguana\/#primaryimage"},"thumbnailUrl":"https:\/\/fuentesfidedignas.com.mx\/wp-content\/uploads\/2021\/07\/SUSTANCIA-ASEGURADA.jpeg","articleSection":["NOTICIAS LOCALES"],"inLanguage":"es","potentialAction":[{"@type":"CommentAction","name":"Comment","target":["https:\/\/fuentesfidedignas.com.mx\/index.php\/2021\/07\/27\/estatales-aseguran-a-dos-menores-de-edad-traian-dosis-de-presunta-mariguana\/#respond"]}]},{"@type":"WebPage","@id":"https:\/\/fuentesfidedignas.com.mx\/index.php\/2021\/07\/27\/estatales-aseguran-a-dos-menores-de-edad-traian-dosis-de-presunta-mariguana\/","url":"https:\/\/fuentesfidedignas.com.mx\/index.php\/2021\/07\/27\/estatales-aseguran-a-dos-menores-de-edad-traian-dosis-de-presunta-mariguana\/","name":"Estatales aseguran a dos menores de edad; tra\u00edan dosis de presunta mariguana - Fuentes Fidedignas","isPartOf":{"@id":"https:\/\/fuentesfidedignas.com.mx\/#website"},"primaryImageOfPage":{"@id":"https:\/\/fuentesfidedignas.com.mx\/index.php\/2021\/07\/27\/estatales-aseguran-a-dos-menores-de-edad-traian-dosis-de-presunta-mariguana\/#primaryimage"},"image":{"@id":"https:\/\/fuentesfidedignas.com.mx\/index.php\/2021\/07\/27\/estatales-aseguran-a-dos-menores-de-edad-traian-dosis-de-presunta-mariguana\/#primaryimage"},"thumbnailUrl":"https:\/\/fuentesfidedignas.com.mx\/wp-content\/uploads\/2021\/07\/SUSTANCIA-ASEGURADA.jpeg","datePublished":"2021-07-27T16:23:28+00:00","dateModified":"2021-07-27T16:23:30+00:00","breadcrumb":{"@id":"https:\/\/fuentesfidedignas.com.mx\/index.php\/2021\/07\/27\/estatales-aseguran-a-dos-menores-de-edad-traian-dosis-de-presunta-mariguana\/#breadcrumb"},"inLanguage":"es","potentialAction":[{"@type":"ReadAction","target":["https:\/\/fuentesfidedignas.com.mx\/index.php\/2021\/07\/27\/estatales-aseguran-a-dos-menores-de-edad-traian-dosis-de-presunta-mariguana\/"]}]},{"@type":"ImageObject","inLanguage":"es","@id":"https:\/\/fuentesfidedignas.com.mx\/index.php\/2021\/07\/27\/estatales-aseguran-a-dos-menores-de-edad-traian-dosis-de-presunta-mariguana\/#primaryimage","url":"https:\/\/fuentesfidedignas.com.mx\/wp-content\/uploads\/2021\/07\/SUSTANCIA-ASEGURADA.jpeg","contentUrl":"https:\/\/fuentesfidedignas.com.mx\/wp-content\/uploads\/2021\/07\/SUSTANCIA-ASEGURADA.jpeg","width":768,"height":1024},{"@type":"BreadcrumbList","@id":"https:\/\/fuentesfidedignas.com.mx\/index.php\/2021\/07\/27\/estatales-aseguran-a-dos-menores-de-edad-traian-dosis-de-presunta-mariguana\/#breadcrumb","itemListElement":[{"@type":"ListItem","position":1,"name":"Inicio","item":"https:\/\/fuentesfidedignas.com.mx\/"},{"@type":"ListItem","position":2,"name":"Estatales aseguran a dos menores de edad; tra\u00edan dosis de presunta mariguana"}]},{"@type":"WebSite","@id":"https:\/\/fuentesfidedignas.com.mx\/#website","url":"https:\/\/fuentesfidedignas.com.mx\/","name":"Fuentes Fidedignas","description":"Otro sitio realizado con WordPress","publisher":{"@id":"https:\/\/fuentesfidedignas.com.mx\/#organization"},"potentialAction":[{"@type":"SearchAction","target":{"@type":"EntryPoint","urlTemplate":"https:\/\/fuentesfidedignas.com.mx\/?s={search_term_string}"},"query-input":{"@type":"PropertyValueSpecification","valueRequired":true,"valueName":"search_term_string"}}],"inLanguage":"es"},{"@type":"Organization","@id":"https:\/\/fuentesfidedignas.com.mx\/#organization","name":"Fuentes Fidedignas","url":"https:\/\/fuentesfidedignas.com.mx\/","logo":{"@type":"ImageObject","inLanguage":"es","@id":"https:\/\/fuentesfidedignas.com.mx\/#\/schema\/logo\/image\/","url":"https:\/\/fuentesfidedignas.com.mx\/wp-content\/uploads\/2021\/04\/logo-retina.png","contentUrl":"https:\/\/fuentesfidedignas.com.mx\/wp-content\/uploads\/2021\/04\/logo-retina.png","width":280,"height":51,"caption":"Fuentes Fidedignas"},"image":{"@id":"https:\/\/fuentesfidedignas.com.mx\/#\/schema\/logo\/image\/"},"sameAs":["https:\/\/www.facebook.com\/Fuentes-Fidedignas-368234489921644","https:\/\/x.com\/fidedignas"]},{"@type":"Person","@id":"https:\/\/fuentesfidedignas.com.mx\/#\/schema\/person\/331be9283d37198e2acd5750279085b0","name":"Redacci\u00f3n","image":{"@type":"ImageObject","inLanguage":"es","@id":"https:\/\/secure.gravatar.com\/avatar\/f6d8782c11d12b2d4ad3fbb6931aeab5309937a4d6cd2fc9cfaa28a6396a5aec?s=96&d=mm&r=g","url":"https:\/\/secure.gravatar.com\/avatar\/f6d8782c11d12b2d4ad3fbb6931aeab5309937a4d6cd2fc9cfaa28a6396a5aec?s=96&d=mm&r=g","contentUrl":"https:\/\/secure.gravatar.com\/avatar\/f6d8782c11d12b2d4ad3fbb6931aeab5309937a4d6cd2fc9cfaa28a6396a5aec?s=96&d=mm&r=g","caption":"Redacci\u00f3n"},"url":"https:\/\/fuentesfidedignas.com.mx\/index.php\/author\/redaccion\/"}]}},"_links":{"self":[{"href":"https:\/\/fuentesfidedignas.com.mx\/index.php\/wp-json\/wp\/v2\/posts\/8329","targetHints":{"allow":["GET"]}}],"collection":[{"href":"https:\/\/fuentesfidedignas.com.mx\/index.php\/wp-json\/wp\/v2\/posts"}],"about":[{"href":"https:\/\/fuentesfidedignas.com.mx\/index.php\/wp-json\/wp\/v2\/types\/post"}],"author":[{"embeddable":true,"href":"https:\/\/fuentesfidedignas.com.mx\/index.php\/wp-json\/wp\/v2\/users\/4"}],"replies":[{"embeddable":true,"href":"https:\/\/fuentesfidedignas.com.mx\/index.php\/wp-json\/wp\/v2\/comments?post=8329"}],"version-history":[{"count":1,"href":"https:\/\/fuentesfidedignas.com.mx\/index.php\/wp-json\/wp\/v2\/posts\/8329\/revisions"}],"predecessor-version":[{"id":8331,"href":"https:\/\/fuentesfidedignas.com.mx\/index.php\/wp-json\/wp\/v2\/posts\/8329\/revisions\/8331"}],"wp:featuredmedia":[{"embeddable":true,"href":"https:\/\/fuentesfidedignas.com.mx\/index.php\/wp-json\/wp\/v2\/media\/8330"}],"wp:attachment":[{"href":"https:\/\/fuentesfidedignas.com.mx\/index.php\/wp-json\/wp\/v2\/media?parent=8329"}],"wp:term":[{"taxonomy":"category","embeddable":true,"href":"https:\/\/fuentesfidedignas.com.mx\/index.php\/wp-json\/wp\/v2\/categories?post=8329"},{"taxonomy":"post_tag","embeddable":true,"href":"https:\/\/fuentesfidedignas.com.mx\/index.php\/wp-json\/wp\/v2\/tags?post=8329"}],"curies":[{"name":"wp","href":"https:\/\/api.w.org\/{rel}","templated":true}]}}