{"id":83240,"date":"2024-06-04T14:44:35","date_gmt":"2024-06-04T21:44:35","guid":{"rendered":"https:\/\/fuentesfidedignas.com.mx\/?p=83240"},"modified":"2024-06-04T14:44:43","modified_gmt":"2024-06-04T21:44:43","slug":"visorias-del-equipo-chivas-del-guadalajara-en-el-fuerte-una-oportunidad-para-jovenes-talentos","status":"publish","type":"post","link":"https:\/\/fuentesfidedignas.com.mx\/index.php\/2024\/06\/04\/visorias-del-equipo-chivas-del-guadalajara-en-el-fuerte-una-oportunidad-para-jovenes-talentos\/","title":{"rendered":"Visorias del Equipo Chivas del Guadalajara en El Fuerte: Una Oportunidad para J\u00f3venes Talentos"},"content":{"rendered":"\n<p><strong><em>El Instituto Municipal del Deporte de El Fuerte, invita a las y los j\u00f3venes a participar, acudiendo al estadio de futbol &#8220;El Gatal&#8221; los d\u00edas 06 y 07 de junio<\/em><\/strong><\/p>\n\n\n\n<p>El Fuerte, Sin.- El Instituto Municipal del Deporte de El Fuerte (IMDEF) se complace en anunciar que el equipo Chivas del Guadalajara realizar\u00e1 visorias en nuestra localidad. Esta es una excelente oportunidad para que las y los j\u00f3venes deportistas demuestren su talento y tengan la posibilidad de ser reclutados por este importante club de f\u00fatbol nacional.<\/p>\n\n\n\n<p>Las visorias se llevar\u00e1n a cabo en el estadio de f\u00fatbol &#8220;El Gatal&#8221;, ubicado en las calles Eligio Laredo y S\u00e1nchez Celis, en la cabecera municipal de El Fuerte. Los detalles del evento son los siguientes:<\/p>\n\n\n\n<p>Rama Femenil:<\/p>\n\n\n\n<ul class=\"wp-block-list\">\n<li>Fecha: Jueves 06 de junio<\/li>\n\n\n\n<li>Hora: A partir de las 16:00 horas<\/li>\n\n\n\n<li>Categor\u00edas: 2008 al 2014<\/li>\n<\/ul>\n\n\n\n<p>Rama Varonil:<\/p>\n\n\n\n<ul class=\"wp-block-list\">\n<li>Fecha: Viernes 07 de junio<\/li>\n\n\n\n<li>Hora: A partir de las 15:00 horas<\/li>\n\n\n\n<li>Categor\u00edas: 2008 a 2010<\/li>\n<\/ul>\n\n\n\n<p>La Directora del IMDEF, Guadalupe Torres Zavala, expres\u00f3 su entusiasmo por esta iniciativa y subray\u00f3 la importancia de brindar oportunidades a los j\u00f3venes talentos locales, fomentando as\u00ed el desarrollo deportivo en la regi\u00f3n.<\/p>\n\n\n\n<p>&#8220;Invitamos a todas y todos los j\u00f3venes interesados a que asistan y muestren su talento. Este es un momento \u00fanico para brillar y potencialmente formar parte de uno de los equipos m\u00e1s destacados del f\u00fatbol mexicano,&#8221; se\u00f1al\u00f3 la Directora Torres Zavala.<\/p>\n\n\n\n<p>Sin duda una gran oportunidad para el futuro de las y los j\u00f3venes fortense, demostrando la habilidad y pasi\u00f3n por el f\u00fatbol.<\/p>\n","protected":false},"excerpt":{"rendered":"<p>El Instituto Municipal del Deporte de El Fuerte, invita a las y los j\u00f3venes a participar, acudiendo al estadio de futbol &#8220;El Gatal&#8221; los d\u00edas 06 y 07 de junio El Fuerte, Sin.- El Instituto Municipal del Deporte de El Fuerte (IMDEF) se complace en anunciar que el equipo Chivas del Guadalajara realizar\u00e1 visorias en [&hellip;]<\/p>\n","protected":false},"author":4,"featured_media":83239,"comment_status":"open","ping_status":"open","sticky":false,"template":"","format":"standard","meta":{"tdm_status":"","tdm_grid_status":"","footnotes":""},"categories":[38],"tags":[],"class_list":{"0":"post-83240","1":"post","2":"type-post","3":"status-publish","4":"format-standard","5":"has-post-thumbnail","7":"category-noticias-locales"},"yoast_head":"<!-- This site is optimized with the Yoast SEO plugin v27.4 - https:\/\/yoast.com\/product\/yoast-seo-wordpress\/ -->\n<title>Visorias del Equipo Chivas del Guadalajara en El Fuerte: Una Oportunidad para J\u00f3venes Talentos - Fuentes Fidedignas<\/title>\n<meta name=\"robots\" content=\"index, follow, max-snippet:-1, max-image-preview:large, max-video-preview:-1\" \/>\n<link rel=\"canonical\" href=\"https:\/\/fuentesfidedignas.com.mx\/index.php\/2024\/06\/04\/visorias-del-equipo-chivas-del-guadalajara-en-el-fuerte-una-oportunidad-para-jovenes-talentos\/\" \/>\n<meta property=\"og:locale\" content=\"es_MX\" \/>\n<meta property=\"og:type\" content=\"article\" \/>\n<meta property=\"og:title\" content=\"Visorias del Equipo Chivas del Guadalajara en El Fuerte: Una Oportunidad para J\u00f3venes Talentos - Fuentes Fidedignas\" \/>\n<meta property=\"og:description\" content=\"El Instituto Municipal del Deporte de El Fuerte, invita a las y los j\u00f3venes a participar, acudiendo al estadio de futbol &#8220;El Gatal&#8221; los d\u00edas 06 y 07 de junio El Fuerte, Sin.- El Instituto Municipal del Deporte de El Fuerte (IMDEF) se complace en anunciar que el equipo Chivas del Guadalajara realizar\u00e1 visorias en [&hellip;]\" \/>\n<meta property=\"og:url\" content=\"https:\/\/fuentesfidedignas.com.mx\/index.php\/2024\/06\/04\/visorias-del-equipo-chivas-del-guadalajara-en-el-fuerte-una-oportunidad-para-jovenes-talentos\/\" \/>\n<meta property=\"og:site_name\" content=\"Fuentes Fidedignas\" \/>\n<meta property=\"article:publisher\" content=\"https:\/\/www.facebook.com\/Fuentes-Fidedignas-368234489921644\" \/>\n<meta property=\"article:published_time\" content=\"2024-06-04T21:44:35+00:00\" \/>\n<meta property=\"article:modified_time\" content=\"2024-06-04T21:44:43+00:00\" \/>\n<meta property=\"og:image\" content=\"https:\/\/fuentesfidedignas.com.mx\/wp-content\/uploads\/2024\/06\/dc4bbbea-88a4-4a80-a258-26b5fe604d00-1.jpg\" \/>\n\t<meta property=\"og:image:width\" content=\"1236\" \/>\n\t<meta property=\"og:image:height\" content=\"1600\" \/>\n\t<meta property=\"og:image:type\" content=\"image\/jpeg\" \/>\n<meta name=\"author\" content=\"Redacci\u00f3n\" \/>\n<meta name=\"twitter:card\" content=\"summary_large_image\" \/>\n<meta name=\"twitter:creator\" content=\"@fidedignas\" \/>\n<meta name=\"twitter:site\" content=\"@fidedignas\" \/>\n<meta name=\"twitter:label1\" content=\"Escrito por\" \/>\n\t<meta name=\"twitter:data1\" content=\"Redacci\u00f3n\" \/>\n\t<meta name=\"twitter:label2\" content=\"Tiempo de lectura\" \/>\n\t<meta name=\"twitter:data2\" content=\"1 minuto\" \/>\n<script type=\"application\/ld+json\" class=\"yoast-schema-graph\">{\"@context\":\"https:\\\/\\\/schema.org\",\"@graph\":[{\"@type\":\"Article\",\"@id\":\"https:\\\/\\\/fuentesfidedignas.com.mx\\\/index.php\\\/2024\\\/06\\\/04\\\/visorias-del-equipo-chivas-del-guadalajara-en-el-fuerte-una-oportunidad-para-jovenes-talentos\\\/#article\",\"isPartOf\":{\"@id\":\"https:\\\/\\\/fuentesfidedignas.com.mx\\\/index.php\\\/2024\\\/06\\\/04\\\/visorias-del-equipo-chivas-del-guadalajara-en-el-fuerte-una-oportunidad-para-jovenes-talentos\\\/\"},\"author\":{\"name\":\"Redacci\u00f3n\",\"@id\":\"https:\\\/\\\/fuentesfidedignas.com.mx\\\/#\\\/schema\\\/person\\\/331be9283d37198e2acd5750279085b0\"},\"headline\":\"Visorias del Equipo Chivas del Guadalajara en El Fuerte: Una Oportunidad para J\u00f3venes Talentos\",\"datePublished\":\"2024-06-04T21:44:35+00:00\",\"dateModified\":\"2024-06-04T21:44:43+00:00\",\"mainEntityOfPage\":{\"@id\":\"https:\\\/\\\/fuentesfidedignas.com.mx\\\/index.php\\\/2024\\\/06\\\/04\\\/visorias-del-equipo-chivas-del-guadalajara-en-el-fuerte-una-oportunidad-para-jovenes-talentos\\\/\"},\"wordCount\":278,\"commentCount\":0,\"publisher\":{\"@id\":\"https:\\\/\\\/fuentesfidedignas.com.mx\\\/#organization\"},\"image\":{\"@id\":\"https:\\\/\\\/fuentesfidedignas.com.mx\\\/index.php\\\/2024\\\/06\\\/04\\\/visorias-del-equipo-chivas-del-guadalajara-en-el-fuerte-una-oportunidad-para-jovenes-talentos\\\/#primaryimage\"},\"thumbnailUrl\":\"https:\\\/\\\/fuentesfidedignas.com.mx\\\/wp-content\\\/uploads\\\/2024\\\/06\\\/dc4bbbea-88a4-4a80-a258-26b5fe604d00-1.jpg\",\"articleSection\":[\"NOTICIAS LOCALES\"],\"inLanguage\":\"es\",\"potentialAction\":[{\"@type\":\"CommentAction\",\"name\":\"Comment\",\"target\":[\"https:\\\/\\\/fuentesfidedignas.com.mx\\\/index.php\\\/2024\\\/06\\\/04\\\/visorias-del-equipo-chivas-del-guadalajara-en-el-fuerte-una-oportunidad-para-jovenes-talentos\\\/#respond\"]}]},{\"@type\":\"WebPage\",\"@id\":\"https:\\\/\\\/fuentesfidedignas.com.mx\\\/index.php\\\/2024\\\/06\\\/04\\\/visorias-del-equipo-chivas-del-guadalajara-en-el-fuerte-una-oportunidad-para-jovenes-talentos\\\/\",\"url\":\"https:\\\/\\\/fuentesfidedignas.com.mx\\\/index.php\\\/2024\\\/06\\\/04\\\/visorias-del-equipo-chivas-del-guadalajara-en-el-fuerte-una-oportunidad-para-jovenes-talentos\\\/\",\"name\":\"Visorias del Equipo Chivas del Guadalajara en El Fuerte: Una Oportunidad para J\u00f3venes Talentos - Fuentes Fidedignas\",\"isPartOf\":{\"@id\":\"https:\\\/\\\/fuentesfidedignas.com.mx\\\/#website\"},\"primaryImageOfPage\":{\"@id\":\"https:\\\/\\\/fuentesfidedignas.com.mx\\\/index.php\\\/2024\\\/06\\\/04\\\/visorias-del-equipo-chivas-del-guadalajara-en-el-fuerte-una-oportunidad-para-jovenes-talentos\\\/#primaryimage\"},\"image\":{\"@id\":\"https:\\\/\\\/fuentesfidedignas.com.mx\\\/index.php\\\/2024\\\/06\\\/04\\\/visorias-del-equipo-chivas-del-guadalajara-en-el-fuerte-una-oportunidad-para-jovenes-talentos\\\/#primaryimage\"},\"thumbnailUrl\":\"https:\\\/\\\/fuentesfidedignas.com.mx\\\/wp-content\\\/uploads\\\/2024\\\/06\\\/dc4bbbea-88a4-4a80-a258-26b5fe604d00-1.jpg\",\"datePublished\":\"2024-06-04T21:44:35+00:00\",\"dateModified\":\"2024-06-04T21:44:43+00:00\",\"breadcrumb\":{\"@id\":\"https:\\\/\\\/fuentesfidedignas.com.mx\\\/index.php\\\/2024\\\/06\\\/04\\\/visorias-del-equipo-chivas-del-guadalajara-en-el-fuerte-una-oportunidad-para-jovenes-talentos\\\/#breadcrumb\"},\"inLanguage\":\"es\",\"potentialAction\":[{\"@type\":\"ReadAction\",\"target\":[\"https:\\\/\\\/fuentesfidedignas.com.mx\\\/index.php\\\/2024\\\/06\\\/04\\\/visorias-del-equipo-chivas-del-guadalajara-en-el-fuerte-una-oportunidad-para-jovenes-talentos\\\/\"]}]},{\"@type\":\"ImageObject\",\"inLanguage\":\"es\",\"@id\":\"https:\\\/\\\/fuentesfidedignas.com.mx\\\/index.php\\\/2024\\\/06\\\/04\\\/visorias-del-equipo-chivas-del-guadalajara-en-el-fuerte-una-oportunidad-para-jovenes-talentos\\\/#primaryimage\",\"url\":\"https:\\\/\\\/fuentesfidedignas.com.mx\\\/wp-content\\\/uploads\\\/2024\\\/06\\\/dc4bbbea-88a4-4a80-a258-26b5fe604d00-1.jpg\",\"contentUrl\":\"https:\\\/\\\/fuentesfidedignas.com.mx\\\/wp-content\\\/uploads\\\/2024\\\/06\\\/dc4bbbea-88a4-4a80-a258-26b5fe604d00-1.jpg\",\"width\":1236,\"height\":1600},{\"@type\":\"BreadcrumbList\",\"@id\":\"https:\\\/\\\/fuentesfidedignas.com.mx\\\/index.php\\\/2024\\\/06\\\/04\\\/visorias-del-equipo-chivas-del-guadalajara-en-el-fuerte-una-oportunidad-para-jovenes-talentos\\\/#breadcrumb\",\"itemListElement\":[{\"@type\":\"ListItem\",\"position\":1,\"name\":\"Inicio\",\"item\":\"https:\\\/\\\/fuentesfidedignas.com.mx\\\/\"},{\"@type\":\"ListItem\",\"position\":2,\"name\":\"Visorias del Equipo Chivas del Guadalajara en El Fuerte: Una Oportunidad para J\u00f3venes Talentos\"}]},{\"@type\":\"WebSite\",\"@id\":\"https:\\\/\\\/fuentesfidedignas.com.mx\\\/#website\",\"url\":\"https:\\\/\\\/fuentesfidedignas.com.mx\\\/\",\"name\":\"Fuentes Fidedignas\",\"description\":\"Otro sitio realizado con WordPress\",\"publisher\":{\"@id\":\"https:\\\/\\\/fuentesfidedignas.com.mx\\\/#organization\"},\"potentialAction\":[{\"@type\":\"SearchAction\",\"target\":{\"@type\":\"EntryPoint\",\"urlTemplate\":\"https:\\\/\\\/fuentesfidedignas.com.mx\\\/?s={search_term_string}\"},\"query-input\":{\"@type\":\"PropertyValueSpecification\",\"valueRequired\":true,\"valueName\":\"search_term_string\"}}],\"inLanguage\":\"es\"},{\"@type\":\"Organization\",\"@id\":\"https:\\\/\\\/fuentesfidedignas.com.mx\\\/#organization\",\"name\":\"Fuentes Fidedignas\",\"url\":\"https:\\\/\\\/fuentesfidedignas.com.mx\\\/\",\"logo\":{\"@type\":\"ImageObject\",\"inLanguage\":\"es\",\"@id\":\"https:\\\/\\\/fuentesfidedignas.com.mx\\\/#\\\/schema\\\/logo\\\/image\\\/\",\"url\":\"https:\\\/\\\/fuentesfidedignas.com.mx\\\/wp-content\\\/uploads\\\/2021\\\/04\\\/logo-retina.png\",\"contentUrl\":\"https:\\\/\\\/fuentesfidedignas.com.mx\\\/wp-content\\\/uploads\\\/2021\\\/04\\\/logo-retina.png\",\"width\":280,\"height\":51,\"caption\":\"Fuentes Fidedignas\"},\"image\":{\"@id\":\"https:\\\/\\\/fuentesfidedignas.com.mx\\\/#\\\/schema\\\/logo\\\/image\\\/\"},\"sameAs\":[\"https:\\\/\\\/www.facebook.com\\\/Fuentes-Fidedignas-368234489921644\",\"https:\\\/\\\/x.com\\\/fidedignas\"]},{\"@type\":\"Person\",\"@id\":\"https:\\\/\\\/fuentesfidedignas.com.mx\\\/#\\\/schema\\\/person\\\/331be9283d37198e2acd5750279085b0\",\"name\":\"Redacci\u00f3n\",\"image\":{\"@type\":\"ImageObject\",\"inLanguage\":\"es\",\"@id\":\"https:\\\/\\\/secure.gravatar.com\\\/avatar\\\/f6d8782c11d12b2d4ad3fbb6931aeab5309937a4d6cd2fc9cfaa28a6396a5aec?s=96&d=mm&r=g\",\"url\":\"https:\\\/\\\/secure.gravatar.com\\\/avatar\\\/f6d8782c11d12b2d4ad3fbb6931aeab5309937a4d6cd2fc9cfaa28a6396a5aec?s=96&d=mm&r=g\",\"contentUrl\":\"https:\\\/\\\/secure.gravatar.com\\\/avatar\\\/f6d8782c11d12b2d4ad3fbb6931aeab5309937a4d6cd2fc9cfaa28a6396a5aec?s=96&d=mm&r=g\",\"caption\":\"Redacci\u00f3n\"},\"url\":\"https:\\\/\\\/fuentesfidedignas.com.mx\\\/index.php\\\/author\\\/redaccion\\\/\"}]}<\/script>\n<!-- \/ Yoast SEO plugin. -->","yoast_head_json":{"title":"Visorias del Equipo Chivas del Guadalajara en El Fuerte: Una Oportunidad para J\u00f3venes Talentos - Fuentes Fidedignas","robots":{"index":"index","follow":"follow","max-snippet":"max-snippet:-1","max-image-preview":"max-image-preview:large","max-video-preview":"max-video-preview:-1"},"canonical":"https:\/\/fuentesfidedignas.com.mx\/index.php\/2024\/06\/04\/visorias-del-equipo-chivas-del-guadalajara-en-el-fuerte-una-oportunidad-para-jovenes-talentos\/","og_locale":"es_MX","og_type":"article","og_title":"Visorias del Equipo Chivas del Guadalajara en El Fuerte: Una Oportunidad para J\u00f3venes Talentos - Fuentes Fidedignas","og_description":"El Instituto Municipal del Deporte de El Fuerte, invita a las y los j\u00f3venes a participar, acudiendo al estadio de futbol &#8220;El Gatal&#8221; los d\u00edas 06 y 07 de junio El Fuerte, Sin.- El Instituto Municipal del Deporte de El Fuerte (IMDEF) se complace en anunciar que el equipo Chivas del Guadalajara realizar\u00e1 visorias en [&hellip;]","og_url":"https:\/\/fuentesfidedignas.com.mx\/index.php\/2024\/06\/04\/visorias-del-equipo-chivas-del-guadalajara-en-el-fuerte-una-oportunidad-para-jovenes-talentos\/","og_site_name":"Fuentes Fidedignas","article_publisher":"https:\/\/www.facebook.com\/Fuentes-Fidedignas-368234489921644","article_published_time":"2024-06-04T21:44:35+00:00","article_modified_time":"2024-06-04T21:44:43+00:00","og_image":[{"width":1236,"height":1600,"url":"https:\/\/fuentesfidedignas.com.mx\/wp-content\/uploads\/2024\/06\/dc4bbbea-88a4-4a80-a258-26b5fe604d00-1.jpg","type":"image\/jpeg"}],"author":"Redacci\u00f3n","twitter_card":"summary_large_image","twitter_creator":"@fidedignas","twitter_site":"@fidedignas","twitter_misc":{"Escrito por":"Redacci\u00f3n","Tiempo de lectura":"1 minuto"},"schema":{"@context":"https:\/\/schema.org","@graph":[{"@type":"Article","@id":"https:\/\/fuentesfidedignas.com.mx\/index.php\/2024\/06\/04\/visorias-del-equipo-chivas-del-guadalajara-en-el-fuerte-una-oportunidad-para-jovenes-talentos\/#article","isPartOf":{"@id":"https:\/\/fuentesfidedignas.com.mx\/index.php\/2024\/06\/04\/visorias-del-equipo-chivas-del-guadalajara-en-el-fuerte-una-oportunidad-para-jovenes-talentos\/"},"author":{"name":"Redacci\u00f3n","@id":"https:\/\/fuentesfidedignas.com.mx\/#\/schema\/person\/331be9283d37198e2acd5750279085b0"},"headline":"Visorias del Equipo Chivas del Guadalajara en El Fuerte: Una Oportunidad para J\u00f3venes Talentos","datePublished":"2024-06-04T21:44:35+00:00","dateModified":"2024-06-04T21:44:43+00:00","mainEntityOfPage":{"@id":"https:\/\/fuentesfidedignas.com.mx\/index.php\/2024\/06\/04\/visorias-del-equipo-chivas-del-guadalajara-en-el-fuerte-una-oportunidad-para-jovenes-talentos\/"},"wordCount":278,"commentCount":0,"publisher":{"@id":"https:\/\/fuentesfidedignas.com.mx\/#organization"},"image":{"@id":"https:\/\/fuentesfidedignas.com.mx\/index.php\/2024\/06\/04\/visorias-del-equipo-chivas-del-guadalajara-en-el-fuerte-una-oportunidad-para-jovenes-talentos\/#primaryimage"},"thumbnailUrl":"https:\/\/fuentesfidedignas.com.mx\/wp-content\/uploads\/2024\/06\/dc4bbbea-88a4-4a80-a258-26b5fe604d00-1.jpg","articleSection":["NOTICIAS LOCALES"],"inLanguage":"es","potentialAction":[{"@type":"CommentAction","name":"Comment","target":["https:\/\/fuentesfidedignas.com.mx\/index.php\/2024\/06\/04\/visorias-del-equipo-chivas-del-guadalajara-en-el-fuerte-una-oportunidad-para-jovenes-talentos\/#respond"]}]},{"@type":"WebPage","@id":"https:\/\/fuentesfidedignas.com.mx\/index.php\/2024\/06\/04\/visorias-del-equipo-chivas-del-guadalajara-en-el-fuerte-una-oportunidad-para-jovenes-talentos\/","url":"https:\/\/fuentesfidedignas.com.mx\/index.php\/2024\/06\/04\/visorias-del-equipo-chivas-del-guadalajara-en-el-fuerte-una-oportunidad-para-jovenes-talentos\/","name":"Visorias del Equipo Chivas del Guadalajara en El Fuerte: Una Oportunidad para J\u00f3venes Talentos - Fuentes Fidedignas","isPartOf":{"@id":"https:\/\/fuentesfidedignas.com.mx\/#website"},"primaryImageOfPage":{"@id":"https:\/\/fuentesfidedignas.com.mx\/index.php\/2024\/06\/04\/visorias-del-equipo-chivas-del-guadalajara-en-el-fuerte-una-oportunidad-para-jovenes-talentos\/#primaryimage"},"image":{"@id":"https:\/\/fuentesfidedignas.com.mx\/index.php\/2024\/06\/04\/visorias-del-equipo-chivas-del-guadalajara-en-el-fuerte-una-oportunidad-para-jovenes-talentos\/#primaryimage"},"thumbnailUrl":"https:\/\/fuentesfidedignas.com.mx\/wp-content\/uploads\/2024\/06\/dc4bbbea-88a4-4a80-a258-26b5fe604d00-1.jpg","datePublished":"2024-06-04T21:44:35+00:00","dateModified":"2024-06-04T21:44:43+00:00","breadcrumb":{"@id":"https:\/\/fuentesfidedignas.com.mx\/index.php\/2024\/06\/04\/visorias-del-equipo-chivas-del-guadalajara-en-el-fuerte-una-oportunidad-para-jovenes-talentos\/#breadcrumb"},"inLanguage":"es","potentialAction":[{"@type":"ReadAction","target":["https:\/\/fuentesfidedignas.com.mx\/index.php\/2024\/06\/04\/visorias-del-equipo-chivas-del-guadalajara-en-el-fuerte-una-oportunidad-para-jovenes-talentos\/"]}]},{"@type":"ImageObject","inLanguage":"es","@id":"https:\/\/fuentesfidedignas.com.mx\/index.php\/2024\/06\/04\/visorias-del-equipo-chivas-del-guadalajara-en-el-fuerte-una-oportunidad-para-jovenes-talentos\/#primaryimage","url":"https:\/\/fuentesfidedignas.com.mx\/wp-content\/uploads\/2024\/06\/dc4bbbea-88a4-4a80-a258-26b5fe604d00-1.jpg","contentUrl":"https:\/\/fuentesfidedignas.com.mx\/wp-content\/uploads\/2024\/06\/dc4bbbea-88a4-4a80-a258-26b5fe604d00-1.jpg","width":1236,"height":1600},{"@type":"BreadcrumbList","@id":"https:\/\/fuentesfidedignas.com.mx\/index.php\/2024\/06\/04\/visorias-del-equipo-chivas-del-guadalajara-en-el-fuerte-una-oportunidad-para-jovenes-talentos\/#breadcrumb","itemListElement":[{"@type":"ListItem","position":1,"name":"Inicio","item":"https:\/\/fuentesfidedignas.com.mx\/"},{"@type":"ListItem","position":2,"name":"Visorias del Equipo Chivas del Guadalajara en El Fuerte: Una Oportunidad para J\u00f3venes Talentos"}]},{"@type":"WebSite","@id":"https:\/\/fuentesfidedignas.com.mx\/#website","url":"https:\/\/fuentesfidedignas.com.mx\/","name":"Fuentes Fidedignas","description":"Otro sitio realizado con WordPress","publisher":{"@id":"https:\/\/fuentesfidedignas.com.mx\/#organization"},"potentialAction":[{"@type":"SearchAction","target":{"@type":"EntryPoint","urlTemplate":"https:\/\/fuentesfidedignas.com.mx\/?s={search_term_string}"},"query-input":{"@type":"PropertyValueSpecification","valueRequired":true,"valueName":"search_term_string"}}],"inLanguage":"es"},{"@type":"Organization","@id":"https:\/\/fuentesfidedignas.com.mx\/#organization","name":"Fuentes Fidedignas","url":"https:\/\/fuentesfidedignas.com.mx\/","logo":{"@type":"ImageObject","inLanguage":"es","@id":"https:\/\/fuentesfidedignas.com.mx\/#\/schema\/logo\/image\/","url":"https:\/\/fuentesfidedignas.com.mx\/wp-content\/uploads\/2021\/04\/logo-retina.png","contentUrl":"https:\/\/fuentesfidedignas.com.mx\/wp-content\/uploads\/2021\/04\/logo-retina.png","width":280,"height":51,"caption":"Fuentes Fidedignas"},"image":{"@id":"https:\/\/fuentesfidedignas.com.mx\/#\/schema\/logo\/image\/"},"sameAs":["https:\/\/www.facebook.com\/Fuentes-Fidedignas-368234489921644","https:\/\/x.com\/fidedignas"]},{"@type":"Person","@id":"https:\/\/fuentesfidedignas.com.mx\/#\/schema\/person\/331be9283d37198e2acd5750279085b0","name":"Redacci\u00f3n","image":{"@type":"ImageObject","inLanguage":"es","@id":"https:\/\/secure.gravatar.com\/avatar\/f6d8782c11d12b2d4ad3fbb6931aeab5309937a4d6cd2fc9cfaa28a6396a5aec?s=96&d=mm&r=g","url":"https:\/\/secure.gravatar.com\/avatar\/f6d8782c11d12b2d4ad3fbb6931aeab5309937a4d6cd2fc9cfaa28a6396a5aec?s=96&d=mm&r=g","contentUrl":"https:\/\/secure.gravatar.com\/avatar\/f6d8782c11d12b2d4ad3fbb6931aeab5309937a4d6cd2fc9cfaa28a6396a5aec?s=96&d=mm&r=g","caption":"Redacci\u00f3n"},"url":"https:\/\/fuentesfidedignas.com.mx\/index.php\/author\/redaccion\/"}]}},"_links":{"self":[{"href":"https:\/\/fuentesfidedignas.com.mx\/index.php\/wp-json\/wp\/v2\/posts\/83240","targetHints":{"allow":["GET"]}}],"collection":[{"href":"https:\/\/fuentesfidedignas.com.mx\/index.php\/wp-json\/wp\/v2\/posts"}],"about":[{"href":"https:\/\/fuentesfidedignas.com.mx\/index.php\/wp-json\/wp\/v2\/types\/post"}],"author":[{"embeddable":true,"href":"https:\/\/fuentesfidedignas.com.mx\/index.php\/wp-json\/wp\/v2\/users\/4"}],"replies":[{"embeddable":true,"href":"https:\/\/fuentesfidedignas.com.mx\/index.php\/wp-json\/wp\/v2\/comments?post=83240"}],"version-history":[{"count":1,"href":"https:\/\/fuentesfidedignas.com.mx\/index.php\/wp-json\/wp\/v2\/posts\/83240\/revisions"}],"predecessor-version":[{"id":83241,"href":"https:\/\/fuentesfidedignas.com.mx\/index.php\/wp-json\/wp\/v2\/posts\/83240\/revisions\/83241"}],"wp:featuredmedia":[{"embeddable":true,"href":"https:\/\/fuentesfidedignas.com.mx\/index.php\/wp-json\/wp\/v2\/media\/83239"}],"wp:attachment":[{"href":"https:\/\/fuentesfidedignas.com.mx\/index.php\/wp-json\/wp\/v2\/media?parent=83240"}],"wp:term":[{"taxonomy":"category","embeddable":true,"href":"https:\/\/fuentesfidedignas.com.mx\/index.php\/wp-json\/wp\/v2\/categories?post=83240"},{"taxonomy":"post_tag","embeddable":true,"href":"https:\/\/fuentesfidedignas.com.mx\/index.php\/wp-json\/wp\/v2\/tags?post=83240"}],"curies":[{"name":"wp","href":"https:\/\/api.w.org\/{rel}","templated":true}]}}