{"id":831,"date":"2021-05-03T05:31:44","date_gmt":"2021-05-03T12:31:44","guid":{"rendered":"https:\/\/fuentesfidedignas.com.mx\/?p=831"},"modified":"2021-05-04T16:27:34","modified_gmt":"2021-05-04T23:27:34","slug":"variante-de-la-india-detectada-en-mexico-no-representa-un-riesgo-mayor-salud","status":"publish","type":"post","link":"https:\/\/fuentesfidedignas.com.mx\/index.php\/2021\/05\/03\/variante-de-la-india-detectada-en-mexico-no-representa-un-riesgo-mayor-salud\/","title":{"rendered":"Variante de India detectada en M\u00e9xico no representa un riesgo mayor: Salud"},"content":{"rendered":"\n<p><strong>M\u00e9xico suma 217,233 fallecimientos por Covid-19, luego de que se sumaran 65 fallecimientos m\u00e1s que el d\u00eda anterior<\/strong><br><br>Ciudad de M\u00e9xico. Luego de que se detectar\u00e1 en M\u00e9xico un paciente con la variante La India de Covid-19, el director general de Promoci\u00f3n de la Salud, Ricardo Cort\u00e9s Alcal\u00e1, descart\u00f3 que esto represente un riesgo mayor, respecto a la pandemia en el pa\u00eds y el mundo.<\/p>\n\n\n\n<p>De acuerdo con Ricardo Cort\u00e9s Alcal\u00e1, director general de Promoci\u00f3n de la Salud, esta variante es de inter\u00e9s, mas no de preocupaci\u00f3n, por lo que se estudia en vigilancia epidemiol\u00f3gica para su secuenciaci\u00f3n, se revisa la sintomatolog\u00eda y no tiene un aislamiento especial.<\/p>\n\n\n\n<p>\u201cEs una variante de inter\u00e9s, pero no es una variante de preocupaci\u00f3n, as\u00ed es como la Organizaci\u00f3n Mundial de la Salud, no el gobierno de M\u00e9xico, no la Secretar\u00eda de Salud, no la Direcci\u00f3n General de Epidemiolog\u00eda, la Organizaci\u00f3n Mundial de la Salud as\u00ed la clasifica\u201d, afirm\u00f3.<\/p>\n\n\n\n<p>Lee: SLP detecta primer caso de variante de Covid-19 de la India en M\u00e9xico<\/p>\n\n\n\n<p>Asimismo, destall\u00f3 que la variante de la india o tiene ning\u00fan asilamiento especifico ni especial, dado que no representa un riesgo mayor al que ya representa en s\u00ed la epidemia completa a nivel tanto nacional, como internacional.<\/p>\n\n\n\n<p>M\u00e9xico suma 217,233 fallecimientos por Covid-19, luego de que se sumaran 65 fallecimientos m\u00e1s que el d\u00eda anterior, inform\u00f3 la Secretar\u00eda de Salud.<\/p>\n\n\n\n<p>De acuerdo con la dependencia, en las \u00faltimas 24 horas se registraron 1,093 contagios nuevos, con lo que ascendieron a 2 millones 348,873 los casos confirmados.<\/p>\n\n\n\n<p>Asimismo, hasta las 21:00 horas del s\u00e1bado fueron aplicadas 211,647 dosis de la vacuna contra Covid-19; con lo que han aplicado en total 18 millones 326,726 dosis; mientras que 7 millones 650,150 ya cuentan con su esquema completo contra el virus.<\/p>\n\n\n\n<p>Mientras que el nivel de ocupaci\u00f3n hospitalaria a nivel nacional bajo al 11%; mientras que las camas con ventilador es del 16%.<\/p>\n","protected":false},"excerpt":{"rendered":"<p>M\u00e9xico suma 217,233 fallecimientos por Covid-19, luego de que se sumaran 65 fallecimientos m\u00e1s que el d\u00eda anterior Ciudad de M\u00e9xico. Luego de que se detectar\u00e1 en M\u00e9xico un paciente con la variante La India de Covid-19, el director general de Promoci\u00f3n de la Salud, Ricardo Cort\u00e9s Alcal\u00e1, descart\u00f3 que esto represente un riesgo mayor, [&hellip;]<\/p>\n","protected":false},"author":4,"featured_media":832,"comment_status":"open","ping_status":"open","sticky":false,"template":"","format":"standard","meta":{"tdm_status":"","tdm_grid_status":"","footnotes":""},"categories":[184],"tags":[],"class_list":{"0":"post-831","1":"post","2":"type-post","3":"status-publish","4":"format-standard","5":"has-post-thumbnail","7":"category-hemeroteca"},"yoast_head":"<!-- This site is optimized with the Yoast SEO plugin v27.5 - https:\/\/yoast.com\/product\/yoast-seo-wordpress\/ -->\n<title>Variante de India detectada en M\u00e9xico no representa un riesgo mayor: Salud - Fuentes Fidedignas<\/title>\n<meta name=\"robots\" content=\"index, follow, max-snippet:-1, max-image-preview:large, max-video-preview:-1\" \/>\n<link rel=\"canonical\" href=\"https:\/\/fuentesfidedignas.com.mx\/index.php\/2021\/05\/03\/variante-de-la-india-detectada-en-mexico-no-representa-un-riesgo-mayor-salud\/\" \/>\n<meta property=\"og:locale\" content=\"es_MX\" \/>\n<meta property=\"og:type\" content=\"article\" \/>\n<meta property=\"og:title\" content=\"Variante de India detectada en M\u00e9xico no representa un riesgo mayor: Salud - Fuentes Fidedignas\" \/>\n<meta property=\"og:description\" content=\"M\u00e9xico suma 217,233 fallecimientos por Covid-19, luego de que se sumaran 65 fallecimientos m\u00e1s que el d\u00eda anterior Ciudad de M\u00e9xico. Luego de que se detectar\u00e1 en M\u00e9xico un paciente con la variante La India de Covid-19, el director general de Promoci\u00f3n de la Salud, Ricardo Cort\u00e9s Alcal\u00e1, descart\u00f3 que esto represente un riesgo mayor, [&hellip;]\" \/>\n<meta property=\"og:url\" content=\"https:\/\/fuentesfidedignas.com.mx\/index.php\/2021\/05\/03\/variante-de-la-india-detectada-en-mexico-no-representa-un-riesgo-mayor-salud\/\" \/>\n<meta property=\"og:site_name\" content=\"Fuentes Fidedignas\" \/>\n<meta property=\"article:publisher\" content=\"https:\/\/www.facebook.com\/Fuentes-Fidedignas-368234489921644\" \/>\n<meta property=\"article:published_time\" content=\"2021-05-03T12:31:44+00:00\" \/>\n<meta property=\"article:modified_time\" content=\"2021-05-04T23:27:34+00:00\" \/>\n<meta property=\"og:image\" content=\"https:\/\/fuentesfidedignas.com.mx\/wp-content\/uploads\/2021\/05\/muertes-covid-me\u0301xico-768x432-1.jpg\" \/>\n\t<meta property=\"og:image:width\" content=\"768\" \/>\n\t<meta property=\"og:image:height\" content=\"432\" \/>\n\t<meta property=\"og:image:type\" content=\"image\/jpeg\" \/>\n<meta name=\"author\" content=\"Redacci\u00f3n\" \/>\n<meta name=\"twitter:card\" content=\"summary_large_image\" \/>\n<meta name=\"twitter:creator\" content=\"@fidedignas\" \/>\n<meta name=\"twitter:site\" content=\"@fidedignas\" \/>\n<meta name=\"twitter:label1\" content=\"Escrito por\" \/>\n\t<meta name=\"twitter:data1\" content=\"Redacci\u00f3n\" \/>\n\t<meta name=\"twitter:label2\" content=\"Tiempo de lectura\" \/>\n\t<meta name=\"twitter:data2\" content=\"2 minutos\" \/>\n<script type=\"application\/ld+json\" class=\"yoast-schema-graph\">{\"@context\":\"https:\\\/\\\/schema.org\",\"@graph\":[{\"@type\":\"Article\",\"@id\":\"https:\\\/\\\/fuentesfidedignas.com.mx\\\/index.php\\\/2021\\\/05\\\/03\\\/variante-de-la-india-detectada-en-mexico-no-representa-un-riesgo-mayor-salud\\\/#article\",\"isPartOf\":{\"@id\":\"https:\\\/\\\/fuentesfidedignas.com.mx\\\/index.php\\\/2021\\\/05\\\/03\\\/variante-de-la-india-detectada-en-mexico-no-representa-un-riesgo-mayor-salud\\\/\"},\"author\":{\"name\":\"Redacci\u00f3n\",\"@id\":\"https:\\\/\\\/fuentesfidedignas.com.mx\\\/#\\\/schema\\\/person\\\/331be9283d37198e2acd5750279085b0\"},\"headline\":\"Variante de India detectada en M\u00e9xico no representa un riesgo mayor: Salud\",\"datePublished\":\"2021-05-03T12:31:44+00:00\",\"dateModified\":\"2021-05-04T23:27:34+00:00\",\"mainEntityOfPage\":{\"@id\":\"https:\\\/\\\/fuentesfidedignas.com.mx\\\/index.php\\\/2021\\\/05\\\/03\\\/variante-de-la-india-detectada-en-mexico-no-representa-un-riesgo-mayor-salud\\\/\"},\"wordCount\":346,\"commentCount\":0,\"publisher\":{\"@id\":\"https:\\\/\\\/fuentesfidedignas.com.mx\\\/#organization\"},\"image\":{\"@id\":\"https:\\\/\\\/fuentesfidedignas.com.mx\\\/index.php\\\/2021\\\/05\\\/03\\\/variante-de-la-india-detectada-en-mexico-no-representa-un-riesgo-mayor-salud\\\/#primaryimage\"},\"thumbnailUrl\":\"https:\\\/\\\/fuentesfidedignas.com.mx\\\/wp-content\\\/uploads\\\/2021\\\/05\\\/muertes-covid-me\u0301xico-768x432-1.jpg\",\"articleSection\":[\"Hemeroteca\"],\"inLanguage\":\"es\",\"potentialAction\":[{\"@type\":\"CommentAction\",\"name\":\"Comment\",\"target\":[\"https:\\\/\\\/fuentesfidedignas.com.mx\\\/index.php\\\/2021\\\/05\\\/03\\\/variante-de-la-india-detectada-en-mexico-no-representa-un-riesgo-mayor-salud\\\/#respond\"]}]},{\"@type\":\"WebPage\",\"@id\":\"https:\\\/\\\/fuentesfidedignas.com.mx\\\/index.php\\\/2021\\\/05\\\/03\\\/variante-de-la-india-detectada-en-mexico-no-representa-un-riesgo-mayor-salud\\\/\",\"url\":\"https:\\\/\\\/fuentesfidedignas.com.mx\\\/index.php\\\/2021\\\/05\\\/03\\\/variante-de-la-india-detectada-en-mexico-no-representa-un-riesgo-mayor-salud\\\/\",\"name\":\"Variante de India detectada en M\u00e9xico no representa un riesgo mayor: Salud - Fuentes Fidedignas\",\"isPartOf\":{\"@id\":\"https:\\\/\\\/fuentesfidedignas.com.mx\\\/#website\"},\"primaryImageOfPage\":{\"@id\":\"https:\\\/\\\/fuentesfidedignas.com.mx\\\/index.php\\\/2021\\\/05\\\/03\\\/variante-de-la-india-detectada-en-mexico-no-representa-un-riesgo-mayor-salud\\\/#primaryimage\"},\"image\":{\"@id\":\"https:\\\/\\\/fuentesfidedignas.com.mx\\\/index.php\\\/2021\\\/05\\\/03\\\/variante-de-la-india-detectada-en-mexico-no-representa-un-riesgo-mayor-salud\\\/#primaryimage\"},\"thumbnailUrl\":\"https:\\\/\\\/fuentesfidedignas.com.mx\\\/wp-content\\\/uploads\\\/2021\\\/05\\\/muertes-covid-me\u0301xico-768x432-1.jpg\",\"datePublished\":\"2021-05-03T12:31:44+00:00\",\"dateModified\":\"2021-05-04T23:27:34+00:00\",\"breadcrumb\":{\"@id\":\"https:\\\/\\\/fuentesfidedignas.com.mx\\\/index.php\\\/2021\\\/05\\\/03\\\/variante-de-la-india-detectada-en-mexico-no-representa-un-riesgo-mayor-salud\\\/#breadcrumb\"},\"inLanguage\":\"es\",\"potentialAction\":[{\"@type\":\"ReadAction\",\"target\":[\"https:\\\/\\\/fuentesfidedignas.com.mx\\\/index.php\\\/2021\\\/05\\\/03\\\/variante-de-la-india-detectada-en-mexico-no-representa-un-riesgo-mayor-salud\\\/\"]}]},{\"@type\":\"ImageObject\",\"inLanguage\":\"es\",\"@id\":\"https:\\\/\\\/fuentesfidedignas.com.mx\\\/index.php\\\/2021\\\/05\\\/03\\\/variante-de-la-india-detectada-en-mexico-no-representa-un-riesgo-mayor-salud\\\/#primaryimage\",\"url\":\"https:\\\/\\\/fuentesfidedignas.com.mx\\\/wp-content\\\/uploads\\\/2021\\\/05\\\/muertes-covid-me\u0301xico-768x432-1.jpg\",\"contentUrl\":\"https:\\\/\\\/fuentesfidedignas.com.mx\\\/wp-content\\\/uploads\\\/2021\\\/05\\\/muertes-covid-me\u0301xico-768x432-1.jpg\",\"width\":768,\"height\":432},{\"@type\":\"BreadcrumbList\",\"@id\":\"https:\\\/\\\/fuentesfidedignas.com.mx\\\/index.php\\\/2021\\\/05\\\/03\\\/variante-de-la-india-detectada-en-mexico-no-representa-un-riesgo-mayor-salud\\\/#breadcrumb\",\"itemListElement\":[{\"@type\":\"ListItem\",\"position\":1,\"name\":\"Inicio\",\"item\":\"https:\\\/\\\/fuentesfidedignas.com.mx\\\/\"},{\"@type\":\"ListItem\",\"position\":2,\"name\":\"Variante de India detectada en M\u00e9xico no representa un riesgo mayor: Salud\"}]},{\"@type\":\"WebSite\",\"@id\":\"https:\\\/\\\/fuentesfidedignas.com.mx\\\/#website\",\"url\":\"https:\\\/\\\/fuentesfidedignas.com.mx\\\/\",\"name\":\"Fuentes Fidedignas\",\"description\":\"Otro sitio realizado con WordPress\",\"publisher\":{\"@id\":\"https:\\\/\\\/fuentesfidedignas.com.mx\\\/#organization\"},\"potentialAction\":[{\"@type\":\"SearchAction\",\"target\":{\"@type\":\"EntryPoint\",\"urlTemplate\":\"https:\\\/\\\/fuentesfidedignas.com.mx\\\/?s={search_term_string}\"},\"query-input\":{\"@type\":\"PropertyValueSpecification\",\"valueRequired\":true,\"valueName\":\"search_term_string\"}}],\"inLanguage\":\"es\"},{\"@type\":\"Organization\",\"@id\":\"https:\\\/\\\/fuentesfidedignas.com.mx\\\/#organization\",\"name\":\"Fuentes Fidedignas\",\"url\":\"https:\\\/\\\/fuentesfidedignas.com.mx\\\/\",\"logo\":{\"@type\":\"ImageObject\",\"inLanguage\":\"es\",\"@id\":\"https:\\\/\\\/fuentesfidedignas.com.mx\\\/#\\\/schema\\\/logo\\\/image\\\/\",\"url\":\"https:\\\/\\\/fuentesfidedignas.com.mx\\\/wp-content\\\/uploads\\\/2021\\\/04\\\/logo-retina.png\",\"contentUrl\":\"https:\\\/\\\/fuentesfidedignas.com.mx\\\/wp-content\\\/uploads\\\/2021\\\/04\\\/logo-retina.png\",\"width\":280,\"height\":51,\"caption\":\"Fuentes Fidedignas\"},\"image\":{\"@id\":\"https:\\\/\\\/fuentesfidedignas.com.mx\\\/#\\\/schema\\\/logo\\\/image\\\/\"},\"sameAs\":[\"https:\\\/\\\/www.facebook.com\\\/Fuentes-Fidedignas-368234489921644\",\"https:\\\/\\\/x.com\\\/fidedignas\"]},{\"@type\":\"Person\",\"@id\":\"https:\\\/\\\/fuentesfidedignas.com.mx\\\/#\\\/schema\\\/person\\\/331be9283d37198e2acd5750279085b0\",\"name\":\"Redacci\u00f3n\",\"image\":{\"@type\":\"ImageObject\",\"inLanguage\":\"es\",\"@id\":\"https:\\\/\\\/secure.gravatar.com\\\/avatar\\\/f6d8782c11d12b2d4ad3fbb6931aeab5309937a4d6cd2fc9cfaa28a6396a5aec?s=96&d=mm&r=g\",\"url\":\"https:\\\/\\\/secure.gravatar.com\\\/avatar\\\/f6d8782c11d12b2d4ad3fbb6931aeab5309937a4d6cd2fc9cfaa28a6396a5aec?s=96&d=mm&r=g\",\"contentUrl\":\"https:\\\/\\\/secure.gravatar.com\\\/avatar\\\/f6d8782c11d12b2d4ad3fbb6931aeab5309937a4d6cd2fc9cfaa28a6396a5aec?s=96&d=mm&r=g\",\"caption\":\"Redacci\u00f3n\"},\"url\":\"https:\\\/\\\/fuentesfidedignas.com.mx\\\/index.php\\\/author\\\/redaccion\\\/\"}]}<\/script>\n<!-- \/ Yoast SEO plugin. -->","yoast_head_json":{"title":"Variante de India detectada en M\u00e9xico no representa un riesgo mayor: Salud - Fuentes Fidedignas","robots":{"index":"index","follow":"follow","max-snippet":"max-snippet:-1","max-image-preview":"max-image-preview:large","max-video-preview":"max-video-preview:-1"},"canonical":"https:\/\/fuentesfidedignas.com.mx\/index.php\/2021\/05\/03\/variante-de-la-india-detectada-en-mexico-no-representa-un-riesgo-mayor-salud\/","og_locale":"es_MX","og_type":"article","og_title":"Variante de India detectada en M\u00e9xico no representa un riesgo mayor: Salud - Fuentes Fidedignas","og_description":"M\u00e9xico suma 217,233 fallecimientos por Covid-19, luego de que se sumaran 65 fallecimientos m\u00e1s que el d\u00eda anterior Ciudad de M\u00e9xico. Luego de que se detectar\u00e1 en M\u00e9xico un paciente con la variante La India de Covid-19, el director general de Promoci\u00f3n de la Salud, Ricardo Cort\u00e9s Alcal\u00e1, descart\u00f3 que esto represente un riesgo mayor, [&hellip;]","og_url":"https:\/\/fuentesfidedignas.com.mx\/index.php\/2021\/05\/03\/variante-de-la-india-detectada-en-mexico-no-representa-un-riesgo-mayor-salud\/","og_site_name":"Fuentes Fidedignas","article_publisher":"https:\/\/www.facebook.com\/Fuentes-Fidedignas-368234489921644","article_published_time":"2021-05-03T12:31:44+00:00","article_modified_time":"2021-05-04T23:27:34+00:00","og_image":[{"width":768,"height":432,"url":"https:\/\/fuentesfidedignas.com.mx\/wp-content\/uploads\/2021\/05\/muertes-covid-me\u0301xico-768x432-1.jpg","type":"image\/jpeg"}],"author":"Redacci\u00f3n","twitter_card":"summary_large_image","twitter_creator":"@fidedignas","twitter_site":"@fidedignas","twitter_misc":{"Escrito por":"Redacci\u00f3n","Tiempo de lectura":"2 minutos"},"schema":{"@context":"https:\/\/schema.org","@graph":[{"@type":"Article","@id":"https:\/\/fuentesfidedignas.com.mx\/index.php\/2021\/05\/03\/variante-de-la-india-detectada-en-mexico-no-representa-un-riesgo-mayor-salud\/#article","isPartOf":{"@id":"https:\/\/fuentesfidedignas.com.mx\/index.php\/2021\/05\/03\/variante-de-la-india-detectada-en-mexico-no-representa-un-riesgo-mayor-salud\/"},"author":{"name":"Redacci\u00f3n","@id":"https:\/\/fuentesfidedignas.com.mx\/#\/schema\/person\/331be9283d37198e2acd5750279085b0"},"headline":"Variante de India detectada en M\u00e9xico no representa un riesgo mayor: Salud","datePublished":"2021-05-03T12:31:44+00:00","dateModified":"2021-05-04T23:27:34+00:00","mainEntityOfPage":{"@id":"https:\/\/fuentesfidedignas.com.mx\/index.php\/2021\/05\/03\/variante-de-la-india-detectada-en-mexico-no-representa-un-riesgo-mayor-salud\/"},"wordCount":346,"commentCount":0,"publisher":{"@id":"https:\/\/fuentesfidedignas.com.mx\/#organization"},"image":{"@id":"https:\/\/fuentesfidedignas.com.mx\/index.php\/2021\/05\/03\/variante-de-la-india-detectada-en-mexico-no-representa-un-riesgo-mayor-salud\/#primaryimage"},"thumbnailUrl":"https:\/\/fuentesfidedignas.com.mx\/wp-content\/uploads\/2021\/05\/muertes-covid-me\u0301xico-768x432-1.jpg","articleSection":["Hemeroteca"],"inLanguage":"es","potentialAction":[{"@type":"CommentAction","name":"Comment","target":["https:\/\/fuentesfidedignas.com.mx\/index.php\/2021\/05\/03\/variante-de-la-india-detectada-en-mexico-no-representa-un-riesgo-mayor-salud\/#respond"]}]},{"@type":"WebPage","@id":"https:\/\/fuentesfidedignas.com.mx\/index.php\/2021\/05\/03\/variante-de-la-india-detectada-en-mexico-no-representa-un-riesgo-mayor-salud\/","url":"https:\/\/fuentesfidedignas.com.mx\/index.php\/2021\/05\/03\/variante-de-la-india-detectada-en-mexico-no-representa-un-riesgo-mayor-salud\/","name":"Variante de India detectada en M\u00e9xico no representa un riesgo mayor: Salud - Fuentes Fidedignas","isPartOf":{"@id":"https:\/\/fuentesfidedignas.com.mx\/#website"},"primaryImageOfPage":{"@id":"https:\/\/fuentesfidedignas.com.mx\/index.php\/2021\/05\/03\/variante-de-la-india-detectada-en-mexico-no-representa-un-riesgo-mayor-salud\/#primaryimage"},"image":{"@id":"https:\/\/fuentesfidedignas.com.mx\/index.php\/2021\/05\/03\/variante-de-la-india-detectada-en-mexico-no-representa-un-riesgo-mayor-salud\/#primaryimage"},"thumbnailUrl":"https:\/\/fuentesfidedignas.com.mx\/wp-content\/uploads\/2021\/05\/muertes-covid-me\u0301xico-768x432-1.jpg","datePublished":"2021-05-03T12:31:44+00:00","dateModified":"2021-05-04T23:27:34+00:00","breadcrumb":{"@id":"https:\/\/fuentesfidedignas.com.mx\/index.php\/2021\/05\/03\/variante-de-la-india-detectada-en-mexico-no-representa-un-riesgo-mayor-salud\/#breadcrumb"},"inLanguage":"es","potentialAction":[{"@type":"ReadAction","target":["https:\/\/fuentesfidedignas.com.mx\/index.php\/2021\/05\/03\/variante-de-la-india-detectada-en-mexico-no-representa-un-riesgo-mayor-salud\/"]}]},{"@type":"ImageObject","inLanguage":"es","@id":"https:\/\/fuentesfidedignas.com.mx\/index.php\/2021\/05\/03\/variante-de-la-india-detectada-en-mexico-no-representa-un-riesgo-mayor-salud\/#primaryimage","url":"https:\/\/fuentesfidedignas.com.mx\/wp-content\/uploads\/2021\/05\/muertes-covid-me\u0301xico-768x432-1.jpg","contentUrl":"https:\/\/fuentesfidedignas.com.mx\/wp-content\/uploads\/2021\/05\/muertes-covid-me\u0301xico-768x432-1.jpg","width":768,"height":432},{"@type":"BreadcrumbList","@id":"https:\/\/fuentesfidedignas.com.mx\/index.php\/2021\/05\/03\/variante-de-la-india-detectada-en-mexico-no-representa-un-riesgo-mayor-salud\/#breadcrumb","itemListElement":[{"@type":"ListItem","position":1,"name":"Inicio","item":"https:\/\/fuentesfidedignas.com.mx\/"},{"@type":"ListItem","position":2,"name":"Variante de India detectada en M\u00e9xico no representa un riesgo mayor: Salud"}]},{"@type":"WebSite","@id":"https:\/\/fuentesfidedignas.com.mx\/#website","url":"https:\/\/fuentesfidedignas.com.mx\/","name":"Fuentes Fidedignas","description":"Otro sitio realizado con WordPress","publisher":{"@id":"https:\/\/fuentesfidedignas.com.mx\/#organization"},"potentialAction":[{"@type":"SearchAction","target":{"@type":"EntryPoint","urlTemplate":"https:\/\/fuentesfidedignas.com.mx\/?s={search_term_string}"},"query-input":{"@type":"PropertyValueSpecification","valueRequired":true,"valueName":"search_term_string"}}],"inLanguage":"es"},{"@type":"Organization","@id":"https:\/\/fuentesfidedignas.com.mx\/#organization","name":"Fuentes Fidedignas","url":"https:\/\/fuentesfidedignas.com.mx\/","logo":{"@type":"ImageObject","inLanguage":"es","@id":"https:\/\/fuentesfidedignas.com.mx\/#\/schema\/logo\/image\/","url":"https:\/\/fuentesfidedignas.com.mx\/wp-content\/uploads\/2021\/04\/logo-retina.png","contentUrl":"https:\/\/fuentesfidedignas.com.mx\/wp-content\/uploads\/2021\/04\/logo-retina.png","width":280,"height":51,"caption":"Fuentes Fidedignas"},"image":{"@id":"https:\/\/fuentesfidedignas.com.mx\/#\/schema\/logo\/image\/"},"sameAs":["https:\/\/www.facebook.com\/Fuentes-Fidedignas-368234489921644","https:\/\/x.com\/fidedignas"]},{"@type":"Person","@id":"https:\/\/fuentesfidedignas.com.mx\/#\/schema\/person\/331be9283d37198e2acd5750279085b0","name":"Redacci\u00f3n","image":{"@type":"ImageObject","inLanguage":"es","@id":"https:\/\/secure.gravatar.com\/avatar\/f6d8782c11d12b2d4ad3fbb6931aeab5309937a4d6cd2fc9cfaa28a6396a5aec?s=96&d=mm&r=g","url":"https:\/\/secure.gravatar.com\/avatar\/f6d8782c11d12b2d4ad3fbb6931aeab5309937a4d6cd2fc9cfaa28a6396a5aec?s=96&d=mm&r=g","contentUrl":"https:\/\/secure.gravatar.com\/avatar\/f6d8782c11d12b2d4ad3fbb6931aeab5309937a4d6cd2fc9cfaa28a6396a5aec?s=96&d=mm&r=g","caption":"Redacci\u00f3n"},"url":"https:\/\/fuentesfidedignas.com.mx\/index.php\/author\/redaccion\/"}]}},"_links":{"self":[{"href":"https:\/\/fuentesfidedignas.com.mx\/index.php\/wp-json\/wp\/v2\/posts\/831","targetHints":{"allow":["GET"]}}],"collection":[{"href":"https:\/\/fuentesfidedignas.com.mx\/index.php\/wp-json\/wp\/v2\/posts"}],"about":[{"href":"https:\/\/fuentesfidedignas.com.mx\/index.php\/wp-json\/wp\/v2\/types\/post"}],"author":[{"embeddable":true,"href":"https:\/\/fuentesfidedignas.com.mx\/index.php\/wp-json\/wp\/v2\/users\/4"}],"replies":[{"embeddable":true,"href":"https:\/\/fuentesfidedignas.com.mx\/index.php\/wp-json\/wp\/v2\/comments?post=831"}],"version-history":[{"count":2,"href":"https:\/\/fuentesfidedignas.com.mx\/index.php\/wp-json\/wp\/v2\/posts\/831\/revisions"}],"predecessor-version":[{"id":847,"href":"https:\/\/fuentesfidedignas.com.mx\/index.php\/wp-json\/wp\/v2\/posts\/831\/revisions\/847"}],"wp:featuredmedia":[{"embeddable":true,"href":"https:\/\/fuentesfidedignas.com.mx\/index.php\/wp-json\/wp\/v2\/media\/832"}],"wp:attachment":[{"href":"https:\/\/fuentesfidedignas.com.mx\/index.php\/wp-json\/wp\/v2\/media?parent=831"}],"wp:term":[{"taxonomy":"category","embeddable":true,"href":"https:\/\/fuentesfidedignas.com.mx\/index.php\/wp-json\/wp\/v2\/categories?post=831"},{"taxonomy":"post_tag","embeddable":true,"href":"https:\/\/fuentesfidedignas.com.mx\/index.php\/wp-json\/wp\/v2\/tags?post=831"}],"curies":[{"name":"wp","href":"https:\/\/api.w.org\/{rel}","templated":true}]}}