{"id":83080,"date":"2024-06-02T15:17:46","date_gmt":"2024-06-02T22:17:46","guid":{"rendered":"https:\/\/fuentesfidedignas.com.mx\/?p=83080"},"modified":"2024-06-02T15:17:47","modified_gmt":"2024-06-02T22:17:47","slug":"la-falacia-del-bien-y-el-mal-repensando-los-mitos-en-la-politica","status":"publish","type":"post","link":"https:\/\/fuentesfidedignas.com.mx\/index.php\/2024\/06\/02\/la-falacia-del-bien-y-el-mal-repensando-los-mitos-en-la-politica\/","title":{"rendered":"La falacia del bien y el mal, repensando los mitos en la pol\u00edtica"},"content":{"rendered":"\n<p>A lo largo de la historia, una sombra oscura ha ensombrecido el panorama pol\u00edtico: el manique\u00edsmo. Esta antigua doctrina dualista, que concibe al mundo como un eterno enfrentamiento entre las fuerzas del Bien y el Mal, ha permeado la esfera p\u00fablica, reduciendo los matices de la pol\u00edtica a una simplista batalla entre &#8220;buenos&#8221; y &#8220;malvados&#8221;. Sin embargo, esta visi\u00f3n binaria y reduccionista no solo es obsoleta, sino peligrosa para la salud de nuestras democracias. Es hora de abandonar el manique\u00edsmo pol\u00edtico y abrazar la riqueza y complejidad de los intereses y perspectivas que confluyen en la arena p\u00fablica.<\/p>\n\n\n\n<p>El manique\u00edsmo, heredero del gnosticismo, plantea un cosmos regido por dos principios antag\u00f3nicos: la Luz y las Tinieblas, el Bien y el Mal, en una contienda c\u00f3smica sin fin. Esta concepci\u00f3n dualista se ha infiltrado en la pol\u00edtica, dividiendo a los actores en bandos irreconciliables: los &#8220;buenos&#8221;, portadores de la verdad y la virtud, contra los &#8220;malvados&#8221;, encarnaciones del error y el mal. Desde esta \u00f3ptica, el adversario pol\u00edtico no es simplemente un oponente, sino un demonio a derrotar, un enemigo a eliminar.<\/p>\n\n\n\n<p>Esta mentalidad maniquea ha llevado a terribles consecuencias hist\u00f3ricas. En la Uni\u00f3n Sovi\u00e9tica y China, los reg\u00edmenes comunistas enviaron a millones de &#8220;enemigos del pueblo&#8221; a campos de concentraci\u00f3n, en una cruzada por erradicar el &#8220;mal&#8221;. En el otro extremo, las dictaduras militares de derecha en Chile y Argentina justificaron la eliminaci\u00f3n brutal de sus &#8220;enemigos&#8221; en nombre de la defensa del &#8220;bien&#8221; social. El manique\u00edsmo pol\u00edtico abri\u00f3 las puertas a tiran\u00edas de ambos signos.<\/p>\n\n\n\n<p>Hoy, cuando nos acercamos a las elecciones del 2 de junio, es imperativo trascender esta l\u00f3gica maniquea. El votante no debe guiarse por una visi\u00f3n simplista de &#8220;buenos&#8221; contra &#8220;malos&#8221;, sino por un an\u00e1lisis profundo de qui\u00e9nes representan realmente sus intereses, su visi\u00f3n del mundo y sus ideales. La pol\u00edtica democr\u00e1tica no es un lienzo en blanco y negro, sino una rica paleta de grises donde confluyen y chocan m\u00faltiples perspectivas, intereses y agendas.<\/p>\n\n\n\n<p>Caer en el manique\u00edsmo pol\u00edtico es ceder a la tentaci\u00f3n de la superioridad moral, creyendo poseer el monopolio de la verdad y la virtud. Es cerrarse a la autocr\u00edtica y demonizar al adversario, negando toda motivaci\u00f3n leg\u00edtima en sus acciones. Esta ceguera conduce a una polarizaci\u00f3n t\u00f3xica que socava el di\u00e1logo y el consenso, pilares fundamentales de la democracia.<\/p>\n\n\n\n<p>En su lugar, debemos cultivar una mirada m\u00e1s matizada y emp\u00e1tica hacia nuestros oponentes pol\u00edticos. Reconocer que, incluso en aquellos con quienes discrepamos profundamente, pueden existir motivaciones nobles y un anhelo genuino por el bienestar com\u00fan. S\u00f3lo al comprender las complejidades de las perspectivas ajenas podremos trascender las divisiones maniqueas y construir un di\u00e1logo fruct\u00edfero en pos del progreso.<\/p>\n\n\n\n<p>La pol\u00edtica es un tapiz intrincado, donde se entrelazan intereses pol\u00edticos, econ\u00f3micos, sociales y culturales diversos y, a menudo, contrapuestos. Reducirla a una batalla entre el bien y el mal absolutos es una falacia que entorpece el avance y alimenta la polarizaci\u00f3n. En estas elecciones, miremos m\u00e1s all\u00e1 de las etiquetas maniqueas y juzguemos a los candidatos por sus propuestas concretas, sus trayectorias y su capacidad para representar los anhelos de una naci\u00f3n diversa y matizada.<\/p>\n\n\n\n<p>Abandonemos las sombras del manique\u00edsmo pol\u00edtico y abracemos la luz de la comprensi\u00f3n, el an\u00e1lisis riguroso y el di\u00e1logo constructivo. S\u00f3lo as\u00ed podremos sanar las heridas de la divisi\u00f3n y construir una democracia s\u00f3lida y vibrante, capaz de canalizar la pluralidad de voces e intereses que conforman el rico tejido de nuestra sociedad.<\/p>\n\n\n\n<p>En un mundo cada vez m\u00e1s complejo e interdependiente, el manique\u00edsmo pol\u00edtico es un lastre que nos mantiene anclados en el pasado. Es hora de dar un paso hacia adelante, de evolucionar hacia una pol\u00edtica m\u00e1s madura, m\u00e1s inclusiva y m\u00e1s comprensiva. Una pol\u00edtica que no divida, sino que una; que no condene, sino que dialogue; que no destruya, sino que construya puentes entre diferentes cosmovisiones.<\/p>\n\n\n\n<p><strong>La democracia no es un campo de batalla entre el bien y el mal absolutos, sino un vasto terreno de matices donde se cultiva el entendimiento mutuo, el respeto por las diferencias y la b\u00fasqueda colectiva del bienestar com\u00fan. En estas elecciones, abracemos esa riqueza de perspectivas, dejemos atr\u00e1s los reduccionismos maniqueos y avancemos juntos hacia un nuevo amanecer para nuestra democracia.<\/strong><\/p>\n","protected":false},"excerpt":{"rendered":"<p>A lo largo de la historia, una sombra oscura ha ensombrecido el panorama pol\u00edtico: el manique\u00edsmo. Esta antigua doctrina dualista, que concibe al mundo como un eterno enfrentamiento entre las fuerzas del Bien y el Mal, ha permeado la esfera p\u00fablica, reduciendo los matices de la pol\u00edtica a una simplista batalla entre &#8220;buenos&#8221; y &#8220;malvados&#8221;. [&hellip;]<\/p>\n","protected":false},"author":146,"featured_media":83081,"comment_status":"open","ping_status":"open","sticky":false,"template":"","format":"standard","meta":{"tdm_status":"","tdm_grid_status":"","footnotes":""},"categories":[3064,3089],"tags":[],"class_list":{"0":"post-83080","1":"post","2":"type-post","3":"status-publish","4":"format-standard","5":"has-post-thumbnail","7":"category-columnas","8":"category-nutriendo-la-mente"},"yoast_head":"<!-- This site is optimized with the Yoast SEO plugin v27.5 - https:\/\/yoast.com\/product\/yoast-seo-wordpress\/ -->\n<title>La falacia del bien y el mal, repensando los mitos en la pol\u00edtica - Fuentes Fidedignas<\/title>\n<meta name=\"robots\" content=\"index, follow, max-snippet:-1, max-image-preview:large, max-video-preview:-1\" \/>\n<link rel=\"canonical\" href=\"https:\/\/fuentesfidedignas.com.mx\/index.php\/2024\/06\/02\/la-falacia-del-bien-y-el-mal-repensando-los-mitos-en-la-politica\/\" \/>\n<meta property=\"og:locale\" content=\"es_MX\" \/>\n<meta property=\"og:type\" content=\"article\" \/>\n<meta property=\"og:title\" content=\"La falacia del bien y el mal, repensando los mitos en la pol\u00edtica - Fuentes Fidedignas\" \/>\n<meta property=\"og:description\" content=\"A lo largo de la historia, una sombra oscura ha ensombrecido el panorama pol\u00edtico: el manique\u00edsmo. Esta antigua doctrina dualista, que concibe al mundo como un eterno enfrentamiento entre las fuerzas del Bien y el Mal, ha permeado la esfera p\u00fablica, reduciendo los matices de la pol\u00edtica a una simplista batalla entre &#8220;buenos&#8221; y &#8220;malvados&#8221;. [&hellip;]\" \/>\n<meta property=\"og:url\" content=\"https:\/\/fuentesfidedignas.com.mx\/index.php\/2024\/06\/02\/la-falacia-del-bien-y-el-mal-repensando-los-mitos-en-la-politica\/\" \/>\n<meta property=\"og:site_name\" content=\"Fuentes Fidedignas\" \/>\n<meta property=\"article:publisher\" content=\"https:\/\/www.facebook.com\/Fuentes-Fidedignas-368234489921644\" \/>\n<meta property=\"article:published_time\" content=\"2024-06-02T22:17:46+00:00\" \/>\n<meta property=\"article:modified_time\" content=\"2024-06-02T22:17:47+00:00\" \/>\n<meta property=\"og:image\" content=\"https:\/\/fuentesfidedignas.com.mx\/wp-content\/uploads\/2024\/06\/PHOTO-2024-06-01-18-36-04.jpg\" \/>\n\t<meta property=\"og:image:width\" content=\"1600\" \/>\n\t<meta property=\"og:image:height\" content=\"1066\" \/>\n\t<meta property=\"og:image:type\" content=\"image\/jpeg\" \/>\n<meta name=\"author\" content=\"Mtro. Horacio de Jes\u00fas Malcampo Moreno\" \/>\n<meta name=\"twitter:card\" content=\"summary_large_image\" \/>\n<meta name=\"twitter:creator\" content=\"@fidedignas\" \/>\n<meta name=\"twitter:site\" content=\"@fidedignas\" \/>\n<meta name=\"twitter:label1\" content=\"Escrito por\" \/>\n\t<meta name=\"twitter:data1\" content=\"Mtro. Horacio de Jes\u00fas Malcampo Moreno\" \/>\n\t<meta name=\"twitter:label2\" content=\"Tiempo de lectura\" \/>\n\t<meta name=\"twitter:data2\" content=\"4 minutos\" \/>\n<script type=\"application\/ld+json\" class=\"yoast-schema-graph\">{\"@context\":\"https:\\\/\\\/schema.org\",\"@graph\":[{\"@type\":\"Article\",\"@id\":\"https:\\\/\\\/fuentesfidedignas.com.mx\\\/index.php\\\/2024\\\/06\\\/02\\\/la-falacia-del-bien-y-el-mal-repensando-los-mitos-en-la-politica\\\/#article\",\"isPartOf\":{\"@id\":\"https:\\\/\\\/fuentesfidedignas.com.mx\\\/index.php\\\/2024\\\/06\\\/02\\\/la-falacia-del-bien-y-el-mal-repensando-los-mitos-en-la-politica\\\/\"},\"author\":{\"name\":\"Mtro. Horacio de Jes\u00fas Malcampo Moreno\",\"@id\":\"https:\\\/\\\/fuentesfidedignas.com.mx\\\/#\\\/schema\\\/person\\\/3f687c55082c557a647c7836bde45728\"},\"headline\":\"La falacia del bien y el mal, repensando los mitos en la pol\u00edtica\",\"datePublished\":\"2024-06-02T22:17:46+00:00\",\"dateModified\":\"2024-06-02T22:17:47+00:00\",\"mainEntityOfPage\":{\"@id\":\"https:\\\/\\\/fuentesfidedignas.com.mx\\\/index.php\\\/2024\\\/06\\\/02\\\/la-falacia-del-bien-y-el-mal-repensando-los-mitos-en-la-politica\\\/\"},\"wordCount\":790,\"commentCount\":0,\"publisher\":{\"@id\":\"https:\\\/\\\/fuentesfidedignas.com.mx\\\/#organization\"},\"image\":{\"@id\":\"https:\\\/\\\/fuentesfidedignas.com.mx\\\/index.php\\\/2024\\\/06\\\/02\\\/la-falacia-del-bien-y-el-mal-repensando-los-mitos-en-la-politica\\\/#primaryimage\"},\"thumbnailUrl\":\"https:\\\/\\\/fuentesfidedignas.com.mx\\\/wp-content\\\/uploads\\\/2024\\\/06\\\/PHOTO-2024-06-01-18-36-04.jpg\",\"articleSection\":[\"COLUMNAS\",\"NUTRIENDO LA MENTE\"],\"inLanguage\":\"es\",\"potentialAction\":[{\"@type\":\"CommentAction\",\"name\":\"Comment\",\"target\":[\"https:\\\/\\\/fuentesfidedignas.com.mx\\\/index.php\\\/2024\\\/06\\\/02\\\/la-falacia-del-bien-y-el-mal-repensando-los-mitos-en-la-politica\\\/#respond\"]}]},{\"@type\":\"WebPage\",\"@id\":\"https:\\\/\\\/fuentesfidedignas.com.mx\\\/index.php\\\/2024\\\/06\\\/02\\\/la-falacia-del-bien-y-el-mal-repensando-los-mitos-en-la-politica\\\/\",\"url\":\"https:\\\/\\\/fuentesfidedignas.com.mx\\\/index.php\\\/2024\\\/06\\\/02\\\/la-falacia-del-bien-y-el-mal-repensando-los-mitos-en-la-politica\\\/\",\"name\":\"La falacia del bien y el mal, repensando los mitos en la pol\u00edtica - Fuentes Fidedignas\",\"isPartOf\":{\"@id\":\"https:\\\/\\\/fuentesfidedignas.com.mx\\\/#website\"},\"primaryImageOfPage\":{\"@id\":\"https:\\\/\\\/fuentesfidedignas.com.mx\\\/index.php\\\/2024\\\/06\\\/02\\\/la-falacia-del-bien-y-el-mal-repensando-los-mitos-en-la-politica\\\/#primaryimage\"},\"image\":{\"@id\":\"https:\\\/\\\/fuentesfidedignas.com.mx\\\/index.php\\\/2024\\\/06\\\/02\\\/la-falacia-del-bien-y-el-mal-repensando-los-mitos-en-la-politica\\\/#primaryimage\"},\"thumbnailUrl\":\"https:\\\/\\\/fuentesfidedignas.com.mx\\\/wp-content\\\/uploads\\\/2024\\\/06\\\/PHOTO-2024-06-01-18-36-04.jpg\",\"datePublished\":\"2024-06-02T22:17:46+00:00\",\"dateModified\":\"2024-06-02T22:17:47+00:00\",\"breadcrumb\":{\"@id\":\"https:\\\/\\\/fuentesfidedignas.com.mx\\\/index.php\\\/2024\\\/06\\\/02\\\/la-falacia-del-bien-y-el-mal-repensando-los-mitos-en-la-politica\\\/#breadcrumb\"},\"inLanguage\":\"es\",\"potentialAction\":[{\"@type\":\"ReadAction\",\"target\":[\"https:\\\/\\\/fuentesfidedignas.com.mx\\\/index.php\\\/2024\\\/06\\\/02\\\/la-falacia-del-bien-y-el-mal-repensando-los-mitos-en-la-politica\\\/\"]}]},{\"@type\":\"ImageObject\",\"inLanguage\":\"es\",\"@id\":\"https:\\\/\\\/fuentesfidedignas.com.mx\\\/index.php\\\/2024\\\/06\\\/02\\\/la-falacia-del-bien-y-el-mal-repensando-los-mitos-en-la-politica\\\/#primaryimage\",\"url\":\"https:\\\/\\\/fuentesfidedignas.com.mx\\\/wp-content\\\/uploads\\\/2024\\\/06\\\/PHOTO-2024-06-01-18-36-04.jpg\",\"contentUrl\":\"https:\\\/\\\/fuentesfidedignas.com.mx\\\/wp-content\\\/uploads\\\/2024\\\/06\\\/PHOTO-2024-06-01-18-36-04.jpg\",\"width\":1600,\"height\":1066},{\"@type\":\"BreadcrumbList\",\"@id\":\"https:\\\/\\\/fuentesfidedignas.com.mx\\\/index.php\\\/2024\\\/06\\\/02\\\/la-falacia-del-bien-y-el-mal-repensando-los-mitos-en-la-politica\\\/#breadcrumb\",\"itemListElement\":[{\"@type\":\"ListItem\",\"position\":1,\"name\":\"Inicio\",\"item\":\"https:\\\/\\\/fuentesfidedignas.com.mx\\\/\"},{\"@type\":\"ListItem\",\"position\":2,\"name\":\"La falacia del bien y el mal, repensando los mitos en la pol\u00edtica\"}]},{\"@type\":\"WebSite\",\"@id\":\"https:\\\/\\\/fuentesfidedignas.com.mx\\\/#website\",\"url\":\"https:\\\/\\\/fuentesfidedignas.com.mx\\\/\",\"name\":\"Fuentes Fidedignas\",\"description\":\"Otro sitio realizado con WordPress\",\"publisher\":{\"@id\":\"https:\\\/\\\/fuentesfidedignas.com.mx\\\/#organization\"},\"potentialAction\":[{\"@type\":\"SearchAction\",\"target\":{\"@type\":\"EntryPoint\",\"urlTemplate\":\"https:\\\/\\\/fuentesfidedignas.com.mx\\\/?s={search_term_string}\"},\"query-input\":{\"@type\":\"PropertyValueSpecification\",\"valueRequired\":true,\"valueName\":\"search_term_string\"}}],\"inLanguage\":\"es\"},{\"@type\":\"Organization\",\"@id\":\"https:\\\/\\\/fuentesfidedignas.com.mx\\\/#organization\",\"name\":\"Fuentes Fidedignas\",\"url\":\"https:\\\/\\\/fuentesfidedignas.com.mx\\\/\",\"logo\":{\"@type\":\"ImageObject\",\"inLanguage\":\"es\",\"@id\":\"https:\\\/\\\/fuentesfidedignas.com.mx\\\/#\\\/schema\\\/logo\\\/image\\\/\",\"url\":\"https:\\\/\\\/fuentesfidedignas.com.mx\\\/wp-content\\\/uploads\\\/2021\\\/04\\\/logo-retina.png\",\"contentUrl\":\"https:\\\/\\\/fuentesfidedignas.com.mx\\\/wp-content\\\/uploads\\\/2021\\\/04\\\/logo-retina.png\",\"width\":280,\"height\":51,\"caption\":\"Fuentes Fidedignas\"},\"image\":{\"@id\":\"https:\\\/\\\/fuentesfidedignas.com.mx\\\/#\\\/schema\\\/logo\\\/image\\\/\"},\"sameAs\":[\"https:\\\/\\\/www.facebook.com\\\/Fuentes-Fidedignas-368234489921644\",\"https:\\\/\\\/x.com\\\/fidedignas\"]},{\"@type\":\"Person\",\"@id\":\"https:\\\/\\\/fuentesfidedignas.com.mx\\\/#\\\/schema\\\/person\\\/3f687c55082c557a647c7836bde45728\",\"name\":\"Mtro. Horacio de Jes\u00fas Malcampo Moreno\",\"image\":{\"@type\":\"ImageObject\",\"inLanguage\":\"es\",\"@id\":\"https:\\\/\\\/secure.gravatar.com\\\/avatar\\\/21fd667a5b9de079d383e44390566d4c728a6ce47b9b5e8419c61f1b793461ac?s=96&d=mm&r=g\",\"url\":\"https:\\\/\\\/secure.gravatar.com\\\/avatar\\\/21fd667a5b9de079d383e44390566d4c728a6ce47b9b5e8419c61f1b793461ac?s=96&d=mm&r=g\",\"contentUrl\":\"https:\\\/\\\/secure.gravatar.com\\\/avatar\\\/21fd667a5b9de079d383e44390566d4c728a6ce47b9b5e8419c61f1b793461ac?s=96&d=mm&r=g\",\"caption\":\"Mtro. Horacio de Jes\u00fas Malcampo Moreno\"},\"url\":\"https:\\\/\\\/fuentesfidedignas.com.mx\\\/index.php\\\/author\\\/horacio\\\/\"}]}<\/script>\n<!-- \/ Yoast SEO plugin. -->","yoast_head_json":{"title":"La falacia del bien y el mal, repensando los mitos en la pol\u00edtica - Fuentes Fidedignas","robots":{"index":"index","follow":"follow","max-snippet":"max-snippet:-1","max-image-preview":"max-image-preview:large","max-video-preview":"max-video-preview:-1"},"canonical":"https:\/\/fuentesfidedignas.com.mx\/index.php\/2024\/06\/02\/la-falacia-del-bien-y-el-mal-repensando-los-mitos-en-la-politica\/","og_locale":"es_MX","og_type":"article","og_title":"La falacia del bien y el mal, repensando los mitos en la pol\u00edtica - Fuentes Fidedignas","og_description":"A lo largo de la historia, una sombra oscura ha ensombrecido el panorama pol\u00edtico: el manique\u00edsmo. Esta antigua doctrina dualista, que concibe al mundo como un eterno enfrentamiento entre las fuerzas del Bien y el Mal, ha permeado la esfera p\u00fablica, reduciendo los matices de la pol\u00edtica a una simplista batalla entre &#8220;buenos&#8221; y &#8220;malvados&#8221;. [&hellip;]","og_url":"https:\/\/fuentesfidedignas.com.mx\/index.php\/2024\/06\/02\/la-falacia-del-bien-y-el-mal-repensando-los-mitos-en-la-politica\/","og_site_name":"Fuentes Fidedignas","article_publisher":"https:\/\/www.facebook.com\/Fuentes-Fidedignas-368234489921644","article_published_time":"2024-06-02T22:17:46+00:00","article_modified_time":"2024-06-02T22:17:47+00:00","og_image":[{"width":1600,"height":1066,"url":"https:\/\/fuentesfidedignas.com.mx\/wp-content\/uploads\/2024\/06\/PHOTO-2024-06-01-18-36-04.jpg","type":"image\/jpeg"}],"author":"Mtro. Horacio de Jes\u00fas Malcampo Moreno","twitter_card":"summary_large_image","twitter_creator":"@fidedignas","twitter_site":"@fidedignas","twitter_misc":{"Escrito por":"Mtro. Horacio de Jes\u00fas Malcampo Moreno","Tiempo de lectura":"4 minutos"},"schema":{"@context":"https:\/\/schema.org","@graph":[{"@type":"Article","@id":"https:\/\/fuentesfidedignas.com.mx\/index.php\/2024\/06\/02\/la-falacia-del-bien-y-el-mal-repensando-los-mitos-en-la-politica\/#article","isPartOf":{"@id":"https:\/\/fuentesfidedignas.com.mx\/index.php\/2024\/06\/02\/la-falacia-del-bien-y-el-mal-repensando-los-mitos-en-la-politica\/"},"author":{"name":"Mtro. Horacio de Jes\u00fas Malcampo Moreno","@id":"https:\/\/fuentesfidedignas.com.mx\/#\/schema\/person\/3f687c55082c557a647c7836bde45728"},"headline":"La falacia del bien y el mal, repensando los mitos en la pol\u00edtica","datePublished":"2024-06-02T22:17:46+00:00","dateModified":"2024-06-02T22:17:47+00:00","mainEntityOfPage":{"@id":"https:\/\/fuentesfidedignas.com.mx\/index.php\/2024\/06\/02\/la-falacia-del-bien-y-el-mal-repensando-los-mitos-en-la-politica\/"},"wordCount":790,"commentCount":0,"publisher":{"@id":"https:\/\/fuentesfidedignas.com.mx\/#organization"},"image":{"@id":"https:\/\/fuentesfidedignas.com.mx\/index.php\/2024\/06\/02\/la-falacia-del-bien-y-el-mal-repensando-los-mitos-en-la-politica\/#primaryimage"},"thumbnailUrl":"https:\/\/fuentesfidedignas.com.mx\/wp-content\/uploads\/2024\/06\/PHOTO-2024-06-01-18-36-04.jpg","articleSection":["COLUMNAS","NUTRIENDO LA MENTE"],"inLanguage":"es","potentialAction":[{"@type":"CommentAction","name":"Comment","target":["https:\/\/fuentesfidedignas.com.mx\/index.php\/2024\/06\/02\/la-falacia-del-bien-y-el-mal-repensando-los-mitos-en-la-politica\/#respond"]}]},{"@type":"WebPage","@id":"https:\/\/fuentesfidedignas.com.mx\/index.php\/2024\/06\/02\/la-falacia-del-bien-y-el-mal-repensando-los-mitos-en-la-politica\/","url":"https:\/\/fuentesfidedignas.com.mx\/index.php\/2024\/06\/02\/la-falacia-del-bien-y-el-mal-repensando-los-mitos-en-la-politica\/","name":"La falacia del bien y el mal, repensando los mitos en la pol\u00edtica - Fuentes Fidedignas","isPartOf":{"@id":"https:\/\/fuentesfidedignas.com.mx\/#website"},"primaryImageOfPage":{"@id":"https:\/\/fuentesfidedignas.com.mx\/index.php\/2024\/06\/02\/la-falacia-del-bien-y-el-mal-repensando-los-mitos-en-la-politica\/#primaryimage"},"image":{"@id":"https:\/\/fuentesfidedignas.com.mx\/index.php\/2024\/06\/02\/la-falacia-del-bien-y-el-mal-repensando-los-mitos-en-la-politica\/#primaryimage"},"thumbnailUrl":"https:\/\/fuentesfidedignas.com.mx\/wp-content\/uploads\/2024\/06\/PHOTO-2024-06-01-18-36-04.jpg","datePublished":"2024-06-02T22:17:46+00:00","dateModified":"2024-06-02T22:17:47+00:00","breadcrumb":{"@id":"https:\/\/fuentesfidedignas.com.mx\/index.php\/2024\/06\/02\/la-falacia-del-bien-y-el-mal-repensando-los-mitos-en-la-politica\/#breadcrumb"},"inLanguage":"es","potentialAction":[{"@type":"ReadAction","target":["https:\/\/fuentesfidedignas.com.mx\/index.php\/2024\/06\/02\/la-falacia-del-bien-y-el-mal-repensando-los-mitos-en-la-politica\/"]}]},{"@type":"ImageObject","inLanguage":"es","@id":"https:\/\/fuentesfidedignas.com.mx\/index.php\/2024\/06\/02\/la-falacia-del-bien-y-el-mal-repensando-los-mitos-en-la-politica\/#primaryimage","url":"https:\/\/fuentesfidedignas.com.mx\/wp-content\/uploads\/2024\/06\/PHOTO-2024-06-01-18-36-04.jpg","contentUrl":"https:\/\/fuentesfidedignas.com.mx\/wp-content\/uploads\/2024\/06\/PHOTO-2024-06-01-18-36-04.jpg","width":1600,"height":1066},{"@type":"BreadcrumbList","@id":"https:\/\/fuentesfidedignas.com.mx\/index.php\/2024\/06\/02\/la-falacia-del-bien-y-el-mal-repensando-los-mitos-en-la-politica\/#breadcrumb","itemListElement":[{"@type":"ListItem","position":1,"name":"Inicio","item":"https:\/\/fuentesfidedignas.com.mx\/"},{"@type":"ListItem","position":2,"name":"La falacia del bien y el mal, repensando los mitos en la pol\u00edtica"}]},{"@type":"WebSite","@id":"https:\/\/fuentesfidedignas.com.mx\/#website","url":"https:\/\/fuentesfidedignas.com.mx\/","name":"Fuentes Fidedignas","description":"Otro sitio realizado con WordPress","publisher":{"@id":"https:\/\/fuentesfidedignas.com.mx\/#organization"},"potentialAction":[{"@type":"SearchAction","target":{"@type":"EntryPoint","urlTemplate":"https:\/\/fuentesfidedignas.com.mx\/?s={search_term_string}"},"query-input":{"@type":"PropertyValueSpecification","valueRequired":true,"valueName":"search_term_string"}}],"inLanguage":"es"},{"@type":"Organization","@id":"https:\/\/fuentesfidedignas.com.mx\/#organization","name":"Fuentes Fidedignas","url":"https:\/\/fuentesfidedignas.com.mx\/","logo":{"@type":"ImageObject","inLanguage":"es","@id":"https:\/\/fuentesfidedignas.com.mx\/#\/schema\/logo\/image\/","url":"https:\/\/fuentesfidedignas.com.mx\/wp-content\/uploads\/2021\/04\/logo-retina.png","contentUrl":"https:\/\/fuentesfidedignas.com.mx\/wp-content\/uploads\/2021\/04\/logo-retina.png","width":280,"height":51,"caption":"Fuentes Fidedignas"},"image":{"@id":"https:\/\/fuentesfidedignas.com.mx\/#\/schema\/logo\/image\/"},"sameAs":["https:\/\/www.facebook.com\/Fuentes-Fidedignas-368234489921644","https:\/\/x.com\/fidedignas"]},{"@type":"Person","@id":"https:\/\/fuentesfidedignas.com.mx\/#\/schema\/person\/3f687c55082c557a647c7836bde45728","name":"Mtro. Horacio de Jes\u00fas Malcampo Moreno","image":{"@type":"ImageObject","inLanguage":"es","@id":"https:\/\/secure.gravatar.com\/avatar\/21fd667a5b9de079d383e44390566d4c728a6ce47b9b5e8419c61f1b793461ac?s=96&d=mm&r=g","url":"https:\/\/secure.gravatar.com\/avatar\/21fd667a5b9de079d383e44390566d4c728a6ce47b9b5e8419c61f1b793461ac?s=96&d=mm&r=g","contentUrl":"https:\/\/secure.gravatar.com\/avatar\/21fd667a5b9de079d383e44390566d4c728a6ce47b9b5e8419c61f1b793461ac?s=96&d=mm&r=g","caption":"Mtro. Horacio de Jes\u00fas Malcampo Moreno"},"url":"https:\/\/fuentesfidedignas.com.mx\/index.php\/author\/horacio\/"}]}},"_links":{"self":[{"href":"https:\/\/fuentesfidedignas.com.mx\/index.php\/wp-json\/wp\/v2\/posts\/83080","targetHints":{"allow":["GET"]}}],"collection":[{"href":"https:\/\/fuentesfidedignas.com.mx\/index.php\/wp-json\/wp\/v2\/posts"}],"about":[{"href":"https:\/\/fuentesfidedignas.com.mx\/index.php\/wp-json\/wp\/v2\/types\/post"}],"author":[{"embeddable":true,"href":"https:\/\/fuentesfidedignas.com.mx\/index.php\/wp-json\/wp\/v2\/users\/146"}],"replies":[{"embeddable":true,"href":"https:\/\/fuentesfidedignas.com.mx\/index.php\/wp-json\/wp\/v2\/comments?post=83080"}],"version-history":[{"count":1,"href":"https:\/\/fuentesfidedignas.com.mx\/index.php\/wp-json\/wp\/v2\/posts\/83080\/revisions"}],"predecessor-version":[{"id":83082,"href":"https:\/\/fuentesfidedignas.com.mx\/index.php\/wp-json\/wp\/v2\/posts\/83080\/revisions\/83082"}],"wp:featuredmedia":[{"embeddable":true,"href":"https:\/\/fuentesfidedignas.com.mx\/index.php\/wp-json\/wp\/v2\/media\/83081"}],"wp:attachment":[{"href":"https:\/\/fuentesfidedignas.com.mx\/index.php\/wp-json\/wp\/v2\/media?parent=83080"}],"wp:term":[{"taxonomy":"category","embeddable":true,"href":"https:\/\/fuentesfidedignas.com.mx\/index.php\/wp-json\/wp\/v2\/categories?post=83080"},{"taxonomy":"post_tag","embeddable":true,"href":"https:\/\/fuentesfidedignas.com.mx\/index.php\/wp-json\/wp\/v2\/tags?post=83080"}],"curies":[{"name":"wp","href":"https:\/\/api.w.org\/{rel}","templated":true}]}}