{"id":82910,"date":"2024-05-31T05:03:30","date_gmt":"2024-05-31T12:03:30","guid":{"rendered":"https:\/\/fuentesfidedignas.com.mx\/?p=82910"},"modified":"2024-05-30T19:04:03","modified_gmt":"2024-05-31T02:04:03","slug":"como-es-el-mundial-lgbt-que-une-el-futbol-con-la-diversidad","status":"publish","type":"post","link":"https:\/\/fuentesfidedignas.com.mx\/index.php\/2024\/05\/31\/como-es-el-mundial-lgbt-que-une-el-futbol-con-la-diversidad\/","title":{"rendered":"C\u00f3mo es el Mundial LGBT que une el f\u00fatbol con la diversidad"},"content":{"rendered":"\n<p><strong><em>El World Championship Buenos Aires 2024 ser\u00e1 la vig\u00e9simoquinta edici\u00f3n del Mundial que se disputa cada dos a\u00f1os desde 1992 en diversas ciudades en todo el mundo<\/em><\/strong><\/p>\n\n\n\n<p>Con el objetivo de visibilizar la comunidad LGBT y su lucha contra la discriminaci\u00f3n en el f\u00fatbol, del 3 al 9 de noviembre se llevar\u00e1 a cabo en Buenos Aires una nueva edici\u00f3n del World Championship organizado por la Internacional Gays and Lesbian Football Asociation (IGLFA) y Los Dogos, con la cooperaci\u00f3n de la Asociaci\u00f3n del F\u00fatbol Argentino.<\/p>\n\n\n\n<p>La competencia cuenta con el apoyo de la AFA y su presidente, Claudio Tapia, quien considera al f\u00fatbol como un deporte que promueve la diversidad en todos sus aspectos. En este acompa\u00f1amiento, la AFA puso a disposici\u00f3n, siempre que las fechas FIFA lo permitan, el Predio Lionel Andr\u00e9s Messi para desarrollar parte de la competencia, como as\u00ed tambi\u00e9n llevar adelante las instancias definitorias -semifinales y finales- en estadios de Clubes de Primera Divisi\u00f3n.<\/p>\n\n\n\n<p>El World Championship Buenos Aires 2024 ser\u00e1 la vig\u00e9simoquinta edici\u00f3n del Mundial que se disputa cada dos a\u00f1os desde 1992 en diversas ciudades en todo el mundo y por segunda vez se desarrollar\u00e1 en Buenos Aires tras su realizaci\u00f3n en 2007. En 2022 se disput\u00f3 en Australia con participaci\u00f3n de 22 equipos de Estados Unidos, Canad\u00e1, Inglaterra, M\u00e9xico, Italia, Espa\u00f1a, entre otros, y buscar\u00e1 alcanzar los 56 participantes de Francia 2018.<\/p>\n\n\n\n<p>El certamen es amateur y los equipos se clasificar\u00e1n por categor\u00edas seg\u00fan el nivel de cada instituci\u00f3n -que deber\u00e1 estar afiliada a la IGLFA- y condiciones que mejor le siente para competir.<\/p>\n\n\n\n<p>Los Dogos es el primer equipo argentino de diversidad sexual que presenta equipos de f\u00fatbol y varias disciplinas que, desde 1997, trabaja para visibilizar la lucha contra la discriminaci\u00f3n machista en el deporte. Claudio Blanco es el coordinador de f\u00fatbol 11 de la Instituci\u00f3n, que fue campeona en 2007, y ser\u00e1 la cara visible de la organizaci\u00f3n del evento junto a la consultora deportiva Pontibus Sports.<\/p>\n\n\n\n<p>\u201cEn este World Championship 2024 buscamos transmitir valores, sobre todo la no discriminaci\u00f3n hacia el colectivo y el odio que se genera no solamente en gays sino tambi\u00e9n a la comunidad trans\u201d, asegur\u00f3 Blanco.<\/p>\n\n\n\n<p>Los equipos que deseen participar deber\u00e1n inscribirse a trav\u00e9s del sitio web <a href=\"http:\/\/www.buenosairesiglfa2024.com\">www.buenosairesiglfa2024.com<\/a> y tiene un valor de 170 d\u00f3lares por jugador. Sin embargo, quienes no puedan abonar el monto indicado, no ser\u00e1 un impedimento para participar del evento y podr\u00e1n contactarse con los organizadores y dialogarlo.<\/p>\n","protected":false},"excerpt":{"rendered":"<p>El World Championship Buenos Aires 2024 ser\u00e1 la vig\u00e9simoquinta edici\u00f3n del Mundial que se disputa cada dos a\u00f1os desde 1992 en diversas ciudades en todo el mundo Con el objetivo de visibilizar la comunidad LGBT y su lucha contra la discriminaci\u00f3n en el f\u00fatbol, del 3 al 9 de noviembre se llevar\u00e1 a cabo en [&hellip;]<\/p>\n","protected":false},"author":165,"featured_media":82911,"comment_status":"open","ping_status":"open","sticky":false,"template":"","format":"standard","meta":{"tdm_status":"","tdm_grid_status":"","footnotes":""},"categories":[35,36],"tags":[],"class_list":{"0":"post-82910","1":"post","2":"type-post","3":"status-publish","4":"format-standard","5":"has-post-thumbnail","7":"category-amor-es-amor","8":"category-semanales"},"yoast_head":"<!-- This site is optimized with the Yoast SEO plugin v27.4 - https:\/\/yoast.com\/product\/yoast-seo-wordpress\/ -->\n<title>C\u00f3mo es el Mundial LGBT que une el f\u00fatbol con la diversidad - Fuentes Fidedignas<\/title>\n<meta name=\"robots\" content=\"index, follow, max-snippet:-1, max-image-preview:large, max-video-preview:-1\" \/>\n<link rel=\"canonical\" href=\"https:\/\/fuentesfidedignas.com.mx\/index.php\/2024\/05\/31\/como-es-el-mundial-lgbt-que-une-el-futbol-con-la-diversidad\/\" \/>\n<meta property=\"og:locale\" content=\"es_MX\" \/>\n<meta property=\"og:type\" content=\"article\" \/>\n<meta property=\"og:title\" content=\"C\u00f3mo es el Mundial LGBT que une el f\u00fatbol con la diversidad - Fuentes Fidedignas\" \/>\n<meta property=\"og:description\" content=\"El World Championship Buenos Aires 2024 ser\u00e1 la vig\u00e9simoquinta edici\u00f3n del Mundial que se disputa cada dos a\u00f1os desde 1992 en diversas ciudades en todo el mundo Con el objetivo de visibilizar la comunidad LGBT y su lucha contra la discriminaci\u00f3n en el f\u00fatbol, del 3 al 9 de noviembre se llevar\u00e1 a cabo en [&hellip;]\" \/>\n<meta property=\"og:url\" content=\"https:\/\/fuentesfidedignas.com.mx\/index.php\/2024\/05\/31\/como-es-el-mundial-lgbt-que-une-el-futbol-con-la-diversidad\/\" \/>\n<meta property=\"og:site_name\" content=\"Fuentes Fidedignas\" \/>\n<meta property=\"article:publisher\" content=\"https:\/\/www.facebook.com\/Fuentes-Fidedignas-368234489921644\" \/>\n<meta property=\"article:published_time\" content=\"2024-05-31T12:03:30+00:00\" \/>\n<meta property=\"og:image\" content=\"https:\/\/fuentesfidedignas.com.mx\/wp-content\/uploads\/2024\/05\/fut-lgbt.jpg\" \/>\n\t<meta property=\"og:image:width\" content=\"650\" \/>\n\t<meta property=\"og:image:height\" content=\"477\" \/>\n\t<meta property=\"og:image:type\" content=\"image\/jpeg\" \/>\n<meta name=\"author\" content=\"Marketing Registrado\" \/>\n<meta name=\"twitter:card\" content=\"summary_large_image\" \/>\n<meta name=\"twitter:creator\" content=\"@fidedignas\" \/>\n<meta name=\"twitter:site\" content=\"@fidedignas\" \/>\n<meta name=\"twitter:label1\" content=\"Escrito por\" \/>\n\t<meta name=\"twitter:data1\" content=\"Marketing Registrado\" \/>\n\t<meta name=\"twitter:label2\" content=\"Tiempo de lectura\" \/>\n\t<meta name=\"twitter:data2\" content=\"3 minutos\" \/>\n<script type=\"application\/ld+json\" class=\"yoast-schema-graph\">{\"@context\":\"https:\\\/\\\/schema.org\",\"@graph\":[{\"@type\":\"Article\",\"@id\":\"https:\\\/\\\/fuentesfidedignas.com.mx\\\/index.php\\\/2024\\\/05\\\/31\\\/como-es-el-mundial-lgbt-que-une-el-futbol-con-la-diversidad\\\/#article\",\"isPartOf\":{\"@id\":\"https:\\\/\\\/fuentesfidedignas.com.mx\\\/index.php\\\/2024\\\/05\\\/31\\\/como-es-el-mundial-lgbt-que-une-el-futbol-con-la-diversidad\\\/\"},\"author\":{\"name\":\"Marketing Registrado\",\"@id\":\"https:\\\/\\\/fuentesfidedignas.com.mx\\\/#\\\/schema\\\/person\\\/67631bb44b9a0076071613fac2578650\"},\"headline\":\"C\u00f3mo es el Mundial LGBT que une el f\u00fatbol con la diversidad\",\"datePublished\":\"2024-05-31T12:03:30+00:00\",\"mainEntityOfPage\":{\"@id\":\"https:\\\/\\\/fuentesfidedignas.com.mx\\\/index.php\\\/2024\\\/05\\\/31\\\/como-es-el-mundial-lgbt-que-une-el-futbol-con-la-diversidad\\\/\"},\"wordCount\":445,\"commentCount\":0,\"publisher\":{\"@id\":\"https:\\\/\\\/fuentesfidedignas.com.mx\\\/#organization\"},\"image\":{\"@id\":\"https:\\\/\\\/fuentesfidedignas.com.mx\\\/index.php\\\/2024\\\/05\\\/31\\\/como-es-el-mundial-lgbt-que-une-el-futbol-con-la-diversidad\\\/#primaryimage\"},\"thumbnailUrl\":\"https:\\\/\\\/fuentesfidedignas.com.mx\\\/wp-content\\\/uploads\\\/2024\\\/05\\\/fut-lgbt.jpg\",\"articleSection\":[\"AMOR ES AMOR\",\"SEMANALES\"],\"inLanguage\":\"es\",\"potentialAction\":[{\"@type\":\"CommentAction\",\"name\":\"Comment\",\"target\":[\"https:\\\/\\\/fuentesfidedignas.com.mx\\\/index.php\\\/2024\\\/05\\\/31\\\/como-es-el-mundial-lgbt-que-une-el-futbol-con-la-diversidad\\\/#respond\"]}]},{\"@type\":\"WebPage\",\"@id\":\"https:\\\/\\\/fuentesfidedignas.com.mx\\\/index.php\\\/2024\\\/05\\\/31\\\/como-es-el-mundial-lgbt-que-une-el-futbol-con-la-diversidad\\\/\",\"url\":\"https:\\\/\\\/fuentesfidedignas.com.mx\\\/index.php\\\/2024\\\/05\\\/31\\\/como-es-el-mundial-lgbt-que-une-el-futbol-con-la-diversidad\\\/\",\"name\":\"C\u00f3mo es el Mundial LGBT que une el f\u00fatbol con la diversidad - Fuentes Fidedignas\",\"isPartOf\":{\"@id\":\"https:\\\/\\\/fuentesfidedignas.com.mx\\\/#website\"},\"primaryImageOfPage\":{\"@id\":\"https:\\\/\\\/fuentesfidedignas.com.mx\\\/index.php\\\/2024\\\/05\\\/31\\\/como-es-el-mundial-lgbt-que-une-el-futbol-con-la-diversidad\\\/#primaryimage\"},\"image\":{\"@id\":\"https:\\\/\\\/fuentesfidedignas.com.mx\\\/index.php\\\/2024\\\/05\\\/31\\\/como-es-el-mundial-lgbt-que-une-el-futbol-con-la-diversidad\\\/#primaryimage\"},\"thumbnailUrl\":\"https:\\\/\\\/fuentesfidedignas.com.mx\\\/wp-content\\\/uploads\\\/2024\\\/05\\\/fut-lgbt.jpg\",\"datePublished\":\"2024-05-31T12:03:30+00:00\",\"breadcrumb\":{\"@id\":\"https:\\\/\\\/fuentesfidedignas.com.mx\\\/index.php\\\/2024\\\/05\\\/31\\\/como-es-el-mundial-lgbt-que-une-el-futbol-con-la-diversidad\\\/#breadcrumb\"},\"inLanguage\":\"es\",\"potentialAction\":[{\"@type\":\"ReadAction\",\"target\":[\"https:\\\/\\\/fuentesfidedignas.com.mx\\\/index.php\\\/2024\\\/05\\\/31\\\/como-es-el-mundial-lgbt-que-une-el-futbol-con-la-diversidad\\\/\"]}]},{\"@type\":\"ImageObject\",\"inLanguage\":\"es\",\"@id\":\"https:\\\/\\\/fuentesfidedignas.com.mx\\\/index.php\\\/2024\\\/05\\\/31\\\/como-es-el-mundial-lgbt-que-une-el-futbol-con-la-diversidad\\\/#primaryimage\",\"url\":\"https:\\\/\\\/fuentesfidedignas.com.mx\\\/wp-content\\\/uploads\\\/2024\\\/05\\\/fut-lgbt.jpg\",\"contentUrl\":\"https:\\\/\\\/fuentesfidedignas.com.mx\\\/wp-content\\\/uploads\\\/2024\\\/05\\\/fut-lgbt.jpg\",\"width\":650,\"height\":477},{\"@type\":\"BreadcrumbList\",\"@id\":\"https:\\\/\\\/fuentesfidedignas.com.mx\\\/index.php\\\/2024\\\/05\\\/31\\\/como-es-el-mundial-lgbt-que-une-el-futbol-con-la-diversidad\\\/#breadcrumb\",\"itemListElement\":[{\"@type\":\"ListItem\",\"position\":1,\"name\":\"Inicio\",\"item\":\"https:\\\/\\\/fuentesfidedignas.com.mx\\\/\"},{\"@type\":\"ListItem\",\"position\":2,\"name\":\"C\u00f3mo es el Mundial LGBT que une el f\u00fatbol con la diversidad\"}]},{\"@type\":\"WebSite\",\"@id\":\"https:\\\/\\\/fuentesfidedignas.com.mx\\\/#website\",\"url\":\"https:\\\/\\\/fuentesfidedignas.com.mx\\\/\",\"name\":\"Fuentes Fidedignas\",\"description\":\"Otro sitio realizado con WordPress\",\"publisher\":{\"@id\":\"https:\\\/\\\/fuentesfidedignas.com.mx\\\/#organization\"},\"potentialAction\":[{\"@type\":\"SearchAction\",\"target\":{\"@type\":\"EntryPoint\",\"urlTemplate\":\"https:\\\/\\\/fuentesfidedignas.com.mx\\\/?s={search_term_string}\"},\"query-input\":{\"@type\":\"PropertyValueSpecification\",\"valueRequired\":true,\"valueName\":\"search_term_string\"}}],\"inLanguage\":\"es\"},{\"@type\":\"Organization\",\"@id\":\"https:\\\/\\\/fuentesfidedignas.com.mx\\\/#organization\",\"name\":\"Fuentes Fidedignas\",\"url\":\"https:\\\/\\\/fuentesfidedignas.com.mx\\\/\",\"logo\":{\"@type\":\"ImageObject\",\"inLanguage\":\"es\",\"@id\":\"https:\\\/\\\/fuentesfidedignas.com.mx\\\/#\\\/schema\\\/logo\\\/image\\\/\",\"url\":\"https:\\\/\\\/fuentesfidedignas.com.mx\\\/wp-content\\\/uploads\\\/2021\\\/04\\\/logo-retina.png\",\"contentUrl\":\"https:\\\/\\\/fuentesfidedignas.com.mx\\\/wp-content\\\/uploads\\\/2021\\\/04\\\/logo-retina.png\",\"width\":280,\"height\":51,\"caption\":\"Fuentes Fidedignas\"},\"image\":{\"@id\":\"https:\\\/\\\/fuentesfidedignas.com.mx\\\/#\\\/schema\\\/logo\\\/image\\\/\"},\"sameAs\":[\"https:\\\/\\\/www.facebook.com\\\/Fuentes-Fidedignas-368234489921644\",\"https:\\\/\\\/x.com\\\/fidedignas\"]},{\"@type\":\"Person\",\"@id\":\"https:\\\/\\\/fuentesfidedignas.com.mx\\\/#\\\/schema\\\/person\\\/67631bb44b9a0076071613fac2578650\",\"name\":\"Marketing Registrado\",\"image\":{\"@type\":\"ImageObject\",\"inLanguage\":\"es\",\"@id\":\"https:\\\/\\\/secure.gravatar.com\\\/avatar\\\/173bf11d09dceb6a59495336dcc2b3c563a23da40d9211bb9a6f3b718d0fd2f2?s=96&d=mm&r=g\",\"url\":\"https:\\\/\\\/secure.gravatar.com\\\/avatar\\\/173bf11d09dceb6a59495336dcc2b3c563a23da40d9211bb9a6f3b718d0fd2f2?s=96&d=mm&r=g\",\"contentUrl\":\"https:\\\/\\\/secure.gravatar.com\\\/avatar\\\/173bf11d09dceb6a59495336dcc2b3c563a23da40d9211bb9a6f3b718d0fd2f2?s=96&d=mm&r=g\",\"caption\":\"Marketing Registrado\"},\"url\":\"https:\\\/\\\/fuentesfidedignas.com.mx\\\/index.php\\\/author\\\/marketing\\\/\"}]}<\/script>\n<!-- \/ Yoast SEO plugin. -->","yoast_head_json":{"title":"C\u00f3mo es el Mundial LGBT que une el f\u00fatbol con la diversidad - Fuentes Fidedignas","robots":{"index":"index","follow":"follow","max-snippet":"max-snippet:-1","max-image-preview":"max-image-preview:large","max-video-preview":"max-video-preview:-1"},"canonical":"https:\/\/fuentesfidedignas.com.mx\/index.php\/2024\/05\/31\/como-es-el-mundial-lgbt-que-une-el-futbol-con-la-diversidad\/","og_locale":"es_MX","og_type":"article","og_title":"C\u00f3mo es el Mundial LGBT que une el f\u00fatbol con la diversidad - Fuentes Fidedignas","og_description":"El World Championship Buenos Aires 2024 ser\u00e1 la vig\u00e9simoquinta edici\u00f3n del Mundial que se disputa cada dos a\u00f1os desde 1992 en diversas ciudades en todo el mundo Con el objetivo de visibilizar la comunidad LGBT y su lucha contra la discriminaci\u00f3n en el f\u00fatbol, del 3 al 9 de noviembre se llevar\u00e1 a cabo en [&hellip;]","og_url":"https:\/\/fuentesfidedignas.com.mx\/index.php\/2024\/05\/31\/como-es-el-mundial-lgbt-que-une-el-futbol-con-la-diversidad\/","og_site_name":"Fuentes Fidedignas","article_publisher":"https:\/\/www.facebook.com\/Fuentes-Fidedignas-368234489921644","article_published_time":"2024-05-31T12:03:30+00:00","og_image":[{"width":650,"height":477,"url":"https:\/\/fuentesfidedignas.com.mx\/wp-content\/uploads\/2024\/05\/fut-lgbt.jpg","type":"image\/jpeg"}],"author":"Marketing Registrado","twitter_card":"summary_large_image","twitter_creator":"@fidedignas","twitter_site":"@fidedignas","twitter_misc":{"Escrito por":"Marketing Registrado","Tiempo de lectura":"3 minutos"},"schema":{"@context":"https:\/\/schema.org","@graph":[{"@type":"Article","@id":"https:\/\/fuentesfidedignas.com.mx\/index.php\/2024\/05\/31\/como-es-el-mundial-lgbt-que-une-el-futbol-con-la-diversidad\/#article","isPartOf":{"@id":"https:\/\/fuentesfidedignas.com.mx\/index.php\/2024\/05\/31\/como-es-el-mundial-lgbt-que-une-el-futbol-con-la-diversidad\/"},"author":{"name":"Marketing Registrado","@id":"https:\/\/fuentesfidedignas.com.mx\/#\/schema\/person\/67631bb44b9a0076071613fac2578650"},"headline":"C\u00f3mo es el Mundial LGBT que une el f\u00fatbol con la diversidad","datePublished":"2024-05-31T12:03:30+00:00","mainEntityOfPage":{"@id":"https:\/\/fuentesfidedignas.com.mx\/index.php\/2024\/05\/31\/como-es-el-mundial-lgbt-que-une-el-futbol-con-la-diversidad\/"},"wordCount":445,"commentCount":0,"publisher":{"@id":"https:\/\/fuentesfidedignas.com.mx\/#organization"},"image":{"@id":"https:\/\/fuentesfidedignas.com.mx\/index.php\/2024\/05\/31\/como-es-el-mundial-lgbt-que-une-el-futbol-con-la-diversidad\/#primaryimage"},"thumbnailUrl":"https:\/\/fuentesfidedignas.com.mx\/wp-content\/uploads\/2024\/05\/fut-lgbt.jpg","articleSection":["AMOR ES AMOR","SEMANALES"],"inLanguage":"es","potentialAction":[{"@type":"CommentAction","name":"Comment","target":["https:\/\/fuentesfidedignas.com.mx\/index.php\/2024\/05\/31\/como-es-el-mundial-lgbt-que-une-el-futbol-con-la-diversidad\/#respond"]}]},{"@type":"WebPage","@id":"https:\/\/fuentesfidedignas.com.mx\/index.php\/2024\/05\/31\/como-es-el-mundial-lgbt-que-une-el-futbol-con-la-diversidad\/","url":"https:\/\/fuentesfidedignas.com.mx\/index.php\/2024\/05\/31\/como-es-el-mundial-lgbt-que-une-el-futbol-con-la-diversidad\/","name":"C\u00f3mo es el Mundial LGBT que une el f\u00fatbol con la diversidad - Fuentes Fidedignas","isPartOf":{"@id":"https:\/\/fuentesfidedignas.com.mx\/#website"},"primaryImageOfPage":{"@id":"https:\/\/fuentesfidedignas.com.mx\/index.php\/2024\/05\/31\/como-es-el-mundial-lgbt-que-une-el-futbol-con-la-diversidad\/#primaryimage"},"image":{"@id":"https:\/\/fuentesfidedignas.com.mx\/index.php\/2024\/05\/31\/como-es-el-mundial-lgbt-que-une-el-futbol-con-la-diversidad\/#primaryimage"},"thumbnailUrl":"https:\/\/fuentesfidedignas.com.mx\/wp-content\/uploads\/2024\/05\/fut-lgbt.jpg","datePublished":"2024-05-31T12:03:30+00:00","breadcrumb":{"@id":"https:\/\/fuentesfidedignas.com.mx\/index.php\/2024\/05\/31\/como-es-el-mundial-lgbt-que-une-el-futbol-con-la-diversidad\/#breadcrumb"},"inLanguage":"es","potentialAction":[{"@type":"ReadAction","target":["https:\/\/fuentesfidedignas.com.mx\/index.php\/2024\/05\/31\/como-es-el-mundial-lgbt-que-une-el-futbol-con-la-diversidad\/"]}]},{"@type":"ImageObject","inLanguage":"es","@id":"https:\/\/fuentesfidedignas.com.mx\/index.php\/2024\/05\/31\/como-es-el-mundial-lgbt-que-une-el-futbol-con-la-diversidad\/#primaryimage","url":"https:\/\/fuentesfidedignas.com.mx\/wp-content\/uploads\/2024\/05\/fut-lgbt.jpg","contentUrl":"https:\/\/fuentesfidedignas.com.mx\/wp-content\/uploads\/2024\/05\/fut-lgbt.jpg","width":650,"height":477},{"@type":"BreadcrumbList","@id":"https:\/\/fuentesfidedignas.com.mx\/index.php\/2024\/05\/31\/como-es-el-mundial-lgbt-que-une-el-futbol-con-la-diversidad\/#breadcrumb","itemListElement":[{"@type":"ListItem","position":1,"name":"Inicio","item":"https:\/\/fuentesfidedignas.com.mx\/"},{"@type":"ListItem","position":2,"name":"C\u00f3mo es el Mundial LGBT que une el f\u00fatbol con la diversidad"}]},{"@type":"WebSite","@id":"https:\/\/fuentesfidedignas.com.mx\/#website","url":"https:\/\/fuentesfidedignas.com.mx\/","name":"Fuentes Fidedignas","description":"Otro sitio realizado con WordPress","publisher":{"@id":"https:\/\/fuentesfidedignas.com.mx\/#organization"},"potentialAction":[{"@type":"SearchAction","target":{"@type":"EntryPoint","urlTemplate":"https:\/\/fuentesfidedignas.com.mx\/?s={search_term_string}"},"query-input":{"@type":"PropertyValueSpecification","valueRequired":true,"valueName":"search_term_string"}}],"inLanguage":"es"},{"@type":"Organization","@id":"https:\/\/fuentesfidedignas.com.mx\/#organization","name":"Fuentes Fidedignas","url":"https:\/\/fuentesfidedignas.com.mx\/","logo":{"@type":"ImageObject","inLanguage":"es","@id":"https:\/\/fuentesfidedignas.com.mx\/#\/schema\/logo\/image\/","url":"https:\/\/fuentesfidedignas.com.mx\/wp-content\/uploads\/2021\/04\/logo-retina.png","contentUrl":"https:\/\/fuentesfidedignas.com.mx\/wp-content\/uploads\/2021\/04\/logo-retina.png","width":280,"height":51,"caption":"Fuentes Fidedignas"},"image":{"@id":"https:\/\/fuentesfidedignas.com.mx\/#\/schema\/logo\/image\/"},"sameAs":["https:\/\/www.facebook.com\/Fuentes-Fidedignas-368234489921644","https:\/\/x.com\/fidedignas"]},{"@type":"Person","@id":"https:\/\/fuentesfidedignas.com.mx\/#\/schema\/person\/67631bb44b9a0076071613fac2578650","name":"Marketing Registrado","image":{"@type":"ImageObject","inLanguage":"es","@id":"https:\/\/secure.gravatar.com\/avatar\/173bf11d09dceb6a59495336dcc2b3c563a23da40d9211bb9a6f3b718d0fd2f2?s=96&d=mm&r=g","url":"https:\/\/secure.gravatar.com\/avatar\/173bf11d09dceb6a59495336dcc2b3c563a23da40d9211bb9a6f3b718d0fd2f2?s=96&d=mm&r=g","contentUrl":"https:\/\/secure.gravatar.com\/avatar\/173bf11d09dceb6a59495336dcc2b3c563a23da40d9211bb9a6f3b718d0fd2f2?s=96&d=mm&r=g","caption":"Marketing Registrado"},"url":"https:\/\/fuentesfidedignas.com.mx\/index.php\/author\/marketing\/"}]}},"_links":{"self":[{"href":"https:\/\/fuentesfidedignas.com.mx\/index.php\/wp-json\/wp\/v2\/posts\/82910","targetHints":{"allow":["GET"]}}],"collection":[{"href":"https:\/\/fuentesfidedignas.com.mx\/index.php\/wp-json\/wp\/v2\/posts"}],"about":[{"href":"https:\/\/fuentesfidedignas.com.mx\/index.php\/wp-json\/wp\/v2\/types\/post"}],"author":[{"embeddable":true,"href":"https:\/\/fuentesfidedignas.com.mx\/index.php\/wp-json\/wp\/v2\/users\/165"}],"replies":[{"embeddable":true,"href":"https:\/\/fuentesfidedignas.com.mx\/index.php\/wp-json\/wp\/v2\/comments?post=82910"}],"version-history":[{"count":1,"href":"https:\/\/fuentesfidedignas.com.mx\/index.php\/wp-json\/wp\/v2\/posts\/82910\/revisions"}],"predecessor-version":[{"id":82912,"href":"https:\/\/fuentesfidedignas.com.mx\/index.php\/wp-json\/wp\/v2\/posts\/82910\/revisions\/82912"}],"wp:featuredmedia":[{"embeddable":true,"href":"https:\/\/fuentesfidedignas.com.mx\/index.php\/wp-json\/wp\/v2\/media\/82911"}],"wp:attachment":[{"href":"https:\/\/fuentesfidedignas.com.mx\/index.php\/wp-json\/wp\/v2\/media?parent=82910"}],"wp:term":[{"taxonomy":"category","embeddable":true,"href":"https:\/\/fuentesfidedignas.com.mx\/index.php\/wp-json\/wp\/v2\/categories?post=82910"},{"taxonomy":"post_tag","embeddable":true,"href":"https:\/\/fuentesfidedignas.com.mx\/index.php\/wp-json\/wp\/v2\/tags?post=82910"}],"curies":[{"name":"wp","href":"https:\/\/api.w.org\/{rel}","templated":true}]}}