{"id":82901,"date":"2024-05-30T18:08:13","date_gmt":"2024-05-31T01:08:13","guid":{"rendered":"https:\/\/fuentesfidedignas.com.mx\/?p=82901"},"modified":"2024-05-30T18:08:13","modified_gmt":"2024-05-31T01:08:13","slug":"el-nini-se-declara-no-culpable-de-narcotrafico-asesinato-y-secuestro-en-corte-de-nueva-york","status":"publish","type":"post","link":"https:\/\/fuentesfidedignas.com.mx\/index.php\/2024\/05\/30\/el-nini-se-declara-no-culpable-de-narcotrafico-asesinato-y-secuestro-en-corte-de-nueva-york\/","title":{"rendered":"&#8216;El Nini&#8217; se declara no culpable de narcotr\u00e1fico, asesinato y secuestro en corte de Nueva York"},"content":{"rendered":"\n<p><strong><em>Durante su juicio en Estados Unidos, el presunto jefe de seguridad de Los Chapitos neg\u00f3 los cargos por lo que lo acusan.<\/em><\/strong><\/p>\n\n\n\n<p>El presunto jefe de seguridad del cartel de Sinaloa, N\u00e9stor Isidro P\u00e9rez Salas, El Nini, se declar\u00f3, el jueves 30 de mayo, no culpable de narcotr\u00e1fico, asesinato, secuestro, armas de fuego y blanqueo de dinero, de los que le acusa Estados Unidos, en una audiencia en la ciudad de Nueva York.<\/p>\n\n\n\n<p>El Nini, que fue extraditado el pasado s\u00e1bado desde M\u00e9xico\u00a0\u2014seis meses despu\u00e9s de su arresto en ese pa\u00eds\u2014\u00a0entr\u00f3 a la sala del juzgado pocos minutos antes de las 15:00 horas (19:00 GMT) en que estaba prevista su audiencia, acompa\u00f1ado de alguaciles, con sus manos encadenadas a su cintura y cadenas en sus pies, lo que limitaba su movimiento.<\/p>\n\n\n\n<p>Al entrar a la sala\u00a0\u2014vestido con el uniforme de la prisi\u00f3n, pantal\u00f3n caqui y camisa verde claro\u2014\u00a0se detuvo frente a sus hermanas, que estaban en la segunda l\u00ednea de asientos, y una de ellas le lanz\u00f3 un beso y le dijo &#8220;el dinero est\u00e1 depositado&#8221;, tras lo cual intercambiaron algunas frases.<\/p>\n\n\n\n<p>A preguntas de EFE sobre su v\u00ednculo con el acusado, la joven no quiso hablar, aunque admiti\u00f3 que guardaban relaci\u00f3n, a lo que posteriormente se supo, son hermanos.<\/p>\n\n\n\n<p>&#8220;Pap\u00e1 y mam\u00e1 te aman&#8221;, dijo luego una de sus dos hermanas desde el asiento que ocupaban en una sala de la corte federal para el distrito sur de Nueva York, donde ser\u00e1 juzgado el mexicano, a lo que P\u00e9rez contest\u00f3: &#8220;yo tambi\u00e9n, diles que estoy bien&#8221;, y no pudo evitar que las l\u00e1grimas se asomaran mientras un alguacil volv\u00eda a encadenar sus manos.<\/p>\n\n\n\n<p>El acusado, uno de los m\u00e1s buscados por Estados Unidos, que ofrec\u00eda una recompensa de 3 millones de d\u00f3lares (unos 2.77 millones de euros) por su captura, se sent\u00f3 junto al abogado asignado por la corte, quien a trav\u00e9s de la int\u00e9rprete, convers\u00f3 con su cliente unos minutos.<\/p>\n\n\n\n<p>Los cargos contra el mexicano, considerado uno de los altos dirigentes de la seguridad de Los Chapitos, hijos del capo Joaqu\u00edn Guzm\u00e1n Loera, El Chapo (el fundador del cartel de Sinaloa que cumple cadena perpetua en Estados Unidos), est\u00e1n contenidos en dos expedientes y parte de esa informaci\u00f3n est\u00e1 sellada, seg\u00fan indic\u00f3 la jueza Katherine Polk Failla, quien presidi\u00f3 la audiencia.<\/p>\n\n\n\n<p>La magistrada le pregunt\u00f3 si le hab\u00edan entregado copia de la acusaci\u00f3n en espa\u00f1ol y si la hab\u00eda le\u00eddo, a lo que contest\u00f3 que \u201cs\u00ed\u201d; mientras que el acusado rechaz\u00f3 que le leyeran los cargos que ya conoc\u00eda y ante la pregunta de rigor, se declar\u00f3 no culpable.<\/p>\n\n\n\n<p><strong>\u00bfDe qu\u00e9 acusan a &#8216;El Nini&#8217;?<\/strong><br>De acuerdo a la amplia acusaci\u00f3n, en octubre de 2023, (P\u00e9rez Salas) junto a otros sicarios que actuaban bajo sus directrices, secuestraron a un informante de la Agencia Antidrogas de Estados Unidos (DEA, por sus siglas en ingl\u00e9s)\u00a0y a otras 10 personas en M\u00e9xico, incluido un ciudadano estadounidense, que \u00e9l pensaba trabajaban para una fuente confidencial o estaban relacionados con ella.<\/p>\n\n\n\n<p>El Nini y sus sicarios fueron acusados de matar a ocho de las 10 personas, incluido el informante de la DEA y a un ni\u00f1o de 13 a\u00f1os, seg\u00fan la acusaci\u00f3n, que indica adem\u00e1s que tambi\u00e9n import\u00f3 y trafic\u00f3 fentanilo.<\/p>\n\n\n\n<p>Sus cargos incluyen adem\u00e1s obstrucci\u00f3n a la justicia mediante el asesinato del informante, secuestro con resultado de la muerte de ocho personas, incluido un menor de edad, armas de fuego y delitos de lavado de dinero.<\/p>\n\n\n\n<p><strong>\u00bfQu\u00e9 pas\u00f3 tras extradici\u00f3n de &#8216;El Nini&#8217;?<\/strong><\/p>\n\n\n\n<p><strong>Otros cargos por los que acusan a &#8216;El Nini&#8217;:\u00a0<\/strong><\/p>\n\n\n\n<ol class=\"wp-block-list\">\n<li>Participar en una empresa criminal continua con resultado de muerte, que conlleva un m\u00ednimo obligatorio de cadena perpetua.<\/li>\n\n\n\n<li>Conspirar para importar fentanilo a los Estados Unidos, lo que conlleva una pena m\u00ednima obligatoria de 10 a\u00f1os de prisi\u00f3n y una pena m\u00e1xima de cadena perpetua.<\/li>\n\n\n\n<li>Conspirar para distribuir y poseer con la intenci\u00f3n de distribuir fentanilo, que conlleva una pena m\u00ednima obligatoria de 10 a\u00f1os de prisi\u00f3n y una pena m\u00e1xima de cadena perpetua.<\/li>\n\n\n\n<li>Usar, portar y poseer ametralladoras y dispositivos destructivos en relaci\u00f3n con la continua empresa criminal y las conspiraciones de importaci\u00f3n y tr\u00e1fico de fentanilo, que conlleva una pena m\u00ednima obligatoria de 30 a\u00f1os de prisi\u00f3n y una pena m\u00e1xima de cadena perpetua.<\/li>\n\n\n\n<li>Conspirar para usar, portar y poseer ametralladoras y dispositivos destructivos en relaci\u00f3n con la continua empresa criminal y las conspiraciones de importaci\u00f3n y tr\u00e1fico de fentanilo, que conlleva una pena m\u00e1xima de cadena perpetua.<\/li>\n\n\n\n<li>Conspiraci\u00f3n para lavar dinero, que conlleva una pena m\u00e1xima de 20 a\u00f1os de prisi\u00f3n.<\/li>\n\n\n\n<li>Obstrucci\u00f3n de la justicia al tomar represalias contra un informante mediante el asesinato, que conlleva una pena m\u00ednima obligatoria de cadena perpetua.<\/li>\n\n\n\n<li>Conspirar para obstruir la justicia tomando represalias contra un informante mediante el asesinato, que conlleva una pena m\u00ednima obligatoria de cadena perpetua.<\/li>\n\n\n\n<li>Secuestro con resultado de muerte, incluso de un menor, que conlleva una pena m\u00ednima obligatoria de cadena perpetua.<\/li>\n\n\n\n<li>Conspiraci\u00f3n para cometer secuestro con resultado de muerte, incluso de un menor, que conlleva una pena m\u00ednima obligatoria de 20 a\u00f1os de prisi\u00f3n y una pena m\u00e1xima de cadena perpetua.<\/li>\n<\/ol>\n\n\n\n<p><strong>\u00bfCu\u00e1ndo ser\u00e1 la pr\u00f3xima audiencia de &#8216;El Nini&#8217;?<\/strong><\/p>\n\n\n\n<p>Por otra parte, durante la sesi\u00f3n, la jueza fij\u00f3 la pr\u00f3xima audiencia para el 5 de septiembre.<\/p>\n","protected":false},"excerpt":{"rendered":"<p>Durante su juicio en Estados Unidos, el presunto jefe de seguridad de Los Chapitos neg\u00f3 los cargos por lo que lo acusan. El presunto jefe de seguridad del cartel de Sinaloa, N\u00e9stor Isidro P\u00e9rez Salas, El Nini, se declar\u00f3, el jueves 30 de mayo, no culpable de narcotr\u00e1fico, asesinato, secuestro, armas de fuego y blanqueo [&hellip;]<\/p>\n","protected":false},"author":9,"featured_media":66570,"comment_status":"open","ping_status":"open","sticky":false,"template":"","format":"standard","meta":{"tdm_status":"","tdm_grid_status":"","footnotes":""},"categories":[39],"tags":[],"class_list":{"0":"post-82901","1":"post","2":"type-post","3":"status-publish","4":"format-standard","5":"has-post-thumbnail","7":"category-noticias-nacionales"},"yoast_head":"<!-- This site is optimized with the Yoast SEO plugin v27.5 - https:\/\/yoast.com\/product\/yoast-seo-wordpress\/ -->\n<title>&#039;El Nini&#039; se declara no culpable de narcotr\u00e1fico, asesinato y secuestro en corte de Nueva York - Fuentes Fidedignas<\/title>\n<meta name=\"robots\" content=\"index, follow, max-snippet:-1, max-image-preview:large, max-video-preview:-1\" \/>\n<link rel=\"canonical\" href=\"https:\/\/fuentesfidedignas.com.mx\/index.php\/2024\/05\/30\/el-nini-se-declara-no-culpable-de-narcotrafico-asesinato-y-secuestro-en-corte-de-nueva-york\/\" \/>\n<meta property=\"og:locale\" content=\"es_MX\" \/>\n<meta property=\"og:type\" content=\"article\" \/>\n<meta property=\"og:title\" content=\"&#039;El Nini&#039; se declara no culpable de narcotr\u00e1fico, asesinato y secuestro en corte de Nueva York - Fuentes Fidedignas\" \/>\n<meta property=\"og:description\" content=\"Durante su juicio en Estados Unidos, el presunto jefe de seguridad de Los Chapitos neg\u00f3 los cargos por lo que lo acusan. El presunto jefe de seguridad del cartel de Sinaloa, N\u00e9stor Isidro P\u00e9rez Salas, El Nini, se declar\u00f3, el jueves 30 de mayo, no culpable de narcotr\u00e1fico, asesinato, secuestro, armas de fuego y blanqueo [&hellip;]\" \/>\n<meta property=\"og:url\" content=\"https:\/\/fuentesfidedignas.com.mx\/index.php\/2024\/05\/30\/el-nini-se-declara-no-culpable-de-narcotrafico-asesinato-y-secuestro-en-corte-de-nueva-york\/\" \/>\n<meta property=\"og:site_name\" content=\"Fuentes Fidedignas\" \/>\n<meta property=\"article:publisher\" content=\"https:\/\/www.facebook.com\/Fuentes-Fidedignas-368234489921644\" \/>\n<meta property=\"article:published_time\" content=\"2024-05-31T01:08:13+00:00\" \/>\n<meta property=\"og:image\" content=\"https:\/\/fuentesfidedignas.com.mx\/wp-content\/uploads\/2023\/11\/EL_NINI_1.jpg\" \/>\n\t<meta property=\"og:image:width\" content=\"1048\" \/>\n\t<meta property=\"og:image:height\" content=\"592\" \/>\n\t<meta property=\"og:image:type\" content=\"image\/jpeg\" \/>\n<meta name=\"author\" content=\"Milenio\" \/>\n<meta name=\"twitter:card\" content=\"summary_large_image\" \/>\n<meta name=\"twitter:creator\" content=\"@fidedignas\" \/>\n<meta name=\"twitter:site\" content=\"@fidedignas\" \/>\n<meta name=\"twitter:label1\" content=\"Escrito por\" \/>\n\t<meta name=\"twitter:data1\" content=\"Milenio\" \/>\n\t<meta name=\"twitter:label2\" content=\"Tiempo de lectura\" \/>\n\t<meta name=\"twitter:data2\" content=\"5 minutos\" \/>\n<script type=\"application\/ld+json\" class=\"yoast-schema-graph\">{\"@context\":\"https:\\\/\\\/schema.org\",\"@graph\":[{\"@type\":\"Article\",\"@id\":\"https:\\\/\\\/fuentesfidedignas.com.mx\\\/index.php\\\/2024\\\/05\\\/30\\\/el-nini-se-declara-no-culpable-de-narcotrafico-asesinato-y-secuestro-en-corte-de-nueva-york\\\/#article\",\"isPartOf\":{\"@id\":\"https:\\\/\\\/fuentesfidedignas.com.mx\\\/index.php\\\/2024\\\/05\\\/30\\\/el-nini-se-declara-no-culpable-de-narcotrafico-asesinato-y-secuestro-en-corte-de-nueva-york\\\/\"},\"author\":{\"name\":\"Milenio\",\"@id\":\"https:\\\/\\\/fuentesfidedignas.com.mx\\\/#\\\/schema\\\/person\\\/47ec0135738f4b0c7495f06a77a2c976\"},\"headline\":\"&#8216;El Nini&#8217; se declara no culpable de narcotr\u00e1fico, asesinato y secuestro en corte de Nueva York\",\"datePublished\":\"2024-05-31T01:08:13+00:00\",\"mainEntityOfPage\":{\"@id\":\"https:\\\/\\\/fuentesfidedignas.com.mx\\\/index.php\\\/2024\\\/05\\\/30\\\/el-nini-se-declara-no-culpable-de-narcotrafico-asesinato-y-secuestro-en-corte-de-nueva-york\\\/\"},\"wordCount\":962,\"commentCount\":0,\"publisher\":{\"@id\":\"https:\\\/\\\/fuentesfidedignas.com.mx\\\/#organization\"},\"image\":{\"@id\":\"https:\\\/\\\/fuentesfidedignas.com.mx\\\/index.php\\\/2024\\\/05\\\/30\\\/el-nini-se-declara-no-culpable-de-narcotrafico-asesinato-y-secuestro-en-corte-de-nueva-york\\\/#primaryimage\"},\"thumbnailUrl\":\"https:\\\/\\\/fuentesfidedignas.com.mx\\\/wp-content\\\/uploads\\\/2023\\\/11\\\/EL_NINI_1.jpg\",\"articleSection\":[\"NOTICIAS NACIONALES\"],\"inLanguage\":\"es\",\"potentialAction\":[{\"@type\":\"CommentAction\",\"name\":\"Comment\",\"target\":[\"https:\\\/\\\/fuentesfidedignas.com.mx\\\/index.php\\\/2024\\\/05\\\/30\\\/el-nini-se-declara-no-culpable-de-narcotrafico-asesinato-y-secuestro-en-corte-de-nueva-york\\\/#respond\"]}]},{\"@type\":\"WebPage\",\"@id\":\"https:\\\/\\\/fuentesfidedignas.com.mx\\\/index.php\\\/2024\\\/05\\\/30\\\/el-nini-se-declara-no-culpable-de-narcotrafico-asesinato-y-secuestro-en-corte-de-nueva-york\\\/\",\"url\":\"https:\\\/\\\/fuentesfidedignas.com.mx\\\/index.php\\\/2024\\\/05\\\/30\\\/el-nini-se-declara-no-culpable-de-narcotrafico-asesinato-y-secuestro-en-corte-de-nueva-york\\\/\",\"name\":\"'El Nini' se declara no culpable de narcotr\u00e1fico, asesinato y secuestro en corte de Nueva York - Fuentes Fidedignas\",\"isPartOf\":{\"@id\":\"https:\\\/\\\/fuentesfidedignas.com.mx\\\/#website\"},\"primaryImageOfPage\":{\"@id\":\"https:\\\/\\\/fuentesfidedignas.com.mx\\\/index.php\\\/2024\\\/05\\\/30\\\/el-nini-se-declara-no-culpable-de-narcotrafico-asesinato-y-secuestro-en-corte-de-nueva-york\\\/#primaryimage\"},\"image\":{\"@id\":\"https:\\\/\\\/fuentesfidedignas.com.mx\\\/index.php\\\/2024\\\/05\\\/30\\\/el-nini-se-declara-no-culpable-de-narcotrafico-asesinato-y-secuestro-en-corte-de-nueva-york\\\/#primaryimage\"},\"thumbnailUrl\":\"https:\\\/\\\/fuentesfidedignas.com.mx\\\/wp-content\\\/uploads\\\/2023\\\/11\\\/EL_NINI_1.jpg\",\"datePublished\":\"2024-05-31T01:08:13+00:00\",\"breadcrumb\":{\"@id\":\"https:\\\/\\\/fuentesfidedignas.com.mx\\\/index.php\\\/2024\\\/05\\\/30\\\/el-nini-se-declara-no-culpable-de-narcotrafico-asesinato-y-secuestro-en-corte-de-nueva-york\\\/#breadcrumb\"},\"inLanguage\":\"es\",\"potentialAction\":[{\"@type\":\"ReadAction\",\"target\":[\"https:\\\/\\\/fuentesfidedignas.com.mx\\\/index.php\\\/2024\\\/05\\\/30\\\/el-nini-se-declara-no-culpable-de-narcotrafico-asesinato-y-secuestro-en-corte-de-nueva-york\\\/\"]}]},{\"@type\":\"ImageObject\",\"inLanguage\":\"es\",\"@id\":\"https:\\\/\\\/fuentesfidedignas.com.mx\\\/index.php\\\/2024\\\/05\\\/30\\\/el-nini-se-declara-no-culpable-de-narcotrafico-asesinato-y-secuestro-en-corte-de-nueva-york\\\/#primaryimage\",\"url\":\"https:\\\/\\\/fuentesfidedignas.com.mx\\\/wp-content\\\/uploads\\\/2023\\\/11\\\/EL_NINI_1.jpg\",\"contentUrl\":\"https:\\\/\\\/fuentesfidedignas.com.mx\\\/wp-content\\\/uploads\\\/2023\\\/11\\\/EL_NINI_1.jpg\",\"width\":1048,\"height\":592},{\"@type\":\"BreadcrumbList\",\"@id\":\"https:\\\/\\\/fuentesfidedignas.com.mx\\\/index.php\\\/2024\\\/05\\\/30\\\/el-nini-se-declara-no-culpable-de-narcotrafico-asesinato-y-secuestro-en-corte-de-nueva-york\\\/#breadcrumb\",\"itemListElement\":[{\"@type\":\"ListItem\",\"position\":1,\"name\":\"Inicio\",\"item\":\"https:\\\/\\\/fuentesfidedignas.com.mx\\\/\"},{\"@type\":\"ListItem\",\"position\":2,\"name\":\"&#8216;El Nini&#8217; se declara no culpable de narcotr\u00e1fico, asesinato y secuestro en corte de Nueva York\"}]},{\"@type\":\"WebSite\",\"@id\":\"https:\\\/\\\/fuentesfidedignas.com.mx\\\/#website\",\"url\":\"https:\\\/\\\/fuentesfidedignas.com.mx\\\/\",\"name\":\"Fuentes Fidedignas\",\"description\":\"Otro sitio realizado con WordPress\",\"publisher\":{\"@id\":\"https:\\\/\\\/fuentesfidedignas.com.mx\\\/#organization\"},\"potentialAction\":[{\"@type\":\"SearchAction\",\"target\":{\"@type\":\"EntryPoint\",\"urlTemplate\":\"https:\\\/\\\/fuentesfidedignas.com.mx\\\/?s={search_term_string}\"},\"query-input\":{\"@type\":\"PropertyValueSpecification\",\"valueRequired\":true,\"valueName\":\"search_term_string\"}}],\"inLanguage\":\"es\"},{\"@type\":\"Organization\",\"@id\":\"https:\\\/\\\/fuentesfidedignas.com.mx\\\/#organization\",\"name\":\"Fuentes Fidedignas\",\"url\":\"https:\\\/\\\/fuentesfidedignas.com.mx\\\/\",\"logo\":{\"@type\":\"ImageObject\",\"inLanguage\":\"es\",\"@id\":\"https:\\\/\\\/fuentesfidedignas.com.mx\\\/#\\\/schema\\\/logo\\\/image\\\/\",\"url\":\"https:\\\/\\\/fuentesfidedignas.com.mx\\\/wp-content\\\/uploads\\\/2021\\\/04\\\/logo-retina.png\",\"contentUrl\":\"https:\\\/\\\/fuentesfidedignas.com.mx\\\/wp-content\\\/uploads\\\/2021\\\/04\\\/logo-retina.png\",\"width\":280,\"height\":51,\"caption\":\"Fuentes Fidedignas\"},\"image\":{\"@id\":\"https:\\\/\\\/fuentesfidedignas.com.mx\\\/#\\\/schema\\\/logo\\\/image\\\/\"},\"sameAs\":[\"https:\\\/\\\/www.facebook.com\\\/Fuentes-Fidedignas-368234489921644\",\"https:\\\/\\\/x.com\\\/fidedignas\"]},{\"@type\":\"Person\",\"@id\":\"https:\\\/\\\/fuentesfidedignas.com.mx\\\/#\\\/schema\\\/person\\\/47ec0135738f4b0c7495f06a77a2c976\",\"name\":\"Milenio\",\"image\":{\"@type\":\"ImageObject\",\"inLanguage\":\"es\",\"@id\":\"https:\\\/\\\/secure.gravatar.com\\\/avatar\\\/acabf7b54753e51c2c76457954577c236b3b764789b19879565769739d1e4a75?s=96&d=mm&r=g\",\"url\":\"https:\\\/\\\/secure.gravatar.com\\\/avatar\\\/acabf7b54753e51c2c76457954577c236b3b764789b19879565769739d1e4a75?s=96&d=mm&r=g\",\"contentUrl\":\"https:\\\/\\\/secure.gravatar.com\\\/avatar\\\/acabf7b54753e51c2c76457954577c236b3b764789b19879565769739d1e4a75?s=96&d=mm&r=g\",\"caption\":\"Milenio\"},\"url\":\"https:\\\/\\\/fuentesfidedignas.com.mx\\\/index.php\\\/author\\\/milenio\\\/\"}]}<\/script>\n<!-- \/ Yoast SEO plugin. -->","yoast_head_json":{"title":"'El Nini' se declara no culpable de narcotr\u00e1fico, asesinato y secuestro en corte de Nueva York - Fuentes Fidedignas","robots":{"index":"index","follow":"follow","max-snippet":"max-snippet:-1","max-image-preview":"max-image-preview:large","max-video-preview":"max-video-preview:-1"},"canonical":"https:\/\/fuentesfidedignas.com.mx\/index.php\/2024\/05\/30\/el-nini-se-declara-no-culpable-de-narcotrafico-asesinato-y-secuestro-en-corte-de-nueva-york\/","og_locale":"es_MX","og_type":"article","og_title":"'El Nini' se declara no culpable de narcotr\u00e1fico, asesinato y secuestro en corte de Nueva York - Fuentes Fidedignas","og_description":"Durante su juicio en Estados Unidos, el presunto jefe de seguridad de Los Chapitos neg\u00f3 los cargos por lo que lo acusan. El presunto jefe de seguridad del cartel de Sinaloa, N\u00e9stor Isidro P\u00e9rez Salas, El Nini, se declar\u00f3, el jueves 30 de mayo, no culpable de narcotr\u00e1fico, asesinato, secuestro, armas de fuego y blanqueo [&hellip;]","og_url":"https:\/\/fuentesfidedignas.com.mx\/index.php\/2024\/05\/30\/el-nini-se-declara-no-culpable-de-narcotrafico-asesinato-y-secuestro-en-corte-de-nueva-york\/","og_site_name":"Fuentes Fidedignas","article_publisher":"https:\/\/www.facebook.com\/Fuentes-Fidedignas-368234489921644","article_published_time":"2024-05-31T01:08:13+00:00","og_image":[{"width":1048,"height":592,"url":"https:\/\/fuentesfidedignas.com.mx\/wp-content\/uploads\/2023\/11\/EL_NINI_1.jpg","type":"image\/jpeg"}],"author":"Milenio","twitter_card":"summary_large_image","twitter_creator":"@fidedignas","twitter_site":"@fidedignas","twitter_misc":{"Escrito por":"Milenio","Tiempo de lectura":"5 minutos"},"schema":{"@context":"https:\/\/schema.org","@graph":[{"@type":"Article","@id":"https:\/\/fuentesfidedignas.com.mx\/index.php\/2024\/05\/30\/el-nini-se-declara-no-culpable-de-narcotrafico-asesinato-y-secuestro-en-corte-de-nueva-york\/#article","isPartOf":{"@id":"https:\/\/fuentesfidedignas.com.mx\/index.php\/2024\/05\/30\/el-nini-se-declara-no-culpable-de-narcotrafico-asesinato-y-secuestro-en-corte-de-nueva-york\/"},"author":{"name":"Milenio","@id":"https:\/\/fuentesfidedignas.com.mx\/#\/schema\/person\/47ec0135738f4b0c7495f06a77a2c976"},"headline":"&#8216;El Nini&#8217; se declara no culpable de narcotr\u00e1fico, asesinato y secuestro en corte de Nueva York","datePublished":"2024-05-31T01:08:13+00:00","mainEntityOfPage":{"@id":"https:\/\/fuentesfidedignas.com.mx\/index.php\/2024\/05\/30\/el-nini-se-declara-no-culpable-de-narcotrafico-asesinato-y-secuestro-en-corte-de-nueva-york\/"},"wordCount":962,"commentCount":0,"publisher":{"@id":"https:\/\/fuentesfidedignas.com.mx\/#organization"},"image":{"@id":"https:\/\/fuentesfidedignas.com.mx\/index.php\/2024\/05\/30\/el-nini-se-declara-no-culpable-de-narcotrafico-asesinato-y-secuestro-en-corte-de-nueva-york\/#primaryimage"},"thumbnailUrl":"https:\/\/fuentesfidedignas.com.mx\/wp-content\/uploads\/2023\/11\/EL_NINI_1.jpg","articleSection":["NOTICIAS NACIONALES"],"inLanguage":"es","potentialAction":[{"@type":"CommentAction","name":"Comment","target":["https:\/\/fuentesfidedignas.com.mx\/index.php\/2024\/05\/30\/el-nini-se-declara-no-culpable-de-narcotrafico-asesinato-y-secuestro-en-corte-de-nueva-york\/#respond"]}]},{"@type":"WebPage","@id":"https:\/\/fuentesfidedignas.com.mx\/index.php\/2024\/05\/30\/el-nini-se-declara-no-culpable-de-narcotrafico-asesinato-y-secuestro-en-corte-de-nueva-york\/","url":"https:\/\/fuentesfidedignas.com.mx\/index.php\/2024\/05\/30\/el-nini-se-declara-no-culpable-de-narcotrafico-asesinato-y-secuestro-en-corte-de-nueva-york\/","name":"'El Nini' se declara no culpable de narcotr\u00e1fico, asesinato y secuestro en corte de Nueva York - Fuentes Fidedignas","isPartOf":{"@id":"https:\/\/fuentesfidedignas.com.mx\/#website"},"primaryImageOfPage":{"@id":"https:\/\/fuentesfidedignas.com.mx\/index.php\/2024\/05\/30\/el-nini-se-declara-no-culpable-de-narcotrafico-asesinato-y-secuestro-en-corte-de-nueva-york\/#primaryimage"},"image":{"@id":"https:\/\/fuentesfidedignas.com.mx\/index.php\/2024\/05\/30\/el-nini-se-declara-no-culpable-de-narcotrafico-asesinato-y-secuestro-en-corte-de-nueva-york\/#primaryimage"},"thumbnailUrl":"https:\/\/fuentesfidedignas.com.mx\/wp-content\/uploads\/2023\/11\/EL_NINI_1.jpg","datePublished":"2024-05-31T01:08:13+00:00","breadcrumb":{"@id":"https:\/\/fuentesfidedignas.com.mx\/index.php\/2024\/05\/30\/el-nini-se-declara-no-culpable-de-narcotrafico-asesinato-y-secuestro-en-corte-de-nueva-york\/#breadcrumb"},"inLanguage":"es","potentialAction":[{"@type":"ReadAction","target":["https:\/\/fuentesfidedignas.com.mx\/index.php\/2024\/05\/30\/el-nini-se-declara-no-culpable-de-narcotrafico-asesinato-y-secuestro-en-corte-de-nueva-york\/"]}]},{"@type":"ImageObject","inLanguage":"es","@id":"https:\/\/fuentesfidedignas.com.mx\/index.php\/2024\/05\/30\/el-nini-se-declara-no-culpable-de-narcotrafico-asesinato-y-secuestro-en-corte-de-nueva-york\/#primaryimage","url":"https:\/\/fuentesfidedignas.com.mx\/wp-content\/uploads\/2023\/11\/EL_NINI_1.jpg","contentUrl":"https:\/\/fuentesfidedignas.com.mx\/wp-content\/uploads\/2023\/11\/EL_NINI_1.jpg","width":1048,"height":592},{"@type":"BreadcrumbList","@id":"https:\/\/fuentesfidedignas.com.mx\/index.php\/2024\/05\/30\/el-nini-se-declara-no-culpable-de-narcotrafico-asesinato-y-secuestro-en-corte-de-nueva-york\/#breadcrumb","itemListElement":[{"@type":"ListItem","position":1,"name":"Inicio","item":"https:\/\/fuentesfidedignas.com.mx\/"},{"@type":"ListItem","position":2,"name":"&#8216;El Nini&#8217; se declara no culpable de narcotr\u00e1fico, asesinato y secuestro en corte de Nueva York"}]},{"@type":"WebSite","@id":"https:\/\/fuentesfidedignas.com.mx\/#website","url":"https:\/\/fuentesfidedignas.com.mx\/","name":"Fuentes Fidedignas","description":"Otro sitio realizado con WordPress","publisher":{"@id":"https:\/\/fuentesfidedignas.com.mx\/#organization"},"potentialAction":[{"@type":"SearchAction","target":{"@type":"EntryPoint","urlTemplate":"https:\/\/fuentesfidedignas.com.mx\/?s={search_term_string}"},"query-input":{"@type":"PropertyValueSpecification","valueRequired":true,"valueName":"search_term_string"}}],"inLanguage":"es"},{"@type":"Organization","@id":"https:\/\/fuentesfidedignas.com.mx\/#organization","name":"Fuentes Fidedignas","url":"https:\/\/fuentesfidedignas.com.mx\/","logo":{"@type":"ImageObject","inLanguage":"es","@id":"https:\/\/fuentesfidedignas.com.mx\/#\/schema\/logo\/image\/","url":"https:\/\/fuentesfidedignas.com.mx\/wp-content\/uploads\/2021\/04\/logo-retina.png","contentUrl":"https:\/\/fuentesfidedignas.com.mx\/wp-content\/uploads\/2021\/04\/logo-retina.png","width":280,"height":51,"caption":"Fuentes Fidedignas"},"image":{"@id":"https:\/\/fuentesfidedignas.com.mx\/#\/schema\/logo\/image\/"},"sameAs":["https:\/\/www.facebook.com\/Fuentes-Fidedignas-368234489921644","https:\/\/x.com\/fidedignas"]},{"@type":"Person","@id":"https:\/\/fuentesfidedignas.com.mx\/#\/schema\/person\/47ec0135738f4b0c7495f06a77a2c976","name":"Milenio","image":{"@type":"ImageObject","inLanguage":"es","@id":"https:\/\/secure.gravatar.com\/avatar\/acabf7b54753e51c2c76457954577c236b3b764789b19879565769739d1e4a75?s=96&d=mm&r=g","url":"https:\/\/secure.gravatar.com\/avatar\/acabf7b54753e51c2c76457954577c236b3b764789b19879565769739d1e4a75?s=96&d=mm&r=g","contentUrl":"https:\/\/secure.gravatar.com\/avatar\/acabf7b54753e51c2c76457954577c236b3b764789b19879565769739d1e4a75?s=96&d=mm&r=g","caption":"Milenio"},"url":"https:\/\/fuentesfidedignas.com.mx\/index.php\/author\/milenio\/"}]}},"_links":{"self":[{"href":"https:\/\/fuentesfidedignas.com.mx\/index.php\/wp-json\/wp\/v2\/posts\/82901","targetHints":{"allow":["GET"]}}],"collection":[{"href":"https:\/\/fuentesfidedignas.com.mx\/index.php\/wp-json\/wp\/v2\/posts"}],"about":[{"href":"https:\/\/fuentesfidedignas.com.mx\/index.php\/wp-json\/wp\/v2\/types\/post"}],"author":[{"embeddable":true,"href":"https:\/\/fuentesfidedignas.com.mx\/index.php\/wp-json\/wp\/v2\/users\/9"}],"replies":[{"embeddable":true,"href":"https:\/\/fuentesfidedignas.com.mx\/index.php\/wp-json\/wp\/v2\/comments?post=82901"}],"version-history":[{"count":1,"href":"https:\/\/fuentesfidedignas.com.mx\/index.php\/wp-json\/wp\/v2\/posts\/82901\/revisions"}],"predecessor-version":[{"id":82902,"href":"https:\/\/fuentesfidedignas.com.mx\/index.php\/wp-json\/wp\/v2\/posts\/82901\/revisions\/82902"}],"wp:featuredmedia":[{"embeddable":true,"href":"https:\/\/fuentesfidedignas.com.mx\/index.php\/wp-json\/wp\/v2\/media\/66570"}],"wp:attachment":[{"href":"https:\/\/fuentesfidedignas.com.mx\/index.php\/wp-json\/wp\/v2\/media?parent=82901"}],"wp:term":[{"taxonomy":"category","embeddable":true,"href":"https:\/\/fuentesfidedignas.com.mx\/index.php\/wp-json\/wp\/v2\/categories?post=82901"},{"taxonomy":"post_tag","embeddable":true,"href":"https:\/\/fuentesfidedignas.com.mx\/index.php\/wp-json\/wp\/v2\/tags?post=82901"}],"curies":[{"name":"wp","href":"https:\/\/api.w.org\/{rel}","templated":true}]}}