{"id":82857,"date":"2024-05-30T10:56:55","date_gmt":"2024-05-30T17:56:55","guid":{"rendered":"https:\/\/fuentesfidedignas.com.mx\/?p=82857"},"modified":"2024-05-30T10:56:58","modified_gmt":"2024-05-30T17:56:58","slug":"parada-civica-por-el-pueblo-de-palestina-en-cadi-las-americas","status":"publish","type":"post","link":"https:\/\/fuentesfidedignas.com.mx\/index.php\/2024\/05\/30\/parada-civica-por-el-pueblo-de-palestina-en-cadi-las-americas\/","title":{"rendered":"Parada C\u00edvica por el Pueblo de Palestina en CADI Las Am\u00e9ricas"},"content":{"rendered":"\n<p><\/p>\n\n\n\n<p>Culiac\u00e1n, Sin.- Este jueves se realiz\u00f3 una Parada C\u00edvica por el Pueblo de Palestina en la Preparatoria CADI Las Am\u00e9ricas \u201cProfesor Tom\u00e1s Francisco Morales Vel\u00e1zquez\u201d.<\/p>\n\n\n\n<p>El profesor Francisco Morales Zepeda, director de esta instituci\u00f3n educativa, afirm\u00f3 que M\u00e9xico es una naci\u00f3n Antiimperialista y Anticolonial: \u201cRechazamos el Fascismo, el Nacismo, el Sionismo y el Porfirismo, por eso pugnamos por la libertad y la autodeterminaci\u00f3n de los pueblos. \u00a1Viva Palestina Libre!\u201d, exclam\u00f3.<\/p>\n\n\n\n<figure class=\"wp-block-image size-large\"><img decoding=\"async\" width=\"771\" height=\"1024\" src=\"https:\/\/fuentesfidedignas.com.mx\/wp-content\/uploads\/2024\/05\/5904e539-64e8-4ba6-98d4-bb5e287cde36-1-771x1024.jpg\" class=\"wp-image-82856\" srcset=\"https:\/\/fuentesfidedignas.com.mx\/wp-content\/uploads\/2024\/05\/5904e539-64e8-4ba6-98d4-bb5e287cde36-1-771x1024.jpg 771w, https:\/\/fuentesfidedignas.com.mx\/wp-content\/uploads\/2024\/05\/5904e539-64e8-4ba6-98d4-bb5e287cde36-1-226x300.jpg 226w, https:\/\/fuentesfidedignas.com.mx\/wp-content\/uploads\/2024\/05\/5904e539-64e8-4ba6-98d4-bb5e287cde36-1-768x1021.jpg 768w, https:\/\/fuentesfidedignas.com.mx\/wp-content\/uploads\/2024\/05\/5904e539-64e8-4ba6-98d4-bb5e287cde36-1-1156x1536.jpg 1156w, https:\/\/fuentesfidedignas.com.mx\/wp-content\/uploads\/2024\/05\/5904e539-64e8-4ba6-98d4-bb5e287cde36-1.jpg 1204w\" sizes=\"(max-width: 771px) 100vw, 771px\" \/><\/figure>\n\n\n\n<p>De esta manera, en el Colegio CADI Las Am\u00e9ricas maestros y alumnos de preparatoria hicieron una Parada C\u00edvica.<\/p>\n\n\n\n<p>El directivo se\u00f1al\u00f3 que la Parada C\u00edvica por el Pueblo de Palestina, en la Preparatoria CADI UAS \u201cTomas Francisco Morales Vel\u00e1zquez\u201d es un mensaje de solidaridad con el pueblo de palestina y una exigencia al alto al fuego y al genocidio perpetrado por Israel.<\/p>\n\n\n\n<p>En esta instituci\u00f3n educativa, izaron la bandera palestina a toda asta en una forma de manifestar su solidaridad con el pueblo de Palestina.<\/p>\n","protected":false},"excerpt":{"rendered":"<p>Culiac\u00e1n, Sin.- Este jueves se realiz\u00f3 una Parada C\u00edvica por el Pueblo de Palestina en la Preparatoria CADI Las Am\u00e9ricas \u201cProfesor Tom\u00e1s Francisco Morales Vel\u00e1zquez\u201d. El profesor Francisco Morales Zepeda, director de esta instituci\u00f3n educativa, afirm\u00f3 que M\u00e9xico es una naci\u00f3n Antiimperialista y Anticolonial: \u201cRechazamos el Fascismo, el Nacismo, el Sionismo y el Porfirismo, por [&hellip;]<\/p>\n","protected":false},"author":4,"featured_media":82855,"comment_status":"open","ping_status":"open","sticky":false,"template":"","format":"standard","meta":{"tdm_status":"","tdm_grid_status":"","footnotes":""},"categories":[38],"tags":[],"class_list":{"0":"post-82857","1":"post","2":"type-post","3":"status-publish","4":"format-standard","5":"has-post-thumbnail","7":"category-noticias-locales"},"yoast_head":"<!-- This site is optimized with the Yoast SEO plugin v27.5 - https:\/\/yoast.com\/product\/yoast-seo-wordpress\/ -->\n<title>Parada C\u00edvica por el Pueblo de Palestina en CADI Las Am\u00e9ricas - Fuentes Fidedignas<\/title>\n<meta name=\"robots\" content=\"index, follow, max-snippet:-1, max-image-preview:large, max-video-preview:-1\" \/>\n<link rel=\"canonical\" href=\"https:\/\/fuentesfidedignas.com.mx\/index.php\/2024\/05\/30\/parada-civica-por-el-pueblo-de-palestina-en-cadi-las-americas\/\" \/>\n<meta property=\"og:locale\" content=\"es_MX\" \/>\n<meta property=\"og:type\" content=\"article\" \/>\n<meta property=\"og:title\" content=\"Parada C\u00edvica por el Pueblo de Palestina en CADI Las Am\u00e9ricas - Fuentes Fidedignas\" \/>\n<meta property=\"og:description\" content=\"Culiac\u00e1n, Sin.- Este jueves se realiz\u00f3 una Parada C\u00edvica por el Pueblo de Palestina en la Preparatoria CADI Las Am\u00e9ricas \u201cProfesor Tom\u00e1s Francisco Morales Vel\u00e1zquez\u201d. El profesor Francisco Morales Zepeda, director de esta instituci\u00f3n educativa, afirm\u00f3 que M\u00e9xico es una naci\u00f3n Antiimperialista y Anticolonial: \u201cRechazamos el Fascismo, el Nacismo, el Sionismo y el Porfirismo, por [&hellip;]\" \/>\n<meta property=\"og:url\" content=\"https:\/\/fuentesfidedignas.com.mx\/index.php\/2024\/05\/30\/parada-civica-por-el-pueblo-de-palestina-en-cadi-las-americas\/\" \/>\n<meta property=\"og:site_name\" content=\"Fuentes Fidedignas\" \/>\n<meta property=\"article:publisher\" content=\"https:\/\/www.facebook.com\/Fuentes-Fidedignas-368234489921644\" \/>\n<meta property=\"article:published_time\" content=\"2024-05-30T17:56:55+00:00\" \/>\n<meta property=\"article:modified_time\" content=\"2024-05-30T17:56:58+00:00\" \/>\n<meta property=\"og:image\" content=\"https:\/\/fuentesfidedignas.com.mx\/wp-content\/uploads\/2024\/05\/27989156-caa8-4ae0-8f20-e9ff0e2cee31-1.jpg\" \/>\n\t<meta property=\"og:image:width\" content=\"1600\" \/>\n\t<meta property=\"og:image:height\" content=\"1204\" \/>\n\t<meta property=\"og:image:type\" content=\"image\/jpeg\" \/>\n<meta name=\"author\" content=\"Redacci\u00f3n\" \/>\n<meta name=\"twitter:card\" content=\"summary_large_image\" \/>\n<meta name=\"twitter:creator\" content=\"@fidedignas\" \/>\n<meta name=\"twitter:site\" content=\"@fidedignas\" \/>\n<meta name=\"twitter:label1\" content=\"Escrito por\" \/>\n\t<meta name=\"twitter:data1\" content=\"Redacci\u00f3n\" \/>\n\t<meta name=\"twitter:label2\" content=\"Tiempo de lectura\" \/>\n\t<meta name=\"twitter:data2\" content=\"1 minuto\" \/>\n<script type=\"application\/ld+json\" class=\"yoast-schema-graph\">{\"@context\":\"https:\\\/\\\/schema.org\",\"@graph\":[{\"@type\":\"Article\",\"@id\":\"https:\\\/\\\/fuentesfidedignas.com.mx\\\/index.php\\\/2024\\\/05\\\/30\\\/parada-civica-por-el-pueblo-de-palestina-en-cadi-las-americas\\\/#article\",\"isPartOf\":{\"@id\":\"https:\\\/\\\/fuentesfidedignas.com.mx\\\/index.php\\\/2024\\\/05\\\/30\\\/parada-civica-por-el-pueblo-de-palestina-en-cadi-las-americas\\\/\"},\"author\":{\"name\":\"Redacci\u00f3n\",\"@id\":\"https:\\\/\\\/fuentesfidedignas.com.mx\\\/#\\\/schema\\\/person\\\/331be9283d37198e2acd5750279085b0\"},\"headline\":\"Parada C\u00edvica por el Pueblo de Palestina en CADI Las Am\u00e9ricas\",\"datePublished\":\"2024-05-30T17:56:55+00:00\",\"dateModified\":\"2024-05-30T17:56:58+00:00\",\"mainEntityOfPage\":{\"@id\":\"https:\\\/\\\/fuentesfidedignas.com.mx\\\/index.php\\\/2024\\\/05\\\/30\\\/parada-civica-por-el-pueblo-de-palestina-en-cadi-las-americas\\\/\"},\"wordCount\":184,\"commentCount\":0,\"publisher\":{\"@id\":\"https:\\\/\\\/fuentesfidedignas.com.mx\\\/#organization\"},\"image\":{\"@id\":\"https:\\\/\\\/fuentesfidedignas.com.mx\\\/index.php\\\/2024\\\/05\\\/30\\\/parada-civica-por-el-pueblo-de-palestina-en-cadi-las-americas\\\/#primaryimage\"},\"thumbnailUrl\":\"https:\\\/\\\/fuentesfidedignas.com.mx\\\/wp-content\\\/uploads\\\/2024\\\/05\\\/27989156-caa8-4ae0-8f20-e9ff0e2cee31-1.jpg\",\"articleSection\":[\"NOTICIAS LOCALES\"],\"inLanguage\":\"es\",\"potentialAction\":[{\"@type\":\"CommentAction\",\"name\":\"Comment\",\"target\":[\"https:\\\/\\\/fuentesfidedignas.com.mx\\\/index.php\\\/2024\\\/05\\\/30\\\/parada-civica-por-el-pueblo-de-palestina-en-cadi-las-americas\\\/#respond\"]}]},{\"@type\":\"WebPage\",\"@id\":\"https:\\\/\\\/fuentesfidedignas.com.mx\\\/index.php\\\/2024\\\/05\\\/30\\\/parada-civica-por-el-pueblo-de-palestina-en-cadi-las-americas\\\/\",\"url\":\"https:\\\/\\\/fuentesfidedignas.com.mx\\\/index.php\\\/2024\\\/05\\\/30\\\/parada-civica-por-el-pueblo-de-palestina-en-cadi-las-americas\\\/\",\"name\":\"Parada C\u00edvica por el Pueblo de Palestina en CADI Las Am\u00e9ricas - Fuentes Fidedignas\",\"isPartOf\":{\"@id\":\"https:\\\/\\\/fuentesfidedignas.com.mx\\\/#website\"},\"primaryImageOfPage\":{\"@id\":\"https:\\\/\\\/fuentesfidedignas.com.mx\\\/index.php\\\/2024\\\/05\\\/30\\\/parada-civica-por-el-pueblo-de-palestina-en-cadi-las-americas\\\/#primaryimage\"},\"image\":{\"@id\":\"https:\\\/\\\/fuentesfidedignas.com.mx\\\/index.php\\\/2024\\\/05\\\/30\\\/parada-civica-por-el-pueblo-de-palestina-en-cadi-las-americas\\\/#primaryimage\"},\"thumbnailUrl\":\"https:\\\/\\\/fuentesfidedignas.com.mx\\\/wp-content\\\/uploads\\\/2024\\\/05\\\/27989156-caa8-4ae0-8f20-e9ff0e2cee31-1.jpg\",\"datePublished\":\"2024-05-30T17:56:55+00:00\",\"dateModified\":\"2024-05-30T17:56:58+00:00\",\"breadcrumb\":{\"@id\":\"https:\\\/\\\/fuentesfidedignas.com.mx\\\/index.php\\\/2024\\\/05\\\/30\\\/parada-civica-por-el-pueblo-de-palestina-en-cadi-las-americas\\\/#breadcrumb\"},\"inLanguage\":\"es\",\"potentialAction\":[{\"@type\":\"ReadAction\",\"target\":[\"https:\\\/\\\/fuentesfidedignas.com.mx\\\/index.php\\\/2024\\\/05\\\/30\\\/parada-civica-por-el-pueblo-de-palestina-en-cadi-las-americas\\\/\"]}]},{\"@type\":\"ImageObject\",\"inLanguage\":\"es\",\"@id\":\"https:\\\/\\\/fuentesfidedignas.com.mx\\\/index.php\\\/2024\\\/05\\\/30\\\/parada-civica-por-el-pueblo-de-palestina-en-cadi-las-americas\\\/#primaryimage\",\"url\":\"https:\\\/\\\/fuentesfidedignas.com.mx\\\/wp-content\\\/uploads\\\/2024\\\/05\\\/27989156-caa8-4ae0-8f20-e9ff0e2cee31-1.jpg\",\"contentUrl\":\"https:\\\/\\\/fuentesfidedignas.com.mx\\\/wp-content\\\/uploads\\\/2024\\\/05\\\/27989156-caa8-4ae0-8f20-e9ff0e2cee31-1.jpg\",\"width\":1600,\"height\":1204},{\"@type\":\"BreadcrumbList\",\"@id\":\"https:\\\/\\\/fuentesfidedignas.com.mx\\\/index.php\\\/2024\\\/05\\\/30\\\/parada-civica-por-el-pueblo-de-palestina-en-cadi-las-americas\\\/#breadcrumb\",\"itemListElement\":[{\"@type\":\"ListItem\",\"position\":1,\"name\":\"Inicio\",\"item\":\"https:\\\/\\\/fuentesfidedignas.com.mx\\\/\"},{\"@type\":\"ListItem\",\"position\":2,\"name\":\"Parada C\u00edvica por el Pueblo de Palestina en CADI Las Am\u00e9ricas\"}]},{\"@type\":\"WebSite\",\"@id\":\"https:\\\/\\\/fuentesfidedignas.com.mx\\\/#website\",\"url\":\"https:\\\/\\\/fuentesfidedignas.com.mx\\\/\",\"name\":\"Fuentes Fidedignas\",\"description\":\"Otro sitio realizado con WordPress\",\"publisher\":{\"@id\":\"https:\\\/\\\/fuentesfidedignas.com.mx\\\/#organization\"},\"potentialAction\":[{\"@type\":\"SearchAction\",\"target\":{\"@type\":\"EntryPoint\",\"urlTemplate\":\"https:\\\/\\\/fuentesfidedignas.com.mx\\\/?s={search_term_string}\"},\"query-input\":{\"@type\":\"PropertyValueSpecification\",\"valueRequired\":true,\"valueName\":\"search_term_string\"}}],\"inLanguage\":\"es\"},{\"@type\":\"Organization\",\"@id\":\"https:\\\/\\\/fuentesfidedignas.com.mx\\\/#organization\",\"name\":\"Fuentes Fidedignas\",\"url\":\"https:\\\/\\\/fuentesfidedignas.com.mx\\\/\",\"logo\":{\"@type\":\"ImageObject\",\"inLanguage\":\"es\",\"@id\":\"https:\\\/\\\/fuentesfidedignas.com.mx\\\/#\\\/schema\\\/logo\\\/image\\\/\",\"url\":\"https:\\\/\\\/fuentesfidedignas.com.mx\\\/wp-content\\\/uploads\\\/2021\\\/04\\\/logo-retina.png\",\"contentUrl\":\"https:\\\/\\\/fuentesfidedignas.com.mx\\\/wp-content\\\/uploads\\\/2021\\\/04\\\/logo-retina.png\",\"width\":280,\"height\":51,\"caption\":\"Fuentes Fidedignas\"},\"image\":{\"@id\":\"https:\\\/\\\/fuentesfidedignas.com.mx\\\/#\\\/schema\\\/logo\\\/image\\\/\"},\"sameAs\":[\"https:\\\/\\\/www.facebook.com\\\/Fuentes-Fidedignas-368234489921644\",\"https:\\\/\\\/x.com\\\/fidedignas\"]},{\"@type\":\"Person\",\"@id\":\"https:\\\/\\\/fuentesfidedignas.com.mx\\\/#\\\/schema\\\/person\\\/331be9283d37198e2acd5750279085b0\",\"name\":\"Redacci\u00f3n\",\"image\":{\"@type\":\"ImageObject\",\"inLanguage\":\"es\",\"@id\":\"https:\\\/\\\/secure.gravatar.com\\\/avatar\\\/f6d8782c11d12b2d4ad3fbb6931aeab5309937a4d6cd2fc9cfaa28a6396a5aec?s=96&d=mm&r=g\",\"url\":\"https:\\\/\\\/secure.gravatar.com\\\/avatar\\\/f6d8782c11d12b2d4ad3fbb6931aeab5309937a4d6cd2fc9cfaa28a6396a5aec?s=96&d=mm&r=g\",\"contentUrl\":\"https:\\\/\\\/secure.gravatar.com\\\/avatar\\\/f6d8782c11d12b2d4ad3fbb6931aeab5309937a4d6cd2fc9cfaa28a6396a5aec?s=96&d=mm&r=g\",\"caption\":\"Redacci\u00f3n\"},\"url\":\"https:\\\/\\\/fuentesfidedignas.com.mx\\\/index.php\\\/author\\\/redaccion\\\/\"}]}<\/script>\n<!-- \/ Yoast SEO plugin. -->","yoast_head_json":{"title":"Parada C\u00edvica por el Pueblo de Palestina en CADI Las Am\u00e9ricas - Fuentes Fidedignas","robots":{"index":"index","follow":"follow","max-snippet":"max-snippet:-1","max-image-preview":"max-image-preview:large","max-video-preview":"max-video-preview:-1"},"canonical":"https:\/\/fuentesfidedignas.com.mx\/index.php\/2024\/05\/30\/parada-civica-por-el-pueblo-de-palestina-en-cadi-las-americas\/","og_locale":"es_MX","og_type":"article","og_title":"Parada C\u00edvica por el Pueblo de Palestina en CADI Las Am\u00e9ricas - Fuentes Fidedignas","og_description":"Culiac\u00e1n, Sin.- Este jueves se realiz\u00f3 una Parada C\u00edvica por el Pueblo de Palestina en la Preparatoria CADI Las Am\u00e9ricas \u201cProfesor Tom\u00e1s Francisco Morales Vel\u00e1zquez\u201d. El profesor Francisco Morales Zepeda, director de esta instituci\u00f3n educativa, afirm\u00f3 que M\u00e9xico es una naci\u00f3n Antiimperialista y Anticolonial: \u201cRechazamos el Fascismo, el Nacismo, el Sionismo y el Porfirismo, por [&hellip;]","og_url":"https:\/\/fuentesfidedignas.com.mx\/index.php\/2024\/05\/30\/parada-civica-por-el-pueblo-de-palestina-en-cadi-las-americas\/","og_site_name":"Fuentes Fidedignas","article_publisher":"https:\/\/www.facebook.com\/Fuentes-Fidedignas-368234489921644","article_published_time":"2024-05-30T17:56:55+00:00","article_modified_time":"2024-05-30T17:56:58+00:00","og_image":[{"width":1600,"height":1204,"url":"https:\/\/fuentesfidedignas.com.mx\/wp-content\/uploads\/2024\/05\/27989156-caa8-4ae0-8f20-e9ff0e2cee31-1.jpg","type":"image\/jpeg"}],"author":"Redacci\u00f3n","twitter_card":"summary_large_image","twitter_creator":"@fidedignas","twitter_site":"@fidedignas","twitter_misc":{"Escrito por":"Redacci\u00f3n","Tiempo de lectura":"1 minuto"},"schema":{"@context":"https:\/\/schema.org","@graph":[{"@type":"Article","@id":"https:\/\/fuentesfidedignas.com.mx\/index.php\/2024\/05\/30\/parada-civica-por-el-pueblo-de-palestina-en-cadi-las-americas\/#article","isPartOf":{"@id":"https:\/\/fuentesfidedignas.com.mx\/index.php\/2024\/05\/30\/parada-civica-por-el-pueblo-de-palestina-en-cadi-las-americas\/"},"author":{"name":"Redacci\u00f3n","@id":"https:\/\/fuentesfidedignas.com.mx\/#\/schema\/person\/331be9283d37198e2acd5750279085b0"},"headline":"Parada C\u00edvica por el Pueblo de Palestina en CADI Las Am\u00e9ricas","datePublished":"2024-05-30T17:56:55+00:00","dateModified":"2024-05-30T17:56:58+00:00","mainEntityOfPage":{"@id":"https:\/\/fuentesfidedignas.com.mx\/index.php\/2024\/05\/30\/parada-civica-por-el-pueblo-de-palestina-en-cadi-las-americas\/"},"wordCount":184,"commentCount":0,"publisher":{"@id":"https:\/\/fuentesfidedignas.com.mx\/#organization"},"image":{"@id":"https:\/\/fuentesfidedignas.com.mx\/index.php\/2024\/05\/30\/parada-civica-por-el-pueblo-de-palestina-en-cadi-las-americas\/#primaryimage"},"thumbnailUrl":"https:\/\/fuentesfidedignas.com.mx\/wp-content\/uploads\/2024\/05\/27989156-caa8-4ae0-8f20-e9ff0e2cee31-1.jpg","articleSection":["NOTICIAS LOCALES"],"inLanguage":"es","potentialAction":[{"@type":"CommentAction","name":"Comment","target":["https:\/\/fuentesfidedignas.com.mx\/index.php\/2024\/05\/30\/parada-civica-por-el-pueblo-de-palestina-en-cadi-las-americas\/#respond"]}]},{"@type":"WebPage","@id":"https:\/\/fuentesfidedignas.com.mx\/index.php\/2024\/05\/30\/parada-civica-por-el-pueblo-de-palestina-en-cadi-las-americas\/","url":"https:\/\/fuentesfidedignas.com.mx\/index.php\/2024\/05\/30\/parada-civica-por-el-pueblo-de-palestina-en-cadi-las-americas\/","name":"Parada C\u00edvica por el Pueblo de Palestina en CADI Las Am\u00e9ricas - Fuentes Fidedignas","isPartOf":{"@id":"https:\/\/fuentesfidedignas.com.mx\/#website"},"primaryImageOfPage":{"@id":"https:\/\/fuentesfidedignas.com.mx\/index.php\/2024\/05\/30\/parada-civica-por-el-pueblo-de-palestina-en-cadi-las-americas\/#primaryimage"},"image":{"@id":"https:\/\/fuentesfidedignas.com.mx\/index.php\/2024\/05\/30\/parada-civica-por-el-pueblo-de-palestina-en-cadi-las-americas\/#primaryimage"},"thumbnailUrl":"https:\/\/fuentesfidedignas.com.mx\/wp-content\/uploads\/2024\/05\/27989156-caa8-4ae0-8f20-e9ff0e2cee31-1.jpg","datePublished":"2024-05-30T17:56:55+00:00","dateModified":"2024-05-30T17:56:58+00:00","breadcrumb":{"@id":"https:\/\/fuentesfidedignas.com.mx\/index.php\/2024\/05\/30\/parada-civica-por-el-pueblo-de-palestina-en-cadi-las-americas\/#breadcrumb"},"inLanguage":"es","potentialAction":[{"@type":"ReadAction","target":["https:\/\/fuentesfidedignas.com.mx\/index.php\/2024\/05\/30\/parada-civica-por-el-pueblo-de-palestina-en-cadi-las-americas\/"]}]},{"@type":"ImageObject","inLanguage":"es","@id":"https:\/\/fuentesfidedignas.com.mx\/index.php\/2024\/05\/30\/parada-civica-por-el-pueblo-de-palestina-en-cadi-las-americas\/#primaryimage","url":"https:\/\/fuentesfidedignas.com.mx\/wp-content\/uploads\/2024\/05\/27989156-caa8-4ae0-8f20-e9ff0e2cee31-1.jpg","contentUrl":"https:\/\/fuentesfidedignas.com.mx\/wp-content\/uploads\/2024\/05\/27989156-caa8-4ae0-8f20-e9ff0e2cee31-1.jpg","width":1600,"height":1204},{"@type":"BreadcrumbList","@id":"https:\/\/fuentesfidedignas.com.mx\/index.php\/2024\/05\/30\/parada-civica-por-el-pueblo-de-palestina-en-cadi-las-americas\/#breadcrumb","itemListElement":[{"@type":"ListItem","position":1,"name":"Inicio","item":"https:\/\/fuentesfidedignas.com.mx\/"},{"@type":"ListItem","position":2,"name":"Parada C\u00edvica por el Pueblo de Palestina en CADI Las Am\u00e9ricas"}]},{"@type":"WebSite","@id":"https:\/\/fuentesfidedignas.com.mx\/#website","url":"https:\/\/fuentesfidedignas.com.mx\/","name":"Fuentes Fidedignas","description":"Otro sitio realizado con WordPress","publisher":{"@id":"https:\/\/fuentesfidedignas.com.mx\/#organization"},"potentialAction":[{"@type":"SearchAction","target":{"@type":"EntryPoint","urlTemplate":"https:\/\/fuentesfidedignas.com.mx\/?s={search_term_string}"},"query-input":{"@type":"PropertyValueSpecification","valueRequired":true,"valueName":"search_term_string"}}],"inLanguage":"es"},{"@type":"Organization","@id":"https:\/\/fuentesfidedignas.com.mx\/#organization","name":"Fuentes Fidedignas","url":"https:\/\/fuentesfidedignas.com.mx\/","logo":{"@type":"ImageObject","inLanguage":"es","@id":"https:\/\/fuentesfidedignas.com.mx\/#\/schema\/logo\/image\/","url":"https:\/\/fuentesfidedignas.com.mx\/wp-content\/uploads\/2021\/04\/logo-retina.png","contentUrl":"https:\/\/fuentesfidedignas.com.mx\/wp-content\/uploads\/2021\/04\/logo-retina.png","width":280,"height":51,"caption":"Fuentes Fidedignas"},"image":{"@id":"https:\/\/fuentesfidedignas.com.mx\/#\/schema\/logo\/image\/"},"sameAs":["https:\/\/www.facebook.com\/Fuentes-Fidedignas-368234489921644","https:\/\/x.com\/fidedignas"]},{"@type":"Person","@id":"https:\/\/fuentesfidedignas.com.mx\/#\/schema\/person\/331be9283d37198e2acd5750279085b0","name":"Redacci\u00f3n","image":{"@type":"ImageObject","inLanguage":"es","@id":"https:\/\/secure.gravatar.com\/avatar\/f6d8782c11d12b2d4ad3fbb6931aeab5309937a4d6cd2fc9cfaa28a6396a5aec?s=96&d=mm&r=g","url":"https:\/\/secure.gravatar.com\/avatar\/f6d8782c11d12b2d4ad3fbb6931aeab5309937a4d6cd2fc9cfaa28a6396a5aec?s=96&d=mm&r=g","contentUrl":"https:\/\/secure.gravatar.com\/avatar\/f6d8782c11d12b2d4ad3fbb6931aeab5309937a4d6cd2fc9cfaa28a6396a5aec?s=96&d=mm&r=g","caption":"Redacci\u00f3n"},"url":"https:\/\/fuentesfidedignas.com.mx\/index.php\/author\/redaccion\/"}]}},"_links":{"self":[{"href":"https:\/\/fuentesfidedignas.com.mx\/index.php\/wp-json\/wp\/v2\/posts\/82857","targetHints":{"allow":["GET"]}}],"collection":[{"href":"https:\/\/fuentesfidedignas.com.mx\/index.php\/wp-json\/wp\/v2\/posts"}],"about":[{"href":"https:\/\/fuentesfidedignas.com.mx\/index.php\/wp-json\/wp\/v2\/types\/post"}],"author":[{"embeddable":true,"href":"https:\/\/fuentesfidedignas.com.mx\/index.php\/wp-json\/wp\/v2\/users\/4"}],"replies":[{"embeddable":true,"href":"https:\/\/fuentesfidedignas.com.mx\/index.php\/wp-json\/wp\/v2\/comments?post=82857"}],"version-history":[{"count":1,"href":"https:\/\/fuentesfidedignas.com.mx\/index.php\/wp-json\/wp\/v2\/posts\/82857\/revisions"}],"predecessor-version":[{"id":82858,"href":"https:\/\/fuentesfidedignas.com.mx\/index.php\/wp-json\/wp\/v2\/posts\/82857\/revisions\/82858"}],"wp:featuredmedia":[{"embeddable":true,"href":"https:\/\/fuentesfidedignas.com.mx\/index.php\/wp-json\/wp\/v2\/media\/82855"}],"wp:attachment":[{"href":"https:\/\/fuentesfidedignas.com.mx\/index.php\/wp-json\/wp\/v2\/media?parent=82857"}],"wp:term":[{"taxonomy":"category","embeddable":true,"href":"https:\/\/fuentesfidedignas.com.mx\/index.php\/wp-json\/wp\/v2\/categories?post=82857"},{"taxonomy":"post_tag","embeddable":true,"href":"https:\/\/fuentesfidedignas.com.mx\/index.php\/wp-json\/wp\/v2\/tags?post=82857"}],"curies":[{"name":"wp","href":"https:\/\/api.w.org\/{rel}","templated":true}]}}