{"id":8284,"date":"2021-07-26T16:44:18","date_gmt":"2021-07-26T23:44:18","guid":{"rendered":"https:\/\/fuentesfidedignas.com.mx\/?p=8284"},"modified":"2021-07-26T16:44:19","modified_gmt":"2021-07-26T23:44:19","slug":"ruben-rocha-moya-hace-un-llamado-a-jovenes-a-vacunarse-contra-el-covid-19","status":"publish","type":"post","link":"https:\/\/fuentesfidedignas.com.mx\/index.php\/2021\/07\/26\/ruben-rocha-moya-hace-un-llamado-a-jovenes-a-vacunarse-contra-el-covid-19\/","title":{"rendered":"Rub\u00e9n Rocha Moya hace un llamado a j\u00f3venes a vacunarse contra el COVID-19"},"content":{"rendered":"\n<p>La ciudadan\u00eda que acuda a aplicarse el antiviral debe de realizar un pre-registro en el p\u00e1gina&nbsp;<a href=\"https:\/\/mivacuna.salud.gob.mx\/\" target=\"_blank\" rel=\"noreferrer noopener\">https:\/\/mivacuna.salud.gob.mx<\/a>, explic\u00f3.<\/p>\n\n\n\n<p>Culiac\u00e1n Sinaloa, lunes 26 de julio de 2021. \u2013 Con la finalidad de disminuir los contagios y de cuidarnos, el gobernador electo de Sinaloa Rub\u00e9n Rocha Moya, hizo un llamado a la ciudadan\u00eda mayor de 18 a\u00f1os de edad de acudir al centro de vacunaci\u00f3n a aplicarse el antiviral contra el COVID-19.<\/p>\n\n\n\n<p>Explic\u00f3 que las y los ciudadanos deben de realizar de manera anticipada su registro personal en el portal&nbsp;<a href=\"https:\/\/mivacuna.salud.gob.mx\/\" target=\"_blank\" rel=\"noreferrer noopener\">https:\/\/mivacuna.salud.gob.mx<\/a>, que es uno de los requisitos para acceder a la aplicaci\u00f3n de la vacuna.<\/p>\n\n\n\n<p>\u201cHay que hacer cada quien lo que nos corresponde y una de las cosas importantes es la vacuna, hay que tener fe en la vacuna, es la mejor manera de inmunizarse frente a este mal, de manera que yo los invito a que vayan a vacunarse, y recuerden que ya se empez\u00f3 a inmunizarse al&nbsp; grupo de 18 a 30 a\u00f1os\u201d, reiter\u00f3.<\/p>\n\n\n\n<p>El gobernador electo de Sinaloa destac\u00f3 que cada vacuna que se aplica contribuye a extirpar la pandemia de Sinaloa y de M\u00e9xico, adem\u00e1s de que es la forma m\u00e1s segura de salvar las vidas.<\/p>\n\n\n\n<p>\u201cCualquiera vacuna es buena, la que tengamos hay que pon\u00e9rsela ya que todas ellas est\u00e1n certificadas. Es importante que crean en ello y se&nbsp; vacunen. No hay que olvidar que la vacunaci\u00f3n es la forma m\u00e1s segura de salvar la vidas\u201d.<\/p>\n\n\n\n<p>De acuerdo con datos de la Secretar\u00eda de Salud de Sinaloa los municipios que est\u00e1n aplicando la vacuna a los adultos mayores de 18 a\u00f1os son Culiac\u00e1n, Mazatl\u00e1n y Sinaloa (municipio).<\/p>\n\n\n\n<figure class=\"wp-block-image size-large\"><img decoding=\"async\" width=\"1024\" height=\"740\" src=\"https:\/\/fuentesfidedignas.com.mx\/wp-content\/uploads\/2021\/07\/centros-1024x740.png\" alt=\"\" class=\"wp-image-8285\" srcset=\"https:\/\/fuentesfidedignas.com.mx\/wp-content\/uploads\/2021\/07\/centros-1024x740.png 1024w, https:\/\/fuentesfidedignas.com.mx\/wp-content\/uploads\/2021\/07\/centros-300x217.png 300w, https:\/\/fuentesfidedignas.com.mx\/wp-content\/uploads\/2021\/07\/centros-768x555.png 768w, https:\/\/fuentesfidedignas.com.mx\/wp-content\/uploads\/2021\/07\/centros-696x503.png 696w, https:\/\/fuentesfidedignas.com.mx\/wp-content\/uploads\/2021\/07\/centros-1068x772.png 1068w, https:\/\/fuentesfidedignas.com.mx\/wp-content\/uploads\/2021\/07\/centros-581x420.png 581w, https:\/\/fuentesfidedignas.com.mx\/wp-content\/uploads\/2021\/07\/centros-324x235.png 324w, https:\/\/fuentesfidedignas.com.mx\/wp-content\/uploads\/2021\/07\/centros.png 1197w\" sizes=\"(max-width: 1024px) 100vw, 1024px\" \/><\/figure>\n","protected":false},"excerpt":{"rendered":"<p>La ciudadan\u00eda que acuda a aplicarse el antiviral debe de realizar un pre-registro en el p\u00e1gina&nbsp;https:\/\/mivacuna.salud.gob.mx, explic\u00f3. Culiac\u00e1n Sinaloa, lunes 26 de julio de 2021. \u2013 Con la finalidad de disminuir los contagios y de cuidarnos, el gobernador electo de Sinaloa Rub\u00e9n Rocha Moya, hizo un llamado a la ciudadan\u00eda mayor de 18 a\u00f1os de [&hellip;]<\/p>\n","protected":false},"author":4,"featured_media":0,"comment_status":"open","ping_status":"open","sticky":false,"template":"","format":"standard","meta":{"tdm_status":"","tdm_grid_status":"","footnotes":""},"categories":[38],"tags":[],"class_list":{"0":"post-8284","1":"post","2":"type-post","3":"status-publish","4":"format-standard","6":"category-noticias-locales"},"yoast_head":"<!-- This site is optimized with the Yoast SEO plugin v27.5 - https:\/\/yoast.com\/product\/yoast-seo-wordpress\/ -->\n<title>Rub\u00e9n Rocha Moya hace un llamado a j\u00f3venes a vacunarse contra el COVID-19 - Fuentes Fidedignas<\/title>\n<meta name=\"robots\" content=\"index, follow, max-snippet:-1, max-image-preview:large, max-video-preview:-1\" \/>\n<link rel=\"canonical\" href=\"https:\/\/fuentesfidedignas.com.mx\/index.php\/2021\/07\/26\/ruben-rocha-moya-hace-un-llamado-a-jovenes-a-vacunarse-contra-el-covid-19\/\" \/>\n<meta property=\"og:locale\" content=\"es_MX\" \/>\n<meta property=\"og:type\" content=\"article\" \/>\n<meta property=\"og:title\" content=\"Rub\u00e9n Rocha Moya hace un llamado a j\u00f3venes a vacunarse contra el COVID-19 - Fuentes Fidedignas\" \/>\n<meta property=\"og:description\" content=\"La ciudadan\u00eda que acuda a aplicarse el antiviral debe de realizar un pre-registro en el p\u00e1gina&nbsp;https:\/\/mivacuna.salud.gob.mx, explic\u00f3. Culiac\u00e1n Sinaloa, lunes 26 de julio de 2021. \u2013 Con la finalidad de disminuir los contagios y de cuidarnos, el gobernador electo de Sinaloa Rub\u00e9n Rocha Moya, hizo un llamado a la ciudadan\u00eda mayor de 18 a\u00f1os de [&hellip;]\" \/>\n<meta property=\"og:url\" content=\"https:\/\/fuentesfidedignas.com.mx\/index.php\/2021\/07\/26\/ruben-rocha-moya-hace-un-llamado-a-jovenes-a-vacunarse-contra-el-covid-19\/\" \/>\n<meta property=\"og:site_name\" content=\"Fuentes Fidedignas\" \/>\n<meta property=\"article:publisher\" content=\"https:\/\/www.facebook.com\/Fuentes-Fidedignas-368234489921644\" \/>\n<meta property=\"article:published_time\" content=\"2021-07-26T23:44:18+00:00\" \/>\n<meta property=\"article:modified_time\" content=\"2021-07-26T23:44:19+00:00\" \/>\n<meta property=\"og:image\" content=\"https:\/\/fuentesfidedignas.com.mx\/wp-content\/uploads\/2021\/07\/RRM-VACUNA-2.jpg\" \/>\n\t<meta property=\"og:image:width\" content=\"1280\" \/>\n\t<meta property=\"og:image:height\" content=\"720\" \/>\n\t<meta property=\"og:image:type\" content=\"image\/jpeg\" \/>\n<meta name=\"author\" content=\"Redacci\u00f3n\" \/>\n<meta name=\"twitter:card\" content=\"summary_large_image\" \/>\n<meta name=\"twitter:creator\" content=\"@fidedignas\" \/>\n<meta name=\"twitter:site\" content=\"@fidedignas\" \/>\n<meta name=\"twitter:label1\" content=\"Escrito por\" \/>\n\t<meta name=\"twitter:data1\" content=\"Redacci\u00f3n\" \/>\n\t<meta name=\"twitter:label2\" content=\"Tiempo de lectura\" \/>\n\t<meta name=\"twitter:data2\" content=\"2 minutos\" \/>\n<script type=\"application\/ld+json\" class=\"yoast-schema-graph\">{\"@context\":\"https:\\\/\\\/schema.org\",\"@graph\":[{\"@type\":\"Article\",\"@id\":\"https:\\\/\\\/fuentesfidedignas.com.mx\\\/index.php\\\/2021\\\/07\\\/26\\\/ruben-rocha-moya-hace-un-llamado-a-jovenes-a-vacunarse-contra-el-covid-19\\\/#article\",\"isPartOf\":{\"@id\":\"https:\\\/\\\/fuentesfidedignas.com.mx\\\/index.php\\\/2021\\\/07\\\/26\\\/ruben-rocha-moya-hace-un-llamado-a-jovenes-a-vacunarse-contra-el-covid-19\\\/\"},\"author\":{\"name\":\"Redacci\u00f3n\",\"@id\":\"https:\\\/\\\/fuentesfidedignas.com.mx\\\/#\\\/schema\\\/person\\\/331be9283d37198e2acd5750279085b0\"},\"headline\":\"Rub\u00e9n Rocha Moya hace un llamado a j\u00f3venes a vacunarse contra el COVID-19\",\"datePublished\":\"2021-07-26T23:44:18+00:00\",\"dateModified\":\"2021-07-26T23:44:19+00:00\",\"mainEntityOfPage\":{\"@id\":\"https:\\\/\\\/fuentesfidedignas.com.mx\\\/index.php\\\/2021\\\/07\\\/26\\\/ruben-rocha-moya-hace-un-llamado-a-jovenes-a-vacunarse-contra-el-covid-19\\\/\"},\"wordCount\":312,\"commentCount\":0,\"publisher\":{\"@id\":\"https:\\\/\\\/fuentesfidedignas.com.mx\\\/#organization\"},\"image\":{\"@id\":\"https:\\\/\\\/fuentesfidedignas.com.mx\\\/index.php\\\/2021\\\/07\\\/26\\\/ruben-rocha-moya-hace-un-llamado-a-jovenes-a-vacunarse-contra-el-covid-19\\\/#primaryimage\"},\"thumbnailUrl\":\"https:\\\/\\\/fuentesfidedignas.com.mx\\\/wp-content\\\/uploads\\\/2021\\\/07\\\/centros-1024x740.png\",\"articleSection\":[\"NOTICIAS LOCALES\"],\"inLanguage\":\"es\",\"potentialAction\":[{\"@type\":\"CommentAction\",\"name\":\"Comment\",\"target\":[\"https:\\\/\\\/fuentesfidedignas.com.mx\\\/index.php\\\/2021\\\/07\\\/26\\\/ruben-rocha-moya-hace-un-llamado-a-jovenes-a-vacunarse-contra-el-covid-19\\\/#respond\"]}]},{\"@type\":\"WebPage\",\"@id\":\"https:\\\/\\\/fuentesfidedignas.com.mx\\\/index.php\\\/2021\\\/07\\\/26\\\/ruben-rocha-moya-hace-un-llamado-a-jovenes-a-vacunarse-contra-el-covid-19\\\/\",\"url\":\"https:\\\/\\\/fuentesfidedignas.com.mx\\\/index.php\\\/2021\\\/07\\\/26\\\/ruben-rocha-moya-hace-un-llamado-a-jovenes-a-vacunarse-contra-el-covid-19\\\/\",\"name\":\"Rub\u00e9n Rocha Moya hace un llamado a j\u00f3venes a vacunarse contra el COVID-19 - Fuentes Fidedignas\",\"isPartOf\":{\"@id\":\"https:\\\/\\\/fuentesfidedignas.com.mx\\\/#website\"},\"primaryImageOfPage\":{\"@id\":\"https:\\\/\\\/fuentesfidedignas.com.mx\\\/index.php\\\/2021\\\/07\\\/26\\\/ruben-rocha-moya-hace-un-llamado-a-jovenes-a-vacunarse-contra-el-covid-19\\\/#primaryimage\"},\"image\":{\"@id\":\"https:\\\/\\\/fuentesfidedignas.com.mx\\\/index.php\\\/2021\\\/07\\\/26\\\/ruben-rocha-moya-hace-un-llamado-a-jovenes-a-vacunarse-contra-el-covid-19\\\/#primaryimage\"},\"thumbnailUrl\":\"https:\\\/\\\/fuentesfidedignas.com.mx\\\/wp-content\\\/uploads\\\/2021\\\/07\\\/centros-1024x740.png\",\"datePublished\":\"2021-07-26T23:44:18+00:00\",\"dateModified\":\"2021-07-26T23:44:19+00:00\",\"breadcrumb\":{\"@id\":\"https:\\\/\\\/fuentesfidedignas.com.mx\\\/index.php\\\/2021\\\/07\\\/26\\\/ruben-rocha-moya-hace-un-llamado-a-jovenes-a-vacunarse-contra-el-covid-19\\\/#breadcrumb\"},\"inLanguage\":\"es\",\"potentialAction\":[{\"@type\":\"ReadAction\",\"target\":[\"https:\\\/\\\/fuentesfidedignas.com.mx\\\/index.php\\\/2021\\\/07\\\/26\\\/ruben-rocha-moya-hace-un-llamado-a-jovenes-a-vacunarse-contra-el-covid-19\\\/\"]}]},{\"@type\":\"ImageObject\",\"inLanguage\":\"es\",\"@id\":\"https:\\\/\\\/fuentesfidedignas.com.mx\\\/index.php\\\/2021\\\/07\\\/26\\\/ruben-rocha-moya-hace-un-llamado-a-jovenes-a-vacunarse-contra-el-covid-19\\\/#primaryimage\",\"url\":\"https:\\\/\\\/fuentesfidedignas.com.mx\\\/wp-content\\\/uploads\\\/2021\\\/07\\\/centros.png\",\"contentUrl\":\"https:\\\/\\\/fuentesfidedignas.com.mx\\\/wp-content\\\/uploads\\\/2021\\\/07\\\/centros.png\",\"width\":1197,\"height\":865},{\"@type\":\"BreadcrumbList\",\"@id\":\"https:\\\/\\\/fuentesfidedignas.com.mx\\\/index.php\\\/2021\\\/07\\\/26\\\/ruben-rocha-moya-hace-un-llamado-a-jovenes-a-vacunarse-contra-el-covid-19\\\/#breadcrumb\",\"itemListElement\":[{\"@type\":\"ListItem\",\"position\":1,\"name\":\"Inicio\",\"item\":\"https:\\\/\\\/fuentesfidedignas.com.mx\\\/\"},{\"@type\":\"ListItem\",\"position\":2,\"name\":\"Rub\u00e9n Rocha Moya hace un llamado a j\u00f3venes a vacunarse contra el COVID-19\"}]},{\"@type\":\"WebSite\",\"@id\":\"https:\\\/\\\/fuentesfidedignas.com.mx\\\/#website\",\"url\":\"https:\\\/\\\/fuentesfidedignas.com.mx\\\/\",\"name\":\"Fuentes Fidedignas\",\"description\":\"Otro sitio realizado con WordPress\",\"publisher\":{\"@id\":\"https:\\\/\\\/fuentesfidedignas.com.mx\\\/#organization\"},\"potentialAction\":[{\"@type\":\"SearchAction\",\"target\":{\"@type\":\"EntryPoint\",\"urlTemplate\":\"https:\\\/\\\/fuentesfidedignas.com.mx\\\/?s={search_term_string}\"},\"query-input\":{\"@type\":\"PropertyValueSpecification\",\"valueRequired\":true,\"valueName\":\"search_term_string\"}}],\"inLanguage\":\"es\"},{\"@type\":\"Organization\",\"@id\":\"https:\\\/\\\/fuentesfidedignas.com.mx\\\/#organization\",\"name\":\"Fuentes Fidedignas\",\"url\":\"https:\\\/\\\/fuentesfidedignas.com.mx\\\/\",\"logo\":{\"@type\":\"ImageObject\",\"inLanguage\":\"es\",\"@id\":\"https:\\\/\\\/fuentesfidedignas.com.mx\\\/#\\\/schema\\\/logo\\\/image\\\/\",\"url\":\"https:\\\/\\\/fuentesfidedignas.com.mx\\\/wp-content\\\/uploads\\\/2021\\\/04\\\/logo-retina.png\",\"contentUrl\":\"https:\\\/\\\/fuentesfidedignas.com.mx\\\/wp-content\\\/uploads\\\/2021\\\/04\\\/logo-retina.png\",\"width\":280,\"height\":51,\"caption\":\"Fuentes Fidedignas\"},\"image\":{\"@id\":\"https:\\\/\\\/fuentesfidedignas.com.mx\\\/#\\\/schema\\\/logo\\\/image\\\/\"},\"sameAs\":[\"https:\\\/\\\/www.facebook.com\\\/Fuentes-Fidedignas-368234489921644\",\"https:\\\/\\\/x.com\\\/fidedignas\"]},{\"@type\":\"Person\",\"@id\":\"https:\\\/\\\/fuentesfidedignas.com.mx\\\/#\\\/schema\\\/person\\\/331be9283d37198e2acd5750279085b0\",\"name\":\"Redacci\u00f3n\",\"image\":{\"@type\":\"ImageObject\",\"inLanguage\":\"es\",\"@id\":\"https:\\\/\\\/secure.gravatar.com\\\/avatar\\\/f6d8782c11d12b2d4ad3fbb6931aeab5309937a4d6cd2fc9cfaa28a6396a5aec?s=96&d=mm&r=g\",\"url\":\"https:\\\/\\\/secure.gravatar.com\\\/avatar\\\/f6d8782c11d12b2d4ad3fbb6931aeab5309937a4d6cd2fc9cfaa28a6396a5aec?s=96&d=mm&r=g\",\"contentUrl\":\"https:\\\/\\\/secure.gravatar.com\\\/avatar\\\/f6d8782c11d12b2d4ad3fbb6931aeab5309937a4d6cd2fc9cfaa28a6396a5aec?s=96&d=mm&r=g\",\"caption\":\"Redacci\u00f3n\"},\"url\":\"https:\\\/\\\/fuentesfidedignas.com.mx\\\/index.php\\\/author\\\/redaccion\\\/\"}]}<\/script>\n<!-- \/ Yoast SEO plugin. -->","yoast_head_json":{"title":"Rub\u00e9n Rocha Moya hace un llamado a j\u00f3venes a vacunarse contra el COVID-19 - Fuentes Fidedignas","robots":{"index":"index","follow":"follow","max-snippet":"max-snippet:-1","max-image-preview":"max-image-preview:large","max-video-preview":"max-video-preview:-1"},"canonical":"https:\/\/fuentesfidedignas.com.mx\/index.php\/2021\/07\/26\/ruben-rocha-moya-hace-un-llamado-a-jovenes-a-vacunarse-contra-el-covid-19\/","og_locale":"es_MX","og_type":"article","og_title":"Rub\u00e9n Rocha Moya hace un llamado a j\u00f3venes a vacunarse contra el COVID-19 - Fuentes Fidedignas","og_description":"La ciudadan\u00eda que acuda a aplicarse el antiviral debe de realizar un pre-registro en el p\u00e1gina&nbsp;https:\/\/mivacuna.salud.gob.mx, explic\u00f3. Culiac\u00e1n Sinaloa, lunes 26 de julio de 2021. \u2013 Con la finalidad de disminuir los contagios y de cuidarnos, el gobernador electo de Sinaloa Rub\u00e9n Rocha Moya, hizo un llamado a la ciudadan\u00eda mayor de 18 a\u00f1os de [&hellip;]","og_url":"https:\/\/fuentesfidedignas.com.mx\/index.php\/2021\/07\/26\/ruben-rocha-moya-hace-un-llamado-a-jovenes-a-vacunarse-contra-el-covid-19\/","og_site_name":"Fuentes Fidedignas","article_publisher":"https:\/\/www.facebook.com\/Fuentes-Fidedignas-368234489921644","article_published_time":"2021-07-26T23:44:18+00:00","article_modified_time":"2021-07-26T23:44:19+00:00","og_image":[{"width":1280,"height":720,"url":"https:\/\/fuentesfidedignas.com.mx\/wp-content\/uploads\/2021\/07\/RRM-VACUNA-2.jpg","type":"image\/jpeg"}],"author":"Redacci\u00f3n","twitter_card":"summary_large_image","twitter_creator":"@fidedignas","twitter_site":"@fidedignas","twitter_misc":{"Escrito por":"Redacci\u00f3n","Tiempo de lectura":"2 minutos"},"schema":{"@context":"https:\/\/schema.org","@graph":[{"@type":"Article","@id":"https:\/\/fuentesfidedignas.com.mx\/index.php\/2021\/07\/26\/ruben-rocha-moya-hace-un-llamado-a-jovenes-a-vacunarse-contra-el-covid-19\/#article","isPartOf":{"@id":"https:\/\/fuentesfidedignas.com.mx\/index.php\/2021\/07\/26\/ruben-rocha-moya-hace-un-llamado-a-jovenes-a-vacunarse-contra-el-covid-19\/"},"author":{"name":"Redacci\u00f3n","@id":"https:\/\/fuentesfidedignas.com.mx\/#\/schema\/person\/331be9283d37198e2acd5750279085b0"},"headline":"Rub\u00e9n Rocha Moya hace un llamado a j\u00f3venes a vacunarse contra el COVID-19","datePublished":"2021-07-26T23:44:18+00:00","dateModified":"2021-07-26T23:44:19+00:00","mainEntityOfPage":{"@id":"https:\/\/fuentesfidedignas.com.mx\/index.php\/2021\/07\/26\/ruben-rocha-moya-hace-un-llamado-a-jovenes-a-vacunarse-contra-el-covid-19\/"},"wordCount":312,"commentCount":0,"publisher":{"@id":"https:\/\/fuentesfidedignas.com.mx\/#organization"},"image":{"@id":"https:\/\/fuentesfidedignas.com.mx\/index.php\/2021\/07\/26\/ruben-rocha-moya-hace-un-llamado-a-jovenes-a-vacunarse-contra-el-covid-19\/#primaryimage"},"thumbnailUrl":"https:\/\/fuentesfidedignas.com.mx\/wp-content\/uploads\/2021\/07\/centros-1024x740.png","articleSection":["NOTICIAS LOCALES"],"inLanguage":"es","potentialAction":[{"@type":"CommentAction","name":"Comment","target":["https:\/\/fuentesfidedignas.com.mx\/index.php\/2021\/07\/26\/ruben-rocha-moya-hace-un-llamado-a-jovenes-a-vacunarse-contra-el-covid-19\/#respond"]}]},{"@type":"WebPage","@id":"https:\/\/fuentesfidedignas.com.mx\/index.php\/2021\/07\/26\/ruben-rocha-moya-hace-un-llamado-a-jovenes-a-vacunarse-contra-el-covid-19\/","url":"https:\/\/fuentesfidedignas.com.mx\/index.php\/2021\/07\/26\/ruben-rocha-moya-hace-un-llamado-a-jovenes-a-vacunarse-contra-el-covid-19\/","name":"Rub\u00e9n Rocha Moya hace un llamado a j\u00f3venes a vacunarse contra el COVID-19 - Fuentes Fidedignas","isPartOf":{"@id":"https:\/\/fuentesfidedignas.com.mx\/#website"},"primaryImageOfPage":{"@id":"https:\/\/fuentesfidedignas.com.mx\/index.php\/2021\/07\/26\/ruben-rocha-moya-hace-un-llamado-a-jovenes-a-vacunarse-contra-el-covid-19\/#primaryimage"},"image":{"@id":"https:\/\/fuentesfidedignas.com.mx\/index.php\/2021\/07\/26\/ruben-rocha-moya-hace-un-llamado-a-jovenes-a-vacunarse-contra-el-covid-19\/#primaryimage"},"thumbnailUrl":"https:\/\/fuentesfidedignas.com.mx\/wp-content\/uploads\/2021\/07\/centros-1024x740.png","datePublished":"2021-07-26T23:44:18+00:00","dateModified":"2021-07-26T23:44:19+00:00","breadcrumb":{"@id":"https:\/\/fuentesfidedignas.com.mx\/index.php\/2021\/07\/26\/ruben-rocha-moya-hace-un-llamado-a-jovenes-a-vacunarse-contra-el-covid-19\/#breadcrumb"},"inLanguage":"es","potentialAction":[{"@type":"ReadAction","target":["https:\/\/fuentesfidedignas.com.mx\/index.php\/2021\/07\/26\/ruben-rocha-moya-hace-un-llamado-a-jovenes-a-vacunarse-contra-el-covid-19\/"]}]},{"@type":"ImageObject","inLanguage":"es","@id":"https:\/\/fuentesfidedignas.com.mx\/index.php\/2021\/07\/26\/ruben-rocha-moya-hace-un-llamado-a-jovenes-a-vacunarse-contra-el-covid-19\/#primaryimage","url":"https:\/\/fuentesfidedignas.com.mx\/wp-content\/uploads\/2021\/07\/centros.png","contentUrl":"https:\/\/fuentesfidedignas.com.mx\/wp-content\/uploads\/2021\/07\/centros.png","width":1197,"height":865},{"@type":"BreadcrumbList","@id":"https:\/\/fuentesfidedignas.com.mx\/index.php\/2021\/07\/26\/ruben-rocha-moya-hace-un-llamado-a-jovenes-a-vacunarse-contra-el-covid-19\/#breadcrumb","itemListElement":[{"@type":"ListItem","position":1,"name":"Inicio","item":"https:\/\/fuentesfidedignas.com.mx\/"},{"@type":"ListItem","position":2,"name":"Rub\u00e9n Rocha Moya hace un llamado a j\u00f3venes a vacunarse contra el COVID-19"}]},{"@type":"WebSite","@id":"https:\/\/fuentesfidedignas.com.mx\/#website","url":"https:\/\/fuentesfidedignas.com.mx\/","name":"Fuentes Fidedignas","description":"Otro sitio realizado con WordPress","publisher":{"@id":"https:\/\/fuentesfidedignas.com.mx\/#organization"},"potentialAction":[{"@type":"SearchAction","target":{"@type":"EntryPoint","urlTemplate":"https:\/\/fuentesfidedignas.com.mx\/?s={search_term_string}"},"query-input":{"@type":"PropertyValueSpecification","valueRequired":true,"valueName":"search_term_string"}}],"inLanguage":"es"},{"@type":"Organization","@id":"https:\/\/fuentesfidedignas.com.mx\/#organization","name":"Fuentes Fidedignas","url":"https:\/\/fuentesfidedignas.com.mx\/","logo":{"@type":"ImageObject","inLanguage":"es","@id":"https:\/\/fuentesfidedignas.com.mx\/#\/schema\/logo\/image\/","url":"https:\/\/fuentesfidedignas.com.mx\/wp-content\/uploads\/2021\/04\/logo-retina.png","contentUrl":"https:\/\/fuentesfidedignas.com.mx\/wp-content\/uploads\/2021\/04\/logo-retina.png","width":280,"height":51,"caption":"Fuentes Fidedignas"},"image":{"@id":"https:\/\/fuentesfidedignas.com.mx\/#\/schema\/logo\/image\/"},"sameAs":["https:\/\/www.facebook.com\/Fuentes-Fidedignas-368234489921644","https:\/\/x.com\/fidedignas"]},{"@type":"Person","@id":"https:\/\/fuentesfidedignas.com.mx\/#\/schema\/person\/331be9283d37198e2acd5750279085b0","name":"Redacci\u00f3n","image":{"@type":"ImageObject","inLanguage":"es","@id":"https:\/\/secure.gravatar.com\/avatar\/f6d8782c11d12b2d4ad3fbb6931aeab5309937a4d6cd2fc9cfaa28a6396a5aec?s=96&d=mm&r=g","url":"https:\/\/secure.gravatar.com\/avatar\/f6d8782c11d12b2d4ad3fbb6931aeab5309937a4d6cd2fc9cfaa28a6396a5aec?s=96&d=mm&r=g","contentUrl":"https:\/\/secure.gravatar.com\/avatar\/f6d8782c11d12b2d4ad3fbb6931aeab5309937a4d6cd2fc9cfaa28a6396a5aec?s=96&d=mm&r=g","caption":"Redacci\u00f3n"},"url":"https:\/\/fuentesfidedignas.com.mx\/index.php\/author\/redaccion\/"}]}},"_links":{"self":[{"href":"https:\/\/fuentesfidedignas.com.mx\/index.php\/wp-json\/wp\/v2\/posts\/8284","targetHints":{"allow":["GET"]}}],"collection":[{"href":"https:\/\/fuentesfidedignas.com.mx\/index.php\/wp-json\/wp\/v2\/posts"}],"about":[{"href":"https:\/\/fuentesfidedignas.com.mx\/index.php\/wp-json\/wp\/v2\/types\/post"}],"author":[{"embeddable":true,"href":"https:\/\/fuentesfidedignas.com.mx\/index.php\/wp-json\/wp\/v2\/users\/4"}],"replies":[{"embeddable":true,"href":"https:\/\/fuentesfidedignas.com.mx\/index.php\/wp-json\/wp\/v2\/comments?post=8284"}],"version-history":[{"count":1,"href":"https:\/\/fuentesfidedignas.com.mx\/index.php\/wp-json\/wp\/v2\/posts\/8284\/revisions"}],"predecessor-version":[{"id":8287,"href":"https:\/\/fuentesfidedignas.com.mx\/index.php\/wp-json\/wp\/v2\/posts\/8284\/revisions\/8287"}],"wp:attachment":[{"href":"https:\/\/fuentesfidedignas.com.mx\/index.php\/wp-json\/wp\/v2\/media?parent=8284"}],"wp:term":[{"taxonomy":"category","embeddable":true,"href":"https:\/\/fuentesfidedignas.com.mx\/index.php\/wp-json\/wp\/v2\/categories?post=8284"},{"taxonomy":"post_tag","embeddable":true,"href":"https:\/\/fuentesfidedignas.com.mx\/index.php\/wp-json\/wp\/v2\/tags?post=8284"}],"curies":[{"name":"wp","href":"https:\/\/api.w.org\/{rel}","templated":true}]}}