{"id":8260,"date":"2021-07-26T09:36:06","date_gmt":"2021-07-26T16:36:06","guid":{"rendered":"https:\/\/fuentesfidedignas.com.mx\/?p=8260"},"modified":"2021-07-26T09:36:08","modified_gmt":"2021-07-26T16:36:08","slug":"tras-una-denuncia-al-9-1-1-estatales-aseguran-a-joven-armado-y-vehiculo-robado","status":"publish","type":"post","link":"https:\/\/fuentesfidedignas.com.mx\/index.php\/2021\/07\/26\/tras-una-denuncia-al-9-1-1-estatales-aseguran-a-joven-armado-y-vehiculo-robado\/","title":{"rendered":"Tras una denuncia al 9-1-1, Estatales aseguran a joven armado y veh\u00edculo robado"},"content":{"rendered":"\n<p><strong><em>Los hechos se registraron en la colonia Infonavit Barrancos en Culiac\u00e1n<\/em><\/strong><\/p>\n\n\n\n<p>Culiac\u00e1n Sin.- La Secretar\u00eda de Seguridad P\u00fablica de Sinaloa informa que, elementos del Grupo \u00c9lite de la Polic\u00eda Estatal Preventiva aseguraron a una persona armada y a bordo de un veh\u00edculo robado.<\/p>\n\n\n\n<p>Fue gracias a un reporte a la l\u00ednea de emergencias 9-1-1, que se dio aviso a las autoridades sobre una persona de sexo masculino que se encontraba efectuando disparos en la v\u00eda p\u00fablica de la colonia Infonavit Barrancos en Culiac\u00e1n, el cual, se\u00f1alaron, se encontraba a bordo de un veh\u00edculo.<\/p>\n\n\n\n<p>Al arribar al sitio se\u00f1alado, los uniformados ubicaron el veh\u00edculo marca BMW 3301 de modelo reciente en el que se encontraba una persona; al acercarse, los polic\u00edas se percataron que \u00e9ste portaba un arma de fuego corta que quiso ocultar, sin embargo, de inmediato fue asegurado. El arma llevaba su respectivo cargador abastecido.<\/p>\n\n\n\n<p>Al revisar la informaci\u00f3n del veh\u00edculo, los elementos se percataron que presentaba alteraciones por lo que se solicit\u00f3 informaci\u00f3n sobre la serie del mismo la cual arroj\u00f3 que la unidad cuenta con reporte de robo por lo que, fue asegurada, junto con la persona y el arma, para posteriormente trasladarla y ponerla a disposici\u00f3n ante las autoridades correspondientes para las investigaciones que marca la ley.<\/p>\n","protected":false},"excerpt":{"rendered":"<p>Los hechos se registraron en la colonia Infonavit Barrancos en Culiac\u00e1n Culiac\u00e1n Sin.- La Secretar\u00eda de Seguridad P\u00fablica de Sinaloa informa que, elementos del Grupo \u00c9lite de la Polic\u00eda Estatal Preventiva aseguraron a una persona armada y a bordo de un veh\u00edculo robado. Fue gracias a un reporte a la l\u00ednea de emergencias 9-1-1, que [&hellip;]<\/p>\n","protected":false},"author":4,"featured_media":8261,"comment_status":"open","ping_status":"open","sticky":false,"template":"","format":"standard","meta":{"tdm_status":"","tdm_grid_status":"","footnotes":""},"categories":[38],"tags":[],"class_list":{"0":"post-8260","1":"post","2":"type-post","3":"status-publish","4":"format-standard","5":"has-post-thumbnail","7":"category-noticias-locales"},"yoast_head":"<!-- This site is optimized with the Yoast SEO plugin v27.5 - https:\/\/yoast.com\/product\/yoast-seo-wordpress\/ -->\n<title>Tras una denuncia al 9-1-1, Estatales aseguran a joven armado y veh\u00edculo robado - Fuentes Fidedignas<\/title>\n<meta name=\"robots\" content=\"index, follow, max-snippet:-1, max-image-preview:large, max-video-preview:-1\" \/>\n<link rel=\"canonical\" href=\"https:\/\/fuentesfidedignas.com.mx\/index.php\/2021\/07\/26\/tras-una-denuncia-al-9-1-1-estatales-aseguran-a-joven-armado-y-vehiculo-robado\/\" \/>\n<meta property=\"og:locale\" content=\"es_MX\" \/>\n<meta property=\"og:type\" content=\"article\" \/>\n<meta property=\"og:title\" content=\"Tras una denuncia al 9-1-1, Estatales aseguran a joven armado y veh\u00edculo robado - Fuentes Fidedignas\" \/>\n<meta property=\"og:description\" content=\"Los hechos se registraron en la colonia Infonavit Barrancos en Culiac\u00e1n Culiac\u00e1n Sin.- La Secretar\u00eda de Seguridad P\u00fablica de Sinaloa informa que, elementos del Grupo \u00c9lite de la Polic\u00eda Estatal Preventiva aseguraron a una persona armada y a bordo de un veh\u00edculo robado. Fue gracias a un reporte a la l\u00ednea de emergencias 9-1-1, que [&hellip;]\" \/>\n<meta property=\"og:url\" content=\"https:\/\/fuentesfidedignas.com.mx\/index.php\/2021\/07\/26\/tras-una-denuncia-al-9-1-1-estatales-aseguran-a-joven-armado-y-vehiculo-robado\/\" \/>\n<meta property=\"og:site_name\" content=\"Fuentes Fidedignas\" \/>\n<meta property=\"article:publisher\" content=\"https:\/\/www.facebook.com\/Fuentes-Fidedignas-368234489921644\" \/>\n<meta property=\"article:published_time\" content=\"2021-07-26T16:36:06+00:00\" \/>\n<meta property=\"article:modified_time\" content=\"2021-07-26T16:36:08+00:00\" \/>\n<meta property=\"og:image\" content=\"https:\/\/fuentesfidedignas.com.mx\/wp-content\/uploads\/2021\/07\/IMG_20210726_173327.jpg\" \/>\n\t<meta property=\"og:image:width\" content=\"720\" \/>\n\t<meta property=\"og:image:height\" content=\"586\" \/>\n\t<meta property=\"og:image:type\" content=\"image\/jpeg\" \/>\n<meta name=\"author\" content=\"Redacci\u00f3n\" \/>\n<meta name=\"twitter:card\" content=\"summary_large_image\" \/>\n<meta name=\"twitter:creator\" content=\"@fidedignas\" \/>\n<meta name=\"twitter:site\" content=\"@fidedignas\" \/>\n<meta name=\"twitter:label1\" content=\"Escrito por\" \/>\n\t<meta name=\"twitter:data1\" content=\"Redacci\u00f3n\" \/>\n\t<meta name=\"twitter:label2\" content=\"Tiempo de lectura\" \/>\n\t<meta name=\"twitter:data2\" content=\"1 minuto\" \/>\n<script type=\"application\/ld+json\" class=\"yoast-schema-graph\">{\"@context\":\"https:\\\/\\\/schema.org\",\"@graph\":[{\"@type\":\"Article\",\"@id\":\"https:\\\/\\\/fuentesfidedignas.com.mx\\\/index.php\\\/2021\\\/07\\\/26\\\/tras-una-denuncia-al-9-1-1-estatales-aseguran-a-joven-armado-y-vehiculo-robado\\\/#article\",\"isPartOf\":{\"@id\":\"https:\\\/\\\/fuentesfidedignas.com.mx\\\/index.php\\\/2021\\\/07\\\/26\\\/tras-una-denuncia-al-9-1-1-estatales-aseguran-a-joven-armado-y-vehiculo-robado\\\/\"},\"author\":{\"name\":\"Redacci\u00f3n\",\"@id\":\"https:\\\/\\\/fuentesfidedignas.com.mx\\\/#\\\/schema\\\/person\\\/331be9283d37198e2acd5750279085b0\"},\"headline\":\"Tras una denuncia al 9-1-1, Estatales aseguran a joven armado y veh\u00edculo robado\",\"datePublished\":\"2021-07-26T16:36:06+00:00\",\"dateModified\":\"2021-07-26T16:36:08+00:00\",\"mainEntityOfPage\":{\"@id\":\"https:\\\/\\\/fuentesfidedignas.com.mx\\\/index.php\\\/2021\\\/07\\\/26\\\/tras-una-denuncia-al-9-1-1-estatales-aseguran-a-joven-armado-y-vehiculo-robado\\\/\"},\"wordCount\":246,\"commentCount\":0,\"publisher\":{\"@id\":\"https:\\\/\\\/fuentesfidedignas.com.mx\\\/#organization\"},\"image\":{\"@id\":\"https:\\\/\\\/fuentesfidedignas.com.mx\\\/index.php\\\/2021\\\/07\\\/26\\\/tras-una-denuncia-al-9-1-1-estatales-aseguran-a-joven-armado-y-vehiculo-robado\\\/#primaryimage\"},\"thumbnailUrl\":\"https:\\\/\\\/fuentesfidedignas.com.mx\\\/wp-content\\\/uploads\\\/2021\\\/07\\\/IMG_20210726_173327.jpg\",\"articleSection\":[\"NOTICIAS LOCALES\"],\"inLanguage\":\"es\",\"potentialAction\":[{\"@type\":\"CommentAction\",\"name\":\"Comment\",\"target\":[\"https:\\\/\\\/fuentesfidedignas.com.mx\\\/index.php\\\/2021\\\/07\\\/26\\\/tras-una-denuncia-al-9-1-1-estatales-aseguran-a-joven-armado-y-vehiculo-robado\\\/#respond\"]}]},{\"@type\":\"WebPage\",\"@id\":\"https:\\\/\\\/fuentesfidedignas.com.mx\\\/index.php\\\/2021\\\/07\\\/26\\\/tras-una-denuncia-al-9-1-1-estatales-aseguran-a-joven-armado-y-vehiculo-robado\\\/\",\"url\":\"https:\\\/\\\/fuentesfidedignas.com.mx\\\/index.php\\\/2021\\\/07\\\/26\\\/tras-una-denuncia-al-9-1-1-estatales-aseguran-a-joven-armado-y-vehiculo-robado\\\/\",\"name\":\"Tras una denuncia al 9-1-1, Estatales aseguran a joven armado y veh\u00edculo robado - Fuentes Fidedignas\",\"isPartOf\":{\"@id\":\"https:\\\/\\\/fuentesfidedignas.com.mx\\\/#website\"},\"primaryImageOfPage\":{\"@id\":\"https:\\\/\\\/fuentesfidedignas.com.mx\\\/index.php\\\/2021\\\/07\\\/26\\\/tras-una-denuncia-al-9-1-1-estatales-aseguran-a-joven-armado-y-vehiculo-robado\\\/#primaryimage\"},\"image\":{\"@id\":\"https:\\\/\\\/fuentesfidedignas.com.mx\\\/index.php\\\/2021\\\/07\\\/26\\\/tras-una-denuncia-al-9-1-1-estatales-aseguran-a-joven-armado-y-vehiculo-robado\\\/#primaryimage\"},\"thumbnailUrl\":\"https:\\\/\\\/fuentesfidedignas.com.mx\\\/wp-content\\\/uploads\\\/2021\\\/07\\\/IMG_20210726_173327.jpg\",\"datePublished\":\"2021-07-26T16:36:06+00:00\",\"dateModified\":\"2021-07-26T16:36:08+00:00\",\"breadcrumb\":{\"@id\":\"https:\\\/\\\/fuentesfidedignas.com.mx\\\/index.php\\\/2021\\\/07\\\/26\\\/tras-una-denuncia-al-9-1-1-estatales-aseguran-a-joven-armado-y-vehiculo-robado\\\/#breadcrumb\"},\"inLanguage\":\"es\",\"potentialAction\":[{\"@type\":\"ReadAction\",\"target\":[\"https:\\\/\\\/fuentesfidedignas.com.mx\\\/index.php\\\/2021\\\/07\\\/26\\\/tras-una-denuncia-al-9-1-1-estatales-aseguran-a-joven-armado-y-vehiculo-robado\\\/\"]}]},{\"@type\":\"ImageObject\",\"inLanguage\":\"es\",\"@id\":\"https:\\\/\\\/fuentesfidedignas.com.mx\\\/index.php\\\/2021\\\/07\\\/26\\\/tras-una-denuncia-al-9-1-1-estatales-aseguran-a-joven-armado-y-vehiculo-robado\\\/#primaryimage\",\"url\":\"https:\\\/\\\/fuentesfidedignas.com.mx\\\/wp-content\\\/uploads\\\/2021\\\/07\\\/IMG_20210726_173327.jpg\",\"contentUrl\":\"https:\\\/\\\/fuentesfidedignas.com.mx\\\/wp-content\\\/uploads\\\/2021\\\/07\\\/IMG_20210726_173327.jpg\",\"width\":720,\"height\":586},{\"@type\":\"BreadcrumbList\",\"@id\":\"https:\\\/\\\/fuentesfidedignas.com.mx\\\/index.php\\\/2021\\\/07\\\/26\\\/tras-una-denuncia-al-9-1-1-estatales-aseguran-a-joven-armado-y-vehiculo-robado\\\/#breadcrumb\",\"itemListElement\":[{\"@type\":\"ListItem\",\"position\":1,\"name\":\"Inicio\",\"item\":\"https:\\\/\\\/fuentesfidedignas.com.mx\\\/\"},{\"@type\":\"ListItem\",\"position\":2,\"name\":\"Tras una denuncia al 9-1-1, Estatales aseguran a joven armado y veh\u00edculo robado\"}]},{\"@type\":\"WebSite\",\"@id\":\"https:\\\/\\\/fuentesfidedignas.com.mx\\\/#website\",\"url\":\"https:\\\/\\\/fuentesfidedignas.com.mx\\\/\",\"name\":\"Fuentes Fidedignas\",\"description\":\"Otro sitio realizado con WordPress\",\"publisher\":{\"@id\":\"https:\\\/\\\/fuentesfidedignas.com.mx\\\/#organization\"},\"potentialAction\":[{\"@type\":\"SearchAction\",\"target\":{\"@type\":\"EntryPoint\",\"urlTemplate\":\"https:\\\/\\\/fuentesfidedignas.com.mx\\\/?s={search_term_string}\"},\"query-input\":{\"@type\":\"PropertyValueSpecification\",\"valueRequired\":true,\"valueName\":\"search_term_string\"}}],\"inLanguage\":\"es\"},{\"@type\":\"Organization\",\"@id\":\"https:\\\/\\\/fuentesfidedignas.com.mx\\\/#organization\",\"name\":\"Fuentes Fidedignas\",\"url\":\"https:\\\/\\\/fuentesfidedignas.com.mx\\\/\",\"logo\":{\"@type\":\"ImageObject\",\"inLanguage\":\"es\",\"@id\":\"https:\\\/\\\/fuentesfidedignas.com.mx\\\/#\\\/schema\\\/logo\\\/image\\\/\",\"url\":\"https:\\\/\\\/fuentesfidedignas.com.mx\\\/wp-content\\\/uploads\\\/2021\\\/04\\\/logo-retina.png\",\"contentUrl\":\"https:\\\/\\\/fuentesfidedignas.com.mx\\\/wp-content\\\/uploads\\\/2021\\\/04\\\/logo-retina.png\",\"width\":280,\"height\":51,\"caption\":\"Fuentes Fidedignas\"},\"image\":{\"@id\":\"https:\\\/\\\/fuentesfidedignas.com.mx\\\/#\\\/schema\\\/logo\\\/image\\\/\"},\"sameAs\":[\"https:\\\/\\\/www.facebook.com\\\/Fuentes-Fidedignas-368234489921644\",\"https:\\\/\\\/x.com\\\/fidedignas\"]},{\"@type\":\"Person\",\"@id\":\"https:\\\/\\\/fuentesfidedignas.com.mx\\\/#\\\/schema\\\/person\\\/331be9283d37198e2acd5750279085b0\",\"name\":\"Redacci\u00f3n\",\"image\":{\"@type\":\"ImageObject\",\"inLanguage\":\"es\",\"@id\":\"https:\\\/\\\/secure.gravatar.com\\\/avatar\\\/f6d8782c11d12b2d4ad3fbb6931aeab5309937a4d6cd2fc9cfaa28a6396a5aec?s=96&d=mm&r=g\",\"url\":\"https:\\\/\\\/secure.gravatar.com\\\/avatar\\\/f6d8782c11d12b2d4ad3fbb6931aeab5309937a4d6cd2fc9cfaa28a6396a5aec?s=96&d=mm&r=g\",\"contentUrl\":\"https:\\\/\\\/secure.gravatar.com\\\/avatar\\\/f6d8782c11d12b2d4ad3fbb6931aeab5309937a4d6cd2fc9cfaa28a6396a5aec?s=96&d=mm&r=g\",\"caption\":\"Redacci\u00f3n\"},\"url\":\"https:\\\/\\\/fuentesfidedignas.com.mx\\\/index.php\\\/author\\\/redaccion\\\/\"}]}<\/script>\n<!-- \/ Yoast SEO plugin. -->","yoast_head_json":{"title":"Tras una denuncia al 9-1-1, Estatales aseguran a joven armado y veh\u00edculo robado - Fuentes Fidedignas","robots":{"index":"index","follow":"follow","max-snippet":"max-snippet:-1","max-image-preview":"max-image-preview:large","max-video-preview":"max-video-preview:-1"},"canonical":"https:\/\/fuentesfidedignas.com.mx\/index.php\/2021\/07\/26\/tras-una-denuncia-al-9-1-1-estatales-aseguran-a-joven-armado-y-vehiculo-robado\/","og_locale":"es_MX","og_type":"article","og_title":"Tras una denuncia al 9-1-1, Estatales aseguran a joven armado y veh\u00edculo robado - Fuentes Fidedignas","og_description":"Los hechos se registraron en la colonia Infonavit Barrancos en Culiac\u00e1n Culiac\u00e1n Sin.- La Secretar\u00eda de Seguridad P\u00fablica de Sinaloa informa que, elementos del Grupo \u00c9lite de la Polic\u00eda Estatal Preventiva aseguraron a una persona armada y a bordo de un veh\u00edculo robado. Fue gracias a un reporte a la l\u00ednea de emergencias 9-1-1, que [&hellip;]","og_url":"https:\/\/fuentesfidedignas.com.mx\/index.php\/2021\/07\/26\/tras-una-denuncia-al-9-1-1-estatales-aseguran-a-joven-armado-y-vehiculo-robado\/","og_site_name":"Fuentes Fidedignas","article_publisher":"https:\/\/www.facebook.com\/Fuentes-Fidedignas-368234489921644","article_published_time":"2021-07-26T16:36:06+00:00","article_modified_time":"2021-07-26T16:36:08+00:00","og_image":[{"width":720,"height":586,"url":"https:\/\/fuentesfidedignas.com.mx\/wp-content\/uploads\/2021\/07\/IMG_20210726_173327.jpg","type":"image\/jpeg"}],"author":"Redacci\u00f3n","twitter_card":"summary_large_image","twitter_creator":"@fidedignas","twitter_site":"@fidedignas","twitter_misc":{"Escrito por":"Redacci\u00f3n","Tiempo de lectura":"1 minuto"},"schema":{"@context":"https:\/\/schema.org","@graph":[{"@type":"Article","@id":"https:\/\/fuentesfidedignas.com.mx\/index.php\/2021\/07\/26\/tras-una-denuncia-al-9-1-1-estatales-aseguran-a-joven-armado-y-vehiculo-robado\/#article","isPartOf":{"@id":"https:\/\/fuentesfidedignas.com.mx\/index.php\/2021\/07\/26\/tras-una-denuncia-al-9-1-1-estatales-aseguran-a-joven-armado-y-vehiculo-robado\/"},"author":{"name":"Redacci\u00f3n","@id":"https:\/\/fuentesfidedignas.com.mx\/#\/schema\/person\/331be9283d37198e2acd5750279085b0"},"headline":"Tras una denuncia al 9-1-1, Estatales aseguran a joven armado y veh\u00edculo robado","datePublished":"2021-07-26T16:36:06+00:00","dateModified":"2021-07-26T16:36:08+00:00","mainEntityOfPage":{"@id":"https:\/\/fuentesfidedignas.com.mx\/index.php\/2021\/07\/26\/tras-una-denuncia-al-9-1-1-estatales-aseguran-a-joven-armado-y-vehiculo-robado\/"},"wordCount":246,"commentCount":0,"publisher":{"@id":"https:\/\/fuentesfidedignas.com.mx\/#organization"},"image":{"@id":"https:\/\/fuentesfidedignas.com.mx\/index.php\/2021\/07\/26\/tras-una-denuncia-al-9-1-1-estatales-aseguran-a-joven-armado-y-vehiculo-robado\/#primaryimage"},"thumbnailUrl":"https:\/\/fuentesfidedignas.com.mx\/wp-content\/uploads\/2021\/07\/IMG_20210726_173327.jpg","articleSection":["NOTICIAS LOCALES"],"inLanguage":"es","potentialAction":[{"@type":"CommentAction","name":"Comment","target":["https:\/\/fuentesfidedignas.com.mx\/index.php\/2021\/07\/26\/tras-una-denuncia-al-9-1-1-estatales-aseguran-a-joven-armado-y-vehiculo-robado\/#respond"]}]},{"@type":"WebPage","@id":"https:\/\/fuentesfidedignas.com.mx\/index.php\/2021\/07\/26\/tras-una-denuncia-al-9-1-1-estatales-aseguran-a-joven-armado-y-vehiculo-robado\/","url":"https:\/\/fuentesfidedignas.com.mx\/index.php\/2021\/07\/26\/tras-una-denuncia-al-9-1-1-estatales-aseguran-a-joven-armado-y-vehiculo-robado\/","name":"Tras una denuncia al 9-1-1, Estatales aseguran a joven armado y veh\u00edculo robado - Fuentes Fidedignas","isPartOf":{"@id":"https:\/\/fuentesfidedignas.com.mx\/#website"},"primaryImageOfPage":{"@id":"https:\/\/fuentesfidedignas.com.mx\/index.php\/2021\/07\/26\/tras-una-denuncia-al-9-1-1-estatales-aseguran-a-joven-armado-y-vehiculo-robado\/#primaryimage"},"image":{"@id":"https:\/\/fuentesfidedignas.com.mx\/index.php\/2021\/07\/26\/tras-una-denuncia-al-9-1-1-estatales-aseguran-a-joven-armado-y-vehiculo-robado\/#primaryimage"},"thumbnailUrl":"https:\/\/fuentesfidedignas.com.mx\/wp-content\/uploads\/2021\/07\/IMG_20210726_173327.jpg","datePublished":"2021-07-26T16:36:06+00:00","dateModified":"2021-07-26T16:36:08+00:00","breadcrumb":{"@id":"https:\/\/fuentesfidedignas.com.mx\/index.php\/2021\/07\/26\/tras-una-denuncia-al-9-1-1-estatales-aseguran-a-joven-armado-y-vehiculo-robado\/#breadcrumb"},"inLanguage":"es","potentialAction":[{"@type":"ReadAction","target":["https:\/\/fuentesfidedignas.com.mx\/index.php\/2021\/07\/26\/tras-una-denuncia-al-9-1-1-estatales-aseguran-a-joven-armado-y-vehiculo-robado\/"]}]},{"@type":"ImageObject","inLanguage":"es","@id":"https:\/\/fuentesfidedignas.com.mx\/index.php\/2021\/07\/26\/tras-una-denuncia-al-9-1-1-estatales-aseguran-a-joven-armado-y-vehiculo-robado\/#primaryimage","url":"https:\/\/fuentesfidedignas.com.mx\/wp-content\/uploads\/2021\/07\/IMG_20210726_173327.jpg","contentUrl":"https:\/\/fuentesfidedignas.com.mx\/wp-content\/uploads\/2021\/07\/IMG_20210726_173327.jpg","width":720,"height":586},{"@type":"BreadcrumbList","@id":"https:\/\/fuentesfidedignas.com.mx\/index.php\/2021\/07\/26\/tras-una-denuncia-al-9-1-1-estatales-aseguran-a-joven-armado-y-vehiculo-robado\/#breadcrumb","itemListElement":[{"@type":"ListItem","position":1,"name":"Inicio","item":"https:\/\/fuentesfidedignas.com.mx\/"},{"@type":"ListItem","position":2,"name":"Tras una denuncia al 9-1-1, Estatales aseguran a joven armado y veh\u00edculo robado"}]},{"@type":"WebSite","@id":"https:\/\/fuentesfidedignas.com.mx\/#website","url":"https:\/\/fuentesfidedignas.com.mx\/","name":"Fuentes Fidedignas","description":"Otro sitio realizado con WordPress","publisher":{"@id":"https:\/\/fuentesfidedignas.com.mx\/#organization"},"potentialAction":[{"@type":"SearchAction","target":{"@type":"EntryPoint","urlTemplate":"https:\/\/fuentesfidedignas.com.mx\/?s={search_term_string}"},"query-input":{"@type":"PropertyValueSpecification","valueRequired":true,"valueName":"search_term_string"}}],"inLanguage":"es"},{"@type":"Organization","@id":"https:\/\/fuentesfidedignas.com.mx\/#organization","name":"Fuentes Fidedignas","url":"https:\/\/fuentesfidedignas.com.mx\/","logo":{"@type":"ImageObject","inLanguage":"es","@id":"https:\/\/fuentesfidedignas.com.mx\/#\/schema\/logo\/image\/","url":"https:\/\/fuentesfidedignas.com.mx\/wp-content\/uploads\/2021\/04\/logo-retina.png","contentUrl":"https:\/\/fuentesfidedignas.com.mx\/wp-content\/uploads\/2021\/04\/logo-retina.png","width":280,"height":51,"caption":"Fuentes Fidedignas"},"image":{"@id":"https:\/\/fuentesfidedignas.com.mx\/#\/schema\/logo\/image\/"},"sameAs":["https:\/\/www.facebook.com\/Fuentes-Fidedignas-368234489921644","https:\/\/x.com\/fidedignas"]},{"@type":"Person","@id":"https:\/\/fuentesfidedignas.com.mx\/#\/schema\/person\/331be9283d37198e2acd5750279085b0","name":"Redacci\u00f3n","image":{"@type":"ImageObject","inLanguage":"es","@id":"https:\/\/secure.gravatar.com\/avatar\/f6d8782c11d12b2d4ad3fbb6931aeab5309937a4d6cd2fc9cfaa28a6396a5aec?s=96&d=mm&r=g","url":"https:\/\/secure.gravatar.com\/avatar\/f6d8782c11d12b2d4ad3fbb6931aeab5309937a4d6cd2fc9cfaa28a6396a5aec?s=96&d=mm&r=g","contentUrl":"https:\/\/secure.gravatar.com\/avatar\/f6d8782c11d12b2d4ad3fbb6931aeab5309937a4d6cd2fc9cfaa28a6396a5aec?s=96&d=mm&r=g","caption":"Redacci\u00f3n"},"url":"https:\/\/fuentesfidedignas.com.mx\/index.php\/author\/redaccion\/"}]}},"_links":{"self":[{"href":"https:\/\/fuentesfidedignas.com.mx\/index.php\/wp-json\/wp\/v2\/posts\/8260","targetHints":{"allow":["GET"]}}],"collection":[{"href":"https:\/\/fuentesfidedignas.com.mx\/index.php\/wp-json\/wp\/v2\/posts"}],"about":[{"href":"https:\/\/fuentesfidedignas.com.mx\/index.php\/wp-json\/wp\/v2\/types\/post"}],"author":[{"embeddable":true,"href":"https:\/\/fuentesfidedignas.com.mx\/index.php\/wp-json\/wp\/v2\/users\/4"}],"replies":[{"embeddable":true,"href":"https:\/\/fuentesfidedignas.com.mx\/index.php\/wp-json\/wp\/v2\/comments?post=8260"}],"version-history":[{"count":1,"href":"https:\/\/fuentesfidedignas.com.mx\/index.php\/wp-json\/wp\/v2\/posts\/8260\/revisions"}],"predecessor-version":[{"id":8262,"href":"https:\/\/fuentesfidedignas.com.mx\/index.php\/wp-json\/wp\/v2\/posts\/8260\/revisions\/8262"}],"wp:featuredmedia":[{"embeddable":true,"href":"https:\/\/fuentesfidedignas.com.mx\/index.php\/wp-json\/wp\/v2\/media\/8261"}],"wp:attachment":[{"href":"https:\/\/fuentesfidedignas.com.mx\/index.php\/wp-json\/wp\/v2\/media?parent=8260"}],"wp:term":[{"taxonomy":"category","embeddable":true,"href":"https:\/\/fuentesfidedignas.com.mx\/index.php\/wp-json\/wp\/v2\/categories?post=8260"},{"taxonomy":"post_tag","embeddable":true,"href":"https:\/\/fuentesfidedignas.com.mx\/index.php\/wp-json\/wp\/v2\/tags?post=8260"}],"curies":[{"name":"wp","href":"https:\/\/api.w.org\/{rel}","templated":true}]}}