{"id":82575,"date":"2024-05-27T06:32:35","date_gmt":"2024-05-27T13:32:35","guid":{"rendered":"https:\/\/fuentesfidedignas.com.mx\/?p=82575"},"modified":"2024-05-27T15:21:08","modified_gmt":"2024-05-27T22:21:08","slug":"dorados-de-sinaloa-anuncia-salida-de-chiquis-garcia-de-la-direccion-tecnica","status":"publish","type":"post","link":"https:\/\/fuentesfidedignas.com.mx\/index.php\/2024\/05\/27\/dorados-de-sinaloa-anuncia-salida-de-chiquis-garcia-de-la-direccion-tecnica\/","title":{"rendered":"Dorados de Sinaloa anuncia salida de &#8220;Chiquis&#8221; Garc\u00eda de la direcci\u00f3n t\u00e9cnica"},"content":{"rendered":"\n<p><strong><em>El estratega mexicano de 48 a\u00f1os se va de Dorados tras tres a\u00f1os y medio en el banquillo<\/em><\/strong><\/p>\n\n\n\n<p>Ciudad de M\u00e9xico.- Luego de una temporada desastrosa para los Dorados en donde solo sumaron 11 puntos y culminaron en la posici\u00f3n 13 durante el Clausura 2024 de la Liga de Expansi\u00f3n, el conjunto de Sinaloa ha decidido destituir a \u2018Chiquis\u2019 Garc\u00eda de su puesto de director t\u00e9cnico en el club.<\/p>\n\n\n\n<p>En el comunicado en el que anuncia el despido, Dorados le agradece la entrega a Rafael Garc\u00eda en sus tres a\u00f1os en los que tuvo el control del equipo, resaltado el hist\u00f3rico r\u00e9cord de puntos que logr\u00f3 durante el Apertura 2021 en el que fue su segundo torneo con el club.<\/p>\n\n\n\n<p>\u201cAgradecemos el profesor su trabajo y dedicaci\u00f3n al frente del club en estos en estos tres a\u00f1os y medio, en los cuales se clasific\u00f3 a tres fases finales, obteniendo en uno de ellos el r\u00e9cord de puntos de la Liga de Expansi\u00f3n\u201d<\/p>\n\n\n\n<blockquote class=\"twitter-tweet\"><p lang=\"es\" dir=\"ltr\">\u00a1Gracias \u201cChiquis\u201d, Sinaloa es tu casa! \ud83d\udc9b\ud83d\udc20 <a href=\"https:\/\/t.co\/5kuzBxQagD\">pic.twitter.com\/5kuzBxQagD<\/a><\/p>&mdash; Dorados (@Dorados) <a href=\"https:\/\/twitter.com\/Dorados\/status\/1794833259945464302?ref_src=twsrc%5Etfw\">May 26, 2024<\/a><\/blockquote> <script async src=\"https:\/\/platform.twitter.com\/widgets.js\" charset=\"utf-8\"><\/script>\n\n\n\n<p>Garc\u00eda solo logr\u00f3 meter en tres de siete ocasiones posibles a los Dorados de Sinaloa a la Liguilla y es el segundo equipo del que es destituido en su corta carrera como entrenador, siendo Puebla el \u00fanico club que le ha dado una oportunidad en el m\u00e1ximo circuito.<\/p>\n","protected":false},"excerpt":{"rendered":"<p>El estratega mexicano de 48 a\u00f1os se va de Dorados tras tres a\u00f1os y medio en el banquillo Ciudad de M\u00e9xico.- Luego de una temporada desastrosa para los Dorados en donde solo sumaron 11 puntos y culminaron en la posici\u00f3n 13 durante el Clausura 2024 de la Liga de Expansi\u00f3n, el conjunto de Sinaloa ha [&hellip;]<\/p>\n","protected":false},"author":150,"featured_media":82577,"comment_status":"open","ping_status":"open","sticky":false,"template":"","format":"standard","meta":{"tdm_status":"","tdm_grid_status":"","footnotes":""},"categories":[38],"tags":[],"class_list":{"0":"post-82575","1":"post","2":"type-post","3":"status-publish","4":"format-standard","5":"has-post-thumbnail","7":"category-noticias-locales"},"yoast_head":"<!-- This site is optimized with the Yoast SEO plugin v27.5 - https:\/\/yoast.com\/product\/yoast-seo-wordpress\/ -->\n<title>Dorados de Sinaloa anuncia salida de &quot;Chiquis&quot; Garc\u00eda de la direcci\u00f3n t\u00e9cnica - Fuentes Fidedignas<\/title>\n<meta name=\"robots\" content=\"index, follow, max-snippet:-1, max-image-preview:large, max-video-preview:-1\" \/>\n<link rel=\"canonical\" href=\"https:\/\/fuentesfidedignas.com.mx\/index.php\/2024\/05\/27\/dorados-de-sinaloa-anuncia-salida-de-chiquis-garcia-de-la-direccion-tecnica\/\" \/>\n<meta property=\"og:locale\" content=\"es_MX\" \/>\n<meta property=\"og:type\" content=\"article\" \/>\n<meta property=\"og:title\" content=\"Dorados de Sinaloa anuncia salida de &quot;Chiquis&quot; Garc\u00eda de la direcci\u00f3n t\u00e9cnica - Fuentes Fidedignas\" \/>\n<meta property=\"og:description\" content=\"El estratega mexicano de 48 a\u00f1os se va de Dorados tras tres a\u00f1os y medio en el banquillo Ciudad de M\u00e9xico.- Luego de una temporada desastrosa para los Dorados en donde solo sumaron 11 puntos y culminaron en la posici\u00f3n 13 durante el Clausura 2024 de la Liga de Expansi\u00f3n, el conjunto de Sinaloa ha [&hellip;]\" \/>\n<meta property=\"og:url\" content=\"https:\/\/fuentesfidedignas.com.mx\/index.php\/2024\/05\/27\/dorados-de-sinaloa-anuncia-salida-de-chiquis-garcia-de-la-direccion-tecnica\/\" \/>\n<meta property=\"og:site_name\" content=\"Fuentes Fidedignas\" \/>\n<meta property=\"article:publisher\" content=\"https:\/\/www.facebook.com\/Fuentes-Fidedignas-368234489921644\" \/>\n<meta property=\"article:published_time\" content=\"2024-05-27T13:32:35+00:00\" \/>\n<meta property=\"article:modified_time\" content=\"2024-05-27T22:21:08+00:00\" \/>\n<meta property=\"og:image\" content=\"https:\/\/fuentesfidedignas.com.mx\/wp-content\/uploads\/2024\/05\/chiquis-garcia.jpg\" \/>\n\t<meta property=\"og:image:width\" content=\"650\" \/>\n\t<meta property=\"og:image:height\" content=\"366\" \/>\n\t<meta property=\"og:image:type\" content=\"image\/jpeg\" \/>\n<meta name=\"author\" content=\"R\u00e9cord\" \/>\n<meta name=\"twitter:card\" content=\"summary_large_image\" \/>\n<meta name=\"twitter:creator\" content=\"@fidedignas\" \/>\n<meta name=\"twitter:site\" content=\"@fidedignas\" \/>\n<meta name=\"twitter:label1\" content=\"Escrito por\" \/>\n\t<meta name=\"twitter:data1\" content=\"R\u00e9cord\" \/>\n\t<meta name=\"twitter:label2\" content=\"Tiempo de lectura\" \/>\n\t<meta name=\"twitter:data2\" content=\"2 minutos\" \/>\n<script type=\"application\/ld+json\" class=\"yoast-schema-graph\">{\"@context\":\"https:\\\/\\\/schema.org\",\"@graph\":[{\"@type\":\"Article\",\"@id\":\"https:\\\/\\\/fuentesfidedignas.com.mx\\\/index.php\\\/2024\\\/05\\\/27\\\/dorados-de-sinaloa-anuncia-salida-de-chiquis-garcia-de-la-direccion-tecnica\\\/#article\",\"isPartOf\":{\"@id\":\"https:\\\/\\\/fuentesfidedignas.com.mx\\\/index.php\\\/2024\\\/05\\\/27\\\/dorados-de-sinaloa-anuncia-salida-de-chiquis-garcia-de-la-direccion-tecnica\\\/\"},\"author\":{\"name\":\"R\u00e9cord\",\"@id\":\"https:\\\/\\\/fuentesfidedignas.com.mx\\\/#\\\/schema\\\/person\\\/39b91b7742a24e842156ffcfe0db5e08\"},\"headline\":\"Dorados de Sinaloa anuncia salida de &#8220;Chiquis&#8221; Garc\u00eda de la direcci\u00f3n t\u00e9cnica\",\"datePublished\":\"2024-05-27T13:32:35+00:00\",\"dateModified\":\"2024-05-27T22:21:08+00:00\",\"mainEntityOfPage\":{\"@id\":\"https:\\\/\\\/fuentesfidedignas.com.mx\\\/index.php\\\/2024\\\/05\\\/27\\\/dorados-de-sinaloa-anuncia-salida-de-chiquis-garcia-de-la-direccion-tecnica\\\/\"},\"wordCount\":252,\"commentCount\":0,\"publisher\":{\"@id\":\"https:\\\/\\\/fuentesfidedignas.com.mx\\\/#organization\"},\"image\":{\"@id\":\"https:\\\/\\\/fuentesfidedignas.com.mx\\\/index.php\\\/2024\\\/05\\\/27\\\/dorados-de-sinaloa-anuncia-salida-de-chiquis-garcia-de-la-direccion-tecnica\\\/#primaryimage\"},\"thumbnailUrl\":\"https:\\\/\\\/fuentesfidedignas.com.mx\\\/wp-content\\\/uploads\\\/2024\\\/05\\\/chiquis-garcia.jpg\",\"articleSection\":[\"NOTICIAS LOCALES\"],\"inLanguage\":\"es\",\"potentialAction\":[{\"@type\":\"CommentAction\",\"name\":\"Comment\",\"target\":[\"https:\\\/\\\/fuentesfidedignas.com.mx\\\/index.php\\\/2024\\\/05\\\/27\\\/dorados-de-sinaloa-anuncia-salida-de-chiquis-garcia-de-la-direccion-tecnica\\\/#respond\"]}]},{\"@type\":\"WebPage\",\"@id\":\"https:\\\/\\\/fuentesfidedignas.com.mx\\\/index.php\\\/2024\\\/05\\\/27\\\/dorados-de-sinaloa-anuncia-salida-de-chiquis-garcia-de-la-direccion-tecnica\\\/\",\"url\":\"https:\\\/\\\/fuentesfidedignas.com.mx\\\/index.php\\\/2024\\\/05\\\/27\\\/dorados-de-sinaloa-anuncia-salida-de-chiquis-garcia-de-la-direccion-tecnica\\\/\",\"name\":\"Dorados de Sinaloa anuncia salida de \\\"Chiquis\\\" Garc\u00eda de la direcci\u00f3n t\u00e9cnica - Fuentes Fidedignas\",\"isPartOf\":{\"@id\":\"https:\\\/\\\/fuentesfidedignas.com.mx\\\/#website\"},\"primaryImageOfPage\":{\"@id\":\"https:\\\/\\\/fuentesfidedignas.com.mx\\\/index.php\\\/2024\\\/05\\\/27\\\/dorados-de-sinaloa-anuncia-salida-de-chiquis-garcia-de-la-direccion-tecnica\\\/#primaryimage\"},\"image\":{\"@id\":\"https:\\\/\\\/fuentesfidedignas.com.mx\\\/index.php\\\/2024\\\/05\\\/27\\\/dorados-de-sinaloa-anuncia-salida-de-chiquis-garcia-de-la-direccion-tecnica\\\/#primaryimage\"},\"thumbnailUrl\":\"https:\\\/\\\/fuentesfidedignas.com.mx\\\/wp-content\\\/uploads\\\/2024\\\/05\\\/chiquis-garcia.jpg\",\"datePublished\":\"2024-05-27T13:32:35+00:00\",\"dateModified\":\"2024-05-27T22:21:08+00:00\",\"breadcrumb\":{\"@id\":\"https:\\\/\\\/fuentesfidedignas.com.mx\\\/index.php\\\/2024\\\/05\\\/27\\\/dorados-de-sinaloa-anuncia-salida-de-chiquis-garcia-de-la-direccion-tecnica\\\/#breadcrumb\"},\"inLanguage\":\"es\",\"potentialAction\":[{\"@type\":\"ReadAction\",\"target\":[\"https:\\\/\\\/fuentesfidedignas.com.mx\\\/index.php\\\/2024\\\/05\\\/27\\\/dorados-de-sinaloa-anuncia-salida-de-chiquis-garcia-de-la-direccion-tecnica\\\/\"]}]},{\"@type\":\"ImageObject\",\"inLanguage\":\"es\",\"@id\":\"https:\\\/\\\/fuentesfidedignas.com.mx\\\/index.php\\\/2024\\\/05\\\/27\\\/dorados-de-sinaloa-anuncia-salida-de-chiquis-garcia-de-la-direccion-tecnica\\\/#primaryimage\",\"url\":\"https:\\\/\\\/fuentesfidedignas.com.mx\\\/wp-content\\\/uploads\\\/2024\\\/05\\\/chiquis-garcia.jpg\",\"contentUrl\":\"https:\\\/\\\/fuentesfidedignas.com.mx\\\/wp-content\\\/uploads\\\/2024\\\/05\\\/chiquis-garcia.jpg\",\"width\":650,\"height\":366},{\"@type\":\"BreadcrumbList\",\"@id\":\"https:\\\/\\\/fuentesfidedignas.com.mx\\\/index.php\\\/2024\\\/05\\\/27\\\/dorados-de-sinaloa-anuncia-salida-de-chiquis-garcia-de-la-direccion-tecnica\\\/#breadcrumb\",\"itemListElement\":[{\"@type\":\"ListItem\",\"position\":1,\"name\":\"Inicio\",\"item\":\"https:\\\/\\\/fuentesfidedignas.com.mx\\\/\"},{\"@type\":\"ListItem\",\"position\":2,\"name\":\"Dorados de Sinaloa anuncia salida de &#8220;Chiquis&#8221; Garc\u00eda de la direcci\u00f3n t\u00e9cnica\"}]},{\"@type\":\"WebSite\",\"@id\":\"https:\\\/\\\/fuentesfidedignas.com.mx\\\/#website\",\"url\":\"https:\\\/\\\/fuentesfidedignas.com.mx\\\/\",\"name\":\"Fuentes Fidedignas\",\"description\":\"Otro sitio realizado con WordPress\",\"publisher\":{\"@id\":\"https:\\\/\\\/fuentesfidedignas.com.mx\\\/#organization\"},\"potentialAction\":[{\"@type\":\"SearchAction\",\"target\":{\"@type\":\"EntryPoint\",\"urlTemplate\":\"https:\\\/\\\/fuentesfidedignas.com.mx\\\/?s={search_term_string}\"},\"query-input\":{\"@type\":\"PropertyValueSpecification\",\"valueRequired\":true,\"valueName\":\"search_term_string\"}}],\"inLanguage\":\"es\"},{\"@type\":\"Organization\",\"@id\":\"https:\\\/\\\/fuentesfidedignas.com.mx\\\/#organization\",\"name\":\"Fuentes Fidedignas\",\"url\":\"https:\\\/\\\/fuentesfidedignas.com.mx\\\/\",\"logo\":{\"@type\":\"ImageObject\",\"inLanguage\":\"es\",\"@id\":\"https:\\\/\\\/fuentesfidedignas.com.mx\\\/#\\\/schema\\\/logo\\\/image\\\/\",\"url\":\"https:\\\/\\\/fuentesfidedignas.com.mx\\\/wp-content\\\/uploads\\\/2021\\\/04\\\/logo-retina.png\",\"contentUrl\":\"https:\\\/\\\/fuentesfidedignas.com.mx\\\/wp-content\\\/uploads\\\/2021\\\/04\\\/logo-retina.png\",\"width\":280,\"height\":51,\"caption\":\"Fuentes Fidedignas\"},\"image\":{\"@id\":\"https:\\\/\\\/fuentesfidedignas.com.mx\\\/#\\\/schema\\\/logo\\\/image\\\/\"},\"sameAs\":[\"https:\\\/\\\/www.facebook.com\\\/Fuentes-Fidedignas-368234489921644\",\"https:\\\/\\\/x.com\\\/fidedignas\"]},{\"@type\":\"Person\",\"@id\":\"https:\\\/\\\/fuentesfidedignas.com.mx\\\/#\\\/schema\\\/person\\\/39b91b7742a24e842156ffcfe0db5e08\",\"name\":\"R\u00e9cord\",\"image\":{\"@type\":\"ImageObject\",\"inLanguage\":\"es\",\"@id\":\"https:\\\/\\\/secure.gravatar.com\\\/avatar\\\/cad55ab2ec2e0bbf0574d37345ae3b4418ebda31f830f0e27608291299b95841?s=96&d=mm&r=g\",\"url\":\"https:\\\/\\\/secure.gravatar.com\\\/avatar\\\/cad55ab2ec2e0bbf0574d37345ae3b4418ebda31f830f0e27608291299b95841?s=96&d=mm&r=g\",\"contentUrl\":\"https:\\\/\\\/secure.gravatar.com\\\/avatar\\\/cad55ab2ec2e0bbf0574d37345ae3b4418ebda31f830f0e27608291299b95841?s=96&d=mm&r=g\",\"caption\":\"R\u00e9cord\"},\"url\":\"https:\\\/\\\/fuentesfidedignas.com.mx\\\/index.php\\\/author\\\/record\\\/\"}]}<\/script>\n<!-- \/ Yoast SEO plugin. -->","yoast_head_json":{"title":"Dorados de Sinaloa anuncia salida de \"Chiquis\" Garc\u00eda de la direcci\u00f3n t\u00e9cnica - Fuentes Fidedignas","robots":{"index":"index","follow":"follow","max-snippet":"max-snippet:-1","max-image-preview":"max-image-preview:large","max-video-preview":"max-video-preview:-1"},"canonical":"https:\/\/fuentesfidedignas.com.mx\/index.php\/2024\/05\/27\/dorados-de-sinaloa-anuncia-salida-de-chiquis-garcia-de-la-direccion-tecnica\/","og_locale":"es_MX","og_type":"article","og_title":"Dorados de Sinaloa anuncia salida de \"Chiquis\" Garc\u00eda de la direcci\u00f3n t\u00e9cnica - Fuentes Fidedignas","og_description":"El estratega mexicano de 48 a\u00f1os se va de Dorados tras tres a\u00f1os y medio en el banquillo Ciudad de M\u00e9xico.- Luego de una temporada desastrosa para los Dorados en donde solo sumaron 11 puntos y culminaron en la posici\u00f3n 13 durante el Clausura 2024 de la Liga de Expansi\u00f3n, el conjunto de Sinaloa ha [&hellip;]","og_url":"https:\/\/fuentesfidedignas.com.mx\/index.php\/2024\/05\/27\/dorados-de-sinaloa-anuncia-salida-de-chiquis-garcia-de-la-direccion-tecnica\/","og_site_name":"Fuentes Fidedignas","article_publisher":"https:\/\/www.facebook.com\/Fuentes-Fidedignas-368234489921644","article_published_time":"2024-05-27T13:32:35+00:00","article_modified_time":"2024-05-27T22:21:08+00:00","og_image":[{"width":650,"height":366,"url":"https:\/\/fuentesfidedignas.com.mx\/wp-content\/uploads\/2024\/05\/chiquis-garcia.jpg","type":"image\/jpeg"}],"author":"R\u00e9cord","twitter_card":"summary_large_image","twitter_creator":"@fidedignas","twitter_site":"@fidedignas","twitter_misc":{"Escrito por":"R\u00e9cord","Tiempo de lectura":"2 minutos"},"schema":{"@context":"https:\/\/schema.org","@graph":[{"@type":"Article","@id":"https:\/\/fuentesfidedignas.com.mx\/index.php\/2024\/05\/27\/dorados-de-sinaloa-anuncia-salida-de-chiquis-garcia-de-la-direccion-tecnica\/#article","isPartOf":{"@id":"https:\/\/fuentesfidedignas.com.mx\/index.php\/2024\/05\/27\/dorados-de-sinaloa-anuncia-salida-de-chiquis-garcia-de-la-direccion-tecnica\/"},"author":{"name":"R\u00e9cord","@id":"https:\/\/fuentesfidedignas.com.mx\/#\/schema\/person\/39b91b7742a24e842156ffcfe0db5e08"},"headline":"Dorados de Sinaloa anuncia salida de &#8220;Chiquis&#8221; Garc\u00eda de la direcci\u00f3n t\u00e9cnica","datePublished":"2024-05-27T13:32:35+00:00","dateModified":"2024-05-27T22:21:08+00:00","mainEntityOfPage":{"@id":"https:\/\/fuentesfidedignas.com.mx\/index.php\/2024\/05\/27\/dorados-de-sinaloa-anuncia-salida-de-chiquis-garcia-de-la-direccion-tecnica\/"},"wordCount":252,"commentCount":0,"publisher":{"@id":"https:\/\/fuentesfidedignas.com.mx\/#organization"},"image":{"@id":"https:\/\/fuentesfidedignas.com.mx\/index.php\/2024\/05\/27\/dorados-de-sinaloa-anuncia-salida-de-chiquis-garcia-de-la-direccion-tecnica\/#primaryimage"},"thumbnailUrl":"https:\/\/fuentesfidedignas.com.mx\/wp-content\/uploads\/2024\/05\/chiquis-garcia.jpg","articleSection":["NOTICIAS LOCALES"],"inLanguage":"es","potentialAction":[{"@type":"CommentAction","name":"Comment","target":["https:\/\/fuentesfidedignas.com.mx\/index.php\/2024\/05\/27\/dorados-de-sinaloa-anuncia-salida-de-chiquis-garcia-de-la-direccion-tecnica\/#respond"]}]},{"@type":"WebPage","@id":"https:\/\/fuentesfidedignas.com.mx\/index.php\/2024\/05\/27\/dorados-de-sinaloa-anuncia-salida-de-chiquis-garcia-de-la-direccion-tecnica\/","url":"https:\/\/fuentesfidedignas.com.mx\/index.php\/2024\/05\/27\/dorados-de-sinaloa-anuncia-salida-de-chiquis-garcia-de-la-direccion-tecnica\/","name":"Dorados de Sinaloa anuncia salida de \"Chiquis\" Garc\u00eda de la direcci\u00f3n t\u00e9cnica - Fuentes Fidedignas","isPartOf":{"@id":"https:\/\/fuentesfidedignas.com.mx\/#website"},"primaryImageOfPage":{"@id":"https:\/\/fuentesfidedignas.com.mx\/index.php\/2024\/05\/27\/dorados-de-sinaloa-anuncia-salida-de-chiquis-garcia-de-la-direccion-tecnica\/#primaryimage"},"image":{"@id":"https:\/\/fuentesfidedignas.com.mx\/index.php\/2024\/05\/27\/dorados-de-sinaloa-anuncia-salida-de-chiquis-garcia-de-la-direccion-tecnica\/#primaryimage"},"thumbnailUrl":"https:\/\/fuentesfidedignas.com.mx\/wp-content\/uploads\/2024\/05\/chiquis-garcia.jpg","datePublished":"2024-05-27T13:32:35+00:00","dateModified":"2024-05-27T22:21:08+00:00","breadcrumb":{"@id":"https:\/\/fuentesfidedignas.com.mx\/index.php\/2024\/05\/27\/dorados-de-sinaloa-anuncia-salida-de-chiquis-garcia-de-la-direccion-tecnica\/#breadcrumb"},"inLanguage":"es","potentialAction":[{"@type":"ReadAction","target":["https:\/\/fuentesfidedignas.com.mx\/index.php\/2024\/05\/27\/dorados-de-sinaloa-anuncia-salida-de-chiquis-garcia-de-la-direccion-tecnica\/"]}]},{"@type":"ImageObject","inLanguage":"es","@id":"https:\/\/fuentesfidedignas.com.mx\/index.php\/2024\/05\/27\/dorados-de-sinaloa-anuncia-salida-de-chiquis-garcia-de-la-direccion-tecnica\/#primaryimage","url":"https:\/\/fuentesfidedignas.com.mx\/wp-content\/uploads\/2024\/05\/chiquis-garcia.jpg","contentUrl":"https:\/\/fuentesfidedignas.com.mx\/wp-content\/uploads\/2024\/05\/chiquis-garcia.jpg","width":650,"height":366},{"@type":"BreadcrumbList","@id":"https:\/\/fuentesfidedignas.com.mx\/index.php\/2024\/05\/27\/dorados-de-sinaloa-anuncia-salida-de-chiquis-garcia-de-la-direccion-tecnica\/#breadcrumb","itemListElement":[{"@type":"ListItem","position":1,"name":"Inicio","item":"https:\/\/fuentesfidedignas.com.mx\/"},{"@type":"ListItem","position":2,"name":"Dorados de Sinaloa anuncia salida de &#8220;Chiquis&#8221; Garc\u00eda de la direcci\u00f3n t\u00e9cnica"}]},{"@type":"WebSite","@id":"https:\/\/fuentesfidedignas.com.mx\/#website","url":"https:\/\/fuentesfidedignas.com.mx\/","name":"Fuentes Fidedignas","description":"Otro sitio realizado con WordPress","publisher":{"@id":"https:\/\/fuentesfidedignas.com.mx\/#organization"},"potentialAction":[{"@type":"SearchAction","target":{"@type":"EntryPoint","urlTemplate":"https:\/\/fuentesfidedignas.com.mx\/?s={search_term_string}"},"query-input":{"@type":"PropertyValueSpecification","valueRequired":true,"valueName":"search_term_string"}}],"inLanguage":"es"},{"@type":"Organization","@id":"https:\/\/fuentesfidedignas.com.mx\/#organization","name":"Fuentes Fidedignas","url":"https:\/\/fuentesfidedignas.com.mx\/","logo":{"@type":"ImageObject","inLanguage":"es","@id":"https:\/\/fuentesfidedignas.com.mx\/#\/schema\/logo\/image\/","url":"https:\/\/fuentesfidedignas.com.mx\/wp-content\/uploads\/2021\/04\/logo-retina.png","contentUrl":"https:\/\/fuentesfidedignas.com.mx\/wp-content\/uploads\/2021\/04\/logo-retina.png","width":280,"height":51,"caption":"Fuentes Fidedignas"},"image":{"@id":"https:\/\/fuentesfidedignas.com.mx\/#\/schema\/logo\/image\/"},"sameAs":["https:\/\/www.facebook.com\/Fuentes-Fidedignas-368234489921644","https:\/\/x.com\/fidedignas"]},{"@type":"Person","@id":"https:\/\/fuentesfidedignas.com.mx\/#\/schema\/person\/39b91b7742a24e842156ffcfe0db5e08","name":"R\u00e9cord","image":{"@type":"ImageObject","inLanguage":"es","@id":"https:\/\/secure.gravatar.com\/avatar\/cad55ab2ec2e0bbf0574d37345ae3b4418ebda31f830f0e27608291299b95841?s=96&d=mm&r=g","url":"https:\/\/secure.gravatar.com\/avatar\/cad55ab2ec2e0bbf0574d37345ae3b4418ebda31f830f0e27608291299b95841?s=96&d=mm&r=g","contentUrl":"https:\/\/secure.gravatar.com\/avatar\/cad55ab2ec2e0bbf0574d37345ae3b4418ebda31f830f0e27608291299b95841?s=96&d=mm&r=g","caption":"R\u00e9cord"},"url":"https:\/\/fuentesfidedignas.com.mx\/index.php\/author\/record\/"}]}},"_links":{"self":[{"href":"https:\/\/fuentesfidedignas.com.mx\/index.php\/wp-json\/wp\/v2\/posts\/82575","targetHints":{"allow":["GET"]}}],"collection":[{"href":"https:\/\/fuentesfidedignas.com.mx\/index.php\/wp-json\/wp\/v2\/posts"}],"about":[{"href":"https:\/\/fuentesfidedignas.com.mx\/index.php\/wp-json\/wp\/v2\/types\/post"}],"author":[{"embeddable":true,"href":"https:\/\/fuentesfidedignas.com.mx\/index.php\/wp-json\/wp\/v2\/users\/150"}],"replies":[{"embeddable":true,"href":"https:\/\/fuentesfidedignas.com.mx\/index.php\/wp-json\/wp\/v2\/comments?post=82575"}],"version-history":[{"count":2,"href":"https:\/\/fuentesfidedignas.com.mx\/index.php\/wp-json\/wp\/v2\/posts\/82575\/revisions"}],"predecessor-version":[{"id":82578,"href":"https:\/\/fuentesfidedignas.com.mx\/index.php\/wp-json\/wp\/v2\/posts\/82575\/revisions\/82578"}],"wp:featuredmedia":[{"embeddable":true,"href":"https:\/\/fuentesfidedignas.com.mx\/index.php\/wp-json\/wp\/v2\/media\/82577"}],"wp:attachment":[{"href":"https:\/\/fuentesfidedignas.com.mx\/index.php\/wp-json\/wp\/v2\/media?parent=82575"}],"wp:term":[{"taxonomy":"category","embeddable":true,"href":"https:\/\/fuentesfidedignas.com.mx\/index.php\/wp-json\/wp\/v2\/categories?post=82575"},{"taxonomy":"post_tag","embeddable":true,"href":"https:\/\/fuentesfidedignas.com.mx\/index.php\/wp-json\/wp\/v2\/tags?post=82575"}],"curies":[{"name":"wp","href":"https:\/\/api.w.org\/{rel}","templated":true}]}}