{"id":8245,"date":"2021-07-26T06:43:35","date_gmt":"2021-07-26T13:43:35","guid":{"rendered":"https:\/\/fuentesfidedignas.com.mx\/?p=8245"},"modified":"2021-07-26T06:45:13","modified_gmt":"2021-07-26T13:45:13","slug":"presenta-pan-demanda-de-juicio-de-revision-electoral-ante-sala-regional","status":"publish","type":"post","link":"https:\/\/fuentesfidedignas.com.mx\/index.php\/2021\/07\/26\/presenta-pan-demanda-de-juicio-de-revision-electoral-ante-sala-regional\/","title":{"rendered":"Presenta PAN demanda de juicio de revisi\u00f3n electoral ante Sala Regional"},"content":{"rendered":"\n<p><strong><em>Pide revocar la sentencia dictada por el Tribunal de Sinaloa en la que se confirma el acuerdo por el que se asignaron las diputaciones de representaci\u00f3n proporcional<\/em><\/strong><\/p>\n\n\n\n<p>Culiac\u00e1n, Sin. El Partido Acci\u00f3n Nacional en Sinaloa present\u00f3 el fin de semana una demanda Juicio de Revisi\u00f3n Constitucional Electoral, ante la Sala Regional Guadalajara del Tribunal Electoral Federal.<\/p>\n\n\n\n<p>En la demanda se solicita a la Sala del Tribunal Electoral del Poder Judicial de la Federaci\u00f3n, revoque la sentencia dictada por el Tribunal de Sinaloa en la que se confirma el acuerdo por el que se asignaron las diputaciones de representaci\u00f3n proporcional.<\/p>\n\n\n\n<p>El PAN, resalta en sus agravios la violaci\u00f3n a la Constituci\u00f3n Federal y a la Constituci\u00f3n de Sinaloa, porque tanto el Consejo General del IEES, como el tribunal local aplican la f\u00f3rmula de manera incorrecta.<\/p>\n\n\n\n<p>De los agravios, resalta el hecho, de que no obstante que asignan al PRI dos diputaciones por el factor Cociente Natural, al pasar a la siguiente etapa de Cociente.<\/p>\n\n\n\n<p>Ajustado, no descuentan los votos utilizados por dicho partido, lo que permite, en forma contraria a la Constituci\u00f3n, que se violente el Principio de Votos-Esca\u00f1os, es decir, se rompe el mandato constitucional, de que cada partido reciba un n\u00famero de diputados acorde con la votaci\u00f3n obtenida.<\/p>\n\n\n\n<p>El PAN espera de la Sala Guadalajara, que se aplique la f\u00f3rmula de manera correcta y al respetarse la Constituci\u00f3n, se le asigne una diputaci\u00f3n m\u00e1s para llegar a tres diputaciones, con las candidatas listadas en la posici\u00f3n 3 de representaci\u00f3n proporcional, Claudia Singh Singh como propietaria y Celia Catalina Frank Aguilar como suplente.<\/p>\n","protected":false},"excerpt":{"rendered":"<p>Pide revocar la sentencia dictada por el Tribunal de Sinaloa en la que se confirma el acuerdo por el que se asignaron las diputaciones de representaci\u00f3n proporcional Culiac\u00e1n, Sin. El Partido Acci\u00f3n Nacional en Sinaloa present\u00f3 el fin de semana una demanda Juicio de Revisi\u00f3n Constitucional Electoral, ante la Sala Regional Guadalajara del Tribunal Electoral [&hellip;]<\/p>\n","protected":false},"author":4,"featured_media":8246,"comment_status":"open","ping_status":"open","sticky":false,"template":"","format":"standard","meta":{"tdm_status":"","tdm_grid_status":"","footnotes":""},"categories":[38],"tags":[],"class_list":{"0":"post-8245","1":"post","2":"type-post","3":"status-publish","4":"format-standard","5":"has-post-thumbnail","7":"category-noticias-locales"},"yoast_head":"<!-- This site is optimized with the Yoast SEO plugin v27.5 - https:\/\/yoast.com\/product\/yoast-seo-wordpress\/ -->\n<title>Presenta PAN demanda de juicio de revisi\u00f3n electoral ante Sala Regional - Fuentes Fidedignas<\/title>\n<meta name=\"robots\" content=\"index, follow, max-snippet:-1, max-image-preview:large, max-video-preview:-1\" \/>\n<link rel=\"canonical\" href=\"https:\/\/fuentesfidedignas.com.mx\/index.php\/2021\/07\/26\/presenta-pan-demanda-de-juicio-de-revision-electoral-ante-sala-regional\/\" \/>\n<meta property=\"og:locale\" content=\"es_MX\" \/>\n<meta property=\"og:type\" content=\"article\" \/>\n<meta property=\"og:title\" content=\"Presenta PAN demanda de juicio de revisi\u00f3n electoral ante Sala Regional - Fuentes Fidedignas\" \/>\n<meta property=\"og:description\" content=\"Pide revocar la sentencia dictada por el Tribunal de Sinaloa en la que se confirma el acuerdo por el que se asignaron las diputaciones de representaci\u00f3n proporcional Culiac\u00e1n, Sin. El Partido Acci\u00f3n Nacional en Sinaloa present\u00f3 el fin de semana una demanda Juicio de Revisi\u00f3n Constitucional Electoral, ante la Sala Regional Guadalajara del Tribunal Electoral [&hellip;]\" \/>\n<meta property=\"og:url\" content=\"https:\/\/fuentesfidedignas.com.mx\/index.php\/2021\/07\/26\/presenta-pan-demanda-de-juicio-de-revision-electoral-ante-sala-regional\/\" \/>\n<meta property=\"og:site_name\" content=\"Fuentes Fidedignas\" \/>\n<meta property=\"article:publisher\" content=\"https:\/\/www.facebook.com\/Fuentes-Fidedignas-368234489921644\" \/>\n<meta property=\"article:published_time\" content=\"2021-07-26T13:43:35+00:00\" \/>\n<meta property=\"article:modified_time\" content=\"2021-07-26T13:45:13+00:00\" \/>\n<meta property=\"og:image\" content=\"https:\/\/fuentesfidedignas.com.mx\/wp-content\/uploads\/2021\/07\/10pan.jpeg\" \/>\n\t<meta property=\"og:image:width\" content=\"678\" \/>\n\t<meta property=\"og:image:height\" content=\"381\" \/>\n\t<meta property=\"og:image:type\" content=\"image\/jpeg\" \/>\n<meta name=\"author\" content=\"Redacci\u00f3n\" \/>\n<meta name=\"twitter:card\" content=\"summary_large_image\" \/>\n<meta name=\"twitter:creator\" content=\"@fidedignas\" \/>\n<meta name=\"twitter:site\" content=\"@fidedignas\" \/>\n<meta name=\"twitter:label1\" content=\"Escrito por\" \/>\n\t<meta name=\"twitter:data1\" content=\"Redacci\u00f3n\" \/>\n\t<meta name=\"twitter:label2\" content=\"Tiempo de lectura\" \/>\n\t<meta name=\"twitter:data2\" content=\"2 minutos\" \/>\n<script type=\"application\/ld+json\" class=\"yoast-schema-graph\">{\"@context\":\"https:\\\/\\\/schema.org\",\"@graph\":[{\"@type\":\"Article\",\"@id\":\"https:\\\/\\\/fuentesfidedignas.com.mx\\\/index.php\\\/2021\\\/07\\\/26\\\/presenta-pan-demanda-de-juicio-de-revision-electoral-ante-sala-regional\\\/#article\",\"isPartOf\":{\"@id\":\"https:\\\/\\\/fuentesfidedignas.com.mx\\\/index.php\\\/2021\\\/07\\\/26\\\/presenta-pan-demanda-de-juicio-de-revision-electoral-ante-sala-regional\\\/\"},\"author\":{\"name\":\"Redacci\u00f3n\",\"@id\":\"https:\\\/\\\/fuentesfidedignas.com.mx\\\/#\\\/schema\\\/person\\\/331be9283d37198e2acd5750279085b0\"},\"headline\":\"Presenta PAN demanda de juicio de revisi\u00f3n electoral ante Sala Regional\",\"datePublished\":\"2021-07-26T13:43:35+00:00\",\"dateModified\":\"2021-07-26T13:45:13+00:00\",\"mainEntityOfPage\":{\"@id\":\"https:\\\/\\\/fuentesfidedignas.com.mx\\\/index.php\\\/2021\\\/07\\\/26\\\/presenta-pan-demanda-de-juicio-de-revision-electoral-ante-sala-regional\\\/\"},\"wordCount\":294,\"commentCount\":0,\"publisher\":{\"@id\":\"https:\\\/\\\/fuentesfidedignas.com.mx\\\/#organization\"},\"image\":{\"@id\":\"https:\\\/\\\/fuentesfidedignas.com.mx\\\/index.php\\\/2021\\\/07\\\/26\\\/presenta-pan-demanda-de-juicio-de-revision-electoral-ante-sala-regional\\\/#primaryimage\"},\"thumbnailUrl\":\"https:\\\/\\\/fuentesfidedignas.com.mx\\\/wp-content\\\/uploads\\\/2021\\\/07\\\/10pan.jpeg\",\"articleSection\":[\"NOTICIAS LOCALES\"],\"inLanguage\":\"es\",\"potentialAction\":[{\"@type\":\"CommentAction\",\"name\":\"Comment\",\"target\":[\"https:\\\/\\\/fuentesfidedignas.com.mx\\\/index.php\\\/2021\\\/07\\\/26\\\/presenta-pan-demanda-de-juicio-de-revision-electoral-ante-sala-regional\\\/#respond\"]}]},{\"@type\":\"WebPage\",\"@id\":\"https:\\\/\\\/fuentesfidedignas.com.mx\\\/index.php\\\/2021\\\/07\\\/26\\\/presenta-pan-demanda-de-juicio-de-revision-electoral-ante-sala-regional\\\/\",\"url\":\"https:\\\/\\\/fuentesfidedignas.com.mx\\\/index.php\\\/2021\\\/07\\\/26\\\/presenta-pan-demanda-de-juicio-de-revision-electoral-ante-sala-regional\\\/\",\"name\":\"Presenta PAN demanda de juicio de revisi\u00f3n electoral ante Sala Regional - Fuentes Fidedignas\",\"isPartOf\":{\"@id\":\"https:\\\/\\\/fuentesfidedignas.com.mx\\\/#website\"},\"primaryImageOfPage\":{\"@id\":\"https:\\\/\\\/fuentesfidedignas.com.mx\\\/index.php\\\/2021\\\/07\\\/26\\\/presenta-pan-demanda-de-juicio-de-revision-electoral-ante-sala-regional\\\/#primaryimage\"},\"image\":{\"@id\":\"https:\\\/\\\/fuentesfidedignas.com.mx\\\/index.php\\\/2021\\\/07\\\/26\\\/presenta-pan-demanda-de-juicio-de-revision-electoral-ante-sala-regional\\\/#primaryimage\"},\"thumbnailUrl\":\"https:\\\/\\\/fuentesfidedignas.com.mx\\\/wp-content\\\/uploads\\\/2021\\\/07\\\/10pan.jpeg\",\"datePublished\":\"2021-07-26T13:43:35+00:00\",\"dateModified\":\"2021-07-26T13:45:13+00:00\",\"breadcrumb\":{\"@id\":\"https:\\\/\\\/fuentesfidedignas.com.mx\\\/index.php\\\/2021\\\/07\\\/26\\\/presenta-pan-demanda-de-juicio-de-revision-electoral-ante-sala-regional\\\/#breadcrumb\"},\"inLanguage\":\"es\",\"potentialAction\":[{\"@type\":\"ReadAction\",\"target\":[\"https:\\\/\\\/fuentesfidedignas.com.mx\\\/index.php\\\/2021\\\/07\\\/26\\\/presenta-pan-demanda-de-juicio-de-revision-electoral-ante-sala-regional\\\/\"]}]},{\"@type\":\"ImageObject\",\"inLanguage\":\"es\",\"@id\":\"https:\\\/\\\/fuentesfidedignas.com.mx\\\/index.php\\\/2021\\\/07\\\/26\\\/presenta-pan-demanda-de-juicio-de-revision-electoral-ante-sala-regional\\\/#primaryimage\",\"url\":\"https:\\\/\\\/fuentesfidedignas.com.mx\\\/wp-content\\\/uploads\\\/2021\\\/07\\\/10pan.jpeg\",\"contentUrl\":\"https:\\\/\\\/fuentesfidedignas.com.mx\\\/wp-content\\\/uploads\\\/2021\\\/07\\\/10pan.jpeg\",\"width\":678,\"height\":381},{\"@type\":\"BreadcrumbList\",\"@id\":\"https:\\\/\\\/fuentesfidedignas.com.mx\\\/index.php\\\/2021\\\/07\\\/26\\\/presenta-pan-demanda-de-juicio-de-revision-electoral-ante-sala-regional\\\/#breadcrumb\",\"itemListElement\":[{\"@type\":\"ListItem\",\"position\":1,\"name\":\"Inicio\",\"item\":\"https:\\\/\\\/fuentesfidedignas.com.mx\\\/\"},{\"@type\":\"ListItem\",\"position\":2,\"name\":\"Presenta PAN demanda de juicio de revisi\u00f3n electoral ante Sala Regional\"}]},{\"@type\":\"WebSite\",\"@id\":\"https:\\\/\\\/fuentesfidedignas.com.mx\\\/#website\",\"url\":\"https:\\\/\\\/fuentesfidedignas.com.mx\\\/\",\"name\":\"Fuentes Fidedignas\",\"description\":\"Otro sitio realizado con WordPress\",\"publisher\":{\"@id\":\"https:\\\/\\\/fuentesfidedignas.com.mx\\\/#organization\"},\"potentialAction\":[{\"@type\":\"SearchAction\",\"target\":{\"@type\":\"EntryPoint\",\"urlTemplate\":\"https:\\\/\\\/fuentesfidedignas.com.mx\\\/?s={search_term_string}\"},\"query-input\":{\"@type\":\"PropertyValueSpecification\",\"valueRequired\":true,\"valueName\":\"search_term_string\"}}],\"inLanguage\":\"es\"},{\"@type\":\"Organization\",\"@id\":\"https:\\\/\\\/fuentesfidedignas.com.mx\\\/#organization\",\"name\":\"Fuentes Fidedignas\",\"url\":\"https:\\\/\\\/fuentesfidedignas.com.mx\\\/\",\"logo\":{\"@type\":\"ImageObject\",\"inLanguage\":\"es\",\"@id\":\"https:\\\/\\\/fuentesfidedignas.com.mx\\\/#\\\/schema\\\/logo\\\/image\\\/\",\"url\":\"https:\\\/\\\/fuentesfidedignas.com.mx\\\/wp-content\\\/uploads\\\/2021\\\/04\\\/logo-retina.png\",\"contentUrl\":\"https:\\\/\\\/fuentesfidedignas.com.mx\\\/wp-content\\\/uploads\\\/2021\\\/04\\\/logo-retina.png\",\"width\":280,\"height\":51,\"caption\":\"Fuentes Fidedignas\"},\"image\":{\"@id\":\"https:\\\/\\\/fuentesfidedignas.com.mx\\\/#\\\/schema\\\/logo\\\/image\\\/\"},\"sameAs\":[\"https:\\\/\\\/www.facebook.com\\\/Fuentes-Fidedignas-368234489921644\",\"https:\\\/\\\/x.com\\\/fidedignas\"]},{\"@type\":\"Person\",\"@id\":\"https:\\\/\\\/fuentesfidedignas.com.mx\\\/#\\\/schema\\\/person\\\/331be9283d37198e2acd5750279085b0\",\"name\":\"Redacci\u00f3n\",\"image\":{\"@type\":\"ImageObject\",\"inLanguage\":\"es\",\"@id\":\"https:\\\/\\\/secure.gravatar.com\\\/avatar\\\/f6d8782c11d12b2d4ad3fbb6931aeab5309937a4d6cd2fc9cfaa28a6396a5aec?s=96&d=mm&r=g\",\"url\":\"https:\\\/\\\/secure.gravatar.com\\\/avatar\\\/f6d8782c11d12b2d4ad3fbb6931aeab5309937a4d6cd2fc9cfaa28a6396a5aec?s=96&d=mm&r=g\",\"contentUrl\":\"https:\\\/\\\/secure.gravatar.com\\\/avatar\\\/f6d8782c11d12b2d4ad3fbb6931aeab5309937a4d6cd2fc9cfaa28a6396a5aec?s=96&d=mm&r=g\",\"caption\":\"Redacci\u00f3n\"},\"url\":\"https:\\\/\\\/fuentesfidedignas.com.mx\\\/index.php\\\/author\\\/redaccion\\\/\"}]}<\/script>\n<!-- \/ Yoast SEO plugin. -->","yoast_head_json":{"title":"Presenta PAN demanda de juicio de revisi\u00f3n electoral ante Sala Regional - Fuentes Fidedignas","robots":{"index":"index","follow":"follow","max-snippet":"max-snippet:-1","max-image-preview":"max-image-preview:large","max-video-preview":"max-video-preview:-1"},"canonical":"https:\/\/fuentesfidedignas.com.mx\/index.php\/2021\/07\/26\/presenta-pan-demanda-de-juicio-de-revision-electoral-ante-sala-regional\/","og_locale":"es_MX","og_type":"article","og_title":"Presenta PAN demanda de juicio de revisi\u00f3n electoral ante Sala Regional - Fuentes Fidedignas","og_description":"Pide revocar la sentencia dictada por el Tribunal de Sinaloa en la que se confirma el acuerdo por el que se asignaron las diputaciones de representaci\u00f3n proporcional Culiac\u00e1n, Sin. El Partido Acci\u00f3n Nacional en Sinaloa present\u00f3 el fin de semana una demanda Juicio de Revisi\u00f3n Constitucional Electoral, ante la Sala Regional Guadalajara del Tribunal Electoral [&hellip;]","og_url":"https:\/\/fuentesfidedignas.com.mx\/index.php\/2021\/07\/26\/presenta-pan-demanda-de-juicio-de-revision-electoral-ante-sala-regional\/","og_site_name":"Fuentes Fidedignas","article_publisher":"https:\/\/www.facebook.com\/Fuentes-Fidedignas-368234489921644","article_published_time":"2021-07-26T13:43:35+00:00","article_modified_time":"2021-07-26T13:45:13+00:00","og_image":[{"width":678,"height":381,"url":"https:\/\/fuentesfidedignas.com.mx\/wp-content\/uploads\/2021\/07\/10pan.jpeg","type":"image\/jpeg"}],"author":"Redacci\u00f3n","twitter_card":"summary_large_image","twitter_creator":"@fidedignas","twitter_site":"@fidedignas","twitter_misc":{"Escrito por":"Redacci\u00f3n","Tiempo de lectura":"2 minutos"},"schema":{"@context":"https:\/\/schema.org","@graph":[{"@type":"Article","@id":"https:\/\/fuentesfidedignas.com.mx\/index.php\/2021\/07\/26\/presenta-pan-demanda-de-juicio-de-revision-electoral-ante-sala-regional\/#article","isPartOf":{"@id":"https:\/\/fuentesfidedignas.com.mx\/index.php\/2021\/07\/26\/presenta-pan-demanda-de-juicio-de-revision-electoral-ante-sala-regional\/"},"author":{"name":"Redacci\u00f3n","@id":"https:\/\/fuentesfidedignas.com.mx\/#\/schema\/person\/331be9283d37198e2acd5750279085b0"},"headline":"Presenta PAN demanda de juicio de revisi\u00f3n electoral ante Sala Regional","datePublished":"2021-07-26T13:43:35+00:00","dateModified":"2021-07-26T13:45:13+00:00","mainEntityOfPage":{"@id":"https:\/\/fuentesfidedignas.com.mx\/index.php\/2021\/07\/26\/presenta-pan-demanda-de-juicio-de-revision-electoral-ante-sala-regional\/"},"wordCount":294,"commentCount":0,"publisher":{"@id":"https:\/\/fuentesfidedignas.com.mx\/#organization"},"image":{"@id":"https:\/\/fuentesfidedignas.com.mx\/index.php\/2021\/07\/26\/presenta-pan-demanda-de-juicio-de-revision-electoral-ante-sala-regional\/#primaryimage"},"thumbnailUrl":"https:\/\/fuentesfidedignas.com.mx\/wp-content\/uploads\/2021\/07\/10pan.jpeg","articleSection":["NOTICIAS LOCALES"],"inLanguage":"es","potentialAction":[{"@type":"CommentAction","name":"Comment","target":["https:\/\/fuentesfidedignas.com.mx\/index.php\/2021\/07\/26\/presenta-pan-demanda-de-juicio-de-revision-electoral-ante-sala-regional\/#respond"]}]},{"@type":"WebPage","@id":"https:\/\/fuentesfidedignas.com.mx\/index.php\/2021\/07\/26\/presenta-pan-demanda-de-juicio-de-revision-electoral-ante-sala-regional\/","url":"https:\/\/fuentesfidedignas.com.mx\/index.php\/2021\/07\/26\/presenta-pan-demanda-de-juicio-de-revision-electoral-ante-sala-regional\/","name":"Presenta PAN demanda de juicio de revisi\u00f3n electoral ante Sala Regional - Fuentes Fidedignas","isPartOf":{"@id":"https:\/\/fuentesfidedignas.com.mx\/#website"},"primaryImageOfPage":{"@id":"https:\/\/fuentesfidedignas.com.mx\/index.php\/2021\/07\/26\/presenta-pan-demanda-de-juicio-de-revision-electoral-ante-sala-regional\/#primaryimage"},"image":{"@id":"https:\/\/fuentesfidedignas.com.mx\/index.php\/2021\/07\/26\/presenta-pan-demanda-de-juicio-de-revision-electoral-ante-sala-regional\/#primaryimage"},"thumbnailUrl":"https:\/\/fuentesfidedignas.com.mx\/wp-content\/uploads\/2021\/07\/10pan.jpeg","datePublished":"2021-07-26T13:43:35+00:00","dateModified":"2021-07-26T13:45:13+00:00","breadcrumb":{"@id":"https:\/\/fuentesfidedignas.com.mx\/index.php\/2021\/07\/26\/presenta-pan-demanda-de-juicio-de-revision-electoral-ante-sala-regional\/#breadcrumb"},"inLanguage":"es","potentialAction":[{"@type":"ReadAction","target":["https:\/\/fuentesfidedignas.com.mx\/index.php\/2021\/07\/26\/presenta-pan-demanda-de-juicio-de-revision-electoral-ante-sala-regional\/"]}]},{"@type":"ImageObject","inLanguage":"es","@id":"https:\/\/fuentesfidedignas.com.mx\/index.php\/2021\/07\/26\/presenta-pan-demanda-de-juicio-de-revision-electoral-ante-sala-regional\/#primaryimage","url":"https:\/\/fuentesfidedignas.com.mx\/wp-content\/uploads\/2021\/07\/10pan.jpeg","contentUrl":"https:\/\/fuentesfidedignas.com.mx\/wp-content\/uploads\/2021\/07\/10pan.jpeg","width":678,"height":381},{"@type":"BreadcrumbList","@id":"https:\/\/fuentesfidedignas.com.mx\/index.php\/2021\/07\/26\/presenta-pan-demanda-de-juicio-de-revision-electoral-ante-sala-regional\/#breadcrumb","itemListElement":[{"@type":"ListItem","position":1,"name":"Inicio","item":"https:\/\/fuentesfidedignas.com.mx\/"},{"@type":"ListItem","position":2,"name":"Presenta PAN demanda de juicio de revisi\u00f3n electoral ante Sala Regional"}]},{"@type":"WebSite","@id":"https:\/\/fuentesfidedignas.com.mx\/#website","url":"https:\/\/fuentesfidedignas.com.mx\/","name":"Fuentes Fidedignas","description":"Otro sitio realizado con WordPress","publisher":{"@id":"https:\/\/fuentesfidedignas.com.mx\/#organization"},"potentialAction":[{"@type":"SearchAction","target":{"@type":"EntryPoint","urlTemplate":"https:\/\/fuentesfidedignas.com.mx\/?s={search_term_string}"},"query-input":{"@type":"PropertyValueSpecification","valueRequired":true,"valueName":"search_term_string"}}],"inLanguage":"es"},{"@type":"Organization","@id":"https:\/\/fuentesfidedignas.com.mx\/#organization","name":"Fuentes Fidedignas","url":"https:\/\/fuentesfidedignas.com.mx\/","logo":{"@type":"ImageObject","inLanguage":"es","@id":"https:\/\/fuentesfidedignas.com.mx\/#\/schema\/logo\/image\/","url":"https:\/\/fuentesfidedignas.com.mx\/wp-content\/uploads\/2021\/04\/logo-retina.png","contentUrl":"https:\/\/fuentesfidedignas.com.mx\/wp-content\/uploads\/2021\/04\/logo-retina.png","width":280,"height":51,"caption":"Fuentes Fidedignas"},"image":{"@id":"https:\/\/fuentesfidedignas.com.mx\/#\/schema\/logo\/image\/"},"sameAs":["https:\/\/www.facebook.com\/Fuentes-Fidedignas-368234489921644","https:\/\/x.com\/fidedignas"]},{"@type":"Person","@id":"https:\/\/fuentesfidedignas.com.mx\/#\/schema\/person\/331be9283d37198e2acd5750279085b0","name":"Redacci\u00f3n","image":{"@type":"ImageObject","inLanguage":"es","@id":"https:\/\/secure.gravatar.com\/avatar\/f6d8782c11d12b2d4ad3fbb6931aeab5309937a4d6cd2fc9cfaa28a6396a5aec?s=96&d=mm&r=g","url":"https:\/\/secure.gravatar.com\/avatar\/f6d8782c11d12b2d4ad3fbb6931aeab5309937a4d6cd2fc9cfaa28a6396a5aec?s=96&d=mm&r=g","contentUrl":"https:\/\/secure.gravatar.com\/avatar\/f6d8782c11d12b2d4ad3fbb6931aeab5309937a4d6cd2fc9cfaa28a6396a5aec?s=96&d=mm&r=g","caption":"Redacci\u00f3n"},"url":"https:\/\/fuentesfidedignas.com.mx\/index.php\/author\/redaccion\/"}]}},"_links":{"self":[{"href":"https:\/\/fuentesfidedignas.com.mx\/index.php\/wp-json\/wp\/v2\/posts\/8245","targetHints":{"allow":["GET"]}}],"collection":[{"href":"https:\/\/fuentesfidedignas.com.mx\/index.php\/wp-json\/wp\/v2\/posts"}],"about":[{"href":"https:\/\/fuentesfidedignas.com.mx\/index.php\/wp-json\/wp\/v2\/types\/post"}],"author":[{"embeddable":true,"href":"https:\/\/fuentesfidedignas.com.mx\/index.php\/wp-json\/wp\/v2\/users\/4"}],"replies":[{"embeddable":true,"href":"https:\/\/fuentesfidedignas.com.mx\/index.php\/wp-json\/wp\/v2\/comments?post=8245"}],"version-history":[{"count":1,"href":"https:\/\/fuentesfidedignas.com.mx\/index.php\/wp-json\/wp\/v2\/posts\/8245\/revisions"}],"predecessor-version":[{"id":8247,"href":"https:\/\/fuentesfidedignas.com.mx\/index.php\/wp-json\/wp\/v2\/posts\/8245\/revisions\/8247"}],"wp:featuredmedia":[{"embeddable":true,"href":"https:\/\/fuentesfidedignas.com.mx\/index.php\/wp-json\/wp\/v2\/media\/8246"}],"wp:attachment":[{"href":"https:\/\/fuentesfidedignas.com.mx\/index.php\/wp-json\/wp\/v2\/media?parent=8245"}],"wp:term":[{"taxonomy":"category","embeddable":true,"href":"https:\/\/fuentesfidedignas.com.mx\/index.php\/wp-json\/wp\/v2\/categories?post=8245"},{"taxonomy":"post_tag","embeddable":true,"href":"https:\/\/fuentesfidedignas.com.mx\/index.php\/wp-json\/wp\/v2\/tags?post=8245"}],"curies":[{"name":"wp","href":"https:\/\/api.w.org\/{rel}","templated":true}]}}