{"id":82404,"date":"2024-05-24T08:04:34","date_gmt":"2024-05-24T15:04:34","guid":{"rendered":"https:\/\/fuentesfidedignas.com.mx\/?p=82404"},"modified":"2024-05-24T08:04:34","modified_gmt":"2024-05-24T15:04:34","slug":"instalan-consejo-municipal-de-proteccion-civil-de-culiacan-en-sesion-permanente","status":"publish","type":"post","link":"https:\/\/fuentesfidedignas.com.mx\/index.php\/2024\/05\/24\/instalan-consejo-municipal-de-proteccion-civil-de-culiacan-en-sesion-permanente\/","title":{"rendered":"Instalan Consejo Municipal de Protecci\u00f3n Civil de Culiac\u00e1n en sesi\u00f3n permanente"},"content":{"rendered":"\n<p><strong><em>Los miembros se comprometieron a velar por el bienestar de la sociedad culiacanense, especialmente ahora que ha iniciado la temporada de lluvias y huracanes en el Pac\u00edfico<\/em><\/strong><\/p>\n\n\n\n<p>Culiac\u00e1n, Sin.- En un esfuerzo por fortalecer las acciones preventivas y de respuesta ante emergencias, el Ayuntamiento de Culiac\u00e1n ha instalado el Consejo Municipal de Protecci\u00f3n Civil en sesi\u00f3n permanente; el acto se llev\u00f3 a cabo en Sal\u00f3n de Cabildo, donde se tom\u00f3 protesta a los 27 integrantes del consejo por parte del alcalde Jos\u00e9 Ernesto Pe\u00f1uelas Castellanos, quien funge como presidente del mismo.<\/p>\n\n\n\n<p>Durante la sesi\u00f3n, los miembros del Consejo Municipal de Protecci\u00f3n Civil se comprometieron a velar por el bienestar de la sociedad culiacanense, especialmente ahora que ha iniciado la temporada de lluvias y huracanes en el Pac\u00edfico; el alcalde Pe\u00f1uelas Castellanos destac\u00f3 la importancia de esta responsabilidad y exhort\u00f3 a todos los integrantes a trabajar con diligencia y compromiso para proteger a la comunidad.<\/p>\n\n\n\n<p>Jes\u00fas Bill Mendoza Ontiveros, titular de la Coordinaci\u00f3n Municipal de Protecci\u00f3n Civil, resalt\u00f3 la estrecha colaboraci\u00f3n entre los tres \u00f3rdenes de gobierno para actuar eficazmente en caso de emergencia.<\/p>\n\n\n\n<p>Mendoza Ontiveros subray\u00f3 que se est\u00e1 trabajando en la limpieza y desazolve de drenes, arroyos y canales para prevenir el estancamiento del agua, medida crucial para evitar inundaciones en la regi\u00f3n.<\/p>\n\n\n\n<p>El presidente municipal Pe\u00f1uelas Castellanos tambi\u00e9n inform\u00f3 que se est\u00e1n realizando recorridos continuos por los drenes y se llevan a cabo labores de limpieza y descacharrizaci\u00f3n, es por ello que hizo un llamado a la ciudadan\u00eda para que no arrojen desechos en los canales, ya que esto puede causar obstrucciones y aumentar el riesgo de inundaciones.<\/p>\n\n\n\n<p>Aurelio Roy Navarrete, titular del Instituto Estatal de Protecci\u00f3n Civil de Sinaloa, agradeci\u00f3 a las dependencias municipales, as\u00ed como al sector p\u00fablico y privado, por su colaboraci\u00f3n en estas acciones preventivas; explic\u00f3 sobre la importancia de sumar esfuerzos para salvaguardar la vida y los bienes de los ciudadanos, y reconoci\u00f3 la labor conjunta de todas las instancias involucradas.<\/p>\n\n\n\n<p>Navarrete tambi\u00e9n mencion\u00f3 la existencia de un chatbot denominado &#8220;Catrina&#8221;, que ha sido implementado para responder a las dudas de los ciudadanos sobre los fen\u00f3menos naturales y para fomentar la prevenci\u00f3n.<\/p>\n\n\n\n<p>Este recurso tecnol\u00f3gico es una herramienta m\u00e1s para fortalecer la comunicaci\u00f3n y la preparaci\u00f3n ante posibles emergencias.<\/p>\n\n\n\n<p>El Consejo Municipal de Protecci\u00f3n Civil de Culiac\u00e1n est\u00e1 compuesto por 27 ciudadanos de distintos sectores, incluyendo representantes del Gobierno Federal, Estatal y Municipal, as\u00ed como de Bomberos, Cruz Roja, Guardia Nacional, Conagua, C\u00e1maras de Comercio, entre otras instancias.<\/p>\n","protected":false},"excerpt":{"rendered":"<p>Los miembros se comprometieron a velar por el bienestar de la sociedad culiacanense, especialmente ahora que ha iniciado la temporada de lluvias y huracanes en el Pac\u00edfico Culiac\u00e1n, Sin.- En un esfuerzo por fortalecer las acciones preventivas y de respuesta ante emergencias, el Ayuntamiento de Culiac\u00e1n ha instalado el Consejo Municipal de Protecci\u00f3n Civil en [&hellip;]<\/p>\n","protected":false},"author":4,"featured_media":82405,"comment_status":"open","ping_status":"open","sticky":false,"template":"","format":"standard","meta":{"tdm_status":"","tdm_grid_status":"","footnotes":""},"categories":[1],"tags":[],"class_list":{"0":"post-82404","1":"post","2":"type-post","3":"status-publish","4":"format-standard","5":"has-post-thumbnail","7":"category-sin-categoria"},"yoast_head":"<!-- This site is optimized with the Yoast SEO plugin v27.5 - https:\/\/yoast.com\/product\/yoast-seo-wordpress\/ -->\n<title>Instalan Consejo Municipal de Protecci\u00f3n Civil de Culiac\u00e1n en sesi\u00f3n permanente - Fuentes Fidedignas<\/title>\n<meta name=\"robots\" content=\"index, follow, max-snippet:-1, max-image-preview:large, max-video-preview:-1\" \/>\n<link rel=\"canonical\" href=\"https:\/\/fuentesfidedignas.com.mx\/index.php\/2024\/05\/24\/instalan-consejo-municipal-de-proteccion-civil-de-culiacan-en-sesion-permanente\/\" \/>\n<meta property=\"og:locale\" content=\"es_MX\" \/>\n<meta property=\"og:type\" content=\"article\" \/>\n<meta property=\"og:title\" content=\"Instalan Consejo Municipal de Protecci\u00f3n Civil de Culiac\u00e1n en sesi\u00f3n permanente - Fuentes Fidedignas\" \/>\n<meta property=\"og:description\" content=\"Los miembros se comprometieron a velar por el bienestar de la sociedad culiacanense, especialmente ahora que ha iniciado la temporada de lluvias y huracanes en el Pac\u00edfico Culiac\u00e1n, Sin.- En un esfuerzo por fortalecer las acciones preventivas y de respuesta ante emergencias, el Ayuntamiento de Culiac\u00e1n ha instalado el Consejo Municipal de Protecci\u00f3n Civil en [&hellip;]\" \/>\n<meta property=\"og:url\" content=\"https:\/\/fuentesfidedignas.com.mx\/index.php\/2024\/05\/24\/instalan-consejo-municipal-de-proteccion-civil-de-culiacan-en-sesion-permanente\/\" \/>\n<meta property=\"og:site_name\" content=\"Fuentes Fidedignas\" \/>\n<meta property=\"article:publisher\" content=\"https:\/\/www.facebook.com\/Fuentes-Fidedignas-368234489921644\" \/>\n<meta property=\"article:published_time\" content=\"2024-05-24T15:04:34+00:00\" \/>\n<meta property=\"og:image\" content=\"https:\/\/fuentesfidedignas.com.mx\/wp-content\/uploads\/2024\/05\/WhatsApp-Image-2024-05-23-at-8.14.14-PM.jpeg\" \/>\n\t<meta property=\"og:image:width\" content=\"650\" \/>\n\t<meta property=\"og:image:height\" content=\"433\" \/>\n\t<meta property=\"og:image:type\" content=\"image\/jpeg\" \/>\n<meta name=\"author\" content=\"Redacci\u00f3n\" \/>\n<meta name=\"twitter:card\" content=\"summary_large_image\" \/>\n<meta name=\"twitter:creator\" content=\"@fidedignas\" \/>\n<meta name=\"twitter:site\" content=\"@fidedignas\" \/>\n<meta name=\"twitter:label1\" content=\"Escrito por\" \/>\n\t<meta name=\"twitter:data1\" content=\"Redacci\u00f3n\" \/>\n\t<meta name=\"twitter:label2\" content=\"Tiempo de lectura\" \/>\n\t<meta name=\"twitter:data2\" content=\"2 minutos\" \/>\n<script type=\"application\/ld+json\" class=\"yoast-schema-graph\">{\"@context\":\"https:\\\/\\\/schema.org\",\"@graph\":[{\"@type\":\"Article\",\"@id\":\"https:\\\/\\\/fuentesfidedignas.com.mx\\\/index.php\\\/2024\\\/05\\\/24\\\/instalan-consejo-municipal-de-proteccion-civil-de-culiacan-en-sesion-permanente\\\/#article\",\"isPartOf\":{\"@id\":\"https:\\\/\\\/fuentesfidedignas.com.mx\\\/index.php\\\/2024\\\/05\\\/24\\\/instalan-consejo-municipal-de-proteccion-civil-de-culiacan-en-sesion-permanente\\\/\"},\"author\":{\"name\":\"Redacci\u00f3n\",\"@id\":\"https:\\\/\\\/fuentesfidedignas.com.mx\\\/#\\\/schema\\\/person\\\/331be9283d37198e2acd5750279085b0\"},\"headline\":\"Instalan Consejo Municipal de Protecci\u00f3n Civil de Culiac\u00e1n en sesi\u00f3n permanente\",\"datePublished\":\"2024-05-24T15:04:34+00:00\",\"mainEntityOfPage\":{\"@id\":\"https:\\\/\\\/fuentesfidedignas.com.mx\\\/index.php\\\/2024\\\/05\\\/24\\\/instalan-consejo-municipal-de-proteccion-civil-de-culiacan-en-sesion-permanente\\\/\"},\"wordCount\":462,\"commentCount\":0,\"publisher\":{\"@id\":\"https:\\\/\\\/fuentesfidedignas.com.mx\\\/#organization\"},\"image\":{\"@id\":\"https:\\\/\\\/fuentesfidedignas.com.mx\\\/index.php\\\/2024\\\/05\\\/24\\\/instalan-consejo-municipal-de-proteccion-civil-de-culiacan-en-sesion-permanente\\\/#primaryimage\"},\"thumbnailUrl\":\"https:\\\/\\\/fuentesfidedignas.com.mx\\\/wp-content\\\/uploads\\\/2024\\\/05\\\/WhatsApp-Image-2024-05-23-at-8.14.14-PM.jpeg\",\"inLanguage\":\"es\",\"potentialAction\":[{\"@type\":\"CommentAction\",\"name\":\"Comment\",\"target\":[\"https:\\\/\\\/fuentesfidedignas.com.mx\\\/index.php\\\/2024\\\/05\\\/24\\\/instalan-consejo-municipal-de-proteccion-civil-de-culiacan-en-sesion-permanente\\\/#respond\"]}]},{\"@type\":\"WebPage\",\"@id\":\"https:\\\/\\\/fuentesfidedignas.com.mx\\\/index.php\\\/2024\\\/05\\\/24\\\/instalan-consejo-municipal-de-proteccion-civil-de-culiacan-en-sesion-permanente\\\/\",\"url\":\"https:\\\/\\\/fuentesfidedignas.com.mx\\\/index.php\\\/2024\\\/05\\\/24\\\/instalan-consejo-municipal-de-proteccion-civil-de-culiacan-en-sesion-permanente\\\/\",\"name\":\"Instalan Consejo Municipal de Protecci\u00f3n Civil de Culiac\u00e1n en sesi\u00f3n permanente - Fuentes Fidedignas\",\"isPartOf\":{\"@id\":\"https:\\\/\\\/fuentesfidedignas.com.mx\\\/#website\"},\"primaryImageOfPage\":{\"@id\":\"https:\\\/\\\/fuentesfidedignas.com.mx\\\/index.php\\\/2024\\\/05\\\/24\\\/instalan-consejo-municipal-de-proteccion-civil-de-culiacan-en-sesion-permanente\\\/#primaryimage\"},\"image\":{\"@id\":\"https:\\\/\\\/fuentesfidedignas.com.mx\\\/index.php\\\/2024\\\/05\\\/24\\\/instalan-consejo-municipal-de-proteccion-civil-de-culiacan-en-sesion-permanente\\\/#primaryimage\"},\"thumbnailUrl\":\"https:\\\/\\\/fuentesfidedignas.com.mx\\\/wp-content\\\/uploads\\\/2024\\\/05\\\/WhatsApp-Image-2024-05-23-at-8.14.14-PM.jpeg\",\"datePublished\":\"2024-05-24T15:04:34+00:00\",\"breadcrumb\":{\"@id\":\"https:\\\/\\\/fuentesfidedignas.com.mx\\\/index.php\\\/2024\\\/05\\\/24\\\/instalan-consejo-municipal-de-proteccion-civil-de-culiacan-en-sesion-permanente\\\/#breadcrumb\"},\"inLanguage\":\"es\",\"potentialAction\":[{\"@type\":\"ReadAction\",\"target\":[\"https:\\\/\\\/fuentesfidedignas.com.mx\\\/index.php\\\/2024\\\/05\\\/24\\\/instalan-consejo-municipal-de-proteccion-civil-de-culiacan-en-sesion-permanente\\\/\"]}]},{\"@type\":\"ImageObject\",\"inLanguage\":\"es\",\"@id\":\"https:\\\/\\\/fuentesfidedignas.com.mx\\\/index.php\\\/2024\\\/05\\\/24\\\/instalan-consejo-municipal-de-proteccion-civil-de-culiacan-en-sesion-permanente\\\/#primaryimage\",\"url\":\"https:\\\/\\\/fuentesfidedignas.com.mx\\\/wp-content\\\/uploads\\\/2024\\\/05\\\/WhatsApp-Image-2024-05-23-at-8.14.14-PM.jpeg\",\"contentUrl\":\"https:\\\/\\\/fuentesfidedignas.com.mx\\\/wp-content\\\/uploads\\\/2024\\\/05\\\/WhatsApp-Image-2024-05-23-at-8.14.14-PM.jpeg\",\"width\":650,\"height\":433},{\"@type\":\"BreadcrumbList\",\"@id\":\"https:\\\/\\\/fuentesfidedignas.com.mx\\\/index.php\\\/2024\\\/05\\\/24\\\/instalan-consejo-municipal-de-proteccion-civil-de-culiacan-en-sesion-permanente\\\/#breadcrumb\",\"itemListElement\":[{\"@type\":\"ListItem\",\"position\":1,\"name\":\"Inicio\",\"item\":\"https:\\\/\\\/fuentesfidedignas.com.mx\\\/\"},{\"@type\":\"ListItem\",\"position\":2,\"name\":\"Instalan Consejo Municipal de Protecci\u00f3n Civil de Culiac\u00e1n en sesi\u00f3n permanente\"}]},{\"@type\":\"WebSite\",\"@id\":\"https:\\\/\\\/fuentesfidedignas.com.mx\\\/#website\",\"url\":\"https:\\\/\\\/fuentesfidedignas.com.mx\\\/\",\"name\":\"Fuentes Fidedignas\",\"description\":\"Otro sitio realizado con WordPress\",\"publisher\":{\"@id\":\"https:\\\/\\\/fuentesfidedignas.com.mx\\\/#organization\"},\"potentialAction\":[{\"@type\":\"SearchAction\",\"target\":{\"@type\":\"EntryPoint\",\"urlTemplate\":\"https:\\\/\\\/fuentesfidedignas.com.mx\\\/?s={search_term_string}\"},\"query-input\":{\"@type\":\"PropertyValueSpecification\",\"valueRequired\":true,\"valueName\":\"search_term_string\"}}],\"inLanguage\":\"es\"},{\"@type\":\"Organization\",\"@id\":\"https:\\\/\\\/fuentesfidedignas.com.mx\\\/#organization\",\"name\":\"Fuentes Fidedignas\",\"url\":\"https:\\\/\\\/fuentesfidedignas.com.mx\\\/\",\"logo\":{\"@type\":\"ImageObject\",\"inLanguage\":\"es\",\"@id\":\"https:\\\/\\\/fuentesfidedignas.com.mx\\\/#\\\/schema\\\/logo\\\/image\\\/\",\"url\":\"https:\\\/\\\/fuentesfidedignas.com.mx\\\/wp-content\\\/uploads\\\/2021\\\/04\\\/logo-retina.png\",\"contentUrl\":\"https:\\\/\\\/fuentesfidedignas.com.mx\\\/wp-content\\\/uploads\\\/2021\\\/04\\\/logo-retina.png\",\"width\":280,\"height\":51,\"caption\":\"Fuentes Fidedignas\"},\"image\":{\"@id\":\"https:\\\/\\\/fuentesfidedignas.com.mx\\\/#\\\/schema\\\/logo\\\/image\\\/\"},\"sameAs\":[\"https:\\\/\\\/www.facebook.com\\\/Fuentes-Fidedignas-368234489921644\",\"https:\\\/\\\/x.com\\\/fidedignas\"]},{\"@type\":\"Person\",\"@id\":\"https:\\\/\\\/fuentesfidedignas.com.mx\\\/#\\\/schema\\\/person\\\/331be9283d37198e2acd5750279085b0\",\"name\":\"Redacci\u00f3n\",\"image\":{\"@type\":\"ImageObject\",\"inLanguage\":\"es\",\"@id\":\"https:\\\/\\\/secure.gravatar.com\\\/avatar\\\/f6d8782c11d12b2d4ad3fbb6931aeab5309937a4d6cd2fc9cfaa28a6396a5aec?s=96&d=mm&r=g\",\"url\":\"https:\\\/\\\/secure.gravatar.com\\\/avatar\\\/f6d8782c11d12b2d4ad3fbb6931aeab5309937a4d6cd2fc9cfaa28a6396a5aec?s=96&d=mm&r=g\",\"contentUrl\":\"https:\\\/\\\/secure.gravatar.com\\\/avatar\\\/f6d8782c11d12b2d4ad3fbb6931aeab5309937a4d6cd2fc9cfaa28a6396a5aec?s=96&d=mm&r=g\",\"caption\":\"Redacci\u00f3n\"},\"url\":\"https:\\\/\\\/fuentesfidedignas.com.mx\\\/index.php\\\/author\\\/redaccion\\\/\"}]}<\/script>\n<!-- \/ Yoast SEO plugin. -->","yoast_head_json":{"title":"Instalan Consejo Municipal de Protecci\u00f3n Civil de Culiac\u00e1n en sesi\u00f3n permanente - Fuentes Fidedignas","robots":{"index":"index","follow":"follow","max-snippet":"max-snippet:-1","max-image-preview":"max-image-preview:large","max-video-preview":"max-video-preview:-1"},"canonical":"https:\/\/fuentesfidedignas.com.mx\/index.php\/2024\/05\/24\/instalan-consejo-municipal-de-proteccion-civil-de-culiacan-en-sesion-permanente\/","og_locale":"es_MX","og_type":"article","og_title":"Instalan Consejo Municipal de Protecci\u00f3n Civil de Culiac\u00e1n en sesi\u00f3n permanente - Fuentes Fidedignas","og_description":"Los miembros se comprometieron a velar por el bienestar de la sociedad culiacanense, especialmente ahora que ha iniciado la temporada de lluvias y huracanes en el Pac\u00edfico Culiac\u00e1n, Sin.- En un esfuerzo por fortalecer las acciones preventivas y de respuesta ante emergencias, el Ayuntamiento de Culiac\u00e1n ha instalado el Consejo Municipal de Protecci\u00f3n Civil en [&hellip;]","og_url":"https:\/\/fuentesfidedignas.com.mx\/index.php\/2024\/05\/24\/instalan-consejo-municipal-de-proteccion-civil-de-culiacan-en-sesion-permanente\/","og_site_name":"Fuentes Fidedignas","article_publisher":"https:\/\/www.facebook.com\/Fuentes-Fidedignas-368234489921644","article_published_time":"2024-05-24T15:04:34+00:00","og_image":[{"width":650,"height":433,"url":"https:\/\/fuentesfidedignas.com.mx\/wp-content\/uploads\/2024\/05\/WhatsApp-Image-2024-05-23-at-8.14.14-PM.jpeg","type":"image\/jpeg"}],"author":"Redacci\u00f3n","twitter_card":"summary_large_image","twitter_creator":"@fidedignas","twitter_site":"@fidedignas","twitter_misc":{"Escrito por":"Redacci\u00f3n","Tiempo de lectura":"2 minutos"},"schema":{"@context":"https:\/\/schema.org","@graph":[{"@type":"Article","@id":"https:\/\/fuentesfidedignas.com.mx\/index.php\/2024\/05\/24\/instalan-consejo-municipal-de-proteccion-civil-de-culiacan-en-sesion-permanente\/#article","isPartOf":{"@id":"https:\/\/fuentesfidedignas.com.mx\/index.php\/2024\/05\/24\/instalan-consejo-municipal-de-proteccion-civil-de-culiacan-en-sesion-permanente\/"},"author":{"name":"Redacci\u00f3n","@id":"https:\/\/fuentesfidedignas.com.mx\/#\/schema\/person\/331be9283d37198e2acd5750279085b0"},"headline":"Instalan Consejo Municipal de Protecci\u00f3n Civil de Culiac\u00e1n en sesi\u00f3n permanente","datePublished":"2024-05-24T15:04:34+00:00","mainEntityOfPage":{"@id":"https:\/\/fuentesfidedignas.com.mx\/index.php\/2024\/05\/24\/instalan-consejo-municipal-de-proteccion-civil-de-culiacan-en-sesion-permanente\/"},"wordCount":462,"commentCount":0,"publisher":{"@id":"https:\/\/fuentesfidedignas.com.mx\/#organization"},"image":{"@id":"https:\/\/fuentesfidedignas.com.mx\/index.php\/2024\/05\/24\/instalan-consejo-municipal-de-proteccion-civil-de-culiacan-en-sesion-permanente\/#primaryimage"},"thumbnailUrl":"https:\/\/fuentesfidedignas.com.mx\/wp-content\/uploads\/2024\/05\/WhatsApp-Image-2024-05-23-at-8.14.14-PM.jpeg","inLanguage":"es","potentialAction":[{"@type":"CommentAction","name":"Comment","target":["https:\/\/fuentesfidedignas.com.mx\/index.php\/2024\/05\/24\/instalan-consejo-municipal-de-proteccion-civil-de-culiacan-en-sesion-permanente\/#respond"]}]},{"@type":"WebPage","@id":"https:\/\/fuentesfidedignas.com.mx\/index.php\/2024\/05\/24\/instalan-consejo-municipal-de-proteccion-civil-de-culiacan-en-sesion-permanente\/","url":"https:\/\/fuentesfidedignas.com.mx\/index.php\/2024\/05\/24\/instalan-consejo-municipal-de-proteccion-civil-de-culiacan-en-sesion-permanente\/","name":"Instalan Consejo Municipal de Protecci\u00f3n Civil de Culiac\u00e1n en sesi\u00f3n permanente - Fuentes Fidedignas","isPartOf":{"@id":"https:\/\/fuentesfidedignas.com.mx\/#website"},"primaryImageOfPage":{"@id":"https:\/\/fuentesfidedignas.com.mx\/index.php\/2024\/05\/24\/instalan-consejo-municipal-de-proteccion-civil-de-culiacan-en-sesion-permanente\/#primaryimage"},"image":{"@id":"https:\/\/fuentesfidedignas.com.mx\/index.php\/2024\/05\/24\/instalan-consejo-municipal-de-proteccion-civil-de-culiacan-en-sesion-permanente\/#primaryimage"},"thumbnailUrl":"https:\/\/fuentesfidedignas.com.mx\/wp-content\/uploads\/2024\/05\/WhatsApp-Image-2024-05-23-at-8.14.14-PM.jpeg","datePublished":"2024-05-24T15:04:34+00:00","breadcrumb":{"@id":"https:\/\/fuentesfidedignas.com.mx\/index.php\/2024\/05\/24\/instalan-consejo-municipal-de-proteccion-civil-de-culiacan-en-sesion-permanente\/#breadcrumb"},"inLanguage":"es","potentialAction":[{"@type":"ReadAction","target":["https:\/\/fuentesfidedignas.com.mx\/index.php\/2024\/05\/24\/instalan-consejo-municipal-de-proteccion-civil-de-culiacan-en-sesion-permanente\/"]}]},{"@type":"ImageObject","inLanguage":"es","@id":"https:\/\/fuentesfidedignas.com.mx\/index.php\/2024\/05\/24\/instalan-consejo-municipal-de-proteccion-civil-de-culiacan-en-sesion-permanente\/#primaryimage","url":"https:\/\/fuentesfidedignas.com.mx\/wp-content\/uploads\/2024\/05\/WhatsApp-Image-2024-05-23-at-8.14.14-PM.jpeg","contentUrl":"https:\/\/fuentesfidedignas.com.mx\/wp-content\/uploads\/2024\/05\/WhatsApp-Image-2024-05-23-at-8.14.14-PM.jpeg","width":650,"height":433},{"@type":"BreadcrumbList","@id":"https:\/\/fuentesfidedignas.com.mx\/index.php\/2024\/05\/24\/instalan-consejo-municipal-de-proteccion-civil-de-culiacan-en-sesion-permanente\/#breadcrumb","itemListElement":[{"@type":"ListItem","position":1,"name":"Inicio","item":"https:\/\/fuentesfidedignas.com.mx\/"},{"@type":"ListItem","position":2,"name":"Instalan Consejo Municipal de Protecci\u00f3n Civil de Culiac\u00e1n en sesi\u00f3n permanente"}]},{"@type":"WebSite","@id":"https:\/\/fuentesfidedignas.com.mx\/#website","url":"https:\/\/fuentesfidedignas.com.mx\/","name":"Fuentes Fidedignas","description":"Otro sitio realizado con WordPress","publisher":{"@id":"https:\/\/fuentesfidedignas.com.mx\/#organization"},"potentialAction":[{"@type":"SearchAction","target":{"@type":"EntryPoint","urlTemplate":"https:\/\/fuentesfidedignas.com.mx\/?s={search_term_string}"},"query-input":{"@type":"PropertyValueSpecification","valueRequired":true,"valueName":"search_term_string"}}],"inLanguage":"es"},{"@type":"Organization","@id":"https:\/\/fuentesfidedignas.com.mx\/#organization","name":"Fuentes Fidedignas","url":"https:\/\/fuentesfidedignas.com.mx\/","logo":{"@type":"ImageObject","inLanguage":"es","@id":"https:\/\/fuentesfidedignas.com.mx\/#\/schema\/logo\/image\/","url":"https:\/\/fuentesfidedignas.com.mx\/wp-content\/uploads\/2021\/04\/logo-retina.png","contentUrl":"https:\/\/fuentesfidedignas.com.mx\/wp-content\/uploads\/2021\/04\/logo-retina.png","width":280,"height":51,"caption":"Fuentes Fidedignas"},"image":{"@id":"https:\/\/fuentesfidedignas.com.mx\/#\/schema\/logo\/image\/"},"sameAs":["https:\/\/www.facebook.com\/Fuentes-Fidedignas-368234489921644","https:\/\/x.com\/fidedignas"]},{"@type":"Person","@id":"https:\/\/fuentesfidedignas.com.mx\/#\/schema\/person\/331be9283d37198e2acd5750279085b0","name":"Redacci\u00f3n","image":{"@type":"ImageObject","inLanguage":"es","@id":"https:\/\/secure.gravatar.com\/avatar\/f6d8782c11d12b2d4ad3fbb6931aeab5309937a4d6cd2fc9cfaa28a6396a5aec?s=96&d=mm&r=g","url":"https:\/\/secure.gravatar.com\/avatar\/f6d8782c11d12b2d4ad3fbb6931aeab5309937a4d6cd2fc9cfaa28a6396a5aec?s=96&d=mm&r=g","contentUrl":"https:\/\/secure.gravatar.com\/avatar\/f6d8782c11d12b2d4ad3fbb6931aeab5309937a4d6cd2fc9cfaa28a6396a5aec?s=96&d=mm&r=g","caption":"Redacci\u00f3n"},"url":"https:\/\/fuentesfidedignas.com.mx\/index.php\/author\/redaccion\/"}]}},"_links":{"self":[{"href":"https:\/\/fuentesfidedignas.com.mx\/index.php\/wp-json\/wp\/v2\/posts\/82404","targetHints":{"allow":["GET"]}}],"collection":[{"href":"https:\/\/fuentesfidedignas.com.mx\/index.php\/wp-json\/wp\/v2\/posts"}],"about":[{"href":"https:\/\/fuentesfidedignas.com.mx\/index.php\/wp-json\/wp\/v2\/types\/post"}],"author":[{"embeddable":true,"href":"https:\/\/fuentesfidedignas.com.mx\/index.php\/wp-json\/wp\/v2\/users\/4"}],"replies":[{"embeddable":true,"href":"https:\/\/fuentesfidedignas.com.mx\/index.php\/wp-json\/wp\/v2\/comments?post=82404"}],"version-history":[{"count":1,"href":"https:\/\/fuentesfidedignas.com.mx\/index.php\/wp-json\/wp\/v2\/posts\/82404\/revisions"}],"predecessor-version":[{"id":82406,"href":"https:\/\/fuentesfidedignas.com.mx\/index.php\/wp-json\/wp\/v2\/posts\/82404\/revisions\/82406"}],"wp:featuredmedia":[{"embeddable":true,"href":"https:\/\/fuentesfidedignas.com.mx\/index.php\/wp-json\/wp\/v2\/media\/82405"}],"wp:attachment":[{"href":"https:\/\/fuentesfidedignas.com.mx\/index.php\/wp-json\/wp\/v2\/media?parent=82404"}],"wp:term":[{"taxonomy":"category","embeddable":true,"href":"https:\/\/fuentesfidedignas.com.mx\/index.php\/wp-json\/wp\/v2\/categories?post=82404"},{"taxonomy":"post_tag","embeddable":true,"href":"https:\/\/fuentesfidedignas.com.mx\/index.php\/wp-json\/wp\/v2\/tags?post=82404"}],"curies":[{"name":"wp","href":"https:\/\/api.w.org\/{rel}","templated":true}]}}