{"id":82401,"date":"2024-05-24T07:59:56","date_gmt":"2024-05-24T14:59:56","guid":{"rendered":"https:\/\/fuentesfidedignas.com.mx\/?p=82401"},"modified":"2024-05-24T07:59:56","modified_gmt":"2024-05-24T14:59:56","slug":"academico-de-la-uas-llama-a-la-poblacion-sinaloense-a-prevenir-golpes-de-calor","status":"publish","type":"post","link":"https:\/\/fuentesfidedignas.com.mx\/index.php\/2024\/05\/24\/academico-de-la-uas-llama-a-la-poblacion-sinaloense-a-prevenir-golpes-de-calor\/","title":{"rendered":"Acad\u00e9mico de la UAS llama a la poblaci\u00f3n sinaloense a prevenir golpes de calor"},"content":{"rendered":"\n<p><strong><em>Se estima que la tercera ola de calor se extienda unos d\u00edas m\u00e1s.<\/em><\/strong><\/p>\n\n\n\n<p>Culiac\u00e1n, Sin.- La tercera ola de calor que actualmente azota el pa\u00eds ha provocado temperaturas m\u00e1ximas superiores a los 45 grados en al menos trece estados de la Rep\u00fablica, incluyendo Sinaloa, seg\u00fan reportes del Servicio Meteorol\u00f3gico Nacional (SMN) y la Comisi\u00f3n Nacional del Agua (CONAGUA).<\/p>\n\n\n\n<p>El investigador de la Facultad de Biolog\u00eda de la Universidad Aut\u00f3noma de Sinaloa (UAS), doctor C\u00e9sar Enrique Romero Higareda, inform\u00f3 que, de acuerdo con datos recabados en estaciones climatol\u00f3gicas de la CONAGUA en Sinaloa, el municipio de Choix ha presentado temperaturas m\u00e1ximas de hasta 45 grados, al inicio de la tercera ola; mientras que la Estaci\u00f3n Climatol\u00f3gica ubicada en esta facultad registr\u00f3 un m\u00e1xima de 40 grados en Culiac\u00e1n, solo el 20 de mayo.<\/p>\n\n\n\n<p>&#8220;Ese s\u00ed va a ser un problema de salud por los golpes de calor; la gente s\u00ed tiene que estar muy atenta, no echar en saco roto este tipo de cuestiones, porque dicen \u2018siempre ha hecho calor\u2019, pero ahora va a ser peor\u201d, dijo.<\/p>\n\n\n\n<p>En ese sentido, el acad\u00e9mico explic\u00f3 que, actualmente, en la atm\u00f3sfera terrestre se encuentra una \u201ccirculaci\u00f3n anticicl\u00f3nica en niveles medios\u201d por lo que se estima que la tercera ola de calor se extienda unos d\u00edas m\u00e1s.<\/p>\n\n\n\n<p>\u201cLa sensaci\u00f3n de calor va a continuar; baja uno o dos grados, pero el domo de calor que, en realidad es un sistema anticicl\u00f3nico, se desplaza de manera longitudinal de este a oeste y, conforme avance el verano, lo que se espera es que se desplace hacia el norte para que la zona intertropical de convergencia mueva la humedad que viene desde el Pac\u00edfico y permita el ingreso de la humedad desde el Atl\u00e1ntico. Cuando eso ocurre es cuando inicia la \u00e9poca de lluvias en el noroeste, pero mientras se sostenga el sistema de alta presi\u00f3n tan fuerte como hace muchos a\u00f1os no se ten\u00eda, las posibilidades de lluvia bajan y el calor va a prevalecer un buen tiempo\u201d, declar\u00f3.<\/p>\n\n\n\n<p>Finalmente, enfatiz\u00f3 que la falta de lluvias y, en consecuencia, la sequ\u00eda en el noroeste del pa\u00eds va a continuar, por lo que hace un llamado a la poblaci\u00f3n y a las autoridades del estado para que tomen medidas en el abasto y consumo de agua, ya que seguir\u00e1n los cielos despejados en la entidad ocasionados por el sistema anticicl\u00f3nico que provoca las altas temperaturas; y recomienda no exponerse por periodos prolongados al sol para evitar los golpes de calor.<\/p>\n\n\n\n<p>\u201cS\u00ed es peligrosa la cuesti\u00f3n de los golpes de calor. Los golpes de calor cuando una persona los siente es porque ya est\u00e1 en el piso; entonces t\u00e9nganlo en cuenta. La otra es, para quienes toman decisiones a nivel local, el consumo de energ\u00eda se prev\u00e9 bastante alto por la sensaci\u00f3n de calor y, para quienes toman decisiones a largo plazo, tengan en cuenta que el agua es poca en todo el noroeste y se debe ajustar el abasto para garantizar la producci\u00f3n agr\u00edcola y el consumo humano\u201d, concluy\u00f3.<\/p>\n","protected":false},"excerpt":{"rendered":"<p>Se estima que la tercera ola de calor se extienda unos d\u00edas m\u00e1s. Culiac\u00e1n, Sin.- La tercera ola de calor que actualmente azota el pa\u00eds ha provocado temperaturas m\u00e1ximas superiores a los 45 grados en al menos trece estados de la Rep\u00fablica, incluyendo Sinaloa, seg\u00fan reportes del Servicio Meteorol\u00f3gico Nacional (SMN) y la Comisi\u00f3n Nacional [&hellip;]<\/p>\n","protected":false},"author":4,"featured_media":82402,"comment_status":"open","ping_status":"open","sticky":false,"template":"","format":"standard","meta":{"tdm_status":"","tdm_grid_status":"","footnotes":""},"categories":[38],"tags":[],"class_list":{"0":"post-82401","1":"post","2":"type-post","3":"status-publish","4":"format-standard","5":"has-post-thumbnail","7":"category-noticias-locales"},"yoast_head":"<!-- This site is optimized with the Yoast SEO plugin v27.5 - https:\/\/yoast.com\/product\/yoast-seo-wordpress\/ -->\n<title>Acad\u00e9mico de la UAS llama a la poblaci\u00f3n sinaloense a prevenir golpes de calor - Fuentes Fidedignas<\/title>\n<meta name=\"robots\" content=\"index, follow, max-snippet:-1, max-image-preview:large, max-video-preview:-1\" \/>\n<link rel=\"canonical\" href=\"https:\/\/fuentesfidedignas.com.mx\/index.php\/2024\/05\/24\/academico-de-la-uas-llama-a-la-poblacion-sinaloense-a-prevenir-golpes-de-calor\/\" \/>\n<meta property=\"og:locale\" content=\"es_MX\" \/>\n<meta property=\"og:type\" content=\"article\" \/>\n<meta property=\"og:title\" content=\"Acad\u00e9mico de la UAS llama a la poblaci\u00f3n sinaloense a prevenir golpes de calor - Fuentes Fidedignas\" \/>\n<meta property=\"og:description\" content=\"Se estima que la tercera ola de calor se extienda unos d\u00edas m\u00e1s. Culiac\u00e1n, Sin.- La tercera ola de calor que actualmente azota el pa\u00eds ha provocado temperaturas m\u00e1ximas superiores a los 45 grados en al menos trece estados de la Rep\u00fablica, incluyendo Sinaloa, seg\u00fan reportes del Servicio Meteorol\u00f3gico Nacional (SMN) y la Comisi\u00f3n Nacional [&hellip;]\" \/>\n<meta property=\"og:url\" content=\"https:\/\/fuentesfidedignas.com.mx\/index.php\/2024\/05\/24\/academico-de-la-uas-llama-a-la-poblacion-sinaloense-a-prevenir-golpes-de-calor\/\" \/>\n<meta property=\"og:site_name\" content=\"Fuentes Fidedignas\" \/>\n<meta property=\"article:publisher\" content=\"https:\/\/www.facebook.com\/Fuentes-Fidedignas-368234489921644\" \/>\n<meta property=\"article:published_time\" content=\"2024-05-24T14:59:56+00:00\" \/>\n<meta property=\"og:image\" content=\"https:\/\/fuentesfidedignas.com.mx\/wp-content\/uploads\/2024\/05\/Calor-2.jpg\" \/>\n\t<meta property=\"og:image:width\" content=\"650\" \/>\n\t<meta property=\"og:image:height\" content=\"438\" \/>\n\t<meta property=\"og:image:type\" content=\"image\/jpeg\" \/>\n<meta name=\"author\" content=\"Redacci\u00f3n\" \/>\n<meta name=\"twitter:card\" content=\"summary_large_image\" \/>\n<meta name=\"twitter:creator\" content=\"@fidedignas\" \/>\n<meta name=\"twitter:site\" content=\"@fidedignas\" \/>\n<meta name=\"twitter:label1\" content=\"Escrito por\" \/>\n\t<meta name=\"twitter:data1\" content=\"Redacci\u00f3n\" \/>\n\t<meta name=\"twitter:label2\" content=\"Tiempo de lectura\" \/>\n\t<meta name=\"twitter:data2\" content=\"3 minutos\" \/>\n<script type=\"application\/ld+json\" class=\"yoast-schema-graph\">{\"@context\":\"https:\\\/\\\/schema.org\",\"@graph\":[{\"@type\":\"Article\",\"@id\":\"https:\\\/\\\/fuentesfidedignas.com.mx\\\/index.php\\\/2024\\\/05\\\/24\\\/academico-de-la-uas-llama-a-la-poblacion-sinaloense-a-prevenir-golpes-de-calor\\\/#article\",\"isPartOf\":{\"@id\":\"https:\\\/\\\/fuentesfidedignas.com.mx\\\/index.php\\\/2024\\\/05\\\/24\\\/academico-de-la-uas-llama-a-la-poblacion-sinaloense-a-prevenir-golpes-de-calor\\\/\"},\"author\":{\"name\":\"Redacci\u00f3n\",\"@id\":\"https:\\\/\\\/fuentesfidedignas.com.mx\\\/#\\\/schema\\\/person\\\/331be9283d37198e2acd5750279085b0\"},\"headline\":\"Acad\u00e9mico de la UAS llama a la poblaci\u00f3n sinaloense a prevenir golpes de calor\",\"datePublished\":\"2024-05-24T14:59:56+00:00\",\"mainEntityOfPage\":{\"@id\":\"https:\\\/\\\/fuentesfidedignas.com.mx\\\/index.php\\\/2024\\\/05\\\/24\\\/academico-de-la-uas-llama-a-la-poblacion-sinaloense-a-prevenir-golpes-de-calor\\\/\"},\"wordCount\":556,\"commentCount\":0,\"publisher\":{\"@id\":\"https:\\\/\\\/fuentesfidedignas.com.mx\\\/#organization\"},\"image\":{\"@id\":\"https:\\\/\\\/fuentesfidedignas.com.mx\\\/index.php\\\/2024\\\/05\\\/24\\\/academico-de-la-uas-llama-a-la-poblacion-sinaloense-a-prevenir-golpes-de-calor\\\/#primaryimage\"},\"thumbnailUrl\":\"https:\\\/\\\/fuentesfidedignas.com.mx\\\/wp-content\\\/uploads\\\/2024\\\/05\\\/Calor-2.jpg\",\"articleSection\":[\"NOTICIAS LOCALES\"],\"inLanguage\":\"es\",\"potentialAction\":[{\"@type\":\"CommentAction\",\"name\":\"Comment\",\"target\":[\"https:\\\/\\\/fuentesfidedignas.com.mx\\\/index.php\\\/2024\\\/05\\\/24\\\/academico-de-la-uas-llama-a-la-poblacion-sinaloense-a-prevenir-golpes-de-calor\\\/#respond\"]}]},{\"@type\":\"WebPage\",\"@id\":\"https:\\\/\\\/fuentesfidedignas.com.mx\\\/index.php\\\/2024\\\/05\\\/24\\\/academico-de-la-uas-llama-a-la-poblacion-sinaloense-a-prevenir-golpes-de-calor\\\/\",\"url\":\"https:\\\/\\\/fuentesfidedignas.com.mx\\\/index.php\\\/2024\\\/05\\\/24\\\/academico-de-la-uas-llama-a-la-poblacion-sinaloense-a-prevenir-golpes-de-calor\\\/\",\"name\":\"Acad\u00e9mico de la UAS llama a la poblaci\u00f3n sinaloense a prevenir golpes de calor - Fuentes Fidedignas\",\"isPartOf\":{\"@id\":\"https:\\\/\\\/fuentesfidedignas.com.mx\\\/#website\"},\"primaryImageOfPage\":{\"@id\":\"https:\\\/\\\/fuentesfidedignas.com.mx\\\/index.php\\\/2024\\\/05\\\/24\\\/academico-de-la-uas-llama-a-la-poblacion-sinaloense-a-prevenir-golpes-de-calor\\\/#primaryimage\"},\"image\":{\"@id\":\"https:\\\/\\\/fuentesfidedignas.com.mx\\\/index.php\\\/2024\\\/05\\\/24\\\/academico-de-la-uas-llama-a-la-poblacion-sinaloense-a-prevenir-golpes-de-calor\\\/#primaryimage\"},\"thumbnailUrl\":\"https:\\\/\\\/fuentesfidedignas.com.mx\\\/wp-content\\\/uploads\\\/2024\\\/05\\\/Calor-2.jpg\",\"datePublished\":\"2024-05-24T14:59:56+00:00\",\"breadcrumb\":{\"@id\":\"https:\\\/\\\/fuentesfidedignas.com.mx\\\/index.php\\\/2024\\\/05\\\/24\\\/academico-de-la-uas-llama-a-la-poblacion-sinaloense-a-prevenir-golpes-de-calor\\\/#breadcrumb\"},\"inLanguage\":\"es\",\"potentialAction\":[{\"@type\":\"ReadAction\",\"target\":[\"https:\\\/\\\/fuentesfidedignas.com.mx\\\/index.php\\\/2024\\\/05\\\/24\\\/academico-de-la-uas-llama-a-la-poblacion-sinaloense-a-prevenir-golpes-de-calor\\\/\"]}]},{\"@type\":\"ImageObject\",\"inLanguage\":\"es\",\"@id\":\"https:\\\/\\\/fuentesfidedignas.com.mx\\\/index.php\\\/2024\\\/05\\\/24\\\/academico-de-la-uas-llama-a-la-poblacion-sinaloense-a-prevenir-golpes-de-calor\\\/#primaryimage\",\"url\":\"https:\\\/\\\/fuentesfidedignas.com.mx\\\/wp-content\\\/uploads\\\/2024\\\/05\\\/Calor-2.jpg\",\"contentUrl\":\"https:\\\/\\\/fuentesfidedignas.com.mx\\\/wp-content\\\/uploads\\\/2024\\\/05\\\/Calor-2.jpg\",\"width\":650,\"height\":438},{\"@type\":\"BreadcrumbList\",\"@id\":\"https:\\\/\\\/fuentesfidedignas.com.mx\\\/index.php\\\/2024\\\/05\\\/24\\\/academico-de-la-uas-llama-a-la-poblacion-sinaloense-a-prevenir-golpes-de-calor\\\/#breadcrumb\",\"itemListElement\":[{\"@type\":\"ListItem\",\"position\":1,\"name\":\"Inicio\",\"item\":\"https:\\\/\\\/fuentesfidedignas.com.mx\\\/\"},{\"@type\":\"ListItem\",\"position\":2,\"name\":\"Acad\u00e9mico de la UAS llama a la poblaci\u00f3n sinaloense a prevenir golpes de calor\"}]},{\"@type\":\"WebSite\",\"@id\":\"https:\\\/\\\/fuentesfidedignas.com.mx\\\/#website\",\"url\":\"https:\\\/\\\/fuentesfidedignas.com.mx\\\/\",\"name\":\"Fuentes Fidedignas\",\"description\":\"Otro sitio realizado con WordPress\",\"publisher\":{\"@id\":\"https:\\\/\\\/fuentesfidedignas.com.mx\\\/#organization\"},\"potentialAction\":[{\"@type\":\"SearchAction\",\"target\":{\"@type\":\"EntryPoint\",\"urlTemplate\":\"https:\\\/\\\/fuentesfidedignas.com.mx\\\/?s={search_term_string}\"},\"query-input\":{\"@type\":\"PropertyValueSpecification\",\"valueRequired\":true,\"valueName\":\"search_term_string\"}}],\"inLanguage\":\"es\"},{\"@type\":\"Organization\",\"@id\":\"https:\\\/\\\/fuentesfidedignas.com.mx\\\/#organization\",\"name\":\"Fuentes Fidedignas\",\"url\":\"https:\\\/\\\/fuentesfidedignas.com.mx\\\/\",\"logo\":{\"@type\":\"ImageObject\",\"inLanguage\":\"es\",\"@id\":\"https:\\\/\\\/fuentesfidedignas.com.mx\\\/#\\\/schema\\\/logo\\\/image\\\/\",\"url\":\"https:\\\/\\\/fuentesfidedignas.com.mx\\\/wp-content\\\/uploads\\\/2021\\\/04\\\/logo-retina.png\",\"contentUrl\":\"https:\\\/\\\/fuentesfidedignas.com.mx\\\/wp-content\\\/uploads\\\/2021\\\/04\\\/logo-retina.png\",\"width\":280,\"height\":51,\"caption\":\"Fuentes Fidedignas\"},\"image\":{\"@id\":\"https:\\\/\\\/fuentesfidedignas.com.mx\\\/#\\\/schema\\\/logo\\\/image\\\/\"},\"sameAs\":[\"https:\\\/\\\/www.facebook.com\\\/Fuentes-Fidedignas-368234489921644\",\"https:\\\/\\\/x.com\\\/fidedignas\"]},{\"@type\":\"Person\",\"@id\":\"https:\\\/\\\/fuentesfidedignas.com.mx\\\/#\\\/schema\\\/person\\\/331be9283d37198e2acd5750279085b0\",\"name\":\"Redacci\u00f3n\",\"image\":{\"@type\":\"ImageObject\",\"inLanguage\":\"es\",\"@id\":\"https:\\\/\\\/secure.gravatar.com\\\/avatar\\\/f6d8782c11d12b2d4ad3fbb6931aeab5309937a4d6cd2fc9cfaa28a6396a5aec?s=96&d=mm&r=g\",\"url\":\"https:\\\/\\\/secure.gravatar.com\\\/avatar\\\/f6d8782c11d12b2d4ad3fbb6931aeab5309937a4d6cd2fc9cfaa28a6396a5aec?s=96&d=mm&r=g\",\"contentUrl\":\"https:\\\/\\\/secure.gravatar.com\\\/avatar\\\/f6d8782c11d12b2d4ad3fbb6931aeab5309937a4d6cd2fc9cfaa28a6396a5aec?s=96&d=mm&r=g\",\"caption\":\"Redacci\u00f3n\"},\"url\":\"https:\\\/\\\/fuentesfidedignas.com.mx\\\/index.php\\\/author\\\/redaccion\\\/\"}]}<\/script>\n<!-- \/ Yoast SEO plugin. -->","yoast_head_json":{"title":"Acad\u00e9mico de la UAS llama a la poblaci\u00f3n sinaloense a prevenir golpes de calor - Fuentes Fidedignas","robots":{"index":"index","follow":"follow","max-snippet":"max-snippet:-1","max-image-preview":"max-image-preview:large","max-video-preview":"max-video-preview:-1"},"canonical":"https:\/\/fuentesfidedignas.com.mx\/index.php\/2024\/05\/24\/academico-de-la-uas-llama-a-la-poblacion-sinaloense-a-prevenir-golpes-de-calor\/","og_locale":"es_MX","og_type":"article","og_title":"Acad\u00e9mico de la UAS llama a la poblaci\u00f3n sinaloense a prevenir golpes de calor - Fuentes Fidedignas","og_description":"Se estima que la tercera ola de calor se extienda unos d\u00edas m\u00e1s. Culiac\u00e1n, Sin.- La tercera ola de calor que actualmente azota el pa\u00eds ha provocado temperaturas m\u00e1ximas superiores a los 45 grados en al menos trece estados de la Rep\u00fablica, incluyendo Sinaloa, seg\u00fan reportes del Servicio Meteorol\u00f3gico Nacional (SMN) y la Comisi\u00f3n Nacional [&hellip;]","og_url":"https:\/\/fuentesfidedignas.com.mx\/index.php\/2024\/05\/24\/academico-de-la-uas-llama-a-la-poblacion-sinaloense-a-prevenir-golpes-de-calor\/","og_site_name":"Fuentes Fidedignas","article_publisher":"https:\/\/www.facebook.com\/Fuentes-Fidedignas-368234489921644","article_published_time":"2024-05-24T14:59:56+00:00","og_image":[{"width":650,"height":438,"url":"https:\/\/fuentesfidedignas.com.mx\/wp-content\/uploads\/2024\/05\/Calor-2.jpg","type":"image\/jpeg"}],"author":"Redacci\u00f3n","twitter_card":"summary_large_image","twitter_creator":"@fidedignas","twitter_site":"@fidedignas","twitter_misc":{"Escrito por":"Redacci\u00f3n","Tiempo de lectura":"3 minutos"},"schema":{"@context":"https:\/\/schema.org","@graph":[{"@type":"Article","@id":"https:\/\/fuentesfidedignas.com.mx\/index.php\/2024\/05\/24\/academico-de-la-uas-llama-a-la-poblacion-sinaloense-a-prevenir-golpes-de-calor\/#article","isPartOf":{"@id":"https:\/\/fuentesfidedignas.com.mx\/index.php\/2024\/05\/24\/academico-de-la-uas-llama-a-la-poblacion-sinaloense-a-prevenir-golpes-de-calor\/"},"author":{"name":"Redacci\u00f3n","@id":"https:\/\/fuentesfidedignas.com.mx\/#\/schema\/person\/331be9283d37198e2acd5750279085b0"},"headline":"Acad\u00e9mico de la UAS llama a la poblaci\u00f3n sinaloense a prevenir golpes de calor","datePublished":"2024-05-24T14:59:56+00:00","mainEntityOfPage":{"@id":"https:\/\/fuentesfidedignas.com.mx\/index.php\/2024\/05\/24\/academico-de-la-uas-llama-a-la-poblacion-sinaloense-a-prevenir-golpes-de-calor\/"},"wordCount":556,"commentCount":0,"publisher":{"@id":"https:\/\/fuentesfidedignas.com.mx\/#organization"},"image":{"@id":"https:\/\/fuentesfidedignas.com.mx\/index.php\/2024\/05\/24\/academico-de-la-uas-llama-a-la-poblacion-sinaloense-a-prevenir-golpes-de-calor\/#primaryimage"},"thumbnailUrl":"https:\/\/fuentesfidedignas.com.mx\/wp-content\/uploads\/2024\/05\/Calor-2.jpg","articleSection":["NOTICIAS LOCALES"],"inLanguage":"es","potentialAction":[{"@type":"CommentAction","name":"Comment","target":["https:\/\/fuentesfidedignas.com.mx\/index.php\/2024\/05\/24\/academico-de-la-uas-llama-a-la-poblacion-sinaloense-a-prevenir-golpes-de-calor\/#respond"]}]},{"@type":"WebPage","@id":"https:\/\/fuentesfidedignas.com.mx\/index.php\/2024\/05\/24\/academico-de-la-uas-llama-a-la-poblacion-sinaloense-a-prevenir-golpes-de-calor\/","url":"https:\/\/fuentesfidedignas.com.mx\/index.php\/2024\/05\/24\/academico-de-la-uas-llama-a-la-poblacion-sinaloense-a-prevenir-golpes-de-calor\/","name":"Acad\u00e9mico de la UAS llama a la poblaci\u00f3n sinaloense a prevenir golpes de calor - Fuentes Fidedignas","isPartOf":{"@id":"https:\/\/fuentesfidedignas.com.mx\/#website"},"primaryImageOfPage":{"@id":"https:\/\/fuentesfidedignas.com.mx\/index.php\/2024\/05\/24\/academico-de-la-uas-llama-a-la-poblacion-sinaloense-a-prevenir-golpes-de-calor\/#primaryimage"},"image":{"@id":"https:\/\/fuentesfidedignas.com.mx\/index.php\/2024\/05\/24\/academico-de-la-uas-llama-a-la-poblacion-sinaloense-a-prevenir-golpes-de-calor\/#primaryimage"},"thumbnailUrl":"https:\/\/fuentesfidedignas.com.mx\/wp-content\/uploads\/2024\/05\/Calor-2.jpg","datePublished":"2024-05-24T14:59:56+00:00","breadcrumb":{"@id":"https:\/\/fuentesfidedignas.com.mx\/index.php\/2024\/05\/24\/academico-de-la-uas-llama-a-la-poblacion-sinaloense-a-prevenir-golpes-de-calor\/#breadcrumb"},"inLanguage":"es","potentialAction":[{"@type":"ReadAction","target":["https:\/\/fuentesfidedignas.com.mx\/index.php\/2024\/05\/24\/academico-de-la-uas-llama-a-la-poblacion-sinaloense-a-prevenir-golpes-de-calor\/"]}]},{"@type":"ImageObject","inLanguage":"es","@id":"https:\/\/fuentesfidedignas.com.mx\/index.php\/2024\/05\/24\/academico-de-la-uas-llama-a-la-poblacion-sinaloense-a-prevenir-golpes-de-calor\/#primaryimage","url":"https:\/\/fuentesfidedignas.com.mx\/wp-content\/uploads\/2024\/05\/Calor-2.jpg","contentUrl":"https:\/\/fuentesfidedignas.com.mx\/wp-content\/uploads\/2024\/05\/Calor-2.jpg","width":650,"height":438},{"@type":"BreadcrumbList","@id":"https:\/\/fuentesfidedignas.com.mx\/index.php\/2024\/05\/24\/academico-de-la-uas-llama-a-la-poblacion-sinaloense-a-prevenir-golpes-de-calor\/#breadcrumb","itemListElement":[{"@type":"ListItem","position":1,"name":"Inicio","item":"https:\/\/fuentesfidedignas.com.mx\/"},{"@type":"ListItem","position":2,"name":"Acad\u00e9mico de la UAS llama a la poblaci\u00f3n sinaloense a prevenir golpes de calor"}]},{"@type":"WebSite","@id":"https:\/\/fuentesfidedignas.com.mx\/#website","url":"https:\/\/fuentesfidedignas.com.mx\/","name":"Fuentes Fidedignas","description":"Otro sitio realizado con WordPress","publisher":{"@id":"https:\/\/fuentesfidedignas.com.mx\/#organization"},"potentialAction":[{"@type":"SearchAction","target":{"@type":"EntryPoint","urlTemplate":"https:\/\/fuentesfidedignas.com.mx\/?s={search_term_string}"},"query-input":{"@type":"PropertyValueSpecification","valueRequired":true,"valueName":"search_term_string"}}],"inLanguage":"es"},{"@type":"Organization","@id":"https:\/\/fuentesfidedignas.com.mx\/#organization","name":"Fuentes Fidedignas","url":"https:\/\/fuentesfidedignas.com.mx\/","logo":{"@type":"ImageObject","inLanguage":"es","@id":"https:\/\/fuentesfidedignas.com.mx\/#\/schema\/logo\/image\/","url":"https:\/\/fuentesfidedignas.com.mx\/wp-content\/uploads\/2021\/04\/logo-retina.png","contentUrl":"https:\/\/fuentesfidedignas.com.mx\/wp-content\/uploads\/2021\/04\/logo-retina.png","width":280,"height":51,"caption":"Fuentes Fidedignas"},"image":{"@id":"https:\/\/fuentesfidedignas.com.mx\/#\/schema\/logo\/image\/"},"sameAs":["https:\/\/www.facebook.com\/Fuentes-Fidedignas-368234489921644","https:\/\/x.com\/fidedignas"]},{"@type":"Person","@id":"https:\/\/fuentesfidedignas.com.mx\/#\/schema\/person\/331be9283d37198e2acd5750279085b0","name":"Redacci\u00f3n","image":{"@type":"ImageObject","inLanguage":"es","@id":"https:\/\/secure.gravatar.com\/avatar\/f6d8782c11d12b2d4ad3fbb6931aeab5309937a4d6cd2fc9cfaa28a6396a5aec?s=96&d=mm&r=g","url":"https:\/\/secure.gravatar.com\/avatar\/f6d8782c11d12b2d4ad3fbb6931aeab5309937a4d6cd2fc9cfaa28a6396a5aec?s=96&d=mm&r=g","contentUrl":"https:\/\/secure.gravatar.com\/avatar\/f6d8782c11d12b2d4ad3fbb6931aeab5309937a4d6cd2fc9cfaa28a6396a5aec?s=96&d=mm&r=g","caption":"Redacci\u00f3n"},"url":"https:\/\/fuentesfidedignas.com.mx\/index.php\/author\/redaccion\/"}]}},"_links":{"self":[{"href":"https:\/\/fuentesfidedignas.com.mx\/index.php\/wp-json\/wp\/v2\/posts\/82401","targetHints":{"allow":["GET"]}}],"collection":[{"href":"https:\/\/fuentesfidedignas.com.mx\/index.php\/wp-json\/wp\/v2\/posts"}],"about":[{"href":"https:\/\/fuentesfidedignas.com.mx\/index.php\/wp-json\/wp\/v2\/types\/post"}],"author":[{"embeddable":true,"href":"https:\/\/fuentesfidedignas.com.mx\/index.php\/wp-json\/wp\/v2\/users\/4"}],"replies":[{"embeddable":true,"href":"https:\/\/fuentesfidedignas.com.mx\/index.php\/wp-json\/wp\/v2\/comments?post=82401"}],"version-history":[{"count":1,"href":"https:\/\/fuentesfidedignas.com.mx\/index.php\/wp-json\/wp\/v2\/posts\/82401\/revisions"}],"predecessor-version":[{"id":82403,"href":"https:\/\/fuentesfidedignas.com.mx\/index.php\/wp-json\/wp\/v2\/posts\/82401\/revisions\/82403"}],"wp:featuredmedia":[{"embeddable":true,"href":"https:\/\/fuentesfidedignas.com.mx\/index.php\/wp-json\/wp\/v2\/media\/82402"}],"wp:attachment":[{"href":"https:\/\/fuentesfidedignas.com.mx\/index.php\/wp-json\/wp\/v2\/media?parent=82401"}],"wp:term":[{"taxonomy":"category","embeddable":true,"href":"https:\/\/fuentesfidedignas.com.mx\/index.php\/wp-json\/wp\/v2\/categories?post=82401"},{"taxonomy":"post_tag","embeddable":true,"href":"https:\/\/fuentesfidedignas.com.mx\/index.php\/wp-json\/wp\/v2\/tags?post=82401"}],"curies":[{"name":"wp","href":"https:\/\/api.w.org\/{rel}","templated":true}]}}