{"id":82368,"date":"2024-05-23T19:24:43","date_gmt":"2024-05-24T02:24:43","guid":{"rendered":"https:\/\/fuentesfidedignas.com.mx\/?p=82368"},"modified":"2024-05-23T19:24:43","modified_gmt":"2024-05-24T02:24:43","slug":"la-uas-reconoce-a-84-docentes-academicos-e-investigadores","status":"publish","type":"post","link":"https:\/\/fuentesfidedignas.com.mx\/index.php\/2024\/05\/23\/la-uas-reconoce-a-84-docentes-academicos-e-investigadores\/","title":{"rendered":"La UAS reconoce a 84 docentes, acad\u00e9micos e investigadores"},"content":{"rendered":"\n<p><strong><em>Robespierre Liz\u00e1rraga Otero, Encargado del Despacho de Rector\u00eda, encabez\u00f3 la Ceremonia de Entrega de Reconocimientos Acad\u00e9micos 2024 donde 64 docentes que cumplieron 30 a\u00f1os de servicio recibieron el Reconocimiento &#8220;Lic. Eustaquio Buelna P\u00e9rez&#8221; y 20 acad\u00e9micos e investigadores fueron distinguidos por su quehacer.<\/em><\/strong><\/p>\n\n\n\n<p>Culiac\u00e1n, Sin.- Un merecido homenaje a su labor docente y de investigaci\u00f3n recibieron de la Universidad Aut\u00f3noma de Sinaloa (UAS) 84 universitarios de las cuatro unidades regionales, reconocimiento por su entrega y contribuci\u00f3n significativa al desarrollo de la instituci\u00f3n, por su s\u00f3lida formaci\u00f3n acad\u00e9mica y excelencia en diferentes campos de estudio que los posiciona como un baluarte de la calidad universitaria.<\/p>\n\n\n\n<p>El doctor Robespierre Liz\u00e1rraga Otero, Encargado del Despacho de Rector\u00eda, encabez\u00f3 la Ceremonia de Entrega de Reconocimientos Acad\u00e9micos 2024 donde 64 docentes que cumplieron 30 a\u00f1os de servicio recibieron el Reconocimiento &#8220;Lic. Eustaquio Buelna P\u00e9rez&#8221; y 20 acad\u00e9micos e investigadores fueron distinguidos por su quehacer.<\/p>\n\n\n\n<p>\u201cLa Universidad Aut\u00f3noma de Sinaloa se honra, se distingue por reconocer a la planta acad\u00e9mica creadoras, creadores y formadores de generaciones de profesionistas que han luchado y pugnado por el desarrollo de nuestro estado\u201d, dijo Liz\u00e1rraga Otero al enfatizar que en la labor de los galardonados se sostienen los pilares de la instituci\u00f3n y se\u00f1alar que ser\u00e1 regresado a su cargo el Rector Titular, doctor Jes\u00fas Madue\u00f1a Molina porque la raz\u00f3n jur\u00eddica y pol\u00edtica est\u00e1 de lado de los universitarios.<\/p>\n\n\n\n<p>Recibieron la Distinci\u00f3n de Profesor o Investigador Em\u00e9rito los doctores Glenda Judith Liz\u00e1rraga S\u00e1nchez, Hermelinda Mexia Angulo, Mart\u00edn Humberto F\u00e9lix Medina y Jorge Sa\u00fal Ram\u00edrez P\u00e9rez y por sus valiosas aportaciones en la ense\u00f1anza de las Ciencias de la Educaci\u00f3n y las Tecnolog\u00edas el Reconocimiento Universitario &#8220;Gral. Rafael Buelna Tenorio&#8221; fue otorgado a los doctores Dolores Alejandra Cota y Reynaldo Castro Angulo, a la maestra Mar\u00eda del Rosario Vidaca Montenegro, y al licenciado H\u00e9ctor Velarde Quintero.<\/p>\n\n\n\n<p>Considerados pilares incansables de divulgaci\u00f3n cient\u00edfica y formaci\u00f3n integral por su destacada labor en la ense\u00f1anza y su amplia producci\u00f3n acad\u00e9mica, recibieron el Premio al M\u00e9rito Universitario en Investigaci\u00f3n los doctores Fernando Alberto Valenzuela Escoboza y Manuel Edwiges Trejo Soto, mientras que el Premio al M\u00e9rito Universitario en Docencia fue para el licenciado Ulises Rodr\u00edguez Guti\u00e9rrez y la doctora Alma Flor Mart\u00ednez Soto.<\/p>\n\n\n\n<p>Fueron reconocidos con la Distinci\u00f3n como Profesor Ex Officio los doctores Alfredo Reyes Salazar, Guillermo Alfonso Moraila Moya, Arturo Carrillo Rojas y el ingeniero Ignacio Calder\u00f3n Ayala, y el Reconocimiento Post-Mortem fue para los maestros a Salvador Barajas Led\u00f3n y Luis Otoniel Goon Navarrete y los doctores Nicol\u00e1s Avil\u00e9s Gonz\u00e1lez y Alberto Avilez Grampec, los cuales fueron recibidos por sus familiares.<\/p>\n\n\n\n<p>A nombre de los galardonados, el doctor Arturo Carrillo Rojas agradeci\u00f3 a la Universidad la entrega de estos reconocimientos a quienes se han dedicado a formar acad\u00e9micamente a los j\u00f3venes para hacer de ellos mejores seres humanos y tambi\u00e9n a divulgar sus conocimientos para resolver problemas y formar conciencia cr\u00edtica, reflexion\u00f3 sobre la persecuci\u00f3n del Gobernador del estado contra autoridades universitarias.<\/p>\n\n\n\n<p>\u201cNos enfrentamos no a un Valdez Montoya que en los 70\u00b4s quer\u00eda imponer un rector de arriba y sin consenso de la bases, ni a un Toledo Corro que a principios de los 80\u00b4s intent\u00f3 quitar las preparatorias (\u2026) hoy nos enfrentamos a un Gobierno que quiere cambiar la Ley Org\u00e1nica actual por una dictada por el Congreso a un intento de destituir no solo al Rector Titular sino a todas las autoridades universitarias (\u2026) nos enfrentamos a un oponente que quiere controlar las finanzas, la academia y a los sindicatos de la Universidad, han logrado controlar todas las instancias de poder en Sinaloa y s\u00f3lo les falta la Universidad\u201d, dijo.<\/p>\n\n\n\n<p>La bienvenida al evento estuvo a cargo del Secretario General, doctor Candelario Ortiz Bueno, y la lectura del acta de resultados de la Convocatoria correspondiente la hizo el presidente de la Comisi\u00f3n Permanente de Honor y Justicia, doctor Jos\u00e9 Ram\u00f3n Bonilla Rojas.<\/p>\n","protected":false},"excerpt":{"rendered":"<p>Robespierre Liz\u00e1rraga Otero, Encargado del Despacho de Rector\u00eda, encabez\u00f3 la Ceremonia de Entrega de Reconocimientos Acad\u00e9micos 2024 donde 64 docentes que cumplieron 30 a\u00f1os de servicio recibieron el Reconocimiento &#8220;Lic. Eustaquio Buelna P\u00e9rez&#8221; y 20 acad\u00e9micos e investigadores fueron distinguidos por su quehacer. Culiac\u00e1n, Sin.- Un merecido homenaje a su labor docente y de investigaci\u00f3n [&hellip;]<\/p>\n","protected":false},"author":4,"featured_media":82369,"comment_status":"open","ping_status":"open","sticky":false,"template":"","format":"standard","meta":{"tdm_status":"","tdm_grid_status":"","footnotes":""},"categories":[1],"tags":[],"class_list":{"0":"post-82368","1":"post","2":"type-post","3":"status-publish","4":"format-standard","5":"has-post-thumbnail","7":"category-sin-categoria"},"yoast_head":"<!-- This site is optimized with the Yoast SEO plugin v27.5 - https:\/\/yoast.com\/product\/yoast-seo-wordpress\/ -->\n<title>La UAS reconoce a 84 docentes, acad\u00e9micos e investigadores - Fuentes Fidedignas<\/title>\n<meta name=\"robots\" content=\"index, follow, max-snippet:-1, max-image-preview:large, max-video-preview:-1\" \/>\n<link rel=\"canonical\" href=\"https:\/\/fuentesfidedignas.com.mx\/index.php\/2024\/05\/23\/la-uas-reconoce-a-84-docentes-academicos-e-investigadores\/\" \/>\n<meta property=\"og:locale\" content=\"es_MX\" \/>\n<meta property=\"og:type\" content=\"article\" \/>\n<meta property=\"og:title\" content=\"La UAS reconoce a 84 docentes, acad\u00e9micos e investigadores - Fuentes Fidedignas\" \/>\n<meta property=\"og:description\" content=\"Robespierre Liz\u00e1rraga Otero, Encargado del Despacho de Rector\u00eda, encabez\u00f3 la Ceremonia de Entrega de Reconocimientos Acad\u00e9micos 2024 donde 64 docentes que cumplieron 30 a\u00f1os de servicio recibieron el Reconocimiento &#8220;Lic. Eustaquio Buelna P\u00e9rez&#8221; y 20 acad\u00e9micos e investigadores fueron distinguidos por su quehacer. Culiac\u00e1n, Sin.- Un merecido homenaje a su labor docente y de investigaci\u00f3n [&hellip;]\" \/>\n<meta property=\"og:url\" content=\"https:\/\/fuentesfidedignas.com.mx\/index.php\/2024\/05\/23\/la-uas-reconoce-a-84-docentes-academicos-e-investigadores\/\" \/>\n<meta property=\"og:site_name\" content=\"Fuentes Fidedignas\" \/>\n<meta property=\"article:publisher\" content=\"https:\/\/www.facebook.com\/Fuentes-Fidedignas-368234489921644\" \/>\n<meta property=\"article:published_time\" content=\"2024-05-24T02:24:43+00:00\" \/>\n<meta property=\"og:image\" content=\"https:\/\/fuentesfidedignas.com.mx\/wp-content\/uploads\/2024\/05\/WhatsApp-Image-2024-05-23-at-2.00.02-PM.jpeg\" \/>\n\t<meta property=\"og:image:width\" content=\"650\" \/>\n\t<meta property=\"og:image:height\" content=\"433\" \/>\n\t<meta property=\"og:image:type\" content=\"image\/jpeg\" \/>\n<meta name=\"author\" content=\"Redacci\u00f3n\" \/>\n<meta name=\"twitter:card\" content=\"summary_large_image\" \/>\n<meta name=\"twitter:creator\" content=\"@fidedignas\" \/>\n<meta name=\"twitter:site\" content=\"@fidedignas\" \/>\n<meta name=\"twitter:label1\" content=\"Escrito por\" \/>\n\t<meta name=\"twitter:data1\" content=\"Redacci\u00f3n\" \/>\n\t<meta name=\"twitter:label2\" content=\"Tiempo de lectura\" \/>\n\t<meta name=\"twitter:data2\" content=\"4 minutos\" \/>\n<script type=\"application\/ld+json\" class=\"yoast-schema-graph\">{\"@context\":\"https:\\\/\\\/schema.org\",\"@graph\":[{\"@type\":\"Article\",\"@id\":\"https:\\\/\\\/fuentesfidedignas.com.mx\\\/index.php\\\/2024\\\/05\\\/23\\\/la-uas-reconoce-a-84-docentes-academicos-e-investigadores\\\/#article\",\"isPartOf\":{\"@id\":\"https:\\\/\\\/fuentesfidedignas.com.mx\\\/index.php\\\/2024\\\/05\\\/23\\\/la-uas-reconoce-a-84-docentes-academicos-e-investigadores\\\/\"},\"author\":{\"name\":\"Redacci\u00f3n\",\"@id\":\"https:\\\/\\\/fuentesfidedignas.com.mx\\\/#\\\/schema\\\/person\\\/331be9283d37198e2acd5750279085b0\"},\"headline\":\"La UAS reconoce a 84 docentes, acad\u00e9micos e investigadores\",\"datePublished\":\"2024-05-24T02:24:43+00:00\",\"mainEntityOfPage\":{\"@id\":\"https:\\\/\\\/fuentesfidedignas.com.mx\\\/index.php\\\/2024\\\/05\\\/23\\\/la-uas-reconoce-a-84-docentes-academicos-e-investigadores\\\/\"},\"wordCount\":714,\"commentCount\":0,\"publisher\":{\"@id\":\"https:\\\/\\\/fuentesfidedignas.com.mx\\\/#organization\"},\"image\":{\"@id\":\"https:\\\/\\\/fuentesfidedignas.com.mx\\\/index.php\\\/2024\\\/05\\\/23\\\/la-uas-reconoce-a-84-docentes-academicos-e-investigadores\\\/#primaryimage\"},\"thumbnailUrl\":\"https:\\\/\\\/fuentesfidedignas.com.mx\\\/wp-content\\\/uploads\\\/2024\\\/05\\\/WhatsApp-Image-2024-05-23-at-2.00.02-PM.jpeg\",\"inLanguage\":\"es\",\"potentialAction\":[{\"@type\":\"CommentAction\",\"name\":\"Comment\",\"target\":[\"https:\\\/\\\/fuentesfidedignas.com.mx\\\/index.php\\\/2024\\\/05\\\/23\\\/la-uas-reconoce-a-84-docentes-academicos-e-investigadores\\\/#respond\"]}]},{\"@type\":\"WebPage\",\"@id\":\"https:\\\/\\\/fuentesfidedignas.com.mx\\\/index.php\\\/2024\\\/05\\\/23\\\/la-uas-reconoce-a-84-docentes-academicos-e-investigadores\\\/\",\"url\":\"https:\\\/\\\/fuentesfidedignas.com.mx\\\/index.php\\\/2024\\\/05\\\/23\\\/la-uas-reconoce-a-84-docentes-academicos-e-investigadores\\\/\",\"name\":\"La UAS reconoce a 84 docentes, acad\u00e9micos e investigadores - Fuentes Fidedignas\",\"isPartOf\":{\"@id\":\"https:\\\/\\\/fuentesfidedignas.com.mx\\\/#website\"},\"primaryImageOfPage\":{\"@id\":\"https:\\\/\\\/fuentesfidedignas.com.mx\\\/index.php\\\/2024\\\/05\\\/23\\\/la-uas-reconoce-a-84-docentes-academicos-e-investigadores\\\/#primaryimage\"},\"image\":{\"@id\":\"https:\\\/\\\/fuentesfidedignas.com.mx\\\/index.php\\\/2024\\\/05\\\/23\\\/la-uas-reconoce-a-84-docentes-academicos-e-investigadores\\\/#primaryimage\"},\"thumbnailUrl\":\"https:\\\/\\\/fuentesfidedignas.com.mx\\\/wp-content\\\/uploads\\\/2024\\\/05\\\/WhatsApp-Image-2024-05-23-at-2.00.02-PM.jpeg\",\"datePublished\":\"2024-05-24T02:24:43+00:00\",\"breadcrumb\":{\"@id\":\"https:\\\/\\\/fuentesfidedignas.com.mx\\\/index.php\\\/2024\\\/05\\\/23\\\/la-uas-reconoce-a-84-docentes-academicos-e-investigadores\\\/#breadcrumb\"},\"inLanguage\":\"es\",\"potentialAction\":[{\"@type\":\"ReadAction\",\"target\":[\"https:\\\/\\\/fuentesfidedignas.com.mx\\\/index.php\\\/2024\\\/05\\\/23\\\/la-uas-reconoce-a-84-docentes-academicos-e-investigadores\\\/\"]}]},{\"@type\":\"ImageObject\",\"inLanguage\":\"es\",\"@id\":\"https:\\\/\\\/fuentesfidedignas.com.mx\\\/index.php\\\/2024\\\/05\\\/23\\\/la-uas-reconoce-a-84-docentes-academicos-e-investigadores\\\/#primaryimage\",\"url\":\"https:\\\/\\\/fuentesfidedignas.com.mx\\\/wp-content\\\/uploads\\\/2024\\\/05\\\/WhatsApp-Image-2024-05-23-at-2.00.02-PM.jpeg\",\"contentUrl\":\"https:\\\/\\\/fuentesfidedignas.com.mx\\\/wp-content\\\/uploads\\\/2024\\\/05\\\/WhatsApp-Image-2024-05-23-at-2.00.02-PM.jpeg\",\"width\":650,\"height\":433},{\"@type\":\"BreadcrumbList\",\"@id\":\"https:\\\/\\\/fuentesfidedignas.com.mx\\\/index.php\\\/2024\\\/05\\\/23\\\/la-uas-reconoce-a-84-docentes-academicos-e-investigadores\\\/#breadcrumb\",\"itemListElement\":[{\"@type\":\"ListItem\",\"position\":1,\"name\":\"Inicio\",\"item\":\"https:\\\/\\\/fuentesfidedignas.com.mx\\\/\"},{\"@type\":\"ListItem\",\"position\":2,\"name\":\"La UAS reconoce a 84 docentes, acad\u00e9micos e investigadores\"}]},{\"@type\":\"WebSite\",\"@id\":\"https:\\\/\\\/fuentesfidedignas.com.mx\\\/#website\",\"url\":\"https:\\\/\\\/fuentesfidedignas.com.mx\\\/\",\"name\":\"Fuentes Fidedignas\",\"description\":\"Otro sitio realizado con WordPress\",\"publisher\":{\"@id\":\"https:\\\/\\\/fuentesfidedignas.com.mx\\\/#organization\"},\"potentialAction\":[{\"@type\":\"SearchAction\",\"target\":{\"@type\":\"EntryPoint\",\"urlTemplate\":\"https:\\\/\\\/fuentesfidedignas.com.mx\\\/?s={search_term_string}\"},\"query-input\":{\"@type\":\"PropertyValueSpecification\",\"valueRequired\":true,\"valueName\":\"search_term_string\"}}],\"inLanguage\":\"es\"},{\"@type\":\"Organization\",\"@id\":\"https:\\\/\\\/fuentesfidedignas.com.mx\\\/#organization\",\"name\":\"Fuentes Fidedignas\",\"url\":\"https:\\\/\\\/fuentesfidedignas.com.mx\\\/\",\"logo\":{\"@type\":\"ImageObject\",\"inLanguage\":\"es\",\"@id\":\"https:\\\/\\\/fuentesfidedignas.com.mx\\\/#\\\/schema\\\/logo\\\/image\\\/\",\"url\":\"https:\\\/\\\/fuentesfidedignas.com.mx\\\/wp-content\\\/uploads\\\/2021\\\/04\\\/logo-retina.png\",\"contentUrl\":\"https:\\\/\\\/fuentesfidedignas.com.mx\\\/wp-content\\\/uploads\\\/2021\\\/04\\\/logo-retina.png\",\"width\":280,\"height\":51,\"caption\":\"Fuentes Fidedignas\"},\"image\":{\"@id\":\"https:\\\/\\\/fuentesfidedignas.com.mx\\\/#\\\/schema\\\/logo\\\/image\\\/\"},\"sameAs\":[\"https:\\\/\\\/www.facebook.com\\\/Fuentes-Fidedignas-368234489921644\",\"https:\\\/\\\/x.com\\\/fidedignas\"]},{\"@type\":\"Person\",\"@id\":\"https:\\\/\\\/fuentesfidedignas.com.mx\\\/#\\\/schema\\\/person\\\/331be9283d37198e2acd5750279085b0\",\"name\":\"Redacci\u00f3n\",\"image\":{\"@type\":\"ImageObject\",\"inLanguage\":\"es\",\"@id\":\"https:\\\/\\\/secure.gravatar.com\\\/avatar\\\/f6d8782c11d12b2d4ad3fbb6931aeab5309937a4d6cd2fc9cfaa28a6396a5aec?s=96&d=mm&r=g\",\"url\":\"https:\\\/\\\/secure.gravatar.com\\\/avatar\\\/f6d8782c11d12b2d4ad3fbb6931aeab5309937a4d6cd2fc9cfaa28a6396a5aec?s=96&d=mm&r=g\",\"contentUrl\":\"https:\\\/\\\/secure.gravatar.com\\\/avatar\\\/f6d8782c11d12b2d4ad3fbb6931aeab5309937a4d6cd2fc9cfaa28a6396a5aec?s=96&d=mm&r=g\",\"caption\":\"Redacci\u00f3n\"},\"url\":\"https:\\\/\\\/fuentesfidedignas.com.mx\\\/index.php\\\/author\\\/redaccion\\\/\"}]}<\/script>\n<!-- \/ Yoast SEO plugin. -->","yoast_head_json":{"title":"La UAS reconoce a 84 docentes, acad\u00e9micos e investigadores - Fuentes Fidedignas","robots":{"index":"index","follow":"follow","max-snippet":"max-snippet:-1","max-image-preview":"max-image-preview:large","max-video-preview":"max-video-preview:-1"},"canonical":"https:\/\/fuentesfidedignas.com.mx\/index.php\/2024\/05\/23\/la-uas-reconoce-a-84-docentes-academicos-e-investigadores\/","og_locale":"es_MX","og_type":"article","og_title":"La UAS reconoce a 84 docentes, acad\u00e9micos e investigadores - Fuentes Fidedignas","og_description":"Robespierre Liz\u00e1rraga Otero, Encargado del Despacho de Rector\u00eda, encabez\u00f3 la Ceremonia de Entrega de Reconocimientos Acad\u00e9micos 2024 donde 64 docentes que cumplieron 30 a\u00f1os de servicio recibieron el Reconocimiento &#8220;Lic. Eustaquio Buelna P\u00e9rez&#8221; y 20 acad\u00e9micos e investigadores fueron distinguidos por su quehacer. Culiac\u00e1n, Sin.- Un merecido homenaje a su labor docente y de investigaci\u00f3n [&hellip;]","og_url":"https:\/\/fuentesfidedignas.com.mx\/index.php\/2024\/05\/23\/la-uas-reconoce-a-84-docentes-academicos-e-investigadores\/","og_site_name":"Fuentes Fidedignas","article_publisher":"https:\/\/www.facebook.com\/Fuentes-Fidedignas-368234489921644","article_published_time":"2024-05-24T02:24:43+00:00","og_image":[{"width":650,"height":433,"url":"https:\/\/fuentesfidedignas.com.mx\/wp-content\/uploads\/2024\/05\/WhatsApp-Image-2024-05-23-at-2.00.02-PM.jpeg","type":"image\/jpeg"}],"author":"Redacci\u00f3n","twitter_card":"summary_large_image","twitter_creator":"@fidedignas","twitter_site":"@fidedignas","twitter_misc":{"Escrito por":"Redacci\u00f3n","Tiempo de lectura":"4 minutos"},"schema":{"@context":"https:\/\/schema.org","@graph":[{"@type":"Article","@id":"https:\/\/fuentesfidedignas.com.mx\/index.php\/2024\/05\/23\/la-uas-reconoce-a-84-docentes-academicos-e-investigadores\/#article","isPartOf":{"@id":"https:\/\/fuentesfidedignas.com.mx\/index.php\/2024\/05\/23\/la-uas-reconoce-a-84-docentes-academicos-e-investigadores\/"},"author":{"name":"Redacci\u00f3n","@id":"https:\/\/fuentesfidedignas.com.mx\/#\/schema\/person\/331be9283d37198e2acd5750279085b0"},"headline":"La UAS reconoce a 84 docentes, acad\u00e9micos e investigadores","datePublished":"2024-05-24T02:24:43+00:00","mainEntityOfPage":{"@id":"https:\/\/fuentesfidedignas.com.mx\/index.php\/2024\/05\/23\/la-uas-reconoce-a-84-docentes-academicos-e-investigadores\/"},"wordCount":714,"commentCount":0,"publisher":{"@id":"https:\/\/fuentesfidedignas.com.mx\/#organization"},"image":{"@id":"https:\/\/fuentesfidedignas.com.mx\/index.php\/2024\/05\/23\/la-uas-reconoce-a-84-docentes-academicos-e-investigadores\/#primaryimage"},"thumbnailUrl":"https:\/\/fuentesfidedignas.com.mx\/wp-content\/uploads\/2024\/05\/WhatsApp-Image-2024-05-23-at-2.00.02-PM.jpeg","inLanguage":"es","potentialAction":[{"@type":"CommentAction","name":"Comment","target":["https:\/\/fuentesfidedignas.com.mx\/index.php\/2024\/05\/23\/la-uas-reconoce-a-84-docentes-academicos-e-investigadores\/#respond"]}]},{"@type":"WebPage","@id":"https:\/\/fuentesfidedignas.com.mx\/index.php\/2024\/05\/23\/la-uas-reconoce-a-84-docentes-academicos-e-investigadores\/","url":"https:\/\/fuentesfidedignas.com.mx\/index.php\/2024\/05\/23\/la-uas-reconoce-a-84-docentes-academicos-e-investigadores\/","name":"La UAS reconoce a 84 docentes, acad\u00e9micos e investigadores - Fuentes Fidedignas","isPartOf":{"@id":"https:\/\/fuentesfidedignas.com.mx\/#website"},"primaryImageOfPage":{"@id":"https:\/\/fuentesfidedignas.com.mx\/index.php\/2024\/05\/23\/la-uas-reconoce-a-84-docentes-academicos-e-investigadores\/#primaryimage"},"image":{"@id":"https:\/\/fuentesfidedignas.com.mx\/index.php\/2024\/05\/23\/la-uas-reconoce-a-84-docentes-academicos-e-investigadores\/#primaryimage"},"thumbnailUrl":"https:\/\/fuentesfidedignas.com.mx\/wp-content\/uploads\/2024\/05\/WhatsApp-Image-2024-05-23-at-2.00.02-PM.jpeg","datePublished":"2024-05-24T02:24:43+00:00","breadcrumb":{"@id":"https:\/\/fuentesfidedignas.com.mx\/index.php\/2024\/05\/23\/la-uas-reconoce-a-84-docentes-academicos-e-investigadores\/#breadcrumb"},"inLanguage":"es","potentialAction":[{"@type":"ReadAction","target":["https:\/\/fuentesfidedignas.com.mx\/index.php\/2024\/05\/23\/la-uas-reconoce-a-84-docentes-academicos-e-investigadores\/"]}]},{"@type":"ImageObject","inLanguage":"es","@id":"https:\/\/fuentesfidedignas.com.mx\/index.php\/2024\/05\/23\/la-uas-reconoce-a-84-docentes-academicos-e-investigadores\/#primaryimage","url":"https:\/\/fuentesfidedignas.com.mx\/wp-content\/uploads\/2024\/05\/WhatsApp-Image-2024-05-23-at-2.00.02-PM.jpeg","contentUrl":"https:\/\/fuentesfidedignas.com.mx\/wp-content\/uploads\/2024\/05\/WhatsApp-Image-2024-05-23-at-2.00.02-PM.jpeg","width":650,"height":433},{"@type":"BreadcrumbList","@id":"https:\/\/fuentesfidedignas.com.mx\/index.php\/2024\/05\/23\/la-uas-reconoce-a-84-docentes-academicos-e-investigadores\/#breadcrumb","itemListElement":[{"@type":"ListItem","position":1,"name":"Inicio","item":"https:\/\/fuentesfidedignas.com.mx\/"},{"@type":"ListItem","position":2,"name":"La UAS reconoce a 84 docentes, acad\u00e9micos e investigadores"}]},{"@type":"WebSite","@id":"https:\/\/fuentesfidedignas.com.mx\/#website","url":"https:\/\/fuentesfidedignas.com.mx\/","name":"Fuentes Fidedignas","description":"Otro sitio realizado con WordPress","publisher":{"@id":"https:\/\/fuentesfidedignas.com.mx\/#organization"},"potentialAction":[{"@type":"SearchAction","target":{"@type":"EntryPoint","urlTemplate":"https:\/\/fuentesfidedignas.com.mx\/?s={search_term_string}"},"query-input":{"@type":"PropertyValueSpecification","valueRequired":true,"valueName":"search_term_string"}}],"inLanguage":"es"},{"@type":"Organization","@id":"https:\/\/fuentesfidedignas.com.mx\/#organization","name":"Fuentes Fidedignas","url":"https:\/\/fuentesfidedignas.com.mx\/","logo":{"@type":"ImageObject","inLanguage":"es","@id":"https:\/\/fuentesfidedignas.com.mx\/#\/schema\/logo\/image\/","url":"https:\/\/fuentesfidedignas.com.mx\/wp-content\/uploads\/2021\/04\/logo-retina.png","contentUrl":"https:\/\/fuentesfidedignas.com.mx\/wp-content\/uploads\/2021\/04\/logo-retina.png","width":280,"height":51,"caption":"Fuentes Fidedignas"},"image":{"@id":"https:\/\/fuentesfidedignas.com.mx\/#\/schema\/logo\/image\/"},"sameAs":["https:\/\/www.facebook.com\/Fuentes-Fidedignas-368234489921644","https:\/\/x.com\/fidedignas"]},{"@type":"Person","@id":"https:\/\/fuentesfidedignas.com.mx\/#\/schema\/person\/331be9283d37198e2acd5750279085b0","name":"Redacci\u00f3n","image":{"@type":"ImageObject","inLanguage":"es","@id":"https:\/\/secure.gravatar.com\/avatar\/f6d8782c11d12b2d4ad3fbb6931aeab5309937a4d6cd2fc9cfaa28a6396a5aec?s=96&d=mm&r=g","url":"https:\/\/secure.gravatar.com\/avatar\/f6d8782c11d12b2d4ad3fbb6931aeab5309937a4d6cd2fc9cfaa28a6396a5aec?s=96&d=mm&r=g","contentUrl":"https:\/\/secure.gravatar.com\/avatar\/f6d8782c11d12b2d4ad3fbb6931aeab5309937a4d6cd2fc9cfaa28a6396a5aec?s=96&d=mm&r=g","caption":"Redacci\u00f3n"},"url":"https:\/\/fuentesfidedignas.com.mx\/index.php\/author\/redaccion\/"}]}},"_links":{"self":[{"href":"https:\/\/fuentesfidedignas.com.mx\/index.php\/wp-json\/wp\/v2\/posts\/82368","targetHints":{"allow":["GET"]}}],"collection":[{"href":"https:\/\/fuentesfidedignas.com.mx\/index.php\/wp-json\/wp\/v2\/posts"}],"about":[{"href":"https:\/\/fuentesfidedignas.com.mx\/index.php\/wp-json\/wp\/v2\/types\/post"}],"author":[{"embeddable":true,"href":"https:\/\/fuentesfidedignas.com.mx\/index.php\/wp-json\/wp\/v2\/users\/4"}],"replies":[{"embeddable":true,"href":"https:\/\/fuentesfidedignas.com.mx\/index.php\/wp-json\/wp\/v2\/comments?post=82368"}],"version-history":[{"count":1,"href":"https:\/\/fuentesfidedignas.com.mx\/index.php\/wp-json\/wp\/v2\/posts\/82368\/revisions"}],"predecessor-version":[{"id":82370,"href":"https:\/\/fuentesfidedignas.com.mx\/index.php\/wp-json\/wp\/v2\/posts\/82368\/revisions\/82370"}],"wp:featuredmedia":[{"embeddable":true,"href":"https:\/\/fuentesfidedignas.com.mx\/index.php\/wp-json\/wp\/v2\/media\/82369"}],"wp:attachment":[{"href":"https:\/\/fuentesfidedignas.com.mx\/index.php\/wp-json\/wp\/v2\/media?parent=82368"}],"wp:term":[{"taxonomy":"category","embeddable":true,"href":"https:\/\/fuentesfidedignas.com.mx\/index.php\/wp-json\/wp\/v2\/categories?post=82368"},{"taxonomy":"post_tag","embeddable":true,"href":"https:\/\/fuentesfidedignas.com.mx\/index.php\/wp-json\/wp\/v2\/tags?post=82368"}],"curies":[{"name":"wp","href":"https:\/\/api.w.org\/{rel}","templated":true}]}}