{"id":82365,"date":"2024-05-23T19:13:49","date_gmt":"2024-05-24T02:13:49","guid":{"rendered":"https:\/\/fuentesfidedignas.com.mx\/?p=82365"},"modified":"2024-05-23T19:13:49","modified_gmt":"2024-05-24T02:13:49","slug":"conmemora-la-uas-el-134-aniversario-del-natalicio-de-el-granito-de-oro-icono-de-esta-casa-de-estudios","status":"publish","type":"post","link":"https:\/\/fuentesfidedignas.com.mx\/index.php\/2024\/05\/23\/conmemora-la-uas-el-134-aniversario-del-natalicio-de-el-granito-de-oro-icono-de-esta-casa-de-estudios\/","title":{"rendered":"Conmemora la UAS el 134 aniversario del natalicio de \u201cEl Granito de Oro\u201d, \u00edcono de esta casa de estudios"},"content":{"rendered":"\n<p><strong><em>Realizaron un programa especial en RadioUAS, colocaron una ofrenda floral y una guardia de honor a los pies de la estatua de este personaje ubicada en el Campus Universitario que lleva su nombre.<\/em><\/strong><\/p>\n\n\n\n<p>Culiac\u00e1n, Sin.- La Universidad Aut\u00f3noma de Sinaloa (UAS) conmemor\u00f3 el 134 aniversario de natalicio del General Rafael Buelna Tenorio, conocido como \u201cEl Granito de Oro\u201d, \u00edcono de esta m\u00e1xima casa de estudios y referente para la comunidad estudiantil Rosalina por su esp\u00edritu combativo, su visi\u00f3n y valent\u00eda.<\/p>\n\n\n\n<p>Para honrar la vida y obra del general m\u00e1s joven de la Revoluci\u00f3n Mexicana, autoridades universitarias encabezadas por el Encargado del Despacho de Rector\u00eda, doctor Robespierre Liz\u00e1rraga Otero, realizaron un programa especial en RadioUAS, colocaron una ofrenda floral y una guardia de honor a los pies de la estatua de este personaje ubicada en el Campus Universitario que lleva su nombre.<\/p>\n\n\n\n<p>Liz\u00e1rraga Otero enfatiz\u00f3 que la instituci\u00f3n ha vivido persecuci\u00f3n, abuso e infamias y en estos tiempos dif\u00edciles, de complicaciones y adversidad el referente de Rafael Buelna inspira, mueve y motiva a los universitarios a hacerle frente.<\/p>\n\n\n\n<p>\u201cEste D\u00eda del Estudiante conmemoramos su figura, su recuerdo y su legado precisamente porque en los tiempos de adversidad es cuando m\u00e1s unidos y solidarios debemos de estar, esa es la convocatoria a los estudiantes de la Universidad, a que sigan adelante, s\u00ed va haber problemas, va haber piedras en el camino, desaf\u00edos y retos que afrontar pero al final de la jornada la inspiraci\u00f3n en figuras como la de Rafael Buelna nos permitir\u00e1n llegar a la c\u00faspide\u201d, manifest\u00f3 al tiempo que expres\u00f3 vivas para la Universidad, para los estudiantes, la Autonom\u00eda Universitaria y para el Rector Titular, doctor Jes\u00fas Madue\u00f1a Molina.<\/p>\n\n\n\n<p>La Universidad Aut\u00f3noma de Sinaloa como homenaje a su esp\u00edritu de rebeli\u00f3n contra la dictadura de Porfirio D\u00edaz celebra cada 23 de mayo el D\u00eda del Estudiante ya que Buelna Tenorio, quien naci\u00f3 en Mocorito, Sinaloa, pas\u00f3 por las aulas al entonces ilustre Colegio Civil Rosales desde donde luch\u00f3 por la libertad de expresi\u00f3n y la democracia y contra gobiernos y sistemas autoritarios.<\/p>\n","protected":false},"excerpt":{"rendered":"<p>Realizaron un programa especial en RadioUAS, colocaron una ofrenda floral y una guardia de honor a los pies de la estatua de este personaje ubicada en el Campus Universitario que lleva su nombre. Culiac\u00e1n, Sin.- La Universidad Aut\u00f3noma de Sinaloa (UAS) conmemor\u00f3 el 134 aniversario de natalicio del General Rafael Buelna Tenorio, conocido como \u201cEl [&hellip;]<\/p>\n","protected":false},"author":4,"featured_media":82367,"comment_status":"open","ping_status":"open","sticky":false,"template":"","format":"standard","meta":{"tdm_status":"","tdm_grid_status":"","footnotes":""},"categories":[38],"tags":[],"class_list":{"0":"post-82365","1":"post","2":"type-post","3":"status-publish","4":"format-standard","5":"has-post-thumbnail","7":"category-noticias-locales"},"yoast_head":"<!-- This site is optimized with the Yoast SEO plugin v27.5 - https:\/\/yoast.com\/product\/yoast-seo-wordpress\/ -->\n<title>Conmemora la UAS el 134 aniversario del natalicio de \u201cEl Granito de Oro\u201d, \u00edcono de esta casa de estudios - Fuentes Fidedignas<\/title>\n<meta name=\"robots\" content=\"index, follow, max-snippet:-1, max-image-preview:large, max-video-preview:-1\" \/>\n<link rel=\"canonical\" href=\"https:\/\/fuentesfidedignas.com.mx\/index.php\/2024\/05\/23\/conmemora-la-uas-el-134-aniversario-del-natalicio-de-el-granito-de-oro-icono-de-esta-casa-de-estudios\/\" \/>\n<meta property=\"og:locale\" content=\"es_MX\" \/>\n<meta property=\"og:type\" content=\"article\" \/>\n<meta property=\"og:title\" content=\"Conmemora la UAS el 134 aniversario del natalicio de \u201cEl Granito de Oro\u201d, \u00edcono de esta casa de estudios - Fuentes Fidedignas\" \/>\n<meta property=\"og:description\" content=\"Realizaron un programa especial en RadioUAS, colocaron una ofrenda floral y una guardia de honor a los pies de la estatua de este personaje ubicada en el Campus Universitario que lleva su nombre. Culiac\u00e1n, Sin.- La Universidad Aut\u00f3noma de Sinaloa (UAS) conmemor\u00f3 el 134 aniversario de natalicio del General Rafael Buelna Tenorio, conocido como \u201cEl [&hellip;]\" \/>\n<meta property=\"og:url\" content=\"https:\/\/fuentesfidedignas.com.mx\/index.php\/2024\/05\/23\/conmemora-la-uas-el-134-aniversario-del-natalicio-de-el-granito-de-oro-icono-de-esta-casa-de-estudios\/\" \/>\n<meta property=\"og:site_name\" content=\"Fuentes Fidedignas\" \/>\n<meta property=\"article:publisher\" content=\"https:\/\/www.facebook.com\/Fuentes-Fidedignas-368234489921644\" \/>\n<meta property=\"article:published_time\" content=\"2024-05-24T02:13:49+00:00\" \/>\n<meta property=\"og:image\" content=\"https:\/\/fuentesfidedignas.com.mx\/wp-content\/uploads\/2024\/05\/RAFAEL-BUELNA-6.jpeg\" \/>\n\t<meta property=\"og:image:width\" content=\"650\" \/>\n\t<meta property=\"og:image:height\" content=\"433\" \/>\n\t<meta property=\"og:image:type\" content=\"image\/jpeg\" \/>\n<meta name=\"author\" content=\"Redacci\u00f3n\" \/>\n<meta name=\"twitter:card\" content=\"summary_large_image\" \/>\n<meta name=\"twitter:creator\" content=\"@fidedignas\" \/>\n<meta name=\"twitter:site\" content=\"@fidedignas\" \/>\n<meta name=\"twitter:label1\" content=\"Escrito por\" \/>\n\t<meta name=\"twitter:data1\" content=\"Redacci\u00f3n\" \/>\n\t<meta name=\"twitter:label2\" content=\"Tiempo de lectura\" \/>\n\t<meta name=\"twitter:data2\" content=\"2 minutos\" \/>\n<script type=\"application\/ld+json\" class=\"yoast-schema-graph\">{\"@context\":\"https:\\\/\\\/schema.org\",\"@graph\":[{\"@type\":\"Article\",\"@id\":\"https:\\\/\\\/fuentesfidedignas.com.mx\\\/index.php\\\/2024\\\/05\\\/23\\\/conmemora-la-uas-el-134-aniversario-del-natalicio-de-el-granito-de-oro-icono-de-esta-casa-de-estudios\\\/#article\",\"isPartOf\":{\"@id\":\"https:\\\/\\\/fuentesfidedignas.com.mx\\\/index.php\\\/2024\\\/05\\\/23\\\/conmemora-la-uas-el-134-aniversario-del-natalicio-de-el-granito-de-oro-icono-de-esta-casa-de-estudios\\\/\"},\"author\":{\"name\":\"Redacci\u00f3n\",\"@id\":\"https:\\\/\\\/fuentesfidedignas.com.mx\\\/#\\\/schema\\\/person\\\/331be9283d37198e2acd5750279085b0\"},\"headline\":\"Conmemora la UAS el 134 aniversario del natalicio de \u201cEl Granito de Oro\u201d, \u00edcono de esta casa de estudios\",\"datePublished\":\"2024-05-24T02:13:49+00:00\",\"mainEntityOfPage\":{\"@id\":\"https:\\\/\\\/fuentesfidedignas.com.mx\\\/index.php\\\/2024\\\/05\\\/23\\\/conmemora-la-uas-el-134-aniversario-del-natalicio-de-el-granito-de-oro-icono-de-esta-casa-de-estudios\\\/\"},\"wordCount\":388,\"commentCount\":0,\"publisher\":{\"@id\":\"https:\\\/\\\/fuentesfidedignas.com.mx\\\/#organization\"},\"image\":{\"@id\":\"https:\\\/\\\/fuentesfidedignas.com.mx\\\/index.php\\\/2024\\\/05\\\/23\\\/conmemora-la-uas-el-134-aniversario-del-natalicio-de-el-granito-de-oro-icono-de-esta-casa-de-estudios\\\/#primaryimage\"},\"thumbnailUrl\":\"https:\\\/\\\/fuentesfidedignas.com.mx\\\/wp-content\\\/uploads\\\/2024\\\/05\\\/RAFAEL-BUELNA-6.jpeg\",\"articleSection\":[\"NOTICIAS LOCALES\"],\"inLanguage\":\"es\",\"potentialAction\":[{\"@type\":\"CommentAction\",\"name\":\"Comment\",\"target\":[\"https:\\\/\\\/fuentesfidedignas.com.mx\\\/index.php\\\/2024\\\/05\\\/23\\\/conmemora-la-uas-el-134-aniversario-del-natalicio-de-el-granito-de-oro-icono-de-esta-casa-de-estudios\\\/#respond\"]}]},{\"@type\":\"WebPage\",\"@id\":\"https:\\\/\\\/fuentesfidedignas.com.mx\\\/index.php\\\/2024\\\/05\\\/23\\\/conmemora-la-uas-el-134-aniversario-del-natalicio-de-el-granito-de-oro-icono-de-esta-casa-de-estudios\\\/\",\"url\":\"https:\\\/\\\/fuentesfidedignas.com.mx\\\/index.php\\\/2024\\\/05\\\/23\\\/conmemora-la-uas-el-134-aniversario-del-natalicio-de-el-granito-de-oro-icono-de-esta-casa-de-estudios\\\/\",\"name\":\"Conmemora la UAS el 134 aniversario del natalicio de \u201cEl Granito de Oro\u201d, \u00edcono de esta casa de estudios - Fuentes Fidedignas\",\"isPartOf\":{\"@id\":\"https:\\\/\\\/fuentesfidedignas.com.mx\\\/#website\"},\"primaryImageOfPage\":{\"@id\":\"https:\\\/\\\/fuentesfidedignas.com.mx\\\/index.php\\\/2024\\\/05\\\/23\\\/conmemora-la-uas-el-134-aniversario-del-natalicio-de-el-granito-de-oro-icono-de-esta-casa-de-estudios\\\/#primaryimage\"},\"image\":{\"@id\":\"https:\\\/\\\/fuentesfidedignas.com.mx\\\/index.php\\\/2024\\\/05\\\/23\\\/conmemora-la-uas-el-134-aniversario-del-natalicio-de-el-granito-de-oro-icono-de-esta-casa-de-estudios\\\/#primaryimage\"},\"thumbnailUrl\":\"https:\\\/\\\/fuentesfidedignas.com.mx\\\/wp-content\\\/uploads\\\/2024\\\/05\\\/RAFAEL-BUELNA-6.jpeg\",\"datePublished\":\"2024-05-24T02:13:49+00:00\",\"breadcrumb\":{\"@id\":\"https:\\\/\\\/fuentesfidedignas.com.mx\\\/index.php\\\/2024\\\/05\\\/23\\\/conmemora-la-uas-el-134-aniversario-del-natalicio-de-el-granito-de-oro-icono-de-esta-casa-de-estudios\\\/#breadcrumb\"},\"inLanguage\":\"es\",\"potentialAction\":[{\"@type\":\"ReadAction\",\"target\":[\"https:\\\/\\\/fuentesfidedignas.com.mx\\\/index.php\\\/2024\\\/05\\\/23\\\/conmemora-la-uas-el-134-aniversario-del-natalicio-de-el-granito-de-oro-icono-de-esta-casa-de-estudios\\\/\"]}]},{\"@type\":\"ImageObject\",\"inLanguage\":\"es\",\"@id\":\"https:\\\/\\\/fuentesfidedignas.com.mx\\\/index.php\\\/2024\\\/05\\\/23\\\/conmemora-la-uas-el-134-aniversario-del-natalicio-de-el-granito-de-oro-icono-de-esta-casa-de-estudios\\\/#primaryimage\",\"url\":\"https:\\\/\\\/fuentesfidedignas.com.mx\\\/wp-content\\\/uploads\\\/2024\\\/05\\\/RAFAEL-BUELNA-6.jpeg\",\"contentUrl\":\"https:\\\/\\\/fuentesfidedignas.com.mx\\\/wp-content\\\/uploads\\\/2024\\\/05\\\/RAFAEL-BUELNA-6.jpeg\",\"width\":650,\"height\":433},{\"@type\":\"BreadcrumbList\",\"@id\":\"https:\\\/\\\/fuentesfidedignas.com.mx\\\/index.php\\\/2024\\\/05\\\/23\\\/conmemora-la-uas-el-134-aniversario-del-natalicio-de-el-granito-de-oro-icono-de-esta-casa-de-estudios\\\/#breadcrumb\",\"itemListElement\":[{\"@type\":\"ListItem\",\"position\":1,\"name\":\"Inicio\",\"item\":\"https:\\\/\\\/fuentesfidedignas.com.mx\\\/\"},{\"@type\":\"ListItem\",\"position\":2,\"name\":\"Conmemora la UAS el 134 aniversario del natalicio de \u201cEl Granito de Oro\u201d, \u00edcono de esta casa de estudios\"}]},{\"@type\":\"WebSite\",\"@id\":\"https:\\\/\\\/fuentesfidedignas.com.mx\\\/#website\",\"url\":\"https:\\\/\\\/fuentesfidedignas.com.mx\\\/\",\"name\":\"Fuentes Fidedignas\",\"description\":\"Otro sitio realizado con WordPress\",\"publisher\":{\"@id\":\"https:\\\/\\\/fuentesfidedignas.com.mx\\\/#organization\"},\"potentialAction\":[{\"@type\":\"SearchAction\",\"target\":{\"@type\":\"EntryPoint\",\"urlTemplate\":\"https:\\\/\\\/fuentesfidedignas.com.mx\\\/?s={search_term_string}\"},\"query-input\":{\"@type\":\"PropertyValueSpecification\",\"valueRequired\":true,\"valueName\":\"search_term_string\"}}],\"inLanguage\":\"es\"},{\"@type\":\"Organization\",\"@id\":\"https:\\\/\\\/fuentesfidedignas.com.mx\\\/#organization\",\"name\":\"Fuentes Fidedignas\",\"url\":\"https:\\\/\\\/fuentesfidedignas.com.mx\\\/\",\"logo\":{\"@type\":\"ImageObject\",\"inLanguage\":\"es\",\"@id\":\"https:\\\/\\\/fuentesfidedignas.com.mx\\\/#\\\/schema\\\/logo\\\/image\\\/\",\"url\":\"https:\\\/\\\/fuentesfidedignas.com.mx\\\/wp-content\\\/uploads\\\/2021\\\/04\\\/logo-retina.png\",\"contentUrl\":\"https:\\\/\\\/fuentesfidedignas.com.mx\\\/wp-content\\\/uploads\\\/2021\\\/04\\\/logo-retina.png\",\"width\":280,\"height\":51,\"caption\":\"Fuentes Fidedignas\"},\"image\":{\"@id\":\"https:\\\/\\\/fuentesfidedignas.com.mx\\\/#\\\/schema\\\/logo\\\/image\\\/\"},\"sameAs\":[\"https:\\\/\\\/www.facebook.com\\\/Fuentes-Fidedignas-368234489921644\",\"https:\\\/\\\/x.com\\\/fidedignas\"]},{\"@type\":\"Person\",\"@id\":\"https:\\\/\\\/fuentesfidedignas.com.mx\\\/#\\\/schema\\\/person\\\/331be9283d37198e2acd5750279085b0\",\"name\":\"Redacci\u00f3n\",\"image\":{\"@type\":\"ImageObject\",\"inLanguage\":\"es\",\"@id\":\"https:\\\/\\\/secure.gravatar.com\\\/avatar\\\/f6d8782c11d12b2d4ad3fbb6931aeab5309937a4d6cd2fc9cfaa28a6396a5aec?s=96&d=mm&r=g\",\"url\":\"https:\\\/\\\/secure.gravatar.com\\\/avatar\\\/f6d8782c11d12b2d4ad3fbb6931aeab5309937a4d6cd2fc9cfaa28a6396a5aec?s=96&d=mm&r=g\",\"contentUrl\":\"https:\\\/\\\/secure.gravatar.com\\\/avatar\\\/f6d8782c11d12b2d4ad3fbb6931aeab5309937a4d6cd2fc9cfaa28a6396a5aec?s=96&d=mm&r=g\",\"caption\":\"Redacci\u00f3n\"},\"url\":\"https:\\\/\\\/fuentesfidedignas.com.mx\\\/index.php\\\/author\\\/redaccion\\\/\"}]}<\/script>\n<!-- \/ Yoast SEO plugin. -->","yoast_head_json":{"title":"Conmemora la UAS el 134 aniversario del natalicio de \u201cEl Granito de Oro\u201d, \u00edcono de esta casa de estudios - Fuentes Fidedignas","robots":{"index":"index","follow":"follow","max-snippet":"max-snippet:-1","max-image-preview":"max-image-preview:large","max-video-preview":"max-video-preview:-1"},"canonical":"https:\/\/fuentesfidedignas.com.mx\/index.php\/2024\/05\/23\/conmemora-la-uas-el-134-aniversario-del-natalicio-de-el-granito-de-oro-icono-de-esta-casa-de-estudios\/","og_locale":"es_MX","og_type":"article","og_title":"Conmemora la UAS el 134 aniversario del natalicio de \u201cEl Granito de Oro\u201d, \u00edcono de esta casa de estudios - Fuentes Fidedignas","og_description":"Realizaron un programa especial en RadioUAS, colocaron una ofrenda floral y una guardia de honor a los pies de la estatua de este personaje ubicada en el Campus Universitario que lleva su nombre. Culiac\u00e1n, Sin.- La Universidad Aut\u00f3noma de Sinaloa (UAS) conmemor\u00f3 el 134 aniversario de natalicio del General Rafael Buelna Tenorio, conocido como \u201cEl [&hellip;]","og_url":"https:\/\/fuentesfidedignas.com.mx\/index.php\/2024\/05\/23\/conmemora-la-uas-el-134-aniversario-del-natalicio-de-el-granito-de-oro-icono-de-esta-casa-de-estudios\/","og_site_name":"Fuentes Fidedignas","article_publisher":"https:\/\/www.facebook.com\/Fuentes-Fidedignas-368234489921644","article_published_time":"2024-05-24T02:13:49+00:00","og_image":[{"width":650,"height":433,"url":"https:\/\/fuentesfidedignas.com.mx\/wp-content\/uploads\/2024\/05\/RAFAEL-BUELNA-6.jpeg","type":"image\/jpeg"}],"author":"Redacci\u00f3n","twitter_card":"summary_large_image","twitter_creator":"@fidedignas","twitter_site":"@fidedignas","twitter_misc":{"Escrito por":"Redacci\u00f3n","Tiempo de lectura":"2 minutos"},"schema":{"@context":"https:\/\/schema.org","@graph":[{"@type":"Article","@id":"https:\/\/fuentesfidedignas.com.mx\/index.php\/2024\/05\/23\/conmemora-la-uas-el-134-aniversario-del-natalicio-de-el-granito-de-oro-icono-de-esta-casa-de-estudios\/#article","isPartOf":{"@id":"https:\/\/fuentesfidedignas.com.mx\/index.php\/2024\/05\/23\/conmemora-la-uas-el-134-aniversario-del-natalicio-de-el-granito-de-oro-icono-de-esta-casa-de-estudios\/"},"author":{"name":"Redacci\u00f3n","@id":"https:\/\/fuentesfidedignas.com.mx\/#\/schema\/person\/331be9283d37198e2acd5750279085b0"},"headline":"Conmemora la UAS el 134 aniversario del natalicio de \u201cEl Granito de Oro\u201d, \u00edcono de esta casa de estudios","datePublished":"2024-05-24T02:13:49+00:00","mainEntityOfPage":{"@id":"https:\/\/fuentesfidedignas.com.mx\/index.php\/2024\/05\/23\/conmemora-la-uas-el-134-aniversario-del-natalicio-de-el-granito-de-oro-icono-de-esta-casa-de-estudios\/"},"wordCount":388,"commentCount":0,"publisher":{"@id":"https:\/\/fuentesfidedignas.com.mx\/#organization"},"image":{"@id":"https:\/\/fuentesfidedignas.com.mx\/index.php\/2024\/05\/23\/conmemora-la-uas-el-134-aniversario-del-natalicio-de-el-granito-de-oro-icono-de-esta-casa-de-estudios\/#primaryimage"},"thumbnailUrl":"https:\/\/fuentesfidedignas.com.mx\/wp-content\/uploads\/2024\/05\/RAFAEL-BUELNA-6.jpeg","articleSection":["NOTICIAS LOCALES"],"inLanguage":"es","potentialAction":[{"@type":"CommentAction","name":"Comment","target":["https:\/\/fuentesfidedignas.com.mx\/index.php\/2024\/05\/23\/conmemora-la-uas-el-134-aniversario-del-natalicio-de-el-granito-de-oro-icono-de-esta-casa-de-estudios\/#respond"]}]},{"@type":"WebPage","@id":"https:\/\/fuentesfidedignas.com.mx\/index.php\/2024\/05\/23\/conmemora-la-uas-el-134-aniversario-del-natalicio-de-el-granito-de-oro-icono-de-esta-casa-de-estudios\/","url":"https:\/\/fuentesfidedignas.com.mx\/index.php\/2024\/05\/23\/conmemora-la-uas-el-134-aniversario-del-natalicio-de-el-granito-de-oro-icono-de-esta-casa-de-estudios\/","name":"Conmemora la UAS el 134 aniversario del natalicio de \u201cEl Granito de Oro\u201d, \u00edcono de esta casa de estudios - Fuentes Fidedignas","isPartOf":{"@id":"https:\/\/fuentesfidedignas.com.mx\/#website"},"primaryImageOfPage":{"@id":"https:\/\/fuentesfidedignas.com.mx\/index.php\/2024\/05\/23\/conmemora-la-uas-el-134-aniversario-del-natalicio-de-el-granito-de-oro-icono-de-esta-casa-de-estudios\/#primaryimage"},"image":{"@id":"https:\/\/fuentesfidedignas.com.mx\/index.php\/2024\/05\/23\/conmemora-la-uas-el-134-aniversario-del-natalicio-de-el-granito-de-oro-icono-de-esta-casa-de-estudios\/#primaryimage"},"thumbnailUrl":"https:\/\/fuentesfidedignas.com.mx\/wp-content\/uploads\/2024\/05\/RAFAEL-BUELNA-6.jpeg","datePublished":"2024-05-24T02:13:49+00:00","breadcrumb":{"@id":"https:\/\/fuentesfidedignas.com.mx\/index.php\/2024\/05\/23\/conmemora-la-uas-el-134-aniversario-del-natalicio-de-el-granito-de-oro-icono-de-esta-casa-de-estudios\/#breadcrumb"},"inLanguage":"es","potentialAction":[{"@type":"ReadAction","target":["https:\/\/fuentesfidedignas.com.mx\/index.php\/2024\/05\/23\/conmemora-la-uas-el-134-aniversario-del-natalicio-de-el-granito-de-oro-icono-de-esta-casa-de-estudios\/"]}]},{"@type":"ImageObject","inLanguage":"es","@id":"https:\/\/fuentesfidedignas.com.mx\/index.php\/2024\/05\/23\/conmemora-la-uas-el-134-aniversario-del-natalicio-de-el-granito-de-oro-icono-de-esta-casa-de-estudios\/#primaryimage","url":"https:\/\/fuentesfidedignas.com.mx\/wp-content\/uploads\/2024\/05\/RAFAEL-BUELNA-6.jpeg","contentUrl":"https:\/\/fuentesfidedignas.com.mx\/wp-content\/uploads\/2024\/05\/RAFAEL-BUELNA-6.jpeg","width":650,"height":433},{"@type":"BreadcrumbList","@id":"https:\/\/fuentesfidedignas.com.mx\/index.php\/2024\/05\/23\/conmemora-la-uas-el-134-aniversario-del-natalicio-de-el-granito-de-oro-icono-de-esta-casa-de-estudios\/#breadcrumb","itemListElement":[{"@type":"ListItem","position":1,"name":"Inicio","item":"https:\/\/fuentesfidedignas.com.mx\/"},{"@type":"ListItem","position":2,"name":"Conmemora la UAS el 134 aniversario del natalicio de \u201cEl Granito de Oro\u201d, \u00edcono de esta casa de estudios"}]},{"@type":"WebSite","@id":"https:\/\/fuentesfidedignas.com.mx\/#website","url":"https:\/\/fuentesfidedignas.com.mx\/","name":"Fuentes Fidedignas","description":"Otro sitio realizado con WordPress","publisher":{"@id":"https:\/\/fuentesfidedignas.com.mx\/#organization"},"potentialAction":[{"@type":"SearchAction","target":{"@type":"EntryPoint","urlTemplate":"https:\/\/fuentesfidedignas.com.mx\/?s={search_term_string}"},"query-input":{"@type":"PropertyValueSpecification","valueRequired":true,"valueName":"search_term_string"}}],"inLanguage":"es"},{"@type":"Organization","@id":"https:\/\/fuentesfidedignas.com.mx\/#organization","name":"Fuentes Fidedignas","url":"https:\/\/fuentesfidedignas.com.mx\/","logo":{"@type":"ImageObject","inLanguage":"es","@id":"https:\/\/fuentesfidedignas.com.mx\/#\/schema\/logo\/image\/","url":"https:\/\/fuentesfidedignas.com.mx\/wp-content\/uploads\/2021\/04\/logo-retina.png","contentUrl":"https:\/\/fuentesfidedignas.com.mx\/wp-content\/uploads\/2021\/04\/logo-retina.png","width":280,"height":51,"caption":"Fuentes Fidedignas"},"image":{"@id":"https:\/\/fuentesfidedignas.com.mx\/#\/schema\/logo\/image\/"},"sameAs":["https:\/\/www.facebook.com\/Fuentes-Fidedignas-368234489921644","https:\/\/x.com\/fidedignas"]},{"@type":"Person","@id":"https:\/\/fuentesfidedignas.com.mx\/#\/schema\/person\/331be9283d37198e2acd5750279085b0","name":"Redacci\u00f3n","image":{"@type":"ImageObject","inLanguage":"es","@id":"https:\/\/secure.gravatar.com\/avatar\/f6d8782c11d12b2d4ad3fbb6931aeab5309937a4d6cd2fc9cfaa28a6396a5aec?s=96&d=mm&r=g","url":"https:\/\/secure.gravatar.com\/avatar\/f6d8782c11d12b2d4ad3fbb6931aeab5309937a4d6cd2fc9cfaa28a6396a5aec?s=96&d=mm&r=g","contentUrl":"https:\/\/secure.gravatar.com\/avatar\/f6d8782c11d12b2d4ad3fbb6931aeab5309937a4d6cd2fc9cfaa28a6396a5aec?s=96&d=mm&r=g","caption":"Redacci\u00f3n"},"url":"https:\/\/fuentesfidedignas.com.mx\/index.php\/author\/redaccion\/"}]}},"_links":{"self":[{"href":"https:\/\/fuentesfidedignas.com.mx\/index.php\/wp-json\/wp\/v2\/posts\/82365","targetHints":{"allow":["GET"]}}],"collection":[{"href":"https:\/\/fuentesfidedignas.com.mx\/index.php\/wp-json\/wp\/v2\/posts"}],"about":[{"href":"https:\/\/fuentesfidedignas.com.mx\/index.php\/wp-json\/wp\/v2\/types\/post"}],"author":[{"embeddable":true,"href":"https:\/\/fuentesfidedignas.com.mx\/index.php\/wp-json\/wp\/v2\/users\/4"}],"replies":[{"embeddable":true,"href":"https:\/\/fuentesfidedignas.com.mx\/index.php\/wp-json\/wp\/v2\/comments?post=82365"}],"version-history":[{"count":1,"href":"https:\/\/fuentesfidedignas.com.mx\/index.php\/wp-json\/wp\/v2\/posts\/82365\/revisions"}],"predecessor-version":[{"id":82366,"href":"https:\/\/fuentesfidedignas.com.mx\/index.php\/wp-json\/wp\/v2\/posts\/82365\/revisions\/82366"}],"wp:featuredmedia":[{"embeddable":true,"href":"https:\/\/fuentesfidedignas.com.mx\/index.php\/wp-json\/wp\/v2\/media\/82367"}],"wp:attachment":[{"href":"https:\/\/fuentesfidedignas.com.mx\/index.php\/wp-json\/wp\/v2\/media?parent=82365"}],"wp:term":[{"taxonomy":"category","embeddable":true,"href":"https:\/\/fuentesfidedignas.com.mx\/index.php\/wp-json\/wp\/v2\/categories?post=82365"},{"taxonomy":"post_tag","embeddable":true,"href":"https:\/\/fuentesfidedignas.com.mx\/index.php\/wp-json\/wp\/v2\/tags?post=82365"}],"curies":[{"name":"wp","href":"https:\/\/api.w.org\/{rel}","templated":true}]}}