{"id":82362,"date":"2024-05-23T19:05:43","date_gmt":"2024-05-24T02:05:43","guid":{"rendered":"https:\/\/fuentesfidedignas.com.mx\/?p=82362"},"modified":"2024-05-23T19:05:43","modified_gmt":"2024-05-24T02:05:43","slug":"fuertes-lluvias-y-tornado-en-toluca-deja-dos-personas-fallecidas","status":"publish","type":"post","link":"https:\/\/fuentesfidedignas.com.mx\/index.php\/2024\/05\/23\/fuertes-lluvias-y-tornado-en-toluca-deja-dos-personas-fallecidas\/","title":{"rendered":"Fuertes lluvias y tornado en Toluca deja dos personas fallecidas"},"content":{"rendered":"\n<p><strong><em>Se reportan da\u00f1os en San Lorenzo Tepatitl\u00e1n, por Avenida L\u00f3pez Portillo, Santa Cruz Atzcapotzaltongo y Tres Caminos.<\/em><\/strong><\/p>\n\n\n\n<p>TOLUCA.- La fuerte lluvia y granizada acompa\u00f1a de vientos que se registrada\u00a0 esta tarde en la capital mexiquense provoc\u00f3 la ca\u00edda de \u00e1rboles y alguna infraestructura al norte de Toluca.<\/p>\n\n\n\n<p>De acuerdo con reportes, por lo menos tres \u00e1rboles fueron derribados en la carretera Toluca-Palmillas con direcci\u00f3n a la zona norte del Estado de M\u00e9xico que ha provocado asentamiento vehicular, se\u00f1alan a automovilistas.<\/p>\n\n\n\n<p><strong>En Toluca se registra tornado\u00a0<\/strong><\/p>\n\n\n\n<p>En la zona noreste de la capital mexiquense se registr\u00f3 una nube embudo provocando la ca\u00edda de \u00e1rboles, techos, bardas, postes en diversas delegaciones, En tanto el Observatorio Meteorol\u00f3gico de la Universidad Aut\u00f3noma del Estado de M\u00e9xico a trav\u00e9s de sus redes sociales, se\u00f1alo la presencia de este fen\u00f3meno.<\/p>\n\n\n\n<p>\u201cNube embudo y tormenta el\u00e9ctrica al noreste de Toluca\u201d, public\u00f3 en su cuenta de X.<\/p>\n\n\n\n<p>Sin embargo, este fen\u00f3meno meteorol\u00f3gico al tocar tierra se convirti\u00f3 en un tornado de tipo no s\u00faper celda al tocar tierra, se\u00f1al\u00f3 en la misma red, Tornados de M\u00e9xico.<\/p>\n\n\n\n<p>\u201cPodemos observar claramente que se trat\u00f3 de un tornado de tipo no-supercelda lo ocurrido esta tarde en #Toluca, Edo. de M\u00e9xico.\u201d, refiri\u00f3.<\/p>\n\n\n\n<p>Desde las 14:00 horas, habitante de Toluca reportaron la presencia de esta nube que se hizo visible en la regi\u00f3n como un cono o una aguja.<\/p>\n\n\n\n<figure class=\"wp-block-embed is-type-rich is-provider-twitter wp-block-embed-twitter\"><div class=\"wp-block-embed__wrapper\">\n<blockquote class=\"twitter-tweet\" data-width=\"550\" data-dnt=\"true\"><p lang=\"es\" dir=\"ltr\">Lluvia y granizada en Toluca deja severos da\u00f1os; se registra nube embudo <a href=\"https:\/\/t.co\/C6dzjPgy5V\">pic.twitter.com\/C6dzjPgy5V<\/a><\/p>&mdash; Milenio Edomex (@milenio_edomex) <a href=\"https:\/\/twitter.com\/milenio_edomex\/status\/1793779576138801451?ref_src=twsrc%5Etfw\">May 23, 2024<\/a><\/blockquote><script async src=\"https:\/\/platform.twitter.com\/widgets.js\" charset=\"utf-8\"><\/script>\n<\/div><\/figure>\n\n\n\n<p><strong>\u200bDa\u00f1os en comunidades\u00a0<\/strong><br>Derivado de ese fen\u00f3meno y de los fuertes vientos, se registr\u00f3 el levantamiento de diversos objetos y derrumbe de \u00e1rboles en Tres Caminos, Santa cruz Azcapotzaltongo con direcci\u00f3n a Ixtlahuaca a la zona norte del Estado de M\u00e9xico.<\/p>\n\n\n\n<p>De acuerdo con los reportes, por lo menos tres \u00e1rboles fueron derribados en la carretera Toluca-Palmillas con direcci\u00f3n a la zona norte del Estado de M\u00e9xico que ha provocado asentamiento vehicular, se\u00f1alan a automovilistas.<\/p>\n\n\n\n<p>Mientras que en la delegaci\u00f3n de San Crist\u00f3bal Huichochitl\u00e1n en Toluca, vecinos reportan que los fuertes vientos y lluvia derribaron un \u00e1rbol en calle Revoluci\u00f3n esquina 16 de septiembre, adem\u00e1s, en esa zona techos colapsaron debido a la gran cantidad de granizo.&nbsp;<\/p>\n\n\n\n<p>Tambi\u00e9n, se reportan da\u00f1os en San Lorenzo Tepatitl\u00e1n, por Avenida L\u00f3pez Portillo en donde hubo da\u00f1os en el techo de una vivienda y un \u00e1rbol se cay\u00f3.<\/p>\n\n\n\n<p><strong>Una de las personas fallecidas era de origen\u00a0estadounidense<\/strong><br>Luego de que una barda colapsara en la colonia La Magdalena, en el municipio de Toluca, Estado de M\u00e9xico, elementos de la Fiscal\u00eda General de Justicia del Estado de M\u00e9xico (FGJEM) confirmaron el fallecimiento de 2 personas.<\/p>\n\n\n\n<p>El ayuntamiento de Toluca inform\u00f3 que una de las v\u00edctimas era una mujer de origen estadounidense.&nbsp;<\/p>\n\n\n\n<p>\u201cPor la informaci\u00f3n que se tiene hasta el momento, una de las personas fallecidas es de origen estadounidense, por lo que la autoridad municipal ya est\u00e1 en coordinaci\u00f3n con el Gobierno del Estado de M\u00e9xico, as\u00ed como con personal de la Embajada de los Estados Unidos en nuestro pa\u00eds\u201d.<\/p>\n\n\n\n<blockquote class=\"twitter-tweet\"><p lang=\"es\" dir=\"ltr\">\ud83d\udca8 Derivado de un fen\u00f3meno meteorol\u00f3gico presentado esta tarde en <a href=\"https:\/\/twitter.com\/hashtag\/Toluca?src=hash&amp;ref_src=twsrc%5Etfw\">#Toluca<\/a>, elementos de Seguridad y Protecci\u00f3n, PC Bomberos y Servicios P\u00fablicos, atienden en este momento diversos reportes de \u00e1rboles, bardas, postes ca\u00eddos y techumbres da\u00f1adas, en la Zona Norte del municipio. \ud83d\ude94 <a href=\"https:\/\/t.co\/CJSBjrlCcV\">pic.twitter.com\/CJSBjrlCcV<\/a><\/p>&mdash; Ayuntamiento de Toluca (@TolucaGob) <a href=\"https:\/\/twitter.com\/TolucaGob\/status\/1793787303711625496?ref_src=twsrc%5Etfw\">May 23, 2024<\/a><\/blockquote> <script async src=\"https:\/\/platform.twitter.com\/widgets.js\" charset=\"utf-8\"><\/script>\n","protected":false},"excerpt":{"rendered":"<p>Se reportan da\u00f1os en San Lorenzo Tepatitl\u00e1n, por Avenida L\u00f3pez Portillo, Santa Cruz Atzcapotzaltongo y Tres Caminos. TOLUCA.- La fuerte lluvia y granizada acompa\u00f1a de vientos que se registrada\u00a0 esta tarde en la capital mexiquense provoc\u00f3 la ca\u00edda de \u00e1rboles y alguna infraestructura al norte de Toluca. De acuerdo con reportes, por lo menos tres [&hellip;]<\/p>\n","protected":false},"author":9,"featured_media":82363,"comment_status":"open","ping_status":"open","sticky":false,"template":"","format":"standard","meta":{"tdm_status":"","tdm_grid_status":"","footnotes":""},"categories":[39],"tags":[],"class_list":{"0":"post-82362","1":"post","2":"type-post","3":"status-publish","4":"format-standard","5":"has-post-thumbnail","7":"category-noticias-nacionales"},"yoast_head":"<!-- This site is optimized with the Yoast SEO plugin v27.5 - https:\/\/yoast.com\/product\/yoast-seo-wordpress\/ -->\n<title>Fuertes lluvias y tornado en Toluca deja dos personas fallecidas - Fuentes Fidedignas<\/title>\n<meta name=\"robots\" content=\"index, follow, max-snippet:-1, max-image-preview:large, max-video-preview:-1\" \/>\n<link rel=\"canonical\" href=\"https:\/\/fuentesfidedignas.com.mx\/index.php\/2024\/05\/23\/fuertes-lluvias-y-tornado-en-toluca-deja-dos-personas-fallecidas\/\" \/>\n<meta property=\"og:locale\" content=\"es_MX\" \/>\n<meta property=\"og:type\" content=\"article\" \/>\n<meta property=\"og:title\" content=\"Fuertes lluvias y tornado en Toluca deja dos personas fallecidas - Fuentes Fidedignas\" \/>\n<meta property=\"og:description\" content=\"Se reportan da\u00f1os en San Lorenzo Tepatitl\u00e1n, por Avenida L\u00f3pez Portillo, Santa Cruz Atzcapotzaltongo y Tres Caminos. TOLUCA.- La fuerte lluvia y granizada acompa\u00f1a de vientos que se registrada\u00a0 esta tarde en la capital mexiquense provoc\u00f3 la ca\u00edda de \u00e1rboles y alguna infraestructura al norte de Toluca. De acuerdo con reportes, por lo menos tres [&hellip;]\" \/>\n<meta property=\"og:url\" content=\"https:\/\/fuentesfidedignas.com.mx\/index.php\/2024\/05\/23\/fuertes-lluvias-y-tornado-en-toluca-deja-dos-personas-fallecidas\/\" \/>\n<meta property=\"og:site_name\" content=\"Fuentes Fidedignas\" \/>\n<meta property=\"article:publisher\" content=\"https:\/\/www.facebook.com\/Fuentes-Fidedignas-368234489921644\" \/>\n<meta property=\"article:published_time\" content=\"2024-05-24T02:05:43+00:00\" \/>\n<meta property=\"og:image\" content=\"https:\/\/fuentesfidedignas.com.mx\/wp-content\/uploads\/2024\/05\/toluca-tornado.jpg\" \/>\n\t<meta property=\"og:image:width\" content=\"650\" \/>\n\t<meta property=\"og:image:height\" content=\"405\" \/>\n\t<meta property=\"og:image:type\" content=\"image\/jpeg\" \/>\n<meta name=\"author\" content=\"Milenio\" \/>\n<meta name=\"twitter:card\" content=\"summary_large_image\" \/>\n<meta name=\"twitter:creator\" content=\"@fidedignas\" \/>\n<meta name=\"twitter:site\" content=\"@fidedignas\" \/>\n<meta name=\"twitter:label1\" content=\"Escrito por\" \/>\n\t<meta name=\"twitter:data1\" content=\"Milenio\" \/>\n\t<meta name=\"twitter:label2\" content=\"Tiempo de lectura\" \/>\n\t<meta name=\"twitter:data2\" content=\"3 minutos\" \/>\n<script type=\"application\/ld+json\" class=\"yoast-schema-graph\">{\"@context\":\"https:\\\/\\\/schema.org\",\"@graph\":[{\"@type\":\"Article\",\"@id\":\"https:\\\/\\\/fuentesfidedignas.com.mx\\\/index.php\\\/2024\\\/05\\\/23\\\/fuertes-lluvias-y-tornado-en-toluca-deja-dos-personas-fallecidas\\\/#article\",\"isPartOf\":{\"@id\":\"https:\\\/\\\/fuentesfidedignas.com.mx\\\/index.php\\\/2024\\\/05\\\/23\\\/fuertes-lluvias-y-tornado-en-toluca-deja-dos-personas-fallecidas\\\/\"},\"author\":{\"name\":\"Milenio\",\"@id\":\"https:\\\/\\\/fuentesfidedignas.com.mx\\\/#\\\/schema\\\/person\\\/47ec0135738f4b0c7495f06a77a2c976\"},\"headline\":\"Fuertes lluvias y tornado en Toluca deja dos personas fallecidas\",\"datePublished\":\"2024-05-24T02:05:43+00:00\",\"mainEntityOfPage\":{\"@id\":\"https:\\\/\\\/fuentesfidedignas.com.mx\\\/index.php\\\/2024\\\/05\\\/23\\\/fuertes-lluvias-y-tornado-en-toluca-deja-dos-personas-fallecidas\\\/\"},\"wordCount\":600,\"commentCount\":0,\"publisher\":{\"@id\":\"https:\\\/\\\/fuentesfidedignas.com.mx\\\/#organization\"},\"image\":{\"@id\":\"https:\\\/\\\/fuentesfidedignas.com.mx\\\/index.php\\\/2024\\\/05\\\/23\\\/fuertes-lluvias-y-tornado-en-toluca-deja-dos-personas-fallecidas\\\/#primaryimage\"},\"thumbnailUrl\":\"https:\\\/\\\/fuentesfidedignas.com.mx\\\/wp-content\\\/uploads\\\/2024\\\/05\\\/toluca-tornado.jpg\",\"articleSection\":[\"NOTICIAS NACIONALES\"],\"inLanguage\":\"es\",\"potentialAction\":[{\"@type\":\"CommentAction\",\"name\":\"Comment\",\"target\":[\"https:\\\/\\\/fuentesfidedignas.com.mx\\\/index.php\\\/2024\\\/05\\\/23\\\/fuertes-lluvias-y-tornado-en-toluca-deja-dos-personas-fallecidas\\\/#respond\"]}]},{\"@type\":\"WebPage\",\"@id\":\"https:\\\/\\\/fuentesfidedignas.com.mx\\\/index.php\\\/2024\\\/05\\\/23\\\/fuertes-lluvias-y-tornado-en-toluca-deja-dos-personas-fallecidas\\\/\",\"url\":\"https:\\\/\\\/fuentesfidedignas.com.mx\\\/index.php\\\/2024\\\/05\\\/23\\\/fuertes-lluvias-y-tornado-en-toluca-deja-dos-personas-fallecidas\\\/\",\"name\":\"Fuertes lluvias y tornado en Toluca deja dos personas fallecidas - Fuentes Fidedignas\",\"isPartOf\":{\"@id\":\"https:\\\/\\\/fuentesfidedignas.com.mx\\\/#website\"},\"primaryImageOfPage\":{\"@id\":\"https:\\\/\\\/fuentesfidedignas.com.mx\\\/index.php\\\/2024\\\/05\\\/23\\\/fuertes-lluvias-y-tornado-en-toluca-deja-dos-personas-fallecidas\\\/#primaryimage\"},\"image\":{\"@id\":\"https:\\\/\\\/fuentesfidedignas.com.mx\\\/index.php\\\/2024\\\/05\\\/23\\\/fuertes-lluvias-y-tornado-en-toluca-deja-dos-personas-fallecidas\\\/#primaryimage\"},\"thumbnailUrl\":\"https:\\\/\\\/fuentesfidedignas.com.mx\\\/wp-content\\\/uploads\\\/2024\\\/05\\\/toluca-tornado.jpg\",\"datePublished\":\"2024-05-24T02:05:43+00:00\",\"breadcrumb\":{\"@id\":\"https:\\\/\\\/fuentesfidedignas.com.mx\\\/index.php\\\/2024\\\/05\\\/23\\\/fuertes-lluvias-y-tornado-en-toluca-deja-dos-personas-fallecidas\\\/#breadcrumb\"},\"inLanguage\":\"es\",\"potentialAction\":[{\"@type\":\"ReadAction\",\"target\":[\"https:\\\/\\\/fuentesfidedignas.com.mx\\\/index.php\\\/2024\\\/05\\\/23\\\/fuertes-lluvias-y-tornado-en-toluca-deja-dos-personas-fallecidas\\\/\"]}]},{\"@type\":\"ImageObject\",\"inLanguage\":\"es\",\"@id\":\"https:\\\/\\\/fuentesfidedignas.com.mx\\\/index.php\\\/2024\\\/05\\\/23\\\/fuertes-lluvias-y-tornado-en-toluca-deja-dos-personas-fallecidas\\\/#primaryimage\",\"url\":\"https:\\\/\\\/fuentesfidedignas.com.mx\\\/wp-content\\\/uploads\\\/2024\\\/05\\\/toluca-tornado.jpg\",\"contentUrl\":\"https:\\\/\\\/fuentesfidedignas.com.mx\\\/wp-content\\\/uploads\\\/2024\\\/05\\\/toluca-tornado.jpg\",\"width\":650,\"height\":405},{\"@type\":\"BreadcrumbList\",\"@id\":\"https:\\\/\\\/fuentesfidedignas.com.mx\\\/index.php\\\/2024\\\/05\\\/23\\\/fuertes-lluvias-y-tornado-en-toluca-deja-dos-personas-fallecidas\\\/#breadcrumb\",\"itemListElement\":[{\"@type\":\"ListItem\",\"position\":1,\"name\":\"Inicio\",\"item\":\"https:\\\/\\\/fuentesfidedignas.com.mx\\\/\"},{\"@type\":\"ListItem\",\"position\":2,\"name\":\"Fuertes lluvias y tornado en Toluca deja dos personas fallecidas\"}]},{\"@type\":\"WebSite\",\"@id\":\"https:\\\/\\\/fuentesfidedignas.com.mx\\\/#website\",\"url\":\"https:\\\/\\\/fuentesfidedignas.com.mx\\\/\",\"name\":\"Fuentes Fidedignas\",\"description\":\"Otro sitio realizado con WordPress\",\"publisher\":{\"@id\":\"https:\\\/\\\/fuentesfidedignas.com.mx\\\/#organization\"},\"potentialAction\":[{\"@type\":\"SearchAction\",\"target\":{\"@type\":\"EntryPoint\",\"urlTemplate\":\"https:\\\/\\\/fuentesfidedignas.com.mx\\\/?s={search_term_string}\"},\"query-input\":{\"@type\":\"PropertyValueSpecification\",\"valueRequired\":true,\"valueName\":\"search_term_string\"}}],\"inLanguage\":\"es\"},{\"@type\":\"Organization\",\"@id\":\"https:\\\/\\\/fuentesfidedignas.com.mx\\\/#organization\",\"name\":\"Fuentes Fidedignas\",\"url\":\"https:\\\/\\\/fuentesfidedignas.com.mx\\\/\",\"logo\":{\"@type\":\"ImageObject\",\"inLanguage\":\"es\",\"@id\":\"https:\\\/\\\/fuentesfidedignas.com.mx\\\/#\\\/schema\\\/logo\\\/image\\\/\",\"url\":\"https:\\\/\\\/fuentesfidedignas.com.mx\\\/wp-content\\\/uploads\\\/2021\\\/04\\\/logo-retina.png\",\"contentUrl\":\"https:\\\/\\\/fuentesfidedignas.com.mx\\\/wp-content\\\/uploads\\\/2021\\\/04\\\/logo-retina.png\",\"width\":280,\"height\":51,\"caption\":\"Fuentes Fidedignas\"},\"image\":{\"@id\":\"https:\\\/\\\/fuentesfidedignas.com.mx\\\/#\\\/schema\\\/logo\\\/image\\\/\"},\"sameAs\":[\"https:\\\/\\\/www.facebook.com\\\/Fuentes-Fidedignas-368234489921644\",\"https:\\\/\\\/x.com\\\/fidedignas\"]},{\"@type\":\"Person\",\"@id\":\"https:\\\/\\\/fuentesfidedignas.com.mx\\\/#\\\/schema\\\/person\\\/47ec0135738f4b0c7495f06a77a2c976\",\"name\":\"Milenio\",\"image\":{\"@type\":\"ImageObject\",\"inLanguage\":\"es\",\"@id\":\"https:\\\/\\\/secure.gravatar.com\\\/avatar\\\/acabf7b54753e51c2c76457954577c236b3b764789b19879565769739d1e4a75?s=96&d=mm&r=g\",\"url\":\"https:\\\/\\\/secure.gravatar.com\\\/avatar\\\/acabf7b54753e51c2c76457954577c236b3b764789b19879565769739d1e4a75?s=96&d=mm&r=g\",\"contentUrl\":\"https:\\\/\\\/secure.gravatar.com\\\/avatar\\\/acabf7b54753e51c2c76457954577c236b3b764789b19879565769739d1e4a75?s=96&d=mm&r=g\",\"caption\":\"Milenio\"},\"url\":\"https:\\\/\\\/fuentesfidedignas.com.mx\\\/index.php\\\/author\\\/milenio\\\/\"}]}<\/script>\n<!-- \/ Yoast SEO plugin. -->","yoast_head_json":{"title":"Fuertes lluvias y tornado en Toluca deja dos personas fallecidas - Fuentes Fidedignas","robots":{"index":"index","follow":"follow","max-snippet":"max-snippet:-1","max-image-preview":"max-image-preview:large","max-video-preview":"max-video-preview:-1"},"canonical":"https:\/\/fuentesfidedignas.com.mx\/index.php\/2024\/05\/23\/fuertes-lluvias-y-tornado-en-toluca-deja-dos-personas-fallecidas\/","og_locale":"es_MX","og_type":"article","og_title":"Fuertes lluvias y tornado en Toluca deja dos personas fallecidas - Fuentes Fidedignas","og_description":"Se reportan da\u00f1os en San Lorenzo Tepatitl\u00e1n, por Avenida L\u00f3pez Portillo, Santa Cruz Atzcapotzaltongo y Tres Caminos. TOLUCA.- La fuerte lluvia y granizada acompa\u00f1a de vientos que se registrada\u00a0 esta tarde en la capital mexiquense provoc\u00f3 la ca\u00edda de \u00e1rboles y alguna infraestructura al norte de Toluca. De acuerdo con reportes, por lo menos tres [&hellip;]","og_url":"https:\/\/fuentesfidedignas.com.mx\/index.php\/2024\/05\/23\/fuertes-lluvias-y-tornado-en-toluca-deja-dos-personas-fallecidas\/","og_site_name":"Fuentes Fidedignas","article_publisher":"https:\/\/www.facebook.com\/Fuentes-Fidedignas-368234489921644","article_published_time":"2024-05-24T02:05:43+00:00","og_image":[{"width":650,"height":405,"url":"https:\/\/fuentesfidedignas.com.mx\/wp-content\/uploads\/2024\/05\/toluca-tornado.jpg","type":"image\/jpeg"}],"author":"Milenio","twitter_card":"summary_large_image","twitter_creator":"@fidedignas","twitter_site":"@fidedignas","twitter_misc":{"Escrito por":"Milenio","Tiempo de lectura":"3 minutos"},"schema":{"@context":"https:\/\/schema.org","@graph":[{"@type":"Article","@id":"https:\/\/fuentesfidedignas.com.mx\/index.php\/2024\/05\/23\/fuertes-lluvias-y-tornado-en-toluca-deja-dos-personas-fallecidas\/#article","isPartOf":{"@id":"https:\/\/fuentesfidedignas.com.mx\/index.php\/2024\/05\/23\/fuertes-lluvias-y-tornado-en-toluca-deja-dos-personas-fallecidas\/"},"author":{"name":"Milenio","@id":"https:\/\/fuentesfidedignas.com.mx\/#\/schema\/person\/47ec0135738f4b0c7495f06a77a2c976"},"headline":"Fuertes lluvias y tornado en Toluca deja dos personas fallecidas","datePublished":"2024-05-24T02:05:43+00:00","mainEntityOfPage":{"@id":"https:\/\/fuentesfidedignas.com.mx\/index.php\/2024\/05\/23\/fuertes-lluvias-y-tornado-en-toluca-deja-dos-personas-fallecidas\/"},"wordCount":600,"commentCount":0,"publisher":{"@id":"https:\/\/fuentesfidedignas.com.mx\/#organization"},"image":{"@id":"https:\/\/fuentesfidedignas.com.mx\/index.php\/2024\/05\/23\/fuertes-lluvias-y-tornado-en-toluca-deja-dos-personas-fallecidas\/#primaryimage"},"thumbnailUrl":"https:\/\/fuentesfidedignas.com.mx\/wp-content\/uploads\/2024\/05\/toluca-tornado.jpg","articleSection":["NOTICIAS NACIONALES"],"inLanguage":"es","potentialAction":[{"@type":"CommentAction","name":"Comment","target":["https:\/\/fuentesfidedignas.com.mx\/index.php\/2024\/05\/23\/fuertes-lluvias-y-tornado-en-toluca-deja-dos-personas-fallecidas\/#respond"]}]},{"@type":"WebPage","@id":"https:\/\/fuentesfidedignas.com.mx\/index.php\/2024\/05\/23\/fuertes-lluvias-y-tornado-en-toluca-deja-dos-personas-fallecidas\/","url":"https:\/\/fuentesfidedignas.com.mx\/index.php\/2024\/05\/23\/fuertes-lluvias-y-tornado-en-toluca-deja-dos-personas-fallecidas\/","name":"Fuertes lluvias y tornado en Toluca deja dos personas fallecidas - Fuentes Fidedignas","isPartOf":{"@id":"https:\/\/fuentesfidedignas.com.mx\/#website"},"primaryImageOfPage":{"@id":"https:\/\/fuentesfidedignas.com.mx\/index.php\/2024\/05\/23\/fuertes-lluvias-y-tornado-en-toluca-deja-dos-personas-fallecidas\/#primaryimage"},"image":{"@id":"https:\/\/fuentesfidedignas.com.mx\/index.php\/2024\/05\/23\/fuertes-lluvias-y-tornado-en-toluca-deja-dos-personas-fallecidas\/#primaryimage"},"thumbnailUrl":"https:\/\/fuentesfidedignas.com.mx\/wp-content\/uploads\/2024\/05\/toluca-tornado.jpg","datePublished":"2024-05-24T02:05:43+00:00","breadcrumb":{"@id":"https:\/\/fuentesfidedignas.com.mx\/index.php\/2024\/05\/23\/fuertes-lluvias-y-tornado-en-toluca-deja-dos-personas-fallecidas\/#breadcrumb"},"inLanguage":"es","potentialAction":[{"@type":"ReadAction","target":["https:\/\/fuentesfidedignas.com.mx\/index.php\/2024\/05\/23\/fuertes-lluvias-y-tornado-en-toluca-deja-dos-personas-fallecidas\/"]}]},{"@type":"ImageObject","inLanguage":"es","@id":"https:\/\/fuentesfidedignas.com.mx\/index.php\/2024\/05\/23\/fuertes-lluvias-y-tornado-en-toluca-deja-dos-personas-fallecidas\/#primaryimage","url":"https:\/\/fuentesfidedignas.com.mx\/wp-content\/uploads\/2024\/05\/toluca-tornado.jpg","contentUrl":"https:\/\/fuentesfidedignas.com.mx\/wp-content\/uploads\/2024\/05\/toluca-tornado.jpg","width":650,"height":405},{"@type":"BreadcrumbList","@id":"https:\/\/fuentesfidedignas.com.mx\/index.php\/2024\/05\/23\/fuertes-lluvias-y-tornado-en-toluca-deja-dos-personas-fallecidas\/#breadcrumb","itemListElement":[{"@type":"ListItem","position":1,"name":"Inicio","item":"https:\/\/fuentesfidedignas.com.mx\/"},{"@type":"ListItem","position":2,"name":"Fuertes lluvias y tornado en Toluca deja dos personas fallecidas"}]},{"@type":"WebSite","@id":"https:\/\/fuentesfidedignas.com.mx\/#website","url":"https:\/\/fuentesfidedignas.com.mx\/","name":"Fuentes Fidedignas","description":"Otro sitio realizado con WordPress","publisher":{"@id":"https:\/\/fuentesfidedignas.com.mx\/#organization"},"potentialAction":[{"@type":"SearchAction","target":{"@type":"EntryPoint","urlTemplate":"https:\/\/fuentesfidedignas.com.mx\/?s={search_term_string}"},"query-input":{"@type":"PropertyValueSpecification","valueRequired":true,"valueName":"search_term_string"}}],"inLanguage":"es"},{"@type":"Organization","@id":"https:\/\/fuentesfidedignas.com.mx\/#organization","name":"Fuentes Fidedignas","url":"https:\/\/fuentesfidedignas.com.mx\/","logo":{"@type":"ImageObject","inLanguage":"es","@id":"https:\/\/fuentesfidedignas.com.mx\/#\/schema\/logo\/image\/","url":"https:\/\/fuentesfidedignas.com.mx\/wp-content\/uploads\/2021\/04\/logo-retina.png","contentUrl":"https:\/\/fuentesfidedignas.com.mx\/wp-content\/uploads\/2021\/04\/logo-retina.png","width":280,"height":51,"caption":"Fuentes Fidedignas"},"image":{"@id":"https:\/\/fuentesfidedignas.com.mx\/#\/schema\/logo\/image\/"},"sameAs":["https:\/\/www.facebook.com\/Fuentes-Fidedignas-368234489921644","https:\/\/x.com\/fidedignas"]},{"@type":"Person","@id":"https:\/\/fuentesfidedignas.com.mx\/#\/schema\/person\/47ec0135738f4b0c7495f06a77a2c976","name":"Milenio","image":{"@type":"ImageObject","inLanguage":"es","@id":"https:\/\/secure.gravatar.com\/avatar\/acabf7b54753e51c2c76457954577c236b3b764789b19879565769739d1e4a75?s=96&d=mm&r=g","url":"https:\/\/secure.gravatar.com\/avatar\/acabf7b54753e51c2c76457954577c236b3b764789b19879565769739d1e4a75?s=96&d=mm&r=g","contentUrl":"https:\/\/secure.gravatar.com\/avatar\/acabf7b54753e51c2c76457954577c236b3b764789b19879565769739d1e4a75?s=96&d=mm&r=g","caption":"Milenio"},"url":"https:\/\/fuentesfidedignas.com.mx\/index.php\/author\/milenio\/"}]}},"_links":{"self":[{"href":"https:\/\/fuentesfidedignas.com.mx\/index.php\/wp-json\/wp\/v2\/posts\/82362","targetHints":{"allow":["GET"]}}],"collection":[{"href":"https:\/\/fuentesfidedignas.com.mx\/index.php\/wp-json\/wp\/v2\/posts"}],"about":[{"href":"https:\/\/fuentesfidedignas.com.mx\/index.php\/wp-json\/wp\/v2\/types\/post"}],"author":[{"embeddable":true,"href":"https:\/\/fuentesfidedignas.com.mx\/index.php\/wp-json\/wp\/v2\/users\/9"}],"replies":[{"embeddable":true,"href":"https:\/\/fuentesfidedignas.com.mx\/index.php\/wp-json\/wp\/v2\/comments?post=82362"}],"version-history":[{"count":1,"href":"https:\/\/fuentesfidedignas.com.mx\/index.php\/wp-json\/wp\/v2\/posts\/82362\/revisions"}],"predecessor-version":[{"id":82364,"href":"https:\/\/fuentesfidedignas.com.mx\/index.php\/wp-json\/wp\/v2\/posts\/82362\/revisions\/82364"}],"wp:featuredmedia":[{"embeddable":true,"href":"https:\/\/fuentesfidedignas.com.mx\/index.php\/wp-json\/wp\/v2\/media\/82363"}],"wp:attachment":[{"href":"https:\/\/fuentesfidedignas.com.mx\/index.php\/wp-json\/wp\/v2\/media?parent=82362"}],"wp:term":[{"taxonomy":"category","embeddable":true,"href":"https:\/\/fuentesfidedignas.com.mx\/index.php\/wp-json\/wp\/v2\/categories?post=82362"},{"taxonomy":"post_tag","embeddable":true,"href":"https:\/\/fuentesfidedignas.com.mx\/index.php\/wp-json\/wp\/v2\/tags?post=82362"}],"curies":[{"name":"wp","href":"https:\/\/api.w.org\/{rel}","templated":true}]}}