{"id":82349,"date":"2024-05-23T17:29:24","date_gmt":"2024-05-24T00:29:24","guid":{"rendered":"https:\/\/fuentesfidedignas.com.mx\/?p=82349"},"modified":"2024-05-23T17:29:24","modified_gmt":"2024-05-24T00:29:24","slug":"periodistas-y-defensores-de-derechos-humanos-pilares-de-una-sociedad-democratica-celia-jauregui","status":"publish","type":"post","link":"https:\/\/fuentesfidedignas.com.mx\/index.php\/2024\/05\/23\/periodistas-y-defensores-de-derechos-humanos-pilares-de-una-sociedad-democratica-celia-jauregui\/","title":{"rendered":"Periodistas y defensores de derechos humanos, pilares de una sociedad democr\u00e1tica: Celia J\u00e1uregui"},"content":{"rendered":"\n<p><strong><em>Destac\u00f3 que durante varias d\u00e9cadas los periodistas de Sinaloa pugnaron por tener una ley que los protegiera de los riesgos y consecuencias derivados de su trabajo.<\/em><\/strong><\/p>\n\n\n\n<p>Culiac\u00e1n, Sin.- La diputada Celia J\u00e1uregui Ibarra, presidenta de la Comisi\u00f3n de Cultura y Artes del Congreso del Estado de Sinaloa, subray\u00f3 que los defensores de derechos humanos y los periodistas son pilares fundamentales en cualquier sociedad democr\u00e1tica.<\/p>\n\n\n\n<p>Lo anterior al pronunciar el mensaje de bienvenida al Conversatorio: &#8220;Desaf\u00edos del Periodismo en la Era Digital&#8221;, en cuyo marco se realiz\u00f3 la presentaci\u00f3n del Libro: &#8220;A Confesi\u00f3n de Parte&#8221; del periodista Mario Martini en el Sal\u00f3n Constituyentes del Congreso del Estado de Sinaloa.<\/p>\n\n\n\n<p>Record\u00f3 que se cumple el segundo aniversario de que el Congreso de Sinaloa aprob\u00f3 por unanimidad la Ley de Protecci\u00f3n de Personas Defensoras de Derechos Humanos y Periodistas de Sinaloa que dio origen al Instituto aut\u00f3nomo de protecci\u00f3n.<\/p>\n\n\n\n<p>Destac\u00f3 que durante varias d\u00e9cadas los periodistas de Sinaloa pugnaron por tener una ley que los protegiera de los riesgos y consecuencias derivados de su trabajo.<\/p>\n\n\n\n<p>Lament\u00f3 que tuvieron que morir o desaparecer 28 periodistas y siete defensores de derechos humanos a lo largo de nuestra historia para voltear a ver c\u00f3mo estos dos grupos ejercen en condiciones de vulnerabilidad los derechos a la libertad de expresi\u00f3n y acceso a la Informaci\u00f3n en Sinaloa. \u201cFue \u2013apunt\u00f3- hasta fines de mayo del 2022 cuando esta Legislatura determin\u00f3 con reconocida visi\u00f3n humanista que tanto los activistas sociales como los comunicadores de Sinaloa deber\u00edan estar protegidos por el Estado mexicano, fue as\u00ed como, surgi\u00f3 la Ley que dio vida al Instituto de Protecci\u00f3n que atiende a estos dos grupos y a sus familias\u201d.<\/p>\n\n\n\n<p>Asever\u00f3 que seg\u00fan informes del Instituto las agresiones contra estos gremios no han disminuido en los \u00faltimos dos a\u00f1os sino que aumentaron o en el mejor de los casos se mantienen estables.<\/p>\n\n\n\n<p>\u201cQueremos pensar que la existencia de este organismo ha provocado una curva ascendente de denuncias que deber\u00eda estabilizarse en el mediano plazo\u201d, dijo.<\/p>\n\n\n\n<p>\u201cPero las estad\u00edsticas \u2013advirti\u00f3- tambi\u00e9n son un indicador de que el Instituto est\u00e1 funcionando bien en cuanto a la difusi\u00f3n de la Ley y las consecuencias penales contra quienes inhiban la labor de estos dos grupos, as\u00ed como la prevenci\u00f3n y la autoprotecci\u00f3n que deber\u00edan incidir en la disminuci\u00f3n de medidas de protecci\u00f3n que deber\u00edan ser la \u00faltima l\u00ednea de acci\u00f3n\u201d.<\/p>\n\n\n\n<p>Jhenny Judith Bernal Arellano, Directora General del Instituto para la Protecci\u00f3n de Personas Defensoras de Derechos Humanos y Periodistas de Sinaloa (IPPPDDHYP), fungi\u00f3 como moderadora en el Conservatorio.<\/p>\n\n\n\n<p>En el Conservatorio participaron los periodistas Marcos Vizcarra, colaborador de Revista Espejo y corresponsal del diario Reforma; Andrea Miranda, directora de contenido de la empresa period\u00edstica Debate; Mario Martini, director del medio informativo Paralelo 23 y Alejandro Sicairos, director de Revista Espejo.<\/p>\n\n\n\n<p>Asimismo asistieron integrantes del IPPPDDHYP y los diputados Sergio Mario Arredondo Salas y Marco Antonio Zazueta Zazueta y las diputadas Mar\u00eda Guadalupe C\u00e1zares Gallegos y Gloria Himelda F\u00e9lix Niebla, as\u00ed como el Secretario General del Congreso del Estado, Jos\u00e9 Antonio R\u00edos Rojo.<\/p>\n","protected":false},"excerpt":{"rendered":"<p>Destac\u00f3 que durante varias d\u00e9cadas los periodistas de Sinaloa pugnaron por tener una ley que los protegiera de los riesgos y consecuencias derivados de su trabajo. Culiac\u00e1n, Sin.- La diputada Celia J\u00e1uregui Ibarra, presidenta de la Comisi\u00f3n de Cultura y Artes del Congreso del Estado de Sinaloa, subray\u00f3 que los defensores de derechos humanos y [&hellip;]<\/p>\n","protected":false},"author":4,"featured_media":82350,"comment_status":"open","ping_status":"open","sticky":false,"template":"","format":"standard","meta":{"tdm_status":"","tdm_grid_status":"","footnotes":""},"categories":[38],"tags":[],"class_list":{"0":"post-82349","1":"post","2":"type-post","3":"status-publish","4":"format-standard","5":"has-post-thumbnail","7":"category-noticias-locales"},"yoast_head":"<!-- This site is optimized with the Yoast SEO plugin v27.5 - https:\/\/yoast.com\/product\/yoast-seo-wordpress\/ -->\n<title>Periodistas y defensores de derechos humanos, pilares de una sociedad democr\u00e1tica: Celia J\u00e1uregui - Fuentes Fidedignas<\/title>\n<meta name=\"robots\" content=\"index, follow, max-snippet:-1, max-image-preview:large, max-video-preview:-1\" \/>\n<link rel=\"canonical\" href=\"https:\/\/fuentesfidedignas.com.mx\/index.php\/2024\/05\/23\/periodistas-y-defensores-de-derechos-humanos-pilares-de-una-sociedad-democratica-celia-jauregui\/\" \/>\n<meta property=\"og:locale\" content=\"es_MX\" \/>\n<meta property=\"og:type\" content=\"article\" \/>\n<meta property=\"og:title\" content=\"Periodistas y defensores de derechos humanos, pilares de una sociedad democr\u00e1tica: Celia J\u00e1uregui - Fuentes Fidedignas\" \/>\n<meta property=\"og:description\" content=\"Destac\u00f3 que durante varias d\u00e9cadas los periodistas de Sinaloa pugnaron por tener una ley que los protegiera de los riesgos y consecuencias derivados de su trabajo. Culiac\u00e1n, Sin.- La diputada Celia J\u00e1uregui Ibarra, presidenta de la Comisi\u00f3n de Cultura y Artes del Congreso del Estado de Sinaloa, subray\u00f3 que los defensores de derechos humanos y [&hellip;]\" \/>\n<meta property=\"og:url\" content=\"https:\/\/fuentesfidedignas.com.mx\/index.php\/2024\/05\/23\/periodistas-y-defensores-de-derechos-humanos-pilares-de-una-sociedad-democratica-celia-jauregui\/\" \/>\n<meta property=\"og:site_name\" content=\"Fuentes Fidedignas\" \/>\n<meta property=\"article:publisher\" content=\"https:\/\/www.facebook.com\/Fuentes-Fidedignas-368234489921644\" \/>\n<meta property=\"article:published_time\" content=\"2024-05-24T00:29:24+00:00\" \/>\n<meta property=\"og:image\" content=\"https:\/\/fuentesfidedignas.com.mx\/wp-content\/uploads\/2024\/05\/Celia-Jauregui-Ibarra.jpg\" \/>\n\t<meta property=\"og:image:width\" content=\"650\" \/>\n\t<meta property=\"og:image:height\" content=\"434\" \/>\n\t<meta property=\"og:image:type\" content=\"image\/jpeg\" \/>\n<meta name=\"author\" content=\"Redacci\u00f3n\" \/>\n<meta name=\"twitter:card\" content=\"summary_large_image\" \/>\n<meta name=\"twitter:creator\" content=\"@fidedignas\" \/>\n<meta name=\"twitter:site\" content=\"@fidedignas\" \/>\n<meta name=\"twitter:label1\" content=\"Escrito por\" \/>\n\t<meta name=\"twitter:data1\" content=\"Redacci\u00f3n\" \/>\n\t<meta name=\"twitter:label2\" content=\"Tiempo de lectura\" \/>\n\t<meta name=\"twitter:data2\" content=\"3 minutos\" \/>\n<script type=\"application\/ld+json\" class=\"yoast-schema-graph\">{\"@context\":\"https:\\\/\\\/schema.org\",\"@graph\":[{\"@type\":\"Article\",\"@id\":\"https:\\\/\\\/fuentesfidedignas.com.mx\\\/index.php\\\/2024\\\/05\\\/23\\\/periodistas-y-defensores-de-derechos-humanos-pilares-de-una-sociedad-democratica-celia-jauregui\\\/#article\",\"isPartOf\":{\"@id\":\"https:\\\/\\\/fuentesfidedignas.com.mx\\\/index.php\\\/2024\\\/05\\\/23\\\/periodistas-y-defensores-de-derechos-humanos-pilares-de-una-sociedad-democratica-celia-jauregui\\\/\"},\"author\":{\"name\":\"Redacci\u00f3n\",\"@id\":\"https:\\\/\\\/fuentesfidedignas.com.mx\\\/#\\\/schema\\\/person\\\/331be9283d37198e2acd5750279085b0\"},\"headline\":\"Periodistas y defensores de derechos humanos, pilares de una sociedad democr\u00e1tica: Celia J\u00e1uregui\",\"datePublished\":\"2024-05-24T00:29:24+00:00\",\"mainEntityOfPage\":{\"@id\":\"https:\\\/\\\/fuentesfidedignas.com.mx\\\/index.php\\\/2024\\\/05\\\/23\\\/periodistas-y-defensores-de-derechos-humanos-pilares-de-una-sociedad-democratica-celia-jauregui\\\/\"},\"wordCount\":558,\"commentCount\":0,\"publisher\":{\"@id\":\"https:\\\/\\\/fuentesfidedignas.com.mx\\\/#organization\"},\"image\":{\"@id\":\"https:\\\/\\\/fuentesfidedignas.com.mx\\\/index.php\\\/2024\\\/05\\\/23\\\/periodistas-y-defensores-de-derechos-humanos-pilares-de-una-sociedad-democratica-celia-jauregui\\\/#primaryimage\"},\"thumbnailUrl\":\"https:\\\/\\\/fuentesfidedignas.com.mx\\\/wp-content\\\/uploads\\\/2024\\\/05\\\/Celia-Jauregui-Ibarra.jpg\",\"articleSection\":[\"NOTICIAS LOCALES\"],\"inLanguage\":\"es\",\"potentialAction\":[{\"@type\":\"CommentAction\",\"name\":\"Comment\",\"target\":[\"https:\\\/\\\/fuentesfidedignas.com.mx\\\/index.php\\\/2024\\\/05\\\/23\\\/periodistas-y-defensores-de-derechos-humanos-pilares-de-una-sociedad-democratica-celia-jauregui\\\/#respond\"]}]},{\"@type\":\"WebPage\",\"@id\":\"https:\\\/\\\/fuentesfidedignas.com.mx\\\/index.php\\\/2024\\\/05\\\/23\\\/periodistas-y-defensores-de-derechos-humanos-pilares-de-una-sociedad-democratica-celia-jauregui\\\/\",\"url\":\"https:\\\/\\\/fuentesfidedignas.com.mx\\\/index.php\\\/2024\\\/05\\\/23\\\/periodistas-y-defensores-de-derechos-humanos-pilares-de-una-sociedad-democratica-celia-jauregui\\\/\",\"name\":\"Periodistas y defensores de derechos humanos, pilares de una sociedad democr\u00e1tica: Celia J\u00e1uregui - Fuentes Fidedignas\",\"isPartOf\":{\"@id\":\"https:\\\/\\\/fuentesfidedignas.com.mx\\\/#website\"},\"primaryImageOfPage\":{\"@id\":\"https:\\\/\\\/fuentesfidedignas.com.mx\\\/index.php\\\/2024\\\/05\\\/23\\\/periodistas-y-defensores-de-derechos-humanos-pilares-de-una-sociedad-democratica-celia-jauregui\\\/#primaryimage\"},\"image\":{\"@id\":\"https:\\\/\\\/fuentesfidedignas.com.mx\\\/index.php\\\/2024\\\/05\\\/23\\\/periodistas-y-defensores-de-derechos-humanos-pilares-de-una-sociedad-democratica-celia-jauregui\\\/#primaryimage\"},\"thumbnailUrl\":\"https:\\\/\\\/fuentesfidedignas.com.mx\\\/wp-content\\\/uploads\\\/2024\\\/05\\\/Celia-Jauregui-Ibarra.jpg\",\"datePublished\":\"2024-05-24T00:29:24+00:00\",\"breadcrumb\":{\"@id\":\"https:\\\/\\\/fuentesfidedignas.com.mx\\\/index.php\\\/2024\\\/05\\\/23\\\/periodistas-y-defensores-de-derechos-humanos-pilares-de-una-sociedad-democratica-celia-jauregui\\\/#breadcrumb\"},\"inLanguage\":\"es\",\"potentialAction\":[{\"@type\":\"ReadAction\",\"target\":[\"https:\\\/\\\/fuentesfidedignas.com.mx\\\/index.php\\\/2024\\\/05\\\/23\\\/periodistas-y-defensores-de-derechos-humanos-pilares-de-una-sociedad-democratica-celia-jauregui\\\/\"]}]},{\"@type\":\"ImageObject\",\"inLanguage\":\"es\",\"@id\":\"https:\\\/\\\/fuentesfidedignas.com.mx\\\/index.php\\\/2024\\\/05\\\/23\\\/periodistas-y-defensores-de-derechos-humanos-pilares-de-una-sociedad-democratica-celia-jauregui\\\/#primaryimage\",\"url\":\"https:\\\/\\\/fuentesfidedignas.com.mx\\\/wp-content\\\/uploads\\\/2024\\\/05\\\/Celia-Jauregui-Ibarra.jpg\",\"contentUrl\":\"https:\\\/\\\/fuentesfidedignas.com.mx\\\/wp-content\\\/uploads\\\/2024\\\/05\\\/Celia-Jauregui-Ibarra.jpg\",\"width\":650,\"height\":434},{\"@type\":\"BreadcrumbList\",\"@id\":\"https:\\\/\\\/fuentesfidedignas.com.mx\\\/index.php\\\/2024\\\/05\\\/23\\\/periodistas-y-defensores-de-derechos-humanos-pilares-de-una-sociedad-democratica-celia-jauregui\\\/#breadcrumb\",\"itemListElement\":[{\"@type\":\"ListItem\",\"position\":1,\"name\":\"Inicio\",\"item\":\"https:\\\/\\\/fuentesfidedignas.com.mx\\\/\"},{\"@type\":\"ListItem\",\"position\":2,\"name\":\"Periodistas y defensores de derechos humanos, pilares de una sociedad democr\u00e1tica: Celia J\u00e1uregui\"}]},{\"@type\":\"WebSite\",\"@id\":\"https:\\\/\\\/fuentesfidedignas.com.mx\\\/#website\",\"url\":\"https:\\\/\\\/fuentesfidedignas.com.mx\\\/\",\"name\":\"Fuentes Fidedignas\",\"description\":\"Otro sitio realizado con WordPress\",\"publisher\":{\"@id\":\"https:\\\/\\\/fuentesfidedignas.com.mx\\\/#organization\"},\"potentialAction\":[{\"@type\":\"SearchAction\",\"target\":{\"@type\":\"EntryPoint\",\"urlTemplate\":\"https:\\\/\\\/fuentesfidedignas.com.mx\\\/?s={search_term_string}\"},\"query-input\":{\"@type\":\"PropertyValueSpecification\",\"valueRequired\":true,\"valueName\":\"search_term_string\"}}],\"inLanguage\":\"es\"},{\"@type\":\"Organization\",\"@id\":\"https:\\\/\\\/fuentesfidedignas.com.mx\\\/#organization\",\"name\":\"Fuentes Fidedignas\",\"url\":\"https:\\\/\\\/fuentesfidedignas.com.mx\\\/\",\"logo\":{\"@type\":\"ImageObject\",\"inLanguage\":\"es\",\"@id\":\"https:\\\/\\\/fuentesfidedignas.com.mx\\\/#\\\/schema\\\/logo\\\/image\\\/\",\"url\":\"https:\\\/\\\/fuentesfidedignas.com.mx\\\/wp-content\\\/uploads\\\/2021\\\/04\\\/logo-retina.png\",\"contentUrl\":\"https:\\\/\\\/fuentesfidedignas.com.mx\\\/wp-content\\\/uploads\\\/2021\\\/04\\\/logo-retina.png\",\"width\":280,\"height\":51,\"caption\":\"Fuentes Fidedignas\"},\"image\":{\"@id\":\"https:\\\/\\\/fuentesfidedignas.com.mx\\\/#\\\/schema\\\/logo\\\/image\\\/\"},\"sameAs\":[\"https:\\\/\\\/www.facebook.com\\\/Fuentes-Fidedignas-368234489921644\",\"https:\\\/\\\/x.com\\\/fidedignas\"]},{\"@type\":\"Person\",\"@id\":\"https:\\\/\\\/fuentesfidedignas.com.mx\\\/#\\\/schema\\\/person\\\/331be9283d37198e2acd5750279085b0\",\"name\":\"Redacci\u00f3n\",\"image\":{\"@type\":\"ImageObject\",\"inLanguage\":\"es\",\"@id\":\"https:\\\/\\\/secure.gravatar.com\\\/avatar\\\/f6d8782c11d12b2d4ad3fbb6931aeab5309937a4d6cd2fc9cfaa28a6396a5aec?s=96&d=mm&r=g\",\"url\":\"https:\\\/\\\/secure.gravatar.com\\\/avatar\\\/f6d8782c11d12b2d4ad3fbb6931aeab5309937a4d6cd2fc9cfaa28a6396a5aec?s=96&d=mm&r=g\",\"contentUrl\":\"https:\\\/\\\/secure.gravatar.com\\\/avatar\\\/f6d8782c11d12b2d4ad3fbb6931aeab5309937a4d6cd2fc9cfaa28a6396a5aec?s=96&d=mm&r=g\",\"caption\":\"Redacci\u00f3n\"},\"url\":\"https:\\\/\\\/fuentesfidedignas.com.mx\\\/index.php\\\/author\\\/redaccion\\\/\"}]}<\/script>\n<!-- \/ Yoast SEO plugin. -->","yoast_head_json":{"title":"Periodistas y defensores de derechos humanos, pilares de una sociedad democr\u00e1tica: Celia J\u00e1uregui - Fuentes Fidedignas","robots":{"index":"index","follow":"follow","max-snippet":"max-snippet:-1","max-image-preview":"max-image-preview:large","max-video-preview":"max-video-preview:-1"},"canonical":"https:\/\/fuentesfidedignas.com.mx\/index.php\/2024\/05\/23\/periodistas-y-defensores-de-derechos-humanos-pilares-de-una-sociedad-democratica-celia-jauregui\/","og_locale":"es_MX","og_type":"article","og_title":"Periodistas y defensores de derechos humanos, pilares de una sociedad democr\u00e1tica: Celia J\u00e1uregui - Fuentes Fidedignas","og_description":"Destac\u00f3 que durante varias d\u00e9cadas los periodistas de Sinaloa pugnaron por tener una ley que los protegiera de los riesgos y consecuencias derivados de su trabajo. Culiac\u00e1n, Sin.- La diputada Celia J\u00e1uregui Ibarra, presidenta de la Comisi\u00f3n de Cultura y Artes del Congreso del Estado de Sinaloa, subray\u00f3 que los defensores de derechos humanos y [&hellip;]","og_url":"https:\/\/fuentesfidedignas.com.mx\/index.php\/2024\/05\/23\/periodistas-y-defensores-de-derechos-humanos-pilares-de-una-sociedad-democratica-celia-jauregui\/","og_site_name":"Fuentes Fidedignas","article_publisher":"https:\/\/www.facebook.com\/Fuentes-Fidedignas-368234489921644","article_published_time":"2024-05-24T00:29:24+00:00","og_image":[{"width":650,"height":434,"url":"https:\/\/fuentesfidedignas.com.mx\/wp-content\/uploads\/2024\/05\/Celia-Jauregui-Ibarra.jpg","type":"image\/jpeg"}],"author":"Redacci\u00f3n","twitter_card":"summary_large_image","twitter_creator":"@fidedignas","twitter_site":"@fidedignas","twitter_misc":{"Escrito por":"Redacci\u00f3n","Tiempo de lectura":"3 minutos"},"schema":{"@context":"https:\/\/schema.org","@graph":[{"@type":"Article","@id":"https:\/\/fuentesfidedignas.com.mx\/index.php\/2024\/05\/23\/periodistas-y-defensores-de-derechos-humanos-pilares-de-una-sociedad-democratica-celia-jauregui\/#article","isPartOf":{"@id":"https:\/\/fuentesfidedignas.com.mx\/index.php\/2024\/05\/23\/periodistas-y-defensores-de-derechos-humanos-pilares-de-una-sociedad-democratica-celia-jauregui\/"},"author":{"name":"Redacci\u00f3n","@id":"https:\/\/fuentesfidedignas.com.mx\/#\/schema\/person\/331be9283d37198e2acd5750279085b0"},"headline":"Periodistas y defensores de derechos humanos, pilares de una sociedad democr\u00e1tica: Celia J\u00e1uregui","datePublished":"2024-05-24T00:29:24+00:00","mainEntityOfPage":{"@id":"https:\/\/fuentesfidedignas.com.mx\/index.php\/2024\/05\/23\/periodistas-y-defensores-de-derechos-humanos-pilares-de-una-sociedad-democratica-celia-jauregui\/"},"wordCount":558,"commentCount":0,"publisher":{"@id":"https:\/\/fuentesfidedignas.com.mx\/#organization"},"image":{"@id":"https:\/\/fuentesfidedignas.com.mx\/index.php\/2024\/05\/23\/periodistas-y-defensores-de-derechos-humanos-pilares-de-una-sociedad-democratica-celia-jauregui\/#primaryimage"},"thumbnailUrl":"https:\/\/fuentesfidedignas.com.mx\/wp-content\/uploads\/2024\/05\/Celia-Jauregui-Ibarra.jpg","articleSection":["NOTICIAS LOCALES"],"inLanguage":"es","potentialAction":[{"@type":"CommentAction","name":"Comment","target":["https:\/\/fuentesfidedignas.com.mx\/index.php\/2024\/05\/23\/periodistas-y-defensores-de-derechos-humanos-pilares-de-una-sociedad-democratica-celia-jauregui\/#respond"]}]},{"@type":"WebPage","@id":"https:\/\/fuentesfidedignas.com.mx\/index.php\/2024\/05\/23\/periodistas-y-defensores-de-derechos-humanos-pilares-de-una-sociedad-democratica-celia-jauregui\/","url":"https:\/\/fuentesfidedignas.com.mx\/index.php\/2024\/05\/23\/periodistas-y-defensores-de-derechos-humanos-pilares-de-una-sociedad-democratica-celia-jauregui\/","name":"Periodistas y defensores de derechos humanos, pilares de una sociedad democr\u00e1tica: Celia J\u00e1uregui - Fuentes Fidedignas","isPartOf":{"@id":"https:\/\/fuentesfidedignas.com.mx\/#website"},"primaryImageOfPage":{"@id":"https:\/\/fuentesfidedignas.com.mx\/index.php\/2024\/05\/23\/periodistas-y-defensores-de-derechos-humanos-pilares-de-una-sociedad-democratica-celia-jauregui\/#primaryimage"},"image":{"@id":"https:\/\/fuentesfidedignas.com.mx\/index.php\/2024\/05\/23\/periodistas-y-defensores-de-derechos-humanos-pilares-de-una-sociedad-democratica-celia-jauregui\/#primaryimage"},"thumbnailUrl":"https:\/\/fuentesfidedignas.com.mx\/wp-content\/uploads\/2024\/05\/Celia-Jauregui-Ibarra.jpg","datePublished":"2024-05-24T00:29:24+00:00","breadcrumb":{"@id":"https:\/\/fuentesfidedignas.com.mx\/index.php\/2024\/05\/23\/periodistas-y-defensores-de-derechos-humanos-pilares-de-una-sociedad-democratica-celia-jauregui\/#breadcrumb"},"inLanguage":"es","potentialAction":[{"@type":"ReadAction","target":["https:\/\/fuentesfidedignas.com.mx\/index.php\/2024\/05\/23\/periodistas-y-defensores-de-derechos-humanos-pilares-de-una-sociedad-democratica-celia-jauregui\/"]}]},{"@type":"ImageObject","inLanguage":"es","@id":"https:\/\/fuentesfidedignas.com.mx\/index.php\/2024\/05\/23\/periodistas-y-defensores-de-derechos-humanos-pilares-de-una-sociedad-democratica-celia-jauregui\/#primaryimage","url":"https:\/\/fuentesfidedignas.com.mx\/wp-content\/uploads\/2024\/05\/Celia-Jauregui-Ibarra.jpg","contentUrl":"https:\/\/fuentesfidedignas.com.mx\/wp-content\/uploads\/2024\/05\/Celia-Jauregui-Ibarra.jpg","width":650,"height":434},{"@type":"BreadcrumbList","@id":"https:\/\/fuentesfidedignas.com.mx\/index.php\/2024\/05\/23\/periodistas-y-defensores-de-derechos-humanos-pilares-de-una-sociedad-democratica-celia-jauregui\/#breadcrumb","itemListElement":[{"@type":"ListItem","position":1,"name":"Inicio","item":"https:\/\/fuentesfidedignas.com.mx\/"},{"@type":"ListItem","position":2,"name":"Periodistas y defensores de derechos humanos, pilares de una sociedad democr\u00e1tica: Celia J\u00e1uregui"}]},{"@type":"WebSite","@id":"https:\/\/fuentesfidedignas.com.mx\/#website","url":"https:\/\/fuentesfidedignas.com.mx\/","name":"Fuentes Fidedignas","description":"Otro sitio realizado con WordPress","publisher":{"@id":"https:\/\/fuentesfidedignas.com.mx\/#organization"},"potentialAction":[{"@type":"SearchAction","target":{"@type":"EntryPoint","urlTemplate":"https:\/\/fuentesfidedignas.com.mx\/?s={search_term_string}"},"query-input":{"@type":"PropertyValueSpecification","valueRequired":true,"valueName":"search_term_string"}}],"inLanguage":"es"},{"@type":"Organization","@id":"https:\/\/fuentesfidedignas.com.mx\/#organization","name":"Fuentes Fidedignas","url":"https:\/\/fuentesfidedignas.com.mx\/","logo":{"@type":"ImageObject","inLanguage":"es","@id":"https:\/\/fuentesfidedignas.com.mx\/#\/schema\/logo\/image\/","url":"https:\/\/fuentesfidedignas.com.mx\/wp-content\/uploads\/2021\/04\/logo-retina.png","contentUrl":"https:\/\/fuentesfidedignas.com.mx\/wp-content\/uploads\/2021\/04\/logo-retina.png","width":280,"height":51,"caption":"Fuentes Fidedignas"},"image":{"@id":"https:\/\/fuentesfidedignas.com.mx\/#\/schema\/logo\/image\/"},"sameAs":["https:\/\/www.facebook.com\/Fuentes-Fidedignas-368234489921644","https:\/\/x.com\/fidedignas"]},{"@type":"Person","@id":"https:\/\/fuentesfidedignas.com.mx\/#\/schema\/person\/331be9283d37198e2acd5750279085b0","name":"Redacci\u00f3n","image":{"@type":"ImageObject","inLanguage":"es","@id":"https:\/\/secure.gravatar.com\/avatar\/f6d8782c11d12b2d4ad3fbb6931aeab5309937a4d6cd2fc9cfaa28a6396a5aec?s=96&d=mm&r=g","url":"https:\/\/secure.gravatar.com\/avatar\/f6d8782c11d12b2d4ad3fbb6931aeab5309937a4d6cd2fc9cfaa28a6396a5aec?s=96&d=mm&r=g","contentUrl":"https:\/\/secure.gravatar.com\/avatar\/f6d8782c11d12b2d4ad3fbb6931aeab5309937a4d6cd2fc9cfaa28a6396a5aec?s=96&d=mm&r=g","caption":"Redacci\u00f3n"},"url":"https:\/\/fuentesfidedignas.com.mx\/index.php\/author\/redaccion\/"}]}},"_links":{"self":[{"href":"https:\/\/fuentesfidedignas.com.mx\/index.php\/wp-json\/wp\/v2\/posts\/82349","targetHints":{"allow":["GET"]}}],"collection":[{"href":"https:\/\/fuentesfidedignas.com.mx\/index.php\/wp-json\/wp\/v2\/posts"}],"about":[{"href":"https:\/\/fuentesfidedignas.com.mx\/index.php\/wp-json\/wp\/v2\/types\/post"}],"author":[{"embeddable":true,"href":"https:\/\/fuentesfidedignas.com.mx\/index.php\/wp-json\/wp\/v2\/users\/4"}],"replies":[{"embeddable":true,"href":"https:\/\/fuentesfidedignas.com.mx\/index.php\/wp-json\/wp\/v2\/comments?post=82349"}],"version-history":[{"count":1,"href":"https:\/\/fuentesfidedignas.com.mx\/index.php\/wp-json\/wp\/v2\/posts\/82349\/revisions"}],"predecessor-version":[{"id":82351,"href":"https:\/\/fuentesfidedignas.com.mx\/index.php\/wp-json\/wp\/v2\/posts\/82349\/revisions\/82351"}],"wp:featuredmedia":[{"embeddable":true,"href":"https:\/\/fuentesfidedignas.com.mx\/index.php\/wp-json\/wp\/v2\/media\/82350"}],"wp:attachment":[{"href":"https:\/\/fuentesfidedignas.com.mx\/index.php\/wp-json\/wp\/v2\/media?parent=82349"}],"wp:term":[{"taxonomy":"category","embeddable":true,"href":"https:\/\/fuentesfidedignas.com.mx\/index.php\/wp-json\/wp\/v2\/categories?post=82349"},{"taxonomy":"post_tag","embeddable":true,"href":"https:\/\/fuentesfidedignas.com.mx\/index.php\/wp-json\/wp\/v2\/tags?post=82349"}],"curies":[{"name":"wp","href":"https:\/\/api.w.org\/{rel}","templated":true}]}}