{"id":8233,"date":"2021-07-25T19:41:59","date_gmt":"2021-07-26T02:41:59","guid":{"rendered":"https:\/\/fuentesfidedignas.com.mx\/?p=8233"},"modified":"2021-07-25T19:42:01","modified_gmt":"2021-07-26T02:42:01","slug":"mexico-suma-otros-6-mil-535-contagios-de-covid-19-en-24-horas-hay-108-muertes-mas","status":"publish","type":"post","link":"https:\/\/fuentesfidedignas.com.mx\/index.php\/2021\/07\/25\/mexico-suma-otros-6-mil-535-contagios-de-covid-19-en-24-horas-hay-108-muertes-mas\/","title":{"rendered":"M\u00e9xico suma otros 6 mil 535 contagios de Covid-19 en 24 horas; hay 108 muertes m\u00e1s"},"content":{"rendered":"\n<figure class=\"wp-block-embed is-type-video is-provider-youtube wp-block-embed-youtube wp-embed-aspect-16-9 wp-has-aspect-ratio\"><div class=\"wp-block-embed__wrapper\">\n<div class=\"youtube-embed\" data-video_id=\"ulJQm9egrIM\"><iframe loading=\"lazy\" title=\"M\u00e9xico suma otros 6 mil 535 contagios de Covid-19 en 24 horas; hay 108 muertes m\u00e1s\" width=\"696\" height=\"392\" src=\"https:\/\/www.youtube.com\/embed\/ulJQm9egrIM?feature=oembed&#038;enablejsapi=1\" frameborder=\"0\" allow=\"accelerometer; autoplay; clipboard-write; encrypted-media; gyroscope; picture-in-picture\" allowfullscreen><\/iframe><\/div>\n<\/div><\/figure>\n\n\n\n<p>M\u00e9xico acumul\u00f3, al corte de est\u00e9 domingo 25 de julio, 238 mil 424 muertes por Covid-19, es decir, 108 decesos m\u00e1s en las \u00faltimas 24 horas, inform\u00f3 la Secretar\u00eda de Salud Federal.<\/p>\n\n\n\n<p>Asimismo, la dependencia inform\u00f3 que el pa\u00eds acumul\u00f3 dos millones 748 mil 518 casos de coronavirus, lo que representa un aumento de seis mil 535 contagios, respecto al d\u00eda anterior.<\/p>\n\n\n\n<p>Con estas cifras, seg\u00fan la Universidad estadounidense Johns Hopkins, M\u00e9xico ocupa el decimoquinto lugar mundial en n\u00famero de contagios y el cuarto puesto como el pa\u00eds con m\u00e1s decesos por la pandemia, detr\u00e1s de Estados Unidos, Brasil y la India.<\/p>\n\n\n\n<p>Vacunaci\u00f3n contra Covid-19 en M\u00e9xico<br>En el pa\u00eds se han aplicado 60 millones 558 mil 289 dosis de la&nbsp;vacuna contra Covid-19, aunque s\u00f3lo 23 millones 955 mil 609 personas han completado el esquema completo de inoculaci\u00f3n.<\/p>\n\n\n\n<p>Cabe recordar que el pa\u00eds atraviesa por una tercera ola de contagios de Covid-19, sin embargo, no se contempla un nuevo confinamiento, cierres absolutos en las actividades econ\u00f3micas y p\u00fablicas, e incluso se considera la reapertura de centros educativos, inform\u00f3 el viernes el subsecretario de Prevenci\u00f3n y Promoci\u00f3n de la Salud, Hugo L\u00f3pez-Gatell Ram\u00edrez.<\/p>\n\n\n\n<p>As\u00ed, L\u00f3pez-Gatell\u00a0 se\u00f1al\u00f3 que \u201cno debe extra\u00f1ar que haya espacios p\u00fablicos abiertos, aun con el crecimiento de la epidemia, pero lo que s\u00ed es muy importante es que las distintas medidas de seguridad sanitaria se cumplan a cabalidad\u201d, ya que un nuevo confinamiento no es viable pues los mexicanos ya est\u00e1n cansados del tiempo que ha durado la pandemia.<\/p>\n\n\n\n<p>Regreso al sem\u00e1foro naranja<br>Derivado del alza en los contagios de Covid-19 en M\u00e9xico, la Secretar\u00eda de Salud Estatal y los gobiernos estatales y de la Ciudad de M\u00e9xico acordaron un retroceso en el sem\u00e1foro de riesgo epidemiol\u00f3gico, por lo que, a partir de este lunes, 8 entidades -incluidas la CDMX y el Estado de M\u00e9xico- regresan a naranja, siendo que la semana pasada eran 5 las entidades en este color del&nbsp;sem\u00e1foro&nbsp;epidemiol\u00f3gico.<\/p>\n\n\n\n<p>A su vez, 15 entidades estar\u00e1n en sem\u00e1foro amarillo y una en rojo. Es decir, que respecto a la semana pasada en M\u00e9xico 19 entidades estaban en verde, ocho en amarillo (incluidas la Ciudad de M\u00e9xico y el Estado de M\u00e9xico), cinco en naranja y ninguno en rojo; sin embargo, esta semana se reportaron 15 estados en amarillo, 13 en naranja, tres en verde y uno en rojo.<\/p>\n\n\n\n<p>As\u00ed, Aguascalientes, Chiapas y Coahuila estar\u00e1n en color verde, mientras que Baja California, Campeche, Chihuahua, Durango, Guanajuato, Michoac\u00e1n, Morelos, Puebla, Quer\u00e9taro, San Luis Potos\u00ed, Sonora, Tabasco, Tlaxcala, Yucat\u00e1n y Zacatecas se ubicar\u00e1n las pr\u00f3ximas dos semanas en color amarillo.<\/p>\n\n\n\n<p>Las entidades que estar\u00e1n en naranja, al menos hasta el 8 de agosto, son Baja California Sur, Ciudad de M\u00e9xico, Colima, Estado de M\u00e9xico, Guerrero Hidalgo, Jalisco, Nayarit, Nuevo Le\u00f3n, Oaxaca, Quintana Roo, Tamaulipas y Veracruz, en tanto, Sinaloa es la \u00fanica que estar\u00e1 en rojo.<\/p>\n\n\n\n<p>En este nuevo reporte hubo dos estados: Tabasco y Yucat\u00e1n, que mejoraron su condici\u00f3n de riesgo, pasaron de naranja a amarillo, y los que no tuvieron modificaciones fueron Baja California Sur, Tamaulipas y Quintana Roo, que se quedaron en naranja; Campeche, Sonora y Chihuahua, en amarillo, y Aguascalientes, Coahuila y Chiapas, en verde.<\/p>\n","protected":false},"excerpt":{"rendered":"<p>M\u00e9xico acumul\u00f3, al corte de est\u00e9 domingo 25 de julio, 238 mil 424 muertes por Covid-19, es decir, 108 decesos m\u00e1s en las \u00faltimas 24 horas, inform\u00f3 la Secretar\u00eda de Salud Federal. Asimismo, la dependencia inform\u00f3 que el pa\u00eds acumul\u00f3 dos millones 748 mil 518 casos de coronavirus, lo que representa un aumento de seis [&hellip;]<\/p>\n","protected":false},"author":39,"featured_media":0,"comment_status":"open","ping_status":"open","sticky":true,"template":"","format":"video","meta":{"tdm_status":"","tdm_grid_status":"","footnotes":""},"categories":[37],"tags":[],"class_list":{"0":"post-8233","1":"post","2":"type-post","3":"status-publish","4":"format-video","6":"category-nota-principal","7":"post_format-post-format-video"},"yoast_head":"<!-- This site is optimized with the Yoast SEO plugin v27.5 - https:\/\/yoast.com\/product\/yoast-seo-wordpress\/ -->\n<title>M\u00e9xico suma otros 6 mil 535 contagios de Covid-19 en 24 horas; hay 108 muertes m\u00e1s - Fuentes Fidedignas<\/title>\n<meta name=\"robots\" content=\"index, follow, max-snippet:-1, max-image-preview:large, max-video-preview:-1\" \/>\n<link rel=\"canonical\" href=\"https:\/\/fuentesfidedignas.com.mx\/index.php\/2021\/07\/25\/mexico-suma-otros-6-mil-535-contagios-de-covid-19-en-24-horas-hay-108-muertes-mas\/\" \/>\n<meta property=\"og:locale\" content=\"es_MX\" \/>\n<meta property=\"og:type\" content=\"article\" \/>\n<meta property=\"og:title\" content=\"M\u00e9xico suma otros 6 mil 535 contagios de Covid-19 en 24 horas; hay 108 muertes m\u00e1s - Fuentes Fidedignas\" \/>\n<meta property=\"og:description\" content=\"M\u00e9xico acumul\u00f3, al corte de est\u00e9 domingo 25 de julio, 238 mil 424 muertes por Covid-19, es decir, 108 decesos m\u00e1s en las \u00faltimas 24 horas, inform\u00f3 la Secretar\u00eda de Salud Federal. Asimismo, la dependencia inform\u00f3 que el pa\u00eds acumul\u00f3 dos millones 748 mil 518 casos de coronavirus, lo que representa un aumento de seis [&hellip;]\" \/>\n<meta property=\"og:url\" content=\"https:\/\/fuentesfidedignas.com.mx\/index.php\/2021\/07\/25\/mexico-suma-otros-6-mil-535-contagios-de-covid-19-en-24-horas-hay-108-muertes-mas\/\" \/>\n<meta property=\"og:site_name\" content=\"Fuentes Fidedignas\" \/>\n<meta property=\"article:publisher\" content=\"https:\/\/www.facebook.com\/Fuentes-Fidedignas-368234489921644\" \/>\n<meta property=\"article:published_time\" content=\"2021-07-26T02:41:59+00:00\" \/>\n<meta property=\"article:modified_time\" content=\"2021-07-26T02:42:01+00:00\" \/>\n<meta property=\"og:image\" content=\"https:\/\/fuentesfidedignas.com.mx\/wp-content\/uploads\/2021\/07\/covid-mexico.jpeg\" \/>\n\t<meta property=\"og:image:width\" content=\"720\" \/>\n\t<meta property=\"og:image:height\" content=\"405\" \/>\n\t<meta property=\"og:image:type\" content=\"image\/jpeg\" \/>\n<meta name=\"author\" content=\"El Universal\" \/>\n<meta name=\"twitter:card\" content=\"summary_large_image\" \/>\n<meta name=\"twitter:creator\" content=\"@fidedignas\" \/>\n<meta name=\"twitter:site\" content=\"@fidedignas\" \/>\n<meta name=\"twitter:label1\" content=\"Escrito por\" \/>\n\t<meta name=\"twitter:data1\" content=\"El Universal\" \/>\n\t<meta name=\"twitter:label2\" content=\"Tiempo de lectura\" \/>\n\t<meta name=\"twitter:data2\" content=\"3 minutos\" \/>\n<script type=\"application\/ld+json\" class=\"yoast-schema-graph\">{\"@context\":\"https:\\\/\\\/schema.org\",\"@graph\":[{\"@type\":\"Article\",\"@id\":\"https:\\\/\\\/fuentesfidedignas.com.mx\\\/index.php\\\/2021\\\/07\\\/25\\\/mexico-suma-otros-6-mil-535-contagios-de-covid-19-en-24-horas-hay-108-muertes-mas\\\/#article\",\"isPartOf\":{\"@id\":\"https:\\\/\\\/fuentesfidedignas.com.mx\\\/index.php\\\/2021\\\/07\\\/25\\\/mexico-suma-otros-6-mil-535-contagios-de-covid-19-en-24-horas-hay-108-muertes-mas\\\/\"},\"author\":{\"name\":\"El Universal\",\"@id\":\"https:\\\/\\\/fuentesfidedignas.com.mx\\\/#\\\/schema\\\/person\\\/fee3882e65fd0510d292c43a346d35d7\"},\"headline\":\"M\u00e9xico suma otros 6 mil 535 contagios de Covid-19 en 24 horas; hay 108 muertes m\u00e1s\",\"datePublished\":\"2021-07-26T02:41:59+00:00\",\"dateModified\":\"2021-07-26T02:42:01+00:00\",\"mainEntityOfPage\":{\"@id\":\"https:\\\/\\\/fuentesfidedignas.com.mx\\\/index.php\\\/2021\\\/07\\\/25\\\/mexico-suma-otros-6-mil-535-contagios-de-covid-19-en-24-horas-hay-108-muertes-mas\\\/\"},\"wordCount\":592,\"commentCount\":0,\"publisher\":{\"@id\":\"https:\\\/\\\/fuentesfidedignas.com.mx\\\/#organization\"},\"articleSection\":[\"NOTA PRINCIPAL\"],\"inLanguage\":\"es\",\"potentialAction\":[{\"@type\":\"CommentAction\",\"name\":\"Comment\",\"target\":[\"https:\\\/\\\/fuentesfidedignas.com.mx\\\/index.php\\\/2021\\\/07\\\/25\\\/mexico-suma-otros-6-mil-535-contagios-de-covid-19-en-24-horas-hay-108-muertes-mas\\\/#respond\"]}]},{\"@type\":\"WebPage\",\"@id\":\"https:\\\/\\\/fuentesfidedignas.com.mx\\\/index.php\\\/2021\\\/07\\\/25\\\/mexico-suma-otros-6-mil-535-contagios-de-covid-19-en-24-horas-hay-108-muertes-mas\\\/\",\"url\":\"https:\\\/\\\/fuentesfidedignas.com.mx\\\/index.php\\\/2021\\\/07\\\/25\\\/mexico-suma-otros-6-mil-535-contagios-de-covid-19-en-24-horas-hay-108-muertes-mas\\\/\",\"name\":\"M\u00e9xico suma otros 6 mil 535 contagios de Covid-19 en 24 horas; hay 108 muertes m\u00e1s - Fuentes Fidedignas\",\"isPartOf\":{\"@id\":\"https:\\\/\\\/fuentesfidedignas.com.mx\\\/#website\"},\"datePublished\":\"2021-07-26T02:41:59+00:00\",\"dateModified\":\"2021-07-26T02:42:01+00:00\",\"breadcrumb\":{\"@id\":\"https:\\\/\\\/fuentesfidedignas.com.mx\\\/index.php\\\/2021\\\/07\\\/25\\\/mexico-suma-otros-6-mil-535-contagios-de-covid-19-en-24-horas-hay-108-muertes-mas\\\/#breadcrumb\"},\"inLanguage\":\"es\",\"potentialAction\":[{\"@type\":\"ReadAction\",\"target\":[\"https:\\\/\\\/fuentesfidedignas.com.mx\\\/index.php\\\/2021\\\/07\\\/25\\\/mexico-suma-otros-6-mil-535-contagios-de-covid-19-en-24-horas-hay-108-muertes-mas\\\/\"]}]},{\"@type\":\"BreadcrumbList\",\"@id\":\"https:\\\/\\\/fuentesfidedignas.com.mx\\\/index.php\\\/2021\\\/07\\\/25\\\/mexico-suma-otros-6-mil-535-contagios-de-covid-19-en-24-horas-hay-108-muertes-mas\\\/#breadcrumb\",\"itemListElement\":[{\"@type\":\"ListItem\",\"position\":1,\"name\":\"Inicio\",\"item\":\"https:\\\/\\\/fuentesfidedignas.com.mx\\\/\"},{\"@type\":\"ListItem\",\"position\":2,\"name\":\"M\u00e9xico suma otros 6 mil 535 contagios de Covid-19 en 24 horas; hay 108 muertes m\u00e1s\"}]},{\"@type\":\"WebSite\",\"@id\":\"https:\\\/\\\/fuentesfidedignas.com.mx\\\/#website\",\"url\":\"https:\\\/\\\/fuentesfidedignas.com.mx\\\/\",\"name\":\"Fuentes Fidedignas\",\"description\":\"Otro sitio realizado con WordPress\",\"publisher\":{\"@id\":\"https:\\\/\\\/fuentesfidedignas.com.mx\\\/#organization\"},\"potentialAction\":[{\"@type\":\"SearchAction\",\"target\":{\"@type\":\"EntryPoint\",\"urlTemplate\":\"https:\\\/\\\/fuentesfidedignas.com.mx\\\/?s={search_term_string}\"},\"query-input\":{\"@type\":\"PropertyValueSpecification\",\"valueRequired\":true,\"valueName\":\"search_term_string\"}}],\"inLanguage\":\"es\"},{\"@type\":\"Organization\",\"@id\":\"https:\\\/\\\/fuentesfidedignas.com.mx\\\/#organization\",\"name\":\"Fuentes Fidedignas\",\"url\":\"https:\\\/\\\/fuentesfidedignas.com.mx\\\/\",\"logo\":{\"@type\":\"ImageObject\",\"inLanguage\":\"es\",\"@id\":\"https:\\\/\\\/fuentesfidedignas.com.mx\\\/#\\\/schema\\\/logo\\\/image\\\/\",\"url\":\"https:\\\/\\\/fuentesfidedignas.com.mx\\\/wp-content\\\/uploads\\\/2021\\\/04\\\/logo-retina.png\",\"contentUrl\":\"https:\\\/\\\/fuentesfidedignas.com.mx\\\/wp-content\\\/uploads\\\/2021\\\/04\\\/logo-retina.png\",\"width\":280,\"height\":51,\"caption\":\"Fuentes Fidedignas\"},\"image\":{\"@id\":\"https:\\\/\\\/fuentesfidedignas.com.mx\\\/#\\\/schema\\\/logo\\\/image\\\/\"},\"sameAs\":[\"https:\\\/\\\/www.facebook.com\\\/Fuentes-Fidedignas-368234489921644\",\"https:\\\/\\\/x.com\\\/fidedignas\"]},{\"@type\":\"Person\",\"@id\":\"https:\\\/\\\/fuentesfidedignas.com.mx\\\/#\\\/schema\\\/person\\\/fee3882e65fd0510d292c43a346d35d7\",\"name\":\"El Universal\",\"image\":{\"@type\":\"ImageObject\",\"inLanguage\":\"es\",\"@id\":\"https:\\\/\\\/secure.gravatar.com\\\/avatar\\\/1ebc94d82b6c3c081781f73e5b76a0d0c1ac7bf8e57426f18802246eeaa2747c?s=96&d=mm&r=g\",\"url\":\"https:\\\/\\\/secure.gravatar.com\\\/avatar\\\/1ebc94d82b6c3c081781f73e5b76a0d0c1ac7bf8e57426f18802246eeaa2747c?s=96&d=mm&r=g\",\"contentUrl\":\"https:\\\/\\\/secure.gravatar.com\\\/avatar\\\/1ebc94d82b6c3c081781f73e5b76a0d0c1ac7bf8e57426f18802246eeaa2747c?s=96&d=mm&r=g\",\"caption\":\"El Universal\"},\"url\":\"https:\\\/\\\/fuentesfidedignas.com.mx\\\/index.php\\\/author\\\/el-universal\\\/\"}]}<\/script>\n<!-- \/ Yoast SEO plugin. -->","yoast_head_json":{"title":"M\u00e9xico suma otros 6 mil 535 contagios de Covid-19 en 24 horas; hay 108 muertes m\u00e1s - Fuentes Fidedignas","robots":{"index":"index","follow":"follow","max-snippet":"max-snippet:-1","max-image-preview":"max-image-preview:large","max-video-preview":"max-video-preview:-1"},"canonical":"https:\/\/fuentesfidedignas.com.mx\/index.php\/2021\/07\/25\/mexico-suma-otros-6-mil-535-contagios-de-covid-19-en-24-horas-hay-108-muertes-mas\/","og_locale":"es_MX","og_type":"article","og_title":"M\u00e9xico suma otros 6 mil 535 contagios de Covid-19 en 24 horas; hay 108 muertes m\u00e1s - Fuentes Fidedignas","og_description":"M\u00e9xico acumul\u00f3, al corte de est\u00e9 domingo 25 de julio, 238 mil 424 muertes por Covid-19, es decir, 108 decesos m\u00e1s en las \u00faltimas 24 horas, inform\u00f3 la Secretar\u00eda de Salud Federal. Asimismo, la dependencia inform\u00f3 que el pa\u00eds acumul\u00f3 dos millones 748 mil 518 casos de coronavirus, lo que representa un aumento de seis [&hellip;]","og_url":"https:\/\/fuentesfidedignas.com.mx\/index.php\/2021\/07\/25\/mexico-suma-otros-6-mil-535-contagios-de-covid-19-en-24-horas-hay-108-muertes-mas\/","og_site_name":"Fuentes Fidedignas","article_publisher":"https:\/\/www.facebook.com\/Fuentes-Fidedignas-368234489921644","article_published_time":"2021-07-26T02:41:59+00:00","article_modified_time":"2021-07-26T02:42:01+00:00","og_image":[{"width":720,"height":405,"url":"https:\/\/fuentesfidedignas.com.mx\/wp-content\/uploads\/2021\/07\/covid-mexico.jpeg","type":"image\/jpeg"}],"author":"El Universal","twitter_card":"summary_large_image","twitter_creator":"@fidedignas","twitter_site":"@fidedignas","twitter_misc":{"Escrito por":"El Universal","Tiempo de lectura":"3 minutos"},"schema":{"@context":"https:\/\/schema.org","@graph":[{"@type":"Article","@id":"https:\/\/fuentesfidedignas.com.mx\/index.php\/2021\/07\/25\/mexico-suma-otros-6-mil-535-contagios-de-covid-19-en-24-horas-hay-108-muertes-mas\/#article","isPartOf":{"@id":"https:\/\/fuentesfidedignas.com.mx\/index.php\/2021\/07\/25\/mexico-suma-otros-6-mil-535-contagios-de-covid-19-en-24-horas-hay-108-muertes-mas\/"},"author":{"name":"El Universal","@id":"https:\/\/fuentesfidedignas.com.mx\/#\/schema\/person\/fee3882e65fd0510d292c43a346d35d7"},"headline":"M\u00e9xico suma otros 6 mil 535 contagios de Covid-19 en 24 horas; hay 108 muertes m\u00e1s","datePublished":"2021-07-26T02:41:59+00:00","dateModified":"2021-07-26T02:42:01+00:00","mainEntityOfPage":{"@id":"https:\/\/fuentesfidedignas.com.mx\/index.php\/2021\/07\/25\/mexico-suma-otros-6-mil-535-contagios-de-covid-19-en-24-horas-hay-108-muertes-mas\/"},"wordCount":592,"commentCount":0,"publisher":{"@id":"https:\/\/fuentesfidedignas.com.mx\/#organization"},"articleSection":["NOTA PRINCIPAL"],"inLanguage":"es","potentialAction":[{"@type":"CommentAction","name":"Comment","target":["https:\/\/fuentesfidedignas.com.mx\/index.php\/2021\/07\/25\/mexico-suma-otros-6-mil-535-contagios-de-covid-19-en-24-horas-hay-108-muertes-mas\/#respond"]}]},{"@type":"WebPage","@id":"https:\/\/fuentesfidedignas.com.mx\/index.php\/2021\/07\/25\/mexico-suma-otros-6-mil-535-contagios-de-covid-19-en-24-horas-hay-108-muertes-mas\/","url":"https:\/\/fuentesfidedignas.com.mx\/index.php\/2021\/07\/25\/mexico-suma-otros-6-mil-535-contagios-de-covid-19-en-24-horas-hay-108-muertes-mas\/","name":"M\u00e9xico suma otros 6 mil 535 contagios de Covid-19 en 24 horas; hay 108 muertes m\u00e1s - Fuentes Fidedignas","isPartOf":{"@id":"https:\/\/fuentesfidedignas.com.mx\/#website"},"datePublished":"2021-07-26T02:41:59+00:00","dateModified":"2021-07-26T02:42:01+00:00","breadcrumb":{"@id":"https:\/\/fuentesfidedignas.com.mx\/index.php\/2021\/07\/25\/mexico-suma-otros-6-mil-535-contagios-de-covid-19-en-24-horas-hay-108-muertes-mas\/#breadcrumb"},"inLanguage":"es","potentialAction":[{"@type":"ReadAction","target":["https:\/\/fuentesfidedignas.com.mx\/index.php\/2021\/07\/25\/mexico-suma-otros-6-mil-535-contagios-de-covid-19-en-24-horas-hay-108-muertes-mas\/"]}]},{"@type":"BreadcrumbList","@id":"https:\/\/fuentesfidedignas.com.mx\/index.php\/2021\/07\/25\/mexico-suma-otros-6-mil-535-contagios-de-covid-19-en-24-horas-hay-108-muertes-mas\/#breadcrumb","itemListElement":[{"@type":"ListItem","position":1,"name":"Inicio","item":"https:\/\/fuentesfidedignas.com.mx\/"},{"@type":"ListItem","position":2,"name":"M\u00e9xico suma otros 6 mil 535 contagios de Covid-19 en 24 horas; hay 108 muertes m\u00e1s"}]},{"@type":"WebSite","@id":"https:\/\/fuentesfidedignas.com.mx\/#website","url":"https:\/\/fuentesfidedignas.com.mx\/","name":"Fuentes Fidedignas","description":"Otro sitio realizado con WordPress","publisher":{"@id":"https:\/\/fuentesfidedignas.com.mx\/#organization"},"potentialAction":[{"@type":"SearchAction","target":{"@type":"EntryPoint","urlTemplate":"https:\/\/fuentesfidedignas.com.mx\/?s={search_term_string}"},"query-input":{"@type":"PropertyValueSpecification","valueRequired":true,"valueName":"search_term_string"}}],"inLanguage":"es"},{"@type":"Organization","@id":"https:\/\/fuentesfidedignas.com.mx\/#organization","name":"Fuentes Fidedignas","url":"https:\/\/fuentesfidedignas.com.mx\/","logo":{"@type":"ImageObject","inLanguage":"es","@id":"https:\/\/fuentesfidedignas.com.mx\/#\/schema\/logo\/image\/","url":"https:\/\/fuentesfidedignas.com.mx\/wp-content\/uploads\/2021\/04\/logo-retina.png","contentUrl":"https:\/\/fuentesfidedignas.com.mx\/wp-content\/uploads\/2021\/04\/logo-retina.png","width":280,"height":51,"caption":"Fuentes Fidedignas"},"image":{"@id":"https:\/\/fuentesfidedignas.com.mx\/#\/schema\/logo\/image\/"},"sameAs":["https:\/\/www.facebook.com\/Fuentes-Fidedignas-368234489921644","https:\/\/x.com\/fidedignas"]},{"@type":"Person","@id":"https:\/\/fuentesfidedignas.com.mx\/#\/schema\/person\/fee3882e65fd0510d292c43a346d35d7","name":"El Universal","image":{"@type":"ImageObject","inLanguage":"es","@id":"https:\/\/secure.gravatar.com\/avatar\/1ebc94d82b6c3c081781f73e5b76a0d0c1ac7bf8e57426f18802246eeaa2747c?s=96&d=mm&r=g","url":"https:\/\/secure.gravatar.com\/avatar\/1ebc94d82b6c3c081781f73e5b76a0d0c1ac7bf8e57426f18802246eeaa2747c?s=96&d=mm&r=g","contentUrl":"https:\/\/secure.gravatar.com\/avatar\/1ebc94d82b6c3c081781f73e5b76a0d0c1ac7bf8e57426f18802246eeaa2747c?s=96&d=mm&r=g","caption":"El Universal"},"url":"https:\/\/fuentesfidedignas.com.mx\/index.php\/author\/el-universal\/"}]}},"_links":{"self":[{"href":"https:\/\/fuentesfidedignas.com.mx\/index.php\/wp-json\/wp\/v2\/posts\/8233","targetHints":{"allow":["GET"]}}],"collection":[{"href":"https:\/\/fuentesfidedignas.com.mx\/index.php\/wp-json\/wp\/v2\/posts"}],"about":[{"href":"https:\/\/fuentesfidedignas.com.mx\/index.php\/wp-json\/wp\/v2\/types\/post"}],"author":[{"embeddable":true,"href":"https:\/\/fuentesfidedignas.com.mx\/index.php\/wp-json\/wp\/v2\/users\/39"}],"replies":[{"embeddable":true,"href":"https:\/\/fuentesfidedignas.com.mx\/index.php\/wp-json\/wp\/v2\/comments?post=8233"}],"version-history":[{"count":1,"href":"https:\/\/fuentesfidedignas.com.mx\/index.php\/wp-json\/wp\/v2\/posts\/8233\/revisions"}],"predecessor-version":[{"id":8235,"href":"https:\/\/fuentesfidedignas.com.mx\/index.php\/wp-json\/wp\/v2\/posts\/8233\/revisions\/8235"}],"wp:attachment":[{"href":"https:\/\/fuentesfidedignas.com.mx\/index.php\/wp-json\/wp\/v2\/media?parent=8233"}],"wp:term":[{"taxonomy":"category","embeddable":true,"href":"https:\/\/fuentesfidedignas.com.mx\/index.php\/wp-json\/wp\/v2\/categories?post=8233"},{"taxonomy":"post_tag","embeddable":true,"href":"https:\/\/fuentesfidedignas.com.mx\/index.php\/wp-json\/wp\/v2\/tags?post=8233"}],"curies":[{"name":"wp","href":"https:\/\/api.w.org\/{rel}","templated":true}]}}