{"id":8222,"date":"2021-07-25T08:01:29","date_gmt":"2021-07-25T15:01:29","guid":{"rendered":"https:\/\/fuentesfidedignas.com.mx\/?p=8222"},"modified":"2021-07-25T08:01:31","modified_gmt":"2021-07-25T15:01:31","slug":"alexa-moreno-clasifica-a-la-final-de-salto-de-caballo-en-tokio-2020","status":"publish","type":"post","link":"https:\/\/fuentesfidedignas.com.mx\/index.php\/2021\/07\/25\/alexa-moreno-clasifica-a-la-final-de-salto-de-caballo-en-tokio-2020\/","title":{"rendered":"Alexa Moreno clasifica a la final de salto de caballo en Tokio 2020"},"content":{"rendered":"\n<p><strong><em>La gimnasta de 26 a\u00f1os ser\u00e1 la segunda mujer mexicana en competir en una final ol\u00edmpica de dicha prueba<br><\/em><\/strong><br>Jap\u00f3n. Alexa Moreno, la gimnasta mexicana de 26 a\u00f1os pas\u00f3 a la final de salto de caballo tras lograr una puntuaci\u00f3n de 14.633 en el clasificatorio individual, en la subdivisi\u00f3n 5 de la Gimnasia Art\u00edstica femenil.<\/p>\n\n\n\n<p>Con el s\u00e9ptimo lugar en su debut, la mexicana clasific\u00f3 para la final con lo que buscar\u00e1 un lugar en el podio y ser la segunda mexicana en avanzar hacia una final en esta categor\u00eda.<\/p>\n\n\n\n<p>El primer salto de Alexa fue hecho con gran determinaci\u00f3n, con una buena salida lo que hizo que los jueces le dieran una calificaci\u00f3n de 14.833, aunque para el segundo salto, la salida no fue la mejor y obtuvo 14.433 puntos.<\/p>\n\n\n\n<figure class=\"wp-block-image size-full\"><img decoding=\"async\" width=\"768\" height=\"512\" src=\"https:\/\/fuentesfidedignas.com.mx\/wp-content\/uploads\/2021\/07\/X4L5OLT5IYAOF25DTWRWSITB4M.jpg\" alt=\"\" class=\"wp-image-8224\" srcset=\"https:\/\/fuentesfidedignas.com.mx\/wp-content\/uploads\/2021\/07\/X4L5OLT5IYAOF25DTWRWSITB4M.jpg 768w, https:\/\/fuentesfidedignas.com.mx\/wp-content\/uploads\/2021\/07\/X4L5OLT5IYAOF25DTWRWSITB4M-300x200.jpg 300w\" sizes=\"(max-width: 768px) 100vw, 768px\" \/><\/figure>\n\n\n\n<p>Ser\u00e1 el pr\u00f3ximo 1 de agosto cuando la mexicana salga a disputar las medallas en salto de caballo, en donde tambi\u00e9n estar\u00e1 la estadounidense, Simone Biles.<\/p>\n\n\n\n<p>Moreno, logr\u00f3 superar lo hecho eN R\u00edo de Janeiro 2016, pues su mejor resultado fue en el sitio 12 en este tipo de salto.<\/p>\n\n\n\n<p>La mexicana tendr\u00e1 que conservarse entre las nueve primeras para pasar a la final de salto, ya que en el All Around no logr\u00f3 clasificar.<\/p>\n\n\n\n<p><strong>\u00bfQu\u00e9 es All Around?<\/strong><\/p>\n\n\n\n<p>All Around o Final General Individual es la categor\u00eda en la cual participan los atletas que superan clasificatorias y se desempe\u00f1an en todos los aparatos de esta disciplina.<\/p>\n\n\n\n<p>En la categor\u00eda masculina compiten en seis pruebas: Suelo, caballo con arcos, anillas, salto de potro, barras paralelas y barra fija.<\/p>\n\n\n\n<p>En tanto en la categor\u00eda femenina, son cuatro medallas en las disciplinas de salto de caballo, barras asim\u00e9tricas, barra de equilibrio y suelo.<\/p>\n\n\n\n<p>En ambas categor\u00edas se compite por t\u00edtulos individuales y por selecciones.<\/p>\n\n\n\n<p>La nota final de cada participante se obtiene al sumar la puntuaci\u00f3n que consigui\u00f3 en cada aparato y en las finales individuales por aparatos, se define al mejor gimnasta en cada uno, adem\u00e1s de que en esta competencia, se obtiene al campe\u00f3n general del evento.<\/p>\n\n\n\n<p>La gimnasia r\u00edtmica es calificada por un grupo de jueces, los cuales, eval\u00faan las rutinas presentadas por las gimnastas y otorgan su calificaci\u00f3n de acuerdo con elementos como la destreza, elegancia y armon\u00eda del atleta.<\/p>\n\n\n\n<p><strong>Daniel Corral se despide de la gimnasia art\u00edstica tras alejarse de las medallas<\/strong><\/p>\n\n\n\n<p>El atleta que representaba a M\u00e9xico dentro de la categor\u00eda gimnasia art\u00edstica durante los Juego Ol\u00edmpicos de Tokio 2020, Daniel Corral, envi\u00f3 un c\u00e1lido mensaje al p\u00fablico mexicano, anunciando su despedida de Jap\u00f3n y, posiblemente, del deporte que lo llev\u00f3 al \u00e9xito por a\u00f1os.<\/p>\n\n\n\n<p>Tokyo 2020 Olympics &#8211; Gymnastics &#8211; Artistic &#8211; Men&#8217;s Parallel Bars &#8211; Qualification &#8211; Ariake Gymnastics Centre, Tokyo, Japan &#8211; July 24, 2021. Daniel Corral of Mexico in action on parallel bars. REUTERS\/Lindsey Wasson<br>Tokyo 2020 Olympics &#8211; Gymnastics &#8211; Artistic &#8211; Men&#8217;s Parallel Bars &#8211; Qualification &#8211; Ariake Gymnastics Centre, Tokyo, Japan &#8211; July 24, 2021. Daniel Corral of Mexico in action on parallel bars. REUTERS\/Lindsey Wasson<br>Daniel Corral fue descalificado despu\u00e9s de su participaci\u00f3n en el Centro de Gimnasia de Arikake en donde contendi\u00f3 en las seis pruebas correspondientes a la gimnasia art\u00edstica masculina: suelo, caballo con arcos, anillas, salto de potro, barras paralelas y barra fija.<\/p>\n\n\n\n<p>Lamentablemente, el gimnasta originario de Ensenada no pudo continuar dentro de la clasificaci\u00f3n, ya que a pesar de haber tenido buenas ejecuciones, sus puntajes lo alejaron de convertirse en uno de los 24 atletas en la categor\u00eda individual que competir\u00e1n para obtener la medalla ol\u00edmpica en este deporte.<\/p>\n\n\n\n<figure class=\"wp-block-image size-full\"><img decoding=\"async\" width=\"768\" height=\"1024\" src=\"https:\/\/fuentesfidedignas.com.mx\/wp-content\/uploads\/2021\/07\/Y4POGQB62VBVDKSKY2EHZ3SOKQ.jpeg\" alt=\"\" class=\"wp-image-8223\" srcset=\"https:\/\/fuentesfidedignas.com.mx\/wp-content\/uploads\/2021\/07\/Y4POGQB62VBVDKSKY2EHZ3SOKQ.jpeg 768w, https:\/\/fuentesfidedignas.com.mx\/wp-content\/uploads\/2021\/07\/Y4POGQB62VBVDKSKY2EHZ3SOKQ-225x300.jpeg 225w\" sizes=\"(max-width: 768px) 100vw, 768px\" \/><\/figure>\n\n\n\n<p>Debido a ello, el joven mexicano despu\u00e9s de su debut este 24 de julio en Tokio 2020, tuvo que alejarse de las medallas y lo hizo con el siguiente mensaje que lanz\u00f3 a trav\u00e9s de su cuenta en Twitter:<\/p>\n\n\n\n<p>\u201cEstoy sumamente orgulloso y feliz de haber vivido mis terceros juegos jam\u00e1s imagin\u00e9 que a mis 31 a\u00f1os de edad estar\u00eda haciendo gimnasia, pero hab\u00eda algo dentro de mi que ten\u00eda que sanar y reparar, esa fue la raz\u00f3n principal de emprender nuevamente este viaje despu\u00e9s de estar dos a\u00f1os retirado\u201d.<\/p>\n","protected":false},"excerpt":{"rendered":"<p>La gimnasta de 26 a\u00f1os ser\u00e1 la segunda mujer mexicana en competir en una final ol\u00edmpica de dicha pruebaJap\u00f3n. Alexa Moreno, la gimnasta mexicana de 26 a\u00f1os pas\u00f3 a la final de salto de caballo tras lograr una puntuaci\u00f3n de 14.633 en el clasificatorio individual, en la subdivisi\u00f3n 5 de la Gimnasia Art\u00edstica femenil. Con [&hellip;]<\/p>\n","protected":false},"author":41,"featured_media":8225,"comment_status":"open","ping_status":"open","sticky":false,"template":"","format":"standard","meta":{"tdm_status":"","tdm_grid_status":"","footnotes":""},"categories":[37],"tags":[],"class_list":{"0":"post-8222","1":"post","2":"type-post","3":"status-publish","4":"format-standard","5":"has-post-thumbnail","7":"category-nota-principal"},"yoast_head":"<!-- This site is optimized with the Yoast SEO plugin v27.5 - https:\/\/yoast.com\/product\/yoast-seo-wordpress\/ -->\n<title>Alexa Moreno clasifica a la final de salto de caballo en Tokio 2020 - Fuentes Fidedignas<\/title>\n<meta name=\"robots\" content=\"index, follow, max-snippet:-1, max-image-preview:large, max-video-preview:-1\" \/>\n<link rel=\"canonical\" href=\"https:\/\/fuentesfidedignas.com.mx\/index.php\/2021\/07\/25\/alexa-moreno-clasifica-a-la-final-de-salto-de-caballo-en-tokio-2020\/\" \/>\n<meta property=\"og:locale\" content=\"es_MX\" \/>\n<meta property=\"og:type\" content=\"article\" \/>\n<meta property=\"og:title\" content=\"Alexa Moreno clasifica a la final de salto de caballo en Tokio 2020 - Fuentes Fidedignas\" \/>\n<meta property=\"og:description\" content=\"La gimnasta de 26 a\u00f1os ser\u00e1 la segunda mujer mexicana en competir en una final ol\u00edmpica de dicha pruebaJap\u00f3n. Alexa Moreno, la gimnasta mexicana de 26 a\u00f1os pas\u00f3 a la final de salto de caballo tras lograr una puntuaci\u00f3n de 14.633 en el clasificatorio individual, en la subdivisi\u00f3n 5 de la Gimnasia Art\u00edstica femenil. Con [&hellip;]\" \/>\n<meta property=\"og:url\" content=\"https:\/\/fuentesfidedignas.com.mx\/index.php\/2021\/07\/25\/alexa-moreno-clasifica-a-la-final-de-salto-de-caballo-en-tokio-2020\/\" \/>\n<meta property=\"og:site_name\" content=\"Fuentes Fidedignas\" \/>\n<meta property=\"article:publisher\" content=\"https:\/\/www.facebook.com\/Fuentes-Fidedignas-368234489921644\" \/>\n<meta property=\"article:published_time\" content=\"2021-07-25T15:01:29+00:00\" \/>\n<meta property=\"article:modified_time\" content=\"2021-07-25T15:01:31+00:00\" \/>\n<meta property=\"og:image\" content=\"https:\/\/fuentesfidedignas.com.mx\/wp-content\/uploads\/2021\/07\/7OQJ5OVIIJ4GJXRLE46AYARCE4.jpg\" \/>\n\t<meta property=\"og:image:width\" content=\"768\" \/>\n\t<meta property=\"og:image:height\" content=\"512\" \/>\n\t<meta property=\"og:image:type\" content=\"image\/jpeg\" \/>\n<meta name=\"author\" content=\"Infobae\" \/>\n<meta name=\"twitter:card\" content=\"summary_large_image\" \/>\n<meta name=\"twitter:creator\" content=\"@fidedignas\" \/>\n<meta name=\"twitter:site\" content=\"@fidedignas\" \/>\n<meta name=\"twitter:label1\" content=\"Escrito por\" \/>\n\t<meta name=\"twitter:data1\" content=\"Infobae\" \/>\n\t<meta name=\"twitter:label2\" content=\"Tiempo de lectura\" \/>\n\t<meta name=\"twitter:data2\" content=\"4 minutos\" \/>\n<script type=\"application\/ld+json\" class=\"yoast-schema-graph\">{\"@context\":\"https:\\\/\\\/schema.org\",\"@graph\":[{\"@type\":\"Article\",\"@id\":\"https:\\\/\\\/fuentesfidedignas.com.mx\\\/index.php\\\/2021\\\/07\\\/25\\\/alexa-moreno-clasifica-a-la-final-de-salto-de-caballo-en-tokio-2020\\\/#article\",\"isPartOf\":{\"@id\":\"https:\\\/\\\/fuentesfidedignas.com.mx\\\/index.php\\\/2021\\\/07\\\/25\\\/alexa-moreno-clasifica-a-la-final-de-salto-de-caballo-en-tokio-2020\\\/\"},\"author\":{\"name\":\"Infobae\",\"@id\":\"https:\\\/\\\/fuentesfidedignas.com.mx\\\/#\\\/schema\\\/person\\\/8575896a7c1067d352f6c1cd6582c389\"},\"headline\":\"Alexa Moreno clasifica a la final de salto de caballo en Tokio 2020\",\"datePublished\":\"2021-07-25T15:01:29+00:00\",\"dateModified\":\"2021-07-25T15:01:31+00:00\",\"mainEntityOfPage\":{\"@id\":\"https:\\\/\\\/fuentesfidedignas.com.mx\\\/index.php\\\/2021\\\/07\\\/25\\\/alexa-moreno-clasifica-a-la-final-de-salto-de-caballo-en-tokio-2020\\\/\"},\"wordCount\":725,\"commentCount\":0,\"publisher\":{\"@id\":\"https:\\\/\\\/fuentesfidedignas.com.mx\\\/#organization\"},\"image\":{\"@id\":\"https:\\\/\\\/fuentesfidedignas.com.mx\\\/index.php\\\/2021\\\/07\\\/25\\\/alexa-moreno-clasifica-a-la-final-de-salto-de-caballo-en-tokio-2020\\\/#primaryimage\"},\"thumbnailUrl\":\"https:\\\/\\\/fuentesfidedignas.com.mx\\\/wp-content\\\/uploads\\\/2021\\\/07\\\/7OQJ5OVIIJ4GJXRLE46AYARCE4.jpg\",\"articleSection\":[\"NOTA PRINCIPAL\"],\"inLanguage\":\"es\",\"potentialAction\":[{\"@type\":\"CommentAction\",\"name\":\"Comment\",\"target\":[\"https:\\\/\\\/fuentesfidedignas.com.mx\\\/index.php\\\/2021\\\/07\\\/25\\\/alexa-moreno-clasifica-a-la-final-de-salto-de-caballo-en-tokio-2020\\\/#respond\"]}]},{\"@type\":\"WebPage\",\"@id\":\"https:\\\/\\\/fuentesfidedignas.com.mx\\\/index.php\\\/2021\\\/07\\\/25\\\/alexa-moreno-clasifica-a-la-final-de-salto-de-caballo-en-tokio-2020\\\/\",\"url\":\"https:\\\/\\\/fuentesfidedignas.com.mx\\\/index.php\\\/2021\\\/07\\\/25\\\/alexa-moreno-clasifica-a-la-final-de-salto-de-caballo-en-tokio-2020\\\/\",\"name\":\"Alexa Moreno clasifica a la final de salto de caballo en Tokio 2020 - Fuentes Fidedignas\",\"isPartOf\":{\"@id\":\"https:\\\/\\\/fuentesfidedignas.com.mx\\\/#website\"},\"primaryImageOfPage\":{\"@id\":\"https:\\\/\\\/fuentesfidedignas.com.mx\\\/index.php\\\/2021\\\/07\\\/25\\\/alexa-moreno-clasifica-a-la-final-de-salto-de-caballo-en-tokio-2020\\\/#primaryimage\"},\"image\":{\"@id\":\"https:\\\/\\\/fuentesfidedignas.com.mx\\\/index.php\\\/2021\\\/07\\\/25\\\/alexa-moreno-clasifica-a-la-final-de-salto-de-caballo-en-tokio-2020\\\/#primaryimage\"},\"thumbnailUrl\":\"https:\\\/\\\/fuentesfidedignas.com.mx\\\/wp-content\\\/uploads\\\/2021\\\/07\\\/7OQJ5OVIIJ4GJXRLE46AYARCE4.jpg\",\"datePublished\":\"2021-07-25T15:01:29+00:00\",\"dateModified\":\"2021-07-25T15:01:31+00:00\",\"breadcrumb\":{\"@id\":\"https:\\\/\\\/fuentesfidedignas.com.mx\\\/index.php\\\/2021\\\/07\\\/25\\\/alexa-moreno-clasifica-a-la-final-de-salto-de-caballo-en-tokio-2020\\\/#breadcrumb\"},\"inLanguage\":\"es\",\"potentialAction\":[{\"@type\":\"ReadAction\",\"target\":[\"https:\\\/\\\/fuentesfidedignas.com.mx\\\/index.php\\\/2021\\\/07\\\/25\\\/alexa-moreno-clasifica-a-la-final-de-salto-de-caballo-en-tokio-2020\\\/\"]}]},{\"@type\":\"ImageObject\",\"inLanguage\":\"es\",\"@id\":\"https:\\\/\\\/fuentesfidedignas.com.mx\\\/index.php\\\/2021\\\/07\\\/25\\\/alexa-moreno-clasifica-a-la-final-de-salto-de-caballo-en-tokio-2020\\\/#primaryimage\",\"url\":\"https:\\\/\\\/fuentesfidedignas.com.mx\\\/wp-content\\\/uploads\\\/2021\\\/07\\\/7OQJ5OVIIJ4GJXRLE46AYARCE4.jpg\",\"contentUrl\":\"https:\\\/\\\/fuentesfidedignas.com.mx\\\/wp-content\\\/uploads\\\/2021\\\/07\\\/7OQJ5OVIIJ4GJXRLE46AYARCE4.jpg\",\"width\":768,\"height\":512},{\"@type\":\"BreadcrumbList\",\"@id\":\"https:\\\/\\\/fuentesfidedignas.com.mx\\\/index.php\\\/2021\\\/07\\\/25\\\/alexa-moreno-clasifica-a-la-final-de-salto-de-caballo-en-tokio-2020\\\/#breadcrumb\",\"itemListElement\":[{\"@type\":\"ListItem\",\"position\":1,\"name\":\"Inicio\",\"item\":\"https:\\\/\\\/fuentesfidedignas.com.mx\\\/\"},{\"@type\":\"ListItem\",\"position\":2,\"name\":\"Alexa Moreno clasifica a la final de salto de caballo en Tokio 2020\"}]},{\"@type\":\"WebSite\",\"@id\":\"https:\\\/\\\/fuentesfidedignas.com.mx\\\/#website\",\"url\":\"https:\\\/\\\/fuentesfidedignas.com.mx\\\/\",\"name\":\"Fuentes Fidedignas\",\"description\":\"Otro sitio realizado con WordPress\",\"publisher\":{\"@id\":\"https:\\\/\\\/fuentesfidedignas.com.mx\\\/#organization\"},\"potentialAction\":[{\"@type\":\"SearchAction\",\"target\":{\"@type\":\"EntryPoint\",\"urlTemplate\":\"https:\\\/\\\/fuentesfidedignas.com.mx\\\/?s={search_term_string}\"},\"query-input\":{\"@type\":\"PropertyValueSpecification\",\"valueRequired\":true,\"valueName\":\"search_term_string\"}}],\"inLanguage\":\"es\"},{\"@type\":\"Organization\",\"@id\":\"https:\\\/\\\/fuentesfidedignas.com.mx\\\/#organization\",\"name\":\"Fuentes Fidedignas\",\"url\":\"https:\\\/\\\/fuentesfidedignas.com.mx\\\/\",\"logo\":{\"@type\":\"ImageObject\",\"inLanguage\":\"es\",\"@id\":\"https:\\\/\\\/fuentesfidedignas.com.mx\\\/#\\\/schema\\\/logo\\\/image\\\/\",\"url\":\"https:\\\/\\\/fuentesfidedignas.com.mx\\\/wp-content\\\/uploads\\\/2021\\\/04\\\/logo-retina.png\",\"contentUrl\":\"https:\\\/\\\/fuentesfidedignas.com.mx\\\/wp-content\\\/uploads\\\/2021\\\/04\\\/logo-retina.png\",\"width\":280,\"height\":51,\"caption\":\"Fuentes Fidedignas\"},\"image\":{\"@id\":\"https:\\\/\\\/fuentesfidedignas.com.mx\\\/#\\\/schema\\\/logo\\\/image\\\/\"},\"sameAs\":[\"https:\\\/\\\/www.facebook.com\\\/Fuentes-Fidedignas-368234489921644\",\"https:\\\/\\\/x.com\\\/fidedignas\"]},{\"@type\":\"Person\",\"@id\":\"https:\\\/\\\/fuentesfidedignas.com.mx\\\/#\\\/schema\\\/person\\\/8575896a7c1067d352f6c1cd6582c389\",\"name\":\"Infobae\",\"image\":{\"@type\":\"ImageObject\",\"inLanguage\":\"es\",\"@id\":\"https:\\\/\\\/secure.gravatar.com\\\/avatar\\\/e4ec95706f8d1670343f6526fdcec45474bab17475a851434a64ca12b5acba1c?s=96&d=mm&r=g\",\"url\":\"https:\\\/\\\/secure.gravatar.com\\\/avatar\\\/e4ec95706f8d1670343f6526fdcec45474bab17475a851434a64ca12b5acba1c?s=96&d=mm&r=g\",\"contentUrl\":\"https:\\\/\\\/secure.gravatar.com\\\/avatar\\\/e4ec95706f8d1670343f6526fdcec45474bab17475a851434a64ca12b5acba1c?s=96&d=mm&r=g\",\"caption\":\"Infobae\"},\"url\":\"https:\\\/\\\/fuentesfidedignas.com.mx\\\/index.php\\\/author\\\/infobae\\\/\"}]}<\/script>\n<!-- \/ Yoast SEO plugin. -->","yoast_head_json":{"title":"Alexa Moreno clasifica a la final de salto de caballo en Tokio 2020 - Fuentes Fidedignas","robots":{"index":"index","follow":"follow","max-snippet":"max-snippet:-1","max-image-preview":"max-image-preview:large","max-video-preview":"max-video-preview:-1"},"canonical":"https:\/\/fuentesfidedignas.com.mx\/index.php\/2021\/07\/25\/alexa-moreno-clasifica-a-la-final-de-salto-de-caballo-en-tokio-2020\/","og_locale":"es_MX","og_type":"article","og_title":"Alexa Moreno clasifica a la final de salto de caballo en Tokio 2020 - Fuentes Fidedignas","og_description":"La gimnasta de 26 a\u00f1os ser\u00e1 la segunda mujer mexicana en competir en una final ol\u00edmpica de dicha pruebaJap\u00f3n. Alexa Moreno, la gimnasta mexicana de 26 a\u00f1os pas\u00f3 a la final de salto de caballo tras lograr una puntuaci\u00f3n de 14.633 en el clasificatorio individual, en la subdivisi\u00f3n 5 de la Gimnasia Art\u00edstica femenil. Con [&hellip;]","og_url":"https:\/\/fuentesfidedignas.com.mx\/index.php\/2021\/07\/25\/alexa-moreno-clasifica-a-la-final-de-salto-de-caballo-en-tokio-2020\/","og_site_name":"Fuentes Fidedignas","article_publisher":"https:\/\/www.facebook.com\/Fuentes-Fidedignas-368234489921644","article_published_time":"2021-07-25T15:01:29+00:00","article_modified_time":"2021-07-25T15:01:31+00:00","og_image":[{"width":768,"height":512,"url":"https:\/\/fuentesfidedignas.com.mx\/wp-content\/uploads\/2021\/07\/7OQJ5OVIIJ4GJXRLE46AYARCE4.jpg","type":"image\/jpeg"}],"author":"Infobae","twitter_card":"summary_large_image","twitter_creator":"@fidedignas","twitter_site":"@fidedignas","twitter_misc":{"Escrito por":"Infobae","Tiempo de lectura":"4 minutos"},"schema":{"@context":"https:\/\/schema.org","@graph":[{"@type":"Article","@id":"https:\/\/fuentesfidedignas.com.mx\/index.php\/2021\/07\/25\/alexa-moreno-clasifica-a-la-final-de-salto-de-caballo-en-tokio-2020\/#article","isPartOf":{"@id":"https:\/\/fuentesfidedignas.com.mx\/index.php\/2021\/07\/25\/alexa-moreno-clasifica-a-la-final-de-salto-de-caballo-en-tokio-2020\/"},"author":{"name":"Infobae","@id":"https:\/\/fuentesfidedignas.com.mx\/#\/schema\/person\/8575896a7c1067d352f6c1cd6582c389"},"headline":"Alexa Moreno clasifica a la final de salto de caballo en Tokio 2020","datePublished":"2021-07-25T15:01:29+00:00","dateModified":"2021-07-25T15:01:31+00:00","mainEntityOfPage":{"@id":"https:\/\/fuentesfidedignas.com.mx\/index.php\/2021\/07\/25\/alexa-moreno-clasifica-a-la-final-de-salto-de-caballo-en-tokio-2020\/"},"wordCount":725,"commentCount":0,"publisher":{"@id":"https:\/\/fuentesfidedignas.com.mx\/#organization"},"image":{"@id":"https:\/\/fuentesfidedignas.com.mx\/index.php\/2021\/07\/25\/alexa-moreno-clasifica-a-la-final-de-salto-de-caballo-en-tokio-2020\/#primaryimage"},"thumbnailUrl":"https:\/\/fuentesfidedignas.com.mx\/wp-content\/uploads\/2021\/07\/7OQJ5OVIIJ4GJXRLE46AYARCE4.jpg","articleSection":["NOTA PRINCIPAL"],"inLanguage":"es","potentialAction":[{"@type":"CommentAction","name":"Comment","target":["https:\/\/fuentesfidedignas.com.mx\/index.php\/2021\/07\/25\/alexa-moreno-clasifica-a-la-final-de-salto-de-caballo-en-tokio-2020\/#respond"]}]},{"@type":"WebPage","@id":"https:\/\/fuentesfidedignas.com.mx\/index.php\/2021\/07\/25\/alexa-moreno-clasifica-a-la-final-de-salto-de-caballo-en-tokio-2020\/","url":"https:\/\/fuentesfidedignas.com.mx\/index.php\/2021\/07\/25\/alexa-moreno-clasifica-a-la-final-de-salto-de-caballo-en-tokio-2020\/","name":"Alexa Moreno clasifica a la final de salto de caballo en Tokio 2020 - Fuentes Fidedignas","isPartOf":{"@id":"https:\/\/fuentesfidedignas.com.mx\/#website"},"primaryImageOfPage":{"@id":"https:\/\/fuentesfidedignas.com.mx\/index.php\/2021\/07\/25\/alexa-moreno-clasifica-a-la-final-de-salto-de-caballo-en-tokio-2020\/#primaryimage"},"image":{"@id":"https:\/\/fuentesfidedignas.com.mx\/index.php\/2021\/07\/25\/alexa-moreno-clasifica-a-la-final-de-salto-de-caballo-en-tokio-2020\/#primaryimage"},"thumbnailUrl":"https:\/\/fuentesfidedignas.com.mx\/wp-content\/uploads\/2021\/07\/7OQJ5OVIIJ4GJXRLE46AYARCE4.jpg","datePublished":"2021-07-25T15:01:29+00:00","dateModified":"2021-07-25T15:01:31+00:00","breadcrumb":{"@id":"https:\/\/fuentesfidedignas.com.mx\/index.php\/2021\/07\/25\/alexa-moreno-clasifica-a-la-final-de-salto-de-caballo-en-tokio-2020\/#breadcrumb"},"inLanguage":"es","potentialAction":[{"@type":"ReadAction","target":["https:\/\/fuentesfidedignas.com.mx\/index.php\/2021\/07\/25\/alexa-moreno-clasifica-a-la-final-de-salto-de-caballo-en-tokio-2020\/"]}]},{"@type":"ImageObject","inLanguage":"es","@id":"https:\/\/fuentesfidedignas.com.mx\/index.php\/2021\/07\/25\/alexa-moreno-clasifica-a-la-final-de-salto-de-caballo-en-tokio-2020\/#primaryimage","url":"https:\/\/fuentesfidedignas.com.mx\/wp-content\/uploads\/2021\/07\/7OQJ5OVIIJ4GJXRLE46AYARCE4.jpg","contentUrl":"https:\/\/fuentesfidedignas.com.mx\/wp-content\/uploads\/2021\/07\/7OQJ5OVIIJ4GJXRLE46AYARCE4.jpg","width":768,"height":512},{"@type":"BreadcrumbList","@id":"https:\/\/fuentesfidedignas.com.mx\/index.php\/2021\/07\/25\/alexa-moreno-clasifica-a-la-final-de-salto-de-caballo-en-tokio-2020\/#breadcrumb","itemListElement":[{"@type":"ListItem","position":1,"name":"Inicio","item":"https:\/\/fuentesfidedignas.com.mx\/"},{"@type":"ListItem","position":2,"name":"Alexa Moreno clasifica a la final de salto de caballo en Tokio 2020"}]},{"@type":"WebSite","@id":"https:\/\/fuentesfidedignas.com.mx\/#website","url":"https:\/\/fuentesfidedignas.com.mx\/","name":"Fuentes Fidedignas","description":"Otro sitio realizado con WordPress","publisher":{"@id":"https:\/\/fuentesfidedignas.com.mx\/#organization"},"potentialAction":[{"@type":"SearchAction","target":{"@type":"EntryPoint","urlTemplate":"https:\/\/fuentesfidedignas.com.mx\/?s={search_term_string}"},"query-input":{"@type":"PropertyValueSpecification","valueRequired":true,"valueName":"search_term_string"}}],"inLanguage":"es"},{"@type":"Organization","@id":"https:\/\/fuentesfidedignas.com.mx\/#organization","name":"Fuentes Fidedignas","url":"https:\/\/fuentesfidedignas.com.mx\/","logo":{"@type":"ImageObject","inLanguage":"es","@id":"https:\/\/fuentesfidedignas.com.mx\/#\/schema\/logo\/image\/","url":"https:\/\/fuentesfidedignas.com.mx\/wp-content\/uploads\/2021\/04\/logo-retina.png","contentUrl":"https:\/\/fuentesfidedignas.com.mx\/wp-content\/uploads\/2021\/04\/logo-retina.png","width":280,"height":51,"caption":"Fuentes Fidedignas"},"image":{"@id":"https:\/\/fuentesfidedignas.com.mx\/#\/schema\/logo\/image\/"},"sameAs":["https:\/\/www.facebook.com\/Fuentes-Fidedignas-368234489921644","https:\/\/x.com\/fidedignas"]},{"@type":"Person","@id":"https:\/\/fuentesfidedignas.com.mx\/#\/schema\/person\/8575896a7c1067d352f6c1cd6582c389","name":"Infobae","image":{"@type":"ImageObject","inLanguage":"es","@id":"https:\/\/secure.gravatar.com\/avatar\/e4ec95706f8d1670343f6526fdcec45474bab17475a851434a64ca12b5acba1c?s=96&d=mm&r=g","url":"https:\/\/secure.gravatar.com\/avatar\/e4ec95706f8d1670343f6526fdcec45474bab17475a851434a64ca12b5acba1c?s=96&d=mm&r=g","contentUrl":"https:\/\/secure.gravatar.com\/avatar\/e4ec95706f8d1670343f6526fdcec45474bab17475a851434a64ca12b5acba1c?s=96&d=mm&r=g","caption":"Infobae"},"url":"https:\/\/fuentesfidedignas.com.mx\/index.php\/author\/infobae\/"}]}},"_links":{"self":[{"href":"https:\/\/fuentesfidedignas.com.mx\/index.php\/wp-json\/wp\/v2\/posts\/8222","targetHints":{"allow":["GET"]}}],"collection":[{"href":"https:\/\/fuentesfidedignas.com.mx\/index.php\/wp-json\/wp\/v2\/posts"}],"about":[{"href":"https:\/\/fuentesfidedignas.com.mx\/index.php\/wp-json\/wp\/v2\/types\/post"}],"author":[{"embeddable":true,"href":"https:\/\/fuentesfidedignas.com.mx\/index.php\/wp-json\/wp\/v2\/users\/41"}],"replies":[{"embeddable":true,"href":"https:\/\/fuentesfidedignas.com.mx\/index.php\/wp-json\/wp\/v2\/comments?post=8222"}],"version-history":[{"count":1,"href":"https:\/\/fuentesfidedignas.com.mx\/index.php\/wp-json\/wp\/v2\/posts\/8222\/revisions"}],"predecessor-version":[{"id":8226,"href":"https:\/\/fuentesfidedignas.com.mx\/index.php\/wp-json\/wp\/v2\/posts\/8222\/revisions\/8226"}],"wp:featuredmedia":[{"embeddable":true,"href":"https:\/\/fuentesfidedignas.com.mx\/index.php\/wp-json\/wp\/v2\/media\/8225"}],"wp:attachment":[{"href":"https:\/\/fuentesfidedignas.com.mx\/index.php\/wp-json\/wp\/v2\/media?parent=8222"}],"wp:term":[{"taxonomy":"category","embeddable":true,"href":"https:\/\/fuentesfidedignas.com.mx\/index.php\/wp-json\/wp\/v2\/categories?post=8222"},{"taxonomy":"post_tag","embeddable":true,"href":"https:\/\/fuentesfidedignas.com.mx\/index.php\/wp-json\/wp\/v2\/tags?post=8222"}],"curies":[{"name":"wp","href":"https:\/\/api.w.org\/{rel}","templated":true}]}}