{"id":82204,"date":"2024-05-22T07:25:11","date_gmt":"2024-05-22T14:25:11","guid":{"rendered":"https:\/\/fuentesfidedignas.com.mx\/?p=82204"},"modified":"2024-05-22T07:04:30","modified_gmt":"2024-05-22T14:04:30","slug":"violencia-sigue-en-acapulco-guerrero-se-registran-2-asesinatos-y-un-ataque-a-policias","status":"publish","type":"post","link":"https:\/\/fuentesfidedignas.com.mx\/index.php\/2024\/05\/22\/violencia-sigue-en-acapulco-guerrero-se-registran-2-asesinatos-y-un-ataque-a-policias\/","title":{"rendered":"Violencia sigue en Acapulco, Guerrero; se registran 2 asesinatos y un ataque a polic\u00edas"},"content":{"rendered":"\n<p><strong><em>En la \u00faltima jornada, se registraron dos asesinatos y un ataque a polic\u00edas municipales en el puerto de Acapulco, Guerrero<\/em><\/strong><\/p>\n\n\n\n<p>GUERRERO.- La violencia en el puerto de Acapulco, en Guerrero, no para, al sumar el martes al menos dos asesinatos y un ataque a polic\u00edas municipales.<\/p>\n\n\n\n<p>El primer asesinato se detall\u00f3 aproximadamente a las 17:00 h, cuando ciudadanos alertaron de balazos entre las calles Ciudad P\u00e9rdida y L\u00e1zaro C\u00e1rdenas, ubicadas de la colonia 5 de Mayo.<\/p>\n\n\n\n<p>El cuerpo fue encontrado recostado sobre una pared, atado de manos y pies y con visibles huellas de tortura.<\/p>\n\n\n\n<p>Minutos despu\u00e9s, se report\u00f3 el asesinato de otro sujeto entre las calles Nezahualc\u00f3yotl y Emiliano Zapata, en la colonia Alta Icacos del puerto.<\/p>\n\n\n\n<p>Testigos de los hechos detallaron que el cuerpo qued\u00f3 tendido boca arriba, por lo que fue tapado con una s\u00e1bana blanca.<\/p>\n\n\n\n<p>A las 18:00 h, polic\u00edas municipales fueron agredidos a balazos en la avenida de El Quemado, por la Central de Abasto del puerto.<\/p>\n\n\n\n<p>De acuerdo a informes oficiales, los polic\u00edas se encontraban realizando recorridos en la zona, cuando fueron interceptados por sujetos armados, quienes los atacaron a balazos.<\/p>\n\n\n\n<p>Autoridades informaron que los polic\u00edas repelieron dicha agresi\u00f3n, resultando ilesos. La patrulla present\u00f3 diversos impactos de bala en la carrocer\u00eda del veh\u00edculo, por lo que fue remolcada.<\/p>\n\n\n\n<p>Hasta el momento, ninguna autoridad ha informado de personas detenidas por estos hechos en Acapulco.<\/p>\n\n\n\n<p>Lo anterior ocurre cuando apenas el lunes se registraron al menos 12 muertos, incluyendo tres mujeres, dej\u00f3 una jornada de violencia en Acapulco que incluy\u00f3 una masacre en la que seis cuerpos quedaron tirados en la calle.<\/p>\n\n\n\n<p>Apenas la semana pasada, la Secretar\u00eda de Seguridad y Protecci\u00f3n Ciudadana (SSPC) detall\u00f3 en un informe la semana pasada un repunte del 7.37 por ciento interanual de los homicidios dolosos a nivel nacional en abril hasta los 2 mil 622, con lo que es el mes m\u00e1s letal del a\u00f1o.<\/p>\n","protected":false},"excerpt":{"rendered":"<p>En la \u00faltima jornada, se registraron dos asesinatos y un ataque a polic\u00edas municipales en el puerto de Acapulco, Guerrero GUERRERO.- La violencia en el puerto de Acapulco, en Guerrero, no para, al sumar el martes al menos dos asesinatos y un ataque a polic\u00edas municipales. El primer asesinato se detall\u00f3 aproximadamente a las 17:00 [&hellip;]<\/p>\n","protected":false},"author":47,"featured_media":77325,"comment_status":"open","ping_status":"open","sticky":false,"template":"","format":"standard","meta":{"tdm_status":"","tdm_grid_status":"","footnotes":""},"categories":[39],"tags":[],"class_list":{"0":"post-82204","1":"post","2":"type-post","3":"status-publish","4":"format-standard","5":"has-post-thumbnail","7":"category-noticias-nacionales"},"yoast_head":"<!-- This site is optimized with the Yoast SEO plugin v27.5 - https:\/\/yoast.com\/product\/yoast-seo-wordpress\/ -->\n<title>Violencia sigue en Acapulco, Guerrero; se registran 2 asesinatos y un ataque a polic\u00edas - Fuentes Fidedignas<\/title>\n<meta name=\"robots\" content=\"index, follow, max-snippet:-1, max-image-preview:large, max-video-preview:-1\" \/>\n<link rel=\"canonical\" href=\"https:\/\/fuentesfidedignas.com.mx\/index.php\/2024\/05\/22\/violencia-sigue-en-acapulco-guerrero-se-registran-2-asesinatos-y-un-ataque-a-policias\/\" \/>\n<meta property=\"og:locale\" content=\"es_MX\" \/>\n<meta property=\"og:type\" content=\"article\" \/>\n<meta property=\"og:title\" content=\"Violencia sigue en Acapulco, Guerrero; se registran 2 asesinatos y un ataque a polic\u00edas - Fuentes Fidedignas\" \/>\n<meta property=\"og:description\" content=\"En la \u00faltima jornada, se registraron dos asesinatos y un ataque a polic\u00edas municipales en el puerto de Acapulco, Guerrero GUERRERO.- La violencia en el puerto de Acapulco, en Guerrero, no para, al sumar el martes al menos dos asesinatos y un ataque a polic\u00edas municipales. El primer asesinato se detall\u00f3 aproximadamente a las 17:00 [&hellip;]\" \/>\n<meta property=\"og:url\" content=\"https:\/\/fuentesfidedignas.com.mx\/index.php\/2024\/05\/22\/violencia-sigue-en-acapulco-guerrero-se-registran-2-asesinatos-y-un-ataque-a-policias\/\" \/>\n<meta property=\"og:site_name\" content=\"Fuentes Fidedignas\" \/>\n<meta property=\"article:publisher\" content=\"https:\/\/www.facebook.com\/Fuentes-Fidedignas-368234489921644\" \/>\n<meta property=\"article:published_time\" content=\"2024-05-22T14:25:11+00:00\" \/>\n<meta property=\"og:image\" content=\"https:\/\/fuentesfidedignas.com.mx\/wp-content\/uploads\/2024\/03\/CASQUILLOS_.jpg\" \/>\n\t<meta property=\"og:image:width\" content=\"600\" \/>\n\t<meta property=\"og:image:height\" content=\"341\" \/>\n\t<meta property=\"og:image:type\" content=\"image\/jpeg\" \/>\n<meta name=\"author\" content=\"L\u00f3pez D\u00f3riga\" \/>\n<meta name=\"twitter:card\" content=\"summary_large_image\" \/>\n<meta name=\"twitter:creator\" content=\"@fidedignas\" \/>\n<meta name=\"twitter:site\" content=\"@fidedignas\" \/>\n<meta name=\"twitter:label1\" content=\"Escrito por\" \/>\n\t<meta name=\"twitter:data1\" content=\"L\u00f3pez D\u00f3riga\" \/>\n\t<meta name=\"twitter:label2\" content=\"Tiempo de lectura\" \/>\n\t<meta name=\"twitter:data2\" content=\"2 minutos\" \/>\n<script type=\"application\/ld+json\" class=\"yoast-schema-graph\">{\"@context\":\"https:\\\/\\\/schema.org\",\"@graph\":[{\"@type\":\"Article\",\"@id\":\"https:\\\/\\\/fuentesfidedignas.com.mx\\\/index.php\\\/2024\\\/05\\\/22\\\/violencia-sigue-en-acapulco-guerrero-se-registran-2-asesinatos-y-un-ataque-a-policias\\\/#article\",\"isPartOf\":{\"@id\":\"https:\\\/\\\/fuentesfidedignas.com.mx\\\/index.php\\\/2024\\\/05\\\/22\\\/violencia-sigue-en-acapulco-guerrero-se-registran-2-asesinatos-y-un-ataque-a-policias\\\/\"},\"author\":{\"name\":\"L\u00f3pez D\u00f3riga\",\"@id\":\"https:\\\/\\\/fuentesfidedignas.com.mx\\\/#\\\/schema\\\/person\\\/67d852f0557c8509146a4b9ddebd543a\"},\"headline\":\"Violencia sigue en Acapulco, Guerrero; se registran 2 asesinatos y un ataque a polic\u00edas\",\"datePublished\":\"2024-05-22T14:25:11+00:00\",\"mainEntityOfPage\":{\"@id\":\"https:\\\/\\\/fuentesfidedignas.com.mx\\\/index.php\\\/2024\\\/05\\\/22\\\/violencia-sigue-en-acapulco-guerrero-se-registran-2-asesinatos-y-un-ataque-a-policias\\\/\"},\"wordCount\":342,\"commentCount\":0,\"publisher\":{\"@id\":\"https:\\\/\\\/fuentesfidedignas.com.mx\\\/#organization\"},\"image\":{\"@id\":\"https:\\\/\\\/fuentesfidedignas.com.mx\\\/index.php\\\/2024\\\/05\\\/22\\\/violencia-sigue-en-acapulco-guerrero-se-registran-2-asesinatos-y-un-ataque-a-policias\\\/#primaryimage\"},\"thumbnailUrl\":\"https:\\\/\\\/fuentesfidedignas.com.mx\\\/wp-content\\\/uploads\\\/2024\\\/03\\\/CASQUILLOS_.jpg\",\"articleSection\":[\"NOTICIAS NACIONALES\"],\"inLanguage\":\"es\",\"potentialAction\":[{\"@type\":\"CommentAction\",\"name\":\"Comment\",\"target\":[\"https:\\\/\\\/fuentesfidedignas.com.mx\\\/index.php\\\/2024\\\/05\\\/22\\\/violencia-sigue-en-acapulco-guerrero-se-registran-2-asesinatos-y-un-ataque-a-policias\\\/#respond\"]}]},{\"@type\":\"WebPage\",\"@id\":\"https:\\\/\\\/fuentesfidedignas.com.mx\\\/index.php\\\/2024\\\/05\\\/22\\\/violencia-sigue-en-acapulco-guerrero-se-registran-2-asesinatos-y-un-ataque-a-policias\\\/\",\"url\":\"https:\\\/\\\/fuentesfidedignas.com.mx\\\/index.php\\\/2024\\\/05\\\/22\\\/violencia-sigue-en-acapulco-guerrero-se-registran-2-asesinatos-y-un-ataque-a-policias\\\/\",\"name\":\"Violencia sigue en Acapulco, Guerrero; se registran 2 asesinatos y un ataque a polic\u00edas - Fuentes Fidedignas\",\"isPartOf\":{\"@id\":\"https:\\\/\\\/fuentesfidedignas.com.mx\\\/#website\"},\"primaryImageOfPage\":{\"@id\":\"https:\\\/\\\/fuentesfidedignas.com.mx\\\/index.php\\\/2024\\\/05\\\/22\\\/violencia-sigue-en-acapulco-guerrero-se-registran-2-asesinatos-y-un-ataque-a-policias\\\/#primaryimage\"},\"image\":{\"@id\":\"https:\\\/\\\/fuentesfidedignas.com.mx\\\/index.php\\\/2024\\\/05\\\/22\\\/violencia-sigue-en-acapulco-guerrero-se-registran-2-asesinatos-y-un-ataque-a-policias\\\/#primaryimage\"},\"thumbnailUrl\":\"https:\\\/\\\/fuentesfidedignas.com.mx\\\/wp-content\\\/uploads\\\/2024\\\/03\\\/CASQUILLOS_.jpg\",\"datePublished\":\"2024-05-22T14:25:11+00:00\",\"breadcrumb\":{\"@id\":\"https:\\\/\\\/fuentesfidedignas.com.mx\\\/index.php\\\/2024\\\/05\\\/22\\\/violencia-sigue-en-acapulco-guerrero-se-registran-2-asesinatos-y-un-ataque-a-policias\\\/#breadcrumb\"},\"inLanguage\":\"es\",\"potentialAction\":[{\"@type\":\"ReadAction\",\"target\":[\"https:\\\/\\\/fuentesfidedignas.com.mx\\\/index.php\\\/2024\\\/05\\\/22\\\/violencia-sigue-en-acapulco-guerrero-se-registran-2-asesinatos-y-un-ataque-a-policias\\\/\"]}]},{\"@type\":\"ImageObject\",\"inLanguage\":\"es\",\"@id\":\"https:\\\/\\\/fuentesfidedignas.com.mx\\\/index.php\\\/2024\\\/05\\\/22\\\/violencia-sigue-en-acapulco-guerrero-se-registran-2-asesinatos-y-un-ataque-a-policias\\\/#primaryimage\",\"url\":\"https:\\\/\\\/fuentesfidedignas.com.mx\\\/wp-content\\\/uploads\\\/2024\\\/03\\\/CASQUILLOS_.jpg\",\"contentUrl\":\"https:\\\/\\\/fuentesfidedignas.com.mx\\\/wp-content\\\/uploads\\\/2024\\\/03\\\/CASQUILLOS_.jpg\",\"width\":600,\"height\":341},{\"@type\":\"BreadcrumbList\",\"@id\":\"https:\\\/\\\/fuentesfidedignas.com.mx\\\/index.php\\\/2024\\\/05\\\/22\\\/violencia-sigue-en-acapulco-guerrero-se-registran-2-asesinatos-y-un-ataque-a-policias\\\/#breadcrumb\",\"itemListElement\":[{\"@type\":\"ListItem\",\"position\":1,\"name\":\"Inicio\",\"item\":\"https:\\\/\\\/fuentesfidedignas.com.mx\\\/\"},{\"@type\":\"ListItem\",\"position\":2,\"name\":\"Violencia sigue en Acapulco, Guerrero; se registran 2 asesinatos y un ataque a polic\u00edas\"}]},{\"@type\":\"WebSite\",\"@id\":\"https:\\\/\\\/fuentesfidedignas.com.mx\\\/#website\",\"url\":\"https:\\\/\\\/fuentesfidedignas.com.mx\\\/\",\"name\":\"Fuentes Fidedignas\",\"description\":\"Otro sitio realizado con WordPress\",\"publisher\":{\"@id\":\"https:\\\/\\\/fuentesfidedignas.com.mx\\\/#organization\"},\"potentialAction\":[{\"@type\":\"SearchAction\",\"target\":{\"@type\":\"EntryPoint\",\"urlTemplate\":\"https:\\\/\\\/fuentesfidedignas.com.mx\\\/?s={search_term_string}\"},\"query-input\":{\"@type\":\"PropertyValueSpecification\",\"valueRequired\":true,\"valueName\":\"search_term_string\"}}],\"inLanguage\":\"es\"},{\"@type\":\"Organization\",\"@id\":\"https:\\\/\\\/fuentesfidedignas.com.mx\\\/#organization\",\"name\":\"Fuentes Fidedignas\",\"url\":\"https:\\\/\\\/fuentesfidedignas.com.mx\\\/\",\"logo\":{\"@type\":\"ImageObject\",\"inLanguage\":\"es\",\"@id\":\"https:\\\/\\\/fuentesfidedignas.com.mx\\\/#\\\/schema\\\/logo\\\/image\\\/\",\"url\":\"https:\\\/\\\/fuentesfidedignas.com.mx\\\/wp-content\\\/uploads\\\/2021\\\/04\\\/logo-retina.png\",\"contentUrl\":\"https:\\\/\\\/fuentesfidedignas.com.mx\\\/wp-content\\\/uploads\\\/2021\\\/04\\\/logo-retina.png\",\"width\":280,\"height\":51,\"caption\":\"Fuentes Fidedignas\"},\"image\":{\"@id\":\"https:\\\/\\\/fuentesfidedignas.com.mx\\\/#\\\/schema\\\/logo\\\/image\\\/\"},\"sameAs\":[\"https:\\\/\\\/www.facebook.com\\\/Fuentes-Fidedignas-368234489921644\",\"https:\\\/\\\/x.com\\\/fidedignas\"]},{\"@type\":\"Person\",\"@id\":\"https:\\\/\\\/fuentesfidedignas.com.mx\\\/#\\\/schema\\\/person\\\/67d852f0557c8509146a4b9ddebd543a\",\"name\":\"L\u00f3pez D\u00f3riga\",\"image\":{\"@type\":\"ImageObject\",\"inLanguage\":\"es\",\"@id\":\"https:\\\/\\\/secure.gravatar.com\\\/avatar\\\/e525b06574ca18b33cded59dfe5778d6c823b9513154eff47da551b0551bdd1e?s=96&d=mm&r=g\",\"url\":\"https:\\\/\\\/secure.gravatar.com\\\/avatar\\\/e525b06574ca18b33cded59dfe5778d6c823b9513154eff47da551b0551bdd1e?s=96&d=mm&r=g\",\"contentUrl\":\"https:\\\/\\\/secure.gravatar.com\\\/avatar\\\/e525b06574ca18b33cded59dfe5778d6c823b9513154eff47da551b0551bdd1e?s=96&d=mm&r=g\",\"caption\":\"L\u00f3pez D\u00f3riga\"},\"url\":\"https:\\\/\\\/fuentesfidedignas.com.mx\\\/index.php\\\/author\\\/doriga\\\/\"}]}<\/script>\n<!-- \/ Yoast SEO plugin. -->","yoast_head_json":{"title":"Violencia sigue en Acapulco, Guerrero; se registran 2 asesinatos y un ataque a polic\u00edas - Fuentes Fidedignas","robots":{"index":"index","follow":"follow","max-snippet":"max-snippet:-1","max-image-preview":"max-image-preview:large","max-video-preview":"max-video-preview:-1"},"canonical":"https:\/\/fuentesfidedignas.com.mx\/index.php\/2024\/05\/22\/violencia-sigue-en-acapulco-guerrero-se-registran-2-asesinatos-y-un-ataque-a-policias\/","og_locale":"es_MX","og_type":"article","og_title":"Violencia sigue en Acapulco, Guerrero; se registran 2 asesinatos y un ataque a polic\u00edas - Fuentes Fidedignas","og_description":"En la \u00faltima jornada, se registraron dos asesinatos y un ataque a polic\u00edas municipales en el puerto de Acapulco, Guerrero GUERRERO.- La violencia en el puerto de Acapulco, en Guerrero, no para, al sumar el martes al menos dos asesinatos y un ataque a polic\u00edas municipales. El primer asesinato se detall\u00f3 aproximadamente a las 17:00 [&hellip;]","og_url":"https:\/\/fuentesfidedignas.com.mx\/index.php\/2024\/05\/22\/violencia-sigue-en-acapulco-guerrero-se-registran-2-asesinatos-y-un-ataque-a-policias\/","og_site_name":"Fuentes Fidedignas","article_publisher":"https:\/\/www.facebook.com\/Fuentes-Fidedignas-368234489921644","article_published_time":"2024-05-22T14:25:11+00:00","og_image":[{"width":600,"height":341,"url":"https:\/\/fuentesfidedignas.com.mx\/wp-content\/uploads\/2024\/03\/CASQUILLOS_.jpg","type":"image\/jpeg"}],"author":"L\u00f3pez D\u00f3riga","twitter_card":"summary_large_image","twitter_creator":"@fidedignas","twitter_site":"@fidedignas","twitter_misc":{"Escrito por":"L\u00f3pez D\u00f3riga","Tiempo de lectura":"2 minutos"},"schema":{"@context":"https:\/\/schema.org","@graph":[{"@type":"Article","@id":"https:\/\/fuentesfidedignas.com.mx\/index.php\/2024\/05\/22\/violencia-sigue-en-acapulco-guerrero-se-registran-2-asesinatos-y-un-ataque-a-policias\/#article","isPartOf":{"@id":"https:\/\/fuentesfidedignas.com.mx\/index.php\/2024\/05\/22\/violencia-sigue-en-acapulco-guerrero-se-registran-2-asesinatos-y-un-ataque-a-policias\/"},"author":{"name":"L\u00f3pez D\u00f3riga","@id":"https:\/\/fuentesfidedignas.com.mx\/#\/schema\/person\/67d852f0557c8509146a4b9ddebd543a"},"headline":"Violencia sigue en Acapulco, Guerrero; se registran 2 asesinatos y un ataque a polic\u00edas","datePublished":"2024-05-22T14:25:11+00:00","mainEntityOfPage":{"@id":"https:\/\/fuentesfidedignas.com.mx\/index.php\/2024\/05\/22\/violencia-sigue-en-acapulco-guerrero-se-registran-2-asesinatos-y-un-ataque-a-policias\/"},"wordCount":342,"commentCount":0,"publisher":{"@id":"https:\/\/fuentesfidedignas.com.mx\/#organization"},"image":{"@id":"https:\/\/fuentesfidedignas.com.mx\/index.php\/2024\/05\/22\/violencia-sigue-en-acapulco-guerrero-se-registran-2-asesinatos-y-un-ataque-a-policias\/#primaryimage"},"thumbnailUrl":"https:\/\/fuentesfidedignas.com.mx\/wp-content\/uploads\/2024\/03\/CASQUILLOS_.jpg","articleSection":["NOTICIAS NACIONALES"],"inLanguage":"es","potentialAction":[{"@type":"CommentAction","name":"Comment","target":["https:\/\/fuentesfidedignas.com.mx\/index.php\/2024\/05\/22\/violencia-sigue-en-acapulco-guerrero-se-registran-2-asesinatos-y-un-ataque-a-policias\/#respond"]}]},{"@type":"WebPage","@id":"https:\/\/fuentesfidedignas.com.mx\/index.php\/2024\/05\/22\/violencia-sigue-en-acapulco-guerrero-se-registran-2-asesinatos-y-un-ataque-a-policias\/","url":"https:\/\/fuentesfidedignas.com.mx\/index.php\/2024\/05\/22\/violencia-sigue-en-acapulco-guerrero-se-registran-2-asesinatos-y-un-ataque-a-policias\/","name":"Violencia sigue en Acapulco, Guerrero; se registran 2 asesinatos y un ataque a polic\u00edas - Fuentes Fidedignas","isPartOf":{"@id":"https:\/\/fuentesfidedignas.com.mx\/#website"},"primaryImageOfPage":{"@id":"https:\/\/fuentesfidedignas.com.mx\/index.php\/2024\/05\/22\/violencia-sigue-en-acapulco-guerrero-se-registran-2-asesinatos-y-un-ataque-a-policias\/#primaryimage"},"image":{"@id":"https:\/\/fuentesfidedignas.com.mx\/index.php\/2024\/05\/22\/violencia-sigue-en-acapulco-guerrero-se-registran-2-asesinatos-y-un-ataque-a-policias\/#primaryimage"},"thumbnailUrl":"https:\/\/fuentesfidedignas.com.mx\/wp-content\/uploads\/2024\/03\/CASQUILLOS_.jpg","datePublished":"2024-05-22T14:25:11+00:00","breadcrumb":{"@id":"https:\/\/fuentesfidedignas.com.mx\/index.php\/2024\/05\/22\/violencia-sigue-en-acapulco-guerrero-se-registran-2-asesinatos-y-un-ataque-a-policias\/#breadcrumb"},"inLanguage":"es","potentialAction":[{"@type":"ReadAction","target":["https:\/\/fuentesfidedignas.com.mx\/index.php\/2024\/05\/22\/violencia-sigue-en-acapulco-guerrero-se-registran-2-asesinatos-y-un-ataque-a-policias\/"]}]},{"@type":"ImageObject","inLanguage":"es","@id":"https:\/\/fuentesfidedignas.com.mx\/index.php\/2024\/05\/22\/violencia-sigue-en-acapulco-guerrero-se-registran-2-asesinatos-y-un-ataque-a-policias\/#primaryimage","url":"https:\/\/fuentesfidedignas.com.mx\/wp-content\/uploads\/2024\/03\/CASQUILLOS_.jpg","contentUrl":"https:\/\/fuentesfidedignas.com.mx\/wp-content\/uploads\/2024\/03\/CASQUILLOS_.jpg","width":600,"height":341},{"@type":"BreadcrumbList","@id":"https:\/\/fuentesfidedignas.com.mx\/index.php\/2024\/05\/22\/violencia-sigue-en-acapulco-guerrero-se-registran-2-asesinatos-y-un-ataque-a-policias\/#breadcrumb","itemListElement":[{"@type":"ListItem","position":1,"name":"Inicio","item":"https:\/\/fuentesfidedignas.com.mx\/"},{"@type":"ListItem","position":2,"name":"Violencia sigue en Acapulco, Guerrero; se registran 2 asesinatos y un ataque a polic\u00edas"}]},{"@type":"WebSite","@id":"https:\/\/fuentesfidedignas.com.mx\/#website","url":"https:\/\/fuentesfidedignas.com.mx\/","name":"Fuentes Fidedignas","description":"Otro sitio realizado con WordPress","publisher":{"@id":"https:\/\/fuentesfidedignas.com.mx\/#organization"},"potentialAction":[{"@type":"SearchAction","target":{"@type":"EntryPoint","urlTemplate":"https:\/\/fuentesfidedignas.com.mx\/?s={search_term_string}"},"query-input":{"@type":"PropertyValueSpecification","valueRequired":true,"valueName":"search_term_string"}}],"inLanguage":"es"},{"@type":"Organization","@id":"https:\/\/fuentesfidedignas.com.mx\/#organization","name":"Fuentes Fidedignas","url":"https:\/\/fuentesfidedignas.com.mx\/","logo":{"@type":"ImageObject","inLanguage":"es","@id":"https:\/\/fuentesfidedignas.com.mx\/#\/schema\/logo\/image\/","url":"https:\/\/fuentesfidedignas.com.mx\/wp-content\/uploads\/2021\/04\/logo-retina.png","contentUrl":"https:\/\/fuentesfidedignas.com.mx\/wp-content\/uploads\/2021\/04\/logo-retina.png","width":280,"height":51,"caption":"Fuentes Fidedignas"},"image":{"@id":"https:\/\/fuentesfidedignas.com.mx\/#\/schema\/logo\/image\/"},"sameAs":["https:\/\/www.facebook.com\/Fuentes-Fidedignas-368234489921644","https:\/\/x.com\/fidedignas"]},{"@type":"Person","@id":"https:\/\/fuentesfidedignas.com.mx\/#\/schema\/person\/67d852f0557c8509146a4b9ddebd543a","name":"L\u00f3pez D\u00f3riga","image":{"@type":"ImageObject","inLanguage":"es","@id":"https:\/\/secure.gravatar.com\/avatar\/e525b06574ca18b33cded59dfe5778d6c823b9513154eff47da551b0551bdd1e?s=96&d=mm&r=g","url":"https:\/\/secure.gravatar.com\/avatar\/e525b06574ca18b33cded59dfe5778d6c823b9513154eff47da551b0551bdd1e?s=96&d=mm&r=g","contentUrl":"https:\/\/secure.gravatar.com\/avatar\/e525b06574ca18b33cded59dfe5778d6c823b9513154eff47da551b0551bdd1e?s=96&d=mm&r=g","caption":"L\u00f3pez D\u00f3riga"},"url":"https:\/\/fuentesfidedignas.com.mx\/index.php\/author\/doriga\/"}]}},"_links":{"self":[{"href":"https:\/\/fuentesfidedignas.com.mx\/index.php\/wp-json\/wp\/v2\/posts\/82204","targetHints":{"allow":["GET"]}}],"collection":[{"href":"https:\/\/fuentesfidedignas.com.mx\/index.php\/wp-json\/wp\/v2\/posts"}],"about":[{"href":"https:\/\/fuentesfidedignas.com.mx\/index.php\/wp-json\/wp\/v2\/types\/post"}],"author":[{"embeddable":true,"href":"https:\/\/fuentesfidedignas.com.mx\/index.php\/wp-json\/wp\/v2\/users\/47"}],"replies":[{"embeddable":true,"href":"https:\/\/fuentesfidedignas.com.mx\/index.php\/wp-json\/wp\/v2\/comments?post=82204"}],"version-history":[{"count":1,"href":"https:\/\/fuentesfidedignas.com.mx\/index.php\/wp-json\/wp\/v2\/posts\/82204\/revisions"}],"predecessor-version":[{"id":82205,"href":"https:\/\/fuentesfidedignas.com.mx\/index.php\/wp-json\/wp\/v2\/posts\/82204\/revisions\/82205"}],"wp:featuredmedia":[{"embeddable":true,"href":"https:\/\/fuentesfidedignas.com.mx\/index.php\/wp-json\/wp\/v2\/media\/77325"}],"wp:attachment":[{"href":"https:\/\/fuentesfidedignas.com.mx\/index.php\/wp-json\/wp\/v2\/media?parent=82204"}],"wp:term":[{"taxonomy":"category","embeddable":true,"href":"https:\/\/fuentesfidedignas.com.mx\/index.php\/wp-json\/wp\/v2\/categories?post=82204"},{"taxonomy":"post_tag","embeddable":true,"href":"https:\/\/fuentesfidedignas.com.mx\/index.php\/wp-json\/wp\/v2\/tags?post=82204"}],"curies":[{"name":"wp","href":"https:\/\/api.w.org\/{rel}","templated":true}]}}