{"id":82124,"date":"2024-05-21T07:30:54","date_gmt":"2024-05-21T14:30:54","guid":{"rendered":"https:\/\/fuentesfidedignas.com.mx\/?p=82124"},"modified":"2024-05-21T07:33:37","modified_gmt":"2024-05-21T14:33:37","slug":"avion-de-aeromexico-ruta-tijuana-cdmx-aterriza-de-emergencia-en-sonora","status":"publish","type":"post","link":"https:\/\/fuentesfidedignas.com.mx\/index.php\/2024\/05\/21\/avion-de-aeromexico-ruta-tijuana-cdmx-aterriza-de-emergencia-en-sonora\/","title":{"rendered":"Avi\u00f3n de Aerom\u00e9xico ruta Tijuana-CdMx aterriza de emergencia en Sonora"},"content":{"rendered":"\n<p><strong><em>El punto \u00f3ptimo para descender fue el Aeropuerto Internacional General Ignacio Pesqueira ubicado en la capital sonorense.<\/em><\/strong><\/p>\n\n\n\n<p>HERMOSILLO.- Un piloto de avi\u00f3n se vio obligado a aterrizar de emergencia en la ciudad de Hermosillo, debido a una emergencia m\u00e9dica en un integrante de la tripulaci\u00f3n.<\/p>\n\n\n\n<p>Fue en el vuelo AM183 de Aerom\u00e9xico cuando se cubr\u00eda la ruta Tijuana- CDMX.&nbsp;El punto \u00f3ptimo para descender fue el Aeropuerto Internacional General Ignacio Pesqueira ubicado en la capital sonorense.<\/p>\n\n\n\n<p>Al rededor de las 20:00 horas se notific\u00f3 a la torre de control sobre la situaci\u00f3n y se realizaron maniobras para el aterrizaje de la nave.<\/p>\n\n\n\n<p>\u201cPues si, ya aterrizamos. Todo bien. Una emergencia m\u00e9dica de alguien de la tripulaci\u00f3n\u201d, public\u00f3 una pasajera en redes sociales.<\/p>\n\n\n\n<p><strong>Uno de los tripulantes tuvo un problema de salud, la raz\u00f3n<\/strong><\/p>\n\n\n\n<p>Grupo Aerom\u00e9xico inform\u00f3 que su vuelo que llevaba la ruta Tijuana a Ciudad de M\u00e9xico tuvo que cortar su ruta, debido a que uno de los tripulantes tuvo un problema de salud.<\/p>\n\n\n\n<p>La aerol\u00ednea se\u00f1al\u00f3 que el avi\u00f3n tuvo que aterrizar de emergencia en Hermosillo, Sonora, donde actualmente se encuentra.<\/p>\n\n\n\n<p>La empresa, que dirige Andr\u00e9s Conesa, se\u00f1al\u00f3 que por el momento est\u00e1 pendiente la salida del vuelo, porque se desconocer a qu\u00e9 hora retomar\u00eda la ruta hacia la Ciudad de M\u00e9xico.<\/p>\n\n\n\n<p>Fue en redes sociales donde se dio a conocer la emergencia de este vuelo que tiene el n\u00famero AMX 183 y es operado con un equipo Boeing 737 Max.<\/p>\n\n\n\n<p>Grupo Aerom\u00e9xico inform\u00f3 que el vuelo aterriz\u00f3 en Hermosillo sin ning\u00fan contratiempo, por lo que solamente se siguieron los procesos de rutina que se dan en estos casos.<\/p>\n","protected":false},"excerpt":{"rendered":"<p>El punto \u00f3ptimo para descender fue el Aeropuerto Internacional General Ignacio Pesqueira ubicado en la capital sonorense. HERMOSILLO.- Un piloto de avi\u00f3n se vio obligado a aterrizar de emergencia en la ciudad de Hermosillo, debido a una emergencia m\u00e9dica en un integrante de la tripulaci\u00f3n. Fue en el vuelo AM183 de Aerom\u00e9xico cuando se cubr\u00eda [&hellip;]<\/p>\n","protected":false},"author":9,"featured_media":82125,"comment_status":"open","ping_status":"open","sticky":false,"template":"","format":"standard","meta":{"tdm_status":"","tdm_grid_status":"","footnotes":""},"categories":[39],"tags":[],"class_list":{"0":"post-82124","1":"post","2":"type-post","3":"status-publish","4":"format-standard","5":"has-post-thumbnail","7":"category-noticias-nacionales"},"yoast_head":"<!-- This site is optimized with the Yoast SEO plugin v27.5 - https:\/\/yoast.com\/product\/yoast-seo-wordpress\/ -->\n<title>Avi\u00f3n de Aerom\u00e9xico ruta Tijuana-CdMx aterriza de emergencia en Sonora - Fuentes Fidedignas<\/title>\n<meta name=\"robots\" content=\"index, follow, max-snippet:-1, max-image-preview:large, max-video-preview:-1\" \/>\n<link rel=\"canonical\" href=\"https:\/\/fuentesfidedignas.com.mx\/index.php\/2024\/05\/21\/avion-de-aeromexico-ruta-tijuana-cdmx-aterriza-de-emergencia-en-sonora\/\" \/>\n<meta property=\"og:locale\" content=\"es_MX\" \/>\n<meta property=\"og:type\" content=\"article\" \/>\n<meta property=\"og:title\" content=\"Avi\u00f3n de Aerom\u00e9xico ruta Tijuana-CdMx aterriza de emergencia en Sonora - Fuentes Fidedignas\" \/>\n<meta property=\"og:description\" content=\"El punto \u00f3ptimo para descender fue el Aeropuerto Internacional General Ignacio Pesqueira ubicado en la capital sonorense. HERMOSILLO.- Un piloto de avi\u00f3n se vio obligado a aterrizar de emergencia en la ciudad de Hermosillo, debido a una emergencia m\u00e9dica en un integrante de la tripulaci\u00f3n. Fue en el vuelo AM183 de Aerom\u00e9xico cuando se cubr\u00eda [&hellip;]\" \/>\n<meta property=\"og:url\" content=\"https:\/\/fuentesfidedignas.com.mx\/index.php\/2024\/05\/21\/avion-de-aeromexico-ruta-tijuana-cdmx-aterriza-de-emergencia-en-sonora\/\" \/>\n<meta property=\"og:site_name\" content=\"Fuentes Fidedignas\" \/>\n<meta property=\"article:publisher\" content=\"https:\/\/www.facebook.com\/Fuentes-Fidedignas-368234489921644\" \/>\n<meta property=\"article:published_time\" content=\"2024-05-21T14:30:54+00:00\" \/>\n<meta property=\"article:modified_time\" content=\"2024-05-21T14:33:37+00:00\" \/>\n<meta property=\"og:image\" content=\"https:\/\/fuentesfidedignas.com.mx\/wp-content\/uploads\/2021\/04\/logo-retina.png\" \/>\n\t<meta property=\"og:image:width\" content=\"280\" \/>\n\t<meta property=\"og:image:height\" content=\"51\" \/>\n\t<meta property=\"og:image:type\" content=\"image\/png\" \/>\n<meta name=\"author\" content=\"Milenio\" \/>\n<meta name=\"twitter:card\" content=\"summary_large_image\" \/>\n<meta name=\"twitter:creator\" content=\"@fidedignas\" \/>\n<meta name=\"twitter:site\" content=\"@fidedignas\" \/>\n<meta name=\"twitter:label1\" content=\"Escrito por\" \/>\n\t<meta name=\"twitter:data1\" content=\"Milenio\" \/>\n\t<meta name=\"twitter:label2\" content=\"Tiempo de lectura\" \/>\n\t<meta name=\"twitter:data2\" content=\"2 minutos\" \/>\n<script type=\"application\/ld+json\" class=\"yoast-schema-graph\">{\"@context\":\"https:\\\/\\\/schema.org\",\"@graph\":[{\"@type\":\"Article\",\"@id\":\"https:\\\/\\\/fuentesfidedignas.com.mx\\\/index.php\\\/2024\\\/05\\\/21\\\/avion-de-aeromexico-ruta-tijuana-cdmx-aterriza-de-emergencia-en-sonora\\\/#article\",\"isPartOf\":{\"@id\":\"https:\\\/\\\/fuentesfidedignas.com.mx\\\/index.php\\\/2024\\\/05\\\/21\\\/avion-de-aeromexico-ruta-tijuana-cdmx-aterriza-de-emergencia-en-sonora\\\/\"},\"author\":{\"name\":\"Milenio\",\"@id\":\"https:\\\/\\\/fuentesfidedignas.com.mx\\\/#\\\/schema\\\/person\\\/47ec0135738f4b0c7495f06a77a2c976\"},\"headline\":\"Avi\u00f3n de Aerom\u00e9xico ruta Tijuana-CdMx aterriza de emergencia en Sonora\",\"datePublished\":\"2024-05-21T14:30:54+00:00\",\"dateModified\":\"2024-05-21T14:33:37+00:00\",\"mainEntityOfPage\":{\"@id\":\"https:\\\/\\\/fuentesfidedignas.com.mx\\\/index.php\\\/2024\\\/05\\\/21\\\/avion-de-aeromexico-ruta-tijuana-cdmx-aterriza-de-emergencia-en-sonora\\\/\"},\"wordCount\":303,\"commentCount\":0,\"publisher\":{\"@id\":\"https:\\\/\\\/fuentesfidedignas.com.mx\\\/#organization\"},\"image\":{\"@id\":\"https:\\\/\\\/fuentesfidedignas.com.mx\\\/index.php\\\/2024\\\/05\\\/21\\\/avion-de-aeromexico-ruta-tijuana-cdmx-aterriza-de-emergencia-en-sonora\\\/#primaryimage\"},\"thumbnailUrl\":\"https:\\\/\\\/fuentesfidedignas.com.mx\\\/wp-content\\\/uploads\\\/2024\\\/05\\\/avion-aeromexico.bmp\",\"articleSection\":[\"NOTICIAS NACIONALES\"],\"inLanguage\":\"es\",\"potentialAction\":[{\"@type\":\"CommentAction\",\"name\":\"Comment\",\"target\":[\"https:\\\/\\\/fuentesfidedignas.com.mx\\\/index.php\\\/2024\\\/05\\\/21\\\/avion-de-aeromexico-ruta-tijuana-cdmx-aterriza-de-emergencia-en-sonora\\\/#respond\"]}]},{\"@type\":\"WebPage\",\"@id\":\"https:\\\/\\\/fuentesfidedignas.com.mx\\\/index.php\\\/2024\\\/05\\\/21\\\/avion-de-aeromexico-ruta-tijuana-cdmx-aterriza-de-emergencia-en-sonora\\\/\",\"url\":\"https:\\\/\\\/fuentesfidedignas.com.mx\\\/index.php\\\/2024\\\/05\\\/21\\\/avion-de-aeromexico-ruta-tijuana-cdmx-aterriza-de-emergencia-en-sonora\\\/\",\"name\":\"Avi\u00f3n de Aerom\u00e9xico ruta Tijuana-CdMx aterriza de emergencia en Sonora - Fuentes Fidedignas\",\"isPartOf\":{\"@id\":\"https:\\\/\\\/fuentesfidedignas.com.mx\\\/#website\"},\"primaryImageOfPage\":{\"@id\":\"https:\\\/\\\/fuentesfidedignas.com.mx\\\/index.php\\\/2024\\\/05\\\/21\\\/avion-de-aeromexico-ruta-tijuana-cdmx-aterriza-de-emergencia-en-sonora\\\/#primaryimage\"},\"image\":{\"@id\":\"https:\\\/\\\/fuentesfidedignas.com.mx\\\/index.php\\\/2024\\\/05\\\/21\\\/avion-de-aeromexico-ruta-tijuana-cdmx-aterriza-de-emergencia-en-sonora\\\/#primaryimage\"},\"thumbnailUrl\":\"https:\\\/\\\/fuentesfidedignas.com.mx\\\/wp-content\\\/uploads\\\/2024\\\/05\\\/avion-aeromexico.bmp\",\"datePublished\":\"2024-05-21T14:30:54+00:00\",\"dateModified\":\"2024-05-21T14:33:37+00:00\",\"breadcrumb\":{\"@id\":\"https:\\\/\\\/fuentesfidedignas.com.mx\\\/index.php\\\/2024\\\/05\\\/21\\\/avion-de-aeromexico-ruta-tijuana-cdmx-aterriza-de-emergencia-en-sonora\\\/#breadcrumb\"},\"inLanguage\":\"es\",\"potentialAction\":[{\"@type\":\"ReadAction\",\"target\":[\"https:\\\/\\\/fuentesfidedignas.com.mx\\\/index.php\\\/2024\\\/05\\\/21\\\/avion-de-aeromexico-ruta-tijuana-cdmx-aterriza-de-emergencia-en-sonora\\\/\"]}]},{\"@type\":\"ImageObject\",\"inLanguage\":\"es\",\"@id\":\"https:\\\/\\\/fuentesfidedignas.com.mx\\\/index.php\\\/2024\\\/05\\\/21\\\/avion-de-aeromexico-ruta-tijuana-cdmx-aterriza-de-emergencia-en-sonora\\\/#primaryimage\",\"url\":\"https:\\\/\\\/fuentesfidedignas.com.mx\\\/wp-content\\\/uploads\\\/2024\\\/05\\\/avion-aeromexico.bmp\",\"contentUrl\":\"https:\\\/\\\/fuentesfidedignas.com.mx\\\/wp-content\\\/uploads\\\/2024\\\/05\\\/avion-aeromexico.bmp\",\"width\":928,\"height\":518},{\"@type\":\"BreadcrumbList\",\"@id\":\"https:\\\/\\\/fuentesfidedignas.com.mx\\\/index.php\\\/2024\\\/05\\\/21\\\/avion-de-aeromexico-ruta-tijuana-cdmx-aterriza-de-emergencia-en-sonora\\\/#breadcrumb\",\"itemListElement\":[{\"@type\":\"ListItem\",\"position\":1,\"name\":\"Inicio\",\"item\":\"https:\\\/\\\/fuentesfidedignas.com.mx\\\/\"},{\"@type\":\"ListItem\",\"position\":2,\"name\":\"Avi\u00f3n de Aerom\u00e9xico ruta Tijuana-CdMx aterriza de emergencia en Sonora\"}]},{\"@type\":\"WebSite\",\"@id\":\"https:\\\/\\\/fuentesfidedignas.com.mx\\\/#website\",\"url\":\"https:\\\/\\\/fuentesfidedignas.com.mx\\\/\",\"name\":\"Fuentes Fidedignas\",\"description\":\"Otro sitio realizado con WordPress\",\"publisher\":{\"@id\":\"https:\\\/\\\/fuentesfidedignas.com.mx\\\/#organization\"},\"potentialAction\":[{\"@type\":\"SearchAction\",\"target\":{\"@type\":\"EntryPoint\",\"urlTemplate\":\"https:\\\/\\\/fuentesfidedignas.com.mx\\\/?s={search_term_string}\"},\"query-input\":{\"@type\":\"PropertyValueSpecification\",\"valueRequired\":true,\"valueName\":\"search_term_string\"}}],\"inLanguage\":\"es\"},{\"@type\":\"Organization\",\"@id\":\"https:\\\/\\\/fuentesfidedignas.com.mx\\\/#organization\",\"name\":\"Fuentes Fidedignas\",\"url\":\"https:\\\/\\\/fuentesfidedignas.com.mx\\\/\",\"logo\":{\"@type\":\"ImageObject\",\"inLanguage\":\"es\",\"@id\":\"https:\\\/\\\/fuentesfidedignas.com.mx\\\/#\\\/schema\\\/logo\\\/image\\\/\",\"url\":\"https:\\\/\\\/fuentesfidedignas.com.mx\\\/wp-content\\\/uploads\\\/2021\\\/04\\\/logo-retina.png\",\"contentUrl\":\"https:\\\/\\\/fuentesfidedignas.com.mx\\\/wp-content\\\/uploads\\\/2021\\\/04\\\/logo-retina.png\",\"width\":280,\"height\":51,\"caption\":\"Fuentes Fidedignas\"},\"image\":{\"@id\":\"https:\\\/\\\/fuentesfidedignas.com.mx\\\/#\\\/schema\\\/logo\\\/image\\\/\"},\"sameAs\":[\"https:\\\/\\\/www.facebook.com\\\/Fuentes-Fidedignas-368234489921644\",\"https:\\\/\\\/x.com\\\/fidedignas\"]},{\"@type\":\"Person\",\"@id\":\"https:\\\/\\\/fuentesfidedignas.com.mx\\\/#\\\/schema\\\/person\\\/47ec0135738f4b0c7495f06a77a2c976\",\"name\":\"Milenio\",\"image\":{\"@type\":\"ImageObject\",\"inLanguage\":\"es\",\"@id\":\"https:\\\/\\\/secure.gravatar.com\\\/avatar\\\/acabf7b54753e51c2c76457954577c236b3b764789b19879565769739d1e4a75?s=96&d=mm&r=g\",\"url\":\"https:\\\/\\\/secure.gravatar.com\\\/avatar\\\/acabf7b54753e51c2c76457954577c236b3b764789b19879565769739d1e4a75?s=96&d=mm&r=g\",\"contentUrl\":\"https:\\\/\\\/secure.gravatar.com\\\/avatar\\\/acabf7b54753e51c2c76457954577c236b3b764789b19879565769739d1e4a75?s=96&d=mm&r=g\",\"caption\":\"Milenio\"},\"url\":\"https:\\\/\\\/fuentesfidedignas.com.mx\\\/index.php\\\/author\\\/milenio\\\/\"}]}<\/script>\n<!-- \/ Yoast SEO plugin. -->","yoast_head_json":{"title":"Avi\u00f3n de Aerom\u00e9xico ruta Tijuana-CdMx aterriza de emergencia en Sonora - Fuentes Fidedignas","robots":{"index":"index","follow":"follow","max-snippet":"max-snippet:-1","max-image-preview":"max-image-preview:large","max-video-preview":"max-video-preview:-1"},"canonical":"https:\/\/fuentesfidedignas.com.mx\/index.php\/2024\/05\/21\/avion-de-aeromexico-ruta-tijuana-cdmx-aterriza-de-emergencia-en-sonora\/","og_locale":"es_MX","og_type":"article","og_title":"Avi\u00f3n de Aerom\u00e9xico ruta Tijuana-CdMx aterriza de emergencia en Sonora - Fuentes Fidedignas","og_description":"El punto \u00f3ptimo para descender fue el Aeropuerto Internacional General Ignacio Pesqueira ubicado en la capital sonorense. HERMOSILLO.- Un piloto de avi\u00f3n se vio obligado a aterrizar de emergencia en la ciudad de Hermosillo, debido a una emergencia m\u00e9dica en un integrante de la tripulaci\u00f3n. Fue en el vuelo AM183 de Aerom\u00e9xico cuando se cubr\u00eda [&hellip;]","og_url":"https:\/\/fuentesfidedignas.com.mx\/index.php\/2024\/05\/21\/avion-de-aeromexico-ruta-tijuana-cdmx-aterriza-de-emergencia-en-sonora\/","og_site_name":"Fuentes Fidedignas","article_publisher":"https:\/\/www.facebook.com\/Fuentes-Fidedignas-368234489921644","article_published_time":"2024-05-21T14:30:54+00:00","article_modified_time":"2024-05-21T14:33:37+00:00","og_image":[{"width":280,"height":51,"url":"https:\/\/fuentesfidedignas.com.mx\/wp-content\/uploads\/2021\/04\/logo-retina.png","type":"image\/png"}],"author":"Milenio","twitter_card":"summary_large_image","twitter_creator":"@fidedignas","twitter_site":"@fidedignas","twitter_misc":{"Escrito por":"Milenio","Tiempo de lectura":"2 minutos"},"schema":{"@context":"https:\/\/schema.org","@graph":[{"@type":"Article","@id":"https:\/\/fuentesfidedignas.com.mx\/index.php\/2024\/05\/21\/avion-de-aeromexico-ruta-tijuana-cdmx-aterriza-de-emergencia-en-sonora\/#article","isPartOf":{"@id":"https:\/\/fuentesfidedignas.com.mx\/index.php\/2024\/05\/21\/avion-de-aeromexico-ruta-tijuana-cdmx-aterriza-de-emergencia-en-sonora\/"},"author":{"name":"Milenio","@id":"https:\/\/fuentesfidedignas.com.mx\/#\/schema\/person\/47ec0135738f4b0c7495f06a77a2c976"},"headline":"Avi\u00f3n de Aerom\u00e9xico ruta Tijuana-CdMx aterriza de emergencia en Sonora","datePublished":"2024-05-21T14:30:54+00:00","dateModified":"2024-05-21T14:33:37+00:00","mainEntityOfPage":{"@id":"https:\/\/fuentesfidedignas.com.mx\/index.php\/2024\/05\/21\/avion-de-aeromexico-ruta-tijuana-cdmx-aterriza-de-emergencia-en-sonora\/"},"wordCount":303,"commentCount":0,"publisher":{"@id":"https:\/\/fuentesfidedignas.com.mx\/#organization"},"image":{"@id":"https:\/\/fuentesfidedignas.com.mx\/index.php\/2024\/05\/21\/avion-de-aeromexico-ruta-tijuana-cdmx-aterriza-de-emergencia-en-sonora\/#primaryimage"},"thumbnailUrl":"https:\/\/fuentesfidedignas.com.mx\/wp-content\/uploads\/2024\/05\/avion-aeromexico.bmp","articleSection":["NOTICIAS NACIONALES"],"inLanguage":"es","potentialAction":[{"@type":"CommentAction","name":"Comment","target":["https:\/\/fuentesfidedignas.com.mx\/index.php\/2024\/05\/21\/avion-de-aeromexico-ruta-tijuana-cdmx-aterriza-de-emergencia-en-sonora\/#respond"]}]},{"@type":"WebPage","@id":"https:\/\/fuentesfidedignas.com.mx\/index.php\/2024\/05\/21\/avion-de-aeromexico-ruta-tijuana-cdmx-aterriza-de-emergencia-en-sonora\/","url":"https:\/\/fuentesfidedignas.com.mx\/index.php\/2024\/05\/21\/avion-de-aeromexico-ruta-tijuana-cdmx-aterriza-de-emergencia-en-sonora\/","name":"Avi\u00f3n de Aerom\u00e9xico ruta Tijuana-CdMx aterriza de emergencia en Sonora - Fuentes Fidedignas","isPartOf":{"@id":"https:\/\/fuentesfidedignas.com.mx\/#website"},"primaryImageOfPage":{"@id":"https:\/\/fuentesfidedignas.com.mx\/index.php\/2024\/05\/21\/avion-de-aeromexico-ruta-tijuana-cdmx-aterriza-de-emergencia-en-sonora\/#primaryimage"},"image":{"@id":"https:\/\/fuentesfidedignas.com.mx\/index.php\/2024\/05\/21\/avion-de-aeromexico-ruta-tijuana-cdmx-aterriza-de-emergencia-en-sonora\/#primaryimage"},"thumbnailUrl":"https:\/\/fuentesfidedignas.com.mx\/wp-content\/uploads\/2024\/05\/avion-aeromexico.bmp","datePublished":"2024-05-21T14:30:54+00:00","dateModified":"2024-05-21T14:33:37+00:00","breadcrumb":{"@id":"https:\/\/fuentesfidedignas.com.mx\/index.php\/2024\/05\/21\/avion-de-aeromexico-ruta-tijuana-cdmx-aterriza-de-emergencia-en-sonora\/#breadcrumb"},"inLanguage":"es","potentialAction":[{"@type":"ReadAction","target":["https:\/\/fuentesfidedignas.com.mx\/index.php\/2024\/05\/21\/avion-de-aeromexico-ruta-tijuana-cdmx-aterriza-de-emergencia-en-sonora\/"]}]},{"@type":"ImageObject","inLanguage":"es","@id":"https:\/\/fuentesfidedignas.com.mx\/index.php\/2024\/05\/21\/avion-de-aeromexico-ruta-tijuana-cdmx-aterriza-de-emergencia-en-sonora\/#primaryimage","url":"https:\/\/fuentesfidedignas.com.mx\/wp-content\/uploads\/2024\/05\/avion-aeromexico.bmp","contentUrl":"https:\/\/fuentesfidedignas.com.mx\/wp-content\/uploads\/2024\/05\/avion-aeromexico.bmp","width":928,"height":518},{"@type":"BreadcrumbList","@id":"https:\/\/fuentesfidedignas.com.mx\/index.php\/2024\/05\/21\/avion-de-aeromexico-ruta-tijuana-cdmx-aterriza-de-emergencia-en-sonora\/#breadcrumb","itemListElement":[{"@type":"ListItem","position":1,"name":"Inicio","item":"https:\/\/fuentesfidedignas.com.mx\/"},{"@type":"ListItem","position":2,"name":"Avi\u00f3n de Aerom\u00e9xico ruta Tijuana-CdMx aterriza de emergencia en Sonora"}]},{"@type":"WebSite","@id":"https:\/\/fuentesfidedignas.com.mx\/#website","url":"https:\/\/fuentesfidedignas.com.mx\/","name":"Fuentes Fidedignas","description":"Otro sitio realizado con WordPress","publisher":{"@id":"https:\/\/fuentesfidedignas.com.mx\/#organization"},"potentialAction":[{"@type":"SearchAction","target":{"@type":"EntryPoint","urlTemplate":"https:\/\/fuentesfidedignas.com.mx\/?s={search_term_string}"},"query-input":{"@type":"PropertyValueSpecification","valueRequired":true,"valueName":"search_term_string"}}],"inLanguage":"es"},{"@type":"Organization","@id":"https:\/\/fuentesfidedignas.com.mx\/#organization","name":"Fuentes Fidedignas","url":"https:\/\/fuentesfidedignas.com.mx\/","logo":{"@type":"ImageObject","inLanguage":"es","@id":"https:\/\/fuentesfidedignas.com.mx\/#\/schema\/logo\/image\/","url":"https:\/\/fuentesfidedignas.com.mx\/wp-content\/uploads\/2021\/04\/logo-retina.png","contentUrl":"https:\/\/fuentesfidedignas.com.mx\/wp-content\/uploads\/2021\/04\/logo-retina.png","width":280,"height":51,"caption":"Fuentes Fidedignas"},"image":{"@id":"https:\/\/fuentesfidedignas.com.mx\/#\/schema\/logo\/image\/"},"sameAs":["https:\/\/www.facebook.com\/Fuentes-Fidedignas-368234489921644","https:\/\/x.com\/fidedignas"]},{"@type":"Person","@id":"https:\/\/fuentesfidedignas.com.mx\/#\/schema\/person\/47ec0135738f4b0c7495f06a77a2c976","name":"Milenio","image":{"@type":"ImageObject","inLanguage":"es","@id":"https:\/\/secure.gravatar.com\/avatar\/acabf7b54753e51c2c76457954577c236b3b764789b19879565769739d1e4a75?s=96&d=mm&r=g","url":"https:\/\/secure.gravatar.com\/avatar\/acabf7b54753e51c2c76457954577c236b3b764789b19879565769739d1e4a75?s=96&d=mm&r=g","contentUrl":"https:\/\/secure.gravatar.com\/avatar\/acabf7b54753e51c2c76457954577c236b3b764789b19879565769739d1e4a75?s=96&d=mm&r=g","caption":"Milenio"},"url":"https:\/\/fuentesfidedignas.com.mx\/index.php\/author\/milenio\/"}]}},"_links":{"self":[{"href":"https:\/\/fuentesfidedignas.com.mx\/index.php\/wp-json\/wp\/v2\/posts\/82124","targetHints":{"allow":["GET"]}}],"collection":[{"href":"https:\/\/fuentesfidedignas.com.mx\/index.php\/wp-json\/wp\/v2\/posts"}],"about":[{"href":"https:\/\/fuentesfidedignas.com.mx\/index.php\/wp-json\/wp\/v2\/types\/post"}],"author":[{"embeddable":true,"href":"https:\/\/fuentesfidedignas.com.mx\/index.php\/wp-json\/wp\/v2\/users\/9"}],"replies":[{"embeddable":true,"href":"https:\/\/fuentesfidedignas.com.mx\/index.php\/wp-json\/wp\/v2\/comments?post=82124"}],"version-history":[{"count":2,"href":"https:\/\/fuentesfidedignas.com.mx\/index.php\/wp-json\/wp\/v2\/posts\/82124\/revisions"}],"predecessor-version":[{"id":82130,"href":"https:\/\/fuentesfidedignas.com.mx\/index.php\/wp-json\/wp\/v2\/posts\/82124\/revisions\/82130"}],"wp:featuredmedia":[{"embeddable":true,"href":"https:\/\/fuentesfidedignas.com.mx\/index.php\/wp-json\/wp\/v2\/media\/82125"}],"wp:attachment":[{"href":"https:\/\/fuentesfidedignas.com.mx\/index.php\/wp-json\/wp\/v2\/media?parent=82124"}],"wp:term":[{"taxonomy":"category","embeddable":true,"href":"https:\/\/fuentesfidedignas.com.mx\/index.php\/wp-json\/wp\/v2\/categories?post=82124"},{"taxonomy":"post_tag","embeddable":true,"href":"https:\/\/fuentesfidedignas.com.mx\/index.php\/wp-json\/wp\/v2\/tags?post=82124"}],"curies":[{"name":"wp","href":"https:\/\/api.w.org\/{rel}","templated":true}]}}