{"id":82099,"date":"2024-05-20T18:55:47","date_gmt":"2024-05-21T01:55:47","guid":{"rendered":"https:\/\/fuentesfidedignas.com.mx\/?p=82099"},"modified":"2024-05-20T18:55:47","modified_gmt":"2024-05-21T01:55:47","slug":"niegan-amparos-y-cambio-de-prision-preventiva-a-ex-colaboradora-de-garcia-luna","status":"publish","type":"post","link":"https:\/\/fuentesfidedignas.com.mx\/index.php\/2024\/05\/20\/niegan-amparos-y-cambio-de-prision-preventiva-a-ex-colaboradora-de-garcia-luna\/","title":{"rendered":"Niegan amparos y cambio de prisi\u00f3n preventiva a ex colaboradora de Garc\u00eda Luna"},"content":{"rendered":"\n<p><strong><em>Jannet Miriam Mart\u00ednez S\u00e1nchez, ex colaboradora de Garc\u00eda Luna permanecer\u00e1 en prisi\u00f3n preventiva<\/em><\/strong><\/p>\n\n\n\n<p>Ciudad de M\u00e9xico.- Un Tribunal Federal asest\u00f3 dos reveses judiciales a la ex directora de Control y Seguimiento de Adquisiciones del \u00d3rgano Administrativo Desconcentrado de Prevenci\u00f3n y Readaptaci\u00f3n Social (OADPRS), Jannet Miriam Mart\u00ednez S\u00e1nchez, ya que rechaz\u00f3 echar atr\u00e1s la vinculaci\u00f3n a proceso dictada en su contra y neg\u00f3 modificar la medida cautelar de prisi\u00f3n preventiva oficiosa impuesta.<\/p>\n\n\n\n<p>La mujer trabaj\u00f3 bajo la gesti\u00f3n del ex secretario de Seguridad P\u00fablica Federal, Genaro Garc\u00eda Luna y forma del grupo de m\u00e1s de 60 personas contra las que se orden\u00f3 su captura por presuntamente estar involucrados en una red de corrupci\u00f3n que sirvi\u00f3 para apoderarse de 5 mil 112 millones de pesos con contratos de prisiones federales.<\/p>\n\n\n\n<p>En dos juicios de amparo, el Tercer Tribunal Colegiado en Materia Penal con residencia en Toluca, Estado de M\u00e9xico, determin\u00f3 negar la protecci\u00f3n de la justicia contra la vinculaci\u00f3n a proceso por los delitos de delincuencia organizada y peculado, y por la petici\u00f3n del cambio de medida cautelar.<\/p>\n\n\n\n<p>Miriam Mart\u00ednez buscaba echar abajo las resoluciones dictadas por un juez de control del Centro de Justicia Penal Federal adscrito al penal de m\u00e1xima seguridad del Altiplano, en el Estado de M\u00e9xico, el 12 de junio de 2023.<\/p>\n\n\n\n<p>Ante esta situaci\u00f3n, la mujer se ampar\u00f3, pero el 26 de julio le fue negada la protecci\u00f3n de la justicia contra el cambio de medida cautelar y el 28 de agosto de 2023, contra la vinculaci\u00f3n a proceso.<\/p>\n\n\n\n<p>Las sentencias fueron dictadas por Diana Abrajan Pe\u00f1a, jueza Segundo de Distrito en Materia de Amparo y Juicios Federales en el Estado de M\u00e9xico, resoluciones que impugn\u00f3 y que ahora fueron confirmadas por el Tribunal de Alzada.<\/p>\n\n\n\n<p>A principios de este a\u00f1o, la Fiscal\u00eda General de la Rep\u00fablica (FGR) dio a conocer que el empresario mexicano Jonathan Alexis Weinberg Pinto fue detenido en Espa\u00f1a, quien presuntamente es socio y prestanombres Garc\u00eda Luna. El detenido es hijo del empresario Mauricio Samuel Weinberg L\u00f3pez, contra quien tambi\u00e9n hay una orden de captura.<\/p>\n\n\n\n<p>Por este caso, se logr\u00f3 la captura de Gloria Garc\u00eda Luna y a Edgar Anuar Rodr\u00edguez Garc\u00eda, hermana y sobrino, respectivamente, del ex secretario de Seguridad P\u00fablica. La detenci\u00f3n se sum\u00f3 a la de Oswaldo Luna Valderrabano, quien fue jefe de Estado Mayor de la extinta Polic\u00eda Federal Preventiva (PFP), y t\u00edo de Genaro Garc\u00eda.<\/p>\n\n\n\n<p>El juez federal tambi\u00e9n orden\u00f3 la aprehensi\u00f3n de Linda Cristina Pereyra G\u00e1lvez, esposa del ex secretario, as\u00ed como de Esperanza, Luz Mar\u00eda y Humberto Garc\u00eda Luna, hermanos del ex funcionario.<\/p>\n\n\n\n<p>De acuerdo con las investigaciones de la FGR, estas personas presuntamente se coludieron con Garc\u00eda Luna y sus socios Jonathan Alexis y Mauricio Samuel, para saquear los recursos p\u00fablicos del OADPRS.<\/p>\n\n\n\n<p>Seg\u00fan funcionarios federales, en la organizaci\u00f3n criminal Oswaldo supuestamente se desempe\u00f1\u00f3 como comisario en la empresa SET Soluciones, la cual fue constituida por los hermanos Humberto y Esperanza Garc\u00eda Luna.<\/p>\n\n\n\n<p>Tambi\u00e9n, seg\u00fan las autoridades, recibi\u00f3 recursos provenientes de la empresa Nunvanc Inc; igualmente, tiene participaci\u00f3n corporativa en otras empresas (Inmobiliaria en L\u00ednea LGP, S.A de C.V. y empresa Operadora de Restaurante, Alimentos y Bebidas los Cedros, S. de R.L. de C.V.), creadas por la familia de Genaro Garc\u00eda; de igual forma realiz\u00f3 vuelos de salida y entrada al pa\u00eds con Garc\u00eda Luna y con los empresarios Mauricio Samuel Weinberg L\u00f3pez y Jonathan Alexis Weinberg Pinto, padre e hijo, respectivamente.<\/p>\n","protected":false},"excerpt":{"rendered":"<p>Jannet Miriam Mart\u00ednez S\u00e1nchez, ex colaboradora de Garc\u00eda Luna permanecer\u00e1 en prisi\u00f3n preventiva Ciudad de M\u00e9xico.- Un Tribunal Federal asest\u00f3 dos reveses judiciales a la ex directora de Control y Seguimiento de Adquisiciones del \u00d3rgano Administrativo Desconcentrado de Prevenci\u00f3n y Readaptaci\u00f3n Social (OADPRS), Jannet Miriam Mart\u00ednez S\u00e1nchez, ya que rechaz\u00f3 echar atr\u00e1s la vinculaci\u00f3n a [&hellip;]<\/p>\n","protected":false},"author":9,"featured_media":48013,"comment_status":"open","ping_status":"open","sticky":false,"template":"","format":"standard","meta":{"tdm_status":"","tdm_grid_status":"","footnotes":""},"categories":[39],"tags":[],"class_list":{"0":"post-82099","1":"post","2":"type-post","3":"status-publish","4":"format-standard","5":"has-post-thumbnail","7":"category-noticias-nacionales"},"yoast_head":"<!-- This site is optimized with the Yoast SEO plugin v27.5 - https:\/\/yoast.com\/product\/yoast-seo-wordpress\/ -->\n<title>Niegan amparos y cambio de prisi\u00f3n preventiva a ex colaboradora de Garc\u00eda Luna - Fuentes Fidedignas<\/title>\n<meta name=\"robots\" content=\"index, follow, max-snippet:-1, max-image-preview:large, max-video-preview:-1\" \/>\n<link rel=\"canonical\" href=\"https:\/\/fuentesfidedignas.com.mx\/index.php\/2024\/05\/20\/niegan-amparos-y-cambio-de-prision-preventiva-a-ex-colaboradora-de-garcia-luna\/\" \/>\n<meta property=\"og:locale\" content=\"es_MX\" \/>\n<meta property=\"og:type\" content=\"article\" \/>\n<meta property=\"og:title\" content=\"Niegan amparos y cambio de prisi\u00f3n preventiva a ex colaboradora de Garc\u00eda Luna - Fuentes Fidedignas\" \/>\n<meta property=\"og:description\" content=\"Jannet Miriam Mart\u00ednez S\u00e1nchez, ex colaboradora de Garc\u00eda Luna permanecer\u00e1 en prisi\u00f3n preventiva Ciudad de M\u00e9xico.- Un Tribunal Federal asest\u00f3 dos reveses judiciales a la ex directora de Control y Seguimiento de Adquisiciones del \u00d3rgano Administrativo Desconcentrado de Prevenci\u00f3n y Readaptaci\u00f3n Social (OADPRS), Jannet Miriam Mart\u00ednez S\u00e1nchez, ya que rechaz\u00f3 echar atr\u00e1s la vinculaci\u00f3n a [&hellip;]\" \/>\n<meta property=\"og:url\" content=\"https:\/\/fuentesfidedignas.com.mx\/index.php\/2024\/05\/20\/niegan-amparos-y-cambio-de-prision-preventiva-a-ex-colaboradora-de-garcia-luna\/\" \/>\n<meta property=\"og:site_name\" content=\"Fuentes Fidedignas\" \/>\n<meta property=\"article:publisher\" content=\"https:\/\/www.facebook.com\/Fuentes-Fidedignas-368234489921644\" \/>\n<meta property=\"article:published_time\" content=\"2024-05-21T01:55:47+00:00\" \/>\n<meta property=\"og:image\" content=\"https:\/\/fuentesfidedignas.com.mx\/wp-content\/uploads\/2023\/05\/G-luna.jpeg\" \/>\n\t<meta property=\"og:image:width\" content=\"640\" \/>\n\t<meta property=\"og:image:height\" content=\"360\" \/>\n\t<meta property=\"og:image:type\" content=\"image\/jpeg\" \/>\n<meta name=\"author\" content=\"Milenio\" \/>\n<meta name=\"twitter:card\" content=\"summary_large_image\" \/>\n<meta name=\"twitter:creator\" content=\"@fidedignas\" \/>\n<meta name=\"twitter:site\" content=\"@fidedignas\" \/>\n<meta name=\"twitter:label1\" content=\"Escrito por\" \/>\n\t<meta name=\"twitter:data1\" content=\"Milenio\" \/>\n\t<meta name=\"twitter:label2\" content=\"Tiempo de lectura\" \/>\n\t<meta name=\"twitter:data2\" content=\"3 minutos\" \/>\n<script type=\"application\/ld+json\" class=\"yoast-schema-graph\">{\"@context\":\"https:\\\/\\\/schema.org\",\"@graph\":[{\"@type\":\"Article\",\"@id\":\"https:\\\/\\\/fuentesfidedignas.com.mx\\\/index.php\\\/2024\\\/05\\\/20\\\/niegan-amparos-y-cambio-de-prision-preventiva-a-ex-colaboradora-de-garcia-luna\\\/#article\",\"isPartOf\":{\"@id\":\"https:\\\/\\\/fuentesfidedignas.com.mx\\\/index.php\\\/2024\\\/05\\\/20\\\/niegan-amparos-y-cambio-de-prision-preventiva-a-ex-colaboradora-de-garcia-luna\\\/\"},\"author\":{\"name\":\"Milenio\",\"@id\":\"https:\\\/\\\/fuentesfidedignas.com.mx\\\/#\\\/schema\\\/person\\\/47ec0135738f4b0c7495f06a77a2c976\"},\"headline\":\"Niegan amparos y cambio de prisi\u00f3n preventiva a ex colaboradora de Garc\u00eda Luna\",\"datePublished\":\"2024-05-21T01:55:47+00:00\",\"mainEntityOfPage\":{\"@id\":\"https:\\\/\\\/fuentesfidedignas.com.mx\\\/index.php\\\/2024\\\/05\\\/20\\\/niegan-amparos-y-cambio-de-prision-preventiva-a-ex-colaboradora-de-garcia-luna\\\/\"},\"wordCount\":641,\"commentCount\":0,\"publisher\":{\"@id\":\"https:\\\/\\\/fuentesfidedignas.com.mx\\\/#organization\"},\"image\":{\"@id\":\"https:\\\/\\\/fuentesfidedignas.com.mx\\\/index.php\\\/2024\\\/05\\\/20\\\/niegan-amparos-y-cambio-de-prision-preventiva-a-ex-colaboradora-de-garcia-luna\\\/#primaryimage\"},\"thumbnailUrl\":\"https:\\\/\\\/fuentesfidedignas.com.mx\\\/wp-content\\\/uploads\\\/2023\\\/05\\\/G-luna.jpeg\",\"articleSection\":[\"NOTICIAS NACIONALES\"],\"inLanguage\":\"es\",\"potentialAction\":[{\"@type\":\"CommentAction\",\"name\":\"Comment\",\"target\":[\"https:\\\/\\\/fuentesfidedignas.com.mx\\\/index.php\\\/2024\\\/05\\\/20\\\/niegan-amparos-y-cambio-de-prision-preventiva-a-ex-colaboradora-de-garcia-luna\\\/#respond\"]}]},{\"@type\":\"WebPage\",\"@id\":\"https:\\\/\\\/fuentesfidedignas.com.mx\\\/index.php\\\/2024\\\/05\\\/20\\\/niegan-amparos-y-cambio-de-prision-preventiva-a-ex-colaboradora-de-garcia-luna\\\/\",\"url\":\"https:\\\/\\\/fuentesfidedignas.com.mx\\\/index.php\\\/2024\\\/05\\\/20\\\/niegan-amparos-y-cambio-de-prision-preventiva-a-ex-colaboradora-de-garcia-luna\\\/\",\"name\":\"Niegan amparos y cambio de prisi\u00f3n preventiva a ex colaboradora de Garc\u00eda Luna - Fuentes Fidedignas\",\"isPartOf\":{\"@id\":\"https:\\\/\\\/fuentesfidedignas.com.mx\\\/#website\"},\"primaryImageOfPage\":{\"@id\":\"https:\\\/\\\/fuentesfidedignas.com.mx\\\/index.php\\\/2024\\\/05\\\/20\\\/niegan-amparos-y-cambio-de-prision-preventiva-a-ex-colaboradora-de-garcia-luna\\\/#primaryimage\"},\"image\":{\"@id\":\"https:\\\/\\\/fuentesfidedignas.com.mx\\\/index.php\\\/2024\\\/05\\\/20\\\/niegan-amparos-y-cambio-de-prision-preventiva-a-ex-colaboradora-de-garcia-luna\\\/#primaryimage\"},\"thumbnailUrl\":\"https:\\\/\\\/fuentesfidedignas.com.mx\\\/wp-content\\\/uploads\\\/2023\\\/05\\\/G-luna.jpeg\",\"datePublished\":\"2024-05-21T01:55:47+00:00\",\"breadcrumb\":{\"@id\":\"https:\\\/\\\/fuentesfidedignas.com.mx\\\/index.php\\\/2024\\\/05\\\/20\\\/niegan-amparos-y-cambio-de-prision-preventiva-a-ex-colaboradora-de-garcia-luna\\\/#breadcrumb\"},\"inLanguage\":\"es\",\"potentialAction\":[{\"@type\":\"ReadAction\",\"target\":[\"https:\\\/\\\/fuentesfidedignas.com.mx\\\/index.php\\\/2024\\\/05\\\/20\\\/niegan-amparos-y-cambio-de-prision-preventiva-a-ex-colaboradora-de-garcia-luna\\\/\"]}]},{\"@type\":\"ImageObject\",\"inLanguage\":\"es\",\"@id\":\"https:\\\/\\\/fuentesfidedignas.com.mx\\\/index.php\\\/2024\\\/05\\\/20\\\/niegan-amparos-y-cambio-de-prision-preventiva-a-ex-colaboradora-de-garcia-luna\\\/#primaryimage\",\"url\":\"https:\\\/\\\/fuentesfidedignas.com.mx\\\/wp-content\\\/uploads\\\/2023\\\/05\\\/G-luna.jpeg\",\"contentUrl\":\"https:\\\/\\\/fuentesfidedignas.com.mx\\\/wp-content\\\/uploads\\\/2023\\\/05\\\/G-luna.jpeg\",\"width\":640,\"height\":360},{\"@type\":\"BreadcrumbList\",\"@id\":\"https:\\\/\\\/fuentesfidedignas.com.mx\\\/index.php\\\/2024\\\/05\\\/20\\\/niegan-amparos-y-cambio-de-prision-preventiva-a-ex-colaboradora-de-garcia-luna\\\/#breadcrumb\",\"itemListElement\":[{\"@type\":\"ListItem\",\"position\":1,\"name\":\"Inicio\",\"item\":\"https:\\\/\\\/fuentesfidedignas.com.mx\\\/\"},{\"@type\":\"ListItem\",\"position\":2,\"name\":\"Niegan amparos y cambio de prisi\u00f3n preventiva a ex colaboradora de Garc\u00eda Luna\"}]},{\"@type\":\"WebSite\",\"@id\":\"https:\\\/\\\/fuentesfidedignas.com.mx\\\/#website\",\"url\":\"https:\\\/\\\/fuentesfidedignas.com.mx\\\/\",\"name\":\"Fuentes Fidedignas\",\"description\":\"Otro sitio realizado con WordPress\",\"publisher\":{\"@id\":\"https:\\\/\\\/fuentesfidedignas.com.mx\\\/#organization\"},\"potentialAction\":[{\"@type\":\"SearchAction\",\"target\":{\"@type\":\"EntryPoint\",\"urlTemplate\":\"https:\\\/\\\/fuentesfidedignas.com.mx\\\/?s={search_term_string}\"},\"query-input\":{\"@type\":\"PropertyValueSpecification\",\"valueRequired\":true,\"valueName\":\"search_term_string\"}}],\"inLanguage\":\"es\"},{\"@type\":\"Organization\",\"@id\":\"https:\\\/\\\/fuentesfidedignas.com.mx\\\/#organization\",\"name\":\"Fuentes Fidedignas\",\"url\":\"https:\\\/\\\/fuentesfidedignas.com.mx\\\/\",\"logo\":{\"@type\":\"ImageObject\",\"inLanguage\":\"es\",\"@id\":\"https:\\\/\\\/fuentesfidedignas.com.mx\\\/#\\\/schema\\\/logo\\\/image\\\/\",\"url\":\"https:\\\/\\\/fuentesfidedignas.com.mx\\\/wp-content\\\/uploads\\\/2021\\\/04\\\/logo-retina.png\",\"contentUrl\":\"https:\\\/\\\/fuentesfidedignas.com.mx\\\/wp-content\\\/uploads\\\/2021\\\/04\\\/logo-retina.png\",\"width\":280,\"height\":51,\"caption\":\"Fuentes Fidedignas\"},\"image\":{\"@id\":\"https:\\\/\\\/fuentesfidedignas.com.mx\\\/#\\\/schema\\\/logo\\\/image\\\/\"},\"sameAs\":[\"https:\\\/\\\/www.facebook.com\\\/Fuentes-Fidedignas-368234489921644\",\"https:\\\/\\\/x.com\\\/fidedignas\"]},{\"@type\":\"Person\",\"@id\":\"https:\\\/\\\/fuentesfidedignas.com.mx\\\/#\\\/schema\\\/person\\\/47ec0135738f4b0c7495f06a77a2c976\",\"name\":\"Milenio\",\"image\":{\"@type\":\"ImageObject\",\"inLanguage\":\"es\",\"@id\":\"https:\\\/\\\/secure.gravatar.com\\\/avatar\\\/acabf7b54753e51c2c76457954577c236b3b764789b19879565769739d1e4a75?s=96&d=mm&r=g\",\"url\":\"https:\\\/\\\/secure.gravatar.com\\\/avatar\\\/acabf7b54753e51c2c76457954577c236b3b764789b19879565769739d1e4a75?s=96&d=mm&r=g\",\"contentUrl\":\"https:\\\/\\\/secure.gravatar.com\\\/avatar\\\/acabf7b54753e51c2c76457954577c236b3b764789b19879565769739d1e4a75?s=96&d=mm&r=g\",\"caption\":\"Milenio\"},\"url\":\"https:\\\/\\\/fuentesfidedignas.com.mx\\\/index.php\\\/author\\\/milenio\\\/\"}]}<\/script>\n<!-- \/ Yoast SEO plugin. -->","yoast_head_json":{"title":"Niegan amparos y cambio de prisi\u00f3n preventiva a ex colaboradora de Garc\u00eda Luna - Fuentes Fidedignas","robots":{"index":"index","follow":"follow","max-snippet":"max-snippet:-1","max-image-preview":"max-image-preview:large","max-video-preview":"max-video-preview:-1"},"canonical":"https:\/\/fuentesfidedignas.com.mx\/index.php\/2024\/05\/20\/niegan-amparos-y-cambio-de-prision-preventiva-a-ex-colaboradora-de-garcia-luna\/","og_locale":"es_MX","og_type":"article","og_title":"Niegan amparos y cambio de prisi\u00f3n preventiva a ex colaboradora de Garc\u00eda Luna - Fuentes Fidedignas","og_description":"Jannet Miriam Mart\u00ednez S\u00e1nchez, ex colaboradora de Garc\u00eda Luna permanecer\u00e1 en prisi\u00f3n preventiva Ciudad de M\u00e9xico.- Un Tribunal Federal asest\u00f3 dos reveses judiciales a la ex directora de Control y Seguimiento de Adquisiciones del \u00d3rgano Administrativo Desconcentrado de Prevenci\u00f3n y Readaptaci\u00f3n Social (OADPRS), Jannet Miriam Mart\u00ednez S\u00e1nchez, ya que rechaz\u00f3 echar atr\u00e1s la vinculaci\u00f3n a [&hellip;]","og_url":"https:\/\/fuentesfidedignas.com.mx\/index.php\/2024\/05\/20\/niegan-amparos-y-cambio-de-prision-preventiva-a-ex-colaboradora-de-garcia-luna\/","og_site_name":"Fuentes Fidedignas","article_publisher":"https:\/\/www.facebook.com\/Fuentes-Fidedignas-368234489921644","article_published_time":"2024-05-21T01:55:47+00:00","og_image":[{"width":640,"height":360,"url":"https:\/\/fuentesfidedignas.com.mx\/wp-content\/uploads\/2023\/05\/G-luna.jpeg","type":"image\/jpeg"}],"author":"Milenio","twitter_card":"summary_large_image","twitter_creator":"@fidedignas","twitter_site":"@fidedignas","twitter_misc":{"Escrito por":"Milenio","Tiempo de lectura":"3 minutos"},"schema":{"@context":"https:\/\/schema.org","@graph":[{"@type":"Article","@id":"https:\/\/fuentesfidedignas.com.mx\/index.php\/2024\/05\/20\/niegan-amparos-y-cambio-de-prision-preventiva-a-ex-colaboradora-de-garcia-luna\/#article","isPartOf":{"@id":"https:\/\/fuentesfidedignas.com.mx\/index.php\/2024\/05\/20\/niegan-amparos-y-cambio-de-prision-preventiva-a-ex-colaboradora-de-garcia-luna\/"},"author":{"name":"Milenio","@id":"https:\/\/fuentesfidedignas.com.mx\/#\/schema\/person\/47ec0135738f4b0c7495f06a77a2c976"},"headline":"Niegan amparos y cambio de prisi\u00f3n preventiva a ex colaboradora de Garc\u00eda Luna","datePublished":"2024-05-21T01:55:47+00:00","mainEntityOfPage":{"@id":"https:\/\/fuentesfidedignas.com.mx\/index.php\/2024\/05\/20\/niegan-amparos-y-cambio-de-prision-preventiva-a-ex-colaboradora-de-garcia-luna\/"},"wordCount":641,"commentCount":0,"publisher":{"@id":"https:\/\/fuentesfidedignas.com.mx\/#organization"},"image":{"@id":"https:\/\/fuentesfidedignas.com.mx\/index.php\/2024\/05\/20\/niegan-amparos-y-cambio-de-prision-preventiva-a-ex-colaboradora-de-garcia-luna\/#primaryimage"},"thumbnailUrl":"https:\/\/fuentesfidedignas.com.mx\/wp-content\/uploads\/2023\/05\/G-luna.jpeg","articleSection":["NOTICIAS NACIONALES"],"inLanguage":"es","potentialAction":[{"@type":"CommentAction","name":"Comment","target":["https:\/\/fuentesfidedignas.com.mx\/index.php\/2024\/05\/20\/niegan-amparos-y-cambio-de-prision-preventiva-a-ex-colaboradora-de-garcia-luna\/#respond"]}]},{"@type":"WebPage","@id":"https:\/\/fuentesfidedignas.com.mx\/index.php\/2024\/05\/20\/niegan-amparos-y-cambio-de-prision-preventiva-a-ex-colaboradora-de-garcia-luna\/","url":"https:\/\/fuentesfidedignas.com.mx\/index.php\/2024\/05\/20\/niegan-amparos-y-cambio-de-prision-preventiva-a-ex-colaboradora-de-garcia-luna\/","name":"Niegan amparos y cambio de prisi\u00f3n preventiva a ex colaboradora de Garc\u00eda Luna - Fuentes Fidedignas","isPartOf":{"@id":"https:\/\/fuentesfidedignas.com.mx\/#website"},"primaryImageOfPage":{"@id":"https:\/\/fuentesfidedignas.com.mx\/index.php\/2024\/05\/20\/niegan-amparos-y-cambio-de-prision-preventiva-a-ex-colaboradora-de-garcia-luna\/#primaryimage"},"image":{"@id":"https:\/\/fuentesfidedignas.com.mx\/index.php\/2024\/05\/20\/niegan-amparos-y-cambio-de-prision-preventiva-a-ex-colaboradora-de-garcia-luna\/#primaryimage"},"thumbnailUrl":"https:\/\/fuentesfidedignas.com.mx\/wp-content\/uploads\/2023\/05\/G-luna.jpeg","datePublished":"2024-05-21T01:55:47+00:00","breadcrumb":{"@id":"https:\/\/fuentesfidedignas.com.mx\/index.php\/2024\/05\/20\/niegan-amparos-y-cambio-de-prision-preventiva-a-ex-colaboradora-de-garcia-luna\/#breadcrumb"},"inLanguage":"es","potentialAction":[{"@type":"ReadAction","target":["https:\/\/fuentesfidedignas.com.mx\/index.php\/2024\/05\/20\/niegan-amparos-y-cambio-de-prision-preventiva-a-ex-colaboradora-de-garcia-luna\/"]}]},{"@type":"ImageObject","inLanguage":"es","@id":"https:\/\/fuentesfidedignas.com.mx\/index.php\/2024\/05\/20\/niegan-amparos-y-cambio-de-prision-preventiva-a-ex-colaboradora-de-garcia-luna\/#primaryimage","url":"https:\/\/fuentesfidedignas.com.mx\/wp-content\/uploads\/2023\/05\/G-luna.jpeg","contentUrl":"https:\/\/fuentesfidedignas.com.mx\/wp-content\/uploads\/2023\/05\/G-luna.jpeg","width":640,"height":360},{"@type":"BreadcrumbList","@id":"https:\/\/fuentesfidedignas.com.mx\/index.php\/2024\/05\/20\/niegan-amparos-y-cambio-de-prision-preventiva-a-ex-colaboradora-de-garcia-luna\/#breadcrumb","itemListElement":[{"@type":"ListItem","position":1,"name":"Inicio","item":"https:\/\/fuentesfidedignas.com.mx\/"},{"@type":"ListItem","position":2,"name":"Niegan amparos y cambio de prisi\u00f3n preventiva a ex colaboradora de Garc\u00eda Luna"}]},{"@type":"WebSite","@id":"https:\/\/fuentesfidedignas.com.mx\/#website","url":"https:\/\/fuentesfidedignas.com.mx\/","name":"Fuentes Fidedignas","description":"Otro sitio realizado con WordPress","publisher":{"@id":"https:\/\/fuentesfidedignas.com.mx\/#organization"},"potentialAction":[{"@type":"SearchAction","target":{"@type":"EntryPoint","urlTemplate":"https:\/\/fuentesfidedignas.com.mx\/?s={search_term_string}"},"query-input":{"@type":"PropertyValueSpecification","valueRequired":true,"valueName":"search_term_string"}}],"inLanguage":"es"},{"@type":"Organization","@id":"https:\/\/fuentesfidedignas.com.mx\/#organization","name":"Fuentes Fidedignas","url":"https:\/\/fuentesfidedignas.com.mx\/","logo":{"@type":"ImageObject","inLanguage":"es","@id":"https:\/\/fuentesfidedignas.com.mx\/#\/schema\/logo\/image\/","url":"https:\/\/fuentesfidedignas.com.mx\/wp-content\/uploads\/2021\/04\/logo-retina.png","contentUrl":"https:\/\/fuentesfidedignas.com.mx\/wp-content\/uploads\/2021\/04\/logo-retina.png","width":280,"height":51,"caption":"Fuentes Fidedignas"},"image":{"@id":"https:\/\/fuentesfidedignas.com.mx\/#\/schema\/logo\/image\/"},"sameAs":["https:\/\/www.facebook.com\/Fuentes-Fidedignas-368234489921644","https:\/\/x.com\/fidedignas"]},{"@type":"Person","@id":"https:\/\/fuentesfidedignas.com.mx\/#\/schema\/person\/47ec0135738f4b0c7495f06a77a2c976","name":"Milenio","image":{"@type":"ImageObject","inLanguage":"es","@id":"https:\/\/secure.gravatar.com\/avatar\/acabf7b54753e51c2c76457954577c236b3b764789b19879565769739d1e4a75?s=96&d=mm&r=g","url":"https:\/\/secure.gravatar.com\/avatar\/acabf7b54753e51c2c76457954577c236b3b764789b19879565769739d1e4a75?s=96&d=mm&r=g","contentUrl":"https:\/\/secure.gravatar.com\/avatar\/acabf7b54753e51c2c76457954577c236b3b764789b19879565769739d1e4a75?s=96&d=mm&r=g","caption":"Milenio"},"url":"https:\/\/fuentesfidedignas.com.mx\/index.php\/author\/milenio\/"}]}},"_links":{"self":[{"href":"https:\/\/fuentesfidedignas.com.mx\/index.php\/wp-json\/wp\/v2\/posts\/82099","targetHints":{"allow":["GET"]}}],"collection":[{"href":"https:\/\/fuentesfidedignas.com.mx\/index.php\/wp-json\/wp\/v2\/posts"}],"about":[{"href":"https:\/\/fuentesfidedignas.com.mx\/index.php\/wp-json\/wp\/v2\/types\/post"}],"author":[{"embeddable":true,"href":"https:\/\/fuentesfidedignas.com.mx\/index.php\/wp-json\/wp\/v2\/users\/9"}],"replies":[{"embeddable":true,"href":"https:\/\/fuentesfidedignas.com.mx\/index.php\/wp-json\/wp\/v2\/comments?post=82099"}],"version-history":[{"count":1,"href":"https:\/\/fuentesfidedignas.com.mx\/index.php\/wp-json\/wp\/v2\/posts\/82099\/revisions"}],"predecessor-version":[{"id":82100,"href":"https:\/\/fuentesfidedignas.com.mx\/index.php\/wp-json\/wp\/v2\/posts\/82099\/revisions\/82100"}],"wp:featuredmedia":[{"embeddable":true,"href":"https:\/\/fuentesfidedignas.com.mx\/index.php\/wp-json\/wp\/v2\/media\/48013"}],"wp:attachment":[{"href":"https:\/\/fuentesfidedignas.com.mx\/index.php\/wp-json\/wp\/v2\/media?parent=82099"}],"wp:term":[{"taxonomy":"category","embeddable":true,"href":"https:\/\/fuentesfidedignas.com.mx\/index.php\/wp-json\/wp\/v2\/categories?post=82099"},{"taxonomy":"post_tag","embeddable":true,"href":"https:\/\/fuentesfidedignas.com.mx\/index.php\/wp-json\/wp\/v2\/tags?post=82099"}],"curies":[{"name":"wp","href":"https:\/\/api.w.org\/{rel}","templated":true}]}}