{"id":82043,"date":"2024-05-20T09:42:03","date_gmt":"2024-05-20T16:42:03","guid":{"rendered":"https:\/\/fuentesfidedignas.com.mx\/?p=82043"},"modified":"2024-05-20T09:42:05","modified_gmt":"2024-05-20T16:42:05","slug":"atentan-en-estado-de-mexico-contra-candidata-de-morena-no-llego-a-debate","status":"publish","type":"post","link":"https:\/\/fuentesfidedignas.com.mx\/index.php\/2024\/05\/20\/atentan-en-estado-de-mexico-contra-candidata-de-morena-no-llego-a-debate\/","title":{"rendered":"Atentan en Estado de M\u00e9xico contra candidata de Morena; no lleg\u00f3 a debate"},"content":{"rendered":"\n<p><strong><em>La candidata de Morena a la Presidencia Municipal de Ocoyoacac, Nancy Vald\u00e9s, fue v\u00edctima de un atentado cuando se dirig\u00eda a un debate<\/em><\/strong><\/p>\n\n\n\n<p>Estado de M\u00e9xico.- <strong>Nancy Vald\u00e9s<\/strong>,&nbsp;<strong>candidata<\/strong>&nbsp;de Morena a la Presidencia Municipal de&nbsp;<strong>Ocoyoacac<\/strong>, en el Estado de M\u00e9xico, fue&nbsp;<strong>v\u00edctima<\/strong>&nbsp;de un&nbsp;<strong>atentado<\/strong>.<\/p>\n\n\n\n<p>La pol\u00edtica fue interceptada la tarde del domingo, cuando se dirig\u00eda al Instituto Electoral del Estado de M\u00e9xico (IEEM) para participar en un debate.<\/p>\n\n\n\n<p>Sujetos a bordo de una motocicleta&nbsp;<strong>dispararon<\/strong>&nbsp;contra el&nbsp;<strong>veh\u00edculo<\/strong>&nbsp;en el que viajaba la&nbsp;<strong>candidata<\/strong>, sobre la&nbsp;<strong>carretera federal Toluca-M\u00e9xico<\/strong>.<\/p>\n\n\n\n<p>La Secretar\u00eda de Seguridad del Estado de M\u00e9xico (SSEM) inform\u00f3 que el auto de la pol\u00edtica recibi\u00f3 cinco impactos por arma de fuego.<\/p>\n\n\n\n<p>Nancy Vald\u00e9s result\u00f3 ilesa y tras una evaluaci\u00f3n por parte de Protecci\u00f3n Civil fue escoltada hasta su casa, de modo que ya no particip\u00f3 en el debate por la Presidencia Municipal de Ocoyoacac.<\/p>\n\n\n\n<p>La candidata por la coalici\u00f3n Juntos Seguimos Haciendo Historia conden\u00f3 el atentado en su contra, mismo que expuso, pone de manifiesto \u201cel nivel de intolerancia y desesperaci\u00f3n que ciertos sectores demuestran frente a mi labor\u201d.<\/p>\n\n\n\n<p>Asegur\u00f3 que pese la agresi\u00f3n armada en su contra \u201ccontinuar\u00e9 firmemente en mi misi\u00f3n de construir un Ocoyoacac mejor, sin permitir que la violencia y la intimidaci\u00f3n me amedrenten\u201d.<\/p>\n","protected":false},"excerpt":{"rendered":"<p>La candidata de Morena a la Presidencia Municipal de Ocoyoacac, Nancy Vald\u00e9s, fue v\u00edctima de un atentado cuando se dirig\u00eda a un debate Estado de M\u00e9xico.- Nancy Vald\u00e9s,&nbsp;candidata&nbsp;de Morena a la Presidencia Municipal de&nbsp;Ocoyoacac, en el Estado de M\u00e9xico, fue&nbsp;v\u00edctima&nbsp;de un&nbsp;atentado. La pol\u00edtica fue interceptada la tarde del domingo, cuando se dirig\u00eda al Instituto Electoral [&hellip;]<\/p>\n","protected":false},"author":47,"featured_media":82042,"comment_status":"open","ping_status":"open","sticky":false,"template":"","format":"standard","meta":{"tdm_status":"","tdm_grid_status":"","footnotes":""},"categories":[39],"tags":[],"class_list":{"0":"post-82043","1":"post","2":"type-post","3":"status-publish","4":"format-standard","5":"has-post-thumbnail","7":"category-noticias-nacionales"},"yoast_head":"<!-- This site is optimized with the Yoast SEO plugin v27.5 - https:\/\/yoast.com\/product\/yoast-seo-wordpress\/ -->\n<title>Atentan en Estado de M\u00e9xico contra candidata de Morena; no lleg\u00f3 a debate - Fuentes Fidedignas<\/title>\n<meta name=\"robots\" content=\"index, follow, max-snippet:-1, max-image-preview:large, max-video-preview:-1\" \/>\n<link rel=\"canonical\" href=\"https:\/\/fuentesfidedignas.com.mx\/index.php\/2024\/05\/20\/atentan-en-estado-de-mexico-contra-candidata-de-morena-no-llego-a-debate\/\" \/>\n<meta property=\"og:locale\" content=\"es_MX\" \/>\n<meta property=\"og:type\" content=\"article\" \/>\n<meta property=\"og:title\" content=\"Atentan en Estado de M\u00e9xico contra candidata de Morena; no lleg\u00f3 a debate - Fuentes Fidedignas\" \/>\n<meta property=\"og:description\" content=\"La candidata de Morena a la Presidencia Municipal de Ocoyoacac, Nancy Vald\u00e9s, fue v\u00edctima de un atentado cuando se dirig\u00eda a un debate Estado de M\u00e9xico.- Nancy Vald\u00e9s,&nbsp;candidata&nbsp;de Morena a la Presidencia Municipal de&nbsp;Ocoyoacac, en el Estado de M\u00e9xico, fue&nbsp;v\u00edctima&nbsp;de un&nbsp;atentado. La pol\u00edtica fue interceptada la tarde del domingo, cuando se dirig\u00eda al Instituto Electoral [&hellip;]\" \/>\n<meta property=\"og:url\" content=\"https:\/\/fuentesfidedignas.com.mx\/index.php\/2024\/05\/20\/atentan-en-estado-de-mexico-contra-candidata-de-morena-no-llego-a-debate\/\" \/>\n<meta property=\"og:site_name\" content=\"Fuentes Fidedignas\" \/>\n<meta property=\"article:publisher\" content=\"https:\/\/www.facebook.com\/Fuentes-Fidedignas-368234489921644\" \/>\n<meta property=\"article:published_time\" content=\"2024-05-20T16:42:03+00:00\" \/>\n<meta property=\"article:modified_time\" content=\"2024-05-20T16:42:05+00:00\" \/>\n<meta property=\"og:image\" content=\"https:\/\/fuentesfidedignas.com.mx\/wp-content\/uploads\/2024\/05\/img_4547-1.jpg\" \/>\n\t<meta property=\"og:image:width\" content=\"1024\" \/>\n\t<meta property=\"og:image:height\" content=\"576\" \/>\n\t<meta property=\"og:image:type\" content=\"image\/jpeg\" \/>\n<meta name=\"author\" content=\"L\u00f3pez D\u00f3riga\" \/>\n<meta name=\"twitter:card\" content=\"summary_large_image\" \/>\n<meta name=\"twitter:creator\" content=\"@fidedignas\" \/>\n<meta name=\"twitter:site\" content=\"@fidedignas\" \/>\n<meta name=\"twitter:label1\" content=\"Escrito por\" \/>\n\t<meta name=\"twitter:data1\" content=\"L\u00f3pez D\u00f3riga\" \/>\n\t<meta name=\"twitter:label2\" content=\"Tiempo de lectura\" \/>\n\t<meta name=\"twitter:data2\" content=\"1 minuto\" \/>\n<script type=\"application\/ld+json\" class=\"yoast-schema-graph\">{\"@context\":\"https:\\\/\\\/schema.org\",\"@graph\":[{\"@type\":\"Article\",\"@id\":\"https:\\\/\\\/fuentesfidedignas.com.mx\\\/index.php\\\/2024\\\/05\\\/20\\\/atentan-en-estado-de-mexico-contra-candidata-de-morena-no-llego-a-debate\\\/#article\",\"isPartOf\":{\"@id\":\"https:\\\/\\\/fuentesfidedignas.com.mx\\\/index.php\\\/2024\\\/05\\\/20\\\/atentan-en-estado-de-mexico-contra-candidata-de-morena-no-llego-a-debate\\\/\"},\"author\":{\"name\":\"L\u00f3pez D\u00f3riga\",\"@id\":\"https:\\\/\\\/fuentesfidedignas.com.mx\\\/#\\\/schema\\\/person\\\/67d852f0557c8509146a4b9ddebd543a\"},\"headline\":\"Atentan en Estado de M\u00e9xico contra candidata de Morena; no lleg\u00f3 a debate\",\"datePublished\":\"2024-05-20T16:42:03+00:00\",\"dateModified\":\"2024-05-20T16:42:05+00:00\",\"mainEntityOfPage\":{\"@id\":\"https:\\\/\\\/fuentesfidedignas.com.mx\\\/index.php\\\/2024\\\/05\\\/20\\\/atentan-en-estado-de-mexico-contra-candidata-de-morena-no-llego-a-debate\\\/\"},\"wordCount\":262,\"commentCount\":0,\"publisher\":{\"@id\":\"https:\\\/\\\/fuentesfidedignas.com.mx\\\/#organization\"},\"image\":{\"@id\":\"https:\\\/\\\/fuentesfidedignas.com.mx\\\/index.php\\\/2024\\\/05\\\/20\\\/atentan-en-estado-de-mexico-contra-candidata-de-morena-no-llego-a-debate\\\/#primaryimage\"},\"thumbnailUrl\":\"https:\\\/\\\/fuentesfidedignas.com.mx\\\/wp-content\\\/uploads\\\/2024\\\/05\\\/img_4547-1.jpg\",\"articleSection\":[\"NOTICIAS NACIONALES\"],\"inLanguage\":\"es\",\"potentialAction\":[{\"@type\":\"CommentAction\",\"name\":\"Comment\",\"target\":[\"https:\\\/\\\/fuentesfidedignas.com.mx\\\/index.php\\\/2024\\\/05\\\/20\\\/atentan-en-estado-de-mexico-contra-candidata-de-morena-no-llego-a-debate\\\/#respond\"]}]},{\"@type\":\"WebPage\",\"@id\":\"https:\\\/\\\/fuentesfidedignas.com.mx\\\/index.php\\\/2024\\\/05\\\/20\\\/atentan-en-estado-de-mexico-contra-candidata-de-morena-no-llego-a-debate\\\/\",\"url\":\"https:\\\/\\\/fuentesfidedignas.com.mx\\\/index.php\\\/2024\\\/05\\\/20\\\/atentan-en-estado-de-mexico-contra-candidata-de-morena-no-llego-a-debate\\\/\",\"name\":\"Atentan en Estado de M\u00e9xico contra candidata de Morena; no lleg\u00f3 a debate - Fuentes Fidedignas\",\"isPartOf\":{\"@id\":\"https:\\\/\\\/fuentesfidedignas.com.mx\\\/#website\"},\"primaryImageOfPage\":{\"@id\":\"https:\\\/\\\/fuentesfidedignas.com.mx\\\/index.php\\\/2024\\\/05\\\/20\\\/atentan-en-estado-de-mexico-contra-candidata-de-morena-no-llego-a-debate\\\/#primaryimage\"},\"image\":{\"@id\":\"https:\\\/\\\/fuentesfidedignas.com.mx\\\/index.php\\\/2024\\\/05\\\/20\\\/atentan-en-estado-de-mexico-contra-candidata-de-morena-no-llego-a-debate\\\/#primaryimage\"},\"thumbnailUrl\":\"https:\\\/\\\/fuentesfidedignas.com.mx\\\/wp-content\\\/uploads\\\/2024\\\/05\\\/img_4547-1.jpg\",\"datePublished\":\"2024-05-20T16:42:03+00:00\",\"dateModified\":\"2024-05-20T16:42:05+00:00\",\"breadcrumb\":{\"@id\":\"https:\\\/\\\/fuentesfidedignas.com.mx\\\/index.php\\\/2024\\\/05\\\/20\\\/atentan-en-estado-de-mexico-contra-candidata-de-morena-no-llego-a-debate\\\/#breadcrumb\"},\"inLanguage\":\"es\",\"potentialAction\":[{\"@type\":\"ReadAction\",\"target\":[\"https:\\\/\\\/fuentesfidedignas.com.mx\\\/index.php\\\/2024\\\/05\\\/20\\\/atentan-en-estado-de-mexico-contra-candidata-de-morena-no-llego-a-debate\\\/\"]}]},{\"@type\":\"ImageObject\",\"inLanguage\":\"es\",\"@id\":\"https:\\\/\\\/fuentesfidedignas.com.mx\\\/index.php\\\/2024\\\/05\\\/20\\\/atentan-en-estado-de-mexico-contra-candidata-de-morena-no-llego-a-debate\\\/#primaryimage\",\"url\":\"https:\\\/\\\/fuentesfidedignas.com.mx\\\/wp-content\\\/uploads\\\/2024\\\/05\\\/img_4547-1.jpg\",\"contentUrl\":\"https:\\\/\\\/fuentesfidedignas.com.mx\\\/wp-content\\\/uploads\\\/2024\\\/05\\\/img_4547-1.jpg\",\"width\":1024,\"height\":576},{\"@type\":\"BreadcrumbList\",\"@id\":\"https:\\\/\\\/fuentesfidedignas.com.mx\\\/index.php\\\/2024\\\/05\\\/20\\\/atentan-en-estado-de-mexico-contra-candidata-de-morena-no-llego-a-debate\\\/#breadcrumb\",\"itemListElement\":[{\"@type\":\"ListItem\",\"position\":1,\"name\":\"Inicio\",\"item\":\"https:\\\/\\\/fuentesfidedignas.com.mx\\\/\"},{\"@type\":\"ListItem\",\"position\":2,\"name\":\"Atentan en Estado de M\u00e9xico contra candidata de Morena; no lleg\u00f3 a debate\"}]},{\"@type\":\"WebSite\",\"@id\":\"https:\\\/\\\/fuentesfidedignas.com.mx\\\/#website\",\"url\":\"https:\\\/\\\/fuentesfidedignas.com.mx\\\/\",\"name\":\"Fuentes Fidedignas\",\"description\":\"Otro sitio realizado con WordPress\",\"publisher\":{\"@id\":\"https:\\\/\\\/fuentesfidedignas.com.mx\\\/#organization\"},\"potentialAction\":[{\"@type\":\"SearchAction\",\"target\":{\"@type\":\"EntryPoint\",\"urlTemplate\":\"https:\\\/\\\/fuentesfidedignas.com.mx\\\/?s={search_term_string}\"},\"query-input\":{\"@type\":\"PropertyValueSpecification\",\"valueRequired\":true,\"valueName\":\"search_term_string\"}}],\"inLanguage\":\"es\"},{\"@type\":\"Organization\",\"@id\":\"https:\\\/\\\/fuentesfidedignas.com.mx\\\/#organization\",\"name\":\"Fuentes Fidedignas\",\"url\":\"https:\\\/\\\/fuentesfidedignas.com.mx\\\/\",\"logo\":{\"@type\":\"ImageObject\",\"inLanguage\":\"es\",\"@id\":\"https:\\\/\\\/fuentesfidedignas.com.mx\\\/#\\\/schema\\\/logo\\\/image\\\/\",\"url\":\"https:\\\/\\\/fuentesfidedignas.com.mx\\\/wp-content\\\/uploads\\\/2021\\\/04\\\/logo-retina.png\",\"contentUrl\":\"https:\\\/\\\/fuentesfidedignas.com.mx\\\/wp-content\\\/uploads\\\/2021\\\/04\\\/logo-retina.png\",\"width\":280,\"height\":51,\"caption\":\"Fuentes Fidedignas\"},\"image\":{\"@id\":\"https:\\\/\\\/fuentesfidedignas.com.mx\\\/#\\\/schema\\\/logo\\\/image\\\/\"},\"sameAs\":[\"https:\\\/\\\/www.facebook.com\\\/Fuentes-Fidedignas-368234489921644\",\"https:\\\/\\\/x.com\\\/fidedignas\"]},{\"@type\":\"Person\",\"@id\":\"https:\\\/\\\/fuentesfidedignas.com.mx\\\/#\\\/schema\\\/person\\\/67d852f0557c8509146a4b9ddebd543a\",\"name\":\"L\u00f3pez D\u00f3riga\",\"image\":{\"@type\":\"ImageObject\",\"inLanguage\":\"es\",\"@id\":\"https:\\\/\\\/secure.gravatar.com\\\/avatar\\\/e525b06574ca18b33cded59dfe5778d6c823b9513154eff47da551b0551bdd1e?s=96&d=mm&r=g\",\"url\":\"https:\\\/\\\/secure.gravatar.com\\\/avatar\\\/e525b06574ca18b33cded59dfe5778d6c823b9513154eff47da551b0551bdd1e?s=96&d=mm&r=g\",\"contentUrl\":\"https:\\\/\\\/secure.gravatar.com\\\/avatar\\\/e525b06574ca18b33cded59dfe5778d6c823b9513154eff47da551b0551bdd1e?s=96&d=mm&r=g\",\"caption\":\"L\u00f3pez D\u00f3riga\"},\"url\":\"https:\\\/\\\/fuentesfidedignas.com.mx\\\/index.php\\\/author\\\/doriga\\\/\"}]}<\/script>\n<!-- \/ Yoast SEO plugin. -->","yoast_head_json":{"title":"Atentan en Estado de M\u00e9xico contra candidata de Morena; no lleg\u00f3 a debate - Fuentes Fidedignas","robots":{"index":"index","follow":"follow","max-snippet":"max-snippet:-1","max-image-preview":"max-image-preview:large","max-video-preview":"max-video-preview:-1"},"canonical":"https:\/\/fuentesfidedignas.com.mx\/index.php\/2024\/05\/20\/atentan-en-estado-de-mexico-contra-candidata-de-morena-no-llego-a-debate\/","og_locale":"es_MX","og_type":"article","og_title":"Atentan en Estado de M\u00e9xico contra candidata de Morena; no lleg\u00f3 a debate - Fuentes Fidedignas","og_description":"La candidata de Morena a la Presidencia Municipal de Ocoyoacac, Nancy Vald\u00e9s, fue v\u00edctima de un atentado cuando se dirig\u00eda a un debate Estado de M\u00e9xico.- Nancy Vald\u00e9s,&nbsp;candidata&nbsp;de Morena a la Presidencia Municipal de&nbsp;Ocoyoacac, en el Estado de M\u00e9xico, fue&nbsp;v\u00edctima&nbsp;de un&nbsp;atentado. La pol\u00edtica fue interceptada la tarde del domingo, cuando se dirig\u00eda al Instituto Electoral [&hellip;]","og_url":"https:\/\/fuentesfidedignas.com.mx\/index.php\/2024\/05\/20\/atentan-en-estado-de-mexico-contra-candidata-de-morena-no-llego-a-debate\/","og_site_name":"Fuentes Fidedignas","article_publisher":"https:\/\/www.facebook.com\/Fuentes-Fidedignas-368234489921644","article_published_time":"2024-05-20T16:42:03+00:00","article_modified_time":"2024-05-20T16:42:05+00:00","og_image":[{"width":1024,"height":576,"url":"https:\/\/fuentesfidedignas.com.mx\/wp-content\/uploads\/2024\/05\/img_4547-1.jpg","type":"image\/jpeg"}],"author":"L\u00f3pez D\u00f3riga","twitter_card":"summary_large_image","twitter_creator":"@fidedignas","twitter_site":"@fidedignas","twitter_misc":{"Escrito por":"L\u00f3pez D\u00f3riga","Tiempo de lectura":"1 minuto"},"schema":{"@context":"https:\/\/schema.org","@graph":[{"@type":"Article","@id":"https:\/\/fuentesfidedignas.com.mx\/index.php\/2024\/05\/20\/atentan-en-estado-de-mexico-contra-candidata-de-morena-no-llego-a-debate\/#article","isPartOf":{"@id":"https:\/\/fuentesfidedignas.com.mx\/index.php\/2024\/05\/20\/atentan-en-estado-de-mexico-contra-candidata-de-morena-no-llego-a-debate\/"},"author":{"name":"L\u00f3pez D\u00f3riga","@id":"https:\/\/fuentesfidedignas.com.mx\/#\/schema\/person\/67d852f0557c8509146a4b9ddebd543a"},"headline":"Atentan en Estado de M\u00e9xico contra candidata de Morena; no lleg\u00f3 a debate","datePublished":"2024-05-20T16:42:03+00:00","dateModified":"2024-05-20T16:42:05+00:00","mainEntityOfPage":{"@id":"https:\/\/fuentesfidedignas.com.mx\/index.php\/2024\/05\/20\/atentan-en-estado-de-mexico-contra-candidata-de-morena-no-llego-a-debate\/"},"wordCount":262,"commentCount":0,"publisher":{"@id":"https:\/\/fuentesfidedignas.com.mx\/#organization"},"image":{"@id":"https:\/\/fuentesfidedignas.com.mx\/index.php\/2024\/05\/20\/atentan-en-estado-de-mexico-contra-candidata-de-morena-no-llego-a-debate\/#primaryimage"},"thumbnailUrl":"https:\/\/fuentesfidedignas.com.mx\/wp-content\/uploads\/2024\/05\/img_4547-1.jpg","articleSection":["NOTICIAS NACIONALES"],"inLanguage":"es","potentialAction":[{"@type":"CommentAction","name":"Comment","target":["https:\/\/fuentesfidedignas.com.mx\/index.php\/2024\/05\/20\/atentan-en-estado-de-mexico-contra-candidata-de-morena-no-llego-a-debate\/#respond"]}]},{"@type":"WebPage","@id":"https:\/\/fuentesfidedignas.com.mx\/index.php\/2024\/05\/20\/atentan-en-estado-de-mexico-contra-candidata-de-morena-no-llego-a-debate\/","url":"https:\/\/fuentesfidedignas.com.mx\/index.php\/2024\/05\/20\/atentan-en-estado-de-mexico-contra-candidata-de-morena-no-llego-a-debate\/","name":"Atentan en Estado de M\u00e9xico contra candidata de Morena; no lleg\u00f3 a debate - Fuentes Fidedignas","isPartOf":{"@id":"https:\/\/fuentesfidedignas.com.mx\/#website"},"primaryImageOfPage":{"@id":"https:\/\/fuentesfidedignas.com.mx\/index.php\/2024\/05\/20\/atentan-en-estado-de-mexico-contra-candidata-de-morena-no-llego-a-debate\/#primaryimage"},"image":{"@id":"https:\/\/fuentesfidedignas.com.mx\/index.php\/2024\/05\/20\/atentan-en-estado-de-mexico-contra-candidata-de-morena-no-llego-a-debate\/#primaryimage"},"thumbnailUrl":"https:\/\/fuentesfidedignas.com.mx\/wp-content\/uploads\/2024\/05\/img_4547-1.jpg","datePublished":"2024-05-20T16:42:03+00:00","dateModified":"2024-05-20T16:42:05+00:00","breadcrumb":{"@id":"https:\/\/fuentesfidedignas.com.mx\/index.php\/2024\/05\/20\/atentan-en-estado-de-mexico-contra-candidata-de-morena-no-llego-a-debate\/#breadcrumb"},"inLanguage":"es","potentialAction":[{"@type":"ReadAction","target":["https:\/\/fuentesfidedignas.com.mx\/index.php\/2024\/05\/20\/atentan-en-estado-de-mexico-contra-candidata-de-morena-no-llego-a-debate\/"]}]},{"@type":"ImageObject","inLanguage":"es","@id":"https:\/\/fuentesfidedignas.com.mx\/index.php\/2024\/05\/20\/atentan-en-estado-de-mexico-contra-candidata-de-morena-no-llego-a-debate\/#primaryimage","url":"https:\/\/fuentesfidedignas.com.mx\/wp-content\/uploads\/2024\/05\/img_4547-1.jpg","contentUrl":"https:\/\/fuentesfidedignas.com.mx\/wp-content\/uploads\/2024\/05\/img_4547-1.jpg","width":1024,"height":576},{"@type":"BreadcrumbList","@id":"https:\/\/fuentesfidedignas.com.mx\/index.php\/2024\/05\/20\/atentan-en-estado-de-mexico-contra-candidata-de-morena-no-llego-a-debate\/#breadcrumb","itemListElement":[{"@type":"ListItem","position":1,"name":"Inicio","item":"https:\/\/fuentesfidedignas.com.mx\/"},{"@type":"ListItem","position":2,"name":"Atentan en Estado de M\u00e9xico contra candidata de Morena; no lleg\u00f3 a debate"}]},{"@type":"WebSite","@id":"https:\/\/fuentesfidedignas.com.mx\/#website","url":"https:\/\/fuentesfidedignas.com.mx\/","name":"Fuentes Fidedignas","description":"Otro sitio realizado con WordPress","publisher":{"@id":"https:\/\/fuentesfidedignas.com.mx\/#organization"},"potentialAction":[{"@type":"SearchAction","target":{"@type":"EntryPoint","urlTemplate":"https:\/\/fuentesfidedignas.com.mx\/?s={search_term_string}"},"query-input":{"@type":"PropertyValueSpecification","valueRequired":true,"valueName":"search_term_string"}}],"inLanguage":"es"},{"@type":"Organization","@id":"https:\/\/fuentesfidedignas.com.mx\/#organization","name":"Fuentes Fidedignas","url":"https:\/\/fuentesfidedignas.com.mx\/","logo":{"@type":"ImageObject","inLanguage":"es","@id":"https:\/\/fuentesfidedignas.com.mx\/#\/schema\/logo\/image\/","url":"https:\/\/fuentesfidedignas.com.mx\/wp-content\/uploads\/2021\/04\/logo-retina.png","contentUrl":"https:\/\/fuentesfidedignas.com.mx\/wp-content\/uploads\/2021\/04\/logo-retina.png","width":280,"height":51,"caption":"Fuentes Fidedignas"},"image":{"@id":"https:\/\/fuentesfidedignas.com.mx\/#\/schema\/logo\/image\/"},"sameAs":["https:\/\/www.facebook.com\/Fuentes-Fidedignas-368234489921644","https:\/\/x.com\/fidedignas"]},{"@type":"Person","@id":"https:\/\/fuentesfidedignas.com.mx\/#\/schema\/person\/67d852f0557c8509146a4b9ddebd543a","name":"L\u00f3pez D\u00f3riga","image":{"@type":"ImageObject","inLanguage":"es","@id":"https:\/\/secure.gravatar.com\/avatar\/e525b06574ca18b33cded59dfe5778d6c823b9513154eff47da551b0551bdd1e?s=96&d=mm&r=g","url":"https:\/\/secure.gravatar.com\/avatar\/e525b06574ca18b33cded59dfe5778d6c823b9513154eff47da551b0551bdd1e?s=96&d=mm&r=g","contentUrl":"https:\/\/secure.gravatar.com\/avatar\/e525b06574ca18b33cded59dfe5778d6c823b9513154eff47da551b0551bdd1e?s=96&d=mm&r=g","caption":"L\u00f3pez D\u00f3riga"},"url":"https:\/\/fuentesfidedignas.com.mx\/index.php\/author\/doriga\/"}]}},"_links":{"self":[{"href":"https:\/\/fuentesfidedignas.com.mx\/index.php\/wp-json\/wp\/v2\/posts\/82043","targetHints":{"allow":["GET"]}}],"collection":[{"href":"https:\/\/fuentesfidedignas.com.mx\/index.php\/wp-json\/wp\/v2\/posts"}],"about":[{"href":"https:\/\/fuentesfidedignas.com.mx\/index.php\/wp-json\/wp\/v2\/types\/post"}],"author":[{"embeddable":true,"href":"https:\/\/fuentesfidedignas.com.mx\/index.php\/wp-json\/wp\/v2\/users\/47"}],"replies":[{"embeddable":true,"href":"https:\/\/fuentesfidedignas.com.mx\/index.php\/wp-json\/wp\/v2\/comments?post=82043"}],"version-history":[{"count":1,"href":"https:\/\/fuentesfidedignas.com.mx\/index.php\/wp-json\/wp\/v2\/posts\/82043\/revisions"}],"predecessor-version":[{"id":82044,"href":"https:\/\/fuentesfidedignas.com.mx\/index.php\/wp-json\/wp\/v2\/posts\/82043\/revisions\/82044"}],"wp:featuredmedia":[{"embeddable":true,"href":"https:\/\/fuentesfidedignas.com.mx\/index.php\/wp-json\/wp\/v2\/media\/82042"}],"wp:attachment":[{"href":"https:\/\/fuentesfidedignas.com.mx\/index.php\/wp-json\/wp\/v2\/media?parent=82043"}],"wp:term":[{"taxonomy":"category","embeddable":true,"href":"https:\/\/fuentesfidedignas.com.mx\/index.php\/wp-json\/wp\/v2\/categories?post=82043"},{"taxonomy":"post_tag","embeddable":true,"href":"https:\/\/fuentesfidedignas.com.mx\/index.php\/wp-json\/wp\/v2\/tags?post=82043"}],"curies":[{"name":"wp","href":"https:\/\/api.w.org\/{rel}","templated":true}]}}