{"id":81907,"date":"2024-05-18T09:51:28","date_gmt":"2024-05-18T16:51:28","guid":{"rendered":"https:\/\/fuentesfidedignas.com.mx\/?p=81907"},"modified":"2024-05-18T09:51:31","modified_gmt":"2024-05-18T16:51:31","slug":"con-gran-exito-se-llevo-a-cabo-el-rally-deportivo-mazatlan-2024-organizado-por-el-pas","status":"publish","type":"post","link":"https:\/\/fuentesfidedignas.com.mx\/index.php\/2024\/05\/18\/con-gran-exito-se-llevo-a-cabo-el-rally-deportivo-mazatlan-2024-organizado-por-el-pas\/","title":{"rendered":"Con gran \u00e9xito se llev\u00f3 a cabo el Rally Deportivo Mazatl\u00e1n 2024 organizado por el PAS"},"content":{"rendered":"\n<p><em>Con su voto este 2 de junio, los j\u00f3venes tendr\u00e1n la oportunidad de rescatar a M\u00e9xico y a Sinaloa: Cu\u00e9n Ojeda.<\/em><\/p>\n\n\n\n<p><em>Mazatl\u00e1n, Sin.-<\/em> Con una gran participaci\u00f3n de j\u00f3venes, en Mazatl\u00e1n se llev\u00f3 a cabo el Rally Deportivo Mazatl\u00e1n 2024, en el que estuvo presente el MC. H\u00e9ctor Melesio Cu\u00e9n Ojeda, encargado de definir al ganador y ante tan apretada final, decidi\u00f3 que los equipos 17 y 25 obtendr\u00e1n el primer lugar compartido de 30 equipos participantes.<\/p>\n\n\n\n<p>En el encuentro deportivo de armon\u00eda y sana convivencia, el candidato a diputado federal felicit\u00f3 al PAS por fomentar el deporte y el compa\u00f1erismo, ya que este tipo de actividades genera actitud y disciplina, cualidades que los j\u00f3venes podr\u00e1n desarrollar y llevar a lo largo de su vida.<\/p>\n\n\n\n<p>&#8220;La Juventud juega un papel fundamental en toda actividad, recuerden que siempre es importante participar y el 2 de junio se dar\u00e1 una participaci\u00f3n importante y con su voto, los j\u00f3venes tendr\u00e1n la oportunidad de rescatar a M\u00e9xico y a Sinaloa, por lo que dijo, no permitan que otros tomen la decisi\u00f3n por ustedes&#8221;.<\/p>\n\n\n\n<p>Cu\u00e9n Ojeda se\u00f1al\u00f3 que el padr\u00f3n electoral en M\u00e9xico en su mayor\u00eda la conforman los j\u00f3venes, y son ellos, quienes van a inclinar la balanza. &#8220;Sean ustedes los j\u00f3venes un ejemplo de este ejercicio democratico para escoger a los mejores hombres y mujeres quienes ser\u00e1n los que gobiernen a M\u00e9xico, para transistar a un pa\u00eds desarrollado&#8221;. Concluy\u00f3 el l\u00edder pasista.<\/p>\n","protected":false},"excerpt":{"rendered":"<p>Con su voto este 2 de junio, los j\u00f3venes tendr\u00e1n la oportunidad de rescatar a M\u00e9xico y a Sinaloa: Cu\u00e9n Ojeda. Mazatl\u00e1n, Sin.- Con una gran participaci\u00f3n de j\u00f3venes, en Mazatl\u00e1n se llev\u00f3 a cabo el Rally Deportivo Mazatl\u00e1n 2024, en el que estuvo presente el MC. H\u00e9ctor Melesio Cu\u00e9n Ojeda, encargado de definir al [&hellip;]<\/p>\n","protected":false},"author":4,"featured_media":81906,"comment_status":"open","ping_status":"open","sticky":false,"template":"","format":"standard","meta":{"tdm_status":"","tdm_grid_status":"","footnotes":""},"categories":[38],"tags":[],"class_list":{"0":"post-81907","1":"post","2":"type-post","3":"status-publish","4":"format-standard","5":"has-post-thumbnail","7":"category-noticias-locales"},"yoast_head":"<!-- This site is optimized with the Yoast SEO plugin v27.4 - https:\/\/yoast.com\/product\/yoast-seo-wordpress\/ -->\n<title>Con gran \u00e9xito se llev\u00f3 a cabo el Rally Deportivo Mazatl\u00e1n 2024 organizado por el PAS - Fuentes Fidedignas<\/title>\n<meta name=\"robots\" content=\"index, follow, max-snippet:-1, max-image-preview:large, max-video-preview:-1\" \/>\n<link rel=\"canonical\" href=\"https:\/\/fuentesfidedignas.com.mx\/index.php\/2024\/05\/18\/con-gran-exito-se-llevo-a-cabo-el-rally-deportivo-mazatlan-2024-organizado-por-el-pas\/\" \/>\n<meta property=\"og:locale\" content=\"es_MX\" \/>\n<meta property=\"og:type\" content=\"article\" \/>\n<meta property=\"og:title\" content=\"Con gran \u00e9xito se llev\u00f3 a cabo el Rally Deportivo Mazatl\u00e1n 2024 organizado por el PAS - Fuentes Fidedignas\" \/>\n<meta property=\"og:description\" content=\"Con su voto este 2 de junio, los j\u00f3venes tendr\u00e1n la oportunidad de rescatar a M\u00e9xico y a Sinaloa: Cu\u00e9n Ojeda. Mazatl\u00e1n, Sin.- Con una gran participaci\u00f3n de j\u00f3venes, en Mazatl\u00e1n se llev\u00f3 a cabo el Rally Deportivo Mazatl\u00e1n 2024, en el que estuvo presente el MC. H\u00e9ctor Melesio Cu\u00e9n Ojeda, encargado de definir al [&hellip;]\" \/>\n<meta property=\"og:url\" content=\"https:\/\/fuentesfidedignas.com.mx\/index.php\/2024\/05\/18\/con-gran-exito-se-llevo-a-cabo-el-rally-deportivo-mazatlan-2024-organizado-por-el-pas\/\" \/>\n<meta property=\"og:site_name\" content=\"Fuentes Fidedignas\" \/>\n<meta property=\"article:publisher\" content=\"https:\/\/www.facebook.com\/Fuentes-Fidedignas-368234489921644\" \/>\n<meta property=\"article:published_time\" content=\"2024-05-18T16:51:28+00:00\" \/>\n<meta property=\"article:modified_time\" content=\"2024-05-18T16:51:31+00:00\" \/>\n<meta property=\"og:image\" content=\"https:\/\/fuentesfidedignas.com.mx\/wp-content\/uploads\/2024\/05\/afb483af-9b66-4dae-89ee-6e88265da369-1.jpg\" \/>\n\t<meta property=\"og:image:width\" content=\"1600\" \/>\n\t<meta property=\"og:image:height\" content=\"1067\" \/>\n\t<meta property=\"og:image:type\" content=\"image\/jpeg\" \/>\n<meta name=\"author\" content=\"Redacci\u00f3n\" \/>\n<meta name=\"twitter:card\" content=\"summary_large_image\" \/>\n<meta name=\"twitter:creator\" content=\"@fidedignas\" \/>\n<meta name=\"twitter:site\" content=\"@fidedignas\" \/>\n<meta name=\"twitter:label1\" content=\"Escrito por\" \/>\n\t<meta name=\"twitter:data1\" content=\"Redacci\u00f3n\" \/>\n\t<meta name=\"twitter:label2\" content=\"Tiempo de lectura\" \/>\n\t<meta name=\"twitter:data2\" content=\"1 minuto\" \/>\n<script type=\"application\/ld+json\" class=\"yoast-schema-graph\">{\"@context\":\"https:\\\/\\\/schema.org\",\"@graph\":[{\"@type\":\"Article\",\"@id\":\"https:\\\/\\\/fuentesfidedignas.com.mx\\\/index.php\\\/2024\\\/05\\\/18\\\/con-gran-exito-se-llevo-a-cabo-el-rally-deportivo-mazatlan-2024-organizado-por-el-pas\\\/#article\",\"isPartOf\":{\"@id\":\"https:\\\/\\\/fuentesfidedignas.com.mx\\\/index.php\\\/2024\\\/05\\\/18\\\/con-gran-exito-se-llevo-a-cabo-el-rally-deportivo-mazatlan-2024-organizado-por-el-pas\\\/\"},\"author\":{\"name\":\"Redacci\u00f3n\",\"@id\":\"https:\\\/\\\/fuentesfidedignas.com.mx\\\/#\\\/schema\\\/person\\\/331be9283d37198e2acd5750279085b0\"},\"headline\":\"Con gran \u00e9xito se llev\u00f3 a cabo el Rally Deportivo Mazatl\u00e1n 2024 organizado por el PAS\",\"datePublished\":\"2024-05-18T16:51:28+00:00\",\"dateModified\":\"2024-05-18T16:51:31+00:00\",\"mainEntityOfPage\":{\"@id\":\"https:\\\/\\\/fuentesfidedignas.com.mx\\\/index.php\\\/2024\\\/05\\\/18\\\/con-gran-exito-se-llevo-a-cabo-el-rally-deportivo-mazatlan-2024-organizado-por-el-pas\\\/\"},\"wordCount\":282,\"commentCount\":0,\"publisher\":{\"@id\":\"https:\\\/\\\/fuentesfidedignas.com.mx\\\/#organization\"},\"image\":{\"@id\":\"https:\\\/\\\/fuentesfidedignas.com.mx\\\/index.php\\\/2024\\\/05\\\/18\\\/con-gran-exito-se-llevo-a-cabo-el-rally-deportivo-mazatlan-2024-organizado-por-el-pas\\\/#primaryimage\"},\"thumbnailUrl\":\"https:\\\/\\\/fuentesfidedignas.com.mx\\\/wp-content\\\/uploads\\\/2024\\\/05\\\/afb483af-9b66-4dae-89ee-6e88265da369-1.jpg\",\"articleSection\":[\"NOTICIAS LOCALES\"],\"inLanguage\":\"es\",\"potentialAction\":[{\"@type\":\"CommentAction\",\"name\":\"Comment\",\"target\":[\"https:\\\/\\\/fuentesfidedignas.com.mx\\\/index.php\\\/2024\\\/05\\\/18\\\/con-gran-exito-se-llevo-a-cabo-el-rally-deportivo-mazatlan-2024-organizado-por-el-pas\\\/#respond\"]}]},{\"@type\":\"WebPage\",\"@id\":\"https:\\\/\\\/fuentesfidedignas.com.mx\\\/index.php\\\/2024\\\/05\\\/18\\\/con-gran-exito-se-llevo-a-cabo-el-rally-deportivo-mazatlan-2024-organizado-por-el-pas\\\/\",\"url\":\"https:\\\/\\\/fuentesfidedignas.com.mx\\\/index.php\\\/2024\\\/05\\\/18\\\/con-gran-exito-se-llevo-a-cabo-el-rally-deportivo-mazatlan-2024-organizado-por-el-pas\\\/\",\"name\":\"Con gran \u00e9xito se llev\u00f3 a cabo el Rally Deportivo Mazatl\u00e1n 2024 organizado por el PAS - Fuentes Fidedignas\",\"isPartOf\":{\"@id\":\"https:\\\/\\\/fuentesfidedignas.com.mx\\\/#website\"},\"primaryImageOfPage\":{\"@id\":\"https:\\\/\\\/fuentesfidedignas.com.mx\\\/index.php\\\/2024\\\/05\\\/18\\\/con-gran-exito-se-llevo-a-cabo-el-rally-deportivo-mazatlan-2024-organizado-por-el-pas\\\/#primaryimage\"},\"image\":{\"@id\":\"https:\\\/\\\/fuentesfidedignas.com.mx\\\/index.php\\\/2024\\\/05\\\/18\\\/con-gran-exito-se-llevo-a-cabo-el-rally-deportivo-mazatlan-2024-organizado-por-el-pas\\\/#primaryimage\"},\"thumbnailUrl\":\"https:\\\/\\\/fuentesfidedignas.com.mx\\\/wp-content\\\/uploads\\\/2024\\\/05\\\/afb483af-9b66-4dae-89ee-6e88265da369-1.jpg\",\"datePublished\":\"2024-05-18T16:51:28+00:00\",\"dateModified\":\"2024-05-18T16:51:31+00:00\",\"breadcrumb\":{\"@id\":\"https:\\\/\\\/fuentesfidedignas.com.mx\\\/index.php\\\/2024\\\/05\\\/18\\\/con-gran-exito-se-llevo-a-cabo-el-rally-deportivo-mazatlan-2024-organizado-por-el-pas\\\/#breadcrumb\"},\"inLanguage\":\"es\",\"potentialAction\":[{\"@type\":\"ReadAction\",\"target\":[\"https:\\\/\\\/fuentesfidedignas.com.mx\\\/index.php\\\/2024\\\/05\\\/18\\\/con-gran-exito-se-llevo-a-cabo-el-rally-deportivo-mazatlan-2024-organizado-por-el-pas\\\/\"]}]},{\"@type\":\"ImageObject\",\"inLanguage\":\"es\",\"@id\":\"https:\\\/\\\/fuentesfidedignas.com.mx\\\/index.php\\\/2024\\\/05\\\/18\\\/con-gran-exito-se-llevo-a-cabo-el-rally-deportivo-mazatlan-2024-organizado-por-el-pas\\\/#primaryimage\",\"url\":\"https:\\\/\\\/fuentesfidedignas.com.mx\\\/wp-content\\\/uploads\\\/2024\\\/05\\\/afb483af-9b66-4dae-89ee-6e88265da369-1.jpg\",\"contentUrl\":\"https:\\\/\\\/fuentesfidedignas.com.mx\\\/wp-content\\\/uploads\\\/2024\\\/05\\\/afb483af-9b66-4dae-89ee-6e88265da369-1.jpg\",\"width\":1600,\"height\":1067},{\"@type\":\"BreadcrumbList\",\"@id\":\"https:\\\/\\\/fuentesfidedignas.com.mx\\\/index.php\\\/2024\\\/05\\\/18\\\/con-gran-exito-se-llevo-a-cabo-el-rally-deportivo-mazatlan-2024-organizado-por-el-pas\\\/#breadcrumb\",\"itemListElement\":[{\"@type\":\"ListItem\",\"position\":1,\"name\":\"Inicio\",\"item\":\"https:\\\/\\\/fuentesfidedignas.com.mx\\\/\"},{\"@type\":\"ListItem\",\"position\":2,\"name\":\"Con gran \u00e9xito se llev\u00f3 a cabo el Rally Deportivo Mazatl\u00e1n 2024 organizado por el PAS\"}]},{\"@type\":\"WebSite\",\"@id\":\"https:\\\/\\\/fuentesfidedignas.com.mx\\\/#website\",\"url\":\"https:\\\/\\\/fuentesfidedignas.com.mx\\\/\",\"name\":\"Fuentes Fidedignas\",\"description\":\"Otro sitio realizado con WordPress\",\"publisher\":{\"@id\":\"https:\\\/\\\/fuentesfidedignas.com.mx\\\/#organization\"},\"potentialAction\":[{\"@type\":\"SearchAction\",\"target\":{\"@type\":\"EntryPoint\",\"urlTemplate\":\"https:\\\/\\\/fuentesfidedignas.com.mx\\\/?s={search_term_string}\"},\"query-input\":{\"@type\":\"PropertyValueSpecification\",\"valueRequired\":true,\"valueName\":\"search_term_string\"}}],\"inLanguage\":\"es\"},{\"@type\":\"Organization\",\"@id\":\"https:\\\/\\\/fuentesfidedignas.com.mx\\\/#organization\",\"name\":\"Fuentes Fidedignas\",\"url\":\"https:\\\/\\\/fuentesfidedignas.com.mx\\\/\",\"logo\":{\"@type\":\"ImageObject\",\"inLanguage\":\"es\",\"@id\":\"https:\\\/\\\/fuentesfidedignas.com.mx\\\/#\\\/schema\\\/logo\\\/image\\\/\",\"url\":\"https:\\\/\\\/fuentesfidedignas.com.mx\\\/wp-content\\\/uploads\\\/2021\\\/04\\\/logo-retina.png\",\"contentUrl\":\"https:\\\/\\\/fuentesfidedignas.com.mx\\\/wp-content\\\/uploads\\\/2021\\\/04\\\/logo-retina.png\",\"width\":280,\"height\":51,\"caption\":\"Fuentes Fidedignas\"},\"image\":{\"@id\":\"https:\\\/\\\/fuentesfidedignas.com.mx\\\/#\\\/schema\\\/logo\\\/image\\\/\"},\"sameAs\":[\"https:\\\/\\\/www.facebook.com\\\/Fuentes-Fidedignas-368234489921644\",\"https:\\\/\\\/x.com\\\/fidedignas\"]},{\"@type\":\"Person\",\"@id\":\"https:\\\/\\\/fuentesfidedignas.com.mx\\\/#\\\/schema\\\/person\\\/331be9283d37198e2acd5750279085b0\",\"name\":\"Redacci\u00f3n\",\"image\":{\"@type\":\"ImageObject\",\"inLanguage\":\"es\",\"@id\":\"https:\\\/\\\/secure.gravatar.com\\\/avatar\\\/f6d8782c11d12b2d4ad3fbb6931aeab5309937a4d6cd2fc9cfaa28a6396a5aec?s=96&d=mm&r=g\",\"url\":\"https:\\\/\\\/secure.gravatar.com\\\/avatar\\\/f6d8782c11d12b2d4ad3fbb6931aeab5309937a4d6cd2fc9cfaa28a6396a5aec?s=96&d=mm&r=g\",\"contentUrl\":\"https:\\\/\\\/secure.gravatar.com\\\/avatar\\\/f6d8782c11d12b2d4ad3fbb6931aeab5309937a4d6cd2fc9cfaa28a6396a5aec?s=96&d=mm&r=g\",\"caption\":\"Redacci\u00f3n\"},\"url\":\"https:\\\/\\\/fuentesfidedignas.com.mx\\\/index.php\\\/author\\\/redaccion\\\/\"}]}<\/script>\n<!-- \/ Yoast SEO plugin. -->","yoast_head_json":{"title":"Con gran \u00e9xito se llev\u00f3 a cabo el Rally Deportivo Mazatl\u00e1n 2024 organizado por el PAS - Fuentes Fidedignas","robots":{"index":"index","follow":"follow","max-snippet":"max-snippet:-1","max-image-preview":"max-image-preview:large","max-video-preview":"max-video-preview:-1"},"canonical":"https:\/\/fuentesfidedignas.com.mx\/index.php\/2024\/05\/18\/con-gran-exito-se-llevo-a-cabo-el-rally-deportivo-mazatlan-2024-organizado-por-el-pas\/","og_locale":"es_MX","og_type":"article","og_title":"Con gran \u00e9xito se llev\u00f3 a cabo el Rally Deportivo Mazatl\u00e1n 2024 organizado por el PAS - Fuentes Fidedignas","og_description":"Con su voto este 2 de junio, los j\u00f3venes tendr\u00e1n la oportunidad de rescatar a M\u00e9xico y a Sinaloa: Cu\u00e9n Ojeda. Mazatl\u00e1n, Sin.- Con una gran participaci\u00f3n de j\u00f3venes, en Mazatl\u00e1n se llev\u00f3 a cabo el Rally Deportivo Mazatl\u00e1n 2024, en el que estuvo presente el MC. H\u00e9ctor Melesio Cu\u00e9n Ojeda, encargado de definir al [&hellip;]","og_url":"https:\/\/fuentesfidedignas.com.mx\/index.php\/2024\/05\/18\/con-gran-exito-se-llevo-a-cabo-el-rally-deportivo-mazatlan-2024-organizado-por-el-pas\/","og_site_name":"Fuentes Fidedignas","article_publisher":"https:\/\/www.facebook.com\/Fuentes-Fidedignas-368234489921644","article_published_time":"2024-05-18T16:51:28+00:00","article_modified_time":"2024-05-18T16:51:31+00:00","og_image":[{"width":1600,"height":1067,"url":"https:\/\/fuentesfidedignas.com.mx\/wp-content\/uploads\/2024\/05\/afb483af-9b66-4dae-89ee-6e88265da369-1.jpg","type":"image\/jpeg"}],"author":"Redacci\u00f3n","twitter_card":"summary_large_image","twitter_creator":"@fidedignas","twitter_site":"@fidedignas","twitter_misc":{"Escrito por":"Redacci\u00f3n","Tiempo de lectura":"1 minuto"},"schema":{"@context":"https:\/\/schema.org","@graph":[{"@type":"Article","@id":"https:\/\/fuentesfidedignas.com.mx\/index.php\/2024\/05\/18\/con-gran-exito-se-llevo-a-cabo-el-rally-deportivo-mazatlan-2024-organizado-por-el-pas\/#article","isPartOf":{"@id":"https:\/\/fuentesfidedignas.com.mx\/index.php\/2024\/05\/18\/con-gran-exito-se-llevo-a-cabo-el-rally-deportivo-mazatlan-2024-organizado-por-el-pas\/"},"author":{"name":"Redacci\u00f3n","@id":"https:\/\/fuentesfidedignas.com.mx\/#\/schema\/person\/331be9283d37198e2acd5750279085b0"},"headline":"Con gran \u00e9xito se llev\u00f3 a cabo el Rally Deportivo Mazatl\u00e1n 2024 organizado por el PAS","datePublished":"2024-05-18T16:51:28+00:00","dateModified":"2024-05-18T16:51:31+00:00","mainEntityOfPage":{"@id":"https:\/\/fuentesfidedignas.com.mx\/index.php\/2024\/05\/18\/con-gran-exito-se-llevo-a-cabo-el-rally-deportivo-mazatlan-2024-organizado-por-el-pas\/"},"wordCount":282,"commentCount":0,"publisher":{"@id":"https:\/\/fuentesfidedignas.com.mx\/#organization"},"image":{"@id":"https:\/\/fuentesfidedignas.com.mx\/index.php\/2024\/05\/18\/con-gran-exito-se-llevo-a-cabo-el-rally-deportivo-mazatlan-2024-organizado-por-el-pas\/#primaryimage"},"thumbnailUrl":"https:\/\/fuentesfidedignas.com.mx\/wp-content\/uploads\/2024\/05\/afb483af-9b66-4dae-89ee-6e88265da369-1.jpg","articleSection":["NOTICIAS LOCALES"],"inLanguage":"es","potentialAction":[{"@type":"CommentAction","name":"Comment","target":["https:\/\/fuentesfidedignas.com.mx\/index.php\/2024\/05\/18\/con-gran-exito-se-llevo-a-cabo-el-rally-deportivo-mazatlan-2024-organizado-por-el-pas\/#respond"]}]},{"@type":"WebPage","@id":"https:\/\/fuentesfidedignas.com.mx\/index.php\/2024\/05\/18\/con-gran-exito-se-llevo-a-cabo-el-rally-deportivo-mazatlan-2024-organizado-por-el-pas\/","url":"https:\/\/fuentesfidedignas.com.mx\/index.php\/2024\/05\/18\/con-gran-exito-se-llevo-a-cabo-el-rally-deportivo-mazatlan-2024-organizado-por-el-pas\/","name":"Con gran \u00e9xito se llev\u00f3 a cabo el Rally Deportivo Mazatl\u00e1n 2024 organizado por el PAS - Fuentes Fidedignas","isPartOf":{"@id":"https:\/\/fuentesfidedignas.com.mx\/#website"},"primaryImageOfPage":{"@id":"https:\/\/fuentesfidedignas.com.mx\/index.php\/2024\/05\/18\/con-gran-exito-se-llevo-a-cabo-el-rally-deportivo-mazatlan-2024-organizado-por-el-pas\/#primaryimage"},"image":{"@id":"https:\/\/fuentesfidedignas.com.mx\/index.php\/2024\/05\/18\/con-gran-exito-se-llevo-a-cabo-el-rally-deportivo-mazatlan-2024-organizado-por-el-pas\/#primaryimage"},"thumbnailUrl":"https:\/\/fuentesfidedignas.com.mx\/wp-content\/uploads\/2024\/05\/afb483af-9b66-4dae-89ee-6e88265da369-1.jpg","datePublished":"2024-05-18T16:51:28+00:00","dateModified":"2024-05-18T16:51:31+00:00","breadcrumb":{"@id":"https:\/\/fuentesfidedignas.com.mx\/index.php\/2024\/05\/18\/con-gran-exito-se-llevo-a-cabo-el-rally-deportivo-mazatlan-2024-organizado-por-el-pas\/#breadcrumb"},"inLanguage":"es","potentialAction":[{"@type":"ReadAction","target":["https:\/\/fuentesfidedignas.com.mx\/index.php\/2024\/05\/18\/con-gran-exito-se-llevo-a-cabo-el-rally-deportivo-mazatlan-2024-organizado-por-el-pas\/"]}]},{"@type":"ImageObject","inLanguage":"es","@id":"https:\/\/fuentesfidedignas.com.mx\/index.php\/2024\/05\/18\/con-gran-exito-se-llevo-a-cabo-el-rally-deportivo-mazatlan-2024-organizado-por-el-pas\/#primaryimage","url":"https:\/\/fuentesfidedignas.com.mx\/wp-content\/uploads\/2024\/05\/afb483af-9b66-4dae-89ee-6e88265da369-1.jpg","contentUrl":"https:\/\/fuentesfidedignas.com.mx\/wp-content\/uploads\/2024\/05\/afb483af-9b66-4dae-89ee-6e88265da369-1.jpg","width":1600,"height":1067},{"@type":"BreadcrumbList","@id":"https:\/\/fuentesfidedignas.com.mx\/index.php\/2024\/05\/18\/con-gran-exito-se-llevo-a-cabo-el-rally-deportivo-mazatlan-2024-organizado-por-el-pas\/#breadcrumb","itemListElement":[{"@type":"ListItem","position":1,"name":"Inicio","item":"https:\/\/fuentesfidedignas.com.mx\/"},{"@type":"ListItem","position":2,"name":"Con gran \u00e9xito se llev\u00f3 a cabo el Rally Deportivo Mazatl\u00e1n 2024 organizado por el PAS"}]},{"@type":"WebSite","@id":"https:\/\/fuentesfidedignas.com.mx\/#website","url":"https:\/\/fuentesfidedignas.com.mx\/","name":"Fuentes Fidedignas","description":"Otro sitio realizado con WordPress","publisher":{"@id":"https:\/\/fuentesfidedignas.com.mx\/#organization"},"potentialAction":[{"@type":"SearchAction","target":{"@type":"EntryPoint","urlTemplate":"https:\/\/fuentesfidedignas.com.mx\/?s={search_term_string}"},"query-input":{"@type":"PropertyValueSpecification","valueRequired":true,"valueName":"search_term_string"}}],"inLanguage":"es"},{"@type":"Organization","@id":"https:\/\/fuentesfidedignas.com.mx\/#organization","name":"Fuentes Fidedignas","url":"https:\/\/fuentesfidedignas.com.mx\/","logo":{"@type":"ImageObject","inLanguage":"es","@id":"https:\/\/fuentesfidedignas.com.mx\/#\/schema\/logo\/image\/","url":"https:\/\/fuentesfidedignas.com.mx\/wp-content\/uploads\/2021\/04\/logo-retina.png","contentUrl":"https:\/\/fuentesfidedignas.com.mx\/wp-content\/uploads\/2021\/04\/logo-retina.png","width":280,"height":51,"caption":"Fuentes Fidedignas"},"image":{"@id":"https:\/\/fuentesfidedignas.com.mx\/#\/schema\/logo\/image\/"},"sameAs":["https:\/\/www.facebook.com\/Fuentes-Fidedignas-368234489921644","https:\/\/x.com\/fidedignas"]},{"@type":"Person","@id":"https:\/\/fuentesfidedignas.com.mx\/#\/schema\/person\/331be9283d37198e2acd5750279085b0","name":"Redacci\u00f3n","image":{"@type":"ImageObject","inLanguage":"es","@id":"https:\/\/secure.gravatar.com\/avatar\/f6d8782c11d12b2d4ad3fbb6931aeab5309937a4d6cd2fc9cfaa28a6396a5aec?s=96&d=mm&r=g","url":"https:\/\/secure.gravatar.com\/avatar\/f6d8782c11d12b2d4ad3fbb6931aeab5309937a4d6cd2fc9cfaa28a6396a5aec?s=96&d=mm&r=g","contentUrl":"https:\/\/secure.gravatar.com\/avatar\/f6d8782c11d12b2d4ad3fbb6931aeab5309937a4d6cd2fc9cfaa28a6396a5aec?s=96&d=mm&r=g","caption":"Redacci\u00f3n"},"url":"https:\/\/fuentesfidedignas.com.mx\/index.php\/author\/redaccion\/"}]}},"_links":{"self":[{"href":"https:\/\/fuentesfidedignas.com.mx\/index.php\/wp-json\/wp\/v2\/posts\/81907","targetHints":{"allow":["GET"]}}],"collection":[{"href":"https:\/\/fuentesfidedignas.com.mx\/index.php\/wp-json\/wp\/v2\/posts"}],"about":[{"href":"https:\/\/fuentesfidedignas.com.mx\/index.php\/wp-json\/wp\/v2\/types\/post"}],"author":[{"embeddable":true,"href":"https:\/\/fuentesfidedignas.com.mx\/index.php\/wp-json\/wp\/v2\/users\/4"}],"replies":[{"embeddable":true,"href":"https:\/\/fuentesfidedignas.com.mx\/index.php\/wp-json\/wp\/v2\/comments?post=81907"}],"version-history":[{"count":1,"href":"https:\/\/fuentesfidedignas.com.mx\/index.php\/wp-json\/wp\/v2\/posts\/81907\/revisions"}],"predecessor-version":[{"id":81908,"href":"https:\/\/fuentesfidedignas.com.mx\/index.php\/wp-json\/wp\/v2\/posts\/81907\/revisions\/81908"}],"wp:featuredmedia":[{"embeddable":true,"href":"https:\/\/fuentesfidedignas.com.mx\/index.php\/wp-json\/wp\/v2\/media\/81906"}],"wp:attachment":[{"href":"https:\/\/fuentesfidedignas.com.mx\/index.php\/wp-json\/wp\/v2\/media?parent=81907"}],"wp:term":[{"taxonomy":"category","embeddable":true,"href":"https:\/\/fuentesfidedignas.com.mx\/index.php\/wp-json\/wp\/v2\/categories?post=81907"},{"taxonomy":"post_tag","embeddable":true,"href":"https:\/\/fuentesfidedignas.com.mx\/index.php\/wp-json\/wp\/v2\/tags?post=81907"}],"curies":[{"name":"wp","href":"https:\/\/api.w.org\/{rel}","templated":true}]}}