{"id":81885,"date":"2024-05-18T05:25:35","date_gmt":"2024-05-18T12:25:35","guid":{"rendered":"https:\/\/fuentesfidedignas.com.mx\/?p=81885"},"modified":"2024-05-17T18:26:03","modified_gmt":"2024-05-18T01:26:03","slug":"video-revendedores-de-costco-se-pelean-por-ventiladores-para-enfrentar-la-tercera-ola-de-calor","status":"publish","type":"post","link":"https:\/\/fuentesfidedignas.com.mx\/index.php\/2024\/05\/18\/video-revendedores-de-costco-se-pelean-por-ventiladores-para-enfrentar-la-tercera-ola-de-calor\/","title":{"rendered":"VIDEO: Revendedores de Costco se pelean por ventiladores para enfrentar la tercera ola de calor"},"content":{"rendered":"\n<p><strong><em>En redes sociales se viraliz\u00f3 un video en el que se puede ver c\u00f3mo hombres y mujeres se enfrentaron en la tienda.<\/em><\/strong><\/p>\n\n\n\n<p>Entre empujones y golpes, revendedores de Costco se pelearon por los ventiladores que han ganado popularidad en redes sociales, pues como actualmente M\u00e9xico est\u00e1 enfrentando una tercera ola de calor, la desesperaci\u00f3n por algunas personas por refrescarse las ha llevado a buscar los mejores ventiladores.<\/p>\n\n\n\n<p><strong>As\u00ed se pelearon revendedores de Costco por los ventiladores<\/strong><br>En un video difundido en X, se puede ver c\u00f3mo un grupo de personas se pele\u00f3 en Costco por los ventiladores, aparentemente en una sucursal ubicada en Celaya, Guanajuato, en las im\u00e1genes se ve aproximadamente a una decena de quienes parecen ser revendedores, que se empujan y llegan a los golpes con quedarse con los ventiladores.<\/p>\n\n\n\n<p>Hombres y mujeres se abalanzan por quedarse con los productos, los cuales acaban de ser colocados en el piso de venta, por lo que incluso llegan a destruir las cajas con tal de quedarse con uno.<\/p>\n\n\n\n<p>Incluso uno de los hombres cae de espaldas tras intentar tomar uno de los ventiladores que otra persona agarr\u00f3 cuando \u00e9l estaba distra\u00eddo, luego una mujer se lo quita al sujeto que tir\u00f3 al hombre y entre ellos se empujan, pero en eso, la misma mujer reacciona, pues aparentemente, el hombre que cay\u00f3 al piso iba con ella.<\/p>\n\n\n\n<figure class=\"wp-block-embed is-type-rich is-provider-twitter wp-block-embed-twitter\"><div class=\"wp-block-embed__wrapper\">\n<blockquote class=\"twitter-tweet\" data-width=\"550\" data-dnt=\"true\"><p lang=\"es\" dir=\"ltr\">Ya no son los pasteles, ahora el producto m\u00e1s cotizado de Costco es un ventilador por el que clientes hasta se pelean en Celaya. <a href=\"https:\/\/t.co\/H0Yl6YDBDr\">pic.twitter.com\/H0Yl6YDBDr<\/a><\/p>&mdash; \uf8ff\ud835\udd43\ud835\udd66\ud835\udd54\ud835\udd6a \ud835\udd3e\ud835\udd60\ud835\udd5f\ud835\udd6b\u00e1\ud835\udd5d\ud835\udd56\ud835\udd6b (@luz_adriana_gto) <a href=\"https:\/\/twitter.com\/luz_adriana_gto\/status\/1791469721377804762?ref_src=twsrc%5Etfw\">May 17, 2024<\/a><\/blockquote><script async src=\"https:\/\/platform.twitter.com\/widgets.js\" charset=\"utf-8\"><\/script>\n<\/div><\/figure>\n\n\n\n<p>Una pelea empieza a suscitarse entre los supuestos revendedores, cuando incluso los trabajadores comienzan a interferir para evitar que el asunto escale a algo mayor, es en ese momento en el que se corta el video.<\/p>\n\n\n\n<p><strong>\u00bfCu\u00e1l es el precio de los ventiladores por los que llegaron a los golpes?<\/strong><br>Luego de que la tercera ola de calor llegara a M\u00e9xico este 16 de mayo, las personas han buscado los mejores precios en ventiladores y una de las opciones m\u00e1s virales es el ventiladores OmniBreeze de cuatro velocidades.<\/p>\n\n\n\n<p>En ventilador de torre cuesta 699 pesos y usuarios de redes sociales aseguran que es la mejor opci\u00f3n para combatir el calor, aunque la venta de este producto desat\u00f3 una euforia entre los revendedores.<\/p>\n\n\n\n<p><\/p>\n","protected":false},"excerpt":{"rendered":"<p>En redes sociales se viraliz\u00f3 un video en el que se puede ver c\u00f3mo hombres y mujeres se enfrentaron en la tienda. Entre empujones y golpes, revendedores de Costco se pelearon por los ventiladores que han ganado popularidad en redes sociales, pues como actualmente M\u00e9xico est\u00e1 enfrentando una tercera ola de calor, la desesperaci\u00f3n por [&hellip;]<\/p>\n","protected":false},"author":7,"featured_media":81886,"comment_status":"open","ping_status":"open","sticky":false,"template":"","format":"standard","meta":{"tdm_status":"","tdm_grid_status":"","footnotes":""},"categories":[40],"tags":[],"class_list":{"0":"post-81885","1":"post","2":"type-post","3":"status-publish","4":"format-standard","5":"has-post-thumbnail","7":"category-las-asombrosas"},"yoast_head":"<!-- This site is optimized with the Yoast SEO plugin v27.5 - https:\/\/yoast.com\/product\/yoast-seo-wordpress\/ -->\n<title>VIDEO: Revendedores de Costco se pelean por ventiladores para enfrentar la tercera ola de calor - Fuentes Fidedignas<\/title>\n<meta name=\"robots\" content=\"index, follow, max-snippet:-1, max-image-preview:large, max-video-preview:-1\" \/>\n<link rel=\"canonical\" href=\"https:\/\/fuentesfidedignas.com.mx\/index.php\/2024\/05\/18\/video-revendedores-de-costco-se-pelean-por-ventiladores-para-enfrentar-la-tercera-ola-de-calor\/\" \/>\n<meta property=\"og:locale\" content=\"es_MX\" \/>\n<meta property=\"og:type\" content=\"article\" \/>\n<meta property=\"og:title\" content=\"VIDEO: Revendedores de Costco se pelean por ventiladores para enfrentar la tercera ola de calor - Fuentes Fidedignas\" \/>\n<meta property=\"og:description\" content=\"En redes sociales se viraliz\u00f3 un video en el que se puede ver c\u00f3mo hombres y mujeres se enfrentaron en la tienda. Entre empujones y golpes, revendedores de Costco se pelearon por los ventiladores que han ganado popularidad en redes sociales, pues como actualmente M\u00e9xico est\u00e1 enfrentando una tercera ola de calor, la desesperaci\u00f3n por [&hellip;]\" \/>\n<meta property=\"og:url\" content=\"https:\/\/fuentesfidedignas.com.mx\/index.php\/2024\/05\/18\/video-revendedores-de-costco-se-pelean-por-ventiladores-para-enfrentar-la-tercera-ola-de-calor\/\" \/>\n<meta property=\"og:site_name\" content=\"Fuentes Fidedignas\" \/>\n<meta property=\"article:publisher\" content=\"https:\/\/www.facebook.com\/Fuentes-Fidedignas-368234489921644\" \/>\n<meta property=\"article:published_time\" content=\"2024-05-18T12:25:35+00:00\" \/>\n<meta property=\"og:image\" content=\"https:\/\/fuentesfidedignas.com.mx\/wp-content\/uploads\/2024\/05\/pelea-ventiladores.jpg\" \/>\n\t<meta property=\"og:image:width\" content=\"650\" \/>\n\t<meta property=\"og:image:height\" content=\"486\" \/>\n\t<meta property=\"og:image:type\" content=\"image\/jpeg\" \/>\n<meta name=\"author\" content=\"Exc\u00e9lsior\" \/>\n<meta name=\"twitter:card\" content=\"summary_large_image\" \/>\n<meta name=\"twitter:creator\" content=\"@fidedignas\" \/>\n<meta name=\"twitter:site\" content=\"@fidedignas\" \/>\n<meta name=\"twitter:label1\" content=\"Escrito por\" \/>\n\t<meta name=\"twitter:data1\" content=\"Exc\u00e9lsior\" \/>\n\t<meta name=\"twitter:label2\" content=\"Tiempo de lectura\" \/>\n\t<meta name=\"twitter:data2\" content=\"2 minutos\" \/>\n<script type=\"application\/ld+json\" class=\"yoast-schema-graph\">{\"@context\":\"https:\\\/\\\/schema.org\",\"@graph\":[{\"@type\":\"Article\",\"@id\":\"https:\\\/\\\/fuentesfidedignas.com.mx\\\/index.php\\\/2024\\\/05\\\/18\\\/video-revendedores-de-costco-se-pelean-por-ventiladores-para-enfrentar-la-tercera-ola-de-calor\\\/#article\",\"isPartOf\":{\"@id\":\"https:\\\/\\\/fuentesfidedignas.com.mx\\\/index.php\\\/2024\\\/05\\\/18\\\/video-revendedores-de-costco-se-pelean-por-ventiladores-para-enfrentar-la-tercera-ola-de-calor\\\/\"},\"author\":{\"name\":\"Exc\u00e9lsior\",\"@id\":\"https:\\\/\\\/fuentesfidedignas.com.mx\\\/#\\\/schema\\\/person\\\/ec4edd1fbf5efa3e44fce34fe2787780\"},\"headline\":\"VIDEO: Revendedores de Costco se pelean por ventiladores para enfrentar la tercera ola de calor\",\"datePublished\":\"2024-05-18T12:25:35+00:00\",\"mainEntityOfPage\":{\"@id\":\"https:\\\/\\\/fuentesfidedignas.com.mx\\\/index.php\\\/2024\\\/05\\\/18\\\/video-revendedores-de-costco-se-pelean-por-ventiladores-para-enfrentar-la-tercera-ola-de-calor\\\/\"},\"wordCount\":376,\"commentCount\":0,\"publisher\":{\"@id\":\"https:\\\/\\\/fuentesfidedignas.com.mx\\\/#organization\"},\"image\":{\"@id\":\"https:\\\/\\\/fuentesfidedignas.com.mx\\\/index.php\\\/2024\\\/05\\\/18\\\/video-revendedores-de-costco-se-pelean-por-ventiladores-para-enfrentar-la-tercera-ola-de-calor\\\/#primaryimage\"},\"thumbnailUrl\":\"https:\\\/\\\/fuentesfidedignas.com.mx\\\/wp-content\\\/uploads\\\/2024\\\/05\\\/pelea-ventiladores.jpg\",\"articleSection\":[\"LAS ASOMBROSAS\"],\"inLanguage\":\"es\",\"potentialAction\":[{\"@type\":\"CommentAction\",\"name\":\"Comment\",\"target\":[\"https:\\\/\\\/fuentesfidedignas.com.mx\\\/index.php\\\/2024\\\/05\\\/18\\\/video-revendedores-de-costco-se-pelean-por-ventiladores-para-enfrentar-la-tercera-ola-de-calor\\\/#respond\"]}]},{\"@type\":\"WebPage\",\"@id\":\"https:\\\/\\\/fuentesfidedignas.com.mx\\\/index.php\\\/2024\\\/05\\\/18\\\/video-revendedores-de-costco-se-pelean-por-ventiladores-para-enfrentar-la-tercera-ola-de-calor\\\/\",\"url\":\"https:\\\/\\\/fuentesfidedignas.com.mx\\\/index.php\\\/2024\\\/05\\\/18\\\/video-revendedores-de-costco-se-pelean-por-ventiladores-para-enfrentar-la-tercera-ola-de-calor\\\/\",\"name\":\"VIDEO: Revendedores de Costco se pelean por ventiladores para enfrentar la tercera ola de calor - Fuentes Fidedignas\",\"isPartOf\":{\"@id\":\"https:\\\/\\\/fuentesfidedignas.com.mx\\\/#website\"},\"primaryImageOfPage\":{\"@id\":\"https:\\\/\\\/fuentesfidedignas.com.mx\\\/index.php\\\/2024\\\/05\\\/18\\\/video-revendedores-de-costco-se-pelean-por-ventiladores-para-enfrentar-la-tercera-ola-de-calor\\\/#primaryimage\"},\"image\":{\"@id\":\"https:\\\/\\\/fuentesfidedignas.com.mx\\\/index.php\\\/2024\\\/05\\\/18\\\/video-revendedores-de-costco-se-pelean-por-ventiladores-para-enfrentar-la-tercera-ola-de-calor\\\/#primaryimage\"},\"thumbnailUrl\":\"https:\\\/\\\/fuentesfidedignas.com.mx\\\/wp-content\\\/uploads\\\/2024\\\/05\\\/pelea-ventiladores.jpg\",\"datePublished\":\"2024-05-18T12:25:35+00:00\",\"breadcrumb\":{\"@id\":\"https:\\\/\\\/fuentesfidedignas.com.mx\\\/index.php\\\/2024\\\/05\\\/18\\\/video-revendedores-de-costco-se-pelean-por-ventiladores-para-enfrentar-la-tercera-ola-de-calor\\\/#breadcrumb\"},\"inLanguage\":\"es\",\"potentialAction\":[{\"@type\":\"ReadAction\",\"target\":[\"https:\\\/\\\/fuentesfidedignas.com.mx\\\/index.php\\\/2024\\\/05\\\/18\\\/video-revendedores-de-costco-se-pelean-por-ventiladores-para-enfrentar-la-tercera-ola-de-calor\\\/\"]}]},{\"@type\":\"ImageObject\",\"inLanguage\":\"es\",\"@id\":\"https:\\\/\\\/fuentesfidedignas.com.mx\\\/index.php\\\/2024\\\/05\\\/18\\\/video-revendedores-de-costco-se-pelean-por-ventiladores-para-enfrentar-la-tercera-ola-de-calor\\\/#primaryimage\",\"url\":\"https:\\\/\\\/fuentesfidedignas.com.mx\\\/wp-content\\\/uploads\\\/2024\\\/05\\\/pelea-ventiladores.jpg\",\"contentUrl\":\"https:\\\/\\\/fuentesfidedignas.com.mx\\\/wp-content\\\/uploads\\\/2024\\\/05\\\/pelea-ventiladores.jpg\",\"width\":650,\"height\":486},{\"@type\":\"BreadcrumbList\",\"@id\":\"https:\\\/\\\/fuentesfidedignas.com.mx\\\/index.php\\\/2024\\\/05\\\/18\\\/video-revendedores-de-costco-se-pelean-por-ventiladores-para-enfrentar-la-tercera-ola-de-calor\\\/#breadcrumb\",\"itemListElement\":[{\"@type\":\"ListItem\",\"position\":1,\"name\":\"Inicio\",\"item\":\"https:\\\/\\\/fuentesfidedignas.com.mx\\\/\"},{\"@type\":\"ListItem\",\"position\":2,\"name\":\"VIDEO: Revendedores de Costco se pelean por ventiladores para enfrentar la tercera ola de calor\"}]},{\"@type\":\"WebSite\",\"@id\":\"https:\\\/\\\/fuentesfidedignas.com.mx\\\/#website\",\"url\":\"https:\\\/\\\/fuentesfidedignas.com.mx\\\/\",\"name\":\"Fuentes Fidedignas\",\"description\":\"Otro sitio realizado con WordPress\",\"publisher\":{\"@id\":\"https:\\\/\\\/fuentesfidedignas.com.mx\\\/#organization\"},\"potentialAction\":[{\"@type\":\"SearchAction\",\"target\":{\"@type\":\"EntryPoint\",\"urlTemplate\":\"https:\\\/\\\/fuentesfidedignas.com.mx\\\/?s={search_term_string}\"},\"query-input\":{\"@type\":\"PropertyValueSpecification\",\"valueRequired\":true,\"valueName\":\"search_term_string\"}}],\"inLanguage\":\"es\"},{\"@type\":\"Organization\",\"@id\":\"https:\\\/\\\/fuentesfidedignas.com.mx\\\/#organization\",\"name\":\"Fuentes Fidedignas\",\"url\":\"https:\\\/\\\/fuentesfidedignas.com.mx\\\/\",\"logo\":{\"@type\":\"ImageObject\",\"inLanguage\":\"es\",\"@id\":\"https:\\\/\\\/fuentesfidedignas.com.mx\\\/#\\\/schema\\\/logo\\\/image\\\/\",\"url\":\"https:\\\/\\\/fuentesfidedignas.com.mx\\\/wp-content\\\/uploads\\\/2021\\\/04\\\/logo-retina.png\",\"contentUrl\":\"https:\\\/\\\/fuentesfidedignas.com.mx\\\/wp-content\\\/uploads\\\/2021\\\/04\\\/logo-retina.png\",\"width\":280,\"height\":51,\"caption\":\"Fuentes Fidedignas\"},\"image\":{\"@id\":\"https:\\\/\\\/fuentesfidedignas.com.mx\\\/#\\\/schema\\\/logo\\\/image\\\/\"},\"sameAs\":[\"https:\\\/\\\/www.facebook.com\\\/Fuentes-Fidedignas-368234489921644\",\"https:\\\/\\\/x.com\\\/fidedignas\"]},{\"@type\":\"Person\",\"@id\":\"https:\\\/\\\/fuentesfidedignas.com.mx\\\/#\\\/schema\\\/person\\\/ec4edd1fbf5efa3e44fce34fe2787780\",\"name\":\"Exc\u00e9lsior\",\"image\":{\"@type\":\"ImageObject\",\"inLanguage\":\"es\",\"@id\":\"https:\\\/\\\/secure.gravatar.com\\\/avatar\\\/4b7ee9206b48be08447852b3f0814dbc7c0f3b51541b164f1464a2725614020b?s=96&d=mm&r=g\",\"url\":\"https:\\\/\\\/secure.gravatar.com\\\/avatar\\\/4b7ee9206b48be08447852b3f0814dbc7c0f3b51541b164f1464a2725614020b?s=96&d=mm&r=g\",\"contentUrl\":\"https:\\\/\\\/secure.gravatar.com\\\/avatar\\\/4b7ee9206b48be08447852b3f0814dbc7c0f3b51541b164f1464a2725614020b?s=96&d=mm&r=g\",\"caption\":\"Exc\u00e9lsior\"},\"url\":\"https:\\\/\\\/fuentesfidedignas.com.mx\\\/index.php\\\/author\\\/excelsior\\\/\"}]}<\/script>\n<!-- \/ Yoast SEO plugin. -->","yoast_head_json":{"title":"VIDEO: Revendedores de Costco se pelean por ventiladores para enfrentar la tercera ola de calor - Fuentes Fidedignas","robots":{"index":"index","follow":"follow","max-snippet":"max-snippet:-1","max-image-preview":"max-image-preview:large","max-video-preview":"max-video-preview:-1"},"canonical":"https:\/\/fuentesfidedignas.com.mx\/index.php\/2024\/05\/18\/video-revendedores-de-costco-se-pelean-por-ventiladores-para-enfrentar-la-tercera-ola-de-calor\/","og_locale":"es_MX","og_type":"article","og_title":"VIDEO: Revendedores de Costco se pelean por ventiladores para enfrentar la tercera ola de calor - Fuentes Fidedignas","og_description":"En redes sociales se viraliz\u00f3 un video en el que se puede ver c\u00f3mo hombres y mujeres se enfrentaron en la tienda. Entre empujones y golpes, revendedores de Costco se pelearon por los ventiladores que han ganado popularidad en redes sociales, pues como actualmente M\u00e9xico est\u00e1 enfrentando una tercera ola de calor, la desesperaci\u00f3n por [&hellip;]","og_url":"https:\/\/fuentesfidedignas.com.mx\/index.php\/2024\/05\/18\/video-revendedores-de-costco-se-pelean-por-ventiladores-para-enfrentar-la-tercera-ola-de-calor\/","og_site_name":"Fuentes Fidedignas","article_publisher":"https:\/\/www.facebook.com\/Fuentes-Fidedignas-368234489921644","article_published_time":"2024-05-18T12:25:35+00:00","og_image":[{"width":650,"height":486,"url":"https:\/\/fuentesfidedignas.com.mx\/wp-content\/uploads\/2024\/05\/pelea-ventiladores.jpg","type":"image\/jpeg"}],"author":"Exc\u00e9lsior","twitter_card":"summary_large_image","twitter_creator":"@fidedignas","twitter_site":"@fidedignas","twitter_misc":{"Escrito por":"Exc\u00e9lsior","Tiempo de lectura":"2 minutos"},"schema":{"@context":"https:\/\/schema.org","@graph":[{"@type":"Article","@id":"https:\/\/fuentesfidedignas.com.mx\/index.php\/2024\/05\/18\/video-revendedores-de-costco-se-pelean-por-ventiladores-para-enfrentar-la-tercera-ola-de-calor\/#article","isPartOf":{"@id":"https:\/\/fuentesfidedignas.com.mx\/index.php\/2024\/05\/18\/video-revendedores-de-costco-se-pelean-por-ventiladores-para-enfrentar-la-tercera-ola-de-calor\/"},"author":{"name":"Exc\u00e9lsior","@id":"https:\/\/fuentesfidedignas.com.mx\/#\/schema\/person\/ec4edd1fbf5efa3e44fce34fe2787780"},"headline":"VIDEO: Revendedores de Costco se pelean por ventiladores para enfrentar la tercera ola de calor","datePublished":"2024-05-18T12:25:35+00:00","mainEntityOfPage":{"@id":"https:\/\/fuentesfidedignas.com.mx\/index.php\/2024\/05\/18\/video-revendedores-de-costco-se-pelean-por-ventiladores-para-enfrentar-la-tercera-ola-de-calor\/"},"wordCount":376,"commentCount":0,"publisher":{"@id":"https:\/\/fuentesfidedignas.com.mx\/#organization"},"image":{"@id":"https:\/\/fuentesfidedignas.com.mx\/index.php\/2024\/05\/18\/video-revendedores-de-costco-se-pelean-por-ventiladores-para-enfrentar-la-tercera-ola-de-calor\/#primaryimage"},"thumbnailUrl":"https:\/\/fuentesfidedignas.com.mx\/wp-content\/uploads\/2024\/05\/pelea-ventiladores.jpg","articleSection":["LAS ASOMBROSAS"],"inLanguage":"es","potentialAction":[{"@type":"CommentAction","name":"Comment","target":["https:\/\/fuentesfidedignas.com.mx\/index.php\/2024\/05\/18\/video-revendedores-de-costco-se-pelean-por-ventiladores-para-enfrentar-la-tercera-ola-de-calor\/#respond"]}]},{"@type":"WebPage","@id":"https:\/\/fuentesfidedignas.com.mx\/index.php\/2024\/05\/18\/video-revendedores-de-costco-se-pelean-por-ventiladores-para-enfrentar-la-tercera-ola-de-calor\/","url":"https:\/\/fuentesfidedignas.com.mx\/index.php\/2024\/05\/18\/video-revendedores-de-costco-se-pelean-por-ventiladores-para-enfrentar-la-tercera-ola-de-calor\/","name":"VIDEO: Revendedores de Costco se pelean por ventiladores para enfrentar la tercera ola de calor - Fuentes Fidedignas","isPartOf":{"@id":"https:\/\/fuentesfidedignas.com.mx\/#website"},"primaryImageOfPage":{"@id":"https:\/\/fuentesfidedignas.com.mx\/index.php\/2024\/05\/18\/video-revendedores-de-costco-se-pelean-por-ventiladores-para-enfrentar-la-tercera-ola-de-calor\/#primaryimage"},"image":{"@id":"https:\/\/fuentesfidedignas.com.mx\/index.php\/2024\/05\/18\/video-revendedores-de-costco-se-pelean-por-ventiladores-para-enfrentar-la-tercera-ola-de-calor\/#primaryimage"},"thumbnailUrl":"https:\/\/fuentesfidedignas.com.mx\/wp-content\/uploads\/2024\/05\/pelea-ventiladores.jpg","datePublished":"2024-05-18T12:25:35+00:00","breadcrumb":{"@id":"https:\/\/fuentesfidedignas.com.mx\/index.php\/2024\/05\/18\/video-revendedores-de-costco-se-pelean-por-ventiladores-para-enfrentar-la-tercera-ola-de-calor\/#breadcrumb"},"inLanguage":"es","potentialAction":[{"@type":"ReadAction","target":["https:\/\/fuentesfidedignas.com.mx\/index.php\/2024\/05\/18\/video-revendedores-de-costco-se-pelean-por-ventiladores-para-enfrentar-la-tercera-ola-de-calor\/"]}]},{"@type":"ImageObject","inLanguage":"es","@id":"https:\/\/fuentesfidedignas.com.mx\/index.php\/2024\/05\/18\/video-revendedores-de-costco-se-pelean-por-ventiladores-para-enfrentar-la-tercera-ola-de-calor\/#primaryimage","url":"https:\/\/fuentesfidedignas.com.mx\/wp-content\/uploads\/2024\/05\/pelea-ventiladores.jpg","contentUrl":"https:\/\/fuentesfidedignas.com.mx\/wp-content\/uploads\/2024\/05\/pelea-ventiladores.jpg","width":650,"height":486},{"@type":"BreadcrumbList","@id":"https:\/\/fuentesfidedignas.com.mx\/index.php\/2024\/05\/18\/video-revendedores-de-costco-se-pelean-por-ventiladores-para-enfrentar-la-tercera-ola-de-calor\/#breadcrumb","itemListElement":[{"@type":"ListItem","position":1,"name":"Inicio","item":"https:\/\/fuentesfidedignas.com.mx\/"},{"@type":"ListItem","position":2,"name":"VIDEO: Revendedores de Costco se pelean por ventiladores para enfrentar la tercera ola de calor"}]},{"@type":"WebSite","@id":"https:\/\/fuentesfidedignas.com.mx\/#website","url":"https:\/\/fuentesfidedignas.com.mx\/","name":"Fuentes Fidedignas","description":"Otro sitio realizado con WordPress","publisher":{"@id":"https:\/\/fuentesfidedignas.com.mx\/#organization"},"potentialAction":[{"@type":"SearchAction","target":{"@type":"EntryPoint","urlTemplate":"https:\/\/fuentesfidedignas.com.mx\/?s={search_term_string}"},"query-input":{"@type":"PropertyValueSpecification","valueRequired":true,"valueName":"search_term_string"}}],"inLanguage":"es"},{"@type":"Organization","@id":"https:\/\/fuentesfidedignas.com.mx\/#organization","name":"Fuentes Fidedignas","url":"https:\/\/fuentesfidedignas.com.mx\/","logo":{"@type":"ImageObject","inLanguage":"es","@id":"https:\/\/fuentesfidedignas.com.mx\/#\/schema\/logo\/image\/","url":"https:\/\/fuentesfidedignas.com.mx\/wp-content\/uploads\/2021\/04\/logo-retina.png","contentUrl":"https:\/\/fuentesfidedignas.com.mx\/wp-content\/uploads\/2021\/04\/logo-retina.png","width":280,"height":51,"caption":"Fuentes Fidedignas"},"image":{"@id":"https:\/\/fuentesfidedignas.com.mx\/#\/schema\/logo\/image\/"},"sameAs":["https:\/\/www.facebook.com\/Fuentes-Fidedignas-368234489921644","https:\/\/x.com\/fidedignas"]},{"@type":"Person","@id":"https:\/\/fuentesfidedignas.com.mx\/#\/schema\/person\/ec4edd1fbf5efa3e44fce34fe2787780","name":"Exc\u00e9lsior","image":{"@type":"ImageObject","inLanguage":"es","@id":"https:\/\/secure.gravatar.com\/avatar\/4b7ee9206b48be08447852b3f0814dbc7c0f3b51541b164f1464a2725614020b?s=96&d=mm&r=g","url":"https:\/\/secure.gravatar.com\/avatar\/4b7ee9206b48be08447852b3f0814dbc7c0f3b51541b164f1464a2725614020b?s=96&d=mm&r=g","contentUrl":"https:\/\/secure.gravatar.com\/avatar\/4b7ee9206b48be08447852b3f0814dbc7c0f3b51541b164f1464a2725614020b?s=96&d=mm&r=g","caption":"Exc\u00e9lsior"},"url":"https:\/\/fuentesfidedignas.com.mx\/index.php\/author\/excelsior\/"}]}},"_links":{"self":[{"href":"https:\/\/fuentesfidedignas.com.mx\/index.php\/wp-json\/wp\/v2\/posts\/81885","targetHints":{"allow":["GET"]}}],"collection":[{"href":"https:\/\/fuentesfidedignas.com.mx\/index.php\/wp-json\/wp\/v2\/posts"}],"about":[{"href":"https:\/\/fuentesfidedignas.com.mx\/index.php\/wp-json\/wp\/v2\/types\/post"}],"author":[{"embeddable":true,"href":"https:\/\/fuentesfidedignas.com.mx\/index.php\/wp-json\/wp\/v2\/users\/7"}],"replies":[{"embeddable":true,"href":"https:\/\/fuentesfidedignas.com.mx\/index.php\/wp-json\/wp\/v2\/comments?post=81885"}],"version-history":[{"count":1,"href":"https:\/\/fuentesfidedignas.com.mx\/index.php\/wp-json\/wp\/v2\/posts\/81885\/revisions"}],"predecessor-version":[{"id":81887,"href":"https:\/\/fuentesfidedignas.com.mx\/index.php\/wp-json\/wp\/v2\/posts\/81885\/revisions\/81887"}],"wp:featuredmedia":[{"embeddable":true,"href":"https:\/\/fuentesfidedignas.com.mx\/index.php\/wp-json\/wp\/v2\/media\/81886"}],"wp:attachment":[{"href":"https:\/\/fuentesfidedignas.com.mx\/index.php\/wp-json\/wp\/v2\/media?parent=81885"}],"wp:term":[{"taxonomy":"category","embeddable":true,"href":"https:\/\/fuentesfidedignas.com.mx\/index.php\/wp-json\/wp\/v2\/categories?post=81885"},{"taxonomy":"post_tag","embeddable":true,"href":"https:\/\/fuentesfidedignas.com.mx\/index.php\/wp-json\/wp\/v2\/tags?post=81885"}],"curies":[{"name":"wp","href":"https:\/\/api.w.org\/{rel}","templated":true}]}}