{"id":81843,"date":"2024-05-17T09:49:27","date_gmt":"2024-05-17T16:49:27","guid":{"rendered":"https:\/\/fuentesfidedignas.com.mx\/?p=81843"},"modified":"2024-05-18T09:49:44","modified_gmt":"2024-05-18T16:49:44","slug":"en-sinaloa-no-se-tiene-ni-idea-de-lo-que-es-un-proyecto-de-nacion-con-vision-de-estado-cuen","status":"publish","type":"post","link":"https:\/\/fuentesfidedignas.com.mx\/index.php\/2024\/05\/17\/en-sinaloa-no-se-tiene-ni-idea-de-lo-que-es-un-proyecto-de-nacion-con-vision-de-estado-cuen\/","title":{"rendered":"En Sinaloa no se tiene ni idea de lo que es un proyecto de naci\u00f3n con visi\u00f3n de Estado: Cu\u00e9n"},"content":{"rendered":"\n<p><em>Los Mochis, Sin.-<\/em> Sinaloa no cuenta con un proyecto de naci\u00f3n con visi\u00f3n de Estado y el sentir de los sinaloenses lleg\u00f3 al hartazgo por lo que catalogan al gobierno actual como el gobierno de las mentiras y de las promesas incumplida, se\u00f1al\u00f3 el l\u00edder del Partido Sinaloense, MC. H\u00e9ctor Melesio Cu\u00e9n Ojeda durante un Encuentro Ciudadano con l\u00edderes sociales de Ahome.<\/p>\n\n\n\n<p>El candidato a diputado federal se\u00f1al\u00f3 que este gobierno prometi\u00f3 que no habr\u00eda gasolinazos y hoy en d\u00eda el litro de gasolina est\u00e1 por encima de los 25 pesos, mientras que el crecimiento econ\u00f3mico es de apenas un .8%, adem\u00e1s prometieron que ser\u00eda del 4% del Producto Interno Bruto por a\u00f1o.<\/p>\n\n\n\n<p>&#8220;Hoy tenemos un M\u00e9xico quebrado se gastaron 109 fideicomisos y van por los Afores que es dinero privado y que asciende a m\u00e1s de 6.3 billones de pesos, pero que ya le dieron un golpe y se autorizaron 40 mil millones de pesos&#8221;.<\/p>\n\n\n\n<p>El l\u00edder del PAS se\u00f1al\u00f3 que no hay idea ni un proyecto de naci\u00f3n con visi\u00f3n de Estado y s\u00f3lo llegaron para ver qu\u00e9 se llevaban en esos seis a\u00f1os.<\/p>\n\n\n\n<p>Cu\u00e9n Ojeda subray\u00f3 que hace tres a\u00f1os Mingo V\u00e1zquez gan\u00f3 la presidencia municipal de Ahome pero se la robaron, pero dijo, hoy s\u00ed ganar\u00e1 la alcald\u00eda como candidato de la Coalici\u00f3n Fuerza y Coraz\u00f3n por M\u00e9xico y junto con Elizabeth Chia har\u00e1n un gran equip\u00f3 para darle al pueblo de Ahome la calidad de vida que merecen. Concluy\u00f3 Cu\u00e9n Ojeda.<\/p>\n","protected":false},"excerpt":{"rendered":"<p>Los Mochis, Sin.- Sinaloa no cuenta con un proyecto de naci\u00f3n con visi\u00f3n de Estado y el sentir de los sinaloenses lleg\u00f3 al hartazgo por lo que catalogan al gobierno actual como el gobierno de las mentiras y de las promesas incumplida, se\u00f1al\u00f3 el l\u00edder del Partido Sinaloense, MC. H\u00e9ctor Melesio Cu\u00e9n Ojeda durante un [&hellip;]<\/p>\n","protected":false},"author":4,"featured_media":81842,"comment_status":"open","ping_status":"open","sticky":false,"template":"","format":"standard","meta":{"tdm_status":"","tdm_grid_status":"","footnotes":""},"categories":[1],"tags":[],"class_list":{"0":"post-81843","1":"post","2":"type-post","3":"status-publish","4":"format-standard","5":"has-post-thumbnail","7":"category-sin-categoria"},"yoast_head":"<!-- This site is optimized with the Yoast SEO plugin v27.5 - https:\/\/yoast.com\/product\/yoast-seo-wordpress\/ -->\n<title>En Sinaloa no se tiene ni idea de lo que es un proyecto de naci\u00f3n con visi\u00f3n de Estado: Cu\u00e9n - Fuentes Fidedignas<\/title>\n<meta name=\"robots\" content=\"index, follow, max-snippet:-1, max-image-preview:large, max-video-preview:-1\" \/>\n<link rel=\"canonical\" href=\"https:\/\/fuentesfidedignas.com.mx\/index.php\/2024\/05\/17\/en-sinaloa-no-se-tiene-ni-idea-de-lo-que-es-un-proyecto-de-nacion-con-vision-de-estado-cuen\/\" \/>\n<meta property=\"og:locale\" content=\"es_MX\" \/>\n<meta property=\"og:type\" content=\"article\" \/>\n<meta property=\"og:title\" content=\"En Sinaloa no se tiene ni idea de lo que es un proyecto de naci\u00f3n con visi\u00f3n de Estado: Cu\u00e9n - Fuentes Fidedignas\" \/>\n<meta property=\"og:description\" content=\"Los Mochis, Sin.- Sinaloa no cuenta con un proyecto de naci\u00f3n con visi\u00f3n de Estado y el sentir de los sinaloenses lleg\u00f3 al hartazgo por lo que catalogan al gobierno actual como el gobierno de las mentiras y de las promesas incumplida, se\u00f1al\u00f3 el l\u00edder del Partido Sinaloense, MC. H\u00e9ctor Melesio Cu\u00e9n Ojeda durante un [&hellip;]\" \/>\n<meta property=\"og:url\" content=\"https:\/\/fuentesfidedignas.com.mx\/index.php\/2024\/05\/17\/en-sinaloa-no-se-tiene-ni-idea-de-lo-que-es-un-proyecto-de-nacion-con-vision-de-estado-cuen\/\" \/>\n<meta property=\"og:site_name\" content=\"Fuentes Fidedignas\" \/>\n<meta property=\"article:publisher\" content=\"https:\/\/www.facebook.com\/Fuentes-Fidedignas-368234489921644\" \/>\n<meta property=\"article:published_time\" content=\"2024-05-17T16:49:27+00:00\" \/>\n<meta property=\"article:modified_time\" content=\"2024-05-18T16:49:44+00:00\" \/>\n<meta property=\"og:image\" content=\"https:\/\/fuentesfidedignas.com.mx\/wp-content\/uploads\/2024\/05\/img_4175-1.jpg\" \/>\n\t<meta property=\"og:image:width\" content=\"1920\" \/>\n\t<meta property=\"og:image:height\" content=\"899\" \/>\n\t<meta property=\"og:image:type\" content=\"image\/jpeg\" \/>\n<meta name=\"author\" content=\"Redacci\u00f3n\" \/>\n<meta name=\"twitter:card\" content=\"summary_large_image\" \/>\n<meta name=\"twitter:creator\" content=\"@fidedignas\" \/>\n<meta name=\"twitter:site\" content=\"@fidedignas\" \/>\n<meta name=\"twitter:label1\" content=\"Escrito por\" \/>\n\t<meta name=\"twitter:data1\" content=\"Redacci\u00f3n\" \/>\n\t<meta name=\"twitter:label2\" content=\"Tiempo de lectura\" \/>\n\t<meta name=\"twitter:data2\" content=\"1 minuto\" \/>\n<script type=\"application\/ld+json\" class=\"yoast-schema-graph\">{\"@context\":\"https:\\\/\\\/schema.org\",\"@graph\":[{\"@type\":\"Article\",\"@id\":\"https:\\\/\\\/fuentesfidedignas.com.mx\\\/index.php\\\/2024\\\/05\\\/17\\\/en-sinaloa-no-se-tiene-ni-idea-de-lo-que-es-un-proyecto-de-nacion-con-vision-de-estado-cuen\\\/#article\",\"isPartOf\":{\"@id\":\"https:\\\/\\\/fuentesfidedignas.com.mx\\\/index.php\\\/2024\\\/05\\\/17\\\/en-sinaloa-no-se-tiene-ni-idea-de-lo-que-es-un-proyecto-de-nacion-con-vision-de-estado-cuen\\\/\"},\"author\":{\"name\":\"Redacci\u00f3n\",\"@id\":\"https:\\\/\\\/fuentesfidedignas.com.mx\\\/#\\\/schema\\\/person\\\/331be9283d37198e2acd5750279085b0\"},\"headline\":\"En Sinaloa no se tiene ni idea de lo que es un proyecto de naci\u00f3n con visi\u00f3n de Estado: Cu\u00e9n\",\"datePublished\":\"2024-05-17T16:49:27+00:00\",\"dateModified\":\"2024-05-18T16:49:44+00:00\",\"mainEntityOfPage\":{\"@id\":\"https:\\\/\\\/fuentesfidedignas.com.mx\\\/index.php\\\/2024\\\/05\\\/17\\\/en-sinaloa-no-se-tiene-ni-idea-de-lo-que-es-un-proyecto-de-nacion-con-vision-de-estado-cuen\\\/\"},\"wordCount\":295,\"commentCount\":0,\"publisher\":{\"@id\":\"https:\\\/\\\/fuentesfidedignas.com.mx\\\/#organization\"},\"image\":{\"@id\":\"https:\\\/\\\/fuentesfidedignas.com.mx\\\/index.php\\\/2024\\\/05\\\/17\\\/en-sinaloa-no-se-tiene-ni-idea-de-lo-que-es-un-proyecto-de-nacion-con-vision-de-estado-cuen\\\/#primaryimage\"},\"thumbnailUrl\":\"https:\\\/\\\/fuentesfidedignas.com.mx\\\/wp-content\\\/uploads\\\/2024\\\/05\\\/img_4175-1.jpg\",\"inLanguage\":\"es\",\"potentialAction\":[{\"@type\":\"CommentAction\",\"name\":\"Comment\",\"target\":[\"https:\\\/\\\/fuentesfidedignas.com.mx\\\/index.php\\\/2024\\\/05\\\/17\\\/en-sinaloa-no-se-tiene-ni-idea-de-lo-que-es-un-proyecto-de-nacion-con-vision-de-estado-cuen\\\/#respond\"]}]},{\"@type\":\"WebPage\",\"@id\":\"https:\\\/\\\/fuentesfidedignas.com.mx\\\/index.php\\\/2024\\\/05\\\/17\\\/en-sinaloa-no-se-tiene-ni-idea-de-lo-que-es-un-proyecto-de-nacion-con-vision-de-estado-cuen\\\/\",\"url\":\"https:\\\/\\\/fuentesfidedignas.com.mx\\\/index.php\\\/2024\\\/05\\\/17\\\/en-sinaloa-no-se-tiene-ni-idea-de-lo-que-es-un-proyecto-de-nacion-con-vision-de-estado-cuen\\\/\",\"name\":\"En Sinaloa no se tiene ni idea de lo que es un proyecto de naci\u00f3n con visi\u00f3n de Estado: Cu\u00e9n - Fuentes Fidedignas\",\"isPartOf\":{\"@id\":\"https:\\\/\\\/fuentesfidedignas.com.mx\\\/#website\"},\"primaryImageOfPage\":{\"@id\":\"https:\\\/\\\/fuentesfidedignas.com.mx\\\/index.php\\\/2024\\\/05\\\/17\\\/en-sinaloa-no-se-tiene-ni-idea-de-lo-que-es-un-proyecto-de-nacion-con-vision-de-estado-cuen\\\/#primaryimage\"},\"image\":{\"@id\":\"https:\\\/\\\/fuentesfidedignas.com.mx\\\/index.php\\\/2024\\\/05\\\/17\\\/en-sinaloa-no-se-tiene-ni-idea-de-lo-que-es-un-proyecto-de-nacion-con-vision-de-estado-cuen\\\/#primaryimage\"},\"thumbnailUrl\":\"https:\\\/\\\/fuentesfidedignas.com.mx\\\/wp-content\\\/uploads\\\/2024\\\/05\\\/img_4175-1.jpg\",\"datePublished\":\"2024-05-17T16:49:27+00:00\",\"dateModified\":\"2024-05-18T16:49:44+00:00\",\"breadcrumb\":{\"@id\":\"https:\\\/\\\/fuentesfidedignas.com.mx\\\/index.php\\\/2024\\\/05\\\/17\\\/en-sinaloa-no-se-tiene-ni-idea-de-lo-que-es-un-proyecto-de-nacion-con-vision-de-estado-cuen\\\/#breadcrumb\"},\"inLanguage\":\"es\",\"potentialAction\":[{\"@type\":\"ReadAction\",\"target\":[\"https:\\\/\\\/fuentesfidedignas.com.mx\\\/index.php\\\/2024\\\/05\\\/17\\\/en-sinaloa-no-se-tiene-ni-idea-de-lo-que-es-un-proyecto-de-nacion-con-vision-de-estado-cuen\\\/\"]}]},{\"@type\":\"ImageObject\",\"inLanguage\":\"es\",\"@id\":\"https:\\\/\\\/fuentesfidedignas.com.mx\\\/index.php\\\/2024\\\/05\\\/17\\\/en-sinaloa-no-se-tiene-ni-idea-de-lo-que-es-un-proyecto-de-nacion-con-vision-de-estado-cuen\\\/#primaryimage\",\"url\":\"https:\\\/\\\/fuentesfidedignas.com.mx\\\/wp-content\\\/uploads\\\/2024\\\/05\\\/img_4175-1.jpg\",\"contentUrl\":\"https:\\\/\\\/fuentesfidedignas.com.mx\\\/wp-content\\\/uploads\\\/2024\\\/05\\\/img_4175-1.jpg\",\"width\":1920,\"height\":899},{\"@type\":\"BreadcrumbList\",\"@id\":\"https:\\\/\\\/fuentesfidedignas.com.mx\\\/index.php\\\/2024\\\/05\\\/17\\\/en-sinaloa-no-se-tiene-ni-idea-de-lo-que-es-un-proyecto-de-nacion-con-vision-de-estado-cuen\\\/#breadcrumb\",\"itemListElement\":[{\"@type\":\"ListItem\",\"position\":1,\"name\":\"Inicio\",\"item\":\"https:\\\/\\\/fuentesfidedignas.com.mx\\\/\"},{\"@type\":\"ListItem\",\"position\":2,\"name\":\"En Sinaloa no se tiene ni idea de lo que es un proyecto de naci\u00f3n con visi\u00f3n de Estado: Cu\u00e9n\"}]},{\"@type\":\"WebSite\",\"@id\":\"https:\\\/\\\/fuentesfidedignas.com.mx\\\/#website\",\"url\":\"https:\\\/\\\/fuentesfidedignas.com.mx\\\/\",\"name\":\"Fuentes Fidedignas\",\"description\":\"Otro sitio realizado con WordPress\",\"publisher\":{\"@id\":\"https:\\\/\\\/fuentesfidedignas.com.mx\\\/#organization\"},\"potentialAction\":[{\"@type\":\"SearchAction\",\"target\":{\"@type\":\"EntryPoint\",\"urlTemplate\":\"https:\\\/\\\/fuentesfidedignas.com.mx\\\/?s={search_term_string}\"},\"query-input\":{\"@type\":\"PropertyValueSpecification\",\"valueRequired\":true,\"valueName\":\"search_term_string\"}}],\"inLanguage\":\"es\"},{\"@type\":\"Organization\",\"@id\":\"https:\\\/\\\/fuentesfidedignas.com.mx\\\/#organization\",\"name\":\"Fuentes Fidedignas\",\"url\":\"https:\\\/\\\/fuentesfidedignas.com.mx\\\/\",\"logo\":{\"@type\":\"ImageObject\",\"inLanguage\":\"es\",\"@id\":\"https:\\\/\\\/fuentesfidedignas.com.mx\\\/#\\\/schema\\\/logo\\\/image\\\/\",\"url\":\"https:\\\/\\\/fuentesfidedignas.com.mx\\\/wp-content\\\/uploads\\\/2021\\\/04\\\/logo-retina.png\",\"contentUrl\":\"https:\\\/\\\/fuentesfidedignas.com.mx\\\/wp-content\\\/uploads\\\/2021\\\/04\\\/logo-retina.png\",\"width\":280,\"height\":51,\"caption\":\"Fuentes Fidedignas\"},\"image\":{\"@id\":\"https:\\\/\\\/fuentesfidedignas.com.mx\\\/#\\\/schema\\\/logo\\\/image\\\/\"},\"sameAs\":[\"https:\\\/\\\/www.facebook.com\\\/Fuentes-Fidedignas-368234489921644\",\"https:\\\/\\\/x.com\\\/fidedignas\"]},{\"@type\":\"Person\",\"@id\":\"https:\\\/\\\/fuentesfidedignas.com.mx\\\/#\\\/schema\\\/person\\\/331be9283d37198e2acd5750279085b0\",\"name\":\"Redacci\u00f3n\",\"image\":{\"@type\":\"ImageObject\",\"inLanguage\":\"es\",\"@id\":\"https:\\\/\\\/secure.gravatar.com\\\/avatar\\\/f6d8782c11d12b2d4ad3fbb6931aeab5309937a4d6cd2fc9cfaa28a6396a5aec?s=96&d=mm&r=g\",\"url\":\"https:\\\/\\\/secure.gravatar.com\\\/avatar\\\/f6d8782c11d12b2d4ad3fbb6931aeab5309937a4d6cd2fc9cfaa28a6396a5aec?s=96&d=mm&r=g\",\"contentUrl\":\"https:\\\/\\\/secure.gravatar.com\\\/avatar\\\/f6d8782c11d12b2d4ad3fbb6931aeab5309937a4d6cd2fc9cfaa28a6396a5aec?s=96&d=mm&r=g\",\"caption\":\"Redacci\u00f3n\"},\"url\":\"https:\\\/\\\/fuentesfidedignas.com.mx\\\/index.php\\\/author\\\/redaccion\\\/\"}]}<\/script>\n<!-- \/ Yoast SEO plugin. -->","yoast_head_json":{"title":"En Sinaloa no se tiene ni idea de lo que es un proyecto de naci\u00f3n con visi\u00f3n de Estado: Cu\u00e9n - Fuentes Fidedignas","robots":{"index":"index","follow":"follow","max-snippet":"max-snippet:-1","max-image-preview":"max-image-preview:large","max-video-preview":"max-video-preview:-1"},"canonical":"https:\/\/fuentesfidedignas.com.mx\/index.php\/2024\/05\/17\/en-sinaloa-no-se-tiene-ni-idea-de-lo-que-es-un-proyecto-de-nacion-con-vision-de-estado-cuen\/","og_locale":"es_MX","og_type":"article","og_title":"En Sinaloa no se tiene ni idea de lo que es un proyecto de naci\u00f3n con visi\u00f3n de Estado: Cu\u00e9n - Fuentes Fidedignas","og_description":"Los Mochis, Sin.- Sinaloa no cuenta con un proyecto de naci\u00f3n con visi\u00f3n de Estado y el sentir de los sinaloenses lleg\u00f3 al hartazgo por lo que catalogan al gobierno actual como el gobierno de las mentiras y de las promesas incumplida, se\u00f1al\u00f3 el l\u00edder del Partido Sinaloense, MC. H\u00e9ctor Melesio Cu\u00e9n Ojeda durante un [&hellip;]","og_url":"https:\/\/fuentesfidedignas.com.mx\/index.php\/2024\/05\/17\/en-sinaloa-no-se-tiene-ni-idea-de-lo-que-es-un-proyecto-de-nacion-con-vision-de-estado-cuen\/","og_site_name":"Fuentes Fidedignas","article_publisher":"https:\/\/www.facebook.com\/Fuentes-Fidedignas-368234489921644","article_published_time":"2024-05-17T16:49:27+00:00","article_modified_time":"2024-05-18T16:49:44+00:00","og_image":[{"width":1920,"height":899,"url":"https:\/\/fuentesfidedignas.com.mx\/wp-content\/uploads\/2024\/05\/img_4175-1.jpg","type":"image\/jpeg"}],"author":"Redacci\u00f3n","twitter_card":"summary_large_image","twitter_creator":"@fidedignas","twitter_site":"@fidedignas","twitter_misc":{"Escrito por":"Redacci\u00f3n","Tiempo de lectura":"1 minuto"},"schema":{"@context":"https:\/\/schema.org","@graph":[{"@type":"Article","@id":"https:\/\/fuentesfidedignas.com.mx\/index.php\/2024\/05\/17\/en-sinaloa-no-se-tiene-ni-idea-de-lo-que-es-un-proyecto-de-nacion-con-vision-de-estado-cuen\/#article","isPartOf":{"@id":"https:\/\/fuentesfidedignas.com.mx\/index.php\/2024\/05\/17\/en-sinaloa-no-se-tiene-ni-idea-de-lo-que-es-un-proyecto-de-nacion-con-vision-de-estado-cuen\/"},"author":{"name":"Redacci\u00f3n","@id":"https:\/\/fuentesfidedignas.com.mx\/#\/schema\/person\/331be9283d37198e2acd5750279085b0"},"headline":"En Sinaloa no se tiene ni idea de lo que es un proyecto de naci\u00f3n con visi\u00f3n de Estado: Cu\u00e9n","datePublished":"2024-05-17T16:49:27+00:00","dateModified":"2024-05-18T16:49:44+00:00","mainEntityOfPage":{"@id":"https:\/\/fuentesfidedignas.com.mx\/index.php\/2024\/05\/17\/en-sinaloa-no-se-tiene-ni-idea-de-lo-que-es-un-proyecto-de-nacion-con-vision-de-estado-cuen\/"},"wordCount":295,"commentCount":0,"publisher":{"@id":"https:\/\/fuentesfidedignas.com.mx\/#organization"},"image":{"@id":"https:\/\/fuentesfidedignas.com.mx\/index.php\/2024\/05\/17\/en-sinaloa-no-se-tiene-ni-idea-de-lo-que-es-un-proyecto-de-nacion-con-vision-de-estado-cuen\/#primaryimage"},"thumbnailUrl":"https:\/\/fuentesfidedignas.com.mx\/wp-content\/uploads\/2024\/05\/img_4175-1.jpg","inLanguage":"es","potentialAction":[{"@type":"CommentAction","name":"Comment","target":["https:\/\/fuentesfidedignas.com.mx\/index.php\/2024\/05\/17\/en-sinaloa-no-se-tiene-ni-idea-de-lo-que-es-un-proyecto-de-nacion-con-vision-de-estado-cuen\/#respond"]}]},{"@type":"WebPage","@id":"https:\/\/fuentesfidedignas.com.mx\/index.php\/2024\/05\/17\/en-sinaloa-no-se-tiene-ni-idea-de-lo-que-es-un-proyecto-de-nacion-con-vision-de-estado-cuen\/","url":"https:\/\/fuentesfidedignas.com.mx\/index.php\/2024\/05\/17\/en-sinaloa-no-se-tiene-ni-idea-de-lo-que-es-un-proyecto-de-nacion-con-vision-de-estado-cuen\/","name":"En Sinaloa no se tiene ni idea de lo que es un proyecto de naci\u00f3n con visi\u00f3n de Estado: Cu\u00e9n - Fuentes Fidedignas","isPartOf":{"@id":"https:\/\/fuentesfidedignas.com.mx\/#website"},"primaryImageOfPage":{"@id":"https:\/\/fuentesfidedignas.com.mx\/index.php\/2024\/05\/17\/en-sinaloa-no-se-tiene-ni-idea-de-lo-que-es-un-proyecto-de-nacion-con-vision-de-estado-cuen\/#primaryimage"},"image":{"@id":"https:\/\/fuentesfidedignas.com.mx\/index.php\/2024\/05\/17\/en-sinaloa-no-se-tiene-ni-idea-de-lo-que-es-un-proyecto-de-nacion-con-vision-de-estado-cuen\/#primaryimage"},"thumbnailUrl":"https:\/\/fuentesfidedignas.com.mx\/wp-content\/uploads\/2024\/05\/img_4175-1.jpg","datePublished":"2024-05-17T16:49:27+00:00","dateModified":"2024-05-18T16:49:44+00:00","breadcrumb":{"@id":"https:\/\/fuentesfidedignas.com.mx\/index.php\/2024\/05\/17\/en-sinaloa-no-se-tiene-ni-idea-de-lo-que-es-un-proyecto-de-nacion-con-vision-de-estado-cuen\/#breadcrumb"},"inLanguage":"es","potentialAction":[{"@type":"ReadAction","target":["https:\/\/fuentesfidedignas.com.mx\/index.php\/2024\/05\/17\/en-sinaloa-no-se-tiene-ni-idea-de-lo-que-es-un-proyecto-de-nacion-con-vision-de-estado-cuen\/"]}]},{"@type":"ImageObject","inLanguage":"es","@id":"https:\/\/fuentesfidedignas.com.mx\/index.php\/2024\/05\/17\/en-sinaloa-no-se-tiene-ni-idea-de-lo-que-es-un-proyecto-de-nacion-con-vision-de-estado-cuen\/#primaryimage","url":"https:\/\/fuentesfidedignas.com.mx\/wp-content\/uploads\/2024\/05\/img_4175-1.jpg","contentUrl":"https:\/\/fuentesfidedignas.com.mx\/wp-content\/uploads\/2024\/05\/img_4175-1.jpg","width":1920,"height":899},{"@type":"BreadcrumbList","@id":"https:\/\/fuentesfidedignas.com.mx\/index.php\/2024\/05\/17\/en-sinaloa-no-se-tiene-ni-idea-de-lo-que-es-un-proyecto-de-nacion-con-vision-de-estado-cuen\/#breadcrumb","itemListElement":[{"@type":"ListItem","position":1,"name":"Inicio","item":"https:\/\/fuentesfidedignas.com.mx\/"},{"@type":"ListItem","position":2,"name":"En Sinaloa no se tiene ni idea de lo que es un proyecto de naci\u00f3n con visi\u00f3n de Estado: Cu\u00e9n"}]},{"@type":"WebSite","@id":"https:\/\/fuentesfidedignas.com.mx\/#website","url":"https:\/\/fuentesfidedignas.com.mx\/","name":"Fuentes Fidedignas","description":"Otro sitio realizado con WordPress","publisher":{"@id":"https:\/\/fuentesfidedignas.com.mx\/#organization"},"potentialAction":[{"@type":"SearchAction","target":{"@type":"EntryPoint","urlTemplate":"https:\/\/fuentesfidedignas.com.mx\/?s={search_term_string}"},"query-input":{"@type":"PropertyValueSpecification","valueRequired":true,"valueName":"search_term_string"}}],"inLanguage":"es"},{"@type":"Organization","@id":"https:\/\/fuentesfidedignas.com.mx\/#organization","name":"Fuentes Fidedignas","url":"https:\/\/fuentesfidedignas.com.mx\/","logo":{"@type":"ImageObject","inLanguage":"es","@id":"https:\/\/fuentesfidedignas.com.mx\/#\/schema\/logo\/image\/","url":"https:\/\/fuentesfidedignas.com.mx\/wp-content\/uploads\/2021\/04\/logo-retina.png","contentUrl":"https:\/\/fuentesfidedignas.com.mx\/wp-content\/uploads\/2021\/04\/logo-retina.png","width":280,"height":51,"caption":"Fuentes Fidedignas"},"image":{"@id":"https:\/\/fuentesfidedignas.com.mx\/#\/schema\/logo\/image\/"},"sameAs":["https:\/\/www.facebook.com\/Fuentes-Fidedignas-368234489921644","https:\/\/x.com\/fidedignas"]},{"@type":"Person","@id":"https:\/\/fuentesfidedignas.com.mx\/#\/schema\/person\/331be9283d37198e2acd5750279085b0","name":"Redacci\u00f3n","image":{"@type":"ImageObject","inLanguage":"es","@id":"https:\/\/secure.gravatar.com\/avatar\/f6d8782c11d12b2d4ad3fbb6931aeab5309937a4d6cd2fc9cfaa28a6396a5aec?s=96&d=mm&r=g","url":"https:\/\/secure.gravatar.com\/avatar\/f6d8782c11d12b2d4ad3fbb6931aeab5309937a4d6cd2fc9cfaa28a6396a5aec?s=96&d=mm&r=g","contentUrl":"https:\/\/secure.gravatar.com\/avatar\/f6d8782c11d12b2d4ad3fbb6931aeab5309937a4d6cd2fc9cfaa28a6396a5aec?s=96&d=mm&r=g","caption":"Redacci\u00f3n"},"url":"https:\/\/fuentesfidedignas.com.mx\/index.php\/author\/redaccion\/"}]}},"_links":{"self":[{"href":"https:\/\/fuentesfidedignas.com.mx\/index.php\/wp-json\/wp\/v2\/posts\/81843","targetHints":{"allow":["GET"]}}],"collection":[{"href":"https:\/\/fuentesfidedignas.com.mx\/index.php\/wp-json\/wp\/v2\/posts"}],"about":[{"href":"https:\/\/fuentesfidedignas.com.mx\/index.php\/wp-json\/wp\/v2\/types\/post"}],"author":[{"embeddable":true,"href":"https:\/\/fuentesfidedignas.com.mx\/index.php\/wp-json\/wp\/v2\/users\/4"}],"replies":[{"embeddable":true,"href":"https:\/\/fuentesfidedignas.com.mx\/index.php\/wp-json\/wp\/v2\/comments?post=81843"}],"version-history":[{"count":1,"href":"https:\/\/fuentesfidedignas.com.mx\/index.php\/wp-json\/wp\/v2\/posts\/81843\/revisions"}],"predecessor-version":[{"id":81844,"href":"https:\/\/fuentesfidedignas.com.mx\/index.php\/wp-json\/wp\/v2\/posts\/81843\/revisions\/81844"}],"wp:featuredmedia":[{"embeddable":true,"href":"https:\/\/fuentesfidedignas.com.mx\/index.php\/wp-json\/wp\/v2\/media\/81842"}],"wp:attachment":[{"href":"https:\/\/fuentesfidedignas.com.mx\/index.php\/wp-json\/wp\/v2\/media?parent=81843"}],"wp:term":[{"taxonomy":"category","embeddable":true,"href":"https:\/\/fuentesfidedignas.com.mx\/index.php\/wp-json\/wp\/v2\/categories?post=81843"},{"taxonomy":"post_tag","embeddable":true,"href":"https:\/\/fuentesfidedignas.com.mx\/index.php\/wp-json\/wp\/v2\/tags?post=81843"}],"curies":[{"name":"wp","href":"https:\/\/api.w.org\/{rel}","templated":true}]}}