{"id":8182,"date":"2021-07-24T14:27:39","date_gmt":"2021-07-24T21:27:39","guid":{"rendered":"https:\/\/fuentesfidedignas.com.mx\/?p=8182"},"modified":"2021-07-24T14:27:41","modified_gmt":"2021-07-24T21:27:41","slug":"anuncia-quirino-visita-del-director-del-imss-a-sinaloa-el-proximo-martes","status":"publish","type":"post","link":"https:\/\/fuentesfidedignas.com.mx\/index.php\/2021\/07\/24\/anuncia-quirino-visita-del-director-del-imss-a-sinaloa-el-proximo-martes\/","title":{"rendered":"Anuncia Quirino visita del Director del IMSS a Sinaloa el pr\u00f3ximo martes"},"content":{"rendered":"\n<p><em>El gobernador de Sinaloa supervisa centro de vacunaci\u00f3n en Escuinapa, donde de aqu\u00ed al martes se aplicaran 10 mil 500 vacunas<\/em><\/p>\n\n\n\n<p>Escuinapa, Sin.- El martes pr\u00f3ximo estar\u00e1 en Culiac\u00e1n el director general del IMSS, Zo\u00e9 Robledo, quien viene a inaugurar un \u00e1rea de cuidados intensivos, acci\u00f3n que es fruto de la coordinaci\u00f3n y relaci\u00f3n entre el Estado y la Federaci\u00f3n, para seguir mejorando la capacidad de atenci\u00f3n del Seguro Social, as\u00ed lo anunci\u00f3 el gobernador Quirino Ordaz al acudir a supervisar el centro de vacunaci\u00f3n Covid en Escuinapa.<\/p>\n\n\n\n<p>Durante su estancia en este centro, que opera en la escuela Primaria \u201cNi\u00f1os H\u00e9roes\u201d, el mandatario estatal inform\u00f3 que de este s\u00e1bado al martes se aplicar\u00e1n 10 mil 500 vacunas.<\/p>\n\n\n\n<p>Quirino Ordaz Coppel lament\u00f3 el hecho de que circulen informaciones falsas en las redes sociales, de lo cual dijo que no se vale que jueguen con las emociones de las personas, cuando lo que se requiere es serenidad y estar cerca de la gente.<\/p>\n\n\n\n<p>Con relaci\u00f3n al regreso a clases presencial, el ejecutivo dijo que es un tema del que no se puede hablar todav\u00eda hasta en tanto no se de un brinco en la cobertura de la vacunaci\u00f3n, para llegar al 80 por ciento, por eso se espera que la semana entrante llegue ya la vacuna para aplicarla a los j\u00f3venes de 18 a 29 a\u00f1os, que es donde est\u00e1 pegando el \u00edndice de contagios con esta variante de Covid.<\/p>\n\n\n\n<p>Al respecto de la operaci\u00f3n de los hospitales del IMSS en la entidad, a\u00f1adi\u00f3 que hay que reforzar la acci\u00f3n y atenci\u00f3n del seguro, porque es donde se atienen a la mayor poblaci\u00f3n.<\/p>\n\n\n\n<p>El gobernador tambi\u00e9n anunci\u00f3 que a partir de la pr\u00f3xima semana el Hospital militar de Mazatl\u00e1n se adecuar\u00e1 para dar atenci\u00f3n a la poblaci\u00f3n en general, as\u00ed como ya opera el Hospital General de Culiac\u00e1n, por lo que no se deja de dar atenci\u00f3n a la poblaci\u00f3n que tiene otros padecimientos.<\/p>\n\n\n\n<p>\u201cLa clave es seguirnos cuidando y ampliar el programa de vacunaci\u00f3n, ah\u00ed est\u00e1 la soluci\u00f3n\u201d, indic\u00f3.<\/p>\n\n\n\n<p>Tambi\u00e9n dijo que est\u00e1 en comunicaci\u00f3n con autoridades del Issste y sabe que est\u00e1n mandando m\u00e1s ventiladores respiratorios y equipamiento, por lo que hay el apoyo.<\/p>\n\n\n\n<p>Por su parte el Secretario de Salud, doctor Efr\u00e9n Encinas, inform\u00f3 que se est\u00e1 dando la distribuci\u00f3n de las vacunas, por eso la visita del gobernador para supervisar el proceso de vacunaci\u00f3n, por lo que llam\u00f3 a todos deben echarle ganas.<\/p>\n\n\n\n<p>Dijo que para evitar los contagios, la responsabilidad es compartida, donde la sociedad debe participar.<\/p>\n\n\n\n<p>Llam\u00f3 a la sociedad a no caer en el p\u00e1nico, \u201cporque eso lo paraliza a uno, hay que tener respeto al covid, pero no miedo, respeto y responsabilidad para actuar y as\u00ed saldremos adelante\u201d, puntualiz\u00f3.<\/p>\n","protected":false},"excerpt":{"rendered":"<p>El gobernador de Sinaloa supervisa centro de vacunaci\u00f3n en Escuinapa, donde de aqu\u00ed al martes se aplicaran 10 mil 500 vacunas Escuinapa, Sin.- El martes pr\u00f3ximo estar\u00e1 en Culiac\u00e1n el director general del IMSS, Zo\u00e9 Robledo, quien viene a inaugurar un \u00e1rea de cuidados intensivos, acci\u00f3n que es fruto de la coordinaci\u00f3n y relaci\u00f3n entre [&hellip;]<\/p>\n","protected":false},"author":4,"featured_media":8183,"comment_status":"open","ping_status":"open","sticky":false,"template":"","format":"standard","meta":{"tdm_status":"","tdm_grid_status":"","footnotes":""},"categories":[38],"tags":[],"class_list":{"0":"post-8182","1":"post","2":"type-post","3":"status-publish","4":"format-standard","5":"has-post-thumbnail","7":"category-noticias-locales"},"yoast_head":"<!-- This site is optimized with the Yoast SEO plugin v27.5 - https:\/\/yoast.com\/product\/yoast-seo-wordpress\/ -->\n<title>Anuncia Quirino visita del Director del IMSS a Sinaloa el pr\u00f3ximo martes - Fuentes Fidedignas<\/title>\n<meta name=\"robots\" content=\"index, follow, max-snippet:-1, max-image-preview:large, max-video-preview:-1\" \/>\n<link rel=\"canonical\" href=\"https:\/\/fuentesfidedignas.com.mx\/index.php\/2021\/07\/24\/anuncia-quirino-visita-del-director-del-imss-a-sinaloa-el-proximo-martes\/\" \/>\n<meta property=\"og:locale\" content=\"es_MX\" \/>\n<meta property=\"og:type\" content=\"article\" \/>\n<meta property=\"og:title\" content=\"Anuncia Quirino visita del Director del IMSS a Sinaloa el pr\u00f3ximo martes - Fuentes Fidedignas\" \/>\n<meta property=\"og:description\" content=\"El gobernador de Sinaloa supervisa centro de vacunaci\u00f3n en Escuinapa, donde de aqu\u00ed al martes se aplicaran 10 mil 500 vacunas Escuinapa, Sin.- El martes pr\u00f3ximo estar\u00e1 en Culiac\u00e1n el director general del IMSS, Zo\u00e9 Robledo, quien viene a inaugurar un \u00e1rea de cuidados intensivos, acci\u00f3n que es fruto de la coordinaci\u00f3n y relaci\u00f3n entre [&hellip;]\" \/>\n<meta property=\"og:url\" content=\"https:\/\/fuentesfidedignas.com.mx\/index.php\/2021\/07\/24\/anuncia-quirino-visita-del-director-del-imss-a-sinaloa-el-proximo-martes\/\" \/>\n<meta property=\"og:site_name\" content=\"Fuentes Fidedignas\" \/>\n<meta property=\"article:publisher\" content=\"https:\/\/www.facebook.com\/Fuentes-Fidedignas-368234489921644\" \/>\n<meta property=\"article:published_time\" content=\"2021-07-24T21:27:39+00:00\" \/>\n<meta property=\"article:modified_time\" content=\"2021-07-24T21:27:41+00:00\" \/>\n<meta property=\"og:image\" content=\"https:\/\/fuentesfidedignas.com.mx\/wp-content\/uploads\/2021\/07\/IMG-20210724-WA0018.jpg\" \/>\n\t<meta property=\"og:image:width\" content=\"1024\" \/>\n\t<meta property=\"og:image:height\" content=\"682\" \/>\n\t<meta property=\"og:image:type\" content=\"image\/jpeg\" \/>\n<meta name=\"author\" content=\"Redacci\u00f3n\" \/>\n<meta name=\"twitter:card\" content=\"summary_large_image\" \/>\n<meta name=\"twitter:creator\" content=\"@fidedignas\" \/>\n<meta name=\"twitter:site\" content=\"@fidedignas\" \/>\n<meta name=\"twitter:label1\" content=\"Escrito por\" \/>\n\t<meta name=\"twitter:data1\" content=\"Redacci\u00f3n\" \/>\n\t<meta name=\"twitter:label2\" content=\"Tiempo de lectura\" \/>\n\t<meta name=\"twitter:data2\" content=\"2 minutos\" \/>\n<script type=\"application\/ld+json\" class=\"yoast-schema-graph\">{\"@context\":\"https:\\\/\\\/schema.org\",\"@graph\":[{\"@type\":\"Article\",\"@id\":\"https:\\\/\\\/fuentesfidedignas.com.mx\\\/index.php\\\/2021\\\/07\\\/24\\\/anuncia-quirino-visita-del-director-del-imss-a-sinaloa-el-proximo-martes\\\/#article\",\"isPartOf\":{\"@id\":\"https:\\\/\\\/fuentesfidedignas.com.mx\\\/index.php\\\/2021\\\/07\\\/24\\\/anuncia-quirino-visita-del-director-del-imss-a-sinaloa-el-proximo-martes\\\/\"},\"author\":{\"name\":\"Redacci\u00f3n\",\"@id\":\"https:\\\/\\\/fuentesfidedignas.com.mx\\\/#\\\/schema\\\/person\\\/331be9283d37198e2acd5750279085b0\"},\"headline\":\"Anuncia Quirino visita del Director del IMSS a Sinaloa el pr\u00f3ximo martes\",\"datePublished\":\"2021-07-24T21:27:39+00:00\",\"dateModified\":\"2021-07-24T21:27:41+00:00\",\"mainEntityOfPage\":{\"@id\":\"https:\\\/\\\/fuentesfidedignas.com.mx\\\/index.php\\\/2021\\\/07\\\/24\\\/anuncia-quirino-visita-del-director-del-imss-a-sinaloa-el-proximo-martes\\\/\"},\"wordCount\":504,\"commentCount\":0,\"publisher\":{\"@id\":\"https:\\\/\\\/fuentesfidedignas.com.mx\\\/#organization\"},\"image\":{\"@id\":\"https:\\\/\\\/fuentesfidedignas.com.mx\\\/index.php\\\/2021\\\/07\\\/24\\\/anuncia-quirino-visita-del-director-del-imss-a-sinaloa-el-proximo-martes\\\/#primaryimage\"},\"thumbnailUrl\":\"https:\\\/\\\/fuentesfidedignas.com.mx\\\/wp-content\\\/uploads\\\/2021\\\/07\\\/IMG-20210724-WA0018.jpg\",\"articleSection\":[\"NOTICIAS LOCALES\"],\"inLanguage\":\"es\",\"potentialAction\":[{\"@type\":\"CommentAction\",\"name\":\"Comment\",\"target\":[\"https:\\\/\\\/fuentesfidedignas.com.mx\\\/index.php\\\/2021\\\/07\\\/24\\\/anuncia-quirino-visita-del-director-del-imss-a-sinaloa-el-proximo-martes\\\/#respond\"]}]},{\"@type\":\"WebPage\",\"@id\":\"https:\\\/\\\/fuentesfidedignas.com.mx\\\/index.php\\\/2021\\\/07\\\/24\\\/anuncia-quirino-visita-del-director-del-imss-a-sinaloa-el-proximo-martes\\\/\",\"url\":\"https:\\\/\\\/fuentesfidedignas.com.mx\\\/index.php\\\/2021\\\/07\\\/24\\\/anuncia-quirino-visita-del-director-del-imss-a-sinaloa-el-proximo-martes\\\/\",\"name\":\"Anuncia Quirino visita del Director del IMSS a Sinaloa el pr\u00f3ximo martes - Fuentes Fidedignas\",\"isPartOf\":{\"@id\":\"https:\\\/\\\/fuentesfidedignas.com.mx\\\/#website\"},\"primaryImageOfPage\":{\"@id\":\"https:\\\/\\\/fuentesfidedignas.com.mx\\\/index.php\\\/2021\\\/07\\\/24\\\/anuncia-quirino-visita-del-director-del-imss-a-sinaloa-el-proximo-martes\\\/#primaryimage\"},\"image\":{\"@id\":\"https:\\\/\\\/fuentesfidedignas.com.mx\\\/index.php\\\/2021\\\/07\\\/24\\\/anuncia-quirino-visita-del-director-del-imss-a-sinaloa-el-proximo-martes\\\/#primaryimage\"},\"thumbnailUrl\":\"https:\\\/\\\/fuentesfidedignas.com.mx\\\/wp-content\\\/uploads\\\/2021\\\/07\\\/IMG-20210724-WA0018.jpg\",\"datePublished\":\"2021-07-24T21:27:39+00:00\",\"dateModified\":\"2021-07-24T21:27:41+00:00\",\"breadcrumb\":{\"@id\":\"https:\\\/\\\/fuentesfidedignas.com.mx\\\/index.php\\\/2021\\\/07\\\/24\\\/anuncia-quirino-visita-del-director-del-imss-a-sinaloa-el-proximo-martes\\\/#breadcrumb\"},\"inLanguage\":\"es\",\"potentialAction\":[{\"@type\":\"ReadAction\",\"target\":[\"https:\\\/\\\/fuentesfidedignas.com.mx\\\/index.php\\\/2021\\\/07\\\/24\\\/anuncia-quirino-visita-del-director-del-imss-a-sinaloa-el-proximo-martes\\\/\"]}]},{\"@type\":\"ImageObject\",\"inLanguage\":\"es\",\"@id\":\"https:\\\/\\\/fuentesfidedignas.com.mx\\\/index.php\\\/2021\\\/07\\\/24\\\/anuncia-quirino-visita-del-director-del-imss-a-sinaloa-el-proximo-martes\\\/#primaryimage\",\"url\":\"https:\\\/\\\/fuentesfidedignas.com.mx\\\/wp-content\\\/uploads\\\/2021\\\/07\\\/IMG-20210724-WA0018.jpg\",\"contentUrl\":\"https:\\\/\\\/fuentesfidedignas.com.mx\\\/wp-content\\\/uploads\\\/2021\\\/07\\\/IMG-20210724-WA0018.jpg\",\"width\":1024,\"height\":682},{\"@type\":\"BreadcrumbList\",\"@id\":\"https:\\\/\\\/fuentesfidedignas.com.mx\\\/index.php\\\/2021\\\/07\\\/24\\\/anuncia-quirino-visita-del-director-del-imss-a-sinaloa-el-proximo-martes\\\/#breadcrumb\",\"itemListElement\":[{\"@type\":\"ListItem\",\"position\":1,\"name\":\"Inicio\",\"item\":\"https:\\\/\\\/fuentesfidedignas.com.mx\\\/\"},{\"@type\":\"ListItem\",\"position\":2,\"name\":\"Anuncia Quirino visita del Director del IMSS a Sinaloa el pr\u00f3ximo martes\"}]},{\"@type\":\"WebSite\",\"@id\":\"https:\\\/\\\/fuentesfidedignas.com.mx\\\/#website\",\"url\":\"https:\\\/\\\/fuentesfidedignas.com.mx\\\/\",\"name\":\"Fuentes Fidedignas\",\"description\":\"Otro sitio realizado con WordPress\",\"publisher\":{\"@id\":\"https:\\\/\\\/fuentesfidedignas.com.mx\\\/#organization\"},\"potentialAction\":[{\"@type\":\"SearchAction\",\"target\":{\"@type\":\"EntryPoint\",\"urlTemplate\":\"https:\\\/\\\/fuentesfidedignas.com.mx\\\/?s={search_term_string}\"},\"query-input\":{\"@type\":\"PropertyValueSpecification\",\"valueRequired\":true,\"valueName\":\"search_term_string\"}}],\"inLanguage\":\"es\"},{\"@type\":\"Organization\",\"@id\":\"https:\\\/\\\/fuentesfidedignas.com.mx\\\/#organization\",\"name\":\"Fuentes Fidedignas\",\"url\":\"https:\\\/\\\/fuentesfidedignas.com.mx\\\/\",\"logo\":{\"@type\":\"ImageObject\",\"inLanguage\":\"es\",\"@id\":\"https:\\\/\\\/fuentesfidedignas.com.mx\\\/#\\\/schema\\\/logo\\\/image\\\/\",\"url\":\"https:\\\/\\\/fuentesfidedignas.com.mx\\\/wp-content\\\/uploads\\\/2021\\\/04\\\/logo-retina.png\",\"contentUrl\":\"https:\\\/\\\/fuentesfidedignas.com.mx\\\/wp-content\\\/uploads\\\/2021\\\/04\\\/logo-retina.png\",\"width\":280,\"height\":51,\"caption\":\"Fuentes Fidedignas\"},\"image\":{\"@id\":\"https:\\\/\\\/fuentesfidedignas.com.mx\\\/#\\\/schema\\\/logo\\\/image\\\/\"},\"sameAs\":[\"https:\\\/\\\/www.facebook.com\\\/Fuentes-Fidedignas-368234489921644\",\"https:\\\/\\\/x.com\\\/fidedignas\"]},{\"@type\":\"Person\",\"@id\":\"https:\\\/\\\/fuentesfidedignas.com.mx\\\/#\\\/schema\\\/person\\\/331be9283d37198e2acd5750279085b0\",\"name\":\"Redacci\u00f3n\",\"image\":{\"@type\":\"ImageObject\",\"inLanguage\":\"es\",\"@id\":\"https:\\\/\\\/secure.gravatar.com\\\/avatar\\\/f6d8782c11d12b2d4ad3fbb6931aeab5309937a4d6cd2fc9cfaa28a6396a5aec?s=96&d=mm&r=g\",\"url\":\"https:\\\/\\\/secure.gravatar.com\\\/avatar\\\/f6d8782c11d12b2d4ad3fbb6931aeab5309937a4d6cd2fc9cfaa28a6396a5aec?s=96&d=mm&r=g\",\"contentUrl\":\"https:\\\/\\\/secure.gravatar.com\\\/avatar\\\/f6d8782c11d12b2d4ad3fbb6931aeab5309937a4d6cd2fc9cfaa28a6396a5aec?s=96&d=mm&r=g\",\"caption\":\"Redacci\u00f3n\"},\"url\":\"https:\\\/\\\/fuentesfidedignas.com.mx\\\/index.php\\\/author\\\/redaccion\\\/\"}]}<\/script>\n<!-- \/ Yoast SEO plugin. -->","yoast_head_json":{"title":"Anuncia Quirino visita del Director del IMSS a Sinaloa el pr\u00f3ximo martes - Fuentes Fidedignas","robots":{"index":"index","follow":"follow","max-snippet":"max-snippet:-1","max-image-preview":"max-image-preview:large","max-video-preview":"max-video-preview:-1"},"canonical":"https:\/\/fuentesfidedignas.com.mx\/index.php\/2021\/07\/24\/anuncia-quirino-visita-del-director-del-imss-a-sinaloa-el-proximo-martes\/","og_locale":"es_MX","og_type":"article","og_title":"Anuncia Quirino visita del Director del IMSS a Sinaloa el pr\u00f3ximo martes - Fuentes Fidedignas","og_description":"El gobernador de Sinaloa supervisa centro de vacunaci\u00f3n en Escuinapa, donde de aqu\u00ed al martes se aplicaran 10 mil 500 vacunas Escuinapa, Sin.- El martes pr\u00f3ximo estar\u00e1 en Culiac\u00e1n el director general del IMSS, Zo\u00e9 Robledo, quien viene a inaugurar un \u00e1rea de cuidados intensivos, acci\u00f3n que es fruto de la coordinaci\u00f3n y relaci\u00f3n entre [&hellip;]","og_url":"https:\/\/fuentesfidedignas.com.mx\/index.php\/2021\/07\/24\/anuncia-quirino-visita-del-director-del-imss-a-sinaloa-el-proximo-martes\/","og_site_name":"Fuentes Fidedignas","article_publisher":"https:\/\/www.facebook.com\/Fuentes-Fidedignas-368234489921644","article_published_time":"2021-07-24T21:27:39+00:00","article_modified_time":"2021-07-24T21:27:41+00:00","og_image":[{"width":1024,"height":682,"url":"https:\/\/fuentesfidedignas.com.mx\/wp-content\/uploads\/2021\/07\/IMG-20210724-WA0018.jpg","type":"image\/jpeg"}],"author":"Redacci\u00f3n","twitter_card":"summary_large_image","twitter_creator":"@fidedignas","twitter_site":"@fidedignas","twitter_misc":{"Escrito por":"Redacci\u00f3n","Tiempo de lectura":"2 minutos"},"schema":{"@context":"https:\/\/schema.org","@graph":[{"@type":"Article","@id":"https:\/\/fuentesfidedignas.com.mx\/index.php\/2021\/07\/24\/anuncia-quirino-visita-del-director-del-imss-a-sinaloa-el-proximo-martes\/#article","isPartOf":{"@id":"https:\/\/fuentesfidedignas.com.mx\/index.php\/2021\/07\/24\/anuncia-quirino-visita-del-director-del-imss-a-sinaloa-el-proximo-martes\/"},"author":{"name":"Redacci\u00f3n","@id":"https:\/\/fuentesfidedignas.com.mx\/#\/schema\/person\/331be9283d37198e2acd5750279085b0"},"headline":"Anuncia Quirino visita del Director del IMSS a Sinaloa el pr\u00f3ximo martes","datePublished":"2021-07-24T21:27:39+00:00","dateModified":"2021-07-24T21:27:41+00:00","mainEntityOfPage":{"@id":"https:\/\/fuentesfidedignas.com.mx\/index.php\/2021\/07\/24\/anuncia-quirino-visita-del-director-del-imss-a-sinaloa-el-proximo-martes\/"},"wordCount":504,"commentCount":0,"publisher":{"@id":"https:\/\/fuentesfidedignas.com.mx\/#organization"},"image":{"@id":"https:\/\/fuentesfidedignas.com.mx\/index.php\/2021\/07\/24\/anuncia-quirino-visita-del-director-del-imss-a-sinaloa-el-proximo-martes\/#primaryimage"},"thumbnailUrl":"https:\/\/fuentesfidedignas.com.mx\/wp-content\/uploads\/2021\/07\/IMG-20210724-WA0018.jpg","articleSection":["NOTICIAS LOCALES"],"inLanguage":"es","potentialAction":[{"@type":"CommentAction","name":"Comment","target":["https:\/\/fuentesfidedignas.com.mx\/index.php\/2021\/07\/24\/anuncia-quirino-visita-del-director-del-imss-a-sinaloa-el-proximo-martes\/#respond"]}]},{"@type":"WebPage","@id":"https:\/\/fuentesfidedignas.com.mx\/index.php\/2021\/07\/24\/anuncia-quirino-visita-del-director-del-imss-a-sinaloa-el-proximo-martes\/","url":"https:\/\/fuentesfidedignas.com.mx\/index.php\/2021\/07\/24\/anuncia-quirino-visita-del-director-del-imss-a-sinaloa-el-proximo-martes\/","name":"Anuncia Quirino visita del Director del IMSS a Sinaloa el pr\u00f3ximo martes - Fuentes Fidedignas","isPartOf":{"@id":"https:\/\/fuentesfidedignas.com.mx\/#website"},"primaryImageOfPage":{"@id":"https:\/\/fuentesfidedignas.com.mx\/index.php\/2021\/07\/24\/anuncia-quirino-visita-del-director-del-imss-a-sinaloa-el-proximo-martes\/#primaryimage"},"image":{"@id":"https:\/\/fuentesfidedignas.com.mx\/index.php\/2021\/07\/24\/anuncia-quirino-visita-del-director-del-imss-a-sinaloa-el-proximo-martes\/#primaryimage"},"thumbnailUrl":"https:\/\/fuentesfidedignas.com.mx\/wp-content\/uploads\/2021\/07\/IMG-20210724-WA0018.jpg","datePublished":"2021-07-24T21:27:39+00:00","dateModified":"2021-07-24T21:27:41+00:00","breadcrumb":{"@id":"https:\/\/fuentesfidedignas.com.mx\/index.php\/2021\/07\/24\/anuncia-quirino-visita-del-director-del-imss-a-sinaloa-el-proximo-martes\/#breadcrumb"},"inLanguage":"es","potentialAction":[{"@type":"ReadAction","target":["https:\/\/fuentesfidedignas.com.mx\/index.php\/2021\/07\/24\/anuncia-quirino-visita-del-director-del-imss-a-sinaloa-el-proximo-martes\/"]}]},{"@type":"ImageObject","inLanguage":"es","@id":"https:\/\/fuentesfidedignas.com.mx\/index.php\/2021\/07\/24\/anuncia-quirino-visita-del-director-del-imss-a-sinaloa-el-proximo-martes\/#primaryimage","url":"https:\/\/fuentesfidedignas.com.mx\/wp-content\/uploads\/2021\/07\/IMG-20210724-WA0018.jpg","contentUrl":"https:\/\/fuentesfidedignas.com.mx\/wp-content\/uploads\/2021\/07\/IMG-20210724-WA0018.jpg","width":1024,"height":682},{"@type":"BreadcrumbList","@id":"https:\/\/fuentesfidedignas.com.mx\/index.php\/2021\/07\/24\/anuncia-quirino-visita-del-director-del-imss-a-sinaloa-el-proximo-martes\/#breadcrumb","itemListElement":[{"@type":"ListItem","position":1,"name":"Inicio","item":"https:\/\/fuentesfidedignas.com.mx\/"},{"@type":"ListItem","position":2,"name":"Anuncia Quirino visita del Director del IMSS a Sinaloa el pr\u00f3ximo martes"}]},{"@type":"WebSite","@id":"https:\/\/fuentesfidedignas.com.mx\/#website","url":"https:\/\/fuentesfidedignas.com.mx\/","name":"Fuentes Fidedignas","description":"Otro sitio realizado con WordPress","publisher":{"@id":"https:\/\/fuentesfidedignas.com.mx\/#organization"},"potentialAction":[{"@type":"SearchAction","target":{"@type":"EntryPoint","urlTemplate":"https:\/\/fuentesfidedignas.com.mx\/?s={search_term_string}"},"query-input":{"@type":"PropertyValueSpecification","valueRequired":true,"valueName":"search_term_string"}}],"inLanguage":"es"},{"@type":"Organization","@id":"https:\/\/fuentesfidedignas.com.mx\/#organization","name":"Fuentes Fidedignas","url":"https:\/\/fuentesfidedignas.com.mx\/","logo":{"@type":"ImageObject","inLanguage":"es","@id":"https:\/\/fuentesfidedignas.com.mx\/#\/schema\/logo\/image\/","url":"https:\/\/fuentesfidedignas.com.mx\/wp-content\/uploads\/2021\/04\/logo-retina.png","contentUrl":"https:\/\/fuentesfidedignas.com.mx\/wp-content\/uploads\/2021\/04\/logo-retina.png","width":280,"height":51,"caption":"Fuentes Fidedignas"},"image":{"@id":"https:\/\/fuentesfidedignas.com.mx\/#\/schema\/logo\/image\/"},"sameAs":["https:\/\/www.facebook.com\/Fuentes-Fidedignas-368234489921644","https:\/\/x.com\/fidedignas"]},{"@type":"Person","@id":"https:\/\/fuentesfidedignas.com.mx\/#\/schema\/person\/331be9283d37198e2acd5750279085b0","name":"Redacci\u00f3n","image":{"@type":"ImageObject","inLanguage":"es","@id":"https:\/\/secure.gravatar.com\/avatar\/f6d8782c11d12b2d4ad3fbb6931aeab5309937a4d6cd2fc9cfaa28a6396a5aec?s=96&d=mm&r=g","url":"https:\/\/secure.gravatar.com\/avatar\/f6d8782c11d12b2d4ad3fbb6931aeab5309937a4d6cd2fc9cfaa28a6396a5aec?s=96&d=mm&r=g","contentUrl":"https:\/\/secure.gravatar.com\/avatar\/f6d8782c11d12b2d4ad3fbb6931aeab5309937a4d6cd2fc9cfaa28a6396a5aec?s=96&d=mm&r=g","caption":"Redacci\u00f3n"},"url":"https:\/\/fuentesfidedignas.com.mx\/index.php\/author\/redaccion\/"}]}},"_links":{"self":[{"href":"https:\/\/fuentesfidedignas.com.mx\/index.php\/wp-json\/wp\/v2\/posts\/8182","targetHints":{"allow":["GET"]}}],"collection":[{"href":"https:\/\/fuentesfidedignas.com.mx\/index.php\/wp-json\/wp\/v2\/posts"}],"about":[{"href":"https:\/\/fuentesfidedignas.com.mx\/index.php\/wp-json\/wp\/v2\/types\/post"}],"author":[{"embeddable":true,"href":"https:\/\/fuentesfidedignas.com.mx\/index.php\/wp-json\/wp\/v2\/users\/4"}],"replies":[{"embeddable":true,"href":"https:\/\/fuentesfidedignas.com.mx\/index.php\/wp-json\/wp\/v2\/comments?post=8182"}],"version-history":[{"count":1,"href":"https:\/\/fuentesfidedignas.com.mx\/index.php\/wp-json\/wp\/v2\/posts\/8182\/revisions"}],"predecessor-version":[{"id":8186,"href":"https:\/\/fuentesfidedignas.com.mx\/index.php\/wp-json\/wp\/v2\/posts\/8182\/revisions\/8186"}],"wp:featuredmedia":[{"embeddable":true,"href":"https:\/\/fuentesfidedignas.com.mx\/index.php\/wp-json\/wp\/v2\/media\/8183"}],"wp:attachment":[{"href":"https:\/\/fuentesfidedignas.com.mx\/index.php\/wp-json\/wp\/v2\/media?parent=8182"}],"wp:term":[{"taxonomy":"category","embeddable":true,"href":"https:\/\/fuentesfidedignas.com.mx\/index.php\/wp-json\/wp\/v2\/categories?post=8182"},{"taxonomy":"post_tag","embeddable":true,"href":"https:\/\/fuentesfidedignas.com.mx\/index.php\/wp-json\/wp\/v2\/tags?post=8182"}],"curies":[{"name":"wp","href":"https:\/\/api.w.org\/{rel}","templated":true}]}}