{"id":81767,"date":"2024-05-16T14:34:52","date_gmt":"2024-05-16T21:34:52","guid":{"rendered":"https:\/\/fuentesfidedignas.com.mx\/?p=81767"},"modified":"2024-05-16T14:34:54","modified_gmt":"2024-05-16T21:34:54","slug":"el-pas-apoya-con-todo-a-los-candidatos-de-la-coalicion-fuerza-y-corazon-por-mexico-cuen","status":"publish","type":"post","link":"https:\/\/fuentesfidedignas.com.mx\/index.php\/2024\/05\/16\/el-pas-apoya-con-todo-a-los-candidatos-de-la-coalicion-fuerza-y-corazon-por-mexico-cuen\/","title":{"rendered":"El PAS apoya con todo a los candidatos de la coalici\u00f3n Fuerza y Coraz\u00f3n por M\u00e9xico: Cu\u00e9n"},"content":{"rendered":"\n<p>Culiac\u00e1n, Sin.- El Partido Sinaloense apoya totalmente a Erika S\u00e1nchez, candidata a la alcald\u00eda de Culiac\u00e1n y a todos los candidatos de la coalici\u00f3n Fuerza y Coraz\u00f3n por M\u00e9xico, encabezados por X\u00f3chitl G\u00e1lvez, asever\u00f3 el l\u00edder pol\u00edtico del PAS, MC. H\u00e9ctor Melesio Cu\u00e9n Ojeda durante la conferencia de prensa en conjunto con el PRI.<\/p>\n\n\n\n<p>Con respecto a los actos de corrupci\u00f3n por parte del Gobierno de Sinaloa, el PAS no lo ha dejado solo en se\u00f1alamientos sino que ya interpusieron las denuncias formales en las instancias federales que corresponden por lo que ya se tiene la carpeta investigaci\u00f3n por actos de corrupci\u00f3n respecto a licitaciones simuladas de recursos propios por m\u00e1s de tres mil millones de pesos.<\/p>\n\n\n\n<p><strong>&#8220;El problema del 2 de junio es el gobernador Rub\u00e9n Rocha Moya, quien no ha permitido que haya en el gobierno una verdadera separaci\u00f3n de poderes, y quien&nbsp; mantiene una constente persecuci\u00f3n pol\u00edtica. Hay mucha corrupci\u00f3n y utilizan el dinero p\u00fablico para esta elecci\u00f3n, por eso estamos apoyando a X\u00f3chitl G\u00e1lvez para que esto cambie<\/strong>&#8220;.<\/p>\n\n\n\n<p>Cu\u00e9n Ojeda reiter\u00f3 al candidato de Morena al Senado, quien en m\u00faltiples ocasiones ha se\u00f1alado que el PAS perder\u00e1 el registro:&nbsp; &#8220;Si perdemos el registro me retiro para siempre de la pol\u00edtica, pero si no, que Enrique Inzunza deje de violentar a las mujeres. El no debiera ser candidato por la denuncia de acoso en su contra.<\/p>\n","protected":false},"excerpt":{"rendered":"<p>Culiac\u00e1n, Sin.- El Partido Sinaloense apoya totalmente a Erika S\u00e1nchez, candidata a la alcald\u00eda de Culiac\u00e1n y a todos los candidatos de la coalici\u00f3n Fuerza y Coraz\u00f3n por M\u00e9xico, encabezados por X\u00f3chitl G\u00e1lvez, asever\u00f3 el l\u00edder pol\u00edtico del PAS, MC. H\u00e9ctor Melesio Cu\u00e9n Ojeda durante la conferencia de prensa en conjunto con el PRI. Con [&hellip;]<\/p>\n","protected":false},"author":4,"featured_media":81766,"comment_status":"open","ping_status":"open","sticky":false,"template":"","format":"standard","meta":{"tdm_status":"","tdm_grid_status":"","footnotes":""},"categories":[38],"tags":[],"class_list":{"0":"post-81767","1":"post","2":"type-post","3":"status-publish","4":"format-standard","5":"has-post-thumbnail","7":"category-noticias-locales"},"yoast_head":"<!-- This site is optimized with the Yoast SEO plugin v27.5 - https:\/\/yoast.com\/product\/yoast-seo-wordpress\/ -->\n<title>El PAS apoya con todo a los candidatos de la coalici\u00f3n Fuerza y Coraz\u00f3n por M\u00e9xico: Cu\u00e9n - Fuentes Fidedignas<\/title>\n<meta name=\"robots\" content=\"index, follow, max-snippet:-1, max-image-preview:large, max-video-preview:-1\" \/>\n<link rel=\"canonical\" href=\"https:\/\/fuentesfidedignas.com.mx\/index.php\/2024\/05\/16\/el-pas-apoya-con-todo-a-los-candidatos-de-la-coalicion-fuerza-y-corazon-por-mexico-cuen\/\" \/>\n<meta property=\"og:locale\" content=\"es_MX\" \/>\n<meta property=\"og:type\" content=\"article\" \/>\n<meta property=\"og:title\" content=\"El PAS apoya con todo a los candidatos de la coalici\u00f3n Fuerza y Coraz\u00f3n por M\u00e9xico: Cu\u00e9n - Fuentes Fidedignas\" \/>\n<meta property=\"og:description\" content=\"Culiac\u00e1n, Sin.- El Partido Sinaloense apoya totalmente a Erika S\u00e1nchez, candidata a la alcald\u00eda de Culiac\u00e1n y a todos los candidatos de la coalici\u00f3n Fuerza y Coraz\u00f3n por M\u00e9xico, encabezados por X\u00f3chitl G\u00e1lvez, asever\u00f3 el l\u00edder pol\u00edtico del PAS, MC. H\u00e9ctor Melesio Cu\u00e9n Ojeda durante la conferencia de prensa en conjunto con el PRI. Con [&hellip;]\" \/>\n<meta property=\"og:url\" content=\"https:\/\/fuentesfidedignas.com.mx\/index.php\/2024\/05\/16\/el-pas-apoya-con-todo-a-los-candidatos-de-la-coalicion-fuerza-y-corazon-por-mexico-cuen\/\" \/>\n<meta property=\"og:site_name\" content=\"Fuentes Fidedignas\" \/>\n<meta property=\"article:publisher\" content=\"https:\/\/www.facebook.com\/Fuentes-Fidedignas-368234489921644\" \/>\n<meta property=\"article:published_time\" content=\"2024-05-16T21:34:52+00:00\" \/>\n<meta property=\"article:modified_time\" content=\"2024-05-16T21:34:54+00:00\" \/>\n<meta property=\"og:image\" content=\"https:\/\/fuentesfidedignas.com.mx\/wp-content\/uploads\/2024\/05\/541edd37-58dd-4844-8669-2f777be65888-1.jpg\" \/>\n\t<meta property=\"og:image:width\" content=\"1336\" \/>\n\t<meta property=\"og:image:height\" content=\"1054\" \/>\n\t<meta property=\"og:image:type\" content=\"image\/jpeg\" \/>\n<meta name=\"author\" content=\"Redacci\u00f3n\" \/>\n<meta name=\"twitter:card\" content=\"summary_large_image\" \/>\n<meta name=\"twitter:creator\" content=\"@fidedignas\" \/>\n<meta name=\"twitter:site\" content=\"@fidedignas\" \/>\n<meta name=\"twitter:label1\" content=\"Escrito por\" \/>\n\t<meta name=\"twitter:data1\" content=\"Redacci\u00f3n\" \/>\n\t<meta name=\"twitter:label2\" content=\"Tiempo de lectura\" \/>\n\t<meta name=\"twitter:data2\" content=\"1 minuto\" \/>\n<script type=\"application\/ld+json\" class=\"yoast-schema-graph\">{\"@context\":\"https:\\\/\\\/schema.org\",\"@graph\":[{\"@type\":\"Article\",\"@id\":\"https:\\\/\\\/fuentesfidedignas.com.mx\\\/index.php\\\/2024\\\/05\\\/16\\\/el-pas-apoya-con-todo-a-los-candidatos-de-la-coalicion-fuerza-y-corazon-por-mexico-cuen\\\/#article\",\"isPartOf\":{\"@id\":\"https:\\\/\\\/fuentesfidedignas.com.mx\\\/index.php\\\/2024\\\/05\\\/16\\\/el-pas-apoya-con-todo-a-los-candidatos-de-la-coalicion-fuerza-y-corazon-por-mexico-cuen\\\/\"},\"author\":{\"name\":\"Redacci\u00f3n\",\"@id\":\"https:\\\/\\\/fuentesfidedignas.com.mx\\\/#\\\/schema\\\/person\\\/331be9283d37198e2acd5750279085b0\"},\"headline\":\"El PAS apoya con todo a los candidatos de la coalici\u00f3n Fuerza y Coraz\u00f3n por M\u00e9xico: Cu\u00e9n\",\"datePublished\":\"2024-05-16T21:34:52+00:00\",\"dateModified\":\"2024-05-16T21:34:54+00:00\",\"mainEntityOfPage\":{\"@id\":\"https:\\\/\\\/fuentesfidedignas.com.mx\\\/index.php\\\/2024\\\/05\\\/16\\\/el-pas-apoya-con-todo-a-los-candidatos-de-la-coalicion-fuerza-y-corazon-por-mexico-cuen\\\/\"},\"wordCount\":283,\"commentCount\":0,\"publisher\":{\"@id\":\"https:\\\/\\\/fuentesfidedignas.com.mx\\\/#organization\"},\"image\":{\"@id\":\"https:\\\/\\\/fuentesfidedignas.com.mx\\\/index.php\\\/2024\\\/05\\\/16\\\/el-pas-apoya-con-todo-a-los-candidatos-de-la-coalicion-fuerza-y-corazon-por-mexico-cuen\\\/#primaryimage\"},\"thumbnailUrl\":\"https:\\\/\\\/fuentesfidedignas.com.mx\\\/wp-content\\\/uploads\\\/2024\\\/05\\\/541edd37-58dd-4844-8669-2f777be65888-1.jpg\",\"articleSection\":[\"NOTICIAS LOCALES\"],\"inLanguage\":\"es\",\"potentialAction\":[{\"@type\":\"CommentAction\",\"name\":\"Comment\",\"target\":[\"https:\\\/\\\/fuentesfidedignas.com.mx\\\/index.php\\\/2024\\\/05\\\/16\\\/el-pas-apoya-con-todo-a-los-candidatos-de-la-coalicion-fuerza-y-corazon-por-mexico-cuen\\\/#respond\"]}]},{\"@type\":\"WebPage\",\"@id\":\"https:\\\/\\\/fuentesfidedignas.com.mx\\\/index.php\\\/2024\\\/05\\\/16\\\/el-pas-apoya-con-todo-a-los-candidatos-de-la-coalicion-fuerza-y-corazon-por-mexico-cuen\\\/\",\"url\":\"https:\\\/\\\/fuentesfidedignas.com.mx\\\/index.php\\\/2024\\\/05\\\/16\\\/el-pas-apoya-con-todo-a-los-candidatos-de-la-coalicion-fuerza-y-corazon-por-mexico-cuen\\\/\",\"name\":\"El PAS apoya con todo a los candidatos de la coalici\u00f3n Fuerza y Coraz\u00f3n por M\u00e9xico: Cu\u00e9n - Fuentes Fidedignas\",\"isPartOf\":{\"@id\":\"https:\\\/\\\/fuentesfidedignas.com.mx\\\/#website\"},\"primaryImageOfPage\":{\"@id\":\"https:\\\/\\\/fuentesfidedignas.com.mx\\\/index.php\\\/2024\\\/05\\\/16\\\/el-pas-apoya-con-todo-a-los-candidatos-de-la-coalicion-fuerza-y-corazon-por-mexico-cuen\\\/#primaryimage\"},\"image\":{\"@id\":\"https:\\\/\\\/fuentesfidedignas.com.mx\\\/index.php\\\/2024\\\/05\\\/16\\\/el-pas-apoya-con-todo-a-los-candidatos-de-la-coalicion-fuerza-y-corazon-por-mexico-cuen\\\/#primaryimage\"},\"thumbnailUrl\":\"https:\\\/\\\/fuentesfidedignas.com.mx\\\/wp-content\\\/uploads\\\/2024\\\/05\\\/541edd37-58dd-4844-8669-2f777be65888-1.jpg\",\"datePublished\":\"2024-05-16T21:34:52+00:00\",\"dateModified\":\"2024-05-16T21:34:54+00:00\",\"breadcrumb\":{\"@id\":\"https:\\\/\\\/fuentesfidedignas.com.mx\\\/index.php\\\/2024\\\/05\\\/16\\\/el-pas-apoya-con-todo-a-los-candidatos-de-la-coalicion-fuerza-y-corazon-por-mexico-cuen\\\/#breadcrumb\"},\"inLanguage\":\"es\",\"potentialAction\":[{\"@type\":\"ReadAction\",\"target\":[\"https:\\\/\\\/fuentesfidedignas.com.mx\\\/index.php\\\/2024\\\/05\\\/16\\\/el-pas-apoya-con-todo-a-los-candidatos-de-la-coalicion-fuerza-y-corazon-por-mexico-cuen\\\/\"]}]},{\"@type\":\"ImageObject\",\"inLanguage\":\"es\",\"@id\":\"https:\\\/\\\/fuentesfidedignas.com.mx\\\/index.php\\\/2024\\\/05\\\/16\\\/el-pas-apoya-con-todo-a-los-candidatos-de-la-coalicion-fuerza-y-corazon-por-mexico-cuen\\\/#primaryimage\",\"url\":\"https:\\\/\\\/fuentesfidedignas.com.mx\\\/wp-content\\\/uploads\\\/2024\\\/05\\\/541edd37-58dd-4844-8669-2f777be65888-1.jpg\",\"contentUrl\":\"https:\\\/\\\/fuentesfidedignas.com.mx\\\/wp-content\\\/uploads\\\/2024\\\/05\\\/541edd37-58dd-4844-8669-2f777be65888-1.jpg\",\"width\":1336,\"height\":1054},{\"@type\":\"BreadcrumbList\",\"@id\":\"https:\\\/\\\/fuentesfidedignas.com.mx\\\/index.php\\\/2024\\\/05\\\/16\\\/el-pas-apoya-con-todo-a-los-candidatos-de-la-coalicion-fuerza-y-corazon-por-mexico-cuen\\\/#breadcrumb\",\"itemListElement\":[{\"@type\":\"ListItem\",\"position\":1,\"name\":\"Inicio\",\"item\":\"https:\\\/\\\/fuentesfidedignas.com.mx\\\/\"},{\"@type\":\"ListItem\",\"position\":2,\"name\":\"El PAS apoya con todo a los candidatos de la coalici\u00f3n Fuerza y Coraz\u00f3n por M\u00e9xico: Cu\u00e9n\"}]},{\"@type\":\"WebSite\",\"@id\":\"https:\\\/\\\/fuentesfidedignas.com.mx\\\/#website\",\"url\":\"https:\\\/\\\/fuentesfidedignas.com.mx\\\/\",\"name\":\"Fuentes Fidedignas\",\"description\":\"Otro sitio realizado con WordPress\",\"publisher\":{\"@id\":\"https:\\\/\\\/fuentesfidedignas.com.mx\\\/#organization\"},\"potentialAction\":[{\"@type\":\"SearchAction\",\"target\":{\"@type\":\"EntryPoint\",\"urlTemplate\":\"https:\\\/\\\/fuentesfidedignas.com.mx\\\/?s={search_term_string}\"},\"query-input\":{\"@type\":\"PropertyValueSpecification\",\"valueRequired\":true,\"valueName\":\"search_term_string\"}}],\"inLanguage\":\"es\"},{\"@type\":\"Organization\",\"@id\":\"https:\\\/\\\/fuentesfidedignas.com.mx\\\/#organization\",\"name\":\"Fuentes Fidedignas\",\"url\":\"https:\\\/\\\/fuentesfidedignas.com.mx\\\/\",\"logo\":{\"@type\":\"ImageObject\",\"inLanguage\":\"es\",\"@id\":\"https:\\\/\\\/fuentesfidedignas.com.mx\\\/#\\\/schema\\\/logo\\\/image\\\/\",\"url\":\"https:\\\/\\\/fuentesfidedignas.com.mx\\\/wp-content\\\/uploads\\\/2021\\\/04\\\/logo-retina.png\",\"contentUrl\":\"https:\\\/\\\/fuentesfidedignas.com.mx\\\/wp-content\\\/uploads\\\/2021\\\/04\\\/logo-retina.png\",\"width\":280,\"height\":51,\"caption\":\"Fuentes Fidedignas\"},\"image\":{\"@id\":\"https:\\\/\\\/fuentesfidedignas.com.mx\\\/#\\\/schema\\\/logo\\\/image\\\/\"},\"sameAs\":[\"https:\\\/\\\/www.facebook.com\\\/Fuentes-Fidedignas-368234489921644\",\"https:\\\/\\\/x.com\\\/fidedignas\"]},{\"@type\":\"Person\",\"@id\":\"https:\\\/\\\/fuentesfidedignas.com.mx\\\/#\\\/schema\\\/person\\\/331be9283d37198e2acd5750279085b0\",\"name\":\"Redacci\u00f3n\",\"image\":{\"@type\":\"ImageObject\",\"inLanguage\":\"es\",\"@id\":\"https:\\\/\\\/secure.gravatar.com\\\/avatar\\\/f6d8782c11d12b2d4ad3fbb6931aeab5309937a4d6cd2fc9cfaa28a6396a5aec?s=96&d=mm&r=g\",\"url\":\"https:\\\/\\\/secure.gravatar.com\\\/avatar\\\/f6d8782c11d12b2d4ad3fbb6931aeab5309937a4d6cd2fc9cfaa28a6396a5aec?s=96&d=mm&r=g\",\"contentUrl\":\"https:\\\/\\\/secure.gravatar.com\\\/avatar\\\/f6d8782c11d12b2d4ad3fbb6931aeab5309937a4d6cd2fc9cfaa28a6396a5aec?s=96&d=mm&r=g\",\"caption\":\"Redacci\u00f3n\"},\"url\":\"https:\\\/\\\/fuentesfidedignas.com.mx\\\/index.php\\\/author\\\/redaccion\\\/\"}]}<\/script>\n<!-- \/ Yoast SEO plugin. -->","yoast_head_json":{"title":"El PAS apoya con todo a los candidatos de la coalici\u00f3n Fuerza y Coraz\u00f3n por M\u00e9xico: Cu\u00e9n - Fuentes Fidedignas","robots":{"index":"index","follow":"follow","max-snippet":"max-snippet:-1","max-image-preview":"max-image-preview:large","max-video-preview":"max-video-preview:-1"},"canonical":"https:\/\/fuentesfidedignas.com.mx\/index.php\/2024\/05\/16\/el-pas-apoya-con-todo-a-los-candidatos-de-la-coalicion-fuerza-y-corazon-por-mexico-cuen\/","og_locale":"es_MX","og_type":"article","og_title":"El PAS apoya con todo a los candidatos de la coalici\u00f3n Fuerza y Coraz\u00f3n por M\u00e9xico: Cu\u00e9n - Fuentes Fidedignas","og_description":"Culiac\u00e1n, Sin.- El Partido Sinaloense apoya totalmente a Erika S\u00e1nchez, candidata a la alcald\u00eda de Culiac\u00e1n y a todos los candidatos de la coalici\u00f3n Fuerza y Coraz\u00f3n por M\u00e9xico, encabezados por X\u00f3chitl G\u00e1lvez, asever\u00f3 el l\u00edder pol\u00edtico del PAS, MC. H\u00e9ctor Melesio Cu\u00e9n Ojeda durante la conferencia de prensa en conjunto con el PRI. Con [&hellip;]","og_url":"https:\/\/fuentesfidedignas.com.mx\/index.php\/2024\/05\/16\/el-pas-apoya-con-todo-a-los-candidatos-de-la-coalicion-fuerza-y-corazon-por-mexico-cuen\/","og_site_name":"Fuentes Fidedignas","article_publisher":"https:\/\/www.facebook.com\/Fuentes-Fidedignas-368234489921644","article_published_time":"2024-05-16T21:34:52+00:00","article_modified_time":"2024-05-16T21:34:54+00:00","og_image":[{"width":1336,"height":1054,"url":"https:\/\/fuentesfidedignas.com.mx\/wp-content\/uploads\/2024\/05\/541edd37-58dd-4844-8669-2f777be65888-1.jpg","type":"image\/jpeg"}],"author":"Redacci\u00f3n","twitter_card":"summary_large_image","twitter_creator":"@fidedignas","twitter_site":"@fidedignas","twitter_misc":{"Escrito por":"Redacci\u00f3n","Tiempo de lectura":"1 minuto"},"schema":{"@context":"https:\/\/schema.org","@graph":[{"@type":"Article","@id":"https:\/\/fuentesfidedignas.com.mx\/index.php\/2024\/05\/16\/el-pas-apoya-con-todo-a-los-candidatos-de-la-coalicion-fuerza-y-corazon-por-mexico-cuen\/#article","isPartOf":{"@id":"https:\/\/fuentesfidedignas.com.mx\/index.php\/2024\/05\/16\/el-pas-apoya-con-todo-a-los-candidatos-de-la-coalicion-fuerza-y-corazon-por-mexico-cuen\/"},"author":{"name":"Redacci\u00f3n","@id":"https:\/\/fuentesfidedignas.com.mx\/#\/schema\/person\/331be9283d37198e2acd5750279085b0"},"headline":"El PAS apoya con todo a los candidatos de la coalici\u00f3n Fuerza y Coraz\u00f3n por M\u00e9xico: Cu\u00e9n","datePublished":"2024-05-16T21:34:52+00:00","dateModified":"2024-05-16T21:34:54+00:00","mainEntityOfPage":{"@id":"https:\/\/fuentesfidedignas.com.mx\/index.php\/2024\/05\/16\/el-pas-apoya-con-todo-a-los-candidatos-de-la-coalicion-fuerza-y-corazon-por-mexico-cuen\/"},"wordCount":283,"commentCount":0,"publisher":{"@id":"https:\/\/fuentesfidedignas.com.mx\/#organization"},"image":{"@id":"https:\/\/fuentesfidedignas.com.mx\/index.php\/2024\/05\/16\/el-pas-apoya-con-todo-a-los-candidatos-de-la-coalicion-fuerza-y-corazon-por-mexico-cuen\/#primaryimage"},"thumbnailUrl":"https:\/\/fuentesfidedignas.com.mx\/wp-content\/uploads\/2024\/05\/541edd37-58dd-4844-8669-2f777be65888-1.jpg","articleSection":["NOTICIAS LOCALES"],"inLanguage":"es","potentialAction":[{"@type":"CommentAction","name":"Comment","target":["https:\/\/fuentesfidedignas.com.mx\/index.php\/2024\/05\/16\/el-pas-apoya-con-todo-a-los-candidatos-de-la-coalicion-fuerza-y-corazon-por-mexico-cuen\/#respond"]}]},{"@type":"WebPage","@id":"https:\/\/fuentesfidedignas.com.mx\/index.php\/2024\/05\/16\/el-pas-apoya-con-todo-a-los-candidatos-de-la-coalicion-fuerza-y-corazon-por-mexico-cuen\/","url":"https:\/\/fuentesfidedignas.com.mx\/index.php\/2024\/05\/16\/el-pas-apoya-con-todo-a-los-candidatos-de-la-coalicion-fuerza-y-corazon-por-mexico-cuen\/","name":"El PAS apoya con todo a los candidatos de la coalici\u00f3n Fuerza y Coraz\u00f3n por M\u00e9xico: Cu\u00e9n - Fuentes Fidedignas","isPartOf":{"@id":"https:\/\/fuentesfidedignas.com.mx\/#website"},"primaryImageOfPage":{"@id":"https:\/\/fuentesfidedignas.com.mx\/index.php\/2024\/05\/16\/el-pas-apoya-con-todo-a-los-candidatos-de-la-coalicion-fuerza-y-corazon-por-mexico-cuen\/#primaryimage"},"image":{"@id":"https:\/\/fuentesfidedignas.com.mx\/index.php\/2024\/05\/16\/el-pas-apoya-con-todo-a-los-candidatos-de-la-coalicion-fuerza-y-corazon-por-mexico-cuen\/#primaryimage"},"thumbnailUrl":"https:\/\/fuentesfidedignas.com.mx\/wp-content\/uploads\/2024\/05\/541edd37-58dd-4844-8669-2f777be65888-1.jpg","datePublished":"2024-05-16T21:34:52+00:00","dateModified":"2024-05-16T21:34:54+00:00","breadcrumb":{"@id":"https:\/\/fuentesfidedignas.com.mx\/index.php\/2024\/05\/16\/el-pas-apoya-con-todo-a-los-candidatos-de-la-coalicion-fuerza-y-corazon-por-mexico-cuen\/#breadcrumb"},"inLanguage":"es","potentialAction":[{"@type":"ReadAction","target":["https:\/\/fuentesfidedignas.com.mx\/index.php\/2024\/05\/16\/el-pas-apoya-con-todo-a-los-candidatos-de-la-coalicion-fuerza-y-corazon-por-mexico-cuen\/"]}]},{"@type":"ImageObject","inLanguage":"es","@id":"https:\/\/fuentesfidedignas.com.mx\/index.php\/2024\/05\/16\/el-pas-apoya-con-todo-a-los-candidatos-de-la-coalicion-fuerza-y-corazon-por-mexico-cuen\/#primaryimage","url":"https:\/\/fuentesfidedignas.com.mx\/wp-content\/uploads\/2024\/05\/541edd37-58dd-4844-8669-2f777be65888-1.jpg","contentUrl":"https:\/\/fuentesfidedignas.com.mx\/wp-content\/uploads\/2024\/05\/541edd37-58dd-4844-8669-2f777be65888-1.jpg","width":1336,"height":1054},{"@type":"BreadcrumbList","@id":"https:\/\/fuentesfidedignas.com.mx\/index.php\/2024\/05\/16\/el-pas-apoya-con-todo-a-los-candidatos-de-la-coalicion-fuerza-y-corazon-por-mexico-cuen\/#breadcrumb","itemListElement":[{"@type":"ListItem","position":1,"name":"Inicio","item":"https:\/\/fuentesfidedignas.com.mx\/"},{"@type":"ListItem","position":2,"name":"El PAS apoya con todo a los candidatos de la coalici\u00f3n Fuerza y Coraz\u00f3n por M\u00e9xico: Cu\u00e9n"}]},{"@type":"WebSite","@id":"https:\/\/fuentesfidedignas.com.mx\/#website","url":"https:\/\/fuentesfidedignas.com.mx\/","name":"Fuentes Fidedignas","description":"Otro sitio realizado con WordPress","publisher":{"@id":"https:\/\/fuentesfidedignas.com.mx\/#organization"},"potentialAction":[{"@type":"SearchAction","target":{"@type":"EntryPoint","urlTemplate":"https:\/\/fuentesfidedignas.com.mx\/?s={search_term_string}"},"query-input":{"@type":"PropertyValueSpecification","valueRequired":true,"valueName":"search_term_string"}}],"inLanguage":"es"},{"@type":"Organization","@id":"https:\/\/fuentesfidedignas.com.mx\/#organization","name":"Fuentes Fidedignas","url":"https:\/\/fuentesfidedignas.com.mx\/","logo":{"@type":"ImageObject","inLanguage":"es","@id":"https:\/\/fuentesfidedignas.com.mx\/#\/schema\/logo\/image\/","url":"https:\/\/fuentesfidedignas.com.mx\/wp-content\/uploads\/2021\/04\/logo-retina.png","contentUrl":"https:\/\/fuentesfidedignas.com.mx\/wp-content\/uploads\/2021\/04\/logo-retina.png","width":280,"height":51,"caption":"Fuentes Fidedignas"},"image":{"@id":"https:\/\/fuentesfidedignas.com.mx\/#\/schema\/logo\/image\/"},"sameAs":["https:\/\/www.facebook.com\/Fuentes-Fidedignas-368234489921644","https:\/\/x.com\/fidedignas"]},{"@type":"Person","@id":"https:\/\/fuentesfidedignas.com.mx\/#\/schema\/person\/331be9283d37198e2acd5750279085b0","name":"Redacci\u00f3n","image":{"@type":"ImageObject","inLanguage":"es","@id":"https:\/\/secure.gravatar.com\/avatar\/f6d8782c11d12b2d4ad3fbb6931aeab5309937a4d6cd2fc9cfaa28a6396a5aec?s=96&d=mm&r=g","url":"https:\/\/secure.gravatar.com\/avatar\/f6d8782c11d12b2d4ad3fbb6931aeab5309937a4d6cd2fc9cfaa28a6396a5aec?s=96&d=mm&r=g","contentUrl":"https:\/\/secure.gravatar.com\/avatar\/f6d8782c11d12b2d4ad3fbb6931aeab5309937a4d6cd2fc9cfaa28a6396a5aec?s=96&d=mm&r=g","caption":"Redacci\u00f3n"},"url":"https:\/\/fuentesfidedignas.com.mx\/index.php\/author\/redaccion\/"}]}},"_links":{"self":[{"href":"https:\/\/fuentesfidedignas.com.mx\/index.php\/wp-json\/wp\/v2\/posts\/81767","targetHints":{"allow":["GET"]}}],"collection":[{"href":"https:\/\/fuentesfidedignas.com.mx\/index.php\/wp-json\/wp\/v2\/posts"}],"about":[{"href":"https:\/\/fuentesfidedignas.com.mx\/index.php\/wp-json\/wp\/v2\/types\/post"}],"author":[{"embeddable":true,"href":"https:\/\/fuentesfidedignas.com.mx\/index.php\/wp-json\/wp\/v2\/users\/4"}],"replies":[{"embeddable":true,"href":"https:\/\/fuentesfidedignas.com.mx\/index.php\/wp-json\/wp\/v2\/comments?post=81767"}],"version-history":[{"count":1,"href":"https:\/\/fuentesfidedignas.com.mx\/index.php\/wp-json\/wp\/v2\/posts\/81767\/revisions"}],"predecessor-version":[{"id":81768,"href":"https:\/\/fuentesfidedignas.com.mx\/index.php\/wp-json\/wp\/v2\/posts\/81767\/revisions\/81768"}],"wp:featuredmedia":[{"embeddable":true,"href":"https:\/\/fuentesfidedignas.com.mx\/index.php\/wp-json\/wp\/v2\/media\/81766"}],"wp:attachment":[{"href":"https:\/\/fuentesfidedignas.com.mx\/index.php\/wp-json\/wp\/v2\/media?parent=81767"}],"wp:term":[{"taxonomy":"category","embeddable":true,"href":"https:\/\/fuentesfidedignas.com.mx\/index.php\/wp-json\/wp\/v2\/categories?post=81767"},{"taxonomy":"post_tag","embeddable":true,"href":"https:\/\/fuentesfidedignas.com.mx\/index.php\/wp-json\/wp\/v2\/tags?post=81767"}],"curies":[{"name":"wp","href":"https:\/\/api.w.org\/{rel}","templated":true}]}}